{"id":6012,"date":"2023-06-11T17:29:03","date_gmt":"2023-06-11T15:29:03","guid":{"rendered":"http:\/\/www.cope.es\/blogs\/cine-y-libertad\/?p=6012"},"modified":"2023-06-11T17:33:19","modified_gmt":"2023-06-11T15:33:19","slug":"el-maestro-jardinero-la-redencion-con-esperanza-a-pesar-de-la-polemica","status":"publish","type":"post","link":"https:\/\/www.cope.es\/blogs\/cine-y-libertad\/2023\/06\/11\/el-maestro-jardinero-la-redencion-con-esperanza-a-pesar-de-la-polemica\/","title":{"rendered":"El maestro jardinero-La redenci\u00f3n con esperanza, a pesar de la pol\u00e9mica"},"content":{"rendered":"<p><a href=\"https:\/\/www.ivoox.com\/maestro-jardinero-la-redencion-esperanza-a-pesar-audios-mp3_rf_110169880_1.html\">El maestro jardinero-La redenci\u00f3n con esperanza, a pesar de la pol\u00e9mica<\/a>. \u00bfEs posible la reinserci\u00f3n en la sociedad?<\/p>\n<p>Puedes escuchar mi comentario&#8230;<\/p>\n<p><img loading=\"lazy\" decoding=\"async\" width=\"300\" height=\"150\" class=\"alignnone size-medium wp-image-6013\" src=\"http:\/\/www.cope.es\/blogs\/cine-y-libertad\/wp-content\/uploads\/sites\/7\/2023\/06\/el-maestro-jardinero-300x150.jpg\" alt=\"\" srcset=\"https:\/\/www.cope.es\/blogs\/cine-y-libertad\/wp-content\/uploads\/sites\/7\/2023\/06\/el-maestro-jardinero-300x150.jpg 300w, https:\/\/www.cope.es\/blogs\/cine-y-libertad\/wp-content\/uploads\/sites\/7\/2023\/06\/el-maestro-jardinero-1024x513.jpg 1024w, https:\/\/www.cope.es\/blogs\/cine-y-libertad\/wp-content\/uploads\/sites\/7\/2023\/06\/el-maestro-jardinero-768x385.jpg 768w, https:\/\/www.cope.es\/blogs\/cine-y-libertad\/wp-content\/uploads\/sites\/7\/2023\/06\/el-maestro-jardinero.jpg 1200w\" sizes=\"auto, (max-width: 300px) 100vw, 300px\" \/><\/p>\n<audio class=\"wp-audio-shortcode\" id=\"audio-6012-1\" preload=\"none\" style=\"width: 100%;\" controls=\"controls\"><source type=\"audio\/mpeg\" src=\"https:\/\/www.ivoox.com\/maestro-jardinero-la-redencion-esperanza-a-pesar_md_110169880_wp_1.mp3?_=1\" \/><a href=\"https:\/\/www.ivoox.com\/maestro-jardinero-la-redencion-esperanza-a-pesar_md_110169880_wp_1.mp3\">https:\/\/www.ivoox.com\/maestro-jardinero-la-redencion-esperanza-a-pesar_md_110169880_wp_1.mp3<\/a><\/audio>\n<p><a title=\"El maestro jardinero-La redenci\u00f3n con esperanza, a pesar de la pol\u00e9mica\" href=\"https:\/\/go.ivoox.com\/rf\/110169880\">Ir a descargar<\/a><\/p>\n<p><strong>Esta es la sinopsis oficial de\u2026<a href=\"https:\/\/www.ivoox.com\/maestro-jardinero-la-redencion-esperanza-a-pesar-audios-mp3_rf_110169880_1.html\">El maestro jardinero-La redenci\u00f3n con esperanza, a pesar de la pol\u00e9mica<\/a>:<\/strong><\/p>\n<p>Narvel Roth (Joel Edgerton) es el meticuloso horticultor de Gracewood Gardens. Est\u00e1 tan dedicado a cuidar los jardines de esta maravillosa e hist\u00f3rica finca como a complacer a su jefa, la rica viuda Sra. Havernhill (Sigourney Weaver). Pero el caos se apodera de la ordenada existencia de Narvel cuando la Sra. Haverhill le exige que tome como aprendiz a su rebelde y problem\u00e1tica sobrina nieta Maya (Quintessa Swindell). Esta nueva situaci\u00f3n va a sacar a la luz oscuros secretos de un pasado violento que tambi\u00e9n es una amenaza para todo.<\/p>\n<p>Por otra parte, no es la primera vez en la que este actor participa en una pel\u00edcula con un guion oscuro como ocurri\u00f3 en <a href=\"https:\/\/www.ivoox.com\/gorrion-rojo-los-servicios-secretos-rusos-utilizando-a-las-audios-mp3_rf_24189808_1.html\">Gorri\u00f3n rojo<\/a>&#8230;<\/p>\n<p><img loading=\"lazy\" decoding=\"async\" width=\"300\" height=\"200\" class=\"alignnone size-medium wp-image-6015\" src=\"http:\/\/www.cope.es\/blogs\/cine-y-libertad\/wp-content\/uploads\/sites\/7\/2023\/06\/gorrion-rojo_105172-300x200.jpg\" alt=\"\" srcset=\"https:\/\/www.cope.es\/blogs\/cine-y-libertad\/wp-content\/uploads\/sites\/7\/2023\/06\/gorrion-rojo_105172-300x200.jpg 300w, https:\/\/www.cope.es\/blogs\/cine-y-libertad\/wp-content\/uploads\/sites\/7\/2023\/06\/gorrion-rojo_105172-768x513.jpg 768w, https:\/\/www.cope.es\/blogs\/cine-y-libertad\/wp-content\/uploads\/sites\/7\/2023\/06\/gorrion-rojo_105172-408x272.jpg 408w, https:\/\/www.cope.es\/blogs\/cine-y-libertad\/wp-content\/uploads\/sites\/7\/2023\/06\/gorrion-rojo_105172.jpg 1000w\" sizes=\"auto, (max-width: 300px) 100vw, 300px\" \/><\/p>\n<p>Puedes escuchar mi comentario de <span class=\"fe5nidar khvhiq1o r5qsrrlp i5tg98hk f9ovudaz przvwfww gx1rr48f gfz4du6o r7fjleex nz2484kf svot0ezm dcnh1tix sxl192xd t3g6t33p\"><span class=\"mpj7bzys xzlurrtv\"><img decoding=\"async\" class=\"emoji\" src=\"https:\/\/s.w.org\/images\/core\/emoji\/13.0.1\/svg\/1f399.svg\" alt=\"\ud83c\udf99\ufe0f\" \/><\/span><\/span>en\u00a0<span class=\"fe5nidar khvhiq1o r5qsrrlp i5tg98hk f9ovudaz przvwfww gx1rr48f gfz4du6o r7fjleex nz2484kf svot0ezm dcnh1tix sxl192xd t3g6t33p\"><span class=\"mpj7bzys xzlurrtv\"><img decoding=\"async\" class=\"emoji\" src=\"https:\/\/s.w.org\/images\/core\/emoji\/13.0.1\/svg\/1f4fb.svg\" alt=\"\ud83d\udcfb\" \/><\/span><\/span>\u2026<a href=\"https:\/\/www.ivoox.com\/gorrion-rojo-los-servicios-secretos-rusos-utilizando-a-las-audios-mp3_rf_24189808_1.html\">Gorri\u00f3n rojo-Los servicios secretos rusos utilizando a las mujeres<\/a>:<\/p>\n<p>Dominika Egorova es una esp\u00eda rusa que tras contactar con un agente de la CIA, empezar\u00e1 a sentirse fuertemente atra\u00edda hacia \u00e9l&#8230; hasta el punto de hacerle dudar de sus lealtades y que se plantee el convertirse en una agente doble.<\/p>\n<div class=\"et_pb_column et_pb_column_3_5 et_pb_column_5 et_pb_css_mix_blend_mode_passthrough\">\n<div class=\"et_pb_module et_pb_text et_pb_text_3 et_pb_text_align_left et_pb_bg_layout_light et_had_animation\">\n<div class=\"et_pb_text_inner\">\n<p><a href=\"https:\/\/www.ivoox.com\/podcast-cine-libertad_sq_f121636_1.html\">V\u00edctor Alvarado<\/a><\/p>\n<\/div>\n<\/div>\n<\/div>\n<p>Instagram:<a href=\"https:\/\/www.instagram.com\/cineylibertad\/\">https:\/\/www.instagram.com\/cineylibertad\/<\/a><\/p>\n<p>Facebook:\u00a0<a href=\"https:\/\/www.facebook.com\/victor.alvarado.56829446\" target=\"_blank\">https:\/\/www.facebook.com\/victor.alvarado.56829446<\/a><\/p>\n<p>Twitter:<span class=\"r-18u37iz\"><a class=\"css-4rbku5 css-18t94o4 css-901oao css-16my406 r-1n1174f r-1loqt21 r-poiln3 r-bcqeeo r-qvutc0\" href=\"https:\/\/twitter.com\/cineylibertad\">@cineylibertad<\/a><\/span><\/p>\n","protected":false},"excerpt":{"rendered":"<p>El maestro jardinero-La redenci\u00f3n con esperanza, a pesar de la pol\u00e9mica. \u00bfEs posible la reinserci\u00f3n en la sociedad? Puedes escuchar mi comentario&#8230; Ir a descargar Esta es la sinopsis oficial de\u2026El maestro jardinero-La redenci\u00f3n con esperanza, a pesar de la pol\u00e9mica: Narvel Roth (Joel Edgerton) es el meticuloso horticultor de Gracewood Gardens. Est\u00e1 tan dedicado [&hellip;]<\/p>\n","protected":false},"author":7,"featured_media":6013,"comment_status":"open","ping_status":"open","sticky":false,"template":"","format":"standard","meta":{"footnotes":""},"categories":[3,17,134,84],"tags":[2428,2433,2431,2429,2430,2432,223,1936,949,2434],"class_list":["post-6012","post","type-post","status-publish","format-standard","has-post-thumbnail","hentry","category-cine","category-hollywood","category-racismo","category-thriller","tag-el-maestro-jardinero","tag-esai-morales","tag-joel-edgerton","tag-master-gardener","tag-paul-schrader","tag-quintessa-swindell","tag-redencion","tag-sigourney-weaver","tag-thriller","tag-victoria-hill"],"yoast_head":"<!-- This site is optimized with the Yoast SEO plugin v27.4 - https:\/\/yoast.com\/product\/yoast-seo-wordpress\/ -->\n<title>El maestro jardinero-La redenci\u00f3n con esperanza, a pesar de la pol\u00e9mica<\/title>\n<meta name=\"description\" content=\"El maestro jardinero-La redenci\u00f3n con esperanza, a pesar de la pol\u00e9mica. \u00bfEs posible la reinserci\u00f3n en la sociedad? El maestro jardinero-La redenci\u00f3n\" \/>\n<meta name=\"robots\" content=\"index, follow, max-snippet:-1, max-image-preview:large, max-video-preview:-1\" \/>\n<link rel=\"canonical\" href=\"https:\/\/www.cope.es\/blogs\/cine-y-libertad\/2023\/06\/11\/el-maestro-jardinero-la-redencion-con-esperanza-a-pesar-de-la-polemica\/\" \/>\n<meta property=\"og:locale\" content=\"es_ES\" \/>\n<meta property=\"og:type\" content=\"article\" \/>\n<meta property=\"og:title\" content=\"El maestro jardinero-La redenci\u00f3n con esperanza, a pesar de la pol\u00e9mica\" \/>\n<meta property=\"og:description\" content=\"El maestro jardinero-La redenci\u00f3n con esperanza, a pesar de la pol\u00e9mica. \u00bfEs posible la reinserci\u00f3n en la sociedad? El maestro jardinero-La redenci\u00f3n\" \/>\n<meta property=\"og:url\" content=\"https:\/\/www.cope.es\/blogs\/cine-y-libertad\/2023\/06\/11\/el-maestro-jardinero-la-redencion-con-esperanza-a-pesar-de-la-polemica\/\" \/>\n<meta property=\"og:site_name\" content=\"Cine y Libertad\" \/>\n<meta property=\"article:publisher\" content=\"https:\/\/www.facebook.com\/cope\/\" \/>\n<meta property=\"article:author\" content=\"https:\/\/www.facebook.com\/victor.alvarado.56829446\" \/>\n<meta property=\"article:published_time\" content=\"2023-06-11T15:29:03+00:00\" \/>\n<meta property=\"article:modified_time\" content=\"2023-06-11T15:33:19+00:00\" \/>\n<meta property=\"og:image\" content=\"https:\/\/www.cope.es\/blogs\/cine-y-libertad\/wp-content\/uploads\/sites\/7\/2023\/06\/el-maestro-jardinero.jpg\" \/>\n\t<meta property=\"og:image:width\" content=\"1200\" \/>\n\t<meta property=\"og:image:height\" content=\"601\" \/>\n\t<meta property=\"og:image:type\" content=\"image\/jpeg\" \/>\n<meta name=\"author\" content=\"V\u00edctor Alvarado\" \/>\n<meta name=\"twitter:card\" content=\"summary_large_image\" \/>\n<meta name=\"twitter:creator\" content=\"@cineylibertad\" \/>\n<meta name=\"twitter:site\" content=\"@cope_es\" \/>\n<meta name=\"twitter:label1\" content=\"Escrito por\" \/>\n\t<meta name=\"twitter:data1\" content=\"V\u00edctor Alvarado\" \/>\n\t<meta name=\"twitter:label2\" content=\"Tiempo de lectura\" \/>\n\t<meta name=\"twitter:data2\" content=\"1 minuto\" \/>\n<script type=\"application\/ld+json\" class=\"yoast-schema-graph\">{\"@context\":\"https:\\\/\\\/schema.org\",\"@graph\":[{\"@type\":\"Article\",\"@id\":\"https:\\\/\\\/www.cope.es\\\/blogs\\\/cine-y-libertad\\\/2023\\\/06\\\/11\\\/el-maestro-jardinero-la-redencion-con-esperanza-a-pesar-de-la-polemica\\\/#article\",\"isPartOf\":{\"@id\":\"https:\\\/\\\/www.cope.es\\\/blogs\\\/cine-y-libertad\\\/2023\\\/06\\\/11\\\/el-maestro-jardinero-la-redencion-con-esperanza-a-pesar-de-la-polemica\\\/\"},\"author\":{\"name\":\"V\u00edctor Alvarado\",\"@id\":\"https:\\\/\\\/www.cope.es\\\/blogs\\\/cine-y-libertad\\\/#\\\/schema\\\/person\\\/c95904a4fbf751a8d9124f8fa8bdaace\"},\"headline\":\"El maestro jardinero-La redenci\u00f3n con esperanza, a pesar de la pol\u00e9mica\",\"datePublished\":\"2023-06-11T15:29:03+00:00\",\"dateModified\":\"2023-06-11T15:33:19+00:00\",\"mainEntityOfPage\":{\"@id\":\"https:\\\/\\\/www.cope.es\\\/blogs\\\/cine-y-libertad\\\/2023\\\/06\\\/11\\\/el-maestro-jardinero-la-redencion-con-esperanza-a-pesar-de-la-polemica\\\/\"},\"wordCount\":269,\"commentCount\":0,\"image\":{\"@id\":\"https:\\\/\\\/www.cope.es\\\/blogs\\\/cine-y-libertad\\\/2023\\\/06\\\/11\\\/el-maestro-jardinero-la-redencion-con-esperanza-a-pesar-de-la-polemica\\\/#primaryimage\"},\"thumbnailUrl\":\"https:\\\/\\\/www.cope.es\\\/blogs\\\/cine-y-libertad\\\/wp-content\\\/uploads\\\/sites\\\/7\\\/2023\\\/06\\\/el-maestro-jardinero.jpg\",\"keywords\":[\"el maestro jardinero\",\"Esai Morales\",\"Joel Edgerton\",\"Master Gardener\",\"Paul Schrader\",\"Quintessa Swindell\",\"redenci\u00f3n\",\"Sigourney Weaver\",\"thriller\",\"Victoria Hill .\"],\"articleSection\":[\"cine\",\"Hollywood\",\"racismo\",\"thriller\"],\"inLanguage\":\"es\",\"potentialAction\":[{\"@type\":\"CommentAction\",\"name\":\"Comment\",\"target\":[\"https:\\\/\\\/www.cope.es\\\/blogs\\\/cine-y-libertad\\\/2023\\\/06\\\/11\\\/el-maestro-jardinero-la-redencion-con-esperanza-a-pesar-de-la-polemica\\\/#respond\"]}]},{\"@type\":\"WebPage\",\"@id\":\"https:\\\/\\\/www.cope.es\\\/blogs\\\/cine-y-libertad\\\/2023\\\/06\\\/11\\\/el-maestro-jardinero-la-redencion-con-esperanza-a-pesar-de-la-polemica\\\/\",\"url\":\"https:\\\/\\\/www.cope.es\\\/blogs\\\/cine-y-libertad\\\/2023\\\/06\\\/11\\\/el-maestro-jardinero-la-redencion-con-esperanza-a-pesar-de-la-polemica\\\/\",\"name\":\"El maestro jardinero-La redenci\u00f3n con esperanza, a pesar de la pol\u00e9mica\",\"isPartOf\":{\"@id\":\"https:\\\/\\\/www.cope.es\\\/blogs\\\/cine-y-libertad\\\/#website\"},\"primaryImageOfPage\":{\"@id\":\"https:\\\/\\\/www.cope.es\\\/blogs\\\/cine-y-libertad\\\/2023\\\/06\\\/11\\\/el-maestro-jardinero-la-redencion-con-esperanza-a-pesar-de-la-polemica\\\/#primaryimage\"},\"image\":{\"@id\":\"https:\\\/\\\/www.cope.es\\\/blogs\\\/cine-y-libertad\\\/2023\\\/06\\\/11\\\/el-maestro-jardinero-la-redencion-con-esperanza-a-pesar-de-la-polemica\\\/#primaryimage\"},\"thumbnailUrl\":\"https:\\\/\\\/www.cope.es\\\/blogs\\\/cine-y-libertad\\\/wp-content\\\/uploads\\\/sites\\\/7\\\/2023\\\/06\\\/el-maestro-jardinero.jpg\",\"datePublished\":\"2023-06-11T15:29:03+00:00\",\"dateModified\":\"2023-06-11T15:33:19+00:00\",\"author\":{\"@id\":\"https:\\\/\\\/www.cope.es\\\/blogs\\\/cine-y-libertad\\\/#\\\/schema\\\/person\\\/c95904a4fbf751a8d9124f8fa8bdaace\"},\"description\":\"El maestro jardinero-La redenci\u00f3n con esperanza, a pesar de la pol\u00e9mica. \u00bfEs posible la reinserci\u00f3n en la sociedad? El maestro jardinero-La redenci\u00f3n\",\"breadcrumb\":{\"@id\":\"https:\\\/\\\/www.cope.es\\\/blogs\\\/cine-y-libertad\\\/2023\\\/06\\\/11\\\/el-maestro-jardinero-la-redencion-con-esperanza-a-pesar-de-la-polemica\\\/#breadcrumb\"},\"inLanguage\":\"es\",\"potentialAction\":[{\"@type\":\"ReadAction\",\"target\":[\"https:\\\/\\\/www.cope.es\\\/blogs\\\/cine-y-libertad\\\/2023\\\/06\\\/11\\\/el-maestro-jardinero-la-redencion-con-esperanza-a-pesar-de-la-polemica\\\/\"]}]},{\"@type\":\"ImageObject\",\"inLanguage\":\"es\",\"@id\":\"https:\\\/\\\/www.cope.es\\\/blogs\\\/cine-y-libertad\\\/2023\\\/06\\\/11\\\/el-maestro-jardinero-la-redencion-con-esperanza-a-pesar-de-la-polemica\\\/#primaryimage\",\"url\":\"https:\\\/\\\/www.cope.es\\\/blogs\\\/cine-y-libertad\\\/wp-content\\\/uploads\\\/sites\\\/7\\\/2023\\\/06\\\/el-maestro-jardinero.jpg\",\"contentUrl\":\"https:\\\/\\\/www.cope.es\\\/blogs\\\/cine-y-libertad\\\/wp-content\\\/uploads\\\/sites\\\/7\\\/2023\\\/06\\\/el-maestro-jardinero.jpg\",\"width\":1200,\"height\":601},{\"@type\":\"BreadcrumbList\",\"@id\":\"https:\\\/\\\/www.cope.es\\\/blogs\\\/cine-y-libertad\\\/2023\\\/06\\\/11\\\/el-maestro-jardinero-la-redencion-con-esperanza-a-pesar-de-la-polemica\\\/#breadcrumb\",\"itemListElement\":[{\"@type\":\"ListItem\",\"position\":1,\"name\":\"Portada\",\"item\":\"https:\\\/\\\/www.cope.es\\\/blogs\\\/cine-y-libertad\\\/\"},{\"@type\":\"ListItem\",\"position\":2,\"name\":\"El maestro jardinero-La redenci\u00f3n con esperanza, a pesar de la pol\u00e9mica\"}]},{\"@type\":\"WebSite\",\"@id\":\"https:\\\/\\\/www.cope.es\\\/blogs\\\/cine-y-libertad\\\/#website\",\"url\":\"https:\\\/\\\/www.cope.es\\\/blogs\\\/cine-y-libertad\\\/\",\"name\":\"Cine y Libertad\",\"description\":\"Cine y Libertad un blog de COPE\",\"potentialAction\":[{\"@type\":\"SearchAction\",\"target\":{\"@type\":\"EntryPoint\",\"urlTemplate\":\"https:\\\/\\\/www.cope.es\\\/blogs\\\/cine-y-libertad\\\/?s={search_term_string}\"},\"query-input\":{\"@type\":\"PropertyValueSpecification\",\"valueRequired\":true,\"valueName\":\"search_term_string\"}}],\"inLanguage\":\"es\"},{\"@type\":\"Person\",\"@id\":\"https:\\\/\\\/www.cope.es\\\/blogs\\\/cine-y-libertad\\\/#\\\/schema\\\/person\\\/c95904a4fbf751a8d9124f8fa8bdaace\",\"name\":\"V\u00edctor Alvarado\",\"image\":{\"@type\":\"ImageObject\",\"inLanguage\":\"es\",\"@id\":\"https:\\\/\\\/secure.gravatar.com\\\/avatar\\\/db4634ae2001f7f920b8294d926f3e737ada04196e014ebacae29a4848f905f4?s=96&d=mm&r=g\",\"url\":\"https:\\\/\\\/secure.gravatar.com\\\/avatar\\\/db4634ae2001f7f920b8294d926f3e737ada04196e014ebacae29a4848f905f4?s=96&d=mm&r=g\",\"contentUrl\":\"https:\\\/\\\/secure.gravatar.com\\\/avatar\\\/db4634ae2001f7f920b8294d926f3e737ada04196e014ebacae29a4848f905f4?s=96&d=mm&r=g\",\"caption\":\"V\u00edctor Alvarado\"},\"description\":\"V\u00edctor Alvarado tiene una larga experiencia tanto en medios de comunicaci\u00f3n como en educaci\u00f3n. Dirige el programa de radio, Directo a las Estrellas, en Intereconom\u00eda (Castilla y Le\u00f3n) y Informa Radio en toda Espa\u00f1a. Ha colaborado en Radio Inter y Esradio. Cr\u00edtico de cine en Pantalla 90, Diario Ya y P\u00e1ginas Digital. Es miembro del CEC. Es el autor de libro: La fe, la \u00e9tica y los valores de los superh\u00e9roes (PPC). Esta es su web: www.cineylibertad.com y, por supuesto, lleva m\u00e1s de 5 a\u00f1os como bloguero de Cope, donde analiza el cine, los c\u00f3mics y los libros desde una \u00f3ptica antropol\u00f3gica y axiol\u00f3gica, atendiendo a todas las dimensiones del ser humano.\",\"sameAs\":[\"http:\\\/\\\/www.cineylibertad.com\",\"https:\\\/\\\/www.facebook.com\\\/victor.alvarado.56829446\",\"https:\\\/\\\/www.instagram.com\\\/cineylibertad\\\/\",\"https:\\\/\\\/x.com\\\/cineylibertad\"],\"url\":\"https:\\\/\\\/www.cope.es\\\/blogs\\\/cine-y-libertad\\\/author\\\/valvarado\\\/\"}]}<\/script>\n<!-- \/ Yoast SEO plugin. -->","yoast_head_json":{"title":"El maestro jardinero-La redenci\u00f3n con esperanza, a pesar de la pol\u00e9mica","description":"El maestro jardinero-La redenci\u00f3n con esperanza, a pesar de la pol\u00e9mica. \u00bfEs posible la reinserci\u00f3n en la sociedad? El maestro jardinero-La redenci\u00f3n","robots":{"index":"index","follow":"follow","max-snippet":"max-snippet:-1","max-image-preview":"max-image-preview:large","max-video-preview":"max-video-preview:-1"},"canonical":"https:\/\/www.cope.es\/blogs\/cine-y-libertad\/2023\/06\/11\/el-maestro-jardinero-la-redencion-con-esperanza-a-pesar-de-la-polemica\/","og_locale":"es_ES","og_type":"article","og_title":"El maestro jardinero-La redenci\u00f3n con esperanza, a pesar de la pol\u00e9mica","og_description":"El maestro jardinero-La redenci\u00f3n con esperanza, a pesar de la pol\u00e9mica. \u00bfEs posible la reinserci\u00f3n en la sociedad? El maestro jardinero-La redenci\u00f3n","og_url":"https:\/\/www.cope.es\/blogs\/cine-y-libertad\/2023\/06\/11\/el-maestro-jardinero-la-redencion-con-esperanza-a-pesar-de-la-polemica\/","og_site_name":"Cine y Libertad","article_publisher":"https:\/\/www.facebook.com\/cope\/","article_author":"https:\/\/www.facebook.com\/victor.alvarado.56829446","article_published_time":"2023-06-11T15:29:03+00:00","article_modified_time":"2023-06-11T15:33:19+00:00","og_image":[{"width":1200,"height":601,"url":"https:\/\/www.cope.es\/blogs\/cine-y-libertad\/wp-content\/uploads\/sites\/7\/2023\/06\/el-maestro-jardinero.jpg","type":"image\/jpeg"}],"author":"V\u00edctor Alvarado","twitter_card":"summary_large_image","twitter_creator":"@cineylibertad","twitter_site":"@cope_es","twitter_misc":{"Escrito por":"V\u00edctor Alvarado","Tiempo de lectura":"1 minuto"},"schema":{"@context":"https:\/\/schema.org","@graph":[{"@type":"Article","@id":"https:\/\/www.cope.es\/blogs\/cine-y-libertad\/2023\/06\/11\/el-maestro-jardinero-la-redencion-con-esperanza-a-pesar-de-la-polemica\/#article","isPartOf":{"@id":"https:\/\/www.cope.es\/blogs\/cine-y-libertad\/2023\/06\/11\/el-maestro-jardinero-la-redencion-con-esperanza-a-pesar-de-la-polemica\/"},"author":{"name":"V\u00edctor Alvarado","@id":"https:\/\/www.cope.es\/blogs\/cine-y-libertad\/#\/schema\/person\/c95904a4fbf751a8d9124f8fa8bdaace"},"headline":"El maestro jardinero-La redenci\u00f3n con esperanza, a pesar de la pol\u00e9mica","datePublished":"2023-06-11T15:29:03+00:00","dateModified":"2023-06-11T15:33:19+00:00","mainEntityOfPage":{"@id":"https:\/\/www.cope.es\/blogs\/cine-y-libertad\/2023\/06\/11\/el-maestro-jardinero-la-redencion-con-esperanza-a-pesar-de-la-polemica\/"},"wordCount":269,"commentCount":0,"image":{"@id":"https:\/\/www.cope.es\/blogs\/cine-y-libertad\/2023\/06\/11\/el-maestro-jardinero-la-redencion-con-esperanza-a-pesar-de-la-polemica\/#primaryimage"},"thumbnailUrl":"https:\/\/www.cope.es\/blogs\/cine-y-libertad\/wp-content\/uploads\/sites\/7\/2023\/06\/el-maestro-jardinero.jpg","keywords":["el maestro jardinero","Esai Morales","Joel Edgerton","Master Gardener","Paul Schrader","Quintessa Swindell","redenci\u00f3n","Sigourney Weaver","thriller","Victoria Hill ."],"articleSection":["cine","Hollywood","racismo","thriller"],"inLanguage":"es","potentialAction":[{"@type":"CommentAction","name":"Comment","target":["https:\/\/www.cope.es\/blogs\/cine-y-libertad\/2023\/06\/11\/el-maestro-jardinero-la-redencion-con-esperanza-a-pesar-de-la-polemica\/#respond"]}]},{"@type":"WebPage","@id":"https:\/\/www.cope.es\/blogs\/cine-y-libertad\/2023\/06\/11\/el-maestro-jardinero-la-redencion-con-esperanza-a-pesar-de-la-polemica\/","url":"https:\/\/www.cope.es\/blogs\/cine-y-libertad\/2023\/06\/11\/el-maestro-jardinero-la-redencion-con-esperanza-a-pesar-de-la-polemica\/","name":"El maestro jardinero-La redenci\u00f3n con esperanza, a pesar de la pol\u00e9mica","isPartOf":{"@id":"https:\/\/www.cope.es\/blogs\/cine-y-libertad\/#website"},"primaryImageOfPage":{"@id":"https:\/\/www.cope.es\/blogs\/cine-y-libertad\/2023\/06\/11\/el-maestro-jardinero-la-redencion-con-esperanza-a-pesar-de-la-polemica\/#primaryimage"},"image":{"@id":"https:\/\/www.cope.es\/blogs\/cine-y-libertad\/2023\/06\/11\/el-maestro-jardinero-la-redencion-con-esperanza-a-pesar-de-la-polemica\/#primaryimage"},"thumbnailUrl":"https:\/\/www.cope.es\/blogs\/cine-y-libertad\/wp-content\/uploads\/sites\/7\/2023\/06\/el-maestro-jardinero.jpg","datePublished":"2023-06-11T15:29:03+00:00","dateModified":"2023-06-11T15:33:19+00:00","author":{"@id":"https:\/\/www.cope.es\/blogs\/cine-y-libertad\/#\/schema\/person\/c95904a4fbf751a8d9124f8fa8bdaace"},"description":"El maestro jardinero-La redenci\u00f3n con esperanza, a pesar de la pol\u00e9mica. \u00bfEs posible la reinserci\u00f3n en la sociedad? El maestro jardinero-La redenci\u00f3n","breadcrumb":{"@id":"https:\/\/www.cope.es\/blogs\/cine-y-libertad\/2023\/06\/11\/el-maestro-jardinero-la-redencion-con-esperanza-a-pesar-de-la-polemica\/#breadcrumb"},"inLanguage":"es","potentialAction":[{"@type":"ReadAction","target":["https:\/\/www.cope.es\/blogs\/cine-y-libertad\/2023\/06\/11\/el-maestro-jardinero-la-redencion-con-esperanza-a-pesar-de-la-polemica\/"]}]},{"@type":"ImageObject","inLanguage":"es","@id":"https:\/\/www.cope.es\/blogs\/cine-y-libertad\/2023\/06\/11\/el-maestro-jardinero-la-redencion-con-esperanza-a-pesar-de-la-polemica\/#primaryimage","url":"https:\/\/www.cope.es\/blogs\/cine-y-libertad\/wp-content\/uploads\/sites\/7\/2023\/06\/el-maestro-jardinero.jpg","contentUrl":"https:\/\/www.cope.es\/blogs\/cine-y-libertad\/wp-content\/uploads\/sites\/7\/2023\/06\/el-maestro-jardinero.jpg","width":1200,"height":601},{"@type":"BreadcrumbList","@id":"https:\/\/www.cope.es\/blogs\/cine-y-libertad\/2023\/06\/11\/el-maestro-jardinero-la-redencion-con-esperanza-a-pesar-de-la-polemica\/#breadcrumb","itemListElement":[{"@type":"ListItem","position":1,"name":"Portada","item":"https:\/\/www.cope.es\/blogs\/cine-y-libertad\/"},{"@type":"ListItem","position":2,"name":"El maestro jardinero-La redenci\u00f3n con esperanza, a pesar de la pol\u00e9mica"}]},{"@type":"WebSite","@id":"https:\/\/www.cope.es\/blogs\/cine-y-libertad\/#website","url":"https:\/\/www.cope.es\/blogs\/cine-y-libertad\/","name":"Cine y Libertad","description":"Cine y Libertad un blog de COPE","potentialAction":[{"@type":"SearchAction","target":{"@type":"EntryPoint","urlTemplate":"https:\/\/www.cope.es\/blogs\/cine-y-libertad\/?s={search_term_string}"},"query-input":{"@type":"PropertyValueSpecification","valueRequired":true,"valueName":"search_term_string"}}],"inLanguage":"es"},{"@type":"Person","@id":"https:\/\/www.cope.es\/blogs\/cine-y-libertad\/#\/schema\/person\/c95904a4fbf751a8d9124f8fa8bdaace","name":"V\u00edctor Alvarado","image":{"@type":"ImageObject","inLanguage":"es","@id":"https:\/\/secure.gravatar.com\/avatar\/db4634ae2001f7f920b8294d926f3e737ada04196e014ebacae29a4848f905f4?s=96&d=mm&r=g","url":"https:\/\/secure.gravatar.com\/avatar\/db4634ae2001f7f920b8294d926f3e737ada04196e014ebacae29a4848f905f4?s=96&d=mm&r=g","contentUrl":"https:\/\/secure.gravatar.com\/avatar\/db4634ae2001f7f920b8294d926f3e737ada04196e014ebacae29a4848f905f4?s=96&d=mm&r=g","caption":"V\u00edctor Alvarado"},"description":"V\u00edctor Alvarado tiene una larga experiencia tanto en medios de comunicaci\u00f3n como en educaci\u00f3n. Dirige el programa de radio, Directo a las Estrellas, en Intereconom\u00eda (Castilla y Le\u00f3n) y Informa Radio en toda Espa\u00f1a. Ha colaborado en Radio Inter y Esradio. Cr\u00edtico de cine en Pantalla 90, Diario Ya y P\u00e1ginas Digital. Es miembro del CEC. Es el autor de libro: La fe, la \u00e9tica y los valores de los superh\u00e9roes (PPC). Esta es su web: www.cineylibertad.com y, por supuesto, lleva m\u00e1s de 5 a\u00f1os como bloguero de Cope, donde analiza el cine, los c\u00f3mics y los libros desde una \u00f3ptica antropol\u00f3gica y axiol\u00f3gica, atendiendo a todas las dimensiones del ser humano.","sameAs":["http:\/\/www.cineylibertad.com","https:\/\/www.facebook.com\/victor.alvarado.56829446","https:\/\/www.instagram.com\/cineylibertad\/","https:\/\/x.com\/cineylibertad"],"url":"https:\/\/www.cope.es\/blogs\/cine-y-libertad\/author\/valvarado\/"}]}},"amp_enabled":true,"_links":{"self":[{"href":"https:\/\/www.cope.es\/blogs\/cine-y-libertad\/wp-json\/wp\/v2\/posts\/6012","targetHints":{"allow":["GET"]}}],"collection":[{"href":"https:\/\/www.cope.es\/blogs\/cine-y-libertad\/wp-json\/wp\/v2\/posts"}],"about":[{"href":"https:\/\/www.cope.es\/blogs\/cine-y-libertad\/wp-json\/wp\/v2\/types\/post"}],"author":[{"embeddable":true,"href":"https:\/\/www.cope.es\/blogs\/cine-y-libertad\/wp-json\/wp\/v2\/users\/7"}],"replies":[{"embeddable":true,"href":"https:\/\/www.cope.es\/blogs\/cine-y-libertad\/wp-json\/wp\/v2\/comments?post=6012"}],"version-history":[{"count":2,"href":"https:\/\/www.cope.es\/blogs\/cine-y-libertad\/wp-json\/wp\/v2\/posts\/6012\/revisions"}],"predecessor-version":[{"id":6016,"href":"https:\/\/www.cope.es\/blogs\/cine-y-libertad\/wp-json\/wp\/v2\/posts\/6012\/revisions\/6016"}],"wp:featuredmedia":[{"embeddable":true,"href":"https:\/\/www.cope.es\/blogs\/cine-y-libertad\/wp-json\/wp\/v2\/media\/6013"}],"wp:attachment":[{"href":"https:\/\/www.cope.es\/blogs\/cine-y-libertad\/wp-json\/wp\/v2\/media?parent=6012"}],"wp:term":[{"taxonomy":"category","embeddable":true,"href":"https:\/\/www.cope.es\/blogs\/cine-y-libertad\/wp-json\/wp\/v2\/categories?post=6012"},{"taxonomy":"post_tag","embeddable":true,"href":"https:\/\/www.cope.es\/blogs\/cine-y-libertad\/wp-json\/wp\/v2\/tags?post=6012"}],"curies":[{"name":"wp","href":"https:\/\/api.w.org\/{rel}","templated":true}]}}