{"id":5448,"date":"2023-03-28T11:41:23","date_gmt":"2023-03-28T09:41:23","guid":{"rendered":"http:\/\/www.cope.es\/blogs\/cine-y-libertad\/?p=5448"},"modified":"2023-03-28T11:42:16","modified_gmt":"2023-03-28T09:42:16","slug":"el-hombre-submarinoprofundidades-marvel-con-aroma-a-ridley-scott","status":"publish","type":"post","link":"https:\/\/www.cope.es\/blogs\/cine-y-libertad\/2023\/03\/28\/el-hombre-submarinoprofundidades-marvel-con-aroma-a-ridley-scott\/","title":{"rendered":"El hombre submarino: Profundidades-Marvel con aroma a Ridley Scott"},"content":{"rendered":"<p><a href=\"https:\/\/www.ivoox.com\/hombre-submarino-profundidades-marvel-aroma-a-ridley-audios-mp3_rf_105249605_1.html\">El hombre submarino: Profundidades-Marvel con aroma a Ridley Scott<\/a>. \u00bfPuede un c\u00f3mic hacer referencia a grandes autores como H G Wells o Aldous Huxley? \u00bfLa \u00e9tica y la ciencia debe ir de la mano?<\/p>\n<p>Aqu\u00ed puedes escuchar mi comentario&#8230;<\/p>\n<p><img loading=\"lazy\" decoding=\"async\" width=\"225\" height=\"225\" class=\"alignnone size-full wp-image-5488\" src=\"http:\/\/www.cope.es\/blogs\/cine-y-libertad\/wp-content\/uploads\/sites\/7\/2023\/03\/el-hombe-submanrino.jpg\" alt=\"\" srcset=\"https:\/\/www.cope.es\/blogs\/cine-y-libertad\/wp-content\/uploads\/sites\/7\/2023\/03\/el-hombe-submanrino.jpg 225w, https:\/\/www.cope.es\/blogs\/cine-y-libertad\/wp-content\/uploads\/sites\/7\/2023\/03\/el-hombe-submanrino-150x150.jpg 150w, https:\/\/www.cope.es\/blogs\/cine-y-libertad\/wp-content\/uploads\/sites\/7\/2023\/03\/el-hombe-submanrino-170x170.jpg 170w, https:\/\/www.cope.es\/blogs\/cine-y-libertad\/wp-content\/uploads\/sites\/7\/2023\/03\/el-hombe-submanrino-73x73.jpg 73w, https:\/\/www.cope.es\/blogs\/cine-y-libertad\/wp-content\/uploads\/sites\/7\/2023\/03\/el-hombe-submanrino-108x108.jpg 108w\" sizes=\"auto, (max-width: 225px) 100vw, 225px\" \/><\/p>\n<audio class=\"wp-audio-shortcode\" id=\"audio-5448-1\" preload=\"none\" style=\"width: 100%;\" controls=\"controls\"><source type=\"audio\/mpeg\" src=\"https:\/\/www.ivoox.com\/hombre-submarino-profundidades-marvel-aroma-a-ridley_md_105249605_wp_1.mp3?_=1\" \/><a href=\"https:\/\/www.ivoox.com\/hombre-submarino-profundidades-marvel-aroma-a-ridley_md_105249605_wp_1.mp3\">https:\/\/www.ivoox.com\/hombre-submarino-profundidades-marvel-aroma-a-ridley_md_105249605_wp_1.mp3<\/a><\/audio>\n<p><a title=\"El hombre submarino: Profundidades-Marvel con aroma a Ridley Scott\" href=\"https:\/\/go.ivoox.com\/rf\/105249605\">Ir a descargar<\/a><\/p>\n<p>&nbsp;<\/p>\n<p>\u00a1Lectores y amigos de Cine y Libertad!<\/p>\n<p>La editorial Panini nos habla de su c\u00f3mic&#8230;<a href=\"https:\/\/www.ivoox.com\/hombre-submarino-profundidades-marvel-aroma-a-ridley-audios-mp3_rf_105249605_1.html\">El hombre submarino: Profundidades-Marvel con aroma a Ridley Scott:<\/a><\/p>\n<p>A lo largo de las \u00e9pocas, muchos han sido los hombres que se han preguntado si el fabuloso reino de Atlantis existe realmente. Pero pocos de ellos han vivido para lamentar que la m\u00edtica ciudad est\u00e1 protegida por un ser capaz de la m\u00e1s salvaje venganza: El Hombre Submarino (Namor de <a href=\"https:\/\/www.marvel.com\/\">Marvel<\/a> con aroma a <a href=\"https:\/\/es.wikipedia.org\/wiki\/Ridley_Scott\">Ridley Scott)<\/a>.<\/p>\n<p><img loading=\"lazy\" decoding=\"async\" width=\"300\" height=\"150\" class=\"alignnone size-medium wp-image-5489\" src=\"http:\/\/www.cope.es\/blogs\/cine-y-libertad\/wp-content\/uploads\/sites\/7\/2023\/03\/namor-300x150.jpg\" alt=\"\" srcset=\"https:\/\/www.cope.es\/blogs\/cine-y-libertad\/wp-content\/uploads\/sites\/7\/2023\/03\/namor-300x150.jpg 300w, https:\/\/www.cope.es\/blogs\/cine-y-libertad\/wp-content\/uploads\/sites\/7\/2023\/03\/namor-315x159.jpg 315w, https:\/\/www.cope.es\/blogs\/cine-y-libertad\/wp-content\/uploads\/sites\/7\/2023\/03\/namor.jpg 318w\" sizes=\"auto, (max-width: 300px) 100vw, 300px\" \/><\/p>\n<p>Despu\u00e9s de que una expedici\u00f3n desaparezca misteriosamente, el legendario aventurero Randolph Stein se embarca en un viaje que cambiar\u00e1 para siempre su vida. Junto a sus hombres, ver\u00e1 prodigios que desaf\u00edan la imaginaci\u00f3n\u2026 y atrocidades que ning\u00fan hombre deber\u00eda presenciar.<\/p>\n<p>Esad Ribic y Peter Milligan son sus autores.<\/p>\n<div class=\"wpb_column vc_column_container vc_col-sm-9\">\n<div class=\"vc_column-inner\">\n<div class=\"wpb_wrapper\">\n<div class=\"wpb_text_column wpb_content_element vc_custom_1674554907873 sinopsis\">\n<div class=\"wpb_wrapper\">\n<p><a href=\"https:\/\/www.ivoox.com\/podcast-cine-libertad_sq_f121636_1.html\">V\u00edctor Alvarado<\/a><\/p>\n<\/div>\n<\/div>\n<\/div>\n<\/div>\n<\/div>\n<p>Instagram:<a href=\"https:\/\/www.instagram.com\/cineylibertad\/\">https:\/\/www.instagram.com\/cineylibertad\/<\/a><\/p>\n<p>Facebook: <a href=\"https:\/\/www.facebook.com\/victor.alvarado.56829446\" target=\"_blank\">https:\/\/www.facebook.com\/victor.alvarado.56829446<\/a><\/p>\n<p>Twitter:<span class=\"r-18u37iz\"><a class=\"css-4rbku5 css-18t94o4 css-901oao css-16my406 r-1n1174f r-1loqt21 r-poiln3 r-bcqeeo r-qvutc0\" href=\"https:\/\/twitter.com\/cineylibertad\">@cineylibertad<\/a><\/span><\/p>\n","protected":false},"excerpt":{"rendered":"<p>El hombre submarino: Profundidades-Marvel con aroma a Ridley Scott. \u00bfPuede un c\u00f3mic hacer referencia a grandes autores como H G Wells o Aldous Huxley? \u00bfLa \u00e9tica y la ciencia debe ir de la mano? Aqu\u00ed puedes escuchar mi comentario&#8230; Ir a descargar &nbsp; \u00a1Lectores y amigos de Cine y Libertad! La editorial Panini nos habla [&hellip;]<\/p>\n","protected":false},"author":7,"featured_media":5489,"comment_status":"open","ping_status":"open","sticky":false,"template":"","format":"standard","meta":{"footnotes":""},"categories":[56,3,135,218,8],"tags":[1869,1868,1867,173,1866],"class_list":["post-5448","post","type-post","status-publish","format-standard","has-post-thumbnail","hentry","category-ciencia-ficcion","category-cine","category-intriga","category-marvel","category-superheroes","tag-el-hombre-submarino","tag-el-hombre-submarinoprofundidades","tag-el-hombre-submarinoprofundidades-marvel-con-aroma-a-ridley-scott","tag-marvel","tag-namor"],"yoast_head":"<!-- This site is optimized with the Yoast SEO plugin v27.4 - https:\/\/yoast.com\/product\/yoast-seo-wordpress\/ -->\n<title>El hombre submarino:Profundidades-Marvel con aroma a Ridley Scott<\/title>\n<meta name=\"description\" content=\"El hombre submarino:Profundidades-Marvel con aroma a Ridley Scott. \u00bfPuede un c\u00f3mic hacer referencia a grandes autores como H G Wells o Aldous Huxley?\" \/>\n<meta name=\"robots\" content=\"index, follow, max-snippet:-1, max-image-preview:large, max-video-preview:-1\" \/>\n<link rel=\"canonical\" href=\"https:\/\/www.cope.es\/blogs\/cine-y-libertad\/2023\/03\/28\/el-hombre-submarinoprofundidades-marvel-con-aroma-a-ridley-scott\/\" \/>\n<meta property=\"og:locale\" content=\"es_ES\" \/>\n<meta property=\"og:type\" content=\"article\" \/>\n<meta property=\"og:title\" content=\"El hombre submarino:Profundidades-Marvel con aroma a Ridley Scott\" \/>\n<meta property=\"og:description\" content=\"El hombre submarino:Profundidades-Marvel con aroma a Ridley Scott. \u00bfPuede un c\u00f3mic hacer referencia a grandes autores como H G Wells o Aldous Huxley?\" \/>\n<meta property=\"og:url\" content=\"https:\/\/www.cope.es\/blogs\/cine-y-libertad\/2023\/03\/28\/el-hombre-submarinoprofundidades-marvel-con-aroma-a-ridley-scott\/\" \/>\n<meta property=\"og:site_name\" content=\"Cine y Libertad\" \/>\n<meta property=\"article:publisher\" content=\"https:\/\/www.facebook.com\/cope\/\" \/>\n<meta property=\"article:author\" content=\"https:\/\/www.facebook.com\/victor.alvarado.56829446\" \/>\n<meta property=\"article:published_time\" content=\"2023-03-28T09:41:23+00:00\" \/>\n<meta property=\"article:modified_time\" content=\"2023-03-28T09:42:16+00:00\" \/>\n<meta property=\"og:image\" content=\"https:\/\/www.cope.es\/blogs\/cine-y-libertad\/wp-content\/uploads\/sites\/7\/2023\/03\/namor.jpg\" \/>\n\t<meta property=\"og:image:width\" content=\"318\" \/>\n\t<meta property=\"og:image:height\" content=\"159\" \/>\n\t<meta property=\"og:image:type\" content=\"image\/jpeg\" \/>\n<meta name=\"author\" content=\"V\u00edctor Alvarado\" \/>\n<meta name=\"twitter:card\" content=\"summary_large_image\" \/>\n<meta name=\"twitter:creator\" content=\"@cineylibertad\" \/>\n<meta name=\"twitter:site\" content=\"@cope_es\" \/>\n<meta name=\"twitter:label1\" content=\"Escrito por\" \/>\n\t<meta name=\"twitter:data1\" content=\"V\u00edctor Alvarado\" \/>\n\t<meta name=\"twitter:label2\" content=\"Tiempo de lectura\" \/>\n\t<meta name=\"twitter:data2\" content=\"1 minuto\" \/>\n<script type=\"application\/ld+json\" class=\"yoast-schema-graph\">{\"@context\":\"https:\\\/\\\/schema.org\",\"@graph\":[{\"@type\":\"Article\",\"@id\":\"https:\\\/\\\/www.cope.es\\\/blogs\\\/cine-y-libertad\\\/2023\\\/03\\\/28\\\/el-hombre-submarinoprofundidades-marvel-con-aroma-a-ridley-scott\\\/#article\",\"isPartOf\":{\"@id\":\"https:\\\/\\\/www.cope.es\\\/blogs\\\/cine-y-libertad\\\/2023\\\/03\\\/28\\\/el-hombre-submarinoprofundidades-marvel-con-aroma-a-ridley-scott\\\/\"},\"author\":{\"name\":\"V\u00edctor Alvarado\",\"@id\":\"https:\\\/\\\/www.cope.es\\\/blogs\\\/cine-y-libertad\\\/#\\\/schema\\\/person\\\/c95904a4fbf751a8d9124f8fa8bdaace\"},\"headline\":\"El hombre submarino: Profundidades-Marvel con aroma a Ridley Scott\",\"datePublished\":\"2023-03-28T09:41:23+00:00\",\"dateModified\":\"2023-03-28T09:42:16+00:00\",\"mainEntityOfPage\":{\"@id\":\"https:\\\/\\\/www.cope.es\\\/blogs\\\/cine-y-libertad\\\/2023\\\/03\\\/28\\\/el-hombre-submarinoprofundidades-marvel-con-aroma-a-ridley-scott\\\/\"},\"wordCount\":219,\"commentCount\":0,\"image\":{\"@id\":\"https:\\\/\\\/www.cope.es\\\/blogs\\\/cine-y-libertad\\\/2023\\\/03\\\/28\\\/el-hombre-submarinoprofundidades-marvel-con-aroma-a-ridley-scott\\\/#primaryimage\"},\"thumbnailUrl\":\"https:\\\/\\\/www.cope.es\\\/blogs\\\/cine-y-libertad\\\/wp-content\\\/uploads\\\/sites\\\/7\\\/2023\\\/03\\\/namor.jpg\",\"keywords\":[\"El hombre submarino\",\"El hombre submarino:Profundidades\",\"El hombre submarino:Profundidades-Marvel con aroma a Ridley Scott\",\"Marvel\",\"Namor\"],\"articleSection\":[\"ciencia ficci\u00f3n\",\"cine\",\"intriga\",\"Marvel\",\"Superh\u00e9roes\"],\"inLanguage\":\"es\",\"potentialAction\":[{\"@type\":\"CommentAction\",\"name\":\"Comment\",\"target\":[\"https:\\\/\\\/www.cope.es\\\/blogs\\\/cine-y-libertad\\\/2023\\\/03\\\/28\\\/el-hombre-submarinoprofundidades-marvel-con-aroma-a-ridley-scott\\\/#respond\"]}]},{\"@type\":\"WebPage\",\"@id\":\"https:\\\/\\\/www.cope.es\\\/blogs\\\/cine-y-libertad\\\/2023\\\/03\\\/28\\\/el-hombre-submarinoprofundidades-marvel-con-aroma-a-ridley-scott\\\/\",\"url\":\"https:\\\/\\\/www.cope.es\\\/blogs\\\/cine-y-libertad\\\/2023\\\/03\\\/28\\\/el-hombre-submarinoprofundidades-marvel-con-aroma-a-ridley-scott\\\/\",\"name\":\"El hombre submarino:Profundidades-Marvel con aroma a Ridley Scott\",\"isPartOf\":{\"@id\":\"https:\\\/\\\/www.cope.es\\\/blogs\\\/cine-y-libertad\\\/#website\"},\"primaryImageOfPage\":{\"@id\":\"https:\\\/\\\/www.cope.es\\\/blogs\\\/cine-y-libertad\\\/2023\\\/03\\\/28\\\/el-hombre-submarinoprofundidades-marvel-con-aroma-a-ridley-scott\\\/#primaryimage\"},\"image\":{\"@id\":\"https:\\\/\\\/www.cope.es\\\/blogs\\\/cine-y-libertad\\\/2023\\\/03\\\/28\\\/el-hombre-submarinoprofundidades-marvel-con-aroma-a-ridley-scott\\\/#primaryimage\"},\"thumbnailUrl\":\"https:\\\/\\\/www.cope.es\\\/blogs\\\/cine-y-libertad\\\/wp-content\\\/uploads\\\/sites\\\/7\\\/2023\\\/03\\\/namor.jpg\",\"datePublished\":\"2023-03-28T09:41:23+00:00\",\"dateModified\":\"2023-03-28T09:42:16+00:00\",\"author\":{\"@id\":\"https:\\\/\\\/www.cope.es\\\/blogs\\\/cine-y-libertad\\\/#\\\/schema\\\/person\\\/c95904a4fbf751a8d9124f8fa8bdaace\"},\"description\":\"El hombre submarino:Profundidades-Marvel con aroma a Ridley Scott. \u00bfPuede un c\u00f3mic hacer referencia a grandes autores como H G Wells o Aldous Huxley?\",\"breadcrumb\":{\"@id\":\"https:\\\/\\\/www.cope.es\\\/blogs\\\/cine-y-libertad\\\/2023\\\/03\\\/28\\\/el-hombre-submarinoprofundidades-marvel-con-aroma-a-ridley-scott\\\/#breadcrumb\"},\"inLanguage\":\"es\",\"potentialAction\":[{\"@type\":\"ReadAction\",\"target\":[\"https:\\\/\\\/www.cope.es\\\/blogs\\\/cine-y-libertad\\\/2023\\\/03\\\/28\\\/el-hombre-submarinoprofundidades-marvel-con-aroma-a-ridley-scott\\\/\"]}]},{\"@type\":\"ImageObject\",\"inLanguage\":\"es\",\"@id\":\"https:\\\/\\\/www.cope.es\\\/blogs\\\/cine-y-libertad\\\/2023\\\/03\\\/28\\\/el-hombre-submarinoprofundidades-marvel-con-aroma-a-ridley-scott\\\/#primaryimage\",\"url\":\"https:\\\/\\\/www.cope.es\\\/blogs\\\/cine-y-libertad\\\/wp-content\\\/uploads\\\/sites\\\/7\\\/2023\\\/03\\\/namor.jpg\",\"contentUrl\":\"https:\\\/\\\/www.cope.es\\\/blogs\\\/cine-y-libertad\\\/wp-content\\\/uploads\\\/sites\\\/7\\\/2023\\\/03\\\/namor.jpg\",\"width\":318,\"height\":159},{\"@type\":\"BreadcrumbList\",\"@id\":\"https:\\\/\\\/www.cope.es\\\/blogs\\\/cine-y-libertad\\\/2023\\\/03\\\/28\\\/el-hombre-submarinoprofundidades-marvel-con-aroma-a-ridley-scott\\\/#breadcrumb\",\"itemListElement\":[{\"@type\":\"ListItem\",\"position\":1,\"name\":\"Portada\",\"item\":\"https:\\\/\\\/www.cope.es\\\/blogs\\\/cine-y-libertad\\\/\"},{\"@type\":\"ListItem\",\"position\":2,\"name\":\"El hombre submarino: Profundidades-Marvel con aroma a Ridley Scott\"}]},{\"@type\":\"WebSite\",\"@id\":\"https:\\\/\\\/www.cope.es\\\/blogs\\\/cine-y-libertad\\\/#website\",\"url\":\"https:\\\/\\\/www.cope.es\\\/blogs\\\/cine-y-libertad\\\/\",\"name\":\"Cine y Libertad\",\"description\":\"Cine y Libertad un blog de COPE\",\"potentialAction\":[{\"@type\":\"SearchAction\",\"target\":{\"@type\":\"EntryPoint\",\"urlTemplate\":\"https:\\\/\\\/www.cope.es\\\/blogs\\\/cine-y-libertad\\\/?s={search_term_string}\"},\"query-input\":{\"@type\":\"PropertyValueSpecification\",\"valueRequired\":true,\"valueName\":\"search_term_string\"}}],\"inLanguage\":\"es\"},{\"@type\":\"Person\",\"@id\":\"https:\\\/\\\/www.cope.es\\\/blogs\\\/cine-y-libertad\\\/#\\\/schema\\\/person\\\/c95904a4fbf751a8d9124f8fa8bdaace\",\"name\":\"V\u00edctor Alvarado\",\"image\":{\"@type\":\"ImageObject\",\"inLanguage\":\"es\",\"@id\":\"https:\\\/\\\/secure.gravatar.com\\\/avatar\\\/db4634ae2001f7f920b8294d926f3e737ada04196e014ebacae29a4848f905f4?s=96&d=mm&r=g\",\"url\":\"https:\\\/\\\/secure.gravatar.com\\\/avatar\\\/db4634ae2001f7f920b8294d926f3e737ada04196e014ebacae29a4848f905f4?s=96&d=mm&r=g\",\"contentUrl\":\"https:\\\/\\\/secure.gravatar.com\\\/avatar\\\/db4634ae2001f7f920b8294d926f3e737ada04196e014ebacae29a4848f905f4?s=96&d=mm&r=g\",\"caption\":\"V\u00edctor Alvarado\"},\"description\":\"V\u00edctor Alvarado tiene una larga experiencia tanto en medios de comunicaci\u00f3n como en educaci\u00f3n. Dirige el programa de radio, Directo a las Estrellas, en Intereconom\u00eda (Castilla y Le\u00f3n) y Informa Radio en toda Espa\u00f1a. Ha colaborado en Radio Inter y Esradio. Cr\u00edtico de cine en Pantalla 90, Diario Ya y P\u00e1ginas Digital. Es miembro del CEC. Es el autor de libro: La fe, la \u00e9tica y los valores de los superh\u00e9roes (PPC). Esta es su web: www.cineylibertad.com y, por supuesto, lleva m\u00e1s de 5 a\u00f1os como bloguero de Cope, donde analiza el cine, los c\u00f3mics y los libros desde una \u00f3ptica antropol\u00f3gica y axiol\u00f3gica, atendiendo a todas las dimensiones del ser humano.\",\"sameAs\":[\"http:\\\/\\\/www.cineylibertad.com\",\"https:\\\/\\\/www.facebook.com\\\/victor.alvarado.56829446\",\"https:\\\/\\\/www.instagram.com\\\/cineylibertad\\\/\",\"https:\\\/\\\/x.com\\\/cineylibertad\"],\"url\":\"https:\\\/\\\/www.cope.es\\\/blogs\\\/cine-y-libertad\\\/author\\\/valvarado\\\/\"}]}<\/script>\n<!-- \/ Yoast SEO plugin. -->","yoast_head_json":{"title":"El hombre submarino:Profundidades-Marvel con aroma a Ridley Scott","description":"El hombre submarino:Profundidades-Marvel con aroma a Ridley Scott. \u00bfPuede un c\u00f3mic hacer referencia a grandes autores como H G Wells o Aldous Huxley?","robots":{"index":"index","follow":"follow","max-snippet":"max-snippet:-1","max-image-preview":"max-image-preview:large","max-video-preview":"max-video-preview:-1"},"canonical":"https:\/\/www.cope.es\/blogs\/cine-y-libertad\/2023\/03\/28\/el-hombre-submarinoprofundidades-marvel-con-aroma-a-ridley-scott\/","og_locale":"es_ES","og_type":"article","og_title":"El hombre submarino:Profundidades-Marvel con aroma a Ridley Scott","og_description":"El hombre submarino:Profundidades-Marvel con aroma a Ridley Scott. \u00bfPuede un c\u00f3mic hacer referencia a grandes autores como H G Wells o Aldous Huxley?","og_url":"https:\/\/www.cope.es\/blogs\/cine-y-libertad\/2023\/03\/28\/el-hombre-submarinoprofundidades-marvel-con-aroma-a-ridley-scott\/","og_site_name":"Cine y Libertad","article_publisher":"https:\/\/www.facebook.com\/cope\/","article_author":"https:\/\/www.facebook.com\/victor.alvarado.56829446","article_published_time":"2023-03-28T09:41:23+00:00","article_modified_time":"2023-03-28T09:42:16+00:00","og_image":[{"width":318,"height":159,"url":"https:\/\/www.cope.es\/blogs\/cine-y-libertad\/wp-content\/uploads\/sites\/7\/2023\/03\/namor.jpg","type":"image\/jpeg"}],"author":"V\u00edctor Alvarado","twitter_card":"summary_large_image","twitter_creator":"@cineylibertad","twitter_site":"@cope_es","twitter_misc":{"Escrito por":"V\u00edctor Alvarado","Tiempo de lectura":"1 minuto"},"schema":{"@context":"https:\/\/schema.org","@graph":[{"@type":"Article","@id":"https:\/\/www.cope.es\/blogs\/cine-y-libertad\/2023\/03\/28\/el-hombre-submarinoprofundidades-marvel-con-aroma-a-ridley-scott\/#article","isPartOf":{"@id":"https:\/\/www.cope.es\/blogs\/cine-y-libertad\/2023\/03\/28\/el-hombre-submarinoprofundidades-marvel-con-aroma-a-ridley-scott\/"},"author":{"name":"V\u00edctor Alvarado","@id":"https:\/\/www.cope.es\/blogs\/cine-y-libertad\/#\/schema\/person\/c95904a4fbf751a8d9124f8fa8bdaace"},"headline":"El hombre submarino: Profundidades-Marvel con aroma a Ridley Scott","datePublished":"2023-03-28T09:41:23+00:00","dateModified":"2023-03-28T09:42:16+00:00","mainEntityOfPage":{"@id":"https:\/\/www.cope.es\/blogs\/cine-y-libertad\/2023\/03\/28\/el-hombre-submarinoprofundidades-marvel-con-aroma-a-ridley-scott\/"},"wordCount":219,"commentCount":0,"image":{"@id":"https:\/\/www.cope.es\/blogs\/cine-y-libertad\/2023\/03\/28\/el-hombre-submarinoprofundidades-marvel-con-aroma-a-ridley-scott\/#primaryimage"},"thumbnailUrl":"https:\/\/www.cope.es\/blogs\/cine-y-libertad\/wp-content\/uploads\/sites\/7\/2023\/03\/namor.jpg","keywords":["El hombre submarino","El hombre submarino:Profundidades","El hombre submarino:Profundidades-Marvel con aroma a Ridley Scott","Marvel","Namor"],"articleSection":["ciencia ficci\u00f3n","cine","intriga","Marvel","Superh\u00e9roes"],"inLanguage":"es","potentialAction":[{"@type":"CommentAction","name":"Comment","target":["https:\/\/www.cope.es\/blogs\/cine-y-libertad\/2023\/03\/28\/el-hombre-submarinoprofundidades-marvel-con-aroma-a-ridley-scott\/#respond"]}]},{"@type":"WebPage","@id":"https:\/\/www.cope.es\/blogs\/cine-y-libertad\/2023\/03\/28\/el-hombre-submarinoprofundidades-marvel-con-aroma-a-ridley-scott\/","url":"https:\/\/www.cope.es\/blogs\/cine-y-libertad\/2023\/03\/28\/el-hombre-submarinoprofundidades-marvel-con-aroma-a-ridley-scott\/","name":"El hombre submarino:Profundidades-Marvel con aroma a Ridley Scott","isPartOf":{"@id":"https:\/\/www.cope.es\/blogs\/cine-y-libertad\/#website"},"primaryImageOfPage":{"@id":"https:\/\/www.cope.es\/blogs\/cine-y-libertad\/2023\/03\/28\/el-hombre-submarinoprofundidades-marvel-con-aroma-a-ridley-scott\/#primaryimage"},"image":{"@id":"https:\/\/www.cope.es\/blogs\/cine-y-libertad\/2023\/03\/28\/el-hombre-submarinoprofundidades-marvel-con-aroma-a-ridley-scott\/#primaryimage"},"thumbnailUrl":"https:\/\/www.cope.es\/blogs\/cine-y-libertad\/wp-content\/uploads\/sites\/7\/2023\/03\/namor.jpg","datePublished":"2023-03-28T09:41:23+00:00","dateModified":"2023-03-28T09:42:16+00:00","author":{"@id":"https:\/\/www.cope.es\/blogs\/cine-y-libertad\/#\/schema\/person\/c95904a4fbf751a8d9124f8fa8bdaace"},"description":"El hombre submarino:Profundidades-Marvel con aroma a Ridley Scott. \u00bfPuede un c\u00f3mic hacer referencia a grandes autores como H G Wells o Aldous Huxley?","breadcrumb":{"@id":"https:\/\/www.cope.es\/blogs\/cine-y-libertad\/2023\/03\/28\/el-hombre-submarinoprofundidades-marvel-con-aroma-a-ridley-scott\/#breadcrumb"},"inLanguage":"es","potentialAction":[{"@type":"ReadAction","target":["https:\/\/www.cope.es\/blogs\/cine-y-libertad\/2023\/03\/28\/el-hombre-submarinoprofundidades-marvel-con-aroma-a-ridley-scott\/"]}]},{"@type":"ImageObject","inLanguage":"es","@id":"https:\/\/www.cope.es\/blogs\/cine-y-libertad\/2023\/03\/28\/el-hombre-submarinoprofundidades-marvel-con-aroma-a-ridley-scott\/#primaryimage","url":"https:\/\/www.cope.es\/blogs\/cine-y-libertad\/wp-content\/uploads\/sites\/7\/2023\/03\/namor.jpg","contentUrl":"https:\/\/www.cope.es\/blogs\/cine-y-libertad\/wp-content\/uploads\/sites\/7\/2023\/03\/namor.jpg","width":318,"height":159},{"@type":"BreadcrumbList","@id":"https:\/\/www.cope.es\/blogs\/cine-y-libertad\/2023\/03\/28\/el-hombre-submarinoprofundidades-marvel-con-aroma-a-ridley-scott\/#breadcrumb","itemListElement":[{"@type":"ListItem","position":1,"name":"Portada","item":"https:\/\/www.cope.es\/blogs\/cine-y-libertad\/"},{"@type":"ListItem","position":2,"name":"El hombre submarino: Profundidades-Marvel con aroma a Ridley Scott"}]},{"@type":"WebSite","@id":"https:\/\/www.cope.es\/blogs\/cine-y-libertad\/#website","url":"https:\/\/www.cope.es\/blogs\/cine-y-libertad\/","name":"Cine y Libertad","description":"Cine y Libertad un blog de COPE","potentialAction":[{"@type":"SearchAction","target":{"@type":"EntryPoint","urlTemplate":"https:\/\/www.cope.es\/blogs\/cine-y-libertad\/?s={search_term_string}"},"query-input":{"@type":"PropertyValueSpecification","valueRequired":true,"valueName":"search_term_string"}}],"inLanguage":"es"},{"@type":"Person","@id":"https:\/\/www.cope.es\/blogs\/cine-y-libertad\/#\/schema\/person\/c95904a4fbf751a8d9124f8fa8bdaace","name":"V\u00edctor Alvarado","image":{"@type":"ImageObject","inLanguage":"es","@id":"https:\/\/secure.gravatar.com\/avatar\/db4634ae2001f7f920b8294d926f3e737ada04196e014ebacae29a4848f905f4?s=96&d=mm&r=g","url":"https:\/\/secure.gravatar.com\/avatar\/db4634ae2001f7f920b8294d926f3e737ada04196e014ebacae29a4848f905f4?s=96&d=mm&r=g","contentUrl":"https:\/\/secure.gravatar.com\/avatar\/db4634ae2001f7f920b8294d926f3e737ada04196e014ebacae29a4848f905f4?s=96&d=mm&r=g","caption":"V\u00edctor Alvarado"},"description":"V\u00edctor Alvarado tiene una larga experiencia tanto en medios de comunicaci\u00f3n como en educaci\u00f3n. Dirige el programa de radio, Directo a las Estrellas, en Intereconom\u00eda (Castilla y Le\u00f3n) y Informa Radio en toda Espa\u00f1a. Ha colaborado en Radio Inter y Esradio. Cr\u00edtico de cine en Pantalla 90, Diario Ya y P\u00e1ginas Digital. Es miembro del CEC. Es el autor de libro: La fe, la \u00e9tica y los valores de los superh\u00e9roes (PPC). Esta es su web: www.cineylibertad.com y, por supuesto, lleva m\u00e1s de 5 a\u00f1os como bloguero de Cope, donde analiza el cine, los c\u00f3mics y los libros desde una \u00f3ptica antropol\u00f3gica y axiol\u00f3gica, atendiendo a todas las dimensiones del ser humano.","sameAs":["http:\/\/www.cineylibertad.com","https:\/\/www.facebook.com\/victor.alvarado.56829446","https:\/\/www.instagram.com\/cineylibertad\/","https:\/\/x.com\/cineylibertad"],"url":"https:\/\/www.cope.es\/blogs\/cine-y-libertad\/author\/valvarado\/"}]}},"amp_enabled":true,"_links":{"self":[{"href":"https:\/\/www.cope.es\/blogs\/cine-y-libertad\/wp-json\/wp\/v2\/posts\/5448","targetHints":{"allow":["GET"]}}],"collection":[{"href":"https:\/\/www.cope.es\/blogs\/cine-y-libertad\/wp-json\/wp\/v2\/posts"}],"about":[{"href":"https:\/\/www.cope.es\/blogs\/cine-y-libertad\/wp-json\/wp\/v2\/types\/post"}],"author":[{"embeddable":true,"href":"https:\/\/www.cope.es\/blogs\/cine-y-libertad\/wp-json\/wp\/v2\/users\/7"}],"replies":[{"embeddable":true,"href":"https:\/\/www.cope.es\/blogs\/cine-y-libertad\/wp-json\/wp\/v2\/comments?post=5448"}],"version-history":[{"count":2,"href":"https:\/\/www.cope.es\/blogs\/cine-y-libertad\/wp-json\/wp\/v2\/posts\/5448\/revisions"}],"predecessor-version":[{"id":5493,"href":"https:\/\/www.cope.es\/blogs\/cine-y-libertad\/wp-json\/wp\/v2\/posts\/5448\/revisions\/5493"}],"wp:featuredmedia":[{"embeddable":true,"href":"https:\/\/www.cope.es\/blogs\/cine-y-libertad\/wp-json\/wp\/v2\/media\/5489"}],"wp:attachment":[{"href":"https:\/\/www.cope.es\/blogs\/cine-y-libertad\/wp-json\/wp\/v2\/media?parent=5448"}],"wp:term":[{"taxonomy":"category","embeddable":true,"href":"https:\/\/www.cope.es\/blogs\/cine-y-libertad\/wp-json\/wp\/v2\/categories?post=5448"},{"taxonomy":"post_tag","embeddable":true,"href":"https:\/\/www.cope.es\/blogs\/cine-y-libertad\/wp-json\/wp\/v2\/tags?post=5448"}],"curies":[{"name":"wp","href":"https:\/\/api.w.org\/{rel}","templated":true}]}}