{"id":5412,"date":"2023-03-18T00:50:17","date_gmt":"2023-03-17T23:50:17","guid":{"rendered":"http:\/\/www.cope.es\/blogs\/cine-y-libertad\/?p=5412"},"modified":"2023-03-18T15:40:22","modified_gmt":"2023-03-18T14:40:22","slug":"spiderman-los-dias-de-nuestra-vida-peter-parker-con-aroma-a-superman","status":"publish","type":"post","link":"https:\/\/www.cope.es\/blogs\/cine-y-libertad\/2023\/03\/18\/spiderman-los-dias-de-nuestra-vida-peter-parker-con-aroma-a-superman\/","title":{"rendered":"Spiderman: Los d\u00edas de nuestra vida-Peter Parker con aroma a Superman"},"content":{"rendered":"<p>S<a href=\"https:\/\/www.ivoox.com\/spiderman-los-dias-nuestra-vida-peter-parker-con-audios-mp3_rf_104777104_1.html\">piderman: Los d\u00edas de nuestra vida-Peter Parker con aroma a Superman<\/a>. \u00bfConoces el lado m\u00e1s tierno y gamberro del t\u00edo Ben?<\/p>\n<p>Aqu\u00ed puedes escuchar mi comentario&#8230;<\/p>\n<p><img loading=\"lazy\" decoding=\"async\" width=\"186\" height=\"270\" class=\"alignnone size-full wp-image-5415\" src=\"http:\/\/www.cope.es\/blogs\/cine-y-libertad\/wp-content\/uploads\/sites\/7\/2023\/03\/spiderman-los-dias-de-nuestra-vida-peter-parker-con-aroma-a-superman.jpg\" alt=\"\" \/><\/p>\n<audio class=\"wp-audio-shortcode\" id=\"audio-5412-1\" preload=\"none\" style=\"width: 100%;\" controls=\"controls\"><source type=\"audio\/mpeg\" src=\"https:\/\/www.ivoox.com\/spiderman-los-dias-nuestra-vida-peter-parker-con_md_104777104_wp_1.mp3?_=1\" \/><a href=\"https:\/\/www.ivoox.com\/spiderman-los-dias-nuestra-vida-peter-parker-con_md_104777104_wp_1.mp3\">https:\/\/www.ivoox.com\/spiderman-los-dias-nuestra-vida-peter-parker-con_md_104777104_wp_1.mp3<\/a><\/audio>\n<p><a title=\"Spiderman: Los d\u00edas de nuestra vida-Peter Parker con aroma a Superman\" href=\"https:\/\/go.ivoox.com\/rf\/104777104\">Ir a descargar<\/a><\/p>\n<p>\u00a1Lectores y amigos de Cine y Libertad!<\/p>\n<p>La editorial Panini nos habla de su c\u00f3mic&#8230;Spiderman: Los d\u00edas de nuestra vida-Peter Parker con aroma a Superman<\/p>\n<p>\u00a1Las colecciones que discurren en paralelo a El Asombroso Spiderman llegan a Marvel Saga! Este ambicioso proyecto arranca con la irrupci\u00f3n de Paul Jenkins (Inhumanos) y Mark Buckingham (F\u00e1bulas) en el mundo ar\u00e1cnido, para dar pie a una etapa brillante y excepcional, caracterizada por un acercamiento humano, tierno y divertido a la figura de Spiderman y, sobre todo, del hombre bajo la m\u00e1scara, un Peter Parker que ha de recuperarse de uno de los mayores golpes recibidos en su vida: La p\u00e9rdida de Mary Jane.<\/p>\n<p>Este c\u00f3mic de Spiderman guarda ciertos paralelismos con muchas novelas gr\u00e1ficas sobre la vida oculta de Supeman como va a poder comprobar&#8230;<\/p>\n<p><a href=\"https:\/\/www.ivoox.com\/superman-ano-uno-frank-miller-principios-sustentados-en-audios-mp3_rf_62703164_1.html\">+Superman: A\u00f1o uno-Frank Miller y los principios sustentados en la familia<\/a>. \u00bfC\u00f3mo se fabrican los h\u00e9roes?<\/p>\n<p><img loading=\"lazy\" decoding=\"async\" width=\"184\" height=\"274\" class=\"alignnone size-full wp-image-2385\" src=\"http:\/\/www.cope.es\/blogs\/cine-y-libertad\/wp-content\/uploads\/sites\/7\/2020\/12\/zsup.jpg\" alt=\"\" \/><\/p>\n<audio class=\"wp-audio-shortcode\" id=\"audio-5412-2\" preload=\"none\" style=\"width: 100%;\" controls=\"controls\"><source type=\"audio\/mpeg\" src=\"https:\/\/www.ivoox.com\/superman-ano-uno-frank-miller-principios-sustentados-en_md_62703164_wp_1.mp3?_=2\" \/><a href=\"https:\/\/www.ivoox.com\/superman-ano-uno-frank-miller-principios-sustentados-en_md_62703164_wp_1.mp3\">https:\/\/www.ivoox.com\/superman-ano-uno-frank-miller-principios-sustentados-en_md_62703164_wp_1.mp3<\/a><\/audio>\n<p><a title=\"Superman:A\u00f1o uno-Frank Miller y los principios sustentados en la familia\" href=\"https:\/\/go.ivoox.com\/rf\/62703164\">Ir a descargar<\/a><\/p>\n<p>De los moribundos capiteles de Krypton a los buc\u00f3licos campos de Kansas, del sumergido esplendor de Atlantis a la ca\u00f3tica energ\u00eda de Metropolis, la historia de Clark Kent, el \u00faltimo hijo de la Casa de El, es una leyenda. Ahora, dos de los mejores autores de c\u00f3mics unen fuerzas para traernos una visi\u00f3n nueva e imaginativa del origen del Hombre de Acero.<\/p>\n<p>+<a class=\"txt-white decorationOnHover\" href=\"https:\/\/www.ivoox.com\/superman-el-hombre-acero-el-homenaje-john-byrne-audios-mp3_rf_70084180_1.html\" target=\"_blank\">Superman: El hombre Acero-El homenaje de John Byrne a Christopher Reeve <\/a>\u00bfQu\u00e9 mensaje de salvaci\u00f3n propone el h\u00e9roe?<\/p>\n<p><img loading=\"lazy\" decoding=\"async\" width=\"156\" height=\"240\" class=\"alignnone size-full wp-image-2804\" src=\"http:\/\/www.cope.es\/blogs\/cine-y-libertad\/wp-content\/uploads\/sites\/7\/2021\/05\/zsPORTADA_JPG_WEB_superman_de_Byrne_vol1_ElHombreDeAcero_156.jpg\" alt=\"\" \/><\/p>\n<audio class=\"wp-audio-shortcode\" id=\"audio-5412-3\" preload=\"none\" style=\"width: 100%;\" controls=\"controls\"><source type=\"audio\/mpeg\" src=\"https:\/\/www.ivoox.com\/superman-el-hombre-acero-el-homenaje-john-byrne_md_70084180_wp_1.mp3?_=3\" \/><a href=\"https:\/\/www.ivoox.com\/superman-el-hombre-acero-el-homenaje-john-byrne_md_70084180_wp_1.mp3\">https:\/\/www.ivoox.com\/superman-el-hombre-acero-el-homenaje-john-byrne_md_70084180_wp_1.mp3<\/a><\/audio>\n<p><a title=\"Superman: El hombre Acero-El homenaje de John Byrne a Christopher Reeve\" href=\"https:\/\/go.ivoox.com\/rf\/70084180\">Ir a descargar<\/a><\/p>\n<div>Esta historia comienza en un planeta remoto llamado Krypton donde la ciencia ha sofocado los sentimientos. Sin embargo, sabiendo que su mundo est\u00e1 a punto de desaparecer, un cient\u00edfico llamado Jor-El salva a su hijo envi\u00e1ndolo a la Tierra, cuyos habitantes lo conocer\u00e1n alg\u00fan d\u00eda como&#8230; \u00a1Superman!<\/div>\n<div><\/div>\n<div><a href=\"https:\/\/www.ivoox.com\/superman-red-and-blue-la-vocacion-del-heroe-los-audios-mp3_rf_89905971_1.html\">+Superman: Red and Blue-La vocaci\u00f3n del h\u00e9roe, los valores del campo y la esperanza en peque\u00f1as dosis<\/a>. \u00bfEs posible contar buenas historias en pocas p\u00e1ginas sobre su vida en Kansas?<\/div>\n<p><img loading=\"lazy\" decoding=\"async\" width=\"156\" height=\"240\" class=\"alignnone size-full wp-image-4341\" src=\"http:\/\/www.cope.es\/blogs\/cine-y-libertad\/wp-content\/uploads\/sites\/7\/2022\/07\/superman_red_and_blue_156.jpg\" alt=\"\" \/><\/p>\n<audio class=\"wp-audio-shortcode\" id=\"audio-5412-4\" preload=\"none\" style=\"width: 100%;\" controls=\"controls\"><source type=\"audio\/mpeg\" src=\"https:\/\/www.ivoox.com\/superman-red-and-blue-la-vocacion-del-heroe-los_md_89905971_wp_1.mp3?_=4\" \/><a href=\"https:\/\/www.ivoox.com\/superman-red-and-blue-la-vocacion-del-heroe-los_md_89905971_wp_1.mp3\">https:\/\/www.ivoox.com\/superman-red-and-blue-la-vocacion-del-heroe-los_md_89905971_wp_1.mp3<\/a><\/audio>\n<p><a title=\"Superman: Red and Blue-La vocaci\u00f3n del h\u00e9roe, los valores del campo y la esperanza en peque\u00f1as dosis\" href=\"https:\/\/go.ivoox.com\/rf\/89905971\">Ir a descargar<\/a><\/p>\n<p>A lo largo de sus m\u00e1s de ocho d\u00e9cadas de su vida, <a href=\"https:\/\/www.ivoox.com\/superman-red-and-blue-la-vocacion-del-heroe-los-audios-mp3_rf_89905971_1.html\">Superman<\/a> se ha confirmado como el h\u00e9roe definitivo, no solo por las amenazas a las que ha hecho frente sino tambi\u00e9n por los f\u00e9rreos valores de los que se ha convertido en estandarte. En este volumen, asistimos a una antolog\u00eda de relatos que se ambientan en diferentes \u00e9pocas de su vida e incluso a alguno protagonizado por una variante suya, como Val-Zod, el Hombre de Acero de Tierra 2.<\/p>\n<p>Instagram:<a href=\"https:\/\/www.instagram.com\/cineylibertad\/\">https:\/\/www.instagram.com\/cineylibertad\/<\/a><\/p>\n<p>Facebook: <a href=\"https:\/\/www.facebook.com\/victor.alvarado.56829446\" target=\"_blank\">https:\/\/www.facebook.com\/victor.alvarado.56829446<\/a><\/p>\n<p>Twitter:<span class=\"r-18u37iz\"><a class=\"css-4rbku5 css-18t94o4 css-901oao css-16my406 r-1n1174f r-1loqt21 r-poiln3 r-bcqeeo r-qvutc0\" href=\"https:\/\/twitter.com\/cineylibertad\">@cineylibertad<\/a><\/span><\/p>\n","protected":false},"excerpt":{"rendered":"<p>Spiderman: Los d\u00edas de nuestra vida-Peter Parker con aroma a Superman. \u00bfConoces el lado m\u00e1s tierno y gamberro del t\u00edo Ben? Aqu\u00ed puedes escuchar mi comentario&#8230; Ir a descargar \u00a1Lectores y amigos de Cine y Libertad! La editorial Panini nos habla de su c\u00f3mic&#8230;Spiderman: Los d\u00edas de nuestra vida-Peter Parker con aroma a Superman \u00a1Las [&hellip;]<\/p>\n","protected":false},"author":7,"featured_media":5415,"comment_status":"open","ping_status":"open","sticky":false,"template":"","format":"standard","meta":{"footnotes":""},"categories":[3,83,104,218,9,8,40],"tags":[630,891,1848,173,468,886,1844,1843,1846,1847,1845],"class_list":["post-5412","post","type-post","status-publish","format-standard","has-post-thumbnail","hentry","category-cine","category-familia","category-humor","category-marvel","category-spiderman","category-superheroes","category-superman","tag-dc","tag-ecc","tag-los-valores-del-campo-y-la-esperanza-en-pequenas-dosis","tag-marvel","tag-panini","tag-peter-parker","tag-spiderman-los-dias-de-nuestra-vida","tag-spiderman-los-dias-de-nuestra-vida-peter-parker-con-aroma-a-superman","tag-superman-el-hombre-acero-el-homenaje-de-john-byrne-a-christopher-reeve","tag-superman-red-and-blue-la-vocacion-del-heroe","tag-supermanano-uno-frank-miller-y-los-principios-sustentados-en-la-familia"],"yoast_head":"<!-- This site is optimized with the Yoast SEO plugin v27.4 - https:\/\/yoast.com\/product\/yoast-seo-wordpress\/ -->\n<title>Spiderman: Los d\u00edas de nuestra vida-Peter Parker con aroma a Superman<\/title>\n<meta name=\"description\" content=\"Spiderman: Los d\u00edas de nuestra vida-Peter Parker con aroma a Superman. \u00bfConoces el lado m\u00e1s tierno y gamberro del t\u00edo Ben?\" \/>\n<meta name=\"robots\" content=\"index, follow, max-snippet:-1, max-image-preview:large, max-video-preview:-1\" \/>\n<link rel=\"canonical\" href=\"https:\/\/www.cope.es\/blogs\/cine-y-libertad\/2023\/03\/18\/spiderman-los-dias-de-nuestra-vida-peter-parker-con-aroma-a-superman\/\" \/>\n<meta property=\"og:locale\" content=\"es_ES\" \/>\n<meta property=\"og:type\" content=\"article\" \/>\n<meta property=\"og:title\" content=\"Spiderman: Los d\u00edas de nuestra vida-Peter Parker con aroma a Superman\" \/>\n<meta property=\"og:description\" content=\"Spiderman: Los d\u00edas de nuestra vida-Peter Parker con aroma a Superman. \u00bfConoces el lado m\u00e1s tierno y gamberro del t\u00edo Ben?\" \/>\n<meta property=\"og:url\" content=\"https:\/\/www.cope.es\/blogs\/cine-y-libertad\/2023\/03\/18\/spiderman-los-dias-de-nuestra-vida-peter-parker-con-aroma-a-superman\/\" \/>\n<meta property=\"og:site_name\" content=\"Cine y Libertad\" \/>\n<meta property=\"article:publisher\" content=\"https:\/\/www.facebook.com\/cope\/\" \/>\n<meta property=\"article:author\" content=\"https:\/\/www.facebook.com\/victor.alvarado.56829446\" \/>\n<meta property=\"article:published_time\" content=\"2023-03-17T23:50:17+00:00\" \/>\n<meta property=\"article:modified_time\" content=\"2023-03-18T14:40:22+00:00\" \/>\n<meta property=\"og:image\" content=\"https:\/\/www.cope.es\/blogs\/cine-y-libertad\/wp-content\/uploads\/sites\/7\/2023\/03\/spiderman-los-dias-de-nuestra-vida-peter-parker-con-aroma-a-superman.jpg\" \/>\n\t<meta property=\"og:image:width\" content=\"186\" \/>\n\t<meta property=\"og:image:height\" content=\"270\" \/>\n\t<meta property=\"og:image:type\" content=\"image\/jpeg\" \/>\n<meta name=\"author\" content=\"V\u00edctor Alvarado\" \/>\n<meta name=\"twitter:card\" content=\"summary_large_image\" \/>\n<meta name=\"twitter:creator\" content=\"@cineylibertad\" \/>\n<meta name=\"twitter:site\" content=\"@cope_es\" \/>\n<meta name=\"twitter:label1\" content=\"Escrito por\" \/>\n\t<meta name=\"twitter:data1\" content=\"V\u00edctor Alvarado\" \/>\n\t<meta name=\"twitter:label2\" content=\"Tiempo de lectura\" \/>\n\t<meta name=\"twitter:data2\" content=\"3 minutos\" \/>\n<script type=\"application\/ld+json\" class=\"yoast-schema-graph\">{\"@context\":\"https:\\\/\\\/schema.org\",\"@graph\":[{\"@type\":\"Article\",\"@id\":\"https:\\\/\\\/www.cope.es\\\/blogs\\\/cine-y-libertad\\\/2023\\\/03\\\/18\\\/spiderman-los-dias-de-nuestra-vida-peter-parker-con-aroma-a-superman\\\/#article\",\"isPartOf\":{\"@id\":\"https:\\\/\\\/www.cope.es\\\/blogs\\\/cine-y-libertad\\\/2023\\\/03\\\/18\\\/spiderman-los-dias-de-nuestra-vida-peter-parker-con-aroma-a-superman\\\/\"},\"author\":{\"name\":\"V\u00edctor Alvarado\",\"@id\":\"https:\\\/\\\/www.cope.es\\\/blogs\\\/cine-y-libertad\\\/#\\\/schema\\\/person\\\/c95904a4fbf751a8d9124f8fa8bdaace\"},\"headline\":\"Spiderman: Los d\u00edas de nuestra vida-Peter Parker con aroma a Superman\",\"datePublished\":\"2023-03-17T23:50:17+00:00\",\"dateModified\":\"2023-03-18T14:40:22+00:00\",\"mainEntityOfPage\":{\"@id\":\"https:\\\/\\\/www.cope.es\\\/blogs\\\/cine-y-libertad\\\/2023\\\/03\\\/18\\\/spiderman-los-dias-de-nuestra-vida-peter-parker-con-aroma-a-superman\\\/\"},\"wordCount\":528,\"commentCount\":0,\"image\":{\"@id\":\"https:\\\/\\\/www.cope.es\\\/blogs\\\/cine-y-libertad\\\/2023\\\/03\\\/18\\\/spiderman-los-dias-de-nuestra-vida-peter-parker-con-aroma-a-superman\\\/#primaryimage\"},\"thumbnailUrl\":\"https:\\\/\\\/www.cope.es\\\/blogs\\\/cine-y-libertad\\\/wp-content\\\/uploads\\\/sites\\\/7\\\/2023\\\/03\\\/spiderman-los-dias-de-nuestra-vida-peter-parker-con-aroma-a-superman.jpg\",\"keywords\":[\"DC\",\"ECC\",\"los valores del campo y la esperanza en peque\u00f1as dosis\",\"Marvel\",\"Panini\",\"Peter Parker\",\"Spiderman: Los d\u00edas de nuestra vida\",\"Spiderman: Los d\u00edas de nuestra vida-Peter Parker con aroma a Superman\",\"Superman: El hombre Acero-El homenaje de John Byrne a Christopher Reeve\",\"Superman: Red and Blue-La vocaci\u00f3n del h\u00e9roe\",\"Superman:A\u00f1o uno-Frank Miller y los principios sustentados en la familia\"],\"articleSection\":[\"cine\",\"familia\",\"humor\",\"Marvel\",\"Spiderman\",\"Superh\u00e9roes\",\"Superman\"],\"inLanguage\":\"es\",\"potentialAction\":[{\"@type\":\"CommentAction\",\"name\":\"Comment\",\"target\":[\"https:\\\/\\\/www.cope.es\\\/blogs\\\/cine-y-libertad\\\/2023\\\/03\\\/18\\\/spiderman-los-dias-de-nuestra-vida-peter-parker-con-aroma-a-superman\\\/#respond\"]}]},{\"@type\":\"WebPage\",\"@id\":\"https:\\\/\\\/www.cope.es\\\/blogs\\\/cine-y-libertad\\\/2023\\\/03\\\/18\\\/spiderman-los-dias-de-nuestra-vida-peter-parker-con-aroma-a-superman\\\/\",\"url\":\"https:\\\/\\\/www.cope.es\\\/blogs\\\/cine-y-libertad\\\/2023\\\/03\\\/18\\\/spiderman-los-dias-de-nuestra-vida-peter-parker-con-aroma-a-superman\\\/\",\"name\":\"Spiderman: Los d\u00edas de nuestra vida-Peter Parker con aroma a Superman\",\"isPartOf\":{\"@id\":\"https:\\\/\\\/www.cope.es\\\/blogs\\\/cine-y-libertad\\\/#website\"},\"primaryImageOfPage\":{\"@id\":\"https:\\\/\\\/www.cope.es\\\/blogs\\\/cine-y-libertad\\\/2023\\\/03\\\/18\\\/spiderman-los-dias-de-nuestra-vida-peter-parker-con-aroma-a-superman\\\/#primaryimage\"},\"image\":{\"@id\":\"https:\\\/\\\/www.cope.es\\\/blogs\\\/cine-y-libertad\\\/2023\\\/03\\\/18\\\/spiderman-los-dias-de-nuestra-vida-peter-parker-con-aroma-a-superman\\\/#primaryimage\"},\"thumbnailUrl\":\"https:\\\/\\\/www.cope.es\\\/blogs\\\/cine-y-libertad\\\/wp-content\\\/uploads\\\/sites\\\/7\\\/2023\\\/03\\\/spiderman-los-dias-de-nuestra-vida-peter-parker-con-aroma-a-superman.jpg\",\"datePublished\":\"2023-03-17T23:50:17+00:00\",\"dateModified\":\"2023-03-18T14:40:22+00:00\",\"author\":{\"@id\":\"https:\\\/\\\/www.cope.es\\\/blogs\\\/cine-y-libertad\\\/#\\\/schema\\\/person\\\/c95904a4fbf751a8d9124f8fa8bdaace\"},\"description\":\"Spiderman: Los d\u00edas de nuestra vida-Peter Parker con aroma a Superman. \u00bfConoces el lado m\u00e1s tierno y gamberro del t\u00edo Ben?\",\"breadcrumb\":{\"@id\":\"https:\\\/\\\/www.cope.es\\\/blogs\\\/cine-y-libertad\\\/2023\\\/03\\\/18\\\/spiderman-los-dias-de-nuestra-vida-peter-parker-con-aroma-a-superman\\\/#breadcrumb\"},\"inLanguage\":\"es\",\"potentialAction\":[{\"@type\":\"ReadAction\",\"target\":[\"https:\\\/\\\/www.cope.es\\\/blogs\\\/cine-y-libertad\\\/2023\\\/03\\\/18\\\/spiderman-los-dias-de-nuestra-vida-peter-parker-con-aroma-a-superman\\\/\"]}]},{\"@type\":\"ImageObject\",\"inLanguage\":\"es\",\"@id\":\"https:\\\/\\\/www.cope.es\\\/blogs\\\/cine-y-libertad\\\/2023\\\/03\\\/18\\\/spiderman-los-dias-de-nuestra-vida-peter-parker-con-aroma-a-superman\\\/#primaryimage\",\"url\":\"https:\\\/\\\/www.cope.es\\\/blogs\\\/cine-y-libertad\\\/wp-content\\\/uploads\\\/sites\\\/7\\\/2023\\\/03\\\/spiderman-los-dias-de-nuestra-vida-peter-parker-con-aroma-a-superman.jpg\",\"contentUrl\":\"https:\\\/\\\/www.cope.es\\\/blogs\\\/cine-y-libertad\\\/wp-content\\\/uploads\\\/sites\\\/7\\\/2023\\\/03\\\/spiderman-los-dias-de-nuestra-vida-peter-parker-con-aroma-a-superman.jpg\",\"width\":186,\"height\":270},{\"@type\":\"BreadcrumbList\",\"@id\":\"https:\\\/\\\/www.cope.es\\\/blogs\\\/cine-y-libertad\\\/2023\\\/03\\\/18\\\/spiderman-los-dias-de-nuestra-vida-peter-parker-con-aroma-a-superman\\\/#breadcrumb\",\"itemListElement\":[{\"@type\":\"ListItem\",\"position\":1,\"name\":\"Portada\",\"item\":\"https:\\\/\\\/www.cope.es\\\/blogs\\\/cine-y-libertad\\\/\"},{\"@type\":\"ListItem\",\"position\":2,\"name\":\"Spiderman: Los d\u00edas de nuestra vida-Peter Parker con aroma a Superman\"}]},{\"@type\":\"WebSite\",\"@id\":\"https:\\\/\\\/www.cope.es\\\/blogs\\\/cine-y-libertad\\\/#website\",\"url\":\"https:\\\/\\\/www.cope.es\\\/blogs\\\/cine-y-libertad\\\/\",\"name\":\"Cine y Libertad\",\"description\":\"Cine y Libertad un blog de COPE\",\"potentialAction\":[{\"@type\":\"SearchAction\",\"target\":{\"@type\":\"EntryPoint\",\"urlTemplate\":\"https:\\\/\\\/www.cope.es\\\/blogs\\\/cine-y-libertad\\\/?s={search_term_string}\"},\"query-input\":{\"@type\":\"PropertyValueSpecification\",\"valueRequired\":true,\"valueName\":\"search_term_string\"}}],\"inLanguage\":\"es\"},{\"@type\":\"Person\",\"@id\":\"https:\\\/\\\/www.cope.es\\\/blogs\\\/cine-y-libertad\\\/#\\\/schema\\\/person\\\/c95904a4fbf751a8d9124f8fa8bdaace\",\"name\":\"V\u00edctor Alvarado\",\"image\":{\"@type\":\"ImageObject\",\"inLanguage\":\"es\",\"@id\":\"https:\\\/\\\/secure.gravatar.com\\\/avatar\\\/db4634ae2001f7f920b8294d926f3e737ada04196e014ebacae29a4848f905f4?s=96&d=mm&r=g\",\"url\":\"https:\\\/\\\/secure.gravatar.com\\\/avatar\\\/db4634ae2001f7f920b8294d926f3e737ada04196e014ebacae29a4848f905f4?s=96&d=mm&r=g\",\"contentUrl\":\"https:\\\/\\\/secure.gravatar.com\\\/avatar\\\/db4634ae2001f7f920b8294d926f3e737ada04196e014ebacae29a4848f905f4?s=96&d=mm&r=g\",\"caption\":\"V\u00edctor Alvarado\"},\"description\":\"V\u00edctor Alvarado tiene una larga experiencia tanto en medios de comunicaci\u00f3n como en educaci\u00f3n. Dirige el programa de radio, Directo a las Estrellas, en Intereconom\u00eda (Castilla y Le\u00f3n) y Informa Radio en toda Espa\u00f1a. Ha colaborado en Radio Inter y Esradio. Cr\u00edtico de cine en Pantalla 90, Diario Ya y P\u00e1ginas Digital. Es miembro del CEC. Es el autor de libro: La fe, la \u00e9tica y los valores de los superh\u00e9roes (PPC). Esta es su web: www.cineylibertad.com y, por supuesto, lleva m\u00e1s de 5 a\u00f1os como bloguero de Cope, donde analiza el cine, los c\u00f3mics y los libros desde una \u00f3ptica antropol\u00f3gica y axiol\u00f3gica, atendiendo a todas las dimensiones del ser humano.\",\"sameAs\":[\"http:\\\/\\\/www.cineylibertad.com\",\"https:\\\/\\\/www.facebook.com\\\/victor.alvarado.56829446\",\"https:\\\/\\\/www.instagram.com\\\/cineylibertad\\\/\",\"https:\\\/\\\/x.com\\\/cineylibertad\"],\"url\":\"https:\\\/\\\/www.cope.es\\\/blogs\\\/cine-y-libertad\\\/author\\\/valvarado\\\/\"}]}<\/script>\n<!-- \/ Yoast SEO plugin. -->","yoast_head_json":{"title":"Spiderman: Los d\u00edas de nuestra vida-Peter Parker con aroma a Superman","description":"Spiderman: Los d\u00edas de nuestra vida-Peter Parker con aroma a Superman. \u00bfConoces el lado m\u00e1s tierno y gamberro del t\u00edo Ben?","robots":{"index":"index","follow":"follow","max-snippet":"max-snippet:-1","max-image-preview":"max-image-preview:large","max-video-preview":"max-video-preview:-1"},"canonical":"https:\/\/www.cope.es\/blogs\/cine-y-libertad\/2023\/03\/18\/spiderman-los-dias-de-nuestra-vida-peter-parker-con-aroma-a-superman\/","og_locale":"es_ES","og_type":"article","og_title":"Spiderman: Los d\u00edas de nuestra vida-Peter Parker con aroma a Superman","og_description":"Spiderman: Los d\u00edas de nuestra vida-Peter Parker con aroma a Superman. \u00bfConoces el lado m\u00e1s tierno y gamberro del t\u00edo Ben?","og_url":"https:\/\/www.cope.es\/blogs\/cine-y-libertad\/2023\/03\/18\/spiderman-los-dias-de-nuestra-vida-peter-parker-con-aroma-a-superman\/","og_site_name":"Cine y Libertad","article_publisher":"https:\/\/www.facebook.com\/cope\/","article_author":"https:\/\/www.facebook.com\/victor.alvarado.56829446","article_published_time":"2023-03-17T23:50:17+00:00","article_modified_time":"2023-03-18T14:40:22+00:00","og_image":[{"width":186,"height":270,"url":"https:\/\/www.cope.es\/blogs\/cine-y-libertad\/wp-content\/uploads\/sites\/7\/2023\/03\/spiderman-los-dias-de-nuestra-vida-peter-parker-con-aroma-a-superman.jpg","type":"image\/jpeg"}],"author":"V\u00edctor Alvarado","twitter_card":"summary_large_image","twitter_creator":"@cineylibertad","twitter_site":"@cope_es","twitter_misc":{"Escrito por":"V\u00edctor Alvarado","Tiempo de lectura":"3 minutos"},"schema":{"@context":"https:\/\/schema.org","@graph":[{"@type":"Article","@id":"https:\/\/www.cope.es\/blogs\/cine-y-libertad\/2023\/03\/18\/spiderman-los-dias-de-nuestra-vida-peter-parker-con-aroma-a-superman\/#article","isPartOf":{"@id":"https:\/\/www.cope.es\/blogs\/cine-y-libertad\/2023\/03\/18\/spiderman-los-dias-de-nuestra-vida-peter-parker-con-aroma-a-superman\/"},"author":{"name":"V\u00edctor Alvarado","@id":"https:\/\/www.cope.es\/blogs\/cine-y-libertad\/#\/schema\/person\/c95904a4fbf751a8d9124f8fa8bdaace"},"headline":"Spiderman: Los d\u00edas de nuestra vida-Peter Parker con aroma a Superman","datePublished":"2023-03-17T23:50:17+00:00","dateModified":"2023-03-18T14:40:22+00:00","mainEntityOfPage":{"@id":"https:\/\/www.cope.es\/blogs\/cine-y-libertad\/2023\/03\/18\/spiderman-los-dias-de-nuestra-vida-peter-parker-con-aroma-a-superman\/"},"wordCount":528,"commentCount":0,"image":{"@id":"https:\/\/www.cope.es\/blogs\/cine-y-libertad\/2023\/03\/18\/spiderman-los-dias-de-nuestra-vida-peter-parker-con-aroma-a-superman\/#primaryimage"},"thumbnailUrl":"https:\/\/www.cope.es\/blogs\/cine-y-libertad\/wp-content\/uploads\/sites\/7\/2023\/03\/spiderman-los-dias-de-nuestra-vida-peter-parker-con-aroma-a-superman.jpg","keywords":["DC","ECC","los valores del campo y la esperanza en peque\u00f1as dosis","Marvel","Panini","Peter Parker","Spiderman: Los d\u00edas de nuestra vida","Spiderman: Los d\u00edas de nuestra vida-Peter Parker con aroma a Superman","Superman: El hombre Acero-El homenaje de John Byrne a Christopher Reeve","Superman: Red and Blue-La vocaci\u00f3n del h\u00e9roe","Superman:A\u00f1o uno-Frank Miller y los principios sustentados en la familia"],"articleSection":["cine","familia","humor","Marvel","Spiderman","Superh\u00e9roes","Superman"],"inLanguage":"es","potentialAction":[{"@type":"CommentAction","name":"Comment","target":["https:\/\/www.cope.es\/blogs\/cine-y-libertad\/2023\/03\/18\/spiderman-los-dias-de-nuestra-vida-peter-parker-con-aroma-a-superman\/#respond"]}]},{"@type":"WebPage","@id":"https:\/\/www.cope.es\/blogs\/cine-y-libertad\/2023\/03\/18\/spiderman-los-dias-de-nuestra-vida-peter-parker-con-aroma-a-superman\/","url":"https:\/\/www.cope.es\/blogs\/cine-y-libertad\/2023\/03\/18\/spiderman-los-dias-de-nuestra-vida-peter-parker-con-aroma-a-superman\/","name":"Spiderman: Los d\u00edas de nuestra vida-Peter Parker con aroma a Superman","isPartOf":{"@id":"https:\/\/www.cope.es\/blogs\/cine-y-libertad\/#website"},"primaryImageOfPage":{"@id":"https:\/\/www.cope.es\/blogs\/cine-y-libertad\/2023\/03\/18\/spiderman-los-dias-de-nuestra-vida-peter-parker-con-aroma-a-superman\/#primaryimage"},"image":{"@id":"https:\/\/www.cope.es\/blogs\/cine-y-libertad\/2023\/03\/18\/spiderman-los-dias-de-nuestra-vida-peter-parker-con-aroma-a-superman\/#primaryimage"},"thumbnailUrl":"https:\/\/www.cope.es\/blogs\/cine-y-libertad\/wp-content\/uploads\/sites\/7\/2023\/03\/spiderman-los-dias-de-nuestra-vida-peter-parker-con-aroma-a-superman.jpg","datePublished":"2023-03-17T23:50:17+00:00","dateModified":"2023-03-18T14:40:22+00:00","author":{"@id":"https:\/\/www.cope.es\/blogs\/cine-y-libertad\/#\/schema\/person\/c95904a4fbf751a8d9124f8fa8bdaace"},"description":"Spiderman: Los d\u00edas de nuestra vida-Peter Parker con aroma a Superman. \u00bfConoces el lado m\u00e1s tierno y gamberro del t\u00edo Ben?","breadcrumb":{"@id":"https:\/\/www.cope.es\/blogs\/cine-y-libertad\/2023\/03\/18\/spiderman-los-dias-de-nuestra-vida-peter-parker-con-aroma-a-superman\/#breadcrumb"},"inLanguage":"es","potentialAction":[{"@type":"ReadAction","target":["https:\/\/www.cope.es\/blogs\/cine-y-libertad\/2023\/03\/18\/spiderman-los-dias-de-nuestra-vida-peter-parker-con-aroma-a-superman\/"]}]},{"@type":"ImageObject","inLanguage":"es","@id":"https:\/\/www.cope.es\/blogs\/cine-y-libertad\/2023\/03\/18\/spiderman-los-dias-de-nuestra-vida-peter-parker-con-aroma-a-superman\/#primaryimage","url":"https:\/\/www.cope.es\/blogs\/cine-y-libertad\/wp-content\/uploads\/sites\/7\/2023\/03\/spiderman-los-dias-de-nuestra-vida-peter-parker-con-aroma-a-superman.jpg","contentUrl":"https:\/\/www.cope.es\/blogs\/cine-y-libertad\/wp-content\/uploads\/sites\/7\/2023\/03\/spiderman-los-dias-de-nuestra-vida-peter-parker-con-aroma-a-superman.jpg","width":186,"height":270},{"@type":"BreadcrumbList","@id":"https:\/\/www.cope.es\/blogs\/cine-y-libertad\/2023\/03\/18\/spiderman-los-dias-de-nuestra-vida-peter-parker-con-aroma-a-superman\/#breadcrumb","itemListElement":[{"@type":"ListItem","position":1,"name":"Portada","item":"https:\/\/www.cope.es\/blogs\/cine-y-libertad\/"},{"@type":"ListItem","position":2,"name":"Spiderman: Los d\u00edas de nuestra vida-Peter Parker con aroma a Superman"}]},{"@type":"WebSite","@id":"https:\/\/www.cope.es\/blogs\/cine-y-libertad\/#website","url":"https:\/\/www.cope.es\/blogs\/cine-y-libertad\/","name":"Cine y Libertad","description":"Cine y Libertad un blog de COPE","potentialAction":[{"@type":"SearchAction","target":{"@type":"EntryPoint","urlTemplate":"https:\/\/www.cope.es\/blogs\/cine-y-libertad\/?s={search_term_string}"},"query-input":{"@type":"PropertyValueSpecification","valueRequired":true,"valueName":"search_term_string"}}],"inLanguage":"es"},{"@type":"Person","@id":"https:\/\/www.cope.es\/blogs\/cine-y-libertad\/#\/schema\/person\/c95904a4fbf751a8d9124f8fa8bdaace","name":"V\u00edctor Alvarado","image":{"@type":"ImageObject","inLanguage":"es","@id":"https:\/\/secure.gravatar.com\/avatar\/db4634ae2001f7f920b8294d926f3e737ada04196e014ebacae29a4848f905f4?s=96&d=mm&r=g","url":"https:\/\/secure.gravatar.com\/avatar\/db4634ae2001f7f920b8294d926f3e737ada04196e014ebacae29a4848f905f4?s=96&d=mm&r=g","contentUrl":"https:\/\/secure.gravatar.com\/avatar\/db4634ae2001f7f920b8294d926f3e737ada04196e014ebacae29a4848f905f4?s=96&d=mm&r=g","caption":"V\u00edctor Alvarado"},"description":"V\u00edctor Alvarado tiene una larga experiencia tanto en medios de comunicaci\u00f3n como en educaci\u00f3n. Dirige el programa de radio, Directo a las Estrellas, en Intereconom\u00eda (Castilla y Le\u00f3n) y Informa Radio en toda Espa\u00f1a. Ha colaborado en Radio Inter y Esradio. Cr\u00edtico de cine en Pantalla 90, Diario Ya y P\u00e1ginas Digital. Es miembro del CEC. Es el autor de libro: La fe, la \u00e9tica y los valores de los superh\u00e9roes (PPC). Esta es su web: www.cineylibertad.com y, por supuesto, lleva m\u00e1s de 5 a\u00f1os como bloguero de Cope, donde analiza el cine, los c\u00f3mics y los libros desde una \u00f3ptica antropol\u00f3gica y axiol\u00f3gica, atendiendo a todas las dimensiones del ser humano.","sameAs":["http:\/\/www.cineylibertad.com","https:\/\/www.facebook.com\/victor.alvarado.56829446","https:\/\/www.instagram.com\/cineylibertad\/","https:\/\/x.com\/cineylibertad"],"url":"https:\/\/www.cope.es\/blogs\/cine-y-libertad\/author\/valvarado\/"}]}},"amp_enabled":true,"_links":{"self":[{"href":"https:\/\/www.cope.es\/blogs\/cine-y-libertad\/wp-json\/wp\/v2\/posts\/5412","targetHints":{"allow":["GET"]}}],"collection":[{"href":"https:\/\/www.cope.es\/blogs\/cine-y-libertad\/wp-json\/wp\/v2\/posts"}],"about":[{"href":"https:\/\/www.cope.es\/blogs\/cine-y-libertad\/wp-json\/wp\/v2\/types\/post"}],"author":[{"embeddable":true,"href":"https:\/\/www.cope.es\/blogs\/cine-y-libertad\/wp-json\/wp\/v2\/users\/7"}],"replies":[{"embeddable":true,"href":"https:\/\/www.cope.es\/blogs\/cine-y-libertad\/wp-json\/wp\/v2\/comments?post=5412"}],"version-history":[{"count":2,"href":"https:\/\/www.cope.es\/blogs\/cine-y-libertad\/wp-json\/wp\/v2\/posts\/5412\/revisions"}],"predecessor-version":[{"id":5422,"href":"https:\/\/www.cope.es\/blogs\/cine-y-libertad\/wp-json\/wp\/v2\/posts\/5412\/revisions\/5422"}],"wp:featuredmedia":[{"embeddable":true,"href":"https:\/\/www.cope.es\/blogs\/cine-y-libertad\/wp-json\/wp\/v2\/media\/5415"}],"wp:attachment":[{"href":"https:\/\/www.cope.es\/blogs\/cine-y-libertad\/wp-json\/wp\/v2\/media?parent=5412"}],"wp:term":[{"taxonomy":"category","embeddable":true,"href":"https:\/\/www.cope.es\/blogs\/cine-y-libertad\/wp-json\/wp\/v2\/categories?post=5412"},{"taxonomy":"post_tag","embeddable":true,"href":"https:\/\/www.cope.es\/blogs\/cine-y-libertad\/wp-json\/wp\/v2\/tags?post=5412"}],"curies":[{"name":"wp","href":"https:\/\/api.w.org\/{rel}","templated":true}]}}