{"id":541,"date":"2018-09-28T09:21:25","date_gmt":"2018-09-28T07:21:25","guid":{"rendered":"http:\/\/www.cope.es\/blogs\/cine-y-libertad\/?p=541"},"modified":"2018-09-28T11:28:47","modified_gmt":"2018-09-28T09:28:47","slug":"una-television-con-dos-cadenas-un-estudio-concienzudo-sobre-tve","status":"publish","type":"post","link":"https:\/\/www.cope.es\/blogs\/cine-y-libertad\/2018\/09\/28\/una-television-con-dos-cadenas-un-estudio-concienzudo-sobre-tve\/","title":{"rendered":"Una televisi\u00f3n con dos cadenas-Un estudio concienzudo sobre TVE"},"content":{"rendered":"<p><img loading=\"lazy\" decoding=\"async\" width=\"200\" height=\"245\" class=\"alignnone size-full wp-image-542\" src=\"http:\/\/www.cope.es\/blogs\/cine-y-libertad\/wp-content\/uploads\/sites\/7\/2018\/09\/tve.jpg\" alt=\"\" \/><\/p>\n<p>\u00bfCu\u00e1nto ha durado la investigaci\u00f3n?\u00bfEra La clave un programa abierto?\u00bfQu\u00e9 pas\u00f3 con los programas infantiles o\u00a0 el Un, dos tres?\u00bfCu\u00e1les fueron los informativos m\u00e1s objetivos? No puedes perderte la entrevista que hicimos a Julio Montero. Aqu\u00ed puedes escucharla:<a title=\"Una televisi\u00f3n con dos cadenas-Un estudio concienzudo sobre TVE\" href=\"http:\/\/www.cineylibertad.com\/una-television-con-dos-cadenas-un-estudio-concienzudo-sobre-tve\/\">Una televisi\u00f3n con dos cadenas-Un estudio concienzudo sobre TVE<\/a><\/p>\n<p>La editorial C\u00e1tedra nos habla de su libro:<\/p>\n<p>Este libro no tiene antecedentes en la bibliograf\u00eda espa\u00f1ola, por lo que ha de convertirse, sin duda alguna, en un referente obligado para cualquier lector interesado en la historia de la televisi\u00f3n. Hasta este momento no se hab\u00eda abordado de modo sistem\u00e1tico y completo la investigaci\u00f3n de la programaci\u00f3n y de los programas televisivos en Espa\u00f1a. Los espectadores que visionaban aquella televisi\u00f3n que empez\u00f3 a emitir en 1956 y que, recordemos, era la \u00fanica para toda Espa\u00f1a, fueron construyendo su imaginario con las im\u00e1genes que presentaba su receptor de los avatares de aquellos a\u00f1os. Todo ello pertenece ya a su memoria y su biograf\u00eda. Las aportaciones que componen este volumen responden a un trabajo de investigaci\u00f3n sistem\u00e1tico y riguroso. Con \u00e9l se rompe tambi\u00e9n el mito de la falta de fuentes para construir la historia del origen y primer desarrollo de la televisi\u00f3n. Se han consultado los abundantes fondos documentales del Archivo de la Administraci\u00f3n de Alcal\u00e1 de Henares, se han visionado las inabarcables grabaciones de programas y publicidad que se conservan en Prado del Rey, se han revisado muchas de las muy abundantes referencias de la prensa generalista y las revistas especializadas; por no hablar de archivos particulares, memorias y entrevistas a protagonistas.<\/p>\n<div class=\"boxTexto\">\n<p>Twitter:\u00a0<span class=\"x_DashboardProfileCard-screenname x_u-inlineBlock x_u-dir\"><a class=\"x_DashboardProfileCard-screennameLink x_u-linkComplex x_u-linkClean\" href=\"https:\/\/twitter.com\/cineylibertad\" target=\"_blank\">@<span class=\"x_u-linkComplex-target\">cineylibertad<\/span><\/a><\/span><\/p>\n<\/div>\n","protected":false},"excerpt":{"rendered":"<p>\u00bfCu\u00e1nto ha durado la investigaci\u00f3n?\u00bfEra La clave un programa abierto?\u00bfQu\u00e9 pas\u00f3 con los programas infantiles o\u00a0 el Un, dos tres?\u00bfCu\u00e1les fueron los informativos m\u00e1s objetivos? No puedes perderte la entrevista que hicimos a Julio Montero. Aqu\u00ed puedes escucharla:Una televisi\u00f3n con dos cadenas-Un estudio concienzudo sobre TVE La editorial C\u00e1tedra nos habla de su libro: Este [&hellip;]<\/p>\n","protected":false},"author":7,"featured_media":542,"comment_status":"open","ping_status":"open","sticky":false,"template":"","format":"standard","meta":{"footnotes":""},"categories":[5,34],"tags":[],"class_list":["post-541","post","type-post","status-publish","format-standard","has-post-thumbnail","hentry","category-libros","category-television"],"yoast_head":"<!-- This site is optimized with the Yoast SEO plugin v27.4 - https:\/\/yoast.com\/product\/yoast-seo-wordpress\/ -->\n<title>Una televisi\u00f3n con dos cadenas-Un estudio concienzudo sobre TVE - Cine y Libertad<\/title>\n<meta name=\"robots\" content=\"index, follow, max-snippet:-1, max-image-preview:large, max-video-preview:-1\" \/>\n<link rel=\"canonical\" href=\"https:\/\/www.cope.es\/blogs\/cine-y-libertad\/2018\/09\/28\/una-television-con-dos-cadenas-un-estudio-concienzudo-sobre-tve\/\" \/>\n<meta property=\"og:locale\" content=\"es_ES\" \/>\n<meta property=\"og:type\" content=\"article\" \/>\n<meta property=\"og:title\" content=\"Una televisi\u00f3n con dos cadenas-Un estudio concienzudo sobre TVE - Cine y Libertad\" \/>\n<meta property=\"og:description\" content=\"\u00bfCu\u00e1nto ha durado la investigaci\u00f3n?\u00bfEra La clave un programa abierto?\u00bfQu\u00e9 pas\u00f3 con los programas infantiles o\u00a0 el Un, dos tres?\u00bfCu\u00e1les fueron los informativos m\u00e1s objetivos? No puedes perderte la entrevista que hicimos a Julio Montero. Aqu\u00ed puedes escucharla:Una televisi\u00f3n con dos cadenas-Un estudio concienzudo sobre TVE La editorial C\u00e1tedra nos habla de su libro: Este [&hellip;]\" \/>\n<meta property=\"og:url\" content=\"https:\/\/www.cope.es\/blogs\/cine-y-libertad\/2018\/09\/28\/una-television-con-dos-cadenas-un-estudio-concienzudo-sobre-tve\/\" \/>\n<meta property=\"og:site_name\" content=\"Cine y Libertad\" \/>\n<meta property=\"article:publisher\" content=\"https:\/\/www.facebook.com\/cope\/\" \/>\n<meta property=\"article:author\" content=\"https:\/\/www.facebook.com\/victor.alvarado.56829446\" \/>\n<meta property=\"article:published_time\" content=\"2018-09-28T07:21:25+00:00\" \/>\n<meta property=\"article:modified_time\" content=\"2018-09-28T09:28:47+00:00\" \/>\n<meta property=\"og:image\" content=\"https:\/\/www.cope.es\/blogs\/cine-y-libertad\/wp-content\/uploads\/sites\/7\/2018\/09\/tve.jpg\" \/>\n\t<meta property=\"og:image:width\" content=\"200\" \/>\n\t<meta property=\"og:image:height\" content=\"245\" \/>\n\t<meta property=\"og:image:type\" content=\"image\/jpeg\" \/>\n<meta name=\"author\" content=\"V\u00edctor Alvarado\" \/>\n<meta name=\"twitter:card\" content=\"summary_large_image\" \/>\n<meta name=\"twitter:creator\" content=\"@cineylibertad\" \/>\n<meta name=\"twitter:site\" content=\"@cope_es\" \/>\n<meta name=\"twitter:label1\" content=\"Escrito por\" \/>\n\t<meta name=\"twitter:data1\" content=\"V\u00edctor Alvarado\" \/>\n\t<meta name=\"twitter:label2\" content=\"Tiempo de lectura\" \/>\n\t<meta name=\"twitter:data2\" content=\"1 minuto\" \/>\n<script type=\"application\/ld+json\" class=\"yoast-schema-graph\">{\"@context\":\"https:\\\/\\\/schema.org\",\"@graph\":[{\"@type\":\"Article\",\"@id\":\"https:\\\/\\\/www.cope.es\\\/blogs\\\/cine-y-libertad\\\/2018\\\/09\\\/28\\\/una-television-con-dos-cadenas-un-estudio-concienzudo-sobre-tve\\\/#article\",\"isPartOf\":{\"@id\":\"https:\\\/\\\/www.cope.es\\\/blogs\\\/cine-y-libertad\\\/2018\\\/09\\\/28\\\/una-television-con-dos-cadenas-un-estudio-concienzudo-sobre-tve\\\/\"},\"author\":{\"name\":\"V\u00edctor Alvarado\",\"@id\":\"https:\\\/\\\/www.cope.es\\\/blogs\\\/cine-y-libertad\\\/#\\\/schema\\\/person\\\/c95904a4fbf751a8d9124f8fa8bdaace\"},\"headline\":\"Una televisi\u00f3n con dos cadenas-Un estudio concienzudo sobre TVE\",\"datePublished\":\"2018-09-28T07:21:25+00:00\",\"dateModified\":\"2018-09-28T09:28:47+00:00\",\"mainEntityOfPage\":{\"@id\":\"https:\\\/\\\/www.cope.es\\\/blogs\\\/cine-y-libertad\\\/2018\\\/09\\\/28\\\/una-television-con-dos-cadenas-un-estudio-concienzudo-sobre-tve\\\/\"},\"wordCount\":297,\"commentCount\":0,\"image\":{\"@id\":\"https:\\\/\\\/www.cope.es\\\/blogs\\\/cine-y-libertad\\\/2018\\\/09\\\/28\\\/una-television-con-dos-cadenas-un-estudio-concienzudo-sobre-tve\\\/#primaryimage\"},\"thumbnailUrl\":\"https:\\\/\\\/www.cope.es\\\/blogs\\\/cine-y-libertad\\\/wp-content\\\/uploads\\\/sites\\\/7\\\/2018\\\/09\\\/tve.jpg\",\"articleSection\":[\"libros\",\"Televisi\u00f3n\"],\"inLanguage\":\"es\",\"potentialAction\":[{\"@type\":\"CommentAction\",\"name\":\"Comment\",\"target\":[\"https:\\\/\\\/www.cope.es\\\/blogs\\\/cine-y-libertad\\\/2018\\\/09\\\/28\\\/una-television-con-dos-cadenas-un-estudio-concienzudo-sobre-tve\\\/#respond\"]}]},{\"@type\":\"WebPage\",\"@id\":\"https:\\\/\\\/www.cope.es\\\/blogs\\\/cine-y-libertad\\\/2018\\\/09\\\/28\\\/una-television-con-dos-cadenas-un-estudio-concienzudo-sobre-tve\\\/\",\"url\":\"https:\\\/\\\/www.cope.es\\\/blogs\\\/cine-y-libertad\\\/2018\\\/09\\\/28\\\/una-television-con-dos-cadenas-un-estudio-concienzudo-sobre-tve\\\/\",\"name\":\"Una televisi\u00f3n con dos cadenas-Un estudio concienzudo sobre TVE - Cine y Libertad\",\"isPartOf\":{\"@id\":\"https:\\\/\\\/www.cope.es\\\/blogs\\\/cine-y-libertad\\\/#website\"},\"primaryImageOfPage\":{\"@id\":\"https:\\\/\\\/www.cope.es\\\/blogs\\\/cine-y-libertad\\\/2018\\\/09\\\/28\\\/una-television-con-dos-cadenas-un-estudio-concienzudo-sobre-tve\\\/#primaryimage\"},\"image\":{\"@id\":\"https:\\\/\\\/www.cope.es\\\/blogs\\\/cine-y-libertad\\\/2018\\\/09\\\/28\\\/una-television-con-dos-cadenas-un-estudio-concienzudo-sobre-tve\\\/#primaryimage\"},\"thumbnailUrl\":\"https:\\\/\\\/www.cope.es\\\/blogs\\\/cine-y-libertad\\\/wp-content\\\/uploads\\\/sites\\\/7\\\/2018\\\/09\\\/tve.jpg\",\"datePublished\":\"2018-09-28T07:21:25+00:00\",\"dateModified\":\"2018-09-28T09:28:47+00:00\",\"author\":{\"@id\":\"https:\\\/\\\/www.cope.es\\\/blogs\\\/cine-y-libertad\\\/#\\\/schema\\\/person\\\/c95904a4fbf751a8d9124f8fa8bdaace\"},\"breadcrumb\":{\"@id\":\"https:\\\/\\\/www.cope.es\\\/blogs\\\/cine-y-libertad\\\/2018\\\/09\\\/28\\\/una-television-con-dos-cadenas-un-estudio-concienzudo-sobre-tve\\\/#breadcrumb\"},\"inLanguage\":\"es\",\"potentialAction\":[{\"@type\":\"ReadAction\",\"target\":[\"https:\\\/\\\/www.cope.es\\\/blogs\\\/cine-y-libertad\\\/2018\\\/09\\\/28\\\/una-television-con-dos-cadenas-un-estudio-concienzudo-sobre-tve\\\/\"]}]},{\"@type\":\"ImageObject\",\"inLanguage\":\"es\",\"@id\":\"https:\\\/\\\/www.cope.es\\\/blogs\\\/cine-y-libertad\\\/2018\\\/09\\\/28\\\/una-television-con-dos-cadenas-un-estudio-concienzudo-sobre-tve\\\/#primaryimage\",\"url\":\"https:\\\/\\\/www.cope.es\\\/blogs\\\/cine-y-libertad\\\/wp-content\\\/uploads\\\/sites\\\/7\\\/2018\\\/09\\\/tve.jpg\",\"contentUrl\":\"https:\\\/\\\/www.cope.es\\\/blogs\\\/cine-y-libertad\\\/wp-content\\\/uploads\\\/sites\\\/7\\\/2018\\\/09\\\/tve.jpg\",\"width\":200,\"height\":245},{\"@type\":\"BreadcrumbList\",\"@id\":\"https:\\\/\\\/www.cope.es\\\/blogs\\\/cine-y-libertad\\\/2018\\\/09\\\/28\\\/una-television-con-dos-cadenas-un-estudio-concienzudo-sobre-tve\\\/#breadcrumb\",\"itemListElement\":[{\"@type\":\"ListItem\",\"position\":1,\"name\":\"Portada\",\"item\":\"https:\\\/\\\/www.cope.es\\\/blogs\\\/cine-y-libertad\\\/\"},{\"@type\":\"ListItem\",\"position\":2,\"name\":\"Una televisi\u00f3n con dos cadenas-Un estudio concienzudo sobre TVE\"}]},{\"@type\":\"WebSite\",\"@id\":\"https:\\\/\\\/www.cope.es\\\/blogs\\\/cine-y-libertad\\\/#website\",\"url\":\"https:\\\/\\\/www.cope.es\\\/blogs\\\/cine-y-libertad\\\/\",\"name\":\"Cine y Libertad\",\"description\":\"Cine y Libertad un blog de COPE\",\"potentialAction\":[{\"@type\":\"SearchAction\",\"target\":{\"@type\":\"EntryPoint\",\"urlTemplate\":\"https:\\\/\\\/www.cope.es\\\/blogs\\\/cine-y-libertad\\\/?s={search_term_string}\"},\"query-input\":{\"@type\":\"PropertyValueSpecification\",\"valueRequired\":true,\"valueName\":\"search_term_string\"}}],\"inLanguage\":\"es\"},{\"@type\":\"Person\",\"@id\":\"https:\\\/\\\/www.cope.es\\\/blogs\\\/cine-y-libertad\\\/#\\\/schema\\\/person\\\/c95904a4fbf751a8d9124f8fa8bdaace\",\"name\":\"V\u00edctor Alvarado\",\"image\":{\"@type\":\"ImageObject\",\"inLanguage\":\"es\",\"@id\":\"https:\\\/\\\/secure.gravatar.com\\\/avatar\\\/db4634ae2001f7f920b8294d926f3e737ada04196e014ebacae29a4848f905f4?s=96&d=mm&r=g\",\"url\":\"https:\\\/\\\/secure.gravatar.com\\\/avatar\\\/db4634ae2001f7f920b8294d926f3e737ada04196e014ebacae29a4848f905f4?s=96&d=mm&r=g\",\"contentUrl\":\"https:\\\/\\\/secure.gravatar.com\\\/avatar\\\/db4634ae2001f7f920b8294d926f3e737ada04196e014ebacae29a4848f905f4?s=96&d=mm&r=g\",\"caption\":\"V\u00edctor Alvarado\"},\"description\":\"V\u00edctor Alvarado tiene una larga experiencia tanto en medios de comunicaci\u00f3n como en educaci\u00f3n. Dirige el programa de radio, Directo a las Estrellas, en Intereconom\u00eda (Castilla y Le\u00f3n) y Informa Radio en toda Espa\u00f1a. Ha colaborado en Radio Inter y Esradio. Cr\u00edtico de cine en Pantalla 90, Diario Ya y P\u00e1ginas Digital. Es miembro del CEC. Es el autor de libro: La fe, la \u00e9tica y los valores de los superh\u00e9roes (PPC). Esta es su web: www.cineylibertad.com y, por supuesto, lleva m\u00e1s de 5 a\u00f1os como bloguero de Cope, donde analiza el cine, los c\u00f3mics y los libros desde una \u00f3ptica antropol\u00f3gica y axiol\u00f3gica, atendiendo a todas las dimensiones del ser humano.\",\"sameAs\":[\"http:\\\/\\\/www.cineylibertad.com\",\"https:\\\/\\\/www.facebook.com\\\/victor.alvarado.56829446\",\"https:\\\/\\\/www.instagram.com\\\/cineylibertad\\\/\",\"https:\\\/\\\/x.com\\\/cineylibertad\"],\"url\":\"https:\\\/\\\/www.cope.es\\\/blogs\\\/cine-y-libertad\\\/author\\\/valvarado\\\/\"}]}<\/script>\n<!-- \/ Yoast SEO plugin. -->","yoast_head_json":{"title":"Una televisi\u00f3n con dos cadenas-Un estudio concienzudo sobre TVE - Cine y Libertad","robots":{"index":"index","follow":"follow","max-snippet":"max-snippet:-1","max-image-preview":"max-image-preview:large","max-video-preview":"max-video-preview:-1"},"canonical":"https:\/\/www.cope.es\/blogs\/cine-y-libertad\/2018\/09\/28\/una-television-con-dos-cadenas-un-estudio-concienzudo-sobre-tve\/","og_locale":"es_ES","og_type":"article","og_title":"Una televisi\u00f3n con dos cadenas-Un estudio concienzudo sobre TVE - Cine y Libertad","og_description":"\u00bfCu\u00e1nto ha durado la investigaci\u00f3n?\u00bfEra La clave un programa abierto?\u00bfQu\u00e9 pas\u00f3 con los programas infantiles o\u00a0 el Un, dos tres?\u00bfCu\u00e1les fueron los informativos m\u00e1s objetivos? No puedes perderte la entrevista que hicimos a Julio Montero. Aqu\u00ed puedes escucharla:Una televisi\u00f3n con dos cadenas-Un estudio concienzudo sobre TVE La editorial C\u00e1tedra nos habla de su libro: Este [&hellip;]","og_url":"https:\/\/www.cope.es\/blogs\/cine-y-libertad\/2018\/09\/28\/una-television-con-dos-cadenas-un-estudio-concienzudo-sobre-tve\/","og_site_name":"Cine y Libertad","article_publisher":"https:\/\/www.facebook.com\/cope\/","article_author":"https:\/\/www.facebook.com\/victor.alvarado.56829446","article_published_time":"2018-09-28T07:21:25+00:00","article_modified_time":"2018-09-28T09:28:47+00:00","og_image":[{"width":200,"height":245,"url":"https:\/\/www.cope.es\/blogs\/cine-y-libertad\/wp-content\/uploads\/sites\/7\/2018\/09\/tve.jpg","type":"image\/jpeg"}],"author":"V\u00edctor Alvarado","twitter_card":"summary_large_image","twitter_creator":"@cineylibertad","twitter_site":"@cope_es","twitter_misc":{"Escrito por":"V\u00edctor Alvarado","Tiempo de lectura":"1 minuto"},"schema":{"@context":"https:\/\/schema.org","@graph":[{"@type":"Article","@id":"https:\/\/www.cope.es\/blogs\/cine-y-libertad\/2018\/09\/28\/una-television-con-dos-cadenas-un-estudio-concienzudo-sobre-tve\/#article","isPartOf":{"@id":"https:\/\/www.cope.es\/blogs\/cine-y-libertad\/2018\/09\/28\/una-television-con-dos-cadenas-un-estudio-concienzudo-sobre-tve\/"},"author":{"name":"V\u00edctor Alvarado","@id":"https:\/\/www.cope.es\/blogs\/cine-y-libertad\/#\/schema\/person\/c95904a4fbf751a8d9124f8fa8bdaace"},"headline":"Una televisi\u00f3n con dos cadenas-Un estudio concienzudo sobre TVE","datePublished":"2018-09-28T07:21:25+00:00","dateModified":"2018-09-28T09:28:47+00:00","mainEntityOfPage":{"@id":"https:\/\/www.cope.es\/blogs\/cine-y-libertad\/2018\/09\/28\/una-television-con-dos-cadenas-un-estudio-concienzudo-sobre-tve\/"},"wordCount":297,"commentCount":0,"image":{"@id":"https:\/\/www.cope.es\/blogs\/cine-y-libertad\/2018\/09\/28\/una-television-con-dos-cadenas-un-estudio-concienzudo-sobre-tve\/#primaryimage"},"thumbnailUrl":"https:\/\/www.cope.es\/blogs\/cine-y-libertad\/wp-content\/uploads\/sites\/7\/2018\/09\/tve.jpg","articleSection":["libros","Televisi\u00f3n"],"inLanguage":"es","potentialAction":[{"@type":"CommentAction","name":"Comment","target":["https:\/\/www.cope.es\/blogs\/cine-y-libertad\/2018\/09\/28\/una-television-con-dos-cadenas-un-estudio-concienzudo-sobre-tve\/#respond"]}]},{"@type":"WebPage","@id":"https:\/\/www.cope.es\/blogs\/cine-y-libertad\/2018\/09\/28\/una-television-con-dos-cadenas-un-estudio-concienzudo-sobre-tve\/","url":"https:\/\/www.cope.es\/blogs\/cine-y-libertad\/2018\/09\/28\/una-television-con-dos-cadenas-un-estudio-concienzudo-sobre-tve\/","name":"Una televisi\u00f3n con dos cadenas-Un estudio concienzudo sobre TVE - Cine y Libertad","isPartOf":{"@id":"https:\/\/www.cope.es\/blogs\/cine-y-libertad\/#website"},"primaryImageOfPage":{"@id":"https:\/\/www.cope.es\/blogs\/cine-y-libertad\/2018\/09\/28\/una-television-con-dos-cadenas-un-estudio-concienzudo-sobre-tve\/#primaryimage"},"image":{"@id":"https:\/\/www.cope.es\/blogs\/cine-y-libertad\/2018\/09\/28\/una-television-con-dos-cadenas-un-estudio-concienzudo-sobre-tve\/#primaryimage"},"thumbnailUrl":"https:\/\/www.cope.es\/blogs\/cine-y-libertad\/wp-content\/uploads\/sites\/7\/2018\/09\/tve.jpg","datePublished":"2018-09-28T07:21:25+00:00","dateModified":"2018-09-28T09:28:47+00:00","author":{"@id":"https:\/\/www.cope.es\/blogs\/cine-y-libertad\/#\/schema\/person\/c95904a4fbf751a8d9124f8fa8bdaace"},"breadcrumb":{"@id":"https:\/\/www.cope.es\/blogs\/cine-y-libertad\/2018\/09\/28\/una-television-con-dos-cadenas-un-estudio-concienzudo-sobre-tve\/#breadcrumb"},"inLanguage":"es","potentialAction":[{"@type":"ReadAction","target":["https:\/\/www.cope.es\/blogs\/cine-y-libertad\/2018\/09\/28\/una-television-con-dos-cadenas-un-estudio-concienzudo-sobre-tve\/"]}]},{"@type":"ImageObject","inLanguage":"es","@id":"https:\/\/www.cope.es\/blogs\/cine-y-libertad\/2018\/09\/28\/una-television-con-dos-cadenas-un-estudio-concienzudo-sobre-tve\/#primaryimage","url":"https:\/\/www.cope.es\/blogs\/cine-y-libertad\/wp-content\/uploads\/sites\/7\/2018\/09\/tve.jpg","contentUrl":"https:\/\/www.cope.es\/blogs\/cine-y-libertad\/wp-content\/uploads\/sites\/7\/2018\/09\/tve.jpg","width":200,"height":245},{"@type":"BreadcrumbList","@id":"https:\/\/www.cope.es\/blogs\/cine-y-libertad\/2018\/09\/28\/una-television-con-dos-cadenas-un-estudio-concienzudo-sobre-tve\/#breadcrumb","itemListElement":[{"@type":"ListItem","position":1,"name":"Portada","item":"https:\/\/www.cope.es\/blogs\/cine-y-libertad\/"},{"@type":"ListItem","position":2,"name":"Una televisi\u00f3n con dos cadenas-Un estudio concienzudo sobre TVE"}]},{"@type":"WebSite","@id":"https:\/\/www.cope.es\/blogs\/cine-y-libertad\/#website","url":"https:\/\/www.cope.es\/blogs\/cine-y-libertad\/","name":"Cine y Libertad","description":"Cine y Libertad un blog de COPE","potentialAction":[{"@type":"SearchAction","target":{"@type":"EntryPoint","urlTemplate":"https:\/\/www.cope.es\/blogs\/cine-y-libertad\/?s={search_term_string}"},"query-input":{"@type":"PropertyValueSpecification","valueRequired":true,"valueName":"search_term_string"}}],"inLanguage":"es"},{"@type":"Person","@id":"https:\/\/www.cope.es\/blogs\/cine-y-libertad\/#\/schema\/person\/c95904a4fbf751a8d9124f8fa8bdaace","name":"V\u00edctor Alvarado","image":{"@type":"ImageObject","inLanguage":"es","@id":"https:\/\/secure.gravatar.com\/avatar\/db4634ae2001f7f920b8294d926f3e737ada04196e014ebacae29a4848f905f4?s=96&d=mm&r=g","url":"https:\/\/secure.gravatar.com\/avatar\/db4634ae2001f7f920b8294d926f3e737ada04196e014ebacae29a4848f905f4?s=96&d=mm&r=g","contentUrl":"https:\/\/secure.gravatar.com\/avatar\/db4634ae2001f7f920b8294d926f3e737ada04196e014ebacae29a4848f905f4?s=96&d=mm&r=g","caption":"V\u00edctor Alvarado"},"description":"V\u00edctor Alvarado tiene una larga experiencia tanto en medios de comunicaci\u00f3n como en educaci\u00f3n. Dirige el programa de radio, Directo a las Estrellas, en Intereconom\u00eda (Castilla y Le\u00f3n) y Informa Radio en toda Espa\u00f1a. Ha colaborado en Radio Inter y Esradio. Cr\u00edtico de cine en Pantalla 90, Diario Ya y P\u00e1ginas Digital. Es miembro del CEC. Es el autor de libro: La fe, la \u00e9tica y los valores de los superh\u00e9roes (PPC). Esta es su web: www.cineylibertad.com y, por supuesto, lleva m\u00e1s de 5 a\u00f1os como bloguero de Cope, donde analiza el cine, los c\u00f3mics y los libros desde una \u00f3ptica antropol\u00f3gica y axiol\u00f3gica, atendiendo a todas las dimensiones del ser humano.","sameAs":["http:\/\/www.cineylibertad.com","https:\/\/www.facebook.com\/victor.alvarado.56829446","https:\/\/www.instagram.com\/cineylibertad\/","https:\/\/x.com\/cineylibertad"],"url":"https:\/\/www.cope.es\/blogs\/cine-y-libertad\/author\/valvarado\/"}]}},"amp_enabled":true,"_links":{"self":[{"href":"https:\/\/www.cope.es\/blogs\/cine-y-libertad\/wp-json\/wp\/v2\/posts\/541","targetHints":{"allow":["GET"]}}],"collection":[{"href":"https:\/\/www.cope.es\/blogs\/cine-y-libertad\/wp-json\/wp\/v2\/posts"}],"about":[{"href":"https:\/\/www.cope.es\/blogs\/cine-y-libertad\/wp-json\/wp\/v2\/types\/post"}],"author":[{"embeddable":true,"href":"https:\/\/www.cope.es\/blogs\/cine-y-libertad\/wp-json\/wp\/v2\/users\/7"}],"replies":[{"embeddable":true,"href":"https:\/\/www.cope.es\/blogs\/cine-y-libertad\/wp-json\/wp\/v2\/comments?post=541"}],"version-history":[{"count":2,"href":"https:\/\/www.cope.es\/blogs\/cine-y-libertad\/wp-json\/wp\/v2\/posts\/541\/revisions"}],"predecessor-version":[{"id":546,"href":"https:\/\/www.cope.es\/blogs\/cine-y-libertad\/wp-json\/wp\/v2\/posts\/541\/revisions\/546"}],"wp:featuredmedia":[{"embeddable":true,"href":"https:\/\/www.cope.es\/blogs\/cine-y-libertad\/wp-json\/wp\/v2\/media\/542"}],"wp:attachment":[{"href":"https:\/\/www.cope.es\/blogs\/cine-y-libertad\/wp-json\/wp\/v2\/media?parent=541"}],"wp:term":[{"taxonomy":"category","embeddable":true,"href":"https:\/\/www.cope.es\/blogs\/cine-y-libertad\/wp-json\/wp\/v2\/categories?post=541"},{"taxonomy":"post_tag","embeddable":true,"href":"https:\/\/www.cope.es\/blogs\/cine-y-libertad\/wp-json\/wp\/v2\/tags?post=541"}],"curies":[{"name":"wp","href":"https:\/\/api.w.org\/{rel}","templated":true}]}}