{"id":529,"date":"2018-09-21T11:36:26","date_gmt":"2018-09-21T09:36:26","guid":{"rendered":"http:\/\/www.cope.es\/blogs\/cine-y-libertad\/?p=529"},"modified":"2018-09-21T11:36:26","modified_gmt":"2018-09-21T09:36:26","slug":"batman-victoria-oscura-una-maestrisima-obra-del-noveno-arte-y-la-adopcion-de-un-heroe","status":"publish","type":"post","link":"https:\/\/www.cope.es\/blogs\/cine-y-libertad\/2018\/09\/21\/batman-victoria-oscura-una-maestrisima-obra-del-noveno-arte-y-la-adopcion-de-un-heroe\/","title":{"rendered":"Batman: Victoria oscura-Una maestr\u00edsima obra del noveno arte y la adopci\u00f3n de un h\u00e9roe"},"content":{"rendered":"<p><img loading=\"lazy\" decoding=\"async\" width=\"156\" height=\"240\" class=\"alignnone size-full wp-image-530\" src=\"http:\/\/www.cope.es\/blogs\/cine-y-libertad\/wp-content\/uploads\/sites\/7\/2018\/09\/cubierta_batman_victoria_oscura_2ed_WEB_156.jpg\" alt=\"\" \/><\/p>\n<p>\u00a1Lectores y amigos de Cine y Libertad!<\/p>\n<p>\u00bfPor qu\u00e9 es una de las mejores novelas gr\u00e1ficas de la historia? \u00bfCu\u00e1les son las claves para que alguien se sienta acogido? Aqu\u00ed puedes escuchar mi comentario:<a title=\"Batman: Victoria oscura-Una maestr\u00edsima obra del noveno arte y la adopci\u00f3n de un h\u00e9roe\" href=\"http:\/\/www.cineylibertad.com\/batman-victoria-oscura-una-maestrisima-obra-del-noveno-arte-y-la-adopcion-de-un-heroe\/\">Batman: Victoria oscura-Una maestr\u00edsima obra del noveno arte y la adopci\u00f3n de un h\u00e9roe<\/a><\/p>\n<p>La editorial ECC\u00a0 nos habla de su c\u00f3mic:<\/p>\n<p>Tras desentra\u00f1ar el misterio de Festivo, Batman observa la repetici\u00f3n de un patr\u00f3n criminal similar, con los agentes del Departamento de Polic\u00eda de Gotham en el punto de mira. Apodado el Ahorcado, este asesino pondr\u00e1 en jaque al Caballero Oscuro, preocupado por la escalada de violencia protagonizada por la clase criminal que asola la ciudad\u2026 pero tambi\u00e9n por la atenci\u00f3n que requiere su nuevo pupilo: un Dick Grayson llamado a convertirse en Robin, el Chico Maravilla.<\/p>\n<p>En 1999, <strong>Jeph Loeb<\/strong> (<strong><em>Batman: Silencio<\/em><\/strong>) y <strong>Tim Sale<\/strong> (<em><strong>Superman: Las cuatro estaciones<\/strong><\/em>) satisficieron la voluntad de los lectores, que clamaban por una secuela de <em><strong>El largo Halloween<\/strong><\/em>. As\u00ed naci\u00f3 <em><strong>Batman: Victoria oscura<\/strong><\/em>, exitosa serie limitada recopilada en el presente volumen.<\/p>\n<p>Twitter:\u00a0<span class=\"x_DashboardProfileCard-screenname x_u-inlineBlock x_u-dir\"><a class=\"x_DashboardProfileCard-screennameLink x_u-linkComplex x_u-linkClean\" href=\"https:\/\/twitter.com\/cineylibertad\" target=\"_blank\">@<span class=\"x_u-linkComplex-target\">cineylibertad<\/span><\/a><\/span><\/p>\n","protected":false},"excerpt":{"rendered":"<p>\u00a1Lectores y amigos de Cine y Libertad! \u00bfPor qu\u00e9 es una de las mejores novelas gr\u00e1ficas de la historia? \u00bfCu\u00e1les son las claves para que alguien se sienta acogido? Aqu\u00ed puedes escuchar mi comentario:Batman: Victoria oscura-Una maestr\u00edsima obra del noveno arte y la adopci\u00f3n de un h\u00e9roe La editorial ECC\u00a0 nos habla de su c\u00f3mic: [&hellip;]<\/p>\n","protected":false},"author":7,"featured_media":530,"comment_status":"open","ping_status":"open","sticky":false,"template":"","format":"standard","meta":{"footnotes":""},"categories":[7,4,12,83,21,42,8],"tags":[97],"class_list":["post-529","post","type-post","status-publish","format-standard","has-post-thumbnail","hentry","category-batman","category-comics","category-cristianismo","category-familia","category-joyas-del-noveno-arte","category-obra-maestra","category-superheroes","tag-acogida"],"yoast_head":"<!-- This site is optimized with the Yoast SEO plugin v27.4 - https:\/\/yoast.com\/product\/yoast-seo-wordpress\/ -->\n<title>Batman: Victoria oscura-Una maestr\u00edsima obra del noveno arte y la adopci\u00f3n de un h\u00e9roe - Cine y Libertad<\/title>\n<meta name=\"robots\" content=\"index, follow, max-snippet:-1, max-image-preview:large, max-video-preview:-1\" \/>\n<link rel=\"canonical\" href=\"https:\/\/www.cope.es\/blogs\/cine-y-libertad\/2018\/09\/21\/batman-victoria-oscura-una-maestrisima-obra-del-noveno-arte-y-la-adopcion-de-un-heroe\/\" \/>\n<meta property=\"og:locale\" content=\"es_ES\" \/>\n<meta property=\"og:type\" content=\"article\" \/>\n<meta property=\"og:title\" content=\"Batman: Victoria oscura-Una maestr\u00edsima obra del noveno arte y la adopci\u00f3n de un h\u00e9roe - Cine y Libertad\" \/>\n<meta property=\"og:description\" content=\"\u00a1Lectores y amigos de Cine y Libertad! \u00bfPor qu\u00e9 es una de las mejores novelas gr\u00e1ficas de la historia? \u00bfCu\u00e1les son las claves para que alguien se sienta acogido? Aqu\u00ed puedes escuchar mi comentario:Batman: Victoria oscura-Una maestr\u00edsima obra del noveno arte y la adopci\u00f3n de un h\u00e9roe La editorial ECC\u00a0 nos habla de su c\u00f3mic: [&hellip;]\" \/>\n<meta property=\"og:url\" content=\"https:\/\/www.cope.es\/blogs\/cine-y-libertad\/2018\/09\/21\/batman-victoria-oscura-una-maestrisima-obra-del-noveno-arte-y-la-adopcion-de-un-heroe\/\" \/>\n<meta property=\"og:site_name\" content=\"Cine y Libertad\" \/>\n<meta property=\"article:publisher\" content=\"https:\/\/www.facebook.com\/cope\/\" \/>\n<meta property=\"article:author\" content=\"https:\/\/www.facebook.com\/victor.alvarado.56829446\" \/>\n<meta property=\"article:published_time\" content=\"2018-09-21T09:36:26+00:00\" \/>\n<meta property=\"og:image\" content=\"https:\/\/www.cope.es\/blogs\/cine-y-libertad\/wp-content\/uploads\/sites\/7\/2018\/09\/cubierta_batman_victoria_oscura_2ed_WEB_156.jpg\" \/>\n\t<meta property=\"og:image:width\" content=\"156\" \/>\n\t<meta property=\"og:image:height\" content=\"240\" \/>\n\t<meta property=\"og:image:type\" content=\"image\/jpeg\" \/>\n<meta name=\"author\" content=\"V\u00edctor Alvarado\" \/>\n<meta name=\"twitter:card\" content=\"summary_large_image\" \/>\n<meta name=\"twitter:creator\" content=\"@cineylibertad\" \/>\n<meta name=\"twitter:site\" content=\"@cope_es\" \/>\n<meta name=\"twitter:label1\" content=\"Escrito por\" \/>\n\t<meta name=\"twitter:data1\" content=\"V\u00edctor Alvarado\" \/>\n\t<meta name=\"twitter:label2\" content=\"Tiempo de lectura\" \/>\n\t<meta name=\"twitter:data2\" content=\"1 minuto\" \/>\n<script type=\"application\/ld+json\" class=\"yoast-schema-graph\">{\"@context\":\"https:\\\/\\\/schema.org\",\"@graph\":[{\"@type\":\"Article\",\"@id\":\"https:\\\/\\\/www.cope.es\\\/blogs\\\/cine-y-libertad\\\/2018\\\/09\\\/21\\\/batman-victoria-oscura-una-maestrisima-obra-del-noveno-arte-y-la-adopcion-de-un-heroe\\\/#article\",\"isPartOf\":{\"@id\":\"https:\\\/\\\/www.cope.es\\\/blogs\\\/cine-y-libertad\\\/2018\\\/09\\\/21\\\/batman-victoria-oscura-una-maestrisima-obra-del-noveno-arte-y-la-adopcion-de-un-heroe\\\/\"},\"author\":{\"name\":\"V\u00edctor Alvarado\",\"@id\":\"https:\\\/\\\/www.cope.es\\\/blogs\\\/cine-y-libertad\\\/#\\\/schema\\\/person\\\/c95904a4fbf751a8d9124f8fa8bdaace\"},\"headline\":\"Batman: Victoria oscura-Una maestr\u00edsima obra del noveno arte y la adopci\u00f3n de un h\u00e9roe\",\"datePublished\":\"2018-09-21T09:36:26+00:00\",\"mainEntityOfPage\":{\"@id\":\"https:\\\/\\\/www.cope.es\\\/blogs\\\/cine-y-libertad\\\/2018\\\/09\\\/21\\\/batman-victoria-oscura-una-maestrisima-obra-del-noveno-arte-y-la-adopcion-de-un-heroe\\\/\"},\"wordCount\":203,\"commentCount\":0,\"image\":{\"@id\":\"https:\\\/\\\/www.cope.es\\\/blogs\\\/cine-y-libertad\\\/2018\\\/09\\\/21\\\/batman-victoria-oscura-una-maestrisima-obra-del-noveno-arte-y-la-adopcion-de-un-heroe\\\/#primaryimage\"},\"thumbnailUrl\":\"https:\\\/\\\/www.cope.es\\\/blogs\\\/cine-y-libertad\\\/wp-content\\\/uploads\\\/sites\\\/7\\\/2018\\\/09\\\/cubierta_batman_victoria_oscura_2ed_WEB_156.jpg\",\"keywords\":[\"acogida\"],\"articleSection\":[\"Batman\",\"c\u00f3mics\",\"cristianismo\",\"familia\",\"joyas del noveno arte\",\"Obra maestra\",\"Superh\u00e9roes\"],\"inLanguage\":\"es\",\"potentialAction\":[{\"@type\":\"CommentAction\",\"name\":\"Comment\",\"target\":[\"https:\\\/\\\/www.cope.es\\\/blogs\\\/cine-y-libertad\\\/2018\\\/09\\\/21\\\/batman-victoria-oscura-una-maestrisima-obra-del-noveno-arte-y-la-adopcion-de-un-heroe\\\/#respond\"]}]},{\"@type\":\"WebPage\",\"@id\":\"https:\\\/\\\/www.cope.es\\\/blogs\\\/cine-y-libertad\\\/2018\\\/09\\\/21\\\/batman-victoria-oscura-una-maestrisima-obra-del-noveno-arte-y-la-adopcion-de-un-heroe\\\/\",\"url\":\"https:\\\/\\\/www.cope.es\\\/blogs\\\/cine-y-libertad\\\/2018\\\/09\\\/21\\\/batman-victoria-oscura-una-maestrisima-obra-del-noveno-arte-y-la-adopcion-de-un-heroe\\\/\",\"name\":\"Batman: Victoria oscura-Una maestr\u00edsima obra del noveno arte y la adopci\u00f3n de un h\u00e9roe - Cine y Libertad\",\"isPartOf\":{\"@id\":\"https:\\\/\\\/www.cope.es\\\/blogs\\\/cine-y-libertad\\\/#website\"},\"primaryImageOfPage\":{\"@id\":\"https:\\\/\\\/www.cope.es\\\/blogs\\\/cine-y-libertad\\\/2018\\\/09\\\/21\\\/batman-victoria-oscura-una-maestrisima-obra-del-noveno-arte-y-la-adopcion-de-un-heroe\\\/#primaryimage\"},\"image\":{\"@id\":\"https:\\\/\\\/www.cope.es\\\/blogs\\\/cine-y-libertad\\\/2018\\\/09\\\/21\\\/batman-victoria-oscura-una-maestrisima-obra-del-noveno-arte-y-la-adopcion-de-un-heroe\\\/#primaryimage\"},\"thumbnailUrl\":\"https:\\\/\\\/www.cope.es\\\/blogs\\\/cine-y-libertad\\\/wp-content\\\/uploads\\\/sites\\\/7\\\/2018\\\/09\\\/cubierta_batman_victoria_oscura_2ed_WEB_156.jpg\",\"datePublished\":\"2018-09-21T09:36:26+00:00\",\"author\":{\"@id\":\"https:\\\/\\\/www.cope.es\\\/blogs\\\/cine-y-libertad\\\/#\\\/schema\\\/person\\\/c95904a4fbf751a8d9124f8fa8bdaace\"},\"breadcrumb\":{\"@id\":\"https:\\\/\\\/www.cope.es\\\/blogs\\\/cine-y-libertad\\\/2018\\\/09\\\/21\\\/batman-victoria-oscura-una-maestrisima-obra-del-noveno-arte-y-la-adopcion-de-un-heroe\\\/#breadcrumb\"},\"inLanguage\":\"es\",\"potentialAction\":[{\"@type\":\"ReadAction\",\"target\":[\"https:\\\/\\\/www.cope.es\\\/blogs\\\/cine-y-libertad\\\/2018\\\/09\\\/21\\\/batman-victoria-oscura-una-maestrisima-obra-del-noveno-arte-y-la-adopcion-de-un-heroe\\\/\"]}]},{\"@type\":\"ImageObject\",\"inLanguage\":\"es\",\"@id\":\"https:\\\/\\\/www.cope.es\\\/blogs\\\/cine-y-libertad\\\/2018\\\/09\\\/21\\\/batman-victoria-oscura-una-maestrisima-obra-del-noveno-arte-y-la-adopcion-de-un-heroe\\\/#primaryimage\",\"url\":\"https:\\\/\\\/www.cope.es\\\/blogs\\\/cine-y-libertad\\\/wp-content\\\/uploads\\\/sites\\\/7\\\/2018\\\/09\\\/cubierta_batman_victoria_oscura_2ed_WEB_156.jpg\",\"contentUrl\":\"https:\\\/\\\/www.cope.es\\\/blogs\\\/cine-y-libertad\\\/wp-content\\\/uploads\\\/sites\\\/7\\\/2018\\\/09\\\/cubierta_batman_victoria_oscura_2ed_WEB_156.jpg\",\"width\":156,\"height\":240},{\"@type\":\"BreadcrumbList\",\"@id\":\"https:\\\/\\\/www.cope.es\\\/blogs\\\/cine-y-libertad\\\/2018\\\/09\\\/21\\\/batman-victoria-oscura-una-maestrisima-obra-del-noveno-arte-y-la-adopcion-de-un-heroe\\\/#breadcrumb\",\"itemListElement\":[{\"@type\":\"ListItem\",\"position\":1,\"name\":\"Portada\",\"item\":\"https:\\\/\\\/www.cope.es\\\/blogs\\\/cine-y-libertad\\\/\"},{\"@type\":\"ListItem\",\"position\":2,\"name\":\"Batman: Victoria oscura-Una maestr\u00edsima obra del noveno arte y la adopci\u00f3n de un h\u00e9roe\"}]},{\"@type\":\"WebSite\",\"@id\":\"https:\\\/\\\/www.cope.es\\\/blogs\\\/cine-y-libertad\\\/#website\",\"url\":\"https:\\\/\\\/www.cope.es\\\/blogs\\\/cine-y-libertad\\\/\",\"name\":\"Cine y Libertad\",\"description\":\"Cine y Libertad un blog de COPE\",\"potentialAction\":[{\"@type\":\"SearchAction\",\"target\":{\"@type\":\"EntryPoint\",\"urlTemplate\":\"https:\\\/\\\/www.cope.es\\\/blogs\\\/cine-y-libertad\\\/?s={search_term_string}\"},\"query-input\":{\"@type\":\"PropertyValueSpecification\",\"valueRequired\":true,\"valueName\":\"search_term_string\"}}],\"inLanguage\":\"es\"},{\"@type\":\"Person\",\"@id\":\"https:\\\/\\\/www.cope.es\\\/blogs\\\/cine-y-libertad\\\/#\\\/schema\\\/person\\\/c95904a4fbf751a8d9124f8fa8bdaace\",\"name\":\"V\u00edctor Alvarado\",\"image\":{\"@type\":\"ImageObject\",\"inLanguage\":\"es\",\"@id\":\"https:\\\/\\\/secure.gravatar.com\\\/avatar\\\/db4634ae2001f7f920b8294d926f3e737ada04196e014ebacae29a4848f905f4?s=96&d=mm&r=g\",\"url\":\"https:\\\/\\\/secure.gravatar.com\\\/avatar\\\/db4634ae2001f7f920b8294d926f3e737ada04196e014ebacae29a4848f905f4?s=96&d=mm&r=g\",\"contentUrl\":\"https:\\\/\\\/secure.gravatar.com\\\/avatar\\\/db4634ae2001f7f920b8294d926f3e737ada04196e014ebacae29a4848f905f4?s=96&d=mm&r=g\",\"caption\":\"V\u00edctor Alvarado\"},\"description\":\"V\u00edctor Alvarado tiene una larga experiencia tanto en medios de comunicaci\u00f3n como en educaci\u00f3n. Dirige el programa de radio, Directo a las Estrellas, en Intereconom\u00eda (Castilla y Le\u00f3n) y Informa Radio en toda Espa\u00f1a. Ha colaborado en Radio Inter y Esradio. Cr\u00edtico de cine en Pantalla 90, Diario Ya y P\u00e1ginas Digital. Es miembro del CEC. Es el autor de libro: La fe, la \u00e9tica y los valores de los superh\u00e9roes (PPC). Esta es su web: www.cineylibertad.com y, por supuesto, lleva m\u00e1s de 5 a\u00f1os como bloguero de Cope, donde analiza el cine, los c\u00f3mics y los libros desde una \u00f3ptica antropol\u00f3gica y axiol\u00f3gica, atendiendo a todas las dimensiones del ser humano.\",\"sameAs\":[\"http:\\\/\\\/www.cineylibertad.com\",\"https:\\\/\\\/www.facebook.com\\\/victor.alvarado.56829446\",\"https:\\\/\\\/www.instagram.com\\\/cineylibertad\\\/\",\"https:\\\/\\\/x.com\\\/cineylibertad\"],\"url\":\"https:\\\/\\\/www.cope.es\\\/blogs\\\/cine-y-libertad\\\/author\\\/valvarado\\\/\"}]}<\/script>\n<!-- \/ Yoast SEO plugin. -->","yoast_head_json":{"title":"Batman: Victoria oscura-Una maestr\u00edsima obra del noveno arte y la adopci\u00f3n de un h\u00e9roe - Cine y Libertad","robots":{"index":"index","follow":"follow","max-snippet":"max-snippet:-1","max-image-preview":"max-image-preview:large","max-video-preview":"max-video-preview:-1"},"canonical":"https:\/\/www.cope.es\/blogs\/cine-y-libertad\/2018\/09\/21\/batman-victoria-oscura-una-maestrisima-obra-del-noveno-arte-y-la-adopcion-de-un-heroe\/","og_locale":"es_ES","og_type":"article","og_title":"Batman: Victoria oscura-Una maestr\u00edsima obra del noveno arte y la adopci\u00f3n de un h\u00e9roe - Cine y Libertad","og_description":"\u00a1Lectores y amigos de Cine y Libertad! \u00bfPor qu\u00e9 es una de las mejores novelas gr\u00e1ficas de la historia? \u00bfCu\u00e1les son las claves para que alguien se sienta acogido? Aqu\u00ed puedes escuchar mi comentario:Batman: Victoria oscura-Una maestr\u00edsima obra del noveno arte y la adopci\u00f3n de un h\u00e9roe La editorial ECC\u00a0 nos habla de su c\u00f3mic: [&hellip;]","og_url":"https:\/\/www.cope.es\/blogs\/cine-y-libertad\/2018\/09\/21\/batman-victoria-oscura-una-maestrisima-obra-del-noveno-arte-y-la-adopcion-de-un-heroe\/","og_site_name":"Cine y Libertad","article_publisher":"https:\/\/www.facebook.com\/cope\/","article_author":"https:\/\/www.facebook.com\/victor.alvarado.56829446","article_published_time":"2018-09-21T09:36:26+00:00","og_image":[{"width":156,"height":240,"url":"https:\/\/www.cope.es\/blogs\/cine-y-libertad\/wp-content\/uploads\/sites\/7\/2018\/09\/cubierta_batman_victoria_oscura_2ed_WEB_156.jpg","type":"image\/jpeg"}],"author":"V\u00edctor Alvarado","twitter_card":"summary_large_image","twitter_creator":"@cineylibertad","twitter_site":"@cope_es","twitter_misc":{"Escrito por":"V\u00edctor Alvarado","Tiempo de lectura":"1 minuto"},"schema":{"@context":"https:\/\/schema.org","@graph":[{"@type":"Article","@id":"https:\/\/www.cope.es\/blogs\/cine-y-libertad\/2018\/09\/21\/batman-victoria-oscura-una-maestrisima-obra-del-noveno-arte-y-la-adopcion-de-un-heroe\/#article","isPartOf":{"@id":"https:\/\/www.cope.es\/blogs\/cine-y-libertad\/2018\/09\/21\/batman-victoria-oscura-una-maestrisima-obra-del-noveno-arte-y-la-adopcion-de-un-heroe\/"},"author":{"name":"V\u00edctor Alvarado","@id":"https:\/\/www.cope.es\/blogs\/cine-y-libertad\/#\/schema\/person\/c95904a4fbf751a8d9124f8fa8bdaace"},"headline":"Batman: Victoria oscura-Una maestr\u00edsima obra del noveno arte y la adopci\u00f3n de un h\u00e9roe","datePublished":"2018-09-21T09:36:26+00:00","mainEntityOfPage":{"@id":"https:\/\/www.cope.es\/blogs\/cine-y-libertad\/2018\/09\/21\/batman-victoria-oscura-una-maestrisima-obra-del-noveno-arte-y-la-adopcion-de-un-heroe\/"},"wordCount":203,"commentCount":0,"image":{"@id":"https:\/\/www.cope.es\/blogs\/cine-y-libertad\/2018\/09\/21\/batman-victoria-oscura-una-maestrisima-obra-del-noveno-arte-y-la-adopcion-de-un-heroe\/#primaryimage"},"thumbnailUrl":"https:\/\/www.cope.es\/blogs\/cine-y-libertad\/wp-content\/uploads\/sites\/7\/2018\/09\/cubierta_batman_victoria_oscura_2ed_WEB_156.jpg","keywords":["acogida"],"articleSection":["Batman","c\u00f3mics","cristianismo","familia","joyas del noveno arte","Obra maestra","Superh\u00e9roes"],"inLanguage":"es","potentialAction":[{"@type":"CommentAction","name":"Comment","target":["https:\/\/www.cope.es\/blogs\/cine-y-libertad\/2018\/09\/21\/batman-victoria-oscura-una-maestrisima-obra-del-noveno-arte-y-la-adopcion-de-un-heroe\/#respond"]}]},{"@type":"WebPage","@id":"https:\/\/www.cope.es\/blogs\/cine-y-libertad\/2018\/09\/21\/batman-victoria-oscura-una-maestrisima-obra-del-noveno-arte-y-la-adopcion-de-un-heroe\/","url":"https:\/\/www.cope.es\/blogs\/cine-y-libertad\/2018\/09\/21\/batman-victoria-oscura-una-maestrisima-obra-del-noveno-arte-y-la-adopcion-de-un-heroe\/","name":"Batman: Victoria oscura-Una maestr\u00edsima obra del noveno arte y la adopci\u00f3n de un h\u00e9roe - Cine y Libertad","isPartOf":{"@id":"https:\/\/www.cope.es\/blogs\/cine-y-libertad\/#website"},"primaryImageOfPage":{"@id":"https:\/\/www.cope.es\/blogs\/cine-y-libertad\/2018\/09\/21\/batman-victoria-oscura-una-maestrisima-obra-del-noveno-arte-y-la-adopcion-de-un-heroe\/#primaryimage"},"image":{"@id":"https:\/\/www.cope.es\/blogs\/cine-y-libertad\/2018\/09\/21\/batman-victoria-oscura-una-maestrisima-obra-del-noveno-arte-y-la-adopcion-de-un-heroe\/#primaryimage"},"thumbnailUrl":"https:\/\/www.cope.es\/blogs\/cine-y-libertad\/wp-content\/uploads\/sites\/7\/2018\/09\/cubierta_batman_victoria_oscura_2ed_WEB_156.jpg","datePublished":"2018-09-21T09:36:26+00:00","author":{"@id":"https:\/\/www.cope.es\/blogs\/cine-y-libertad\/#\/schema\/person\/c95904a4fbf751a8d9124f8fa8bdaace"},"breadcrumb":{"@id":"https:\/\/www.cope.es\/blogs\/cine-y-libertad\/2018\/09\/21\/batman-victoria-oscura-una-maestrisima-obra-del-noveno-arte-y-la-adopcion-de-un-heroe\/#breadcrumb"},"inLanguage":"es","potentialAction":[{"@type":"ReadAction","target":["https:\/\/www.cope.es\/blogs\/cine-y-libertad\/2018\/09\/21\/batman-victoria-oscura-una-maestrisima-obra-del-noveno-arte-y-la-adopcion-de-un-heroe\/"]}]},{"@type":"ImageObject","inLanguage":"es","@id":"https:\/\/www.cope.es\/blogs\/cine-y-libertad\/2018\/09\/21\/batman-victoria-oscura-una-maestrisima-obra-del-noveno-arte-y-la-adopcion-de-un-heroe\/#primaryimage","url":"https:\/\/www.cope.es\/blogs\/cine-y-libertad\/wp-content\/uploads\/sites\/7\/2018\/09\/cubierta_batman_victoria_oscura_2ed_WEB_156.jpg","contentUrl":"https:\/\/www.cope.es\/blogs\/cine-y-libertad\/wp-content\/uploads\/sites\/7\/2018\/09\/cubierta_batman_victoria_oscura_2ed_WEB_156.jpg","width":156,"height":240},{"@type":"BreadcrumbList","@id":"https:\/\/www.cope.es\/blogs\/cine-y-libertad\/2018\/09\/21\/batman-victoria-oscura-una-maestrisima-obra-del-noveno-arte-y-la-adopcion-de-un-heroe\/#breadcrumb","itemListElement":[{"@type":"ListItem","position":1,"name":"Portada","item":"https:\/\/www.cope.es\/blogs\/cine-y-libertad\/"},{"@type":"ListItem","position":2,"name":"Batman: Victoria oscura-Una maestr\u00edsima obra del noveno arte y la adopci\u00f3n de un h\u00e9roe"}]},{"@type":"WebSite","@id":"https:\/\/www.cope.es\/blogs\/cine-y-libertad\/#website","url":"https:\/\/www.cope.es\/blogs\/cine-y-libertad\/","name":"Cine y Libertad","description":"Cine y Libertad un blog de COPE","potentialAction":[{"@type":"SearchAction","target":{"@type":"EntryPoint","urlTemplate":"https:\/\/www.cope.es\/blogs\/cine-y-libertad\/?s={search_term_string}"},"query-input":{"@type":"PropertyValueSpecification","valueRequired":true,"valueName":"search_term_string"}}],"inLanguage":"es"},{"@type":"Person","@id":"https:\/\/www.cope.es\/blogs\/cine-y-libertad\/#\/schema\/person\/c95904a4fbf751a8d9124f8fa8bdaace","name":"V\u00edctor Alvarado","image":{"@type":"ImageObject","inLanguage":"es","@id":"https:\/\/secure.gravatar.com\/avatar\/db4634ae2001f7f920b8294d926f3e737ada04196e014ebacae29a4848f905f4?s=96&d=mm&r=g","url":"https:\/\/secure.gravatar.com\/avatar\/db4634ae2001f7f920b8294d926f3e737ada04196e014ebacae29a4848f905f4?s=96&d=mm&r=g","contentUrl":"https:\/\/secure.gravatar.com\/avatar\/db4634ae2001f7f920b8294d926f3e737ada04196e014ebacae29a4848f905f4?s=96&d=mm&r=g","caption":"V\u00edctor Alvarado"},"description":"V\u00edctor Alvarado tiene una larga experiencia tanto en medios de comunicaci\u00f3n como en educaci\u00f3n. Dirige el programa de radio, Directo a las Estrellas, en Intereconom\u00eda (Castilla y Le\u00f3n) y Informa Radio en toda Espa\u00f1a. Ha colaborado en Radio Inter y Esradio. Cr\u00edtico de cine en Pantalla 90, Diario Ya y P\u00e1ginas Digital. Es miembro del CEC. Es el autor de libro: La fe, la \u00e9tica y los valores de los superh\u00e9roes (PPC). Esta es su web: www.cineylibertad.com y, por supuesto, lleva m\u00e1s de 5 a\u00f1os como bloguero de Cope, donde analiza el cine, los c\u00f3mics y los libros desde una \u00f3ptica antropol\u00f3gica y axiol\u00f3gica, atendiendo a todas las dimensiones del ser humano.","sameAs":["http:\/\/www.cineylibertad.com","https:\/\/www.facebook.com\/victor.alvarado.56829446","https:\/\/www.instagram.com\/cineylibertad\/","https:\/\/x.com\/cineylibertad"],"url":"https:\/\/www.cope.es\/blogs\/cine-y-libertad\/author\/valvarado\/"}]}},"amp_enabled":true,"_links":{"self":[{"href":"https:\/\/www.cope.es\/blogs\/cine-y-libertad\/wp-json\/wp\/v2\/posts\/529","targetHints":{"allow":["GET"]}}],"collection":[{"href":"https:\/\/www.cope.es\/blogs\/cine-y-libertad\/wp-json\/wp\/v2\/posts"}],"about":[{"href":"https:\/\/www.cope.es\/blogs\/cine-y-libertad\/wp-json\/wp\/v2\/types\/post"}],"author":[{"embeddable":true,"href":"https:\/\/www.cope.es\/blogs\/cine-y-libertad\/wp-json\/wp\/v2\/users\/7"}],"replies":[{"embeddable":true,"href":"https:\/\/www.cope.es\/blogs\/cine-y-libertad\/wp-json\/wp\/v2\/comments?post=529"}],"version-history":[{"count":1,"href":"https:\/\/www.cope.es\/blogs\/cine-y-libertad\/wp-json\/wp\/v2\/posts\/529\/revisions"}],"predecessor-version":[{"id":531,"href":"https:\/\/www.cope.es\/blogs\/cine-y-libertad\/wp-json\/wp\/v2\/posts\/529\/revisions\/531"}],"wp:featuredmedia":[{"embeddable":true,"href":"https:\/\/www.cope.es\/blogs\/cine-y-libertad\/wp-json\/wp\/v2\/media\/530"}],"wp:attachment":[{"href":"https:\/\/www.cope.es\/blogs\/cine-y-libertad\/wp-json\/wp\/v2\/media?parent=529"}],"wp:term":[{"taxonomy":"category","embeddable":true,"href":"https:\/\/www.cope.es\/blogs\/cine-y-libertad\/wp-json\/wp\/v2\/categories?post=529"},{"taxonomy":"post_tag","embeddable":true,"href":"https:\/\/www.cope.es\/blogs\/cine-y-libertad\/wp-json\/wp\/v2\/tags?post=529"}],"curies":[{"name":"wp","href":"https:\/\/api.w.org\/{rel}","templated":true}]}}