{"id":5225,"date":"2023-02-12T10:50:37","date_gmt":"2023-02-12T09:50:37","guid":{"rendered":"http:\/\/www.cope.es\/blogs\/cine-y-libertad\/?p=5225"},"modified":"2023-02-12T10:53:27","modified_gmt":"2023-02-12T09:53:27","slug":"los-fabelman-steven-spielberg-el-dolor-el-perdon-y-los-suenos","status":"publish","type":"post","link":"https:\/\/www.cope.es\/blogs\/cine-y-libertad\/2023\/02\/12\/los-fabelman-steven-spielberg-el-dolor-el-perdon-y-los-suenos\/","title":{"rendered":"Los Fabelman-Steven Spielberg: el dolor, el perd\u00f3n y los sue\u00f1os"},"content":{"rendered":"<p><a href=\"https:\/\/www.ivoox.com\/fabelman-steven-spielberg-dolor-perdon-y-audios-mp3_rf_102940917_1.html\">Los Fabelman-Steven Spielberg: el dolor, el perd\u00f3n y los sue\u00f1os<\/a>. \u00bfQu\u00e9 episodios de su vida aparecen en sus pel\u00edculas?<\/p>\n<p>Aqu\u00ed puedes escuchar mi comentario sobre esta pel\u00edcula (7 nominaciones a los \u00d3scar), basada en la vida de <a href=\"https:\/\/www.spielbergfilmarchive.org.il\/\">Steven Spielberg<\/a> que se estrena el 10 de febrero&#8230;<\/p>\n<p><img loading=\"lazy\" decoding=\"async\" width=\"299\" height=\"169\" class=\"alignnone size-full wp-image-5229\" src=\"http:\/\/www.cope.es\/blogs\/cine-y-libertad\/wp-content\/uploads\/sites\/7\/2023\/02\/fabelman.jpg\" alt=\"\" \/><\/p>\n<audio class=\"wp-audio-shortcode\" id=\"audio-5225-1\" preload=\"none\" style=\"width: 100%;\" controls=\"controls\"><source type=\"audio\/mpeg\" src=\"https:\/\/www.ivoox.com\/fabelman-steven-spielberg-dolor-perdon-y_md_102940917_wp_1.mp3?_=1\" \/><a href=\"https:\/\/www.ivoox.com\/fabelman-steven-spielberg-dolor-perdon-y_md_102940917_wp_1.mp3\">https:\/\/www.ivoox.com\/fabelman-steven-spielberg-dolor-perdon-y_md_102940917_wp_1.mp3<\/a><\/audio>\n<p><a title=\"Los Fabelman-Steven Spielberg: el dolor, el perd\u00f3n y los sue\u00f1os\" href=\"https:\/\/go.ivoox.com\/rf\/102940917\">Ir a descargar<\/a><\/p>\n<p>\u00a1Lectores y amigos de Cine y Libertad!<\/p>\n<p><strong>Sinopsis oficial de <a href=\"https:\/\/www.ivoox.com\/fabelman-steven-spielberg-dolor-perdon-y-audios-mp3_rf_102940917_1.html\">Los Fabelman-Steven Spielberg: el dolor, el perd\u00f3n y los sue\u00f1os<\/a>&#8230;<\/strong><\/p>\n<p>Samy Fabelman es un muchacho que, en la Arizona despu\u00e9s de la II Guerra Mundial, crece en un hogar con unos padres que se quieren, pero que ocultan un secreto familiar.<\/p>\n<p><img loading=\"lazy\" decoding=\"async\" width=\"259\" height=\"194\" class=\"alignnone size-full wp-image-5230\" src=\"http:\/\/www.cope.es\/blogs\/cine-y-libertad\/wp-content\/uploads\/sites\/7\/2023\/02\/losfabelman.jpg\" alt=\"\" \/><\/p>\n<p>A trav\u00e9s del poder de las pel\u00edculas cree que podr\u00e1 comprender mejor esta situaci\u00f3n en particular y el mundo de los adultos en general.<\/p>\n<p>Nuestro compa\u00f1ero, Antonio Pel\u00e1ez, nos desvel\u00f3 algunos detalles sobre la pel\u00edcula en cuesti\u00f3n&#8230;<\/p>\n<p><img loading=\"lazy\" decoding=\"async\" width=\"275\" height=\"183\" class=\"alignnone size-full wp-image-5227\" src=\"http:\/\/www.cope.es\/blogs\/cine-y-libertad\/wp-content\/uploads\/sites\/7\/2023\/02\/the-fabelman3.jpg\" alt=\"\" \/><\/p>\n<audio class=\"wp-audio-shortcode\" id=\"audio-5225-2\" preload=\"none\" style=\"width: 100%;\" controls=\"controls\"><source type=\"audio\/mpeg\" src=\"https:\/\/www.ivoox.com\/blonde-marilyn-monroe-vs-the-fabelmans-de_md_93516465_wp_1.mp3?_=2\" \/><a href=\"https:\/\/www.ivoox.com\/blonde-marilyn-monroe-vs-the-fabelmans-de_md_93516465_wp_1.mp3\">https:\/\/www.ivoox.com\/blonde-marilyn-monroe-vs-the-fabelmans-de_md_93516465_wp_1.mp3<\/a><\/audio>\n<p><a title=\"Blonde y Marilyn Monroe vs The Fabelmans de Steven Spielberg\" href=\"https:\/\/go.ivoox.com\/rf\/93516465\">Ir a descargar<\/a><\/p>\n<p>En esta ocasi\u00f3n, Steven Spielberg, que nos maravill\u00f3 a todos con <a href=\"https:\/\/www.cope.es\/blogs\/cine-y-libertad\/2022\/01\/11\/el-puente-de-los-espias-spielberg-rescata-a-un-heroe-con-etica-que-actua-a-pesar-de-las-dificultades\/\">El puente de los esp\u00edas<\/a>, vuelve a contar con John Williams (91 a\u00f1os). Andr\u00e9s Valverde nos habl\u00f3 de su labor en el cine y su relaci\u00f3n con el rey Midas de Hollywood&#8230;<\/p>\n<p><img loading=\"lazy\" decoding=\"async\" width=\"193\" height=\"300\" class=\"alignnone size-medium wp-image-5226\" src=\"http:\/\/www.cope.es\/blogs\/cine-y-libertad\/wp-content\/uploads\/sites\/7\/2023\/02\/Williams-193x300.jpg\" alt=\"\" srcset=\"https:\/\/www.cope.es\/blogs\/cine-y-libertad\/wp-content\/uploads\/sites\/7\/2023\/02\/Williams-193x300.jpg 193w, https:\/\/www.cope.es\/blogs\/cine-y-libertad\/wp-content\/uploads\/sites\/7\/2023\/02\/Williams.jpg 552w\" sizes=\"auto, (max-width: 193px) 100vw, 193px\" \/><\/p>\n<p>Puedes escuchar mi comentario<span class=\"fe5nidar khvhiq1o r5qsrrlp i5tg98hk f9ovudaz przvwfww gx1rr48f gfz4du6o r7fjleex nz2484kf svot0ezm dcnh1tix sxl192xd t3g6t33p\"><span class=\"mpj7bzys xzlurrtv\">\ud83c\udf99\ufe0f<\/span><\/span>en <span class=\"fe5nidar khvhiq1o r5qsrrlp i5tg98hk f9ovudaz przvwfww gx1rr48f gfz4du6o r7fjleex nz2484kf svot0ezm dcnh1tix sxl192xd t3g6t33p\"><span class=\"mpj7bzys xzlurrtv\">\ud83d\udcfb<\/span><\/span>\u2026<a href=\"https:\/\/www.ivoox.com\/john-williams-vida-obra-audios-mp3_rf_3085912_1.html\">John Williams: vida y obra<\/a><\/p>\n<p>Este libro es una pionero monograf\u00eda que pretende ofrecer al lector una completa visi\u00f3n acerca de la figura del gran compositor norteamericano John Williams, autor de las bandas sonoras de toda una vida: las sagas de La Guerra de las Galaxias, Indiana Jones, Parque Jur\u00e1sico o Harry Potter, y de pel\u00edculas inolvidable como E.T., La lista de Schlinder o Lincoln; y tambi\u00e9n de una importante obra para concierto, menos conocida entre el gran p\u00fablico. Narrado a su vez de forma biogr\u00e1fica para conocer tanto al m\u00fasico como a la persona y enriquecido adem\u00e1s con an\u00e9cdotas de su vida tanto personal como profesional. John Williams: Vida y Obra muestra por vez primera en un solo libro todos los aspectos referentes sobre este gran m\u00fasico y est\u00e1 dividido en dos partes, la primera realiza un recorrido por d\u00e9cadas en orden cronol\u00f3gico. En ella se da a conocer la historia musical y personal de Williams.<\/p>\n<p>La segunda parte profundiza en su obra mediante un estudio detallado de la orquestaci\u00f3n, estilos, influencias, g\u00e9neros y realiza un &#8220;viaje anal\u00edtico&#8221; por sus grandes sagas cinematogr\u00e1ficas. Adem\u00e1s se incluyen an\u00e1lisis musicales, gu\u00edas de audici\u00f3n, cat\u00e1logo cronol\u00f3gico de obras y listados anal\u00edticos para que sirva tambi\u00e9n como manual de consulta y referencia. Todo el legado vital y musical de John Williams, desde su Boston natal, su vida familiar, Tanglewood, las mas famosas partituras escritas para el cine de Spielberg, sus obras de concierto menos conocidas y un juego de im\u00e1genes y partituras extra para disfrute de sus seguidores.<\/p>\n<p>Instagram:<a href=\"https:\/\/www.instagram.com\/cineylibertad\/\">https:\/\/www.instagram.com\/cineylibertad\/<\/a><\/p>\n<p>Facebook: <a href=\"https:\/\/www.facebook.com\/victor.alvarado.56829446\" target=\"_blank\">https:\/\/www.facebook.com\/victor.alvarado.56829446<\/a><\/p>\n<p>Twitter:<span class=\"r-18u37iz\"><a class=\"css-4rbku5 css-18t94o4 css-901oao css-16my406 r-1n1174f r-1loqt21 r-poiln3 r-bcqeeo r-qvutc0\" href=\"https:\/\/twitter.com\/cineylibertad\">@cineylibertad<\/a><\/span><\/p>\n","protected":false},"excerpt":{"rendered":"<p>Los Fabelman-Steven Spielberg: el dolor, el perd\u00f3n y los sue\u00f1os. \u00bfQu\u00e9 episodios de su vida aparecen en sus pel\u00edculas? Aqu\u00ed puedes escuchar mi comentario sobre esta pel\u00edcula (7 nominaciones a los \u00d3scar), basada en la vida de Steven Spielberg que se estrena el 10 de febrero&#8230; Ir a descargar \u00a1Lectores y amigos de Cine y [&hellip;]<\/p>\n","protected":false},"author":7,"featured_media":5230,"comment_status":"open","ping_status":"open","sticky":false,"template":"","format":"standard","meta":{"footnotes":""},"categories":[204,1504,623,83,17,273,133,172,19],"tags":[1591,1584,1589,1593,1586,1588,1580,1582,1581,1587,1583,1590,401,1585,20,611,1595,1596,1592],"class_list":["post-5225","post","type-post","status-publish","format-standard","has-post-thumbnail","hentry","category-oscar","category-oscar2023","category-bullying","category-familia","category-hollywood","category-judaismo-2","category-mujeres","category-perdon","category-spielberg","tag-david-lynch","tag-gabriel-labelle","tag-jeannie-berlin","tag-john-williams","tag-judd-hirsch","tag-julia-butters","tag-los-fabelman","tag-los-fabelman-steven-spielberg-el-dolor-el-perdon-y-los-suenos","tag-los-fabelmans","tag-mateo-zoryon-francis-deford","tag-michelle-williams","tag-oakes-fegley","tag-paul-dano","tag-seth-rogen","tag-spielberg","tag-steven-spielberg","tag-the-fabelman","tag-the-fabelmans","tag-tony-kushner"],"yoast_head":"<!-- This site is optimized with the Yoast SEO plugin v27.4 - https:\/\/yoast.com\/product\/yoast-seo-wordpress\/ -->\n<title>Los Fabelman-Steven Spielberg: el dolor, el perd\u00f3n y los sue\u00f1os<\/title>\n<meta name=\"description\" content=\"Los Fabelman-Steven Spielberg: el dolor, el perd\u00f3n y los sue\u00f1os. \u00bfQu\u00e9 episodios de su vida aparecen en sus pel\u00edculas? Los Fabelman-Steven Spielberg\" \/>\n<meta name=\"robots\" content=\"index, follow, max-snippet:-1, max-image-preview:large, max-video-preview:-1\" \/>\n<link rel=\"canonical\" href=\"https:\/\/www.cope.es\/blogs\/cine-y-libertad\/2023\/02\/12\/los-fabelman-steven-spielberg-el-dolor-el-perdon-y-los-suenos\/\" \/>\n<meta property=\"og:locale\" content=\"es_ES\" \/>\n<meta property=\"og:type\" content=\"article\" \/>\n<meta property=\"og:title\" content=\"Los Fabelman-Steven Spielberg: el dolor, el perd\u00f3n y los sue\u00f1os\" \/>\n<meta property=\"og:description\" content=\"Los Fabelman-Steven Spielberg: el dolor, el perd\u00f3n y los sue\u00f1os. \u00bfQu\u00e9 episodios de su vida aparecen en sus pel\u00edculas? Los Fabelman-Steven Spielberg\" \/>\n<meta property=\"og:url\" content=\"https:\/\/www.cope.es\/blogs\/cine-y-libertad\/2023\/02\/12\/los-fabelman-steven-spielberg-el-dolor-el-perdon-y-los-suenos\/\" \/>\n<meta property=\"og:site_name\" content=\"Cine y Libertad\" \/>\n<meta property=\"article:publisher\" content=\"https:\/\/www.facebook.com\/cope\/\" \/>\n<meta property=\"article:author\" content=\"https:\/\/www.facebook.com\/victor.alvarado.56829446\" \/>\n<meta property=\"article:published_time\" content=\"2023-02-12T09:50:37+00:00\" \/>\n<meta property=\"article:modified_time\" content=\"2023-02-12T09:53:27+00:00\" \/>\n<meta property=\"og:image\" content=\"https:\/\/www.cope.es\/blogs\/cine-y-libertad\/wp-content\/uploads\/sites\/7\/2023\/02\/losfabelman.jpg\" \/>\n\t<meta property=\"og:image:width\" content=\"259\" \/>\n\t<meta property=\"og:image:height\" content=\"194\" \/>\n\t<meta property=\"og:image:type\" content=\"image\/jpeg\" \/>\n<meta name=\"author\" content=\"V\u00edctor Alvarado\" \/>\n<meta name=\"twitter:card\" content=\"summary_large_image\" \/>\n<meta name=\"twitter:creator\" content=\"@cineylibertad\" \/>\n<meta name=\"twitter:site\" content=\"@cope_es\" \/>\n<meta name=\"twitter:label1\" content=\"Escrito por\" \/>\n\t<meta name=\"twitter:data1\" content=\"V\u00edctor Alvarado\" \/>\n\t<meta name=\"twitter:label2\" content=\"Tiempo de lectura\" \/>\n\t<meta name=\"twitter:data2\" content=\"3 minutos\" \/>\n<script type=\"application\/ld+json\" class=\"yoast-schema-graph\">{\"@context\":\"https:\\\/\\\/schema.org\",\"@graph\":[{\"@type\":\"Article\",\"@id\":\"https:\\\/\\\/www.cope.es\\\/blogs\\\/cine-y-libertad\\\/2023\\\/02\\\/12\\\/los-fabelman-steven-spielberg-el-dolor-el-perdon-y-los-suenos\\\/#article\",\"isPartOf\":{\"@id\":\"https:\\\/\\\/www.cope.es\\\/blogs\\\/cine-y-libertad\\\/2023\\\/02\\\/12\\\/los-fabelman-steven-spielberg-el-dolor-el-perdon-y-los-suenos\\\/\"},\"author\":{\"name\":\"V\u00edctor Alvarado\",\"@id\":\"https:\\\/\\\/www.cope.es\\\/blogs\\\/cine-y-libertad\\\/#\\\/schema\\\/person\\\/c95904a4fbf751a8d9124f8fa8bdaace\"},\"headline\":\"Los Fabelman-Steven Spielberg: el dolor, el perd\u00f3n y los sue\u00f1os\",\"datePublished\":\"2023-02-12T09:50:37+00:00\",\"dateModified\":\"2023-02-12T09:53:27+00:00\",\"mainEntityOfPage\":{\"@id\":\"https:\\\/\\\/www.cope.es\\\/blogs\\\/cine-y-libertad\\\/2023\\\/02\\\/12\\\/los-fabelman-steven-spielberg-el-dolor-el-perdon-y-los-suenos\\\/\"},\"wordCount\":533,\"commentCount\":0,\"image\":{\"@id\":\"https:\\\/\\\/www.cope.es\\\/blogs\\\/cine-y-libertad\\\/2023\\\/02\\\/12\\\/los-fabelman-steven-spielberg-el-dolor-el-perdon-y-los-suenos\\\/#primaryimage\"},\"thumbnailUrl\":\"https:\\\/\\\/www.cope.es\\\/blogs\\\/cine-y-libertad\\\/wp-content\\\/uploads\\\/sites\\\/7\\\/2023\\\/02\\\/losfabelman.jpg\",\"keywords\":[\"David Lynch\",\"Gabriel LaBelle\",\"Jeannie Berlin\",\"John Williams\",\"Judd Hirsch\",\"Julia Butters\",\"Los Fabelman\",\"Los Fabelman-Steven Spielberg: el dolor el perd\u00f3n y los sue\u00f1os\",\"Los Fabelmans\",\"Mateo Zoryon Francis-DeFord\",\"Michelle Williams\",\"Oakes Fegley\",\"Paul Dano\",\"Seth Rogen\",\"Spielberg\",\"Steven Spielberg\",\"The Fabelman\",\"The Fabelmans\",\"Tony Kushner\"],\"articleSection\":[\"#\u00d3scar\",\"#\u00d3scar2023\",\"bullying\",\"familia\",\"Hollywood\",\"Juda\u00edsmo\",\"mujeres\",\"perd\u00f3n\",\"Spielberg\"],\"inLanguage\":\"es\",\"potentialAction\":[{\"@type\":\"CommentAction\",\"name\":\"Comment\",\"target\":[\"https:\\\/\\\/www.cope.es\\\/blogs\\\/cine-y-libertad\\\/2023\\\/02\\\/12\\\/los-fabelman-steven-spielberg-el-dolor-el-perdon-y-los-suenos\\\/#respond\"]}]},{\"@type\":\"WebPage\",\"@id\":\"https:\\\/\\\/www.cope.es\\\/blogs\\\/cine-y-libertad\\\/2023\\\/02\\\/12\\\/los-fabelman-steven-spielberg-el-dolor-el-perdon-y-los-suenos\\\/\",\"url\":\"https:\\\/\\\/www.cope.es\\\/blogs\\\/cine-y-libertad\\\/2023\\\/02\\\/12\\\/los-fabelman-steven-spielberg-el-dolor-el-perdon-y-los-suenos\\\/\",\"name\":\"Los Fabelman-Steven Spielberg: el dolor, el perd\u00f3n y los sue\u00f1os\",\"isPartOf\":{\"@id\":\"https:\\\/\\\/www.cope.es\\\/blogs\\\/cine-y-libertad\\\/#website\"},\"primaryImageOfPage\":{\"@id\":\"https:\\\/\\\/www.cope.es\\\/blogs\\\/cine-y-libertad\\\/2023\\\/02\\\/12\\\/los-fabelman-steven-spielberg-el-dolor-el-perdon-y-los-suenos\\\/#primaryimage\"},\"image\":{\"@id\":\"https:\\\/\\\/www.cope.es\\\/blogs\\\/cine-y-libertad\\\/2023\\\/02\\\/12\\\/los-fabelman-steven-spielberg-el-dolor-el-perdon-y-los-suenos\\\/#primaryimage\"},\"thumbnailUrl\":\"https:\\\/\\\/www.cope.es\\\/blogs\\\/cine-y-libertad\\\/wp-content\\\/uploads\\\/sites\\\/7\\\/2023\\\/02\\\/losfabelman.jpg\",\"datePublished\":\"2023-02-12T09:50:37+00:00\",\"dateModified\":\"2023-02-12T09:53:27+00:00\",\"author\":{\"@id\":\"https:\\\/\\\/www.cope.es\\\/blogs\\\/cine-y-libertad\\\/#\\\/schema\\\/person\\\/c95904a4fbf751a8d9124f8fa8bdaace\"},\"description\":\"Los Fabelman-Steven Spielberg: el dolor, el perd\u00f3n y los sue\u00f1os. \u00bfQu\u00e9 episodios de su vida aparecen en sus pel\u00edculas? Los Fabelman-Steven Spielberg\",\"breadcrumb\":{\"@id\":\"https:\\\/\\\/www.cope.es\\\/blogs\\\/cine-y-libertad\\\/2023\\\/02\\\/12\\\/los-fabelman-steven-spielberg-el-dolor-el-perdon-y-los-suenos\\\/#breadcrumb\"},\"inLanguage\":\"es\",\"potentialAction\":[{\"@type\":\"ReadAction\",\"target\":[\"https:\\\/\\\/www.cope.es\\\/blogs\\\/cine-y-libertad\\\/2023\\\/02\\\/12\\\/los-fabelman-steven-spielberg-el-dolor-el-perdon-y-los-suenos\\\/\"]}]},{\"@type\":\"ImageObject\",\"inLanguage\":\"es\",\"@id\":\"https:\\\/\\\/www.cope.es\\\/blogs\\\/cine-y-libertad\\\/2023\\\/02\\\/12\\\/los-fabelman-steven-spielberg-el-dolor-el-perdon-y-los-suenos\\\/#primaryimage\",\"url\":\"https:\\\/\\\/www.cope.es\\\/blogs\\\/cine-y-libertad\\\/wp-content\\\/uploads\\\/sites\\\/7\\\/2023\\\/02\\\/losfabelman.jpg\",\"contentUrl\":\"https:\\\/\\\/www.cope.es\\\/blogs\\\/cine-y-libertad\\\/wp-content\\\/uploads\\\/sites\\\/7\\\/2023\\\/02\\\/losfabelman.jpg\",\"width\":259,\"height\":194},{\"@type\":\"BreadcrumbList\",\"@id\":\"https:\\\/\\\/www.cope.es\\\/blogs\\\/cine-y-libertad\\\/2023\\\/02\\\/12\\\/los-fabelman-steven-spielberg-el-dolor-el-perdon-y-los-suenos\\\/#breadcrumb\",\"itemListElement\":[{\"@type\":\"ListItem\",\"position\":1,\"name\":\"Portada\",\"item\":\"https:\\\/\\\/www.cope.es\\\/blogs\\\/cine-y-libertad\\\/\"},{\"@type\":\"ListItem\",\"position\":2,\"name\":\"Los Fabelman-Steven Spielberg: el dolor, el perd\u00f3n y los sue\u00f1os\"}]},{\"@type\":\"WebSite\",\"@id\":\"https:\\\/\\\/www.cope.es\\\/blogs\\\/cine-y-libertad\\\/#website\",\"url\":\"https:\\\/\\\/www.cope.es\\\/blogs\\\/cine-y-libertad\\\/\",\"name\":\"Cine y Libertad\",\"description\":\"Cine y Libertad un blog de COPE\",\"potentialAction\":[{\"@type\":\"SearchAction\",\"target\":{\"@type\":\"EntryPoint\",\"urlTemplate\":\"https:\\\/\\\/www.cope.es\\\/blogs\\\/cine-y-libertad\\\/?s={search_term_string}\"},\"query-input\":{\"@type\":\"PropertyValueSpecification\",\"valueRequired\":true,\"valueName\":\"search_term_string\"}}],\"inLanguage\":\"es\"},{\"@type\":\"Person\",\"@id\":\"https:\\\/\\\/www.cope.es\\\/blogs\\\/cine-y-libertad\\\/#\\\/schema\\\/person\\\/c95904a4fbf751a8d9124f8fa8bdaace\",\"name\":\"V\u00edctor Alvarado\",\"image\":{\"@type\":\"ImageObject\",\"inLanguage\":\"es\",\"@id\":\"https:\\\/\\\/secure.gravatar.com\\\/avatar\\\/db4634ae2001f7f920b8294d926f3e737ada04196e014ebacae29a4848f905f4?s=96&d=mm&r=g\",\"url\":\"https:\\\/\\\/secure.gravatar.com\\\/avatar\\\/db4634ae2001f7f920b8294d926f3e737ada04196e014ebacae29a4848f905f4?s=96&d=mm&r=g\",\"contentUrl\":\"https:\\\/\\\/secure.gravatar.com\\\/avatar\\\/db4634ae2001f7f920b8294d926f3e737ada04196e014ebacae29a4848f905f4?s=96&d=mm&r=g\",\"caption\":\"V\u00edctor Alvarado\"},\"description\":\"V\u00edctor Alvarado tiene una larga experiencia tanto en medios de comunicaci\u00f3n como en educaci\u00f3n. Dirige el programa de radio, Directo a las Estrellas, en Intereconom\u00eda (Castilla y Le\u00f3n) y Informa Radio en toda Espa\u00f1a. Ha colaborado en Radio Inter y Esradio. Cr\u00edtico de cine en Pantalla 90, Diario Ya y P\u00e1ginas Digital. Es miembro del CEC. Es el autor de libro: La fe, la \u00e9tica y los valores de los superh\u00e9roes (PPC). Esta es su web: www.cineylibertad.com y, por supuesto, lleva m\u00e1s de 5 a\u00f1os como bloguero de Cope, donde analiza el cine, los c\u00f3mics y los libros desde una \u00f3ptica antropol\u00f3gica y axiol\u00f3gica, atendiendo a todas las dimensiones del ser humano.\",\"sameAs\":[\"http:\\\/\\\/www.cineylibertad.com\",\"https:\\\/\\\/www.facebook.com\\\/victor.alvarado.56829446\",\"https:\\\/\\\/www.instagram.com\\\/cineylibertad\\\/\",\"https:\\\/\\\/x.com\\\/cineylibertad\"],\"url\":\"https:\\\/\\\/www.cope.es\\\/blogs\\\/cine-y-libertad\\\/author\\\/valvarado\\\/\"}]}<\/script>\n<!-- \/ Yoast SEO plugin. -->","yoast_head_json":{"title":"Los Fabelman-Steven Spielberg: el dolor, el perd\u00f3n y los sue\u00f1os","description":"Los Fabelman-Steven Spielberg: el dolor, el perd\u00f3n y los sue\u00f1os. \u00bfQu\u00e9 episodios de su vida aparecen en sus pel\u00edculas? Los Fabelman-Steven Spielberg","robots":{"index":"index","follow":"follow","max-snippet":"max-snippet:-1","max-image-preview":"max-image-preview:large","max-video-preview":"max-video-preview:-1"},"canonical":"https:\/\/www.cope.es\/blogs\/cine-y-libertad\/2023\/02\/12\/los-fabelman-steven-spielberg-el-dolor-el-perdon-y-los-suenos\/","og_locale":"es_ES","og_type":"article","og_title":"Los Fabelman-Steven Spielberg: el dolor, el perd\u00f3n y los sue\u00f1os","og_description":"Los Fabelman-Steven Spielberg: el dolor, el perd\u00f3n y los sue\u00f1os. \u00bfQu\u00e9 episodios de su vida aparecen en sus pel\u00edculas? Los Fabelman-Steven Spielberg","og_url":"https:\/\/www.cope.es\/blogs\/cine-y-libertad\/2023\/02\/12\/los-fabelman-steven-spielberg-el-dolor-el-perdon-y-los-suenos\/","og_site_name":"Cine y Libertad","article_publisher":"https:\/\/www.facebook.com\/cope\/","article_author":"https:\/\/www.facebook.com\/victor.alvarado.56829446","article_published_time":"2023-02-12T09:50:37+00:00","article_modified_time":"2023-02-12T09:53:27+00:00","og_image":[{"width":259,"height":194,"url":"https:\/\/www.cope.es\/blogs\/cine-y-libertad\/wp-content\/uploads\/sites\/7\/2023\/02\/losfabelman.jpg","type":"image\/jpeg"}],"author":"V\u00edctor Alvarado","twitter_card":"summary_large_image","twitter_creator":"@cineylibertad","twitter_site":"@cope_es","twitter_misc":{"Escrito por":"V\u00edctor Alvarado","Tiempo de lectura":"3 minutos"},"schema":{"@context":"https:\/\/schema.org","@graph":[{"@type":"Article","@id":"https:\/\/www.cope.es\/blogs\/cine-y-libertad\/2023\/02\/12\/los-fabelman-steven-spielberg-el-dolor-el-perdon-y-los-suenos\/#article","isPartOf":{"@id":"https:\/\/www.cope.es\/blogs\/cine-y-libertad\/2023\/02\/12\/los-fabelman-steven-spielberg-el-dolor-el-perdon-y-los-suenos\/"},"author":{"name":"V\u00edctor Alvarado","@id":"https:\/\/www.cope.es\/blogs\/cine-y-libertad\/#\/schema\/person\/c95904a4fbf751a8d9124f8fa8bdaace"},"headline":"Los Fabelman-Steven Spielberg: el dolor, el perd\u00f3n y los sue\u00f1os","datePublished":"2023-02-12T09:50:37+00:00","dateModified":"2023-02-12T09:53:27+00:00","mainEntityOfPage":{"@id":"https:\/\/www.cope.es\/blogs\/cine-y-libertad\/2023\/02\/12\/los-fabelman-steven-spielberg-el-dolor-el-perdon-y-los-suenos\/"},"wordCount":533,"commentCount":0,"image":{"@id":"https:\/\/www.cope.es\/blogs\/cine-y-libertad\/2023\/02\/12\/los-fabelman-steven-spielberg-el-dolor-el-perdon-y-los-suenos\/#primaryimage"},"thumbnailUrl":"https:\/\/www.cope.es\/blogs\/cine-y-libertad\/wp-content\/uploads\/sites\/7\/2023\/02\/losfabelman.jpg","keywords":["David Lynch","Gabriel LaBelle","Jeannie Berlin","John Williams","Judd Hirsch","Julia Butters","Los Fabelman","Los Fabelman-Steven Spielberg: el dolor el perd\u00f3n y los sue\u00f1os","Los Fabelmans","Mateo Zoryon Francis-DeFord","Michelle Williams","Oakes Fegley","Paul Dano","Seth Rogen","Spielberg","Steven Spielberg","The Fabelman","The Fabelmans","Tony Kushner"],"articleSection":["#\u00d3scar","#\u00d3scar2023","bullying","familia","Hollywood","Juda\u00edsmo","mujeres","perd\u00f3n","Spielberg"],"inLanguage":"es","potentialAction":[{"@type":"CommentAction","name":"Comment","target":["https:\/\/www.cope.es\/blogs\/cine-y-libertad\/2023\/02\/12\/los-fabelman-steven-spielberg-el-dolor-el-perdon-y-los-suenos\/#respond"]}]},{"@type":"WebPage","@id":"https:\/\/www.cope.es\/blogs\/cine-y-libertad\/2023\/02\/12\/los-fabelman-steven-spielberg-el-dolor-el-perdon-y-los-suenos\/","url":"https:\/\/www.cope.es\/blogs\/cine-y-libertad\/2023\/02\/12\/los-fabelman-steven-spielberg-el-dolor-el-perdon-y-los-suenos\/","name":"Los Fabelman-Steven Spielberg: el dolor, el perd\u00f3n y los sue\u00f1os","isPartOf":{"@id":"https:\/\/www.cope.es\/blogs\/cine-y-libertad\/#website"},"primaryImageOfPage":{"@id":"https:\/\/www.cope.es\/blogs\/cine-y-libertad\/2023\/02\/12\/los-fabelman-steven-spielberg-el-dolor-el-perdon-y-los-suenos\/#primaryimage"},"image":{"@id":"https:\/\/www.cope.es\/blogs\/cine-y-libertad\/2023\/02\/12\/los-fabelman-steven-spielberg-el-dolor-el-perdon-y-los-suenos\/#primaryimage"},"thumbnailUrl":"https:\/\/www.cope.es\/blogs\/cine-y-libertad\/wp-content\/uploads\/sites\/7\/2023\/02\/losfabelman.jpg","datePublished":"2023-02-12T09:50:37+00:00","dateModified":"2023-02-12T09:53:27+00:00","author":{"@id":"https:\/\/www.cope.es\/blogs\/cine-y-libertad\/#\/schema\/person\/c95904a4fbf751a8d9124f8fa8bdaace"},"description":"Los Fabelman-Steven Spielberg: el dolor, el perd\u00f3n y los sue\u00f1os. \u00bfQu\u00e9 episodios de su vida aparecen en sus pel\u00edculas? Los Fabelman-Steven Spielberg","breadcrumb":{"@id":"https:\/\/www.cope.es\/blogs\/cine-y-libertad\/2023\/02\/12\/los-fabelman-steven-spielberg-el-dolor-el-perdon-y-los-suenos\/#breadcrumb"},"inLanguage":"es","potentialAction":[{"@type":"ReadAction","target":["https:\/\/www.cope.es\/blogs\/cine-y-libertad\/2023\/02\/12\/los-fabelman-steven-spielberg-el-dolor-el-perdon-y-los-suenos\/"]}]},{"@type":"ImageObject","inLanguage":"es","@id":"https:\/\/www.cope.es\/blogs\/cine-y-libertad\/2023\/02\/12\/los-fabelman-steven-spielberg-el-dolor-el-perdon-y-los-suenos\/#primaryimage","url":"https:\/\/www.cope.es\/blogs\/cine-y-libertad\/wp-content\/uploads\/sites\/7\/2023\/02\/losfabelman.jpg","contentUrl":"https:\/\/www.cope.es\/blogs\/cine-y-libertad\/wp-content\/uploads\/sites\/7\/2023\/02\/losfabelman.jpg","width":259,"height":194},{"@type":"BreadcrumbList","@id":"https:\/\/www.cope.es\/blogs\/cine-y-libertad\/2023\/02\/12\/los-fabelman-steven-spielberg-el-dolor-el-perdon-y-los-suenos\/#breadcrumb","itemListElement":[{"@type":"ListItem","position":1,"name":"Portada","item":"https:\/\/www.cope.es\/blogs\/cine-y-libertad\/"},{"@type":"ListItem","position":2,"name":"Los Fabelman-Steven Spielberg: el dolor, el perd\u00f3n y los sue\u00f1os"}]},{"@type":"WebSite","@id":"https:\/\/www.cope.es\/blogs\/cine-y-libertad\/#website","url":"https:\/\/www.cope.es\/blogs\/cine-y-libertad\/","name":"Cine y Libertad","description":"Cine y Libertad un blog de COPE","potentialAction":[{"@type":"SearchAction","target":{"@type":"EntryPoint","urlTemplate":"https:\/\/www.cope.es\/blogs\/cine-y-libertad\/?s={search_term_string}"},"query-input":{"@type":"PropertyValueSpecification","valueRequired":true,"valueName":"search_term_string"}}],"inLanguage":"es"},{"@type":"Person","@id":"https:\/\/www.cope.es\/blogs\/cine-y-libertad\/#\/schema\/person\/c95904a4fbf751a8d9124f8fa8bdaace","name":"V\u00edctor Alvarado","image":{"@type":"ImageObject","inLanguage":"es","@id":"https:\/\/secure.gravatar.com\/avatar\/db4634ae2001f7f920b8294d926f3e737ada04196e014ebacae29a4848f905f4?s=96&d=mm&r=g","url":"https:\/\/secure.gravatar.com\/avatar\/db4634ae2001f7f920b8294d926f3e737ada04196e014ebacae29a4848f905f4?s=96&d=mm&r=g","contentUrl":"https:\/\/secure.gravatar.com\/avatar\/db4634ae2001f7f920b8294d926f3e737ada04196e014ebacae29a4848f905f4?s=96&d=mm&r=g","caption":"V\u00edctor Alvarado"},"description":"V\u00edctor Alvarado tiene una larga experiencia tanto en medios de comunicaci\u00f3n como en educaci\u00f3n. Dirige el programa de radio, Directo a las Estrellas, en Intereconom\u00eda (Castilla y Le\u00f3n) y Informa Radio en toda Espa\u00f1a. Ha colaborado en Radio Inter y Esradio. Cr\u00edtico de cine en Pantalla 90, Diario Ya y P\u00e1ginas Digital. Es miembro del CEC. Es el autor de libro: La fe, la \u00e9tica y los valores de los superh\u00e9roes (PPC). Esta es su web: www.cineylibertad.com y, por supuesto, lleva m\u00e1s de 5 a\u00f1os como bloguero de Cope, donde analiza el cine, los c\u00f3mics y los libros desde una \u00f3ptica antropol\u00f3gica y axiol\u00f3gica, atendiendo a todas las dimensiones del ser humano.","sameAs":["http:\/\/www.cineylibertad.com","https:\/\/www.facebook.com\/victor.alvarado.56829446","https:\/\/www.instagram.com\/cineylibertad\/","https:\/\/x.com\/cineylibertad"],"url":"https:\/\/www.cope.es\/blogs\/cine-y-libertad\/author\/valvarado\/"}]}},"amp_enabled":true,"_links":{"self":[{"href":"https:\/\/www.cope.es\/blogs\/cine-y-libertad\/wp-json\/wp\/v2\/posts\/5225","targetHints":{"allow":["GET"]}}],"collection":[{"href":"https:\/\/www.cope.es\/blogs\/cine-y-libertad\/wp-json\/wp\/v2\/posts"}],"about":[{"href":"https:\/\/www.cope.es\/blogs\/cine-y-libertad\/wp-json\/wp\/v2\/types\/post"}],"author":[{"embeddable":true,"href":"https:\/\/www.cope.es\/blogs\/cine-y-libertad\/wp-json\/wp\/v2\/users\/7"}],"replies":[{"embeddable":true,"href":"https:\/\/www.cope.es\/blogs\/cine-y-libertad\/wp-json\/wp\/v2\/comments?post=5225"}],"version-history":[{"count":2,"href":"https:\/\/www.cope.es\/blogs\/cine-y-libertad\/wp-json\/wp\/v2\/posts\/5225\/revisions"}],"predecessor-version":[{"id":5233,"href":"https:\/\/www.cope.es\/blogs\/cine-y-libertad\/wp-json\/wp\/v2\/posts\/5225\/revisions\/5233"}],"wp:featuredmedia":[{"embeddable":true,"href":"https:\/\/www.cope.es\/blogs\/cine-y-libertad\/wp-json\/wp\/v2\/media\/5230"}],"wp:attachment":[{"href":"https:\/\/www.cope.es\/blogs\/cine-y-libertad\/wp-json\/wp\/v2\/media?parent=5225"}],"wp:term":[{"taxonomy":"category","embeddable":true,"href":"https:\/\/www.cope.es\/blogs\/cine-y-libertad\/wp-json\/wp\/v2\/categories?post=5225"},{"taxonomy":"post_tag","embeddable":true,"href":"https:\/\/www.cope.es\/blogs\/cine-y-libertad\/wp-json\/wp\/v2\/tags?post=5225"}],"curies":[{"name":"wp","href":"https:\/\/api.w.org\/{rel}","templated":true}]}}