{"id":5198,"date":"2023-02-14T21:01:55","date_gmt":"2023-02-14T20:01:55","guid":{"rendered":"http:\/\/www.cope.es\/blogs\/cine-y-libertad\/?p=5198"},"modified":"2023-02-15T09:11:51","modified_gmt":"2023-02-15T08:11:51","slug":"el-abuelo-jose-luis-garci-y-la-adaptacion-de-benito-perez-galdos","status":"publish","type":"post","link":"https:\/\/www.cope.es\/blogs\/cine-y-libertad\/2023\/02\/14\/el-abuelo-jose-luis-garci-y-la-adaptacion-de-benito-perez-galdos\/","title":{"rendered":"El abuelo-Jos\u00e9 Luis Garci y la adaptaci\u00f3n de Benito P\u00e9rez Gald\u00f3s"},"content":{"rendered":"<p><a href=\"https:\/\/www.ivoox.com\/abuelo-jose-luis-garci-adaptacion-de-audios-mp3_rf_102997488_1.html\">El abuelo-Jos\u00e9 Luis Garci y la adaptaci\u00f3n de Benito P\u00e9rez Gald\u00f3s<\/a>. \u00bfPor qu\u00e9 hay ver pel\u00edculas y leer libros relacionados o escritos con Gald\u00f3s?<\/p>\n<p>Hemos invitado a Marta Troyano (<a href=\"https:\/\/www.cope.es\/blogs\/cine-y-libertad\/2022\/04\/06\/un-mundo-perfecto-ser-un-buen-padre-y-la-redencion-a-traves-del-corazon-de-un-nino\/\">Un mundo perfecto<\/a>, <a href=\"https:\/\/www.cope.es\/blogs\/cine-y-libertad\/2020\/02\/28\/green-book-amistad-interracial-basada-en-hechos-reales\/\">Green book<\/a>) , que ha preparado un especial sobre El abuelo-Jos\u00e9 Luis Garci y la adaptaci\u00f3n de Benito P\u00e9rez Gald\u00f3s. Aqu\u00ed puedes escuchar su an\u00e1lisis\u2026<\/p>\n<p><img loading=\"lazy\" decoding=\"async\" width=\"300\" height=\"150\" class=\"alignnone size-medium wp-image-5246\" src=\"http:\/\/www.cope.es\/blogs\/cine-y-libertad\/wp-content\/uploads\/sites\/7\/2023\/02\/el-abuelo-300x150.jpg\" alt=\"\" srcset=\"https:\/\/www.cope.es\/blogs\/cine-y-libertad\/wp-content\/uploads\/sites\/7\/2023\/02\/el-abuelo-300x150.jpg 300w, https:\/\/www.cope.es\/blogs\/cine-y-libertad\/wp-content\/uploads\/sites\/7\/2023\/02\/el-abuelo-315x159.jpg 315w, https:\/\/www.cope.es\/blogs\/cine-y-libertad\/wp-content\/uploads\/sites\/7\/2023\/02\/el-abuelo.jpg 318w\" sizes=\"auto, (max-width: 300px) 100vw, 300px\" \/><\/p>\n<audio class=\"wp-audio-shortcode\" id=\"audio-5198-1\" preload=\"none\" style=\"width: 100%;\" controls=\"controls\"><source type=\"audio\/mpeg\" src=\"https:\/\/www.ivoox.com\/abuelo-jose-luis-garci-adaptacion-de_md_102997488_wp_1.mp3?_=1\" \/><a href=\"https:\/\/www.ivoox.com\/abuelo-jose-luis-garci-adaptacion-de_md_102997488_wp_1.mp3\">https:\/\/www.ivoox.com\/abuelo-jose-luis-garci-adaptacion-de_md_102997488_wp_1.mp3<\/a><\/audio>\n<p><a title=\"El abuelo-Jos\u00e9 Luis Garci y la adaptaci\u00f3n de Benito P\u00e9rez Gald\u00f3s\" href=\"https:\/\/go.ivoox.com\/rf\/102997488\">Ir a descargar<\/a><\/p>\n<p>\u00a1Lectores y amigos de Cine y Libertad!<\/p>\n<p>Esta es la sinopsis oficial de El abuelo-Jos\u00e9 Luis Garci y la adaptaci\u00f3n de Benito P\u00e9rez Gald\u00f3s<\/p>\n<p>Un arist\u00f3crata, Don Rodrigo de Arista y Potestad (<a href=\"https:\/\/www.cope.es\/blogs\/cine-y-libertad\/2021\/12\/07\/dos-nuevas-comedias-y-algo-mas-el-descubrimiento-de-obras-ineditas-de-fernan-gomez-gracias-a-su-nieta\/\">Fernando Fern\u00e1n G\u00f3mez<\/a>) vuelve a su pueblo natal en Asturias desde Am\u00e9rica despu\u00e9s de verse casi en la ruina.El motivo de este regreso es ver cual de sus dos nietas es la verdadera hija de su hijo, ya fallecido. Pero en el pueblo no se le recibir\u00e1 con los brazos abiertos por culpa de hechos pasados.<\/p>\n<p>En otro momento, Marta Troyano nos habl\u00f3 otra pel\u00edcula de Jos\u00e9 Luis Garci, titulada:<a href=\"https:\/\/www.ivoox.com\/crack-una-gran-pelicula-cine-negro-y-audios-mp3_rf_90426389_1.html\">El crack-Una gran pel\u00edcula de cine negro y di\u00e1logos de boxeo de Garci, protagonizada por Alfredo Landa y Mar\u00eda Casanova<\/a>.<\/p>\n<p><img loading=\"lazy\" decoding=\"async\" width=\"291\" height=\"173\" class=\"alignnone size-full wp-image-4449\" src=\"http:\/\/www.cope.es\/blogs\/cine-y-libertad\/wp-content\/uploads\/sites\/7\/2022\/09\/el-crack.jpg\" alt=\"\" \/><\/p>\n<audio class=\"wp-audio-shortcode\" id=\"audio-5198-2\" preload=\"none\" style=\"width: 100%;\" controls=\"controls\"><source type=\"audio\/mpeg\" src=\"https:\/\/www.ivoox.com\/crack-una-gran-pelicula-cine-negro-y_md_90426389_wp_1.mp3?_=2\" \/><a href=\"https:\/\/www.ivoox.com\/crack-una-gran-pelicula-cine-negro-y_md_90426389_wp_1.mp3\">https:\/\/www.ivoox.com\/crack-una-gran-pelicula-cine-negro-y_md_90426389_wp_1.mp3<\/a><\/audio>\n<p>&nbsp;<\/p>\n<p>German, es un duro ex-polic\u00eda, reconvertido en detective privado. Al que le mandan un trabajo, encontrar a la hija de un rico empresario, que huy\u00f3 despu\u00e9s de quedarse embarazada y negarse a obedecer las ordenes de su padre para que abortara, a trav\u00e9s de las indagaciones ira descubriendo que hay gente muy importante detr\u00e1s del asunto y que intentaran por todos los medios que fracase en su objetivo.<\/p>\n<p>Instagram:<a href=\"https:\/\/www.instagram.com\/cineylibertad\/\">https:\/\/www.instagram.com\/cineylibertad\/<\/a><\/p>\n<p>Facebook: <a href=\"https:\/\/www.facebook.com\/victor.alvarado.56829446\" target=\"_blank\">https:\/\/www.facebook.com\/victor.alvarado.56829446<\/a><\/p>\n<p>Twitter:<span class=\"r-18u37iz\"><a class=\"css-4rbku5 css-18t94o4 css-901oao css-16my406 r-1n1174f r-1loqt21 r-poiln3 r-bcqeeo r-qvutc0\" href=\"https:\/\/twitter.com\/cineylibertad\">@cineylibertad<\/a><\/span><\/p>\n","protected":false},"excerpt":{"rendered":"<p>El abuelo-Jos\u00e9 Luis Garci y la adaptaci\u00f3n de Benito P\u00e9rez Gald\u00f3s. \u00bfPor qu\u00e9 hay ver pel\u00edculas y leer libros relacionados o escritos con Gald\u00f3s? Hemos invitado a Marta Troyano (Un mundo perfecto, Green book) , que ha preparado un especial sobre El abuelo-Jos\u00e9 Luis Garci y la adaptaci\u00f3n de Benito P\u00e9rez Gald\u00f3s. Aqu\u00ed puedes escuchar [&hellip;]<\/p>\n","protected":false},"author":7,"featured_media":5246,"comment_status":"open","ping_status":"open","sticky":false,"template":"","format":"standard","meta":{"footnotes":""},"categories":[204,3,893,42,395],"tags":[1558,1553,1556,1555,1554,1557],"class_list":["post-5198","post","type-post","status-publish","format-standard","has-post-thumbnail","hentry","category-oscar","category-cine","category-cine-espanol","category-obra-maestra","category-obra-maestra-del-cine-espanol","tag-cayetana-guillen-cuervo","tag-el-abuelo","tag-el-abuelo-garci","tag-el-abuelo-jose-luis-garci","tag-el-abuelo-jose-luis-garci-y-la-adaptacion-de-benito-perez-galdos","tag-fernando-fernan-gomez"],"yoast_head":"<!-- This site is optimized with the Yoast SEO plugin v27.4 - https:\/\/yoast.com\/product\/yoast-seo-wordpress\/ -->\n<title>El abuelo-Jos\u00e9 Luis Garci y la adaptaci\u00f3n de Benito P\u00e9rez Gald\u00f3s<\/title>\n<meta name=\"description\" content=\"El abuelo-Jos\u00e9 Luis Garci y la adaptaci\u00f3n de Benito P\u00e9rez Gald\u00f3s. \u00bfPor qu\u00e9 hay ver pel\u00edculas y leer libros relacionados o escritos por Gald\u00f3s?\" \/>\n<meta name=\"robots\" content=\"index, follow, max-snippet:-1, max-image-preview:large, max-video-preview:-1\" \/>\n<link rel=\"canonical\" href=\"https:\/\/www.cope.es\/blogs\/cine-y-libertad\/2023\/02\/14\/el-abuelo-jose-luis-garci-y-la-adaptacion-de-benito-perez-galdos\/\" \/>\n<meta property=\"og:locale\" content=\"es_ES\" \/>\n<meta property=\"og:type\" content=\"article\" \/>\n<meta property=\"og:title\" content=\"El abuelo-Jos\u00e9 Luis Garci y la adaptaci\u00f3n de Benito P\u00e9rez Gald\u00f3s\" \/>\n<meta property=\"og:description\" content=\"El abuelo-Jos\u00e9 Luis Garci y la adaptaci\u00f3n de Benito P\u00e9rez Gald\u00f3s. \u00bfPor qu\u00e9 hay ver pel\u00edculas y leer libros relacionados o escritos por Gald\u00f3s?\" \/>\n<meta property=\"og:url\" content=\"https:\/\/www.cope.es\/blogs\/cine-y-libertad\/2023\/02\/14\/el-abuelo-jose-luis-garci-y-la-adaptacion-de-benito-perez-galdos\/\" \/>\n<meta property=\"og:site_name\" content=\"Cine y Libertad\" \/>\n<meta property=\"article:publisher\" content=\"https:\/\/www.facebook.com\/cope\/\" \/>\n<meta property=\"article:author\" content=\"https:\/\/www.facebook.com\/victor.alvarado.56829446\" \/>\n<meta property=\"article:published_time\" content=\"2023-02-14T20:01:55+00:00\" \/>\n<meta property=\"article:modified_time\" content=\"2023-02-15T08:11:51+00:00\" \/>\n<meta property=\"og:image\" content=\"https:\/\/www.cope.es\/blogs\/cine-y-libertad\/wp-content\/uploads\/sites\/7\/2023\/02\/el-abuelo.jpg\" \/>\n\t<meta property=\"og:image:width\" content=\"318\" \/>\n\t<meta property=\"og:image:height\" content=\"159\" \/>\n\t<meta property=\"og:image:type\" content=\"image\/jpeg\" \/>\n<meta name=\"author\" content=\"V\u00edctor Alvarado\" \/>\n<meta name=\"twitter:card\" content=\"summary_large_image\" \/>\n<meta name=\"twitter:creator\" content=\"@cineylibertad\" \/>\n<meta name=\"twitter:site\" content=\"@cope_es\" \/>\n<meta name=\"twitter:label1\" content=\"Escrito por\" \/>\n\t<meta name=\"twitter:data1\" content=\"V\u00edctor Alvarado\" \/>\n\t<meta name=\"twitter:label2\" content=\"Tiempo de lectura\" \/>\n\t<meta name=\"twitter:data2\" content=\"2 minutos\" \/>\n<script type=\"application\/ld+json\" class=\"yoast-schema-graph\">{\"@context\":\"https:\\\/\\\/schema.org\",\"@graph\":[{\"@type\":\"Article\",\"@id\":\"https:\\\/\\\/www.cope.es\\\/blogs\\\/cine-y-libertad\\\/2023\\\/02\\\/14\\\/el-abuelo-jose-luis-garci-y-la-adaptacion-de-benito-perez-galdos\\\/#article\",\"isPartOf\":{\"@id\":\"https:\\\/\\\/www.cope.es\\\/blogs\\\/cine-y-libertad\\\/2023\\\/02\\\/14\\\/el-abuelo-jose-luis-garci-y-la-adaptacion-de-benito-perez-galdos\\\/\"},\"author\":{\"name\":\"V\u00edctor Alvarado\",\"@id\":\"https:\\\/\\\/www.cope.es\\\/blogs\\\/cine-y-libertad\\\/#\\\/schema\\\/person\\\/c95904a4fbf751a8d9124f8fa8bdaace\"},\"headline\":\"El abuelo-Jos\u00e9 Luis Garci y la adaptaci\u00f3n de Benito P\u00e9rez Gald\u00f3s\",\"datePublished\":\"2023-02-14T20:01:55+00:00\",\"dateModified\":\"2023-02-15T08:11:51+00:00\",\"mainEntityOfPage\":{\"@id\":\"https:\\\/\\\/www.cope.es\\\/blogs\\\/cine-y-libertad\\\/2023\\\/02\\\/14\\\/el-abuelo-jose-luis-garci-y-la-adaptacion-de-benito-perez-galdos\\\/\"},\"wordCount\":325,\"commentCount\":0,\"image\":{\"@id\":\"https:\\\/\\\/www.cope.es\\\/blogs\\\/cine-y-libertad\\\/2023\\\/02\\\/14\\\/el-abuelo-jose-luis-garci-y-la-adaptacion-de-benito-perez-galdos\\\/#primaryimage\"},\"thumbnailUrl\":\"https:\\\/\\\/www.cope.es\\\/blogs\\\/cine-y-libertad\\\/wp-content\\\/uploads\\\/sites\\\/7\\\/2023\\\/02\\\/el-abuelo.jpg\",\"keywords\":[\"Cayetana Guill\u00e9n Cuervo\",\"El abuelo\",\"El abuelo-Garci\",\"El abuelo-Jos\u00e9 Luis Garci\",\"El abuelo-Jos\u00e9 Luis Garci y la adaptaci\u00f3n de Benito P\u00e9rez Gald\u00f3s\",\"Fernando Fern\u00e1n G\u00f3mez\"],\"articleSection\":[\"#\u00d3scar\",\"cine\",\"cine espa\u00f1ol\",\"Obra maestra\",\"obra maestra del cine espa\u00f1ol\"],\"inLanguage\":\"es\",\"potentialAction\":[{\"@type\":\"CommentAction\",\"name\":\"Comment\",\"target\":[\"https:\\\/\\\/www.cope.es\\\/blogs\\\/cine-y-libertad\\\/2023\\\/02\\\/14\\\/el-abuelo-jose-luis-garci-y-la-adaptacion-de-benito-perez-galdos\\\/#respond\"]}]},{\"@type\":\"WebPage\",\"@id\":\"https:\\\/\\\/www.cope.es\\\/blogs\\\/cine-y-libertad\\\/2023\\\/02\\\/14\\\/el-abuelo-jose-luis-garci-y-la-adaptacion-de-benito-perez-galdos\\\/\",\"url\":\"https:\\\/\\\/www.cope.es\\\/blogs\\\/cine-y-libertad\\\/2023\\\/02\\\/14\\\/el-abuelo-jose-luis-garci-y-la-adaptacion-de-benito-perez-galdos\\\/\",\"name\":\"El abuelo-Jos\u00e9 Luis Garci y la adaptaci\u00f3n de Benito P\u00e9rez Gald\u00f3s\",\"isPartOf\":{\"@id\":\"https:\\\/\\\/www.cope.es\\\/blogs\\\/cine-y-libertad\\\/#website\"},\"primaryImageOfPage\":{\"@id\":\"https:\\\/\\\/www.cope.es\\\/blogs\\\/cine-y-libertad\\\/2023\\\/02\\\/14\\\/el-abuelo-jose-luis-garci-y-la-adaptacion-de-benito-perez-galdos\\\/#primaryimage\"},\"image\":{\"@id\":\"https:\\\/\\\/www.cope.es\\\/blogs\\\/cine-y-libertad\\\/2023\\\/02\\\/14\\\/el-abuelo-jose-luis-garci-y-la-adaptacion-de-benito-perez-galdos\\\/#primaryimage\"},\"thumbnailUrl\":\"https:\\\/\\\/www.cope.es\\\/blogs\\\/cine-y-libertad\\\/wp-content\\\/uploads\\\/sites\\\/7\\\/2023\\\/02\\\/el-abuelo.jpg\",\"datePublished\":\"2023-02-14T20:01:55+00:00\",\"dateModified\":\"2023-02-15T08:11:51+00:00\",\"author\":{\"@id\":\"https:\\\/\\\/www.cope.es\\\/blogs\\\/cine-y-libertad\\\/#\\\/schema\\\/person\\\/c95904a4fbf751a8d9124f8fa8bdaace\"},\"description\":\"El abuelo-Jos\u00e9 Luis Garci y la adaptaci\u00f3n de Benito P\u00e9rez Gald\u00f3s. \u00bfPor qu\u00e9 hay ver pel\u00edculas y leer libros relacionados o escritos por Gald\u00f3s?\",\"breadcrumb\":{\"@id\":\"https:\\\/\\\/www.cope.es\\\/blogs\\\/cine-y-libertad\\\/2023\\\/02\\\/14\\\/el-abuelo-jose-luis-garci-y-la-adaptacion-de-benito-perez-galdos\\\/#breadcrumb\"},\"inLanguage\":\"es\",\"potentialAction\":[{\"@type\":\"ReadAction\",\"target\":[\"https:\\\/\\\/www.cope.es\\\/blogs\\\/cine-y-libertad\\\/2023\\\/02\\\/14\\\/el-abuelo-jose-luis-garci-y-la-adaptacion-de-benito-perez-galdos\\\/\"]}]},{\"@type\":\"ImageObject\",\"inLanguage\":\"es\",\"@id\":\"https:\\\/\\\/www.cope.es\\\/blogs\\\/cine-y-libertad\\\/2023\\\/02\\\/14\\\/el-abuelo-jose-luis-garci-y-la-adaptacion-de-benito-perez-galdos\\\/#primaryimage\",\"url\":\"https:\\\/\\\/www.cope.es\\\/blogs\\\/cine-y-libertad\\\/wp-content\\\/uploads\\\/sites\\\/7\\\/2023\\\/02\\\/el-abuelo.jpg\",\"contentUrl\":\"https:\\\/\\\/www.cope.es\\\/blogs\\\/cine-y-libertad\\\/wp-content\\\/uploads\\\/sites\\\/7\\\/2023\\\/02\\\/el-abuelo.jpg\",\"width\":318,\"height\":159},{\"@type\":\"BreadcrumbList\",\"@id\":\"https:\\\/\\\/www.cope.es\\\/blogs\\\/cine-y-libertad\\\/2023\\\/02\\\/14\\\/el-abuelo-jose-luis-garci-y-la-adaptacion-de-benito-perez-galdos\\\/#breadcrumb\",\"itemListElement\":[{\"@type\":\"ListItem\",\"position\":1,\"name\":\"Portada\",\"item\":\"https:\\\/\\\/www.cope.es\\\/blogs\\\/cine-y-libertad\\\/\"},{\"@type\":\"ListItem\",\"position\":2,\"name\":\"El abuelo-Jos\u00e9 Luis Garci y la adaptaci\u00f3n de Benito P\u00e9rez Gald\u00f3s\"}]},{\"@type\":\"WebSite\",\"@id\":\"https:\\\/\\\/www.cope.es\\\/blogs\\\/cine-y-libertad\\\/#website\",\"url\":\"https:\\\/\\\/www.cope.es\\\/blogs\\\/cine-y-libertad\\\/\",\"name\":\"Cine y Libertad\",\"description\":\"Cine y Libertad un blog de COPE\",\"potentialAction\":[{\"@type\":\"SearchAction\",\"target\":{\"@type\":\"EntryPoint\",\"urlTemplate\":\"https:\\\/\\\/www.cope.es\\\/blogs\\\/cine-y-libertad\\\/?s={search_term_string}\"},\"query-input\":{\"@type\":\"PropertyValueSpecification\",\"valueRequired\":true,\"valueName\":\"search_term_string\"}}],\"inLanguage\":\"es\"},{\"@type\":\"Person\",\"@id\":\"https:\\\/\\\/www.cope.es\\\/blogs\\\/cine-y-libertad\\\/#\\\/schema\\\/person\\\/c95904a4fbf751a8d9124f8fa8bdaace\",\"name\":\"V\u00edctor Alvarado\",\"image\":{\"@type\":\"ImageObject\",\"inLanguage\":\"es\",\"@id\":\"https:\\\/\\\/secure.gravatar.com\\\/avatar\\\/db4634ae2001f7f920b8294d926f3e737ada04196e014ebacae29a4848f905f4?s=96&d=mm&r=g\",\"url\":\"https:\\\/\\\/secure.gravatar.com\\\/avatar\\\/db4634ae2001f7f920b8294d926f3e737ada04196e014ebacae29a4848f905f4?s=96&d=mm&r=g\",\"contentUrl\":\"https:\\\/\\\/secure.gravatar.com\\\/avatar\\\/db4634ae2001f7f920b8294d926f3e737ada04196e014ebacae29a4848f905f4?s=96&d=mm&r=g\",\"caption\":\"V\u00edctor Alvarado\"},\"description\":\"V\u00edctor Alvarado tiene una larga experiencia tanto en medios de comunicaci\u00f3n como en educaci\u00f3n. Dirige el programa de radio, Directo a las Estrellas, en Intereconom\u00eda (Castilla y Le\u00f3n) y Informa Radio en toda Espa\u00f1a. Ha colaborado en Radio Inter y Esradio. Cr\u00edtico de cine en Pantalla 90, Diario Ya y P\u00e1ginas Digital. Es miembro del CEC. Es el autor de libro: La fe, la \u00e9tica y los valores de los superh\u00e9roes (PPC). Esta es su web: www.cineylibertad.com y, por supuesto, lleva m\u00e1s de 5 a\u00f1os como bloguero de Cope, donde analiza el cine, los c\u00f3mics y los libros desde una \u00f3ptica antropol\u00f3gica y axiol\u00f3gica, atendiendo a todas las dimensiones del ser humano.\",\"sameAs\":[\"http:\\\/\\\/www.cineylibertad.com\",\"https:\\\/\\\/www.facebook.com\\\/victor.alvarado.56829446\",\"https:\\\/\\\/www.instagram.com\\\/cineylibertad\\\/\",\"https:\\\/\\\/x.com\\\/cineylibertad\"],\"url\":\"https:\\\/\\\/www.cope.es\\\/blogs\\\/cine-y-libertad\\\/author\\\/valvarado\\\/\"}]}<\/script>\n<!-- \/ Yoast SEO plugin. -->","yoast_head_json":{"title":"El abuelo-Jos\u00e9 Luis Garci y la adaptaci\u00f3n de Benito P\u00e9rez Gald\u00f3s","description":"El abuelo-Jos\u00e9 Luis Garci y la adaptaci\u00f3n de Benito P\u00e9rez Gald\u00f3s. \u00bfPor qu\u00e9 hay ver pel\u00edculas y leer libros relacionados o escritos por Gald\u00f3s?","robots":{"index":"index","follow":"follow","max-snippet":"max-snippet:-1","max-image-preview":"max-image-preview:large","max-video-preview":"max-video-preview:-1"},"canonical":"https:\/\/www.cope.es\/blogs\/cine-y-libertad\/2023\/02\/14\/el-abuelo-jose-luis-garci-y-la-adaptacion-de-benito-perez-galdos\/","og_locale":"es_ES","og_type":"article","og_title":"El abuelo-Jos\u00e9 Luis Garci y la adaptaci\u00f3n de Benito P\u00e9rez Gald\u00f3s","og_description":"El abuelo-Jos\u00e9 Luis Garci y la adaptaci\u00f3n de Benito P\u00e9rez Gald\u00f3s. \u00bfPor qu\u00e9 hay ver pel\u00edculas y leer libros relacionados o escritos por Gald\u00f3s?","og_url":"https:\/\/www.cope.es\/blogs\/cine-y-libertad\/2023\/02\/14\/el-abuelo-jose-luis-garci-y-la-adaptacion-de-benito-perez-galdos\/","og_site_name":"Cine y Libertad","article_publisher":"https:\/\/www.facebook.com\/cope\/","article_author":"https:\/\/www.facebook.com\/victor.alvarado.56829446","article_published_time":"2023-02-14T20:01:55+00:00","article_modified_time":"2023-02-15T08:11:51+00:00","og_image":[{"width":318,"height":159,"url":"https:\/\/www.cope.es\/blogs\/cine-y-libertad\/wp-content\/uploads\/sites\/7\/2023\/02\/el-abuelo.jpg","type":"image\/jpeg"}],"author":"V\u00edctor Alvarado","twitter_card":"summary_large_image","twitter_creator":"@cineylibertad","twitter_site":"@cope_es","twitter_misc":{"Escrito por":"V\u00edctor Alvarado","Tiempo de lectura":"2 minutos"},"schema":{"@context":"https:\/\/schema.org","@graph":[{"@type":"Article","@id":"https:\/\/www.cope.es\/blogs\/cine-y-libertad\/2023\/02\/14\/el-abuelo-jose-luis-garci-y-la-adaptacion-de-benito-perez-galdos\/#article","isPartOf":{"@id":"https:\/\/www.cope.es\/blogs\/cine-y-libertad\/2023\/02\/14\/el-abuelo-jose-luis-garci-y-la-adaptacion-de-benito-perez-galdos\/"},"author":{"name":"V\u00edctor Alvarado","@id":"https:\/\/www.cope.es\/blogs\/cine-y-libertad\/#\/schema\/person\/c95904a4fbf751a8d9124f8fa8bdaace"},"headline":"El abuelo-Jos\u00e9 Luis Garci y la adaptaci\u00f3n de Benito P\u00e9rez Gald\u00f3s","datePublished":"2023-02-14T20:01:55+00:00","dateModified":"2023-02-15T08:11:51+00:00","mainEntityOfPage":{"@id":"https:\/\/www.cope.es\/blogs\/cine-y-libertad\/2023\/02\/14\/el-abuelo-jose-luis-garci-y-la-adaptacion-de-benito-perez-galdos\/"},"wordCount":325,"commentCount":0,"image":{"@id":"https:\/\/www.cope.es\/blogs\/cine-y-libertad\/2023\/02\/14\/el-abuelo-jose-luis-garci-y-la-adaptacion-de-benito-perez-galdos\/#primaryimage"},"thumbnailUrl":"https:\/\/www.cope.es\/blogs\/cine-y-libertad\/wp-content\/uploads\/sites\/7\/2023\/02\/el-abuelo.jpg","keywords":["Cayetana Guill\u00e9n Cuervo","El abuelo","El abuelo-Garci","El abuelo-Jos\u00e9 Luis Garci","El abuelo-Jos\u00e9 Luis Garci y la adaptaci\u00f3n de Benito P\u00e9rez Gald\u00f3s","Fernando Fern\u00e1n G\u00f3mez"],"articleSection":["#\u00d3scar","cine","cine espa\u00f1ol","Obra maestra","obra maestra del cine espa\u00f1ol"],"inLanguage":"es","potentialAction":[{"@type":"CommentAction","name":"Comment","target":["https:\/\/www.cope.es\/blogs\/cine-y-libertad\/2023\/02\/14\/el-abuelo-jose-luis-garci-y-la-adaptacion-de-benito-perez-galdos\/#respond"]}]},{"@type":"WebPage","@id":"https:\/\/www.cope.es\/blogs\/cine-y-libertad\/2023\/02\/14\/el-abuelo-jose-luis-garci-y-la-adaptacion-de-benito-perez-galdos\/","url":"https:\/\/www.cope.es\/blogs\/cine-y-libertad\/2023\/02\/14\/el-abuelo-jose-luis-garci-y-la-adaptacion-de-benito-perez-galdos\/","name":"El abuelo-Jos\u00e9 Luis Garci y la adaptaci\u00f3n de Benito P\u00e9rez Gald\u00f3s","isPartOf":{"@id":"https:\/\/www.cope.es\/blogs\/cine-y-libertad\/#website"},"primaryImageOfPage":{"@id":"https:\/\/www.cope.es\/blogs\/cine-y-libertad\/2023\/02\/14\/el-abuelo-jose-luis-garci-y-la-adaptacion-de-benito-perez-galdos\/#primaryimage"},"image":{"@id":"https:\/\/www.cope.es\/blogs\/cine-y-libertad\/2023\/02\/14\/el-abuelo-jose-luis-garci-y-la-adaptacion-de-benito-perez-galdos\/#primaryimage"},"thumbnailUrl":"https:\/\/www.cope.es\/blogs\/cine-y-libertad\/wp-content\/uploads\/sites\/7\/2023\/02\/el-abuelo.jpg","datePublished":"2023-02-14T20:01:55+00:00","dateModified":"2023-02-15T08:11:51+00:00","author":{"@id":"https:\/\/www.cope.es\/blogs\/cine-y-libertad\/#\/schema\/person\/c95904a4fbf751a8d9124f8fa8bdaace"},"description":"El abuelo-Jos\u00e9 Luis Garci y la adaptaci\u00f3n de Benito P\u00e9rez Gald\u00f3s. \u00bfPor qu\u00e9 hay ver pel\u00edculas y leer libros relacionados o escritos por Gald\u00f3s?","breadcrumb":{"@id":"https:\/\/www.cope.es\/blogs\/cine-y-libertad\/2023\/02\/14\/el-abuelo-jose-luis-garci-y-la-adaptacion-de-benito-perez-galdos\/#breadcrumb"},"inLanguage":"es","potentialAction":[{"@type":"ReadAction","target":["https:\/\/www.cope.es\/blogs\/cine-y-libertad\/2023\/02\/14\/el-abuelo-jose-luis-garci-y-la-adaptacion-de-benito-perez-galdos\/"]}]},{"@type":"ImageObject","inLanguage":"es","@id":"https:\/\/www.cope.es\/blogs\/cine-y-libertad\/2023\/02\/14\/el-abuelo-jose-luis-garci-y-la-adaptacion-de-benito-perez-galdos\/#primaryimage","url":"https:\/\/www.cope.es\/blogs\/cine-y-libertad\/wp-content\/uploads\/sites\/7\/2023\/02\/el-abuelo.jpg","contentUrl":"https:\/\/www.cope.es\/blogs\/cine-y-libertad\/wp-content\/uploads\/sites\/7\/2023\/02\/el-abuelo.jpg","width":318,"height":159},{"@type":"BreadcrumbList","@id":"https:\/\/www.cope.es\/blogs\/cine-y-libertad\/2023\/02\/14\/el-abuelo-jose-luis-garci-y-la-adaptacion-de-benito-perez-galdos\/#breadcrumb","itemListElement":[{"@type":"ListItem","position":1,"name":"Portada","item":"https:\/\/www.cope.es\/blogs\/cine-y-libertad\/"},{"@type":"ListItem","position":2,"name":"El abuelo-Jos\u00e9 Luis Garci y la adaptaci\u00f3n de Benito P\u00e9rez Gald\u00f3s"}]},{"@type":"WebSite","@id":"https:\/\/www.cope.es\/blogs\/cine-y-libertad\/#website","url":"https:\/\/www.cope.es\/blogs\/cine-y-libertad\/","name":"Cine y Libertad","description":"Cine y Libertad un blog de COPE","potentialAction":[{"@type":"SearchAction","target":{"@type":"EntryPoint","urlTemplate":"https:\/\/www.cope.es\/blogs\/cine-y-libertad\/?s={search_term_string}"},"query-input":{"@type":"PropertyValueSpecification","valueRequired":true,"valueName":"search_term_string"}}],"inLanguage":"es"},{"@type":"Person","@id":"https:\/\/www.cope.es\/blogs\/cine-y-libertad\/#\/schema\/person\/c95904a4fbf751a8d9124f8fa8bdaace","name":"V\u00edctor Alvarado","image":{"@type":"ImageObject","inLanguage":"es","@id":"https:\/\/secure.gravatar.com\/avatar\/db4634ae2001f7f920b8294d926f3e737ada04196e014ebacae29a4848f905f4?s=96&d=mm&r=g","url":"https:\/\/secure.gravatar.com\/avatar\/db4634ae2001f7f920b8294d926f3e737ada04196e014ebacae29a4848f905f4?s=96&d=mm&r=g","contentUrl":"https:\/\/secure.gravatar.com\/avatar\/db4634ae2001f7f920b8294d926f3e737ada04196e014ebacae29a4848f905f4?s=96&d=mm&r=g","caption":"V\u00edctor Alvarado"},"description":"V\u00edctor Alvarado tiene una larga experiencia tanto en medios de comunicaci\u00f3n como en educaci\u00f3n. Dirige el programa de radio, Directo a las Estrellas, en Intereconom\u00eda (Castilla y Le\u00f3n) y Informa Radio en toda Espa\u00f1a. Ha colaborado en Radio Inter y Esradio. Cr\u00edtico de cine en Pantalla 90, Diario Ya y P\u00e1ginas Digital. Es miembro del CEC. Es el autor de libro: La fe, la \u00e9tica y los valores de los superh\u00e9roes (PPC). Esta es su web: www.cineylibertad.com y, por supuesto, lleva m\u00e1s de 5 a\u00f1os como bloguero de Cope, donde analiza el cine, los c\u00f3mics y los libros desde una \u00f3ptica antropol\u00f3gica y axiol\u00f3gica, atendiendo a todas las dimensiones del ser humano.","sameAs":["http:\/\/www.cineylibertad.com","https:\/\/www.facebook.com\/victor.alvarado.56829446","https:\/\/www.instagram.com\/cineylibertad\/","https:\/\/x.com\/cineylibertad"],"url":"https:\/\/www.cope.es\/blogs\/cine-y-libertad\/author\/valvarado\/"}]}},"amp_enabled":true,"_links":{"self":[{"href":"https:\/\/www.cope.es\/blogs\/cine-y-libertad\/wp-json\/wp\/v2\/posts\/5198","targetHints":{"allow":["GET"]}}],"collection":[{"href":"https:\/\/www.cope.es\/blogs\/cine-y-libertad\/wp-json\/wp\/v2\/posts"}],"about":[{"href":"https:\/\/www.cope.es\/blogs\/cine-y-libertad\/wp-json\/wp\/v2\/types\/post"}],"author":[{"embeddable":true,"href":"https:\/\/www.cope.es\/blogs\/cine-y-libertad\/wp-json\/wp\/v2\/users\/7"}],"replies":[{"embeddable":true,"href":"https:\/\/www.cope.es\/blogs\/cine-y-libertad\/wp-json\/wp\/v2\/comments?post=5198"}],"version-history":[{"count":2,"href":"https:\/\/www.cope.es\/blogs\/cine-y-libertad\/wp-json\/wp\/v2\/posts\/5198\/revisions"}],"predecessor-version":[{"id":5247,"href":"https:\/\/www.cope.es\/blogs\/cine-y-libertad\/wp-json\/wp\/v2\/posts\/5198\/revisions\/5247"}],"wp:featuredmedia":[{"embeddable":true,"href":"https:\/\/www.cope.es\/blogs\/cine-y-libertad\/wp-json\/wp\/v2\/media\/5246"}],"wp:attachment":[{"href":"https:\/\/www.cope.es\/blogs\/cine-y-libertad\/wp-json\/wp\/v2\/media?parent=5198"}],"wp:term":[{"taxonomy":"category","embeddable":true,"href":"https:\/\/www.cope.es\/blogs\/cine-y-libertad\/wp-json\/wp\/v2\/categories?post=5198"},{"taxonomy":"post_tag","embeddable":true,"href":"https:\/\/www.cope.es\/blogs\/cine-y-libertad\/wp-json\/wp\/v2\/tags?post=5198"}],"curies":[{"name":"wp","href":"https:\/\/api.w.org\/{rel}","templated":true}]}}