{"id":5163,"date":"2023-02-06T11:18:00","date_gmt":"2023-02-06T10:18:00","guid":{"rendered":"http:\/\/www.cope.es\/blogs\/cine-y-libertad\/?p=5163"},"modified":"2023-02-06T11:25:33","modified_gmt":"2023-02-06T10:25:33","slug":"la-ballena-de-george-de-la-jungla-a-los-problemas-de-ansiedad-de-fraser","status":"publish","type":"post","link":"https:\/\/www.cope.es\/blogs\/cine-y-libertad\/2023\/02\/06\/la-ballena-de-george-de-la-jungla-a-los-problemas-de-ansiedad-de-fraser\/","title":{"rendered":"La ballena-De George de la jungla a los problemas de ansiedad de Fraser"},"content":{"rendered":"<p><a href=\"https:\/\/www.ivoox.com\/ballena-de-george-jungla-a-los-audios-mp3_rf_102479944_1.html\">La ballena-De George de la jungla a los problemas de ansiedad de Fraser<\/a>. \u00bfEs una pel\u00edcula adecuada para todo tipo de p\u00fablico?<\/p>\n<p>Aqu\u00ed puedes escuchar mi comentario sobre esta pel\u00edcula, nominada a los \u00d3scar en tres categor\u00edas: <strong>Mejor Actor protagonista<\/strong> (<a href=\"https:\/\/es.wikipedia.org\/wiki\/Brendan_Fraser\">Brendan Fraser<\/a>), <strong>Mejor Actriz de Reparto<\/strong> (Hong Chau) y <strong>Mejor Maquillaje y Peluquer\u00eda&#8230;<\/strong><\/p>\n<div id=\"mep_0\" class=\"mejs-container mejs-container-keyboard-inactive wp-audio-shortcode mejs-audio\" tabindex=\"0\">\n<div class=\"mejs-inner\">\n<div class=\"mejs-controls\"><img loading=\"lazy\" decoding=\"async\" width=\"300\" height=\"168\" class=\"alignnone size-full wp-image-5165\" src=\"http:\/\/www.cope.es\/blogs\/cine-y-libertad\/wp-content\/uploads\/sites\/7\/2023\/02\/la-ballena.jpg\" alt=\"\" \/><\/div>\n<div><\/div>\n<\/div>\n<\/div>\n<audio class=\"wp-audio-shortcode\" id=\"audio-5163-1\" preload=\"none\" style=\"width: 100%;\" controls=\"controls\"><source type=\"audio\/mpeg\" src=\"https:\/\/www.ivoox.com\/ballena-de-george-jungla-a-los_md_102479944_wp_1.mp3?_=1\" \/><a href=\"https:\/\/www.ivoox.com\/ballena-de-george-jungla-a-los_md_102479944_wp_1.mp3\">https:\/\/www.ivoox.com\/ballena-de-george-jungla-a-los_md_102479944_wp_1.mp3<\/a><\/audio>\n<p><a title=\"La ballena-De George de la jungla a los problemas de ansiedad de Fraser\" href=\"https:\/\/go.ivoox.com\/rf\/102479944\">Ir a descargar<\/a><\/p>\n<p>\u00a1Lectores y amigos de Cine y Libertad!<\/p>\n<p><strong>Sinopsis oficial de <a href=\"https:\/\/www.cope.es\/blogs\/cine-y-libertad\/2023\/02\/06\/la-ballena-de-george-de-la-jungla-a-los-problemas-de-ansiedad-de-fraser\/\">La ballena-De George de la jungla a los problemas de ansiedad de Fraser<\/a>:<\/strong><\/p>\n<p>En las afueras de Mormon Country, en el estado Idaho, un profesor de lengua inglesa que pesa 250 kilos pasa la mayor\u00eda de su tiempo encerrado en casa, espec\u00edficamente apalancado en su sof\u00e1, y dando clases online. Su otra actividad predilecta es comer hasta hartarse.<\/p>\n<p>Semejante estilo de vida a la larga le hast\u00eda en sobremanera, necesita salir de ese bucle, y por eso ha decidido que debe satisfacer otra gran necesidad: reconectar con su hija, de la que se distanci\u00f3 a\u00f1os atr\u00e1s. Al reencontrarla, descubre a una adolescente de lengua afilada y tremendamente infeliz. Este panorama no le desanima, comprendiendo que debe persistir en su esfuerzo por alcanzar cierta redenci\u00f3n.<\/p>\n<p>Instagram:<a href=\"https:\/\/www.instagram.com\/cineylibertad\/\">https:\/\/www.instagram.com\/cineylibertad\/<\/a><\/p>\n<p>Facebook: <a href=\"https:\/\/www.facebook.com\/victor.alvarado.56829446\" target=\"_blank\">https:\/\/www.facebook.com\/victor.alvarado.56829446<\/a><\/p>\n<p>Twitter:<span class=\"r-18u37iz\"><a class=\"css-4rbku5 css-18t94o4 css-901oao css-16my406 r-1n1174f r-1loqt21 r-poiln3 r-bcqeeo r-qvutc0\" href=\"https:\/\/twitter.com\/cineylibertad\">@cineylibertad<\/a><\/span><\/p>\n","protected":false},"excerpt":{"rendered":"<p>La ballena-De George de la jungla a los problemas de ansiedad de Fraser. \u00bfEs una pel\u00edcula adecuada para todo tipo de p\u00fablico? Aqu\u00ed puedes escuchar mi comentario sobre esta pel\u00edcula, nominada a los \u00d3scar en tres categor\u00edas: Mejor Actor protagonista (Brendan Fraser), Mejor Actriz de Reparto (Hong Chau) y Mejor Maquillaje y Peluquer\u00eda&#8230; Ir a [&hellip;]<\/p>\n","protected":false},"author":7,"featured_media":5165,"comment_status":"open","ping_status":"open","sticky":false,"template":"","format":"standard","meta":{"footnotes":""},"categories":[204,1504,125,17,205,136],"tags":[1515,1510,1507,1506,1514,1511,1516,1513,1512,1505,870,538,1508,1509],"class_list":["post-5163","post","type-post","status-publish","format-standard","has-post-thumbnail","hentry","category-oscar","category-oscar2023","category-drama","category-hollywood","category-oscar-2","category-psicologia","tag-ansiedad","tag-ballena","tag-brendan-fraser","tag-fraser","tag-hong-chau","tag-la-ballena","tag-la-ballena-de-george-de-la-jungla-a-los-problemas-de-ansiedad-de-fraser","tag-mejor-actriz-de-reparto","tag-mejor-maquillaje-y-peluqueria","tag-obesidad","tag-oscar","tag-psicologia","tag-the-whale","tag-whale"],"yoast_head":"<!-- This site is optimized with the Yoast SEO plugin v27.4 - https:\/\/yoast.com\/product\/yoast-seo-wordpress\/ -->\n<title>La ballena-De George de la jungla a los problemas de ansiedad de Fraser<\/title>\n<meta name=\"description\" content=\"La ballena-De George de la jungla a los problemas de ansiedad de Fraser. \u00bfEs una pel\u00edcula adecuada para todo tipo de p\u00fablico?\" \/>\n<meta name=\"robots\" content=\"index, follow, max-snippet:-1, max-image-preview:large, max-video-preview:-1\" \/>\n<link rel=\"canonical\" href=\"https:\/\/www.cope.es\/blogs\/cine-y-libertad\/2023\/02\/06\/la-ballena-de-george-de-la-jungla-a-los-problemas-de-ansiedad-de-fraser\/\" \/>\n<meta property=\"og:locale\" content=\"es_ES\" \/>\n<meta property=\"og:type\" content=\"article\" \/>\n<meta property=\"og:title\" content=\"La ballena-De George de la jungla a los problemas de ansiedad de Fraser\" \/>\n<meta property=\"og:description\" content=\"La ballena-De George de la jungla a los problemas de ansiedad de Fraser. \u00bfEs una pel\u00edcula adecuada para todo tipo de p\u00fablico?\" \/>\n<meta property=\"og:url\" content=\"https:\/\/www.cope.es\/blogs\/cine-y-libertad\/2023\/02\/06\/la-ballena-de-george-de-la-jungla-a-los-problemas-de-ansiedad-de-fraser\/\" \/>\n<meta property=\"og:site_name\" content=\"Cine y Libertad\" \/>\n<meta property=\"article:publisher\" content=\"https:\/\/www.facebook.com\/cope\/\" \/>\n<meta property=\"article:author\" content=\"https:\/\/www.facebook.com\/victor.alvarado.56829446\" \/>\n<meta property=\"article:published_time\" content=\"2023-02-06T10:18:00+00:00\" \/>\n<meta property=\"article:modified_time\" content=\"2023-02-06T10:25:33+00:00\" \/>\n<meta property=\"og:image\" content=\"https:\/\/www.cope.es\/blogs\/cine-y-libertad\/wp-content\/uploads\/sites\/7\/2023\/02\/la-ballena.jpg\" \/>\n\t<meta property=\"og:image:width\" content=\"300\" \/>\n\t<meta property=\"og:image:height\" content=\"168\" \/>\n\t<meta property=\"og:image:type\" content=\"image\/jpeg\" \/>\n<meta name=\"author\" content=\"V\u00edctor Alvarado\" \/>\n<meta name=\"twitter:card\" content=\"summary_large_image\" \/>\n<meta name=\"twitter:creator\" content=\"@cineylibertad\" \/>\n<meta name=\"twitter:site\" content=\"@cope_es\" \/>\n<meta name=\"twitter:label1\" content=\"Escrito por\" \/>\n\t<meta name=\"twitter:data1\" content=\"V\u00edctor Alvarado\" \/>\n\t<meta name=\"twitter:label2\" content=\"Tiempo de lectura\" \/>\n\t<meta name=\"twitter:data2\" content=\"1 minuto\" \/>\n<script type=\"application\/ld+json\" class=\"yoast-schema-graph\">{\"@context\":\"https:\\\/\\\/schema.org\",\"@graph\":[{\"@type\":\"Article\",\"@id\":\"https:\\\/\\\/www.cope.es\\\/blogs\\\/cine-y-libertad\\\/2023\\\/02\\\/06\\\/la-ballena-de-george-de-la-jungla-a-los-problemas-de-ansiedad-de-fraser\\\/#article\",\"isPartOf\":{\"@id\":\"https:\\\/\\\/www.cope.es\\\/blogs\\\/cine-y-libertad\\\/2023\\\/02\\\/06\\\/la-ballena-de-george-de-la-jungla-a-los-problemas-de-ansiedad-de-fraser\\\/\"},\"author\":{\"name\":\"V\u00edctor Alvarado\",\"@id\":\"https:\\\/\\\/www.cope.es\\\/blogs\\\/cine-y-libertad\\\/#\\\/schema\\\/person\\\/c95904a4fbf751a8d9124f8fa8bdaace\"},\"headline\":\"La ballena-De George de la jungla a los problemas de ansiedad de Fraser\",\"datePublished\":\"2023-02-06T10:18:00+00:00\",\"dateModified\":\"2023-02-06T10:25:33+00:00\",\"mainEntityOfPage\":{\"@id\":\"https:\\\/\\\/www.cope.es\\\/blogs\\\/cine-y-libertad\\\/2023\\\/02\\\/06\\\/la-ballena-de-george-de-la-jungla-a-los-problemas-de-ansiedad-de-fraser\\\/\"},\"wordCount\":238,\"commentCount\":0,\"image\":{\"@id\":\"https:\\\/\\\/www.cope.es\\\/blogs\\\/cine-y-libertad\\\/2023\\\/02\\\/06\\\/la-ballena-de-george-de-la-jungla-a-los-problemas-de-ansiedad-de-fraser\\\/#primaryimage\"},\"thumbnailUrl\":\"https:\\\/\\\/www.cope.es\\\/blogs\\\/cine-y-libertad\\\/wp-content\\\/uploads\\\/sites\\\/7\\\/2023\\\/02\\\/la-ballena.jpg\",\"keywords\":[\"ansiedad\",\"Ballena\",\"Brendan Fraser\",\"Fraser\",\"Hong Chau\",\"la ballena\",\"La ballena-De George de la jungla a los problemas de ansiedad de Fraser\",\"Mejor Actriz de Reparto\",\"Mejor Maquillaje y Peluquer\u00eda\",\"obesidad\",\"\u00d3scar\",\"psicolog\u00eda\",\"The Whale\",\"Whale\"],\"articleSection\":[\"#\u00d3scar\",\"#\u00d3scar2023\",\"drama\",\"Hollywood\",\"\u00d3scar\",\"psicolog\u00eda\"],\"inLanguage\":\"es\",\"potentialAction\":[{\"@type\":\"CommentAction\",\"name\":\"Comment\",\"target\":[\"https:\\\/\\\/www.cope.es\\\/blogs\\\/cine-y-libertad\\\/2023\\\/02\\\/06\\\/la-ballena-de-george-de-la-jungla-a-los-problemas-de-ansiedad-de-fraser\\\/#respond\"]}]},{\"@type\":\"WebPage\",\"@id\":\"https:\\\/\\\/www.cope.es\\\/blogs\\\/cine-y-libertad\\\/2023\\\/02\\\/06\\\/la-ballena-de-george-de-la-jungla-a-los-problemas-de-ansiedad-de-fraser\\\/\",\"url\":\"https:\\\/\\\/www.cope.es\\\/blogs\\\/cine-y-libertad\\\/2023\\\/02\\\/06\\\/la-ballena-de-george-de-la-jungla-a-los-problemas-de-ansiedad-de-fraser\\\/\",\"name\":\"La ballena-De George de la jungla a los problemas de ansiedad de Fraser\",\"isPartOf\":{\"@id\":\"https:\\\/\\\/www.cope.es\\\/blogs\\\/cine-y-libertad\\\/#website\"},\"primaryImageOfPage\":{\"@id\":\"https:\\\/\\\/www.cope.es\\\/blogs\\\/cine-y-libertad\\\/2023\\\/02\\\/06\\\/la-ballena-de-george-de-la-jungla-a-los-problemas-de-ansiedad-de-fraser\\\/#primaryimage\"},\"image\":{\"@id\":\"https:\\\/\\\/www.cope.es\\\/blogs\\\/cine-y-libertad\\\/2023\\\/02\\\/06\\\/la-ballena-de-george-de-la-jungla-a-los-problemas-de-ansiedad-de-fraser\\\/#primaryimage\"},\"thumbnailUrl\":\"https:\\\/\\\/www.cope.es\\\/blogs\\\/cine-y-libertad\\\/wp-content\\\/uploads\\\/sites\\\/7\\\/2023\\\/02\\\/la-ballena.jpg\",\"datePublished\":\"2023-02-06T10:18:00+00:00\",\"dateModified\":\"2023-02-06T10:25:33+00:00\",\"author\":{\"@id\":\"https:\\\/\\\/www.cope.es\\\/blogs\\\/cine-y-libertad\\\/#\\\/schema\\\/person\\\/c95904a4fbf751a8d9124f8fa8bdaace\"},\"description\":\"La ballena-De George de la jungla a los problemas de ansiedad de Fraser. \u00bfEs una pel\u00edcula adecuada para todo tipo de p\u00fablico?\",\"breadcrumb\":{\"@id\":\"https:\\\/\\\/www.cope.es\\\/blogs\\\/cine-y-libertad\\\/2023\\\/02\\\/06\\\/la-ballena-de-george-de-la-jungla-a-los-problemas-de-ansiedad-de-fraser\\\/#breadcrumb\"},\"inLanguage\":\"es\",\"potentialAction\":[{\"@type\":\"ReadAction\",\"target\":[\"https:\\\/\\\/www.cope.es\\\/blogs\\\/cine-y-libertad\\\/2023\\\/02\\\/06\\\/la-ballena-de-george-de-la-jungla-a-los-problemas-de-ansiedad-de-fraser\\\/\"]}]},{\"@type\":\"ImageObject\",\"inLanguage\":\"es\",\"@id\":\"https:\\\/\\\/www.cope.es\\\/blogs\\\/cine-y-libertad\\\/2023\\\/02\\\/06\\\/la-ballena-de-george-de-la-jungla-a-los-problemas-de-ansiedad-de-fraser\\\/#primaryimage\",\"url\":\"https:\\\/\\\/www.cope.es\\\/blogs\\\/cine-y-libertad\\\/wp-content\\\/uploads\\\/sites\\\/7\\\/2023\\\/02\\\/la-ballena.jpg\",\"contentUrl\":\"https:\\\/\\\/www.cope.es\\\/blogs\\\/cine-y-libertad\\\/wp-content\\\/uploads\\\/sites\\\/7\\\/2023\\\/02\\\/la-ballena.jpg\",\"width\":300,\"height\":168},{\"@type\":\"BreadcrumbList\",\"@id\":\"https:\\\/\\\/www.cope.es\\\/blogs\\\/cine-y-libertad\\\/2023\\\/02\\\/06\\\/la-ballena-de-george-de-la-jungla-a-los-problemas-de-ansiedad-de-fraser\\\/#breadcrumb\",\"itemListElement\":[{\"@type\":\"ListItem\",\"position\":1,\"name\":\"Portada\",\"item\":\"https:\\\/\\\/www.cope.es\\\/blogs\\\/cine-y-libertad\\\/\"},{\"@type\":\"ListItem\",\"position\":2,\"name\":\"La ballena-De George de la jungla a los problemas de ansiedad de Fraser\"}]},{\"@type\":\"WebSite\",\"@id\":\"https:\\\/\\\/www.cope.es\\\/blogs\\\/cine-y-libertad\\\/#website\",\"url\":\"https:\\\/\\\/www.cope.es\\\/blogs\\\/cine-y-libertad\\\/\",\"name\":\"Cine y Libertad\",\"description\":\"Cine y Libertad un blog de COPE\",\"potentialAction\":[{\"@type\":\"SearchAction\",\"target\":{\"@type\":\"EntryPoint\",\"urlTemplate\":\"https:\\\/\\\/www.cope.es\\\/blogs\\\/cine-y-libertad\\\/?s={search_term_string}\"},\"query-input\":{\"@type\":\"PropertyValueSpecification\",\"valueRequired\":true,\"valueName\":\"search_term_string\"}}],\"inLanguage\":\"es\"},{\"@type\":\"Person\",\"@id\":\"https:\\\/\\\/www.cope.es\\\/blogs\\\/cine-y-libertad\\\/#\\\/schema\\\/person\\\/c95904a4fbf751a8d9124f8fa8bdaace\",\"name\":\"V\u00edctor Alvarado\",\"image\":{\"@type\":\"ImageObject\",\"inLanguage\":\"es\",\"@id\":\"https:\\\/\\\/secure.gravatar.com\\\/avatar\\\/db4634ae2001f7f920b8294d926f3e737ada04196e014ebacae29a4848f905f4?s=96&d=mm&r=g\",\"url\":\"https:\\\/\\\/secure.gravatar.com\\\/avatar\\\/db4634ae2001f7f920b8294d926f3e737ada04196e014ebacae29a4848f905f4?s=96&d=mm&r=g\",\"contentUrl\":\"https:\\\/\\\/secure.gravatar.com\\\/avatar\\\/db4634ae2001f7f920b8294d926f3e737ada04196e014ebacae29a4848f905f4?s=96&d=mm&r=g\",\"caption\":\"V\u00edctor Alvarado\"},\"description\":\"V\u00edctor Alvarado tiene una larga experiencia tanto en medios de comunicaci\u00f3n como en educaci\u00f3n. Dirige el programa de radio, Directo a las Estrellas, en Intereconom\u00eda (Castilla y Le\u00f3n) y Informa Radio en toda Espa\u00f1a. Ha colaborado en Radio Inter y Esradio. Cr\u00edtico de cine en Pantalla 90, Diario Ya y P\u00e1ginas Digital. Es miembro del CEC. Es el autor de libro: La fe, la \u00e9tica y los valores de los superh\u00e9roes (PPC). Esta es su web: www.cineylibertad.com y, por supuesto, lleva m\u00e1s de 5 a\u00f1os como bloguero de Cope, donde analiza el cine, los c\u00f3mics y los libros desde una \u00f3ptica antropol\u00f3gica y axiol\u00f3gica, atendiendo a todas las dimensiones del ser humano.\",\"sameAs\":[\"http:\\\/\\\/www.cineylibertad.com\",\"https:\\\/\\\/www.facebook.com\\\/victor.alvarado.56829446\",\"https:\\\/\\\/www.instagram.com\\\/cineylibertad\\\/\",\"https:\\\/\\\/x.com\\\/cineylibertad\"],\"url\":\"https:\\\/\\\/www.cope.es\\\/blogs\\\/cine-y-libertad\\\/author\\\/valvarado\\\/\"}]}<\/script>\n<!-- \/ Yoast SEO plugin. -->","yoast_head_json":{"title":"La ballena-De George de la jungla a los problemas de ansiedad de Fraser","description":"La ballena-De George de la jungla a los problemas de ansiedad de Fraser. \u00bfEs una pel\u00edcula adecuada para todo tipo de p\u00fablico?","robots":{"index":"index","follow":"follow","max-snippet":"max-snippet:-1","max-image-preview":"max-image-preview:large","max-video-preview":"max-video-preview:-1"},"canonical":"https:\/\/www.cope.es\/blogs\/cine-y-libertad\/2023\/02\/06\/la-ballena-de-george-de-la-jungla-a-los-problemas-de-ansiedad-de-fraser\/","og_locale":"es_ES","og_type":"article","og_title":"La ballena-De George de la jungla a los problemas de ansiedad de Fraser","og_description":"La ballena-De George de la jungla a los problemas de ansiedad de Fraser. \u00bfEs una pel\u00edcula adecuada para todo tipo de p\u00fablico?","og_url":"https:\/\/www.cope.es\/blogs\/cine-y-libertad\/2023\/02\/06\/la-ballena-de-george-de-la-jungla-a-los-problemas-de-ansiedad-de-fraser\/","og_site_name":"Cine y Libertad","article_publisher":"https:\/\/www.facebook.com\/cope\/","article_author":"https:\/\/www.facebook.com\/victor.alvarado.56829446","article_published_time":"2023-02-06T10:18:00+00:00","article_modified_time":"2023-02-06T10:25:33+00:00","og_image":[{"width":300,"height":168,"url":"https:\/\/www.cope.es\/blogs\/cine-y-libertad\/wp-content\/uploads\/sites\/7\/2023\/02\/la-ballena.jpg","type":"image\/jpeg"}],"author":"V\u00edctor Alvarado","twitter_card":"summary_large_image","twitter_creator":"@cineylibertad","twitter_site":"@cope_es","twitter_misc":{"Escrito por":"V\u00edctor Alvarado","Tiempo de lectura":"1 minuto"},"schema":{"@context":"https:\/\/schema.org","@graph":[{"@type":"Article","@id":"https:\/\/www.cope.es\/blogs\/cine-y-libertad\/2023\/02\/06\/la-ballena-de-george-de-la-jungla-a-los-problemas-de-ansiedad-de-fraser\/#article","isPartOf":{"@id":"https:\/\/www.cope.es\/blogs\/cine-y-libertad\/2023\/02\/06\/la-ballena-de-george-de-la-jungla-a-los-problemas-de-ansiedad-de-fraser\/"},"author":{"name":"V\u00edctor Alvarado","@id":"https:\/\/www.cope.es\/blogs\/cine-y-libertad\/#\/schema\/person\/c95904a4fbf751a8d9124f8fa8bdaace"},"headline":"La ballena-De George de la jungla a los problemas de ansiedad de Fraser","datePublished":"2023-02-06T10:18:00+00:00","dateModified":"2023-02-06T10:25:33+00:00","mainEntityOfPage":{"@id":"https:\/\/www.cope.es\/blogs\/cine-y-libertad\/2023\/02\/06\/la-ballena-de-george-de-la-jungla-a-los-problemas-de-ansiedad-de-fraser\/"},"wordCount":238,"commentCount":0,"image":{"@id":"https:\/\/www.cope.es\/blogs\/cine-y-libertad\/2023\/02\/06\/la-ballena-de-george-de-la-jungla-a-los-problemas-de-ansiedad-de-fraser\/#primaryimage"},"thumbnailUrl":"https:\/\/www.cope.es\/blogs\/cine-y-libertad\/wp-content\/uploads\/sites\/7\/2023\/02\/la-ballena.jpg","keywords":["ansiedad","Ballena","Brendan Fraser","Fraser","Hong Chau","la ballena","La ballena-De George de la jungla a los problemas de ansiedad de Fraser","Mejor Actriz de Reparto","Mejor Maquillaje y Peluquer\u00eda","obesidad","\u00d3scar","psicolog\u00eda","The Whale","Whale"],"articleSection":["#\u00d3scar","#\u00d3scar2023","drama","Hollywood","\u00d3scar","psicolog\u00eda"],"inLanguage":"es","potentialAction":[{"@type":"CommentAction","name":"Comment","target":["https:\/\/www.cope.es\/blogs\/cine-y-libertad\/2023\/02\/06\/la-ballena-de-george-de-la-jungla-a-los-problemas-de-ansiedad-de-fraser\/#respond"]}]},{"@type":"WebPage","@id":"https:\/\/www.cope.es\/blogs\/cine-y-libertad\/2023\/02\/06\/la-ballena-de-george-de-la-jungla-a-los-problemas-de-ansiedad-de-fraser\/","url":"https:\/\/www.cope.es\/blogs\/cine-y-libertad\/2023\/02\/06\/la-ballena-de-george-de-la-jungla-a-los-problemas-de-ansiedad-de-fraser\/","name":"La ballena-De George de la jungla a los problemas de ansiedad de Fraser","isPartOf":{"@id":"https:\/\/www.cope.es\/blogs\/cine-y-libertad\/#website"},"primaryImageOfPage":{"@id":"https:\/\/www.cope.es\/blogs\/cine-y-libertad\/2023\/02\/06\/la-ballena-de-george-de-la-jungla-a-los-problemas-de-ansiedad-de-fraser\/#primaryimage"},"image":{"@id":"https:\/\/www.cope.es\/blogs\/cine-y-libertad\/2023\/02\/06\/la-ballena-de-george-de-la-jungla-a-los-problemas-de-ansiedad-de-fraser\/#primaryimage"},"thumbnailUrl":"https:\/\/www.cope.es\/blogs\/cine-y-libertad\/wp-content\/uploads\/sites\/7\/2023\/02\/la-ballena.jpg","datePublished":"2023-02-06T10:18:00+00:00","dateModified":"2023-02-06T10:25:33+00:00","author":{"@id":"https:\/\/www.cope.es\/blogs\/cine-y-libertad\/#\/schema\/person\/c95904a4fbf751a8d9124f8fa8bdaace"},"description":"La ballena-De George de la jungla a los problemas de ansiedad de Fraser. \u00bfEs una pel\u00edcula adecuada para todo tipo de p\u00fablico?","breadcrumb":{"@id":"https:\/\/www.cope.es\/blogs\/cine-y-libertad\/2023\/02\/06\/la-ballena-de-george-de-la-jungla-a-los-problemas-de-ansiedad-de-fraser\/#breadcrumb"},"inLanguage":"es","potentialAction":[{"@type":"ReadAction","target":["https:\/\/www.cope.es\/blogs\/cine-y-libertad\/2023\/02\/06\/la-ballena-de-george-de-la-jungla-a-los-problemas-de-ansiedad-de-fraser\/"]}]},{"@type":"ImageObject","inLanguage":"es","@id":"https:\/\/www.cope.es\/blogs\/cine-y-libertad\/2023\/02\/06\/la-ballena-de-george-de-la-jungla-a-los-problemas-de-ansiedad-de-fraser\/#primaryimage","url":"https:\/\/www.cope.es\/blogs\/cine-y-libertad\/wp-content\/uploads\/sites\/7\/2023\/02\/la-ballena.jpg","contentUrl":"https:\/\/www.cope.es\/blogs\/cine-y-libertad\/wp-content\/uploads\/sites\/7\/2023\/02\/la-ballena.jpg","width":300,"height":168},{"@type":"BreadcrumbList","@id":"https:\/\/www.cope.es\/blogs\/cine-y-libertad\/2023\/02\/06\/la-ballena-de-george-de-la-jungla-a-los-problemas-de-ansiedad-de-fraser\/#breadcrumb","itemListElement":[{"@type":"ListItem","position":1,"name":"Portada","item":"https:\/\/www.cope.es\/blogs\/cine-y-libertad\/"},{"@type":"ListItem","position":2,"name":"La ballena-De George de la jungla a los problemas de ansiedad de Fraser"}]},{"@type":"WebSite","@id":"https:\/\/www.cope.es\/blogs\/cine-y-libertad\/#website","url":"https:\/\/www.cope.es\/blogs\/cine-y-libertad\/","name":"Cine y Libertad","description":"Cine y Libertad un blog de COPE","potentialAction":[{"@type":"SearchAction","target":{"@type":"EntryPoint","urlTemplate":"https:\/\/www.cope.es\/blogs\/cine-y-libertad\/?s={search_term_string}"},"query-input":{"@type":"PropertyValueSpecification","valueRequired":true,"valueName":"search_term_string"}}],"inLanguage":"es"},{"@type":"Person","@id":"https:\/\/www.cope.es\/blogs\/cine-y-libertad\/#\/schema\/person\/c95904a4fbf751a8d9124f8fa8bdaace","name":"V\u00edctor Alvarado","image":{"@type":"ImageObject","inLanguage":"es","@id":"https:\/\/secure.gravatar.com\/avatar\/db4634ae2001f7f920b8294d926f3e737ada04196e014ebacae29a4848f905f4?s=96&d=mm&r=g","url":"https:\/\/secure.gravatar.com\/avatar\/db4634ae2001f7f920b8294d926f3e737ada04196e014ebacae29a4848f905f4?s=96&d=mm&r=g","contentUrl":"https:\/\/secure.gravatar.com\/avatar\/db4634ae2001f7f920b8294d926f3e737ada04196e014ebacae29a4848f905f4?s=96&d=mm&r=g","caption":"V\u00edctor Alvarado"},"description":"V\u00edctor Alvarado tiene una larga experiencia tanto en medios de comunicaci\u00f3n como en educaci\u00f3n. Dirige el programa de radio, Directo a las Estrellas, en Intereconom\u00eda (Castilla y Le\u00f3n) y Informa Radio en toda Espa\u00f1a. Ha colaborado en Radio Inter y Esradio. Cr\u00edtico de cine en Pantalla 90, Diario Ya y P\u00e1ginas Digital. Es miembro del CEC. Es el autor de libro: La fe, la \u00e9tica y los valores de los superh\u00e9roes (PPC). Esta es su web: www.cineylibertad.com y, por supuesto, lleva m\u00e1s de 5 a\u00f1os como bloguero de Cope, donde analiza el cine, los c\u00f3mics y los libros desde una \u00f3ptica antropol\u00f3gica y axiol\u00f3gica, atendiendo a todas las dimensiones del ser humano.","sameAs":["http:\/\/www.cineylibertad.com","https:\/\/www.facebook.com\/victor.alvarado.56829446","https:\/\/www.instagram.com\/cineylibertad\/","https:\/\/x.com\/cineylibertad"],"url":"https:\/\/www.cope.es\/blogs\/cine-y-libertad\/author\/valvarado\/"}]}},"amp_enabled":true,"_links":{"self":[{"href":"https:\/\/www.cope.es\/blogs\/cine-y-libertad\/wp-json\/wp\/v2\/posts\/5163","targetHints":{"allow":["GET"]}}],"collection":[{"href":"https:\/\/www.cope.es\/blogs\/cine-y-libertad\/wp-json\/wp\/v2\/posts"}],"about":[{"href":"https:\/\/www.cope.es\/blogs\/cine-y-libertad\/wp-json\/wp\/v2\/types\/post"}],"author":[{"embeddable":true,"href":"https:\/\/www.cope.es\/blogs\/cine-y-libertad\/wp-json\/wp\/v2\/users\/7"}],"replies":[{"embeddable":true,"href":"https:\/\/www.cope.es\/blogs\/cine-y-libertad\/wp-json\/wp\/v2\/comments?post=5163"}],"version-history":[{"count":2,"href":"https:\/\/www.cope.es\/blogs\/cine-y-libertad\/wp-json\/wp\/v2\/posts\/5163\/revisions"}],"predecessor-version":[{"id":5190,"href":"https:\/\/www.cope.es\/blogs\/cine-y-libertad\/wp-json\/wp\/v2\/posts\/5163\/revisions\/5190"}],"wp:featuredmedia":[{"embeddable":true,"href":"https:\/\/www.cope.es\/blogs\/cine-y-libertad\/wp-json\/wp\/v2\/media\/5165"}],"wp:attachment":[{"href":"https:\/\/www.cope.es\/blogs\/cine-y-libertad\/wp-json\/wp\/v2\/media?parent=5163"}],"wp:term":[{"taxonomy":"category","embeddable":true,"href":"https:\/\/www.cope.es\/blogs\/cine-y-libertad\/wp-json\/wp\/v2\/categories?post=5163"},{"taxonomy":"post_tag","embeddable":true,"href":"https:\/\/www.cope.es\/blogs\/cine-y-libertad\/wp-json\/wp\/v2\/tags?post=5163"}],"curies":[{"name":"wp","href":"https:\/\/api.w.org\/{rel}","templated":true}]}}