{"id":509,"date":"2018-09-13T11:46:22","date_gmt":"2018-09-13T09:46:22","guid":{"rendered":"http:\/\/www.cope.es\/blogs\/cine-y-libertad\/?p=509"},"modified":"2018-09-13T11:46:22","modified_gmt":"2018-09-13T09:46:22","slug":"capitan-america-se-ha-hecho-justicia-la-legitima-defensa-y-el-terrorismo","status":"publish","type":"post","link":"https:\/\/www.cope.es\/blogs\/cine-y-libertad\/2018\/09\/13\/capitan-america-se-ha-hecho-justicia-la-legitima-defensa-y-el-terrorismo\/","title":{"rendered":"Capit\u00e1n Am\u00e9rica: Se ha hecho justicia-La leg\u00edtima defensa y el terrorismo"},"content":{"rendered":"<p><img loading=\"lazy\" decoding=\"async\" width=\"300\" height=\"241\" class=\"alignnone size-medium wp-image-510\" src=\"http:\/\/www.cope.es\/blogs\/cine-y-libertad\/wp-content\/uploads\/sites\/7\/2018\/09\/marvel_heroes_88-300x241.jpg\" alt=\"\" srcset=\"https:\/\/www.cope.es\/blogs\/cine-y-libertad\/wp-content\/uploads\/sites\/7\/2018\/09\/marvel_heroes_88-300x241.jpg 300w, https:\/\/www.cope.es\/blogs\/cine-y-libertad\/wp-content\/uploads\/sites\/7\/2018\/09\/marvel_heroes_88.jpg 588w\" sizes=\"auto, (max-width: 300px) 100vw, 300px\" \/><\/p>\n<p>\u00a1Lectores y amigos de Cine y Libertad!<\/p>\n<p>\u00bfAnte un acto terrorista est\u00e1 justificada la leg\u00edtima defensa?Aqu\u00ed puedes escuchar mi comentario:<a title=\"Capit\u00e1n Am\u00e9rica: Se ha hecho justicia-La leg\u00edtima defensa y el terrorismo\" href=\"http:\/\/www.cineylibertad.com\/capitan-america-se-ha-hecho-justicia-la-legitima-defensa-y-el-terrorismo\/\">Capit\u00e1n Am\u00e9rica: Se ha hecho justicia-La leg\u00edtima defensa y el terrorismo<\/a><\/p>\n<p>La editorial Panini\u00a0 nos habla de su c\u00f3mic:<\/p>\n<p>\u00a1El primer tomo de la etapa de Mark Gruenwald! El Capi se enfrenta contra Azote, un asesino en serie especializado en supervillanos que dispara al grito de \u201c\u00a1La justicia est\u00e1 servida!\u201d. Descubre uno de los grandes misterios de la Marvel de los ochenta.<\/p>\n<p>Los autores de este trabajo han sido\u00a0Mark Gruenwald y Paul Neary.<\/p>\n<p>Twitter:\u00a0<span class=\"x_DashboardProfileCard-screenname x_u-inlineBlock x_u-dir\"><a class=\"x_DashboardProfileCard-screennameLink x_u-linkComplex x_u-linkClean\" href=\"https:\/\/twitter.com\/cineylibertad\" target=\"_blank\">@<span class=\"x_u-linkComplex-target\">cineylibertad<\/span><\/a><\/span><\/p>\n","protected":false},"excerpt":{"rendered":"<p>\u00a1Lectores y amigos de Cine y Libertad! \u00bfAnte un acto terrorista est\u00e1 justificada la leg\u00edtima defensa?Aqu\u00ed puedes escuchar mi comentario:Capit\u00e1n Am\u00e9rica: Se ha hecho justicia-La leg\u00edtima defensa y el terrorismo La editorial Panini\u00a0 nos habla de su c\u00f3mic: \u00a1El primer tomo de la etapa de Mark Gruenwald! El Capi se enfrenta contra Azote, un asesino [&hellip;]<\/p>\n","protected":false},"author":7,"featured_media":510,"comment_status":"open","ping_status":"open","sticky":false,"template":"","format":"standard","meta":{"footnotes":""},"categories":[76,4,26,8,89,30],"tags":[],"class_list":["post-509","post","type-post","status-publish","format-standard","has-post-thumbnail","hentry","category-capitan-america","category-comics","category-comunismo","category-superheroes","category-terrorismo","category-vengadores"],"yoast_head":"<!-- This site is optimized with the Yoast SEO plugin v27.4 - https:\/\/yoast.com\/product\/yoast-seo-wordpress\/ -->\n<title>Capit\u00e1n Am\u00e9rica: Se ha hecho justicia-La leg\u00edtima defensa y el terrorismo - Cine y Libertad<\/title>\n<meta name=\"robots\" content=\"index, follow, max-snippet:-1, max-image-preview:large, max-video-preview:-1\" \/>\n<link rel=\"canonical\" href=\"https:\/\/www.cope.es\/blogs\/cine-y-libertad\/2018\/09\/13\/capitan-america-se-ha-hecho-justicia-la-legitima-defensa-y-el-terrorismo\/\" \/>\n<meta property=\"og:locale\" content=\"es_ES\" \/>\n<meta property=\"og:type\" content=\"article\" \/>\n<meta property=\"og:title\" content=\"Capit\u00e1n Am\u00e9rica: Se ha hecho justicia-La leg\u00edtima defensa y el terrorismo - Cine y Libertad\" \/>\n<meta property=\"og:description\" content=\"\u00a1Lectores y amigos de Cine y Libertad! \u00bfAnte un acto terrorista est\u00e1 justificada la leg\u00edtima defensa?Aqu\u00ed puedes escuchar mi comentario:Capit\u00e1n Am\u00e9rica: Se ha hecho justicia-La leg\u00edtima defensa y el terrorismo La editorial Panini\u00a0 nos habla de su c\u00f3mic: \u00a1El primer tomo de la etapa de Mark Gruenwald! El Capi se enfrenta contra Azote, un asesino [&hellip;]\" \/>\n<meta property=\"og:url\" content=\"https:\/\/www.cope.es\/blogs\/cine-y-libertad\/2018\/09\/13\/capitan-america-se-ha-hecho-justicia-la-legitima-defensa-y-el-terrorismo\/\" \/>\n<meta property=\"og:site_name\" content=\"Cine y Libertad\" \/>\n<meta property=\"article:publisher\" content=\"https:\/\/www.facebook.com\/cope\/\" \/>\n<meta property=\"article:author\" content=\"https:\/\/www.facebook.com\/victor.alvarado.56829446\" \/>\n<meta property=\"article:published_time\" content=\"2018-09-13T09:46:22+00:00\" \/>\n<meta property=\"og:image\" content=\"https:\/\/www.cope.es\/blogs\/cine-y-libertad\/wp-content\/uploads\/sites\/7\/2018\/09\/marvel_heroes_88.jpg\" \/>\n\t<meta property=\"og:image:width\" content=\"588\" \/>\n\t<meta property=\"og:image:height\" content=\"473\" \/>\n\t<meta property=\"og:image:type\" content=\"image\/jpeg\" \/>\n<meta name=\"author\" content=\"V\u00edctor Alvarado\" \/>\n<meta name=\"twitter:card\" content=\"summary_large_image\" \/>\n<meta name=\"twitter:creator\" content=\"@cineylibertad\" \/>\n<meta name=\"twitter:site\" content=\"@cope_es\" \/>\n<meta name=\"twitter:label1\" content=\"Escrito por\" \/>\n\t<meta name=\"twitter:data1\" content=\"V\u00edctor Alvarado\" \/>\n\t<meta name=\"twitter:label2\" content=\"Tiempo de lectura\" \/>\n\t<meta name=\"twitter:data2\" content=\"1 minuto\" \/>\n<script type=\"application\/ld+json\" class=\"yoast-schema-graph\">{\"@context\":\"https:\\\/\\\/schema.org\",\"@graph\":[{\"@type\":\"Article\",\"@id\":\"https:\\\/\\\/www.cope.es\\\/blogs\\\/cine-y-libertad\\\/2018\\\/09\\\/13\\\/capitan-america-se-ha-hecho-justicia-la-legitima-defensa-y-el-terrorismo\\\/#article\",\"isPartOf\":{\"@id\":\"https:\\\/\\\/www.cope.es\\\/blogs\\\/cine-y-libertad\\\/2018\\\/09\\\/13\\\/capitan-america-se-ha-hecho-justicia-la-legitima-defensa-y-el-terrorismo\\\/\"},\"author\":{\"name\":\"V\u00edctor Alvarado\",\"@id\":\"https:\\\/\\\/www.cope.es\\\/blogs\\\/cine-y-libertad\\\/#\\\/schema\\\/person\\\/c95904a4fbf751a8d9124f8fa8bdaace\"},\"headline\":\"Capit\u00e1n Am\u00e9rica: Se ha hecho justicia-La leg\u00edtima defensa y el terrorismo\",\"datePublished\":\"2018-09-13T09:46:22+00:00\",\"mainEntityOfPage\":{\"@id\":\"https:\\\/\\\/www.cope.es\\\/blogs\\\/cine-y-libertad\\\/2018\\\/09\\\/13\\\/capitan-america-se-ha-hecho-justicia-la-legitima-defensa-y-el-terrorismo\\\/\"},\"wordCount\":116,\"commentCount\":0,\"image\":{\"@id\":\"https:\\\/\\\/www.cope.es\\\/blogs\\\/cine-y-libertad\\\/2018\\\/09\\\/13\\\/capitan-america-se-ha-hecho-justicia-la-legitima-defensa-y-el-terrorismo\\\/#primaryimage\"},\"thumbnailUrl\":\"https:\\\/\\\/www.cope.es\\\/blogs\\\/cine-y-libertad\\\/wp-content\\\/uploads\\\/sites\\\/7\\\/2018\\\/09\\\/marvel_heroes_88.jpg\",\"articleSection\":[\"Capit\u00e1n Am\u00e9rica\",\"c\u00f3mics\",\"comunismo\",\"Superh\u00e9roes\",\"terrorismo\",\"Vengadores\"],\"inLanguage\":\"es\",\"potentialAction\":[{\"@type\":\"CommentAction\",\"name\":\"Comment\",\"target\":[\"https:\\\/\\\/www.cope.es\\\/blogs\\\/cine-y-libertad\\\/2018\\\/09\\\/13\\\/capitan-america-se-ha-hecho-justicia-la-legitima-defensa-y-el-terrorismo\\\/#respond\"]}]},{\"@type\":\"WebPage\",\"@id\":\"https:\\\/\\\/www.cope.es\\\/blogs\\\/cine-y-libertad\\\/2018\\\/09\\\/13\\\/capitan-america-se-ha-hecho-justicia-la-legitima-defensa-y-el-terrorismo\\\/\",\"url\":\"https:\\\/\\\/www.cope.es\\\/blogs\\\/cine-y-libertad\\\/2018\\\/09\\\/13\\\/capitan-america-se-ha-hecho-justicia-la-legitima-defensa-y-el-terrorismo\\\/\",\"name\":\"Capit\u00e1n Am\u00e9rica: Se ha hecho justicia-La leg\u00edtima defensa y el terrorismo - Cine y Libertad\",\"isPartOf\":{\"@id\":\"https:\\\/\\\/www.cope.es\\\/blogs\\\/cine-y-libertad\\\/#website\"},\"primaryImageOfPage\":{\"@id\":\"https:\\\/\\\/www.cope.es\\\/blogs\\\/cine-y-libertad\\\/2018\\\/09\\\/13\\\/capitan-america-se-ha-hecho-justicia-la-legitima-defensa-y-el-terrorismo\\\/#primaryimage\"},\"image\":{\"@id\":\"https:\\\/\\\/www.cope.es\\\/blogs\\\/cine-y-libertad\\\/2018\\\/09\\\/13\\\/capitan-america-se-ha-hecho-justicia-la-legitima-defensa-y-el-terrorismo\\\/#primaryimage\"},\"thumbnailUrl\":\"https:\\\/\\\/www.cope.es\\\/blogs\\\/cine-y-libertad\\\/wp-content\\\/uploads\\\/sites\\\/7\\\/2018\\\/09\\\/marvel_heroes_88.jpg\",\"datePublished\":\"2018-09-13T09:46:22+00:00\",\"author\":{\"@id\":\"https:\\\/\\\/www.cope.es\\\/blogs\\\/cine-y-libertad\\\/#\\\/schema\\\/person\\\/c95904a4fbf751a8d9124f8fa8bdaace\"},\"breadcrumb\":{\"@id\":\"https:\\\/\\\/www.cope.es\\\/blogs\\\/cine-y-libertad\\\/2018\\\/09\\\/13\\\/capitan-america-se-ha-hecho-justicia-la-legitima-defensa-y-el-terrorismo\\\/#breadcrumb\"},\"inLanguage\":\"es\",\"potentialAction\":[{\"@type\":\"ReadAction\",\"target\":[\"https:\\\/\\\/www.cope.es\\\/blogs\\\/cine-y-libertad\\\/2018\\\/09\\\/13\\\/capitan-america-se-ha-hecho-justicia-la-legitima-defensa-y-el-terrorismo\\\/\"]}]},{\"@type\":\"ImageObject\",\"inLanguage\":\"es\",\"@id\":\"https:\\\/\\\/www.cope.es\\\/blogs\\\/cine-y-libertad\\\/2018\\\/09\\\/13\\\/capitan-america-se-ha-hecho-justicia-la-legitima-defensa-y-el-terrorismo\\\/#primaryimage\",\"url\":\"https:\\\/\\\/www.cope.es\\\/blogs\\\/cine-y-libertad\\\/wp-content\\\/uploads\\\/sites\\\/7\\\/2018\\\/09\\\/marvel_heroes_88.jpg\",\"contentUrl\":\"https:\\\/\\\/www.cope.es\\\/blogs\\\/cine-y-libertad\\\/wp-content\\\/uploads\\\/sites\\\/7\\\/2018\\\/09\\\/marvel_heroes_88.jpg\",\"width\":588,\"height\":473},{\"@type\":\"BreadcrumbList\",\"@id\":\"https:\\\/\\\/www.cope.es\\\/blogs\\\/cine-y-libertad\\\/2018\\\/09\\\/13\\\/capitan-america-se-ha-hecho-justicia-la-legitima-defensa-y-el-terrorismo\\\/#breadcrumb\",\"itemListElement\":[{\"@type\":\"ListItem\",\"position\":1,\"name\":\"Portada\",\"item\":\"https:\\\/\\\/www.cope.es\\\/blogs\\\/cine-y-libertad\\\/\"},{\"@type\":\"ListItem\",\"position\":2,\"name\":\"Capit\u00e1n Am\u00e9rica: Se ha hecho justicia-La leg\u00edtima defensa y el terrorismo\"}]},{\"@type\":\"WebSite\",\"@id\":\"https:\\\/\\\/www.cope.es\\\/blogs\\\/cine-y-libertad\\\/#website\",\"url\":\"https:\\\/\\\/www.cope.es\\\/blogs\\\/cine-y-libertad\\\/\",\"name\":\"Cine y Libertad\",\"description\":\"Cine y Libertad un blog de COPE\",\"potentialAction\":[{\"@type\":\"SearchAction\",\"target\":{\"@type\":\"EntryPoint\",\"urlTemplate\":\"https:\\\/\\\/www.cope.es\\\/blogs\\\/cine-y-libertad\\\/?s={search_term_string}\"},\"query-input\":{\"@type\":\"PropertyValueSpecification\",\"valueRequired\":true,\"valueName\":\"search_term_string\"}}],\"inLanguage\":\"es\"},{\"@type\":\"Person\",\"@id\":\"https:\\\/\\\/www.cope.es\\\/blogs\\\/cine-y-libertad\\\/#\\\/schema\\\/person\\\/c95904a4fbf751a8d9124f8fa8bdaace\",\"name\":\"V\u00edctor Alvarado\",\"image\":{\"@type\":\"ImageObject\",\"inLanguage\":\"es\",\"@id\":\"https:\\\/\\\/secure.gravatar.com\\\/avatar\\\/db4634ae2001f7f920b8294d926f3e737ada04196e014ebacae29a4848f905f4?s=96&d=mm&r=g\",\"url\":\"https:\\\/\\\/secure.gravatar.com\\\/avatar\\\/db4634ae2001f7f920b8294d926f3e737ada04196e014ebacae29a4848f905f4?s=96&d=mm&r=g\",\"contentUrl\":\"https:\\\/\\\/secure.gravatar.com\\\/avatar\\\/db4634ae2001f7f920b8294d926f3e737ada04196e014ebacae29a4848f905f4?s=96&d=mm&r=g\",\"caption\":\"V\u00edctor Alvarado\"},\"description\":\"V\u00edctor Alvarado tiene una larga experiencia tanto en medios de comunicaci\u00f3n como en educaci\u00f3n. Dirige el programa de radio, Directo a las Estrellas, en Intereconom\u00eda (Castilla y Le\u00f3n) y Informa Radio en toda Espa\u00f1a. Ha colaborado en Radio Inter y Esradio. Cr\u00edtico de cine en Pantalla 90, Diario Ya y P\u00e1ginas Digital. Es miembro del CEC. Es el autor de libro: La fe, la \u00e9tica y los valores de los superh\u00e9roes (PPC). Esta es su web: www.cineylibertad.com y, por supuesto, lleva m\u00e1s de 5 a\u00f1os como bloguero de Cope, donde analiza el cine, los c\u00f3mics y los libros desde una \u00f3ptica antropol\u00f3gica y axiol\u00f3gica, atendiendo a todas las dimensiones del ser humano.\",\"sameAs\":[\"http:\\\/\\\/www.cineylibertad.com\",\"https:\\\/\\\/www.facebook.com\\\/victor.alvarado.56829446\",\"https:\\\/\\\/www.instagram.com\\\/cineylibertad\\\/\",\"https:\\\/\\\/x.com\\\/cineylibertad\"],\"url\":\"https:\\\/\\\/www.cope.es\\\/blogs\\\/cine-y-libertad\\\/author\\\/valvarado\\\/\"}]}<\/script>\n<!-- \/ Yoast SEO plugin. -->","yoast_head_json":{"title":"Capit\u00e1n Am\u00e9rica: Se ha hecho justicia-La leg\u00edtima defensa y el terrorismo - Cine y Libertad","robots":{"index":"index","follow":"follow","max-snippet":"max-snippet:-1","max-image-preview":"max-image-preview:large","max-video-preview":"max-video-preview:-1"},"canonical":"https:\/\/www.cope.es\/blogs\/cine-y-libertad\/2018\/09\/13\/capitan-america-se-ha-hecho-justicia-la-legitima-defensa-y-el-terrorismo\/","og_locale":"es_ES","og_type":"article","og_title":"Capit\u00e1n Am\u00e9rica: Se ha hecho justicia-La leg\u00edtima defensa y el terrorismo - Cine y Libertad","og_description":"\u00a1Lectores y amigos de Cine y Libertad! \u00bfAnte un acto terrorista est\u00e1 justificada la leg\u00edtima defensa?Aqu\u00ed puedes escuchar mi comentario:Capit\u00e1n Am\u00e9rica: Se ha hecho justicia-La leg\u00edtima defensa y el terrorismo La editorial Panini\u00a0 nos habla de su c\u00f3mic: \u00a1El primer tomo de la etapa de Mark Gruenwald! El Capi se enfrenta contra Azote, un asesino [&hellip;]","og_url":"https:\/\/www.cope.es\/blogs\/cine-y-libertad\/2018\/09\/13\/capitan-america-se-ha-hecho-justicia-la-legitima-defensa-y-el-terrorismo\/","og_site_name":"Cine y Libertad","article_publisher":"https:\/\/www.facebook.com\/cope\/","article_author":"https:\/\/www.facebook.com\/victor.alvarado.56829446","article_published_time":"2018-09-13T09:46:22+00:00","og_image":[{"width":588,"height":473,"url":"https:\/\/www.cope.es\/blogs\/cine-y-libertad\/wp-content\/uploads\/sites\/7\/2018\/09\/marvel_heroes_88.jpg","type":"image\/jpeg"}],"author":"V\u00edctor Alvarado","twitter_card":"summary_large_image","twitter_creator":"@cineylibertad","twitter_site":"@cope_es","twitter_misc":{"Escrito por":"V\u00edctor Alvarado","Tiempo de lectura":"1 minuto"},"schema":{"@context":"https:\/\/schema.org","@graph":[{"@type":"Article","@id":"https:\/\/www.cope.es\/blogs\/cine-y-libertad\/2018\/09\/13\/capitan-america-se-ha-hecho-justicia-la-legitima-defensa-y-el-terrorismo\/#article","isPartOf":{"@id":"https:\/\/www.cope.es\/blogs\/cine-y-libertad\/2018\/09\/13\/capitan-america-se-ha-hecho-justicia-la-legitima-defensa-y-el-terrorismo\/"},"author":{"name":"V\u00edctor Alvarado","@id":"https:\/\/www.cope.es\/blogs\/cine-y-libertad\/#\/schema\/person\/c95904a4fbf751a8d9124f8fa8bdaace"},"headline":"Capit\u00e1n Am\u00e9rica: Se ha hecho justicia-La leg\u00edtima defensa y el terrorismo","datePublished":"2018-09-13T09:46:22+00:00","mainEntityOfPage":{"@id":"https:\/\/www.cope.es\/blogs\/cine-y-libertad\/2018\/09\/13\/capitan-america-se-ha-hecho-justicia-la-legitima-defensa-y-el-terrorismo\/"},"wordCount":116,"commentCount":0,"image":{"@id":"https:\/\/www.cope.es\/blogs\/cine-y-libertad\/2018\/09\/13\/capitan-america-se-ha-hecho-justicia-la-legitima-defensa-y-el-terrorismo\/#primaryimage"},"thumbnailUrl":"https:\/\/www.cope.es\/blogs\/cine-y-libertad\/wp-content\/uploads\/sites\/7\/2018\/09\/marvel_heroes_88.jpg","articleSection":["Capit\u00e1n Am\u00e9rica","c\u00f3mics","comunismo","Superh\u00e9roes","terrorismo","Vengadores"],"inLanguage":"es","potentialAction":[{"@type":"CommentAction","name":"Comment","target":["https:\/\/www.cope.es\/blogs\/cine-y-libertad\/2018\/09\/13\/capitan-america-se-ha-hecho-justicia-la-legitima-defensa-y-el-terrorismo\/#respond"]}]},{"@type":"WebPage","@id":"https:\/\/www.cope.es\/blogs\/cine-y-libertad\/2018\/09\/13\/capitan-america-se-ha-hecho-justicia-la-legitima-defensa-y-el-terrorismo\/","url":"https:\/\/www.cope.es\/blogs\/cine-y-libertad\/2018\/09\/13\/capitan-america-se-ha-hecho-justicia-la-legitima-defensa-y-el-terrorismo\/","name":"Capit\u00e1n Am\u00e9rica: Se ha hecho justicia-La leg\u00edtima defensa y el terrorismo - Cine y Libertad","isPartOf":{"@id":"https:\/\/www.cope.es\/blogs\/cine-y-libertad\/#website"},"primaryImageOfPage":{"@id":"https:\/\/www.cope.es\/blogs\/cine-y-libertad\/2018\/09\/13\/capitan-america-se-ha-hecho-justicia-la-legitima-defensa-y-el-terrorismo\/#primaryimage"},"image":{"@id":"https:\/\/www.cope.es\/blogs\/cine-y-libertad\/2018\/09\/13\/capitan-america-se-ha-hecho-justicia-la-legitima-defensa-y-el-terrorismo\/#primaryimage"},"thumbnailUrl":"https:\/\/www.cope.es\/blogs\/cine-y-libertad\/wp-content\/uploads\/sites\/7\/2018\/09\/marvel_heroes_88.jpg","datePublished":"2018-09-13T09:46:22+00:00","author":{"@id":"https:\/\/www.cope.es\/blogs\/cine-y-libertad\/#\/schema\/person\/c95904a4fbf751a8d9124f8fa8bdaace"},"breadcrumb":{"@id":"https:\/\/www.cope.es\/blogs\/cine-y-libertad\/2018\/09\/13\/capitan-america-se-ha-hecho-justicia-la-legitima-defensa-y-el-terrorismo\/#breadcrumb"},"inLanguage":"es","potentialAction":[{"@type":"ReadAction","target":["https:\/\/www.cope.es\/blogs\/cine-y-libertad\/2018\/09\/13\/capitan-america-se-ha-hecho-justicia-la-legitima-defensa-y-el-terrorismo\/"]}]},{"@type":"ImageObject","inLanguage":"es","@id":"https:\/\/www.cope.es\/blogs\/cine-y-libertad\/2018\/09\/13\/capitan-america-se-ha-hecho-justicia-la-legitima-defensa-y-el-terrorismo\/#primaryimage","url":"https:\/\/www.cope.es\/blogs\/cine-y-libertad\/wp-content\/uploads\/sites\/7\/2018\/09\/marvel_heroes_88.jpg","contentUrl":"https:\/\/www.cope.es\/blogs\/cine-y-libertad\/wp-content\/uploads\/sites\/7\/2018\/09\/marvel_heroes_88.jpg","width":588,"height":473},{"@type":"BreadcrumbList","@id":"https:\/\/www.cope.es\/blogs\/cine-y-libertad\/2018\/09\/13\/capitan-america-se-ha-hecho-justicia-la-legitima-defensa-y-el-terrorismo\/#breadcrumb","itemListElement":[{"@type":"ListItem","position":1,"name":"Portada","item":"https:\/\/www.cope.es\/blogs\/cine-y-libertad\/"},{"@type":"ListItem","position":2,"name":"Capit\u00e1n Am\u00e9rica: Se ha hecho justicia-La leg\u00edtima defensa y el terrorismo"}]},{"@type":"WebSite","@id":"https:\/\/www.cope.es\/blogs\/cine-y-libertad\/#website","url":"https:\/\/www.cope.es\/blogs\/cine-y-libertad\/","name":"Cine y Libertad","description":"Cine y Libertad un blog de COPE","potentialAction":[{"@type":"SearchAction","target":{"@type":"EntryPoint","urlTemplate":"https:\/\/www.cope.es\/blogs\/cine-y-libertad\/?s={search_term_string}"},"query-input":{"@type":"PropertyValueSpecification","valueRequired":true,"valueName":"search_term_string"}}],"inLanguage":"es"},{"@type":"Person","@id":"https:\/\/www.cope.es\/blogs\/cine-y-libertad\/#\/schema\/person\/c95904a4fbf751a8d9124f8fa8bdaace","name":"V\u00edctor Alvarado","image":{"@type":"ImageObject","inLanguage":"es","@id":"https:\/\/secure.gravatar.com\/avatar\/db4634ae2001f7f920b8294d926f3e737ada04196e014ebacae29a4848f905f4?s=96&d=mm&r=g","url":"https:\/\/secure.gravatar.com\/avatar\/db4634ae2001f7f920b8294d926f3e737ada04196e014ebacae29a4848f905f4?s=96&d=mm&r=g","contentUrl":"https:\/\/secure.gravatar.com\/avatar\/db4634ae2001f7f920b8294d926f3e737ada04196e014ebacae29a4848f905f4?s=96&d=mm&r=g","caption":"V\u00edctor Alvarado"},"description":"V\u00edctor Alvarado tiene una larga experiencia tanto en medios de comunicaci\u00f3n como en educaci\u00f3n. Dirige el programa de radio, Directo a las Estrellas, en Intereconom\u00eda (Castilla y Le\u00f3n) y Informa Radio en toda Espa\u00f1a. Ha colaborado en Radio Inter y Esradio. Cr\u00edtico de cine en Pantalla 90, Diario Ya y P\u00e1ginas Digital. Es miembro del CEC. Es el autor de libro: La fe, la \u00e9tica y los valores de los superh\u00e9roes (PPC). Esta es su web: www.cineylibertad.com y, por supuesto, lleva m\u00e1s de 5 a\u00f1os como bloguero de Cope, donde analiza el cine, los c\u00f3mics y los libros desde una \u00f3ptica antropol\u00f3gica y axiol\u00f3gica, atendiendo a todas las dimensiones del ser humano.","sameAs":["http:\/\/www.cineylibertad.com","https:\/\/www.facebook.com\/victor.alvarado.56829446","https:\/\/www.instagram.com\/cineylibertad\/","https:\/\/x.com\/cineylibertad"],"url":"https:\/\/www.cope.es\/blogs\/cine-y-libertad\/author\/valvarado\/"}]}},"amp_enabled":true,"_links":{"self":[{"href":"https:\/\/www.cope.es\/blogs\/cine-y-libertad\/wp-json\/wp\/v2\/posts\/509","targetHints":{"allow":["GET"]}}],"collection":[{"href":"https:\/\/www.cope.es\/blogs\/cine-y-libertad\/wp-json\/wp\/v2\/posts"}],"about":[{"href":"https:\/\/www.cope.es\/blogs\/cine-y-libertad\/wp-json\/wp\/v2\/types\/post"}],"author":[{"embeddable":true,"href":"https:\/\/www.cope.es\/blogs\/cine-y-libertad\/wp-json\/wp\/v2\/users\/7"}],"replies":[{"embeddable":true,"href":"https:\/\/www.cope.es\/blogs\/cine-y-libertad\/wp-json\/wp\/v2\/comments?post=509"}],"version-history":[{"count":1,"href":"https:\/\/www.cope.es\/blogs\/cine-y-libertad\/wp-json\/wp\/v2\/posts\/509\/revisions"}],"predecessor-version":[{"id":511,"href":"https:\/\/www.cope.es\/blogs\/cine-y-libertad\/wp-json\/wp\/v2\/posts\/509\/revisions\/511"}],"wp:featuredmedia":[{"embeddable":true,"href":"https:\/\/www.cope.es\/blogs\/cine-y-libertad\/wp-json\/wp\/v2\/media\/510"}],"wp:attachment":[{"href":"https:\/\/www.cope.es\/blogs\/cine-y-libertad\/wp-json\/wp\/v2\/media?parent=509"}],"wp:term":[{"taxonomy":"category","embeddable":true,"href":"https:\/\/www.cope.es\/blogs\/cine-y-libertad\/wp-json\/wp\/v2\/categories?post=509"},{"taxonomy":"post_tag","embeddable":true,"href":"https:\/\/www.cope.es\/blogs\/cine-y-libertad\/wp-json\/wp\/v2\/tags?post=509"}],"curies":[{"name":"wp","href":"https:\/\/api.w.org\/{rel}","templated":true}]}}