{"id":4919,"date":"2022-12-20T09:30:31","date_gmt":"2022-12-20T08:30:31","guid":{"rendered":"http:\/\/www.cope.es\/blogs\/cine-y-libertad\/?p=4919"},"modified":"2023-12-13T19:17:35","modified_gmt":"2023-12-13T18:17:35","slug":"las-guerras-punicas-escipion-anibal-y-el-actor-victor-mature","status":"publish","type":"post","link":"https:\/\/www.cope.es\/blogs\/cine-y-libertad\/2022\/12\/20\/las-guerras-punicas-escipion-anibal-y-el-actor-victor-mature\/","title":{"rendered":"Las Guerras P\u00fanicas-Escipi\u00f3n, An\u00edbal y el actor V\u00edctor Mature"},"content":{"rendered":"<p><a href=\"https:\/\/www.ivoox.com\/guerras-punicas-escipion-anibal-actor-victor-audios-mp3_rf_99411129_1.html\">Las Guerras P\u00fanicas-Escipi\u00f3n, An\u00edbal y el actor V\u00edctor Mature.<\/a> \u00bfPor qu\u00e9 hay que conocer ese episodio de la historia?<\/p>\n<p>Aqu\u00ed puedes escuchar la conversaci\u00f3n que tuvimos con Carlos D\u00edaz S\u00e1nchez.<\/p>\n<p><img loading=\"lazy\" decoding=\"async\" width=\"189\" height=\"266\" class=\"alignnone size-full wp-image-4921\" src=\"http:\/\/www.cope.es\/blogs\/cine-y-libertad\/wp-content\/uploads\/sites\/7\/2022\/12\/las-guerras-punicas-espicipion-anibal-y-el-actor-victor-mature.jpg\" alt=\"\" \/><\/p>\n<audio class=\"wp-audio-shortcode\" id=\"audio-4919-1\" preload=\"none\" style=\"width: 100%;\" controls=\"controls\"><source type=\"audio\/mpeg\" src=\"https:\/\/www.ivoox.com\/guerras-punicas-escipion-anibal-actor-victor_md_99411129_wp_1.mp3?_=1\" \/><a href=\"https:\/\/www.ivoox.com\/guerras-punicas-escipion-anibal-actor-victor_md_99411129_wp_1.mp3\">https:\/\/www.ivoox.com\/guerras-punicas-escipion-anibal-actor-victor_md_99411129_wp_1.mp3<\/a><\/audio>\n<p><a title=\"Las Guerras P\u00fanicas-Escipi\u00f3n, An\u00edbal y el actor V\u00edctor Mature\" href=\"https:\/\/go.ivoox.com\/rf\/99411129\">Ir a descargar<\/a><\/p>\n<p>La editorial <a href=\"https:\/\/www.actashistoria.com\/\">Actas<\/a> nos habla de su libro (Las Guerras P\u00fanicas-Escipi\u00f3n, An\u00edbal y el actor V\u00edctor Mature):<\/p>\n<div>A\u00f1o 264 a.C., Cartago y Roma inician hostilidades en la isla de Sicilia, un enfrentamiento que no sab\u00edan cu\u00e1nto iba a durar ni las consecuencias que iba a tener. Desde ese momento, tanto cartagineses como romanos combatieron en tres guerras que abarcaron algo m\u00e1s de un siglo y que provocaron el final del imperialismo cartagin\u00e9s y el comienzo de la expansi\u00f3n de la Rep\u00fablica romana m\u00e1s all\u00e1 de sus l\u00edmites naturales (146 a.C.).<\/div>\n<div><\/div>\n<div>Esta sucesi\u00f3n de hechos fue primordial en la historia de ambas culturas, sin cuyo desarrollo no podr\u00eda entenderse c\u00f3mo Roma se alz\u00f3 como la principal potencia del Mediterr\u00e1neo en detrimento de Cartago.<\/div>\n<div><\/div>\n<div><i><img loading=\"lazy\" decoding=\"async\" width=\"184\" height=\"274\" class=\"alignnone size-full wp-image-4922\" src=\"http:\/\/www.cope.es\/blogs\/cine-y-libertad\/wp-content\/uploads\/sites\/7\/2022\/12\/victor-mature.jpg\" alt=\"\" \/><\/i><\/div>\n<div><i>Las Guerras P\u00fanicas. Roma contra Cartago: historia de un conflicto<\/i> pretende analizar la problem\u00e1tica de sus fuentes, sus antecedentes y el desarrollo de las tres guerras, sus batallas y los problemas pol\u00edticos y sociales que acontecieron tanto a Cartago como a Roma.<\/div>\n<div><\/div>\n<div>A trav\u00e9s de sus p\u00e1ginas, el lector encontrar\u00e1 un relato documentado y ameno donde, de forma sencilla, podr\u00e1 observar c\u00f3mo se desarrollaron los conflictos, qu\u00e9 ocurri\u00f3 en los periodos de entreguerras para llegar al siguiente choque, las relaciones diplom\u00e1ticas entre ambos contendientes, sus ej\u00e9rcitos o los cambios pol\u00edtico-sociales que se produjeron.<\/div>\n<div><\/div>\n<div>Si te gust\u00f3 esta entrevista, tal vez te pueda interesar la relacionada con los Vikingos: <a href=\"https:\/\/www.cope.es\/blogs\/cine-y-libertad\/2021\/11\/15\/vikingos-historia-de-un-pueblo-guerrero-sus-secretos-y-tolkien-marvel-la-pelicula-y-las-series\/\"><span class=\"post post-post current-item\">Vikingos. Historia de un pueblo guerrero-Sus secretos y Tolkien, Marvel, la pel\u00edcula y las series<\/span><\/a><\/div>\n<p>Facebook: <a href=\"https:\/\/www.facebook.com\/victor.alvarado.56829446\" target=\"_blank\">https:\/\/www.facebook.com\/victor.alvarado.56829446<\/a><\/p>\n<p>Twitter:<span class=\"r-18u37iz\"><a class=\"css-4rbku5 css-18t94o4 css-901oao css-16my406 r-1n1174f r-1loqt21 r-poiln3 r-bcqeeo r-qvutc0\" href=\"https:\/\/twitter.com\/cineylibertad\">@cineylibertad<\/a><\/span><\/p>\n","protected":false},"excerpt":{"rendered":"<p>Las Guerras P\u00fanicas-Escipi\u00f3n, An\u00edbal y el actor V\u00edctor Mature. \u00bfPor qu\u00e9 hay que conocer ese episodio de la historia? Aqu\u00ed puedes escuchar la conversaci\u00f3n que tuvimos con Carlos D\u00edaz S\u00e1nchez. Ir a descargar La editorial Actas nos habla de su libro (Las Guerras P\u00fanicas-Escipi\u00f3n, An\u00edbal y el actor V\u00edctor Mature): A\u00f1o 264 a.C., Cartago y [&hellip;]<\/p>\n","protected":false},"author":7,"featured_media":4921,"comment_status":"open","ping_status":"open","sticky":false,"template":"","format":"standard","meta":{"footnotes":""},"categories":[974,1300,226,22,17,43],"tags":[1305,1303,3122,608,3123,227,1302,1301,1304],"class_list":["post-4919","post","type-post","status-publish","format-standard","has-post-thumbnail","hentry","category-cine-clasico","category-cine-italiano","category-documental","category-historia","category-hollywood","category-militares","tag-actas","tag-anibal","tag-arqueologia-cope","tag-cine","tag-cope-arqueologia","tag-documental","tag-escipion","tag-las-guerras-punicas","tag-victor-mature"],"yoast_head":"<!-- This site is optimized with the Yoast SEO plugin v27.4 - https:\/\/yoast.com\/product\/yoast-seo-wordpress\/ -->\n<title>Las Guerras P\u00fanicas-Escipi\u00f3n, An\u00edbal y el actor V\u00edctor Mature<\/title>\n<meta name=\"description\" content=\"Las Guerras P\u00fanicas-Escipi\u00f3n, An\u00edbal y el actor V\u00edctor Mature. \u00bfPor qu\u00e9 hay que conocer ese episodio de la historia? Las Guerras P\u00fanicas-Escipi\u00f3n\" \/>\n<meta name=\"robots\" content=\"index, follow, max-snippet:-1, max-image-preview:large, max-video-preview:-1\" \/>\n<link rel=\"canonical\" href=\"https:\/\/www.cope.es\/blogs\/cine-y-libertad\/2022\/12\/20\/las-guerras-punicas-escipion-anibal-y-el-actor-victor-mature\/\" \/>\n<meta property=\"og:locale\" content=\"es_ES\" \/>\n<meta property=\"og:type\" content=\"article\" \/>\n<meta property=\"og:title\" content=\"Las Guerras P\u00fanicas-Escipi\u00f3n, An\u00edbal y el actor V\u00edctor Mature\" \/>\n<meta property=\"og:description\" content=\"Las Guerras P\u00fanicas-Escipi\u00f3n, An\u00edbal y el actor V\u00edctor Mature. \u00bfPor qu\u00e9 hay que conocer ese episodio de la historia? Las Guerras P\u00fanicas-Escipi\u00f3n\" \/>\n<meta property=\"og:url\" content=\"https:\/\/www.cope.es\/blogs\/cine-y-libertad\/2022\/12\/20\/las-guerras-punicas-escipion-anibal-y-el-actor-victor-mature\/\" \/>\n<meta property=\"og:site_name\" content=\"Cine y Libertad\" \/>\n<meta property=\"article:publisher\" content=\"https:\/\/www.facebook.com\/cope\/\" \/>\n<meta property=\"article:author\" content=\"https:\/\/www.facebook.com\/victor.alvarado.56829446\" \/>\n<meta property=\"article:published_time\" content=\"2022-12-20T08:30:31+00:00\" \/>\n<meta property=\"article:modified_time\" content=\"2023-12-13T18:17:35+00:00\" \/>\n<meta property=\"og:image\" content=\"https:\/\/www.cope.es\/blogs\/cine-y-libertad\/wp-content\/uploads\/sites\/7\/2022\/12\/las-guerras-punicas-espicipion-anibal-y-el-actor-victor-mature.jpg\" \/>\n\t<meta property=\"og:image:width\" content=\"189\" \/>\n\t<meta property=\"og:image:height\" content=\"266\" \/>\n\t<meta property=\"og:image:type\" content=\"image\/jpeg\" \/>\n<meta name=\"author\" content=\"V\u00edctor Alvarado\" \/>\n<meta name=\"twitter:card\" content=\"summary_large_image\" \/>\n<meta name=\"twitter:creator\" content=\"@cineylibertad\" \/>\n<meta name=\"twitter:site\" content=\"@cope_es\" \/>\n<meta name=\"twitter:label1\" content=\"Escrito por\" \/>\n\t<meta name=\"twitter:data1\" content=\"V\u00edctor Alvarado\" \/>\n\t<meta name=\"twitter:label2\" content=\"Tiempo de lectura\" \/>\n\t<meta name=\"twitter:data2\" content=\"2 minutos\" \/>\n<script type=\"application\/ld+json\" class=\"yoast-schema-graph\">{\"@context\":\"https:\\\/\\\/schema.org\",\"@graph\":[{\"@type\":\"Article\",\"@id\":\"https:\\\/\\\/www.cope.es\\\/blogs\\\/cine-y-libertad\\\/2022\\\/12\\\/20\\\/las-guerras-punicas-escipion-anibal-y-el-actor-victor-mature\\\/#article\",\"isPartOf\":{\"@id\":\"https:\\\/\\\/www.cope.es\\\/blogs\\\/cine-y-libertad\\\/2022\\\/12\\\/20\\\/las-guerras-punicas-escipion-anibal-y-el-actor-victor-mature\\\/\"},\"author\":{\"name\":\"V\u00edctor Alvarado\",\"@id\":\"https:\\\/\\\/www.cope.es\\\/blogs\\\/cine-y-libertad\\\/#\\\/schema\\\/person\\\/c95904a4fbf751a8d9124f8fa8bdaace\"},\"headline\":\"Las Guerras P\u00fanicas-Escipi\u00f3n, An\u00edbal y el actor V\u00edctor Mature\",\"datePublished\":\"2022-12-20T08:30:31+00:00\",\"dateModified\":\"2023-12-13T18:17:35+00:00\",\"mainEntityOfPage\":{\"@id\":\"https:\\\/\\\/www.cope.es\\\/blogs\\\/cine-y-libertad\\\/2022\\\/12\\\/20\\\/las-guerras-punicas-escipion-anibal-y-el-actor-victor-mature\\\/\"},\"wordCount\":344,\"commentCount\":0,\"image\":{\"@id\":\"https:\\\/\\\/www.cope.es\\\/blogs\\\/cine-y-libertad\\\/2022\\\/12\\\/20\\\/las-guerras-punicas-escipion-anibal-y-el-actor-victor-mature\\\/#primaryimage\"},\"thumbnailUrl\":\"https:\\\/\\\/www.cope.es\\\/blogs\\\/cine-y-libertad\\\/wp-content\\\/uploads\\\/sites\\\/7\\\/2022\\\/12\\\/las-guerras-punicas-espicipion-anibal-y-el-actor-victor-mature.jpg\",\"keywords\":[\"Actas\",\"An\u00edbal\",\"arqueolog\u00eda cope\",\"cine\",\"cope arqueolog\u00eda\",\"documental\",\"Escipi\u00f3n\",\"Las Guerras P\u00fanicas\",\"V\u00edctor Mature\"],\"articleSection\":[\"cine cl\u00e1sico\",\"cine italiano\",\"documental\",\"historia\",\"Hollywood\",\"militares\"],\"inLanguage\":\"es\",\"potentialAction\":[{\"@type\":\"CommentAction\",\"name\":\"Comment\",\"target\":[\"https:\\\/\\\/www.cope.es\\\/blogs\\\/cine-y-libertad\\\/2022\\\/12\\\/20\\\/las-guerras-punicas-escipion-anibal-y-el-actor-victor-mature\\\/#respond\"]}]},{\"@type\":\"WebPage\",\"@id\":\"https:\\\/\\\/www.cope.es\\\/blogs\\\/cine-y-libertad\\\/2022\\\/12\\\/20\\\/las-guerras-punicas-escipion-anibal-y-el-actor-victor-mature\\\/\",\"url\":\"https:\\\/\\\/www.cope.es\\\/blogs\\\/cine-y-libertad\\\/2022\\\/12\\\/20\\\/las-guerras-punicas-escipion-anibal-y-el-actor-victor-mature\\\/\",\"name\":\"Las Guerras P\u00fanicas-Escipi\u00f3n, An\u00edbal y el actor V\u00edctor Mature\",\"isPartOf\":{\"@id\":\"https:\\\/\\\/www.cope.es\\\/blogs\\\/cine-y-libertad\\\/#website\"},\"primaryImageOfPage\":{\"@id\":\"https:\\\/\\\/www.cope.es\\\/blogs\\\/cine-y-libertad\\\/2022\\\/12\\\/20\\\/las-guerras-punicas-escipion-anibal-y-el-actor-victor-mature\\\/#primaryimage\"},\"image\":{\"@id\":\"https:\\\/\\\/www.cope.es\\\/blogs\\\/cine-y-libertad\\\/2022\\\/12\\\/20\\\/las-guerras-punicas-escipion-anibal-y-el-actor-victor-mature\\\/#primaryimage\"},\"thumbnailUrl\":\"https:\\\/\\\/www.cope.es\\\/blogs\\\/cine-y-libertad\\\/wp-content\\\/uploads\\\/sites\\\/7\\\/2022\\\/12\\\/las-guerras-punicas-espicipion-anibal-y-el-actor-victor-mature.jpg\",\"datePublished\":\"2022-12-20T08:30:31+00:00\",\"dateModified\":\"2023-12-13T18:17:35+00:00\",\"author\":{\"@id\":\"https:\\\/\\\/www.cope.es\\\/blogs\\\/cine-y-libertad\\\/#\\\/schema\\\/person\\\/c95904a4fbf751a8d9124f8fa8bdaace\"},\"description\":\"Las Guerras P\u00fanicas-Escipi\u00f3n, An\u00edbal y el actor V\u00edctor Mature. \u00bfPor qu\u00e9 hay que conocer ese episodio de la historia? Las Guerras P\u00fanicas-Escipi\u00f3n\",\"breadcrumb\":{\"@id\":\"https:\\\/\\\/www.cope.es\\\/blogs\\\/cine-y-libertad\\\/2022\\\/12\\\/20\\\/las-guerras-punicas-escipion-anibal-y-el-actor-victor-mature\\\/#breadcrumb\"},\"inLanguage\":\"es\",\"potentialAction\":[{\"@type\":\"ReadAction\",\"target\":[\"https:\\\/\\\/www.cope.es\\\/blogs\\\/cine-y-libertad\\\/2022\\\/12\\\/20\\\/las-guerras-punicas-escipion-anibal-y-el-actor-victor-mature\\\/\"]}]},{\"@type\":\"ImageObject\",\"inLanguage\":\"es\",\"@id\":\"https:\\\/\\\/www.cope.es\\\/blogs\\\/cine-y-libertad\\\/2022\\\/12\\\/20\\\/las-guerras-punicas-escipion-anibal-y-el-actor-victor-mature\\\/#primaryimage\",\"url\":\"https:\\\/\\\/www.cope.es\\\/blogs\\\/cine-y-libertad\\\/wp-content\\\/uploads\\\/sites\\\/7\\\/2022\\\/12\\\/las-guerras-punicas-espicipion-anibal-y-el-actor-victor-mature.jpg\",\"contentUrl\":\"https:\\\/\\\/www.cope.es\\\/blogs\\\/cine-y-libertad\\\/wp-content\\\/uploads\\\/sites\\\/7\\\/2022\\\/12\\\/las-guerras-punicas-espicipion-anibal-y-el-actor-victor-mature.jpg\",\"width\":189,\"height\":266},{\"@type\":\"BreadcrumbList\",\"@id\":\"https:\\\/\\\/www.cope.es\\\/blogs\\\/cine-y-libertad\\\/2022\\\/12\\\/20\\\/las-guerras-punicas-escipion-anibal-y-el-actor-victor-mature\\\/#breadcrumb\",\"itemListElement\":[{\"@type\":\"ListItem\",\"position\":1,\"name\":\"Portada\",\"item\":\"https:\\\/\\\/www.cope.es\\\/blogs\\\/cine-y-libertad\\\/\"},{\"@type\":\"ListItem\",\"position\":2,\"name\":\"Las Guerras P\u00fanicas-Escipi\u00f3n, An\u00edbal y el actor V\u00edctor Mature\"}]},{\"@type\":\"WebSite\",\"@id\":\"https:\\\/\\\/www.cope.es\\\/blogs\\\/cine-y-libertad\\\/#website\",\"url\":\"https:\\\/\\\/www.cope.es\\\/blogs\\\/cine-y-libertad\\\/\",\"name\":\"Cine y Libertad\",\"description\":\"Cine y Libertad un blog de COPE\",\"potentialAction\":[{\"@type\":\"SearchAction\",\"target\":{\"@type\":\"EntryPoint\",\"urlTemplate\":\"https:\\\/\\\/www.cope.es\\\/blogs\\\/cine-y-libertad\\\/?s={search_term_string}\"},\"query-input\":{\"@type\":\"PropertyValueSpecification\",\"valueRequired\":true,\"valueName\":\"search_term_string\"}}],\"inLanguage\":\"es\"},{\"@type\":\"Person\",\"@id\":\"https:\\\/\\\/www.cope.es\\\/blogs\\\/cine-y-libertad\\\/#\\\/schema\\\/person\\\/c95904a4fbf751a8d9124f8fa8bdaace\",\"name\":\"V\u00edctor Alvarado\",\"image\":{\"@type\":\"ImageObject\",\"inLanguage\":\"es\",\"@id\":\"https:\\\/\\\/secure.gravatar.com\\\/avatar\\\/db4634ae2001f7f920b8294d926f3e737ada04196e014ebacae29a4848f905f4?s=96&d=mm&r=g\",\"url\":\"https:\\\/\\\/secure.gravatar.com\\\/avatar\\\/db4634ae2001f7f920b8294d926f3e737ada04196e014ebacae29a4848f905f4?s=96&d=mm&r=g\",\"contentUrl\":\"https:\\\/\\\/secure.gravatar.com\\\/avatar\\\/db4634ae2001f7f920b8294d926f3e737ada04196e014ebacae29a4848f905f4?s=96&d=mm&r=g\",\"caption\":\"V\u00edctor Alvarado\"},\"description\":\"V\u00edctor Alvarado tiene una larga experiencia tanto en medios de comunicaci\u00f3n como en educaci\u00f3n. Dirige el programa de radio, Directo a las Estrellas, en Intereconom\u00eda (Castilla y Le\u00f3n) y Informa Radio en toda Espa\u00f1a. Ha colaborado en Radio Inter y Esradio. Cr\u00edtico de cine en Pantalla 90, Diario Ya y P\u00e1ginas Digital. Es miembro del CEC. Es el autor de libro: La fe, la \u00e9tica y los valores de los superh\u00e9roes (PPC). Esta es su web: www.cineylibertad.com y, por supuesto, lleva m\u00e1s de 5 a\u00f1os como bloguero de Cope, donde analiza el cine, los c\u00f3mics y los libros desde una \u00f3ptica antropol\u00f3gica y axiol\u00f3gica, atendiendo a todas las dimensiones del ser humano.\",\"sameAs\":[\"http:\\\/\\\/www.cineylibertad.com\",\"https:\\\/\\\/www.facebook.com\\\/victor.alvarado.56829446\",\"https:\\\/\\\/www.instagram.com\\\/cineylibertad\\\/\",\"https:\\\/\\\/x.com\\\/cineylibertad\"],\"url\":\"https:\\\/\\\/www.cope.es\\\/blogs\\\/cine-y-libertad\\\/author\\\/valvarado\\\/\"}]}<\/script>\n<!-- \/ Yoast SEO plugin. -->","yoast_head_json":{"title":"Las Guerras P\u00fanicas-Escipi\u00f3n, An\u00edbal y el actor V\u00edctor Mature","description":"Las Guerras P\u00fanicas-Escipi\u00f3n, An\u00edbal y el actor V\u00edctor Mature. \u00bfPor qu\u00e9 hay que conocer ese episodio de la historia? Las Guerras P\u00fanicas-Escipi\u00f3n","robots":{"index":"index","follow":"follow","max-snippet":"max-snippet:-1","max-image-preview":"max-image-preview:large","max-video-preview":"max-video-preview:-1"},"canonical":"https:\/\/www.cope.es\/blogs\/cine-y-libertad\/2022\/12\/20\/las-guerras-punicas-escipion-anibal-y-el-actor-victor-mature\/","og_locale":"es_ES","og_type":"article","og_title":"Las Guerras P\u00fanicas-Escipi\u00f3n, An\u00edbal y el actor V\u00edctor Mature","og_description":"Las Guerras P\u00fanicas-Escipi\u00f3n, An\u00edbal y el actor V\u00edctor Mature. \u00bfPor qu\u00e9 hay que conocer ese episodio de la historia? Las Guerras P\u00fanicas-Escipi\u00f3n","og_url":"https:\/\/www.cope.es\/blogs\/cine-y-libertad\/2022\/12\/20\/las-guerras-punicas-escipion-anibal-y-el-actor-victor-mature\/","og_site_name":"Cine y Libertad","article_publisher":"https:\/\/www.facebook.com\/cope\/","article_author":"https:\/\/www.facebook.com\/victor.alvarado.56829446","article_published_time":"2022-12-20T08:30:31+00:00","article_modified_time":"2023-12-13T18:17:35+00:00","og_image":[{"width":189,"height":266,"url":"https:\/\/www.cope.es\/blogs\/cine-y-libertad\/wp-content\/uploads\/sites\/7\/2022\/12\/las-guerras-punicas-espicipion-anibal-y-el-actor-victor-mature.jpg","type":"image\/jpeg"}],"author":"V\u00edctor Alvarado","twitter_card":"summary_large_image","twitter_creator":"@cineylibertad","twitter_site":"@cope_es","twitter_misc":{"Escrito por":"V\u00edctor Alvarado","Tiempo de lectura":"2 minutos"},"schema":{"@context":"https:\/\/schema.org","@graph":[{"@type":"Article","@id":"https:\/\/www.cope.es\/blogs\/cine-y-libertad\/2022\/12\/20\/las-guerras-punicas-escipion-anibal-y-el-actor-victor-mature\/#article","isPartOf":{"@id":"https:\/\/www.cope.es\/blogs\/cine-y-libertad\/2022\/12\/20\/las-guerras-punicas-escipion-anibal-y-el-actor-victor-mature\/"},"author":{"name":"V\u00edctor Alvarado","@id":"https:\/\/www.cope.es\/blogs\/cine-y-libertad\/#\/schema\/person\/c95904a4fbf751a8d9124f8fa8bdaace"},"headline":"Las Guerras P\u00fanicas-Escipi\u00f3n, An\u00edbal y el actor V\u00edctor Mature","datePublished":"2022-12-20T08:30:31+00:00","dateModified":"2023-12-13T18:17:35+00:00","mainEntityOfPage":{"@id":"https:\/\/www.cope.es\/blogs\/cine-y-libertad\/2022\/12\/20\/las-guerras-punicas-escipion-anibal-y-el-actor-victor-mature\/"},"wordCount":344,"commentCount":0,"image":{"@id":"https:\/\/www.cope.es\/blogs\/cine-y-libertad\/2022\/12\/20\/las-guerras-punicas-escipion-anibal-y-el-actor-victor-mature\/#primaryimage"},"thumbnailUrl":"https:\/\/www.cope.es\/blogs\/cine-y-libertad\/wp-content\/uploads\/sites\/7\/2022\/12\/las-guerras-punicas-espicipion-anibal-y-el-actor-victor-mature.jpg","keywords":["Actas","An\u00edbal","arqueolog\u00eda cope","cine","cope arqueolog\u00eda","documental","Escipi\u00f3n","Las Guerras P\u00fanicas","V\u00edctor Mature"],"articleSection":["cine cl\u00e1sico","cine italiano","documental","historia","Hollywood","militares"],"inLanguage":"es","potentialAction":[{"@type":"CommentAction","name":"Comment","target":["https:\/\/www.cope.es\/blogs\/cine-y-libertad\/2022\/12\/20\/las-guerras-punicas-escipion-anibal-y-el-actor-victor-mature\/#respond"]}]},{"@type":"WebPage","@id":"https:\/\/www.cope.es\/blogs\/cine-y-libertad\/2022\/12\/20\/las-guerras-punicas-escipion-anibal-y-el-actor-victor-mature\/","url":"https:\/\/www.cope.es\/blogs\/cine-y-libertad\/2022\/12\/20\/las-guerras-punicas-escipion-anibal-y-el-actor-victor-mature\/","name":"Las Guerras P\u00fanicas-Escipi\u00f3n, An\u00edbal y el actor V\u00edctor Mature","isPartOf":{"@id":"https:\/\/www.cope.es\/blogs\/cine-y-libertad\/#website"},"primaryImageOfPage":{"@id":"https:\/\/www.cope.es\/blogs\/cine-y-libertad\/2022\/12\/20\/las-guerras-punicas-escipion-anibal-y-el-actor-victor-mature\/#primaryimage"},"image":{"@id":"https:\/\/www.cope.es\/blogs\/cine-y-libertad\/2022\/12\/20\/las-guerras-punicas-escipion-anibal-y-el-actor-victor-mature\/#primaryimage"},"thumbnailUrl":"https:\/\/www.cope.es\/blogs\/cine-y-libertad\/wp-content\/uploads\/sites\/7\/2022\/12\/las-guerras-punicas-espicipion-anibal-y-el-actor-victor-mature.jpg","datePublished":"2022-12-20T08:30:31+00:00","dateModified":"2023-12-13T18:17:35+00:00","author":{"@id":"https:\/\/www.cope.es\/blogs\/cine-y-libertad\/#\/schema\/person\/c95904a4fbf751a8d9124f8fa8bdaace"},"description":"Las Guerras P\u00fanicas-Escipi\u00f3n, An\u00edbal y el actor V\u00edctor Mature. \u00bfPor qu\u00e9 hay que conocer ese episodio de la historia? Las Guerras P\u00fanicas-Escipi\u00f3n","breadcrumb":{"@id":"https:\/\/www.cope.es\/blogs\/cine-y-libertad\/2022\/12\/20\/las-guerras-punicas-escipion-anibal-y-el-actor-victor-mature\/#breadcrumb"},"inLanguage":"es","potentialAction":[{"@type":"ReadAction","target":["https:\/\/www.cope.es\/blogs\/cine-y-libertad\/2022\/12\/20\/las-guerras-punicas-escipion-anibal-y-el-actor-victor-mature\/"]}]},{"@type":"ImageObject","inLanguage":"es","@id":"https:\/\/www.cope.es\/blogs\/cine-y-libertad\/2022\/12\/20\/las-guerras-punicas-escipion-anibal-y-el-actor-victor-mature\/#primaryimage","url":"https:\/\/www.cope.es\/blogs\/cine-y-libertad\/wp-content\/uploads\/sites\/7\/2022\/12\/las-guerras-punicas-espicipion-anibal-y-el-actor-victor-mature.jpg","contentUrl":"https:\/\/www.cope.es\/blogs\/cine-y-libertad\/wp-content\/uploads\/sites\/7\/2022\/12\/las-guerras-punicas-espicipion-anibal-y-el-actor-victor-mature.jpg","width":189,"height":266},{"@type":"BreadcrumbList","@id":"https:\/\/www.cope.es\/blogs\/cine-y-libertad\/2022\/12\/20\/las-guerras-punicas-escipion-anibal-y-el-actor-victor-mature\/#breadcrumb","itemListElement":[{"@type":"ListItem","position":1,"name":"Portada","item":"https:\/\/www.cope.es\/blogs\/cine-y-libertad\/"},{"@type":"ListItem","position":2,"name":"Las Guerras P\u00fanicas-Escipi\u00f3n, An\u00edbal y el actor V\u00edctor Mature"}]},{"@type":"WebSite","@id":"https:\/\/www.cope.es\/blogs\/cine-y-libertad\/#website","url":"https:\/\/www.cope.es\/blogs\/cine-y-libertad\/","name":"Cine y Libertad","description":"Cine y Libertad un blog de COPE","potentialAction":[{"@type":"SearchAction","target":{"@type":"EntryPoint","urlTemplate":"https:\/\/www.cope.es\/blogs\/cine-y-libertad\/?s={search_term_string}"},"query-input":{"@type":"PropertyValueSpecification","valueRequired":true,"valueName":"search_term_string"}}],"inLanguage":"es"},{"@type":"Person","@id":"https:\/\/www.cope.es\/blogs\/cine-y-libertad\/#\/schema\/person\/c95904a4fbf751a8d9124f8fa8bdaace","name":"V\u00edctor Alvarado","image":{"@type":"ImageObject","inLanguage":"es","@id":"https:\/\/secure.gravatar.com\/avatar\/db4634ae2001f7f920b8294d926f3e737ada04196e014ebacae29a4848f905f4?s=96&d=mm&r=g","url":"https:\/\/secure.gravatar.com\/avatar\/db4634ae2001f7f920b8294d926f3e737ada04196e014ebacae29a4848f905f4?s=96&d=mm&r=g","contentUrl":"https:\/\/secure.gravatar.com\/avatar\/db4634ae2001f7f920b8294d926f3e737ada04196e014ebacae29a4848f905f4?s=96&d=mm&r=g","caption":"V\u00edctor Alvarado"},"description":"V\u00edctor Alvarado tiene una larga experiencia tanto en medios de comunicaci\u00f3n como en educaci\u00f3n. Dirige el programa de radio, Directo a las Estrellas, en Intereconom\u00eda (Castilla y Le\u00f3n) y Informa Radio en toda Espa\u00f1a. Ha colaborado en Radio Inter y Esradio. Cr\u00edtico de cine en Pantalla 90, Diario Ya y P\u00e1ginas Digital. Es miembro del CEC. Es el autor de libro: La fe, la \u00e9tica y los valores de los superh\u00e9roes (PPC). Esta es su web: www.cineylibertad.com y, por supuesto, lleva m\u00e1s de 5 a\u00f1os como bloguero de Cope, donde analiza el cine, los c\u00f3mics y los libros desde una \u00f3ptica antropol\u00f3gica y axiol\u00f3gica, atendiendo a todas las dimensiones del ser humano.","sameAs":["http:\/\/www.cineylibertad.com","https:\/\/www.facebook.com\/victor.alvarado.56829446","https:\/\/www.instagram.com\/cineylibertad\/","https:\/\/x.com\/cineylibertad"],"url":"https:\/\/www.cope.es\/blogs\/cine-y-libertad\/author\/valvarado\/"}]}},"amp_enabled":true,"_links":{"self":[{"href":"https:\/\/www.cope.es\/blogs\/cine-y-libertad\/wp-json\/wp\/v2\/posts\/4919","targetHints":{"allow":["GET"]}}],"collection":[{"href":"https:\/\/www.cope.es\/blogs\/cine-y-libertad\/wp-json\/wp\/v2\/posts"}],"about":[{"href":"https:\/\/www.cope.es\/blogs\/cine-y-libertad\/wp-json\/wp\/v2\/types\/post"}],"author":[{"embeddable":true,"href":"https:\/\/www.cope.es\/blogs\/cine-y-libertad\/wp-json\/wp\/v2\/users\/7"}],"replies":[{"embeddable":true,"href":"https:\/\/www.cope.es\/blogs\/cine-y-libertad\/wp-json\/wp\/v2\/comments?post=4919"}],"version-history":[{"count":2,"href":"https:\/\/www.cope.es\/blogs\/cine-y-libertad\/wp-json\/wp\/v2\/posts\/4919\/revisions"}],"predecessor-version":[{"id":4961,"href":"https:\/\/www.cope.es\/blogs\/cine-y-libertad\/wp-json\/wp\/v2\/posts\/4919\/revisions\/4961"}],"wp:featuredmedia":[{"embeddable":true,"href":"https:\/\/www.cope.es\/blogs\/cine-y-libertad\/wp-json\/wp\/v2\/media\/4921"}],"wp:attachment":[{"href":"https:\/\/www.cope.es\/blogs\/cine-y-libertad\/wp-json\/wp\/v2\/media?parent=4919"}],"wp:term":[{"taxonomy":"category","embeddable":true,"href":"https:\/\/www.cope.es\/blogs\/cine-y-libertad\/wp-json\/wp\/v2\/categories?post=4919"},{"taxonomy":"post_tag","embeddable":true,"href":"https:\/\/www.cope.es\/blogs\/cine-y-libertad\/wp-json\/wp\/v2\/tags?post=4919"}],"curies":[{"name":"wp","href":"https:\/\/api.w.org\/{rel}","templated":true}]}}