{"id":4892,"date":"2022-12-09T11:30:11","date_gmt":"2022-12-09T10:30:11","guid":{"rendered":"http:\/\/www.cope.es\/blogs\/cine-y-libertad\/?p=4892"},"modified":"2022-12-09T11:35:09","modified_gmt":"2022-12-09T10:35:09","slug":"el-viaje-a-paris-de-la-senora-harris-la-bondad-se-hizo-persona","status":"publish","type":"post","link":"https:\/\/www.cope.es\/blogs\/cine-y-libertad\/2022\/12\/09\/el-viaje-a-paris-de-la-senora-harris-la-bondad-se-hizo-persona\/","title":{"rendered":"El viaje a Par\u00eds de la se\u00f1ora Harris-La bondad se hizo persona"},"content":{"rendered":"<div class=\"overview\">\n<p><a href=\"https:\/\/www.ivoox.com\/viaje-a-paris-senora-harris-la-audios-mp3_rf_98633629_1.html\">El viaje a Par\u00eds de la se\u00f1ora Harris-La bondad se hizo persona. \u00bfQu\u00e9 ocurre cuando se cruzan en nuestra vida buenas personas?<\/a><\/p>\n<p><img loading=\"lazy\" decoding=\"async\" width=\"189\" height=\"267\" class=\"alignnone size-full wp-image-4895\" src=\"http:\/\/www.cope.es\/blogs\/cine-y-libertad\/wp-content\/uploads\/sites\/7\/2022\/12\/el-viaje-a-paris.jpg\" alt=\"\" \/><\/p>\n<audio class=\"wp-audio-shortcode\" id=\"audio-4892-1\" preload=\"none\" style=\"width: 100%;\" controls=\"controls\"><source type=\"audio\/mpeg\" src=\"https:\/\/www.ivoox.com\/viaje-a-paris-senora-harris-la_md_98633629_wp_1.mp3?_=1\" \/><a href=\"https:\/\/www.ivoox.com\/viaje-a-paris-senora-harris-la_md_98633629_wp_1.mp3\">https:\/\/www.ivoox.com\/viaje-a-paris-senora-harris-la_md_98633629_wp_1.mp3<\/a><\/audio>\n<p><a title=\"El viaje a Par\u00eds de la se\u00f1ora Harris-La bondad se hizo persona\" href=\"https:\/\/go.ivoox.com\/rf\/98633629\">Ir a descargar<\/a><\/p>\n<p>\u00a1Lectores y amigos de Cine y Libertad!<\/p>\n<p>Cine expr\u00e9s (3)<\/p>\n<p>En esta secci\u00f3n se dar\u00e1n los detalles de algunos de los estrenos m\u00e1s importantes de la semana.<\/p>\n<p>Te invitamos a escuchar el comentario sobre <strong><a href=\"https:\/\/www.cope.es\/blogs\/cine-y-libertad\/2022\/12\/09\/el-viaje-a-paris-de-la-senora-harris-la-bondad-se-hizo-persona\/\">El viaje a Par\u00eds de la se\u00f1ora Harris<\/a>-La bondad se hizo persona.<br \/>\n<\/strong><\/p>\n<\/div>\n<p><strong>Sinopsis oficial de la pel\u00edcula en cuesti\u00f3n est\u00e1 protagonizada por Lesley Manville, recordada por <a href=\"https:\/\/www.cope.es\/blogs\/cine-y-libertad\/2018\/02\/04\/hilo-invisible-la-tormentosa-historia-amor-cristobal-balenciaga-mujer\/\">El hilo invisible<\/a>:<br \/>\n<\/strong><\/p>\n<p>En el Londres de la posguerra de la II Guerra Mundial, Ada Harris se gana la vida limpiando casas. Se ha sentido muy sola desde que su amado marido Eddie desapareci\u00f3 en combate, pero no es de esas personas que se obsesionan con las desgracias o se quejan de sus circunstancias.<\/p>\n<p>Sin embargo, cuando la pragm\u00e1tica Ada descubre un maravilloso e incre\u00edble vestido de Christian Dior colgado en el dormitorio de una rica clienta, se sorprende al sentir una punzada de deseo. Poseer algo tan et\u00e9reo, tan bonito, una aut\u00e9ntica obra de arte, eso s\u00ed puede cambiar la vida de alguien.<\/p>\n<p><img loading=\"lazy\" decoding=\"async\" width=\"185\" height=\"272\" class=\"alignnone size-full wp-image-4893\" src=\"http:\/\/www.cope.es\/blogs\/cine-y-libertad\/wp-content\/uploads\/sites\/7\/2022\/12\/el-viaje-de-la-senora-harris.jpg\" alt=\"\" \/><\/p>\n<p>Despu\u00e9s de hacer muchas horas extras y de ahorrar todo lo posible y m\u00e1s \u2013 incluso de probar suerte en las carreras de caballos \u2013, Ada tiene bastante dinero para comprarse un modelo Dior. Se despide de sus dos mejores amigos, Vi y Archie, y se va a Par\u00eds para visitar la prestigiosa casa Dior y hacer realidad su sue\u00f1o.<\/p>\n<p>Pero al llegar, debe enfrentarse a una serie de sorprendentes reveses, uno de ellos personificado en la amedrentadora Sra. Colbert, que se enfurece solo de pensar que una mujer de la limpieza pueda vestir alta costura.<\/p>\n<p>Facebook: <a href=\"https:\/\/www.facebook.com\/victor.alvarado.56829446\" target=\"_blank\">https:\/\/www.facebook.com\/victor.alvarado.56829446<\/a><\/p>\n<p>Twitter:<span class=\"r-18u37iz\"><a class=\"css-4rbku5 css-18t94o4 css-901oao css-16my406 r-1n1174f r-1loqt21 r-poiln3 r-bcqeeo r-qvutc0\" href=\"https:\/\/twitter.com\/cineylibertad\">@cineylibertad<\/a><\/span><\/p>\n","protected":false},"excerpt":{"rendered":"<p>El viaje a Par\u00eds de la se\u00f1ora Harris-La bondad se hizo persona. \u00bfQu\u00e9 ocurre cuando se cruzan en nuestra vida buenas personas? Ir a descargar \u00a1Lectores y amigos de Cine y Libertad! Cine expr\u00e9s (3) En esta secci\u00f3n se dar\u00e1n los detalles de algunos de los estrenos m\u00e1s importantes de la semana. Te invitamos a [&hellip;]<\/p>\n","protected":false},"author":7,"featured_media":4893,"comment_status":"open","ping_status":"open","sticky":false,"template":"","format":"standard","meta":{"footnotes":""},"categories":[3,132,83,5,133],"tags":[1274,1272,1278,1279,1269,1273,1271,1277,1270,1276,1275],"class_list":["post-4892","post","type-post","status-publish","format-standard","has-post-thumbnail","hentry","category-cine","category-comedia-dramatica","category-familia","category-libros","category-mujeres","tag-alba-baptista","tag-anna-chancellor","tag-anthony-fabian","tag-cine-britanico","tag-el-viaje-a-paris-de-la-senora-harris","tag-isabelle-huppert","tag-jason-isaacs","tag-lambert-wilson","tag-lesley-manville","tag-lucas-bravo","tag-rose-williams"],"yoast_head":"<!-- This site is optimized with the Yoast SEO plugin v27.4 - https:\/\/yoast.com\/product\/yoast-seo-wordpress\/ -->\n<title>El viaje a Par\u00eds de la se\u00f1ora Harris-La bondad se hizo persona<\/title>\n<meta name=\"description\" content=\"El viaje a Par\u00eds de la se\u00f1ora Harris-La bondad se hizo persona. \u00bfQu\u00e9 ocurre cuando se cruzan en nuestra vida buensas personas?\" \/>\n<meta name=\"robots\" content=\"index, follow, max-snippet:-1, max-image-preview:large, max-video-preview:-1\" \/>\n<link rel=\"canonical\" href=\"https:\/\/www.cope.es\/blogs\/cine-y-libertad\/2022\/12\/09\/el-viaje-a-paris-de-la-senora-harris-la-bondad-se-hizo-persona\/\" \/>\n<meta property=\"og:locale\" content=\"es_ES\" \/>\n<meta property=\"og:type\" content=\"article\" \/>\n<meta property=\"og:title\" content=\"El viaje a Par\u00eds de la se\u00f1ora Harris-La bondad se hizo persona\" \/>\n<meta property=\"og:description\" content=\"El viaje a Par\u00eds de la se\u00f1ora Harris-La bondad se hizo persona. \u00bfQu\u00e9 ocurre cuando se cruzan en nuestra vida buensas personas?\" \/>\n<meta property=\"og:url\" content=\"https:\/\/www.cope.es\/blogs\/cine-y-libertad\/2022\/12\/09\/el-viaje-a-paris-de-la-senora-harris-la-bondad-se-hizo-persona\/\" \/>\n<meta property=\"og:site_name\" content=\"Cine y Libertad\" \/>\n<meta property=\"article:publisher\" content=\"https:\/\/www.facebook.com\/cope\/\" \/>\n<meta property=\"article:author\" content=\"https:\/\/www.facebook.com\/victor.alvarado.56829446\" \/>\n<meta property=\"article:published_time\" content=\"2022-12-09T10:30:11+00:00\" \/>\n<meta property=\"article:modified_time\" content=\"2022-12-09T10:35:09+00:00\" \/>\n<meta property=\"og:image\" content=\"https:\/\/www.cope.es\/blogs\/cine-y-libertad\/wp-content\/uploads\/sites\/7\/2022\/12\/el-viaje-de-la-senora-harris.jpg\" \/>\n\t<meta property=\"og:image:width\" content=\"185\" \/>\n\t<meta property=\"og:image:height\" content=\"272\" \/>\n\t<meta property=\"og:image:type\" content=\"image\/jpeg\" \/>\n<meta name=\"author\" content=\"V\u00edctor Alvarado\" \/>\n<meta name=\"twitter:card\" content=\"summary_large_image\" \/>\n<meta name=\"twitter:creator\" content=\"@cineylibertad\" \/>\n<meta name=\"twitter:site\" content=\"@cope_es\" \/>\n<meta name=\"twitter:label1\" content=\"Escrito por\" \/>\n\t<meta name=\"twitter:data1\" content=\"V\u00edctor Alvarado\" \/>\n\t<meta name=\"twitter:label2\" content=\"Tiempo de lectura\" \/>\n\t<meta name=\"twitter:data2\" content=\"2 minutos\" \/>\n<script type=\"application\/ld+json\" class=\"yoast-schema-graph\">{\"@context\":\"https:\\\/\\\/schema.org\",\"@graph\":[{\"@type\":\"Article\",\"@id\":\"https:\\\/\\\/www.cope.es\\\/blogs\\\/cine-y-libertad\\\/2022\\\/12\\\/09\\\/el-viaje-a-paris-de-la-senora-harris-la-bondad-se-hizo-persona\\\/#article\",\"isPartOf\":{\"@id\":\"https:\\\/\\\/www.cope.es\\\/blogs\\\/cine-y-libertad\\\/2022\\\/12\\\/09\\\/el-viaje-a-paris-de-la-senora-harris-la-bondad-se-hizo-persona\\\/\"},\"author\":{\"name\":\"V\u00edctor Alvarado\",\"@id\":\"https:\\\/\\\/www.cope.es\\\/blogs\\\/cine-y-libertad\\\/#\\\/schema\\\/person\\\/c95904a4fbf751a8d9124f8fa8bdaace\"},\"headline\":\"El viaje a Par\u00eds de la se\u00f1ora Harris-La bondad se hizo persona\",\"datePublished\":\"2022-12-09T10:30:11+00:00\",\"dateModified\":\"2022-12-09T10:35:09+00:00\",\"mainEntityOfPage\":{\"@id\":\"https:\\\/\\\/www.cope.es\\\/blogs\\\/cine-y-libertad\\\/2022\\\/12\\\/09\\\/el-viaje-a-paris-de-la-senora-harris-la-bondad-se-hizo-persona\\\/\"},\"wordCount\":333,\"commentCount\":0,\"image\":{\"@id\":\"https:\\\/\\\/www.cope.es\\\/blogs\\\/cine-y-libertad\\\/2022\\\/12\\\/09\\\/el-viaje-a-paris-de-la-senora-harris-la-bondad-se-hizo-persona\\\/#primaryimage\"},\"thumbnailUrl\":\"https:\\\/\\\/www.cope.es\\\/blogs\\\/cine-y-libertad\\\/wp-content\\\/uploads\\\/sites\\\/7\\\/2022\\\/12\\\/el-viaje-de-la-senora-harris.jpg\",\"keywords\":[\"Alba Baptista\",\"Anna Chancellor\",\"Anthony Fabian\",\"cine brit\u00e1nico\",\"El viaje a Par\u00eds de la se\u00f1ora Harris\",\"Isabelle Huppert\",\"Jason Isaacs\",\"Lambert Wilson\",\"Lesley Manville\",\"Lucas Bravo\",\"Rose Williams\"],\"articleSection\":[\"cine\",\"comedia dram\u00e1tica\",\"familia\",\"libros\",\"mujeres\"],\"inLanguage\":\"es\",\"potentialAction\":[{\"@type\":\"CommentAction\",\"name\":\"Comment\",\"target\":[\"https:\\\/\\\/www.cope.es\\\/blogs\\\/cine-y-libertad\\\/2022\\\/12\\\/09\\\/el-viaje-a-paris-de-la-senora-harris-la-bondad-se-hizo-persona\\\/#respond\"]}]},{\"@type\":\"WebPage\",\"@id\":\"https:\\\/\\\/www.cope.es\\\/blogs\\\/cine-y-libertad\\\/2022\\\/12\\\/09\\\/el-viaje-a-paris-de-la-senora-harris-la-bondad-se-hizo-persona\\\/\",\"url\":\"https:\\\/\\\/www.cope.es\\\/blogs\\\/cine-y-libertad\\\/2022\\\/12\\\/09\\\/el-viaje-a-paris-de-la-senora-harris-la-bondad-se-hizo-persona\\\/\",\"name\":\"El viaje a Par\u00eds de la se\u00f1ora Harris-La bondad se hizo persona\",\"isPartOf\":{\"@id\":\"https:\\\/\\\/www.cope.es\\\/blogs\\\/cine-y-libertad\\\/#website\"},\"primaryImageOfPage\":{\"@id\":\"https:\\\/\\\/www.cope.es\\\/blogs\\\/cine-y-libertad\\\/2022\\\/12\\\/09\\\/el-viaje-a-paris-de-la-senora-harris-la-bondad-se-hizo-persona\\\/#primaryimage\"},\"image\":{\"@id\":\"https:\\\/\\\/www.cope.es\\\/blogs\\\/cine-y-libertad\\\/2022\\\/12\\\/09\\\/el-viaje-a-paris-de-la-senora-harris-la-bondad-se-hizo-persona\\\/#primaryimage\"},\"thumbnailUrl\":\"https:\\\/\\\/www.cope.es\\\/blogs\\\/cine-y-libertad\\\/wp-content\\\/uploads\\\/sites\\\/7\\\/2022\\\/12\\\/el-viaje-de-la-senora-harris.jpg\",\"datePublished\":\"2022-12-09T10:30:11+00:00\",\"dateModified\":\"2022-12-09T10:35:09+00:00\",\"author\":{\"@id\":\"https:\\\/\\\/www.cope.es\\\/blogs\\\/cine-y-libertad\\\/#\\\/schema\\\/person\\\/c95904a4fbf751a8d9124f8fa8bdaace\"},\"description\":\"El viaje a Par\u00eds de la se\u00f1ora Harris-La bondad se hizo persona. \u00bfQu\u00e9 ocurre cuando se cruzan en nuestra vida buensas personas?\",\"breadcrumb\":{\"@id\":\"https:\\\/\\\/www.cope.es\\\/blogs\\\/cine-y-libertad\\\/2022\\\/12\\\/09\\\/el-viaje-a-paris-de-la-senora-harris-la-bondad-se-hizo-persona\\\/#breadcrumb\"},\"inLanguage\":\"es\",\"potentialAction\":[{\"@type\":\"ReadAction\",\"target\":[\"https:\\\/\\\/www.cope.es\\\/blogs\\\/cine-y-libertad\\\/2022\\\/12\\\/09\\\/el-viaje-a-paris-de-la-senora-harris-la-bondad-se-hizo-persona\\\/\"]}]},{\"@type\":\"ImageObject\",\"inLanguage\":\"es\",\"@id\":\"https:\\\/\\\/www.cope.es\\\/blogs\\\/cine-y-libertad\\\/2022\\\/12\\\/09\\\/el-viaje-a-paris-de-la-senora-harris-la-bondad-se-hizo-persona\\\/#primaryimage\",\"url\":\"https:\\\/\\\/www.cope.es\\\/blogs\\\/cine-y-libertad\\\/wp-content\\\/uploads\\\/sites\\\/7\\\/2022\\\/12\\\/el-viaje-de-la-senora-harris.jpg\",\"contentUrl\":\"https:\\\/\\\/www.cope.es\\\/blogs\\\/cine-y-libertad\\\/wp-content\\\/uploads\\\/sites\\\/7\\\/2022\\\/12\\\/el-viaje-de-la-senora-harris.jpg\",\"width\":185,\"height\":272},{\"@type\":\"BreadcrumbList\",\"@id\":\"https:\\\/\\\/www.cope.es\\\/blogs\\\/cine-y-libertad\\\/2022\\\/12\\\/09\\\/el-viaje-a-paris-de-la-senora-harris-la-bondad-se-hizo-persona\\\/#breadcrumb\",\"itemListElement\":[{\"@type\":\"ListItem\",\"position\":1,\"name\":\"Portada\",\"item\":\"https:\\\/\\\/www.cope.es\\\/blogs\\\/cine-y-libertad\\\/\"},{\"@type\":\"ListItem\",\"position\":2,\"name\":\"El viaje a Par\u00eds de la se\u00f1ora Harris-La bondad se hizo persona\"}]},{\"@type\":\"WebSite\",\"@id\":\"https:\\\/\\\/www.cope.es\\\/blogs\\\/cine-y-libertad\\\/#website\",\"url\":\"https:\\\/\\\/www.cope.es\\\/blogs\\\/cine-y-libertad\\\/\",\"name\":\"Cine y Libertad\",\"description\":\"Cine y Libertad un blog de COPE\",\"potentialAction\":[{\"@type\":\"SearchAction\",\"target\":{\"@type\":\"EntryPoint\",\"urlTemplate\":\"https:\\\/\\\/www.cope.es\\\/blogs\\\/cine-y-libertad\\\/?s={search_term_string}\"},\"query-input\":{\"@type\":\"PropertyValueSpecification\",\"valueRequired\":true,\"valueName\":\"search_term_string\"}}],\"inLanguage\":\"es\"},{\"@type\":\"Person\",\"@id\":\"https:\\\/\\\/www.cope.es\\\/blogs\\\/cine-y-libertad\\\/#\\\/schema\\\/person\\\/c95904a4fbf751a8d9124f8fa8bdaace\",\"name\":\"V\u00edctor Alvarado\",\"image\":{\"@type\":\"ImageObject\",\"inLanguage\":\"es\",\"@id\":\"https:\\\/\\\/secure.gravatar.com\\\/avatar\\\/db4634ae2001f7f920b8294d926f3e737ada04196e014ebacae29a4848f905f4?s=96&d=mm&r=g\",\"url\":\"https:\\\/\\\/secure.gravatar.com\\\/avatar\\\/db4634ae2001f7f920b8294d926f3e737ada04196e014ebacae29a4848f905f4?s=96&d=mm&r=g\",\"contentUrl\":\"https:\\\/\\\/secure.gravatar.com\\\/avatar\\\/db4634ae2001f7f920b8294d926f3e737ada04196e014ebacae29a4848f905f4?s=96&d=mm&r=g\",\"caption\":\"V\u00edctor Alvarado\"},\"description\":\"V\u00edctor Alvarado tiene una larga experiencia tanto en medios de comunicaci\u00f3n como en educaci\u00f3n. Dirige el programa de radio, Directo a las Estrellas, en Intereconom\u00eda (Castilla y Le\u00f3n) y Informa Radio en toda Espa\u00f1a. Ha colaborado en Radio Inter y Esradio. Cr\u00edtico de cine en Pantalla 90, Diario Ya y P\u00e1ginas Digital. Es miembro del CEC. Es el autor de libro: La fe, la \u00e9tica y los valores de los superh\u00e9roes (PPC). Esta es su web: www.cineylibertad.com y, por supuesto, lleva m\u00e1s de 5 a\u00f1os como bloguero de Cope, donde analiza el cine, los c\u00f3mics y los libros desde una \u00f3ptica antropol\u00f3gica y axiol\u00f3gica, atendiendo a todas las dimensiones del ser humano.\",\"sameAs\":[\"http:\\\/\\\/www.cineylibertad.com\",\"https:\\\/\\\/www.facebook.com\\\/victor.alvarado.56829446\",\"https:\\\/\\\/www.instagram.com\\\/cineylibertad\\\/\",\"https:\\\/\\\/x.com\\\/cineylibertad\"],\"url\":\"https:\\\/\\\/www.cope.es\\\/blogs\\\/cine-y-libertad\\\/author\\\/valvarado\\\/\"}]}<\/script>\n<!-- \/ Yoast SEO plugin. -->","yoast_head_json":{"title":"El viaje a Par\u00eds de la se\u00f1ora Harris-La bondad se hizo persona","description":"El viaje a Par\u00eds de la se\u00f1ora Harris-La bondad se hizo persona. \u00bfQu\u00e9 ocurre cuando se cruzan en nuestra vida buensas personas?","robots":{"index":"index","follow":"follow","max-snippet":"max-snippet:-1","max-image-preview":"max-image-preview:large","max-video-preview":"max-video-preview:-1"},"canonical":"https:\/\/www.cope.es\/blogs\/cine-y-libertad\/2022\/12\/09\/el-viaje-a-paris-de-la-senora-harris-la-bondad-se-hizo-persona\/","og_locale":"es_ES","og_type":"article","og_title":"El viaje a Par\u00eds de la se\u00f1ora Harris-La bondad se hizo persona","og_description":"El viaje a Par\u00eds de la se\u00f1ora Harris-La bondad se hizo persona. \u00bfQu\u00e9 ocurre cuando se cruzan en nuestra vida buensas personas?","og_url":"https:\/\/www.cope.es\/blogs\/cine-y-libertad\/2022\/12\/09\/el-viaje-a-paris-de-la-senora-harris-la-bondad-se-hizo-persona\/","og_site_name":"Cine y Libertad","article_publisher":"https:\/\/www.facebook.com\/cope\/","article_author":"https:\/\/www.facebook.com\/victor.alvarado.56829446","article_published_time":"2022-12-09T10:30:11+00:00","article_modified_time":"2022-12-09T10:35:09+00:00","og_image":[{"width":185,"height":272,"url":"https:\/\/www.cope.es\/blogs\/cine-y-libertad\/wp-content\/uploads\/sites\/7\/2022\/12\/el-viaje-de-la-senora-harris.jpg","type":"image\/jpeg"}],"author":"V\u00edctor Alvarado","twitter_card":"summary_large_image","twitter_creator":"@cineylibertad","twitter_site":"@cope_es","twitter_misc":{"Escrito por":"V\u00edctor Alvarado","Tiempo de lectura":"2 minutos"},"schema":{"@context":"https:\/\/schema.org","@graph":[{"@type":"Article","@id":"https:\/\/www.cope.es\/blogs\/cine-y-libertad\/2022\/12\/09\/el-viaje-a-paris-de-la-senora-harris-la-bondad-se-hizo-persona\/#article","isPartOf":{"@id":"https:\/\/www.cope.es\/blogs\/cine-y-libertad\/2022\/12\/09\/el-viaje-a-paris-de-la-senora-harris-la-bondad-se-hizo-persona\/"},"author":{"name":"V\u00edctor Alvarado","@id":"https:\/\/www.cope.es\/blogs\/cine-y-libertad\/#\/schema\/person\/c95904a4fbf751a8d9124f8fa8bdaace"},"headline":"El viaje a Par\u00eds de la se\u00f1ora Harris-La bondad se hizo persona","datePublished":"2022-12-09T10:30:11+00:00","dateModified":"2022-12-09T10:35:09+00:00","mainEntityOfPage":{"@id":"https:\/\/www.cope.es\/blogs\/cine-y-libertad\/2022\/12\/09\/el-viaje-a-paris-de-la-senora-harris-la-bondad-se-hizo-persona\/"},"wordCount":333,"commentCount":0,"image":{"@id":"https:\/\/www.cope.es\/blogs\/cine-y-libertad\/2022\/12\/09\/el-viaje-a-paris-de-la-senora-harris-la-bondad-se-hizo-persona\/#primaryimage"},"thumbnailUrl":"https:\/\/www.cope.es\/blogs\/cine-y-libertad\/wp-content\/uploads\/sites\/7\/2022\/12\/el-viaje-de-la-senora-harris.jpg","keywords":["Alba Baptista","Anna Chancellor","Anthony Fabian","cine brit\u00e1nico","El viaje a Par\u00eds de la se\u00f1ora Harris","Isabelle Huppert","Jason Isaacs","Lambert Wilson","Lesley Manville","Lucas Bravo","Rose Williams"],"articleSection":["cine","comedia dram\u00e1tica","familia","libros","mujeres"],"inLanguage":"es","potentialAction":[{"@type":"CommentAction","name":"Comment","target":["https:\/\/www.cope.es\/blogs\/cine-y-libertad\/2022\/12\/09\/el-viaje-a-paris-de-la-senora-harris-la-bondad-se-hizo-persona\/#respond"]}]},{"@type":"WebPage","@id":"https:\/\/www.cope.es\/blogs\/cine-y-libertad\/2022\/12\/09\/el-viaje-a-paris-de-la-senora-harris-la-bondad-se-hizo-persona\/","url":"https:\/\/www.cope.es\/blogs\/cine-y-libertad\/2022\/12\/09\/el-viaje-a-paris-de-la-senora-harris-la-bondad-se-hizo-persona\/","name":"El viaje a Par\u00eds de la se\u00f1ora Harris-La bondad se hizo persona","isPartOf":{"@id":"https:\/\/www.cope.es\/blogs\/cine-y-libertad\/#website"},"primaryImageOfPage":{"@id":"https:\/\/www.cope.es\/blogs\/cine-y-libertad\/2022\/12\/09\/el-viaje-a-paris-de-la-senora-harris-la-bondad-se-hizo-persona\/#primaryimage"},"image":{"@id":"https:\/\/www.cope.es\/blogs\/cine-y-libertad\/2022\/12\/09\/el-viaje-a-paris-de-la-senora-harris-la-bondad-se-hizo-persona\/#primaryimage"},"thumbnailUrl":"https:\/\/www.cope.es\/blogs\/cine-y-libertad\/wp-content\/uploads\/sites\/7\/2022\/12\/el-viaje-de-la-senora-harris.jpg","datePublished":"2022-12-09T10:30:11+00:00","dateModified":"2022-12-09T10:35:09+00:00","author":{"@id":"https:\/\/www.cope.es\/blogs\/cine-y-libertad\/#\/schema\/person\/c95904a4fbf751a8d9124f8fa8bdaace"},"description":"El viaje a Par\u00eds de la se\u00f1ora Harris-La bondad se hizo persona. \u00bfQu\u00e9 ocurre cuando se cruzan en nuestra vida buensas personas?","breadcrumb":{"@id":"https:\/\/www.cope.es\/blogs\/cine-y-libertad\/2022\/12\/09\/el-viaje-a-paris-de-la-senora-harris-la-bondad-se-hizo-persona\/#breadcrumb"},"inLanguage":"es","potentialAction":[{"@type":"ReadAction","target":["https:\/\/www.cope.es\/blogs\/cine-y-libertad\/2022\/12\/09\/el-viaje-a-paris-de-la-senora-harris-la-bondad-se-hizo-persona\/"]}]},{"@type":"ImageObject","inLanguage":"es","@id":"https:\/\/www.cope.es\/blogs\/cine-y-libertad\/2022\/12\/09\/el-viaje-a-paris-de-la-senora-harris-la-bondad-se-hizo-persona\/#primaryimage","url":"https:\/\/www.cope.es\/blogs\/cine-y-libertad\/wp-content\/uploads\/sites\/7\/2022\/12\/el-viaje-de-la-senora-harris.jpg","contentUrl":"https:\/\/www.cope.es\/blogs\/cine-y-libertad\/wp-content\/uploads\/sites\/7\/2022\/12\/el-viaje-de-la-senora-harris.jpg","width":185,"height":272},{"@type":"BreadcrumbList","@id":"https:\/\/www.cope.es\/blogs\/cine-y-libertad\/2022\/12\/09\/el-viaje-a-paris-de-la-senora-harris-la-bondad-se-hizo-persona\/#breadcrumb","itemListElement":[{"@type":"ListItem","position":1,"name":"Portada","item":"https:\/\/www.cope.es\/blogs\/cine-y-libertad\/"},{"@type":"ListItem","position":2,"name":"El viaje a Par\u00eds de la se\u00f1ora Harris-La bondad se hizo persona"}]},{"@type":"WebSite","@id":"https:\/\/www.cope.es\/blogs\/cine-y-libertad\/#website","url":"https:\/\/www.cope.es\/blogs\/cine-y-libertad\/","name":"Cine y Libertad","description":"Cine y Libertad un blog de COPE","potentialAction":[{"@type":"SearchAction","target":{"@type":"EntryPoint","urlTemplate":"https:\/\/www.cope.es\/blogs\/cine-y-libertad\/?s={search_term_string}"},"query-input":{"@type":"PropertyValueSpecification","valueRequired":true,"valueName":"search_term_string"}}],"inLanguage":"es"},{"@type":"Person","@id":"https:\/\/www.cope.es\/blogs\/cine-y-libertad\/#\/schema\/person\/c95904a4fbf751a8d9124f8fa8bdaace","name":"V\u00edctor Alvarado","image":{"@type":"ImageObject","inLanguage":"es","@id":"https:\/\/secure.gravatar.com\/avatar\/db4634ae2001f7f920b8294d926f3e737ada04196e014ebacae29a4848f905f4?s=96&d=mm&r=g","url":"https:\/\/secure.gravatar.com\/avatar\/db4634ae2001f7f920b8294d926f3e737ada04196e014ebacae29a4848f905f4?s=96&d=mm&r=g","contentUrl":"https:\/\/secure.gravatar.com\/avatar\/db4634ae2001f7f920b8294d926f3e737ada04196e014ebacae29a4848f905f4?s=96&d=mm&r=g","caption":"V\u00edctor Alvarado"},"description":"V\u00edctor Alvarado tiene una larga experiencia tanto en medios de comunicaci\u00f3n como en educaci\u00f3n. Dirige el programa de radio, Directo a las Estrellas, en Intereconom\u00eda (Castilla y Le\u00f3n) y Informa Radio en toda Espa\u00f1a. Ha colaborado en Radio Inter y Esradio. Cr\u00edtico de cine en Pantalla 90, Diario Ya y P\u00e1ginas Digital. Es miembro del CEC. Es el autor de libro: La fe, la \u00e9tica y los valores de los superh\u00e9roes (PPC). Esta es su web: www.cineylibertad.com y, por supuesto, lleva m\u00e1s de 5 a\u00f1os como bloguero de Cope, donde analiza el cine, los c\u00f3mics y los libros desde una \u00f3ptica antropol\u00f3gica y axiol\u00f3gica, atendiendo a todas las dimensiones del ser humano.","sameAs":["http:\/\/www.cineylibertad.com","https:\/\/www.facebook.com\/victor.alvarado.56829446","https:\/\/www.instagram.com\/cineylibertad\/","https:\/\/x.com\/cineylibertad"],"url":"https:\/\/www.cope.es\/blogs\/cine-y-libertad\/author\/valvarado\/"}]}},"amp_enabled":true,"_links":{"self":[{"href":"https:\/\/www.cope.es\/blogs\/cine-y-libertad\/wp-json\/wp\/v2\/posts\/4892","targetHints":{"allow":["GET"]}}],"collection":[{"href":"https:\/\/www.cope.es\/blogs\/cine-y-libertad\/wp-json\/wp\/v2\/posts"}],"about":[{"href":"https:\/\/www.cope.es\/blogs\/cine-y-libertad\/wp-json\/wp\/v2\/types\/post"}],"author":[{"embeddable":true,"href":"https:\/\/www.cope.es\/blogs\/cine-y-libertad\/wp-json\/wp\/v2\/users\/7"}],"replies":[{"embeddable":true,"href":"https:\/\/www.cope.es\/blogs\/cine-y-libertad\/wp-json\/wp\/v2\/comments?post=4892"}],"version-history":[{"count":2,"href":"https:\/\/www.cope.es\/blogs\/cine-y-libertad\/wp-json\/wp\/v2\/posts\/4892\/revisions"}],"predecessor-version":[{"id":4899,"href":"https:\/\/www.cope.es\/blogs\/cine-y-libertad\/wp-json\/wp\/v2\/posts\/4892\/revisions\/4899"}],"wp:featuredmedia":[{"embeddable":true,"href":"https:\/\/www.cope.es\/blogs\/cine-y-libertad\/wp-json\/wp\/v2\/media\/4893"}],"wp:attachment":[{"href":"https:\/\/www.cope.es\/blogs\/cine-y-libertad\/wp-json\/wp\/v2\/media?parent=4892"}],"wp:term":[{"taxonomy":"category","embeddable":true,"href":"https:\/\/www.cope.es\/blogs\/cine-y-libertad\/wp-json\/wp\/v2\/categories?post=4892"},{"taxonomy":"post_tag","embeddable":true,"href":"https:\/\/www.cope.es\/blogs\/cine-y-libertad\/wp-json\/wp\/v2\/tags?post=4892"}],"curies":[{"name":"wp","href":"https:\/\/api.w.org\/{rel}","templated":true}]}}