{"id":4479,"date":"2022-09-16T13:08:39","date_gmt":"2022-09-16T11:08:39","guid":{"rendered":"http:\/\/www.cope.es\/blogs\/cine-y-libertad\/?p=4479"},"modified":"2022-09-16T13:08:39","modified_gmt":"2022-09-16T11:08:39","slug":"lourdes-version-extendida-la-vivencia-de-la-fe-de-todo-tipo-de-personas-y-formas-de-entender-la-vida","status":"publish","type":"post","link":"https:\/\/www.cope.es\/blogs\/cine-y-libertad\/2022\/09\/16\/lourdes-version-extendida-la-vivencia-de-la-fe-de-todo-tipo-de-personas-y-formas-de-entender-la-vida\/","title":{"rendered":"Lourdes (versi\u00f3n extendida)-La vivencia de la fe de todo tipo de personas y formas de entender la vida"},"content":{"rendered":"<div id=\"scroll-programa\" class=\"tiny-scrollbar\">\n<div class=\"viewport viewport-md\">\n<div class=\"overview\">\n<p><a href=\"https:\/\/www.ivoox.com\/lourdes-version-extendida-la-vivencia-fe-de-audios-mp3_rf_92473949_1.html\">Lourdes (versi\u00f3n extendida)-La vivencia de la fe de todo tipo de personas y formas de entender la vida.<\/a> \u00bfC\u00f3mo la Virgen Mar\u00eda transforma a las personas?<\/p>\n<p>Aqu\u00ed se puede escuchar mi comentario&#8230;<\/p>\n<p><img loading=\"lazy\" decoding=\"async\" width=\"301\" height=\"167\" class=\"alignnone size-full wp-image-4486\" src=\"http:\/\/www.cope.es\/blogs\/cine-y-libertad\/wp-content\/uploads\/sites\/7\/2022\/09\/lourdes.jpeg\" alt=\"\" \/><\/p>\n<audio class=\"wp-audio-shortcode\" id=\"audio-4479-1\" preload=\"none\" style=\"width: 100%;\" controls=\"controls\"><source type=\"audio\/mpeg\" src=\"https:\/\/www.ivoox.com\/lourdes-version-extendida-la-vivencia-fe-de_md_92473949_wp_1.mp3?_=1\" \/><a href=\"https:\/\/www.ivoox.com\/lourdes-version-extendida-la-vivencia-fe-de_md_92473949_wp_1.mp3\">https:\/\/www.ivoox.com\/lourdes-version-extendida-la-vivencia-fe-de_md_92473949_wp_1.mp3<\/a><\/audio>\n<p><a title=\"Lourdes (versi\u00f3n extendida)-La vivencia de la fe de todo tipo de personas y formas de entender la vida\" href=\"https:\/\/go.ivoox.com\/rf\/92473949\">Ir a descargar<\/a><br \/>\n\u00a1Lectores y amigos de Cine y Libertad!<\/p>\n<p><strong>Sinopsis oficial del documental, titulado Lourdes, que se estrena el 16 de septiembre<\/strong>:<\/p>\n<\/div>\n<\/div>\n<\/div>\n<p>La gruta de Lourdes es tocada por decenas de millones de personas que han dejado impregnada la huella de sus sue\u00f1os, de sus esperanzas y de sus penas.<\/p>\n<p>A Lourdes llegan los fr\u00e1giles, los pobres. Este templo es un refugio para los peregrinos que se desnudan, en el sentido literal de la palabra, cuando se meten en las piscinas cuyas aguas son consideradas por muchos de ellos como milagrosas.<\/p>\n<p><img loading=\"lazy\" decoding=\"async\" width=\"275\" height=\"183\" class=\"alignnone size-full wp-image-4455\" src=\"http:\/\/www.cope.es\/blogs\/cine-y-libertad\/wp-content\/uploads\/sites\/7\/2022\/09\/lourdes1.jpg\" alt=\"\" \/><\/p>\n<p>Facebook: <a href=\"https:\/\/www.facebook.com\/victor.alvarado.56829446\" target=\"_blank\">https:\/\/www.facebook.com\/victor.alvarado.56829446<\/a><\/p>\n<p>Twitter:<span class=\"r-18u37iz\"><a class=\"css-4rbku5 css-18t94o4 css-901oao css-16my406 r-1n1174f r-1loqt21 r-poiln3 r-bcqeeo r-qvutc0\" href=\"https:\/\/twitter.com\/cineylibertad\">@cineylibertad<\/a><\/span><\/p>\n","protected":false},"excerpt":{"rendered":"<p>Lourdes (versi\u00f3n extendida)-La vivencia de la fe de todo tipo de personas y formas de entender la vida. \u00bfC\u00f3mo la Virgen Mar\u00eda transforma a las personas? Aqu\u00ed se puede escuchar mi comentario&#8230; Ir a descargar \u00a1Lectores y amigos de Cine y Libertad! Sinopsis oficial del documental, titulado Lourdes, que se estrena el 16 de septiembre: [&hellip;]<\/p>\n","protected":false},"author":7,"featured_media":4486,"comment_status":"open","ping_status":"open","sticky":false,"template":"","format":"standard","meta":{"footnotes":""},"categories":[443,12,226,171],"tags":[464,510,227,867,518],"class_list":["post-4479","post","type-post","status-publish","format-standard","has-post-thumbnail","hentry","category-cine-religioso","category-cristianismo","category-documental","category-espiritualidad","tag-cine-religioso","tag-cristianismo","tag-documental","tag-lourdes","tag-virgen-maria"],"yoast_head":"<!-- This site is optimized with the Yoast SEO plugin v27.4 - https:\/\/yoast.com\/product\/yoast-seo-wordpress\/ -->\n<title>Lourdes (versi\u00f3n extendida)-La vivencia de la fe de todo tipo de personas y formas de entender la vida<\/title>\n<meta name=\"description\" content=\"Lourdes (versi\u00f3n extendida)-La vivencia de la fe de todo tipo de personas y formas de entender la vida. \u00bfC\u00f3mo la Virgen Mar\u00eda transforma a las personas?\" \/>\n<meta name=\"robots\" content=\"index, follow, max-snippet:-1, max-image-preview:large, max-video-preview:-1\" \/>\n<link rel=\"canonical\" href=\"https:\/\/www.cope.es\/blogs\/cine-y-libertad\/2022\/09\/16\/lourdes-version-extendida-la-vivencia-de-la-fe-de-todo-tipo-de-personas-y-formas-de-entender-la-vida\/\" \/>\n<meta property=\"og:locale\" content=\"es_ES\" \/>\n<meta property=\"og:type\" content=\"article\" \/>\n<meta property=\"og:title\" content=\"Lourdes (versi\u00f3n extendida)-La vivencia de la fe de todo tipo de personas y formas de entender la vida\" \/>\n<meta property=\"og:description\" content=\"Lourdes (versi\u00f3n extendida)-La vivencia de la fe de todo tipo de personas y formas de entender la vida. \u00bfC\u00f3mo la Virgen Mar\u00eda transforma a las personas?\" \/>\n<meta property=\"og:url\" content=\"https:\/\/www.cope.es\/blogs\/cine-y-libertad\/2022\/09\/16\/lourdes-version-extendida-la-vivencia-de-la-fe-de-todo-tipo-de-personas-y-formas-de-entender-la-vida\/\" \/>\n<meta property=\"og:site_name\" content=\"Cine y Libertad\" \/>\n<meta property=\"article:publisher\" content=\"https:\/\/www.facebook.com\/cope\/\" \/>\n<meta property=\"article:author\" content=\"https:\/\/www.facebook.com\/victor.alvarado.56829446\" \/>\n<meta property=\"article:published_time\" content=\"2022-09-16T11:08:39+00:00\" \/>\n<meta property=\"og:image\" content=\"https:\/\/www.cope.es\/blogs\/cine-y-libertad\/wp-content\/uploads\/sites\/7\/2022\/09\/lourdes.jpeg\" \/>\n\t<meta property=\"og:image:width\" content=\"301\" \/>\n\t<meta property=\"og:image:height\" content=\"167\" \/>\n\t<meta property=\"og:image:type\" content=\"image\/jpeg\" \/>\n<meta name=\"author\" content=\"V\u00edctor Alvarado\" \/>\n<meta name=\"twitter:card\" content=\"summary_large_image\" \/>\n<meta name=\"twitter:creator\" content=\"@cineylibertad\" \/>\n<meta name=\"twitter:site\" content=\"@cope_es\" \/>\n<meta name=\"twitter:label1\" content=\"Escrito por\" \/>\n\t<meta name=\"twitter:data1\" content=\"V\u00edctor Alvarado\" \/>\n\t<meta name=\"twitter:label2\" content=\"Tiempo de lectura\" \/>\n\t<meta name=\"twitter:data2\" content=\"1 minuto\" \/>\n<script type=\"application\/ld+json\" class=\"yoast-schema-graph\">{\"@context\":\"https:\\\/\\\/schema.org\",\"@graph\":[{\"@type\":\"Article\",\"@id\":\"https:\\\/\\\/www.cope.es\\\/blogs\\\/cine-y-libertad\\\/2022\\\/09\\\/16\\\/lourdes-version-extendida-la-vivencia-de-la-fe-de-todo-tipo-de-personas-y-formas-de-entender-la-vida\\\/#article\",\"isPartOf\":{\"@id\":\"https:\\\/\\\/www.cope.es\\\/blogs\\\/cine-y-libertad\\\/2022\\\/09\\\/16\\\/lourdes-version-extendida-la-vivencia-de-la-fe-de-todo-tipo-de-personas-y-formas-de-entender-la-vida\\\/\"},\"author\":{\"name\":\"V\u00edctor Alvarado\",\"@id\":\"https:\\\/\\\/www.cope.es\\\/blogs\\\/cine-y-libertad\\\/#\\\/schema\\\/person\\\/c95904a4fbf751a8d9124f8fa8bdaace\"},\"headline\":\"Lourdes (versi\u00f3n extendida)-La vivencia de la fe de todo tipo de personas y formas de entender la vida\",\"datePublished\":\"2022-09-16T11:08:39+00:00\",\"mainEntityOfPage\":{\"@id\":\"https:\\\/\\\/www.cope.es\\\/blogs\\\/cine-y-libertad\\\/2022\\\/09\\\/16\\\/lourdes-version-extendida-la-vivencia-de-la-fe-de-todo-tipo-de-personas-y-formas-de-entender-la-vida\\\/\"},\"wordCount\":168,\"commentCount\":0,\"image\":{\"@id\":\"https:\\\/\\\/www.cope.es\\\/blogs\\\/cine-y-libertad\\\/2022\\\/09\\\/16\\\/lourdes-version-extendida-la-vivencia-de-la-fe-de-todo-tipo-de-personas-y-formas-de-entender-la-vida\\\/#primaryimage\"},\"thumbnailUrl\":\"https:\\\/\\\/www.cope.es\\\/blogs\\\/cine-y-libertad\\\/wp-content\\\/uploads\\\/sites\\\/7\\\/2022\\\/09\\\/lourdes.jpeg\",\"keywords\":[\"cine religioso\",\"cristianismo\",\"documental\",\"Lourdes\",\"Virgen Mar\u00eda\"],\"articleSection\":[\"cine religioso\",\"cristianismo\",\"documental\",\"espiritualidad\"],\"inLanguage\":\"es\",\"potentialAction\":[{\"@type\":\"CommentAction\",\"name\":\"Comment\",\"target\":[\"https:\\\/\\\/www.cope.es\\\/blogs\\\/cine-y-libertad\\\/2022\\\/09\\\/16\\\/lourdes-version-extendida-la-vivencia-de-la-fe-de-todo-tipo-de-personas-y-formas-de-entender-la-vida\\\/#respond\"]}]},{\"@type\":\"WebPage\",\"@id\":\"https:\\\/\\\/www.cope.es\\\/blogs\\\/cine-y-libertad\\\/2022\\\/09\\\/16\\\/lourdes-version-extendida-la-vivencia-de-la-fe-de-todo-tipo-de-personas-y-formas-de-entender-la-vida\\\/\",\"url\":\"https:\\\/\\\/www.cope.es\\\/blogs\\\/cine-y-libertad\\\/2022\\\/09\\\/16\\\/lourdes-version-extendida-la-vivencia-de-la-fe-de-todo-tipo-de-personas-y-formas-de-entender-la-vida\\\/\",\"name\":\"Lourdes (versi\u00f3n extendida)-La vivencia de la fe de todo tipo de personas y formas de entender la vida\",\"isPartOf\":{\"@id\":\"https:\\\/\\\/www.cope.es\\\/blogs\\\/cine-y-libertad\\\/#website\"},\"primaryImageOfPage\":{\"@id\":\"https:\\\/\\\/www.cope.es\\\/blogs\\\/cine-y-libertad\\\/2022\\\/09\\\/16\\\/lourdes-version-extendida-la-vivencia-de-la-fe-de-todo-tipo-de-personas-y-formas-de-entender-la-vida\\\/#primaryimage\"},\"image\":{\"@id\":\"https:\\\/\\\/www.cope.es\\\/blogs\\\/cine-y-libertad\\\/2022\\\/09\\\/16\\\/lourdes-version-extendida-la-vivencia-de-la-fe-de-todo-tipo-de-personas-y-formas-de-entender-la-vida\\\/#primaryimage\"},\"thumbnailUrl\":\"https:\\\/\\\/www.cope.es\\\/blogs\\\/cine-y-libertad\\\/wp-content\\\/uploads\\\/sites\\\/7\\\/2022\\\/09\\\/lourdes.jpeg\",\"datePublished\":\"2022-09-16T11:08:39+00:00\",\"author\":{\"@id\":\"https:\\\/\\\/www.cope.es\\\/blogs\\\/cine-y-libertad\\\/#\\\/schema\\\/person\\\/c95904a4fbf751a8d9124f8fa8bdaace\"},\"description\":\"Lourdes (versi\u00f3n extendida)-La vivencia de la fe de todo tipo de personas y formas de entender la vida. \u00bfC\u00f3mo la Virgen Mar\u00eda transforma a las personas?\",\"breadcrumb\":{\"@id\":\"https:\\\/\\\/www.cope.es\\\/blogs\\\/cine-y-libertad\\\/2022\\\/09\\\/16\\\/lourdes-version-extendida-la-vivencia-de-la-fe-de-todo-tipo-de-personas-y-formas-de-entender-la-vida\\\/#breadcrumb\"},\"inLanguage\":\"es\",\"potentialAction\":[{\"@type\":\"ReadAction\",\"target\":[\"https:\\\/\\\/www.cope.es\\\/blogs\\\/cine-y-libertad\\\/2022\\\/09\\\/16\\\/lourdes-version-extendida-la-vivencia-de-la-fe-de-todo-tipo-de-personas-y-formas-de-entender-la-vida\\\/\"]}]},{\"@type\":\"ImageObject\",\"inLanguage\":\"es\",\"@id\":\"https:\\\/\\\/www.cope.es\\\/blogs\\\/cine-y-libertad\\\/2022\\\/09\\\/16\\\/lourdes-version-extendida-la-vivencia-de-la-fe-de-todo-tipo-de-personas-y-formas-de-entender-la-vida\\\/#primaryimage\",\"url\":\"https:\\\/\\\/www.cope.es\\\/blogs\\\/cine-y-libertad\\\/wp-content\\\/uploads\\\/sites\\\/7\\\/2022\\\/09\\\/lourdes.jpeg\",\"contentUrl\":\"https:\\\/\\\/www.cope.es\\\/blogs\\\/cine-y-libertad\\\/wp-content\\\/uploads\\\/sites\\\/7\\\/2022\\\/09\\\/lourdes.jpeg\",\"width\":301,\"height\":167},{\"@type\":\"BreadcrumbList\",\"@id\":\"https:\\\/\\\/www.cope.es\\\/blogs\\\/cine-y-libertad\\\/2022\\\/09\\\/16\\\/lourdes-version-extendida-la-vivencia-de-la-fe-de-todo-tipo-de-personas-y-formas-de-entender-la-vida\\\/#breadcrumb\",\"itemListElement\":[{\"@type\":\"ListItem\",\"position\":1,\"name\":\"Portada\",\"item\":\"https:\\\/\\\/www.cope.es\\\/blogs\\\/cine-y-libertad\\\/\"},{\"@type\":\"ListItem\",\"position\":2,\"name\":\"Lourdes (versi\u00f3n extendida)-La vivencia de la fe de todo tipo de personas y formas de entender la vida\"}]},{\"@type\":\"WebSite\",\"@id\":\"https:\\\/\\\/www.cope.es\\\/blogs\\\/cine-y-libertad\\\/#website\",\"url\":\"https:\\\/\\\/www.cope.es\\\/blogs\\\/cine-y-libertad\\\/\",\"name\":\"Cine y Libertad\",\"description\":\"Cine y Libertad un blog de COPE\",\"potentialAction\":[{\"@type\":\"SearchAction\",\"target\":{\"@type\":\"EntryPoint\",\"urlTemplate\":\"https:\\\/\\\/www.cope.es\\\/blogs\\\/cine-y-libertad\\\/?s={search_term_string}\"},\"query-input\":{\"@type\":\"PropertyValueSpecification\",\"valueRequired\":true,\"valueName\":\"search_term_string\"}}],\"inLanguage\":\"es\"},{\"@type\":\"Person\",\"@id\":\"https:\\\/\\\/www.cope.es\\\/blogs\\\/cine-y-libertad\\\/#\\\/schema\\\/person\\\/c95904a4fbf751a8d9124f8fa8bdaace\",\"name\":\"V\u00edctor Alvarado\",\"image\":{\"@type\":\"ImageObject\",\"inLanguage\":\"es\",\"@id\":\"https:\\\/\\\/secure.gravatar.com\\\/avatar\\\/db4634ae2001f7f920b8294d926f3e737ada04196e014ebacae29a4848f905f4?s=96&d=mm&r=g\",\"url\":\"https:\\\/\\\/secure.gravatar.com\\\/avatar\\\/db4634ae2001f7f920b8294d926f3e737ada04196e014ebacae29a4848f905f4?s=96&d=mm&r=g\",\"contentUrl\":\"https:\\\/\\\/secure.gravatar.com\\\/avatar\\\/db4634ae2001f7f920b8294d926f3e737ada04196e014ebacae29a4848f905f4?s=96&d=mm&r=g\",\"caption\":\"V\u00edctor Alvarado\"},\"description\":\"V\u00edctor Alvarado tiene una larga experiencia tanto en medios de comunicaci\u00f3n como en educaci\u00f3n. Dirige el programa de radio, Directo a las Estrellas, en Intereconom\u00eda (Castilla y Le\u00f3n) y Informa Radio en toda Espa\u00f1a. Ha colaborado en Radio Inter y Esradio. Cr\u00edtico de cine en Pantalla 90, Diario Ya y P\u00e1ginas Digital. Es miembro del CEC. Es el autor de libro: La fe, la \u00e9tica y los valores de los superh\u00e9roes (PPC). Esta es su web: www.cineylibertad.com y, por supuesto, lleva m\u00e1s de 5 a\u00f1os como bloguero de Cope, donde analiza el cine, los c\u00f3mics y los libros desde una \u00f3ptica antropol\u00f3gica y axiol\u00f3gica, atendiendo a todas las dimensiones del ser humano.\",\"sameAs\":[\"http:\\\/\\\/www.cineylibertad.com\",\"https:\\\/\\\/www.facebook.com\\\/victor.alvarado.56829446\",\"https:\\\/\\\/www.instagram.com\\\/cineylibertad\\\/\",\"https:\\\/\\\/x.com\\\/cineylibertad\"],\"url\":\"https:\\\/\\\/www.cope.es\\\/blogs\\\/cine-y-libertad\\\/author\\\/valvarado\\\/\"}]}<\/script>\n<!-- \/ Yoast SEO plugin. -->","yoast_head_json":{"title":"Lourdes (versi\u00f3n extendida)-La vivencia de la fe de todo tipo de personas y formas de entender la vida","description":"Lourdes (versi\u00f3n extendida)-La vivencia de la fe de todo tipo de personas y formas de entender la vida. \u00bfC\u00f3mo la Virgen Mar\u00eda transforma a las personas?","robots":{"index":"index","follow":"follow","max-snippet":"max-snippet:-1","max-image-preview":"max-image-preview:large","max-video-preview":"max-video-preview:-1"},"canonical":"https:\/\/www.cope.es\/blogs\/cine-y-libertad\/2022\/09\/16\/lourdes-version-extendida-la-vivencia-de-la-fe-de-todo-tipo-de-personas-y-formas-de-entender-la-vida\/","og_locale":"es_ES","og_type":"article","og_title":"Lourdes (versi\u00f3n extendida)-La vivencia de la fe de todo tipo de personas y formas de entender la vida","og_description":"Lourdes (versi\u00f3n extendida)-La vivencia de la fe de todo tipo de personas y formas de entender la vida. \u00bfC\u00f3mo la Virgen Mar\u00eda transforma a las personas?","og_url":"https:\/\/www.cope.es\/blogs\/cine-y-libertad\/2022\/09\/16\/lourdes-version-extendida-la-vivencia-de-la-fe-de-todo-tipo-de-personas-y-formas-de-entender-la-vida\/","og_site_name":"Cine y Libertad","article_publisher":"https:\/\/www.facebook.com\/cope\/","article_author":"https:\/\/www.facebook.com\/victor.alvarado.56829446","article_published_time":"2022-09-16T11:08:39+00:00","og_image":[{"width":301,"height":167,"url":"https:\/\/www.cope.es\/blogs\/cine-y-libertad\/wp-content\/uploads\/sites\/7\/2022\/09\/lourdes.jpeg","type":"image\/jpeg"}],"author":"V\u00edctor Alvarado","twitter_card":"summary_large_image","twitter_creator":"@cineylibertad","twitter_site":"@cope_es","twitter_misc":{"Escrito por":"V\u00edctor Alvarado","Tiempo de lectura":"1 minuto"},"schema":{"@context":"https:\/\/schema.org","@graph":[{"@type":"Article","@id":"https:\/\/www.cope.es\/blogs\/cine-y-libertad\/2022\/09\/16\/lourdes-version-extendida-la-vivencia-de-la-fe-de-todo-tipo-de-personas-y-formas-de-entender-la-vida\/#article","isPartOf":{"@id":"https:\/\/www.cope.es\/blogs\/cine-y-libertad\/2022\/09\/16\/lourdes-version-extendida-la-vivencia-de-la-fe-de-todo-tipo-de-personas-y-formas-de-entender-la-vida\/"},"author":{"name":"V\u00edctor Alvarado","@id":"https:\/\/www.cope.es\/blogs\/cine-y-libertad\/#\/schema\/person\/c95904a4fbf751a8d9124f8fa8bdaace"},"headline":"Lourdes (versi\u00f3n extendida)-La vivencia de la fe de todo tipo de personas y formas de entender la vida","datePublished":"2022-09-16T11:08:39+00:00","mainEntityOfPage":{"@id":"https:\/\/www.cope.es\/blogs\/cine-y-libertad\/2022\/09\/16\/lourdes-version-extendida-la-vivencia-de-la-fe-de-todo-tipo-de-personas-y-formas-de-entender-la-vida\/"},"wordCount":168,"commentCount":0,"image":{"@id":"https:\/\/www.cope.es\/blogs\/cine-y-libertad\/2022\/09\/16\/lourdes-version-extendida-la-vivencia-de-la-fe-de-todo-tipo-de-personas-y-formas-de-entender-la-vida\/#primaryimage"},"thumbnailUrl":"https:\/\/www.cope.es\/blogs\/cine-y-libertad\/wp-content\/uploads\/sites\/7\/2022\/09\/lourdes.jpeg","keywords":["cine religioso","cristianismo","documental","Lourdes","Virgen Mar\u00eda"],"articleSection":["cine religioso","cristianismo","documental","espiritualidad"],"inLanguage":"es","potentialAction":[{"@type":"CommentAction","name":"Comment","target":["https:\/\/www.cope.es\/blogs\/cine-y-libertad\/2022\/09\/16\/lourdes-version-extendida-la-vivencia-de-la-fe-de-todo-tipo-de-personas-y-formas-de-entender-la-vida\/#respond"]}]},{"@type":"WebPage","@id":"https:\/\/www.cope.es\/blogs\/cine-y-libertad\/2022\/09\/16\/lourdes-version-extendida-la-vivencia-de-la-fe-de-todo-tipo-de-personas-y-formas-de-entender-la-vida\/","url":"https:\/\/www.cope.es\/blogs\/cine-y-libertad\/2022\/09\/16\/lourdes-version-extendida-la-vivencia-de-la-fe-de-todo-tipo-de-personas-y-formas-de-entender-la-vida\/","name":"Lourdes (versi\u00f3n extendida)-La vivencia de la fe de todo tipo de personas y formas de entender la vida","isPartOf":{"@id":"https:\/\/www.cope.es\/blogs\/cine-y-libertad\/#website"},"primaryImageOfPage":{"@id":"https:\/\/www.cope.es\/blogs\/cine-y-libertad\/2022\/09\/16\/lourdes-version-extendida-la-vivencia-de-la-fe-de-todo-tipo-de-personas-y-formas-de-entender-la-vida\/#primaryimage"},"image":{"@id":"https:\/\/www.cope.es\/blogs\/cine-y-libertad\/2022\/09\/16\/lourdes-version-extendida-la-vivencia-de-la-fe-de-todo-tipo-de-personas-y-formas-de-entender-la-vida\/#primaryimage"},"thumbnailUrl":"https:\/\/www.cope.es\/blogs\/cine-y-libertad\/wp-content\/uploads\/sites\/7\/2022\/09\/lourdes.jpeg","datePublished":"2022-09-16T11:08:39+00:00","author":{"@id":"https:\/\/www.cope.es\/blogs\/cine-y-libertad\/#\/schema\/person\/c95904a4fbf751a8d9124f8fa8bdaace"},"description":"Lourdes (versi\u00f3n extendida)-La vivencia de la fe de todo tipo de personas y formas de entender la vida. \u00bfC\u00f3mo la Virgen Mar\u00eda transforma a las personas?","breadcrumb":{"@id":"https:\/\/www.cope.es\/blogs\/cine-y-libertad\/2022\/09\/16\/lourdes-version-extendida-la-vivencia-de-la-fe-de-todo-tipo-de-personas-y-formas-de-entender-la-vida\/#breadcrumb"},"inLanguage":"es","potentialAction":[{"@type":"ReadAction","target":["https:\/\/www.cope.es\/blogs\/cine-y-libertad\/2022\/09\/16\/lourdes-version-extendida-la-vivencia-de-la-fe-de-todo-tipo-de-personas-y-formas-de-entender-la-vida\/"]}]},{"@type":"ImageObject","inLanguage":"es","@id":"https:\/\/www.cope.es\/blogs\/cine-y-libertad\/2022\/09\/16\/lourdes-version-extendida-la-vivencia-de-la-fe-de-todo-tipo-de-personas-y-formas-de-entender-la-vida\/#primaryimage","url":"https:\/\/www.cope.es\/blogs\/cine-y-libertad\/wp-content\/uploads\/sites\/7\/2022\/09\/lourdes.jpeg","contentUrl":"https:\/\/www.cope.es\/blogs\/cine-y-libertad\/wp-content\/uploads\/sites\/7\/2022\/09\/lourdes.jpeg","width":301,"height":167},{"@type":"BreadcrumbList","@id":"https:\/\/www.cope.es\/blogs\/cine-y-libertad\/2022\/09\/16\/lourdes-version-extendida-la-vivencia-de-la-fe-de-todo-tipo-de-personas-y-formas-de-entender-la-vida\/#breadcrumb","itemListElement":[{"@type":"ListItem","position":1,"name":"Portada","item":"https:\/\/www.cope.es\/blogs\/cine-y-libertad\/"},{"@type":"ListItem","position":2,"name":"Lourdes (versi\u00f3n extendida)-La vivencia de la fe de todo tipo de personas y formas de entender la vida"}]},{"@type":"WebSite","@id":"https:\/\/www.cope.es\/blogs\/cine-y-libertad\/#website","url":"https:\/\/www.cope.es\/blogs\/cine-y-libertad\/","name":"Cine y Libertad","description":"Cine y Libertad un blog de COPE","potentialAction":[{"@type":"SearchAction","target":{"@type":"EntryPoint","urlTemplate":"https:\/\/www.cope.es\/blogs\/cine-y-libertad\/?s={search_term_string}"},"query-input":{"@type":"PropertyValueSpecification","valueRequired":true,"valueName":"search_term_string"}}],"inLanguage":"es"},{"@type":"Person","@id":"https:\/\/www.cope.es\/blogs\/cine-y-libertad\/#\/schema\/person\/c95904a4fbf751a8d9124f8fa8bdaace","name":"V\u00edctor Alvarado","image":{"@type":"ImageObject","inLanguage":"es","@id":"https:\/\/secure.gravatar.com\/avatar\/db4634ae2001f7f920b8294d926f3e737ada04196e014ebacae29a4848f905f4?s=96&d=mm&r=g","url":"https:\/\/secure.gravatar.com\/avatar\/db4634ae2001f7f920b8294d926f3e737ada04196e014ebacae29a4848f905f4?s=96&d=mm&r=g","contentUrl":"https:\/\/secure.gravatar.com\/avatar\/db4634ae2001f7f920b8294d926f3e737ada04196e014ebacae29a4848f905f4?s=96&d=mm&r=g","caption":"V\u00edctor Alvarado"},"description":"V\u00edctor Alvarado tiene una larga experiencia tanto en medios de comunicaci\u00f3n como en educaci\u00f3n. Dirige el programa de radio, Directo a las Estrellas, en Intereconom\u00eda (Castilla y Le\u00f3n) y Informa Radio en toda Espa\u00f1a. Ha colaborado en Radio Inter y Esradio. Cr\u00edtico de cine en Pantalla 90, Diario Ya y P\u00e1ginas Digital. Es miembro del CEC. Es el autor de libro: La fe, la \u00e9tica y los valores de los superh\u00e9roes (PPC). Esta es su web: www.cineylibertad.com y, por supuesto, lleva m\u00e1s de 5 a\u00f1os como bloguero de Cope, donde analiza el cine, los c\u00f3mics y los libros desde una \u00f3ptica antropol\u00f3gica y axiol\u00f3gica, atendiendo a todas las dimensiones del ser humano.","sameAs":["http:\/\/www.cineylibertad.com","https:\/\/www.facebook.com\/victor.alvarado.56829446","https:\/\/www.instagram.com\/cineylibertad\/","https:\/\/x.com\/cineylibertad"],"url":"https:\/\/www.cope.es\/blogs\/cine-y-libertad\/author\/valvarado\/"}]}},"amp_enabled":true,"_links":{"self":[{"href":"https:\/\/www.cope.es\/blogs\/cine-y-libertad\/wp-json\/wp\/v2\/posts\/4479","targetHints":{"allow":["GET"]}}],"collection":[{"href":"https:\/\/www.cope.es\/blogs\/cine-y-libertad\/wp-json\/wp\/v2\/posts"}],"about":[{"href":"https:\/\/www.cope.es\/blogs\/cine-y-libertad\/wp-json\/wp\/v2\/types\/post"}],"author":[{"embeddable":true,"href":"https:\/\/www.cope.es\/blogs\/cine-y-libertad\/wp-json\/wp\/v2\/users\/7"}],"replies":[{"embeddable":true,"href":"https:\/\/www.cope.es\/blogs\/cine-y-libertad\/wp-json\/wp\/v2\/comments?post=4479"}],"version-history":[{"count":2,"href":"https:\/\/www.cope.es\/blogs\/cine-y-libertad\/wp-json\/wp\/v2\/posts\/4479\/revisions"}],"predecessor-version":[{"id":4487,"href":"https:\/\/www.cope.es\/blogs\/cine-y-libertad\/wp-json\/wp\/v2\/posts\/4479\/revisions\/4487"}],"wp:featuredmedia":[{"embeddable":true,"href":"https:\/\/www.cope.es\/blogs\/cine-y-libertad\/wp-json\/wp\/v2\/media\/4486"}],"wp:attachment":[{"href":"https:\/\/www.cope.es\/blogs\/cine-y-libertad\/wp-json\/wp\/v2\/media?parent=4479"}],"wp:term":[{"taxonomy":"category","embeddable":true,"href":"https:\/\/www.cope.es\/blogs\/cine-y-libertad\/wp-json\/wp\/v2\/categories?post=4479"},{"taxonomy":"post_tag","embeddable":true,"href":"https:\/\/www.cope.es\/blogs\/cine-y-libertad\/wp-json\/wp\/v2\/tags?post=4479"}],"curies":[{"name":"wp","href":"https:\/\/api.w.org\/{rel}","templated":true}]}}