{"id":4476,"date":"2022-09-14T11:53:17","date_gmt":"2022-09-14T09:53:17","guid":{"rendered":"http:\/\/www.cope.es\/blogs\/cine-y-libertad\/?p=4476"},"modified":"2022-09-14T11:53:17","modified_gmt":"2022-09-14T09:53:17","slug":"yo-soy-spiderman-el-11-s-el-patriotismo-y-los-valores-de-marvel","status":"publish","type":"post","link":"https:\/\/www.cope.es\/blogs\/cine-y-libertad\/2022\/09\/14\/yo-soy-spiderman-el-11-s-el-patriotismo-y-los-valores-de-marvel\/","title":{"rendered":"Yo soy Spiderman-El 11 S, el patriotismo y los valores de Marvel"},"content":{"rendered":"<p><a href=\"https:\/\/www.ivoox.com\/yo-soy-spiderman-el-11-s-patriotismo-y-audios-mp3_rf_92289141_1.html\">Yo soy Spiderman-El 11 S, el patriotismo y los valores de Marvel<\/a>. \u00bfQui\u00e9nes son los aut\u00e9nticos superh\u00e9roes?<\/p>\n<p>Aqu\u00ed puedes escuchar mi comentario\u2026<\/p>\n<p><img loading=\"lazy\" decoding=\"async\" width=\"225\" height=\"225\" class=\"alignnone size-full wp-image-4477\" src=\"http:\/\/www.cope.es\/blogs\/cine-y-libertad\/wp-content\/uploads\/sites\/7\/2022\/09\/yo-soy-spiderman.jpg\" alt=\"\" srcset=\"https:\/\/www.cope.es\/blogs\/cine-y-libertad\/wp-content\/uploads\/sites\/7\/2022\/09\/yo-soy-spiderman.jpg 225w, https:\/\/www.cope.es\/blogs\/cine-y-libertad\/wp-content\/uploads\/sites\/7\/2022\/09\/yo-soy-spiderman-150x150.jpg 150w, https:\/\/www.cope.es\/blogs\/cine-y-libertad\/wp-content\/uploads\/sites\/7\/2022\/09\/yo-soy-spiderman-170x170.jpg 170w, https:\/\/www.cope.es\/blogs\/cine-y-libertad\/wp-content\/uploads\/sites\/7\/2022\/09\/yo-soy-spiderman-73x73.jpg 73w, https:\/\/www.cope.es\/blogs\/cine-y-libertad\/wp-content\/uploads\/sites\/7\/2022\/09\/yo-soy-spiderman-108x108.jpg 108w\" sizes=\"auto, (max-width: 225px) 100vw, 225px\" \/><\/p>\n<audio class=\"wp-audio-shortcode\" id=\"audio-4476-1\" preload=\"none\" style=\"width: 100%;\" controls=\"controls\"><source type=\"audio\/mpeg\" src=\"https:\/\/www.ivoox.com\/yo-soy-spiderman-el-11-s-patriotismo-y_md_92289141_wp_1.mp3?_=1\" \/><a href=\"https:\/\/www.ivoox.com\/yo-soy-spiderman-el-11-s-patriotismo-y_md_92289141_wp_1.mp3\">https:\/\/www.ivoox.com\/yo-soy-spiderman-el-11-s-patriotismo-y_md_92289141_wp_1.mp3<\/a><\/audio>\n<p><a title=\"Yo soy Spiderman-El 11 S, el patriotismo y los valores de Marvel\" href=\"https:\/\/go.ivoox.com\/rf\/92289141\">Ir a descargar<\/a><br \/>\n\u00a1Lectores y amigos de Cine y Libertad!<\/p>\n<p>La editorial Panini\u00a0 nos habla de su c\u00f3mic<\/p>\n<p>\u00a1Lo mejor de <a href=\"https:\/\/www.ivoox.com\/yo-soy-spiderman-el-11-s-patriotismo-y-audios-mp3_rf_92289141_1.html\">Spiderman<\/a> desde sus or\u00edgenes hasta la actualidad, en un incre\u00edble volumen! Una selecci\u00f3n de los c\u00f3mics de Spidey m\u00e1s destacados, con sus personajes m\u00e1s populares y sus mejores autores. Las historias clave que han convertido a Spiderman en el h\u00e9roe de Marvel m\u00e1s popular de todos los tiempos: desde el incidente que convirti\u00f3 a Peter Parker en un superh\u00e9roe, hasta los enfrentamientos con los supervillanos m\u00e1s sonados, pasando por la muerte de Gwen Stacy y Harry Osborn, el 11-S y el encuentro con Barack Obama. Adem\u00e1s, una serie de contenidos extra sobre el mundo del trepamuros.<\/p>\n<p>Facebook: <a href=\"https:\/\/www.facebook.com\/victor.alvarado.56829446\" target=\"_blank\">https:\/\/www.facebook.com\/victor.alvarado.56829446<\/a><\/p>\n<p>Twitter:<span class=\"r-18u37iz\"><a class=\"css-4rbku5 css-18t94o4 css-901oao css-16my406 r-1n1174f r-1loqt21 r-poiln3 r-bcqeeo r-qvutc0\" href=\"https:\/\/twitter.com\/cineylibertad\">@cineylibertad<\/a><\/span><\/p>\n","protected":false},"excerpt":{"rendered":"<p>Yo soy Spiderman-El 11 S, el patriotismo y los valores de Marvel. \u00bfQui\u00e9nes son los aut\u00e9nticos superh\u00e9roes? Aqu\u00ed puedes escuchar mi comentario\u2026 Ir a descargar \u00a1Lectores y amigos de Cine y Libertad! La editorial Panini\u00a0 nos habla de su c\u00f3mic \u00a1Lo mejor de Spiderman desde sus or\u00edgenes hasta la actualidad, en un incre\u00edble volumen! Una [&hellip;]<\/p>\n","protected":false},"author":7,"featured_media":4477,"comment_status":"open","ping_status":"open","sticky":false,"template":"","format":"standard","meta":{"footnotes":""},"categories":[4,83,22,218,136,9],"tags":[884,173,885,886,600],"class_list":["post-4476","post","type-post","status-publish","format-standard","has-post-thumbnail","hentry","category-comics","category-familia","category-historia","category-marvel","category-psicologia","category-spiderman","tag-11-s","tag-marvel","tag-mary-jane","tag-peter-parker","tag-spiderman"],"yoast_head":"<!-- This site is optimized with the Yoast SEO plugin v27.4 - https:\/\/yoast.com\/product\/yoast-seo-wordpress\/ -->\n<title>Yo soy Spiderman-El 11 S, el patriotismo y los valores de Marvel<\/title>\n<meta name=\"description\" content=\"Yo soy Spiderman-El 11 S, el patriotismo y los valores de Marvel. Qui\u00e9nes son los aut\u00e9nticos superh\u00e9roes?\" \/>\n<meta name=\"robots\" content=\"index, follow, max-snippet:-1, max-image-preview:large, max-video-preview:-1\" \/>\n<link rel=\"canonical\" href=\"https:\/\/www.cope.es\/blogs\/cine-y-libertad\/2022\/09\/14\/yo-soy-spiderman-el-11-s-el-patriotismo-y-los-valores-de-marvel\/\" \/>\n<meta property=\"og:locale\" content=\"es_ES\" \/>\n<meta property=\"og:type\" content=\"article\" \/>\n<meta property=\"og:title\" content=\"Yo soy Spiderman-El 11 S, el patriotismo y los valores de Marvel\" \/>\n<meta property=\"og:description\" content=\"Yo soy Spiderman-El 11 S, el patriotismo y los valores de Marvel. Qui\u00e9nes son los aut\u00e9nticos superh\u00e9roes?\" \/>\n<meta property=\"og:url\" content=\"https:\/\/www.cope.es\/blogs\/cine-y-libertad\/2022\/09\/14\/yo-soy-spiderman-el-11-s-el-patriotismo-y-los-valores-de-marvel\/\" \/>\n<meta property=\"og:site_name\" content=\"Cine y Libertad\" \/>\n<meta property=\"article:publisher\" content=\"https:\/\/www.facebook.com\/cope\/\" \/>\n<meta property=\"article:author\" content=\"https:\/\/www.facebook.com\/victor.alvarado.56829446\" \/>\n<meta property=\"article:published_time\" content=\"2022-09-14T09:53:17+00:00\" \/>\n<meta property=\"og:image\" content=\"https:\/\/www.cope.es\/blogs\/cine-y-libertad\/wp-content\/uploads\/sites\/7\/2022\/09\/yo-soy-spiderman.jpg\" \/>\n\t<meta property=\"og:image:width\" content=\"225\" \/>\n\t<meta property=\"og:image:height\" content=\"225\" \/>\n\t<meta property=\"og:image:type\" content=\"image\/jpeg\" \/>\n<meta name=\"author\" content=\"V\u00edctor Alvarado\" \/>\n<meta name=\"twitter:card\" content=\"summary_large_image\" \/>\n<meta name=\"twitter:creator\" content=\"@cineylibertad\" \/>\n<meta name=\"twitter:site\" content=\"@cope_es\" \/>\n<meta name=\"twitter:label1\" content=\"Escrito por\" \/>\n\t<meta name=\"twitter:data1\" content=\"V\u00edctor Alvarado\" \/>\n\t<meta name=\"twitter:label2\" content=\"Tiempo de lectura\" \/>\n\t<meta name=\"twitter:data2\" content=\"1 minuto\" \/>\n<script type=\"application\/ld+json\" class=\"yoast-schema-graph\">{\"@context\":\"https:\\\/\\\/schema.org\",\"@graph\":[{\"@type\":\"Article\",\"@id\":\"https:\\\/\\\/www.cope.es\\\/blogs\\\/cine-y-libertad\\\/2022\\\/09\\\/14\\\/yo-soy-spiderman-el-11-s-el-patriotismo-y-los-valores-de-marvel\\\/#article\",\"isPartOf\":{\"@id\":\"https:\\\/\\\/www.cope.es\\\/blogs\\\/cine-y-libertad\\\/2022\\\/09\\\/14\\\/yo-soy-spiderman-el-11-s-el-patriotismo-y-los-valores-de-marvel\\\/\"},\"author\":{\"name\":\"V\u00edctor Alvarado\",\"@id\":\"https:\\\/\\\/www.cope.es\\\/blogs\\\/cine-y-libertad\\\/#\\\/schema\\\/person\\\/c95904a4fbf751a8d9124f8fa8bdaace\"},\"headline\":\"Yo soy Spiderman-El 11 S, el patriotismo y los valores de Marvel\",\"datePublished\":\"2022-09-14T09:53:17+00:00\",\"mainEntityOfPage\":{\"@id\":\"https:\\\/\\\/www.cope.es\\\/blogs\\\/cine-y-libertad\\\/2022\\\/09\\\/14\\\/yo-soy-spiderman-el-11-s-el-patriotismo-y-los-valores-de-marvel\\\/\"},\"wordCount\":184,\"commentCount\":0,\"image\":{\"@id\":\"https:\\\/\\\/www.cope.es\\\/blogs\\\/cine-y-libertad\\\/2022\\\/09\\\/14\\\/yo-soy-spiderman-el-11-s-el-patriotismo-y-los-valores-de-marvel\\\/#primaryimage\"},\"thumbnailUrl\":\"https:\\\/\\\/www.cope.es\\\/blogs\\\/cine-y-libertad\\\/wp-content\\\/uploads\\\/sites\\\/7\\\/2022\\\/09\\\/yo-soy-spiderman.jpg\",\"keywords\":[\"11 S\",\"Marvel\",\"Mary Jane\",\"Peter Parker\",\"Spiderman\"],\"articleSection\":[\"c\u00f3mics\",\"familia\",\"historia\",\"Marvel\",\"psicolog\u00eda\",\"Spiderman\"],\"inLanguage\":\"es\",\"potentialAction\":[{\"@type\":\"CommentAction\",\"name\":\"Comment\",\"target\":[\"https:\\\/\\\/www.cope.es\\\/blogs\\\/cine-y-libertad\\\/2022\\\/09\\\/14\\\/yo-soy-spiderman-el-11-s-el-patriotismo-y-los-valores-de-marvel\\\/#respond\"]}]},{\"@type\":\"WebPage\",\"@id\":\"https:\\\/\\\/www.cope.es\\\/blogs\\\/cine-y-libertad\\\/2022\\\/09\\\/14\\\/yo-soy-spiderman-el-11-s-el-patriotismo-y-los-valores-de-marvel\\\/\",\"url\":\"https:\\\/\\\/www.cope.es\\\/blogs\\\/cine-y-libertad\\\/2022\\\/09\\\/14\\\/yo-soy-spiderman-el-11-s-el-patriotismo-y-los-valores-de-marvel\\\/\",\"name\":\"Yo soy Spiderman-El 11 S, el patriotismo y los valores de Marvel\",\"isPartOf\":{\"@id\":\"https:\\\/\\\/www.cope.es\\\/blogs\\\/cine-y-libertad\\\/#website\"},\"primaryImageOfPage\":{\"@id\":\"https:\\\/\\\/www.cope.es\\\/blogs\\\/cine-y-libertad\\\/2022\\\/09\\\/14\\\/yo-soy-spiderman-el-11-s-el-patriotismo-y-los-valores-de-marvel\\\/#primaryimage\"},\"image\":{\"@id\":\"https:\\\/\\\/www.cope.es\\\/blogs\\\/cine-y-libertad\\\/2022\\\/09\\\/14\\\/yo-soy-spiderman-el-11-s-el-patriotismo-y-los-valores-de-marvel\\\/#primaryimage\"},\"thumbnailUrl\":\"https:\\\/\\\/www.cope.es\\\/blogs\\\/cine-y-libertad\\\/wp-content\\\/uploads\\\/sites\\\/7\\\/2022\\\/09\\\/yo-soy-spiderman.jpg\",\"datePublished\":\"2022-09-14T09:53:17+00:00\",\"author\":{\"@id\":\"https:\\\/\\\/www.cope.es\\\/blogs\\\/cine-y-libertad\\\/#\\\/schema\\\/person\\\/c95904a4fbf751a8d9124f8fa8bdaace\"},\"description\":\"Yo soy Spiderman-El 11 S, el patriotismo y los valores de Marvel. Qui\u00e9nes son los aut\u00e9nticos superh\u00e9roes?\",\"breadcrumb\":{\"@id\":\"https:\\\/\\\/www.cope.es\\\/blogs\\\/cine-y-libertad\\\/2022\\\/09\\\/14\\\/yo-soy-spiderman-el-11-s-el-patriotismo-y-los-valores-de-marvel\\\/#breadcrumb\"},\"inLanguage\":\"es\",\"potentialAction\":[{\"@type\":\"ReadAction\",\"target\":[\"https:\\\/\\\/www.cope.es\\\/blogs\\\/cine-y-libertad\\\/2022\\\/09\\\/14\\\/yo-soy-spiderman-el-11-s-el-patriotismo-y-los-valores-de-marvel\\\/\"]}]},{\"@type\":\"ImageObject\",\"inLanguage\":\"es\",\"@id\":\"https:\\\/\\\/www.cope.es\\\/blogs\\\/cine-y-libertad\\\/2022\\\/09\\\/14\\\/yo-soy-spiderman-el-11-s-el-patriotismo-y-los-valores-de-marvel\\\/#primaryimage\",\"url\":\"https:\\\/\\\/www.cope.es\\\/blogs\\\/cine-y-libertad\\\/wp-content\\\/uploads\\\/sites\\\/7\\\/2022\\\/09\\\/yo-soy-spiderman.jpg\",\"contentUrl\":\"https:\\\/\\\/www.cope.es\\\/blogs\\\/cine-y-libertad\\\/wp-content\\\/uploads\\\/sites\\\/7\\\/2022\\\/09\\\/yo-soy-spiderman.jpg\",\"width\":225,\"height\":225},{\"@type\":\"BreadcrumbList\",\"@id\":\"https:\\\/\\\/www.cope.es\\\/blogs\\\/cine-y-libertad\\\/2022\\\/09\\\/14\\\/yo-soy-spiderman-el-11-s-el-patriotismo-y-los-valores-de-marvel\\\/#breadcrumb\",\"itemListElement\":[{\"@type\":\"ListItem\",\"position\":1,\"name\":\"Portada\",\"item\":\"https:\\\/\\\/www.cope.es\\\/blogs\\\/cine-y-libertad\\\/\"},{\"@type\":\"ListItem\",\"position\":2,\"name\":\"Yo soy Spiderman-El 11 S, el patriotismo y los valores de Marvel\"}]},{\"@type\":\"WebSite\",\"@id\":\"https:\\\/\\\/www.cope.es\\\/blogs\\\/cine-y-libertad\\\/#website\",\"url\":\"https:\\\/\\\/www.cope.es\\\/blogs\\\/cine-y-libertad\\\/\",\"name\":\"Cine y Libertad\",\"description\":\"Cine y Libertad un blog de COPE\",\"potentialAction\":[{\"@type\":\"SearchAction\",\"target\":{\"@type\":\"EntryPoint\",\"urlTemplate\":\"https:\\\/\\\/www.cope.es\\\/blogs\\\/cine-y-libertad\\\/?s={search_term_string}\"},\"query-input\":{\"@type\":\"PropertyValueSpecification\",\"valueRequired\":true,\"valueName\":\"search_term_string\"}}],\"inLanguage\":\"es\"},{\"@type\":\"Person\",\"@id\":\"https:\\\/\\\/www.cope.es\\\/blogs\\\/cine-y-libertad\\\/#\\\/schema\\\/person\\\/c95904a4fbf751a8d9124f8fa8bdaace\",\"name\":\"V\u00edctor Alvarado\",\"image\":{\"@type\":\"ImageObject\",\"inLanguage\":\"es\",\"@id\":\"https:\\\/\\\/secure.gravatar.com\\\/avatar\\\/db4634ae2001f7f920b8294d926f3e737ada04196e014ebacae29a4848f905f4?s=96&d=mm&r=g\",\"url\":\"https:\\\/\\\/secure.gravatar.com\\\/avatar\\\/db4634ae2001f7f920b8294d926f3e737ada04196e014ebacae29a4848f905f4?s=96&d=mm&r=g\",\"contentUrl\":\"https:\\\/\\\/secure.gravatar.com\\\/avatar\\\/db4634ae2001f7f920b8294d926f3e737ada04196e014ebacae29a4848f905f4?s=96&d=mm&r=g\",\"caption\":\"V\u00edctor Alvarado\"},\"description\":\"V\u00edctor Alvarado tiene una larga experiencia tanto en medios de comunicaci\u00f3n como en educaci\u00f3n. Dirige el programa de radio, Directo a las Estrellas, en Intereconom\u00eda (Castilla y Le\u00f3n) y Informa Radio en toda Espa\u00f1a. Ha colaborado en Radio Inter y Esradio. Cr\u00edtico de cine en Pantalla 90, Diario Ya y P\u00e1ginas Digital. Es miembro del CEC. Es el autor de libro: La fe, la \u00e9tica y los valores de los superh\u00e9roes (PPC). Esta es su web: www.cineylibertad.com y, por supuesto, lleva m\u00e1s de 5 a\u00f1os como bloguero de Cope, donde analiza el cine, los c\u00f3mics y los libros desde una \u00f3ptica antropol\u00f3gica y axiol\u00f3gica, atendiendo a todas las dimensiones del ser humano.\",\"sameAs\":[\"http:\\\/\\\/www.cineylibertad.com\",\"https:\\\/\\\/www.facebook.com\\\/victor.alvarado.56829446\",\"https:\\\/\\\/www.instagram.com\\\/cineylibertad\\\/\",\"https:\\\/\\\/x.com\\\/cineylibertad\"],\"url\":\"https:\\\/\\\/www.cope.es\\\/blogs\\\/cine-y-libertad\\\/author\\\/valvarado\\\/\"}]}<\/script>\n<!-- \/ Yoast SEO plugin. -->","yoast_head_json":{"title":"Yo soy Spiderman-El 11 S, el patriotismo y los valores de Marvel","description":"Yo soy Spiderman-El 11 S, el patriotismo y los valores de Marvel. Qui\u00e9nes son los aut\u00e9nticos superh\u00e9roes?","robots":{"index":"index","follow":"follow","max-snippet":"max-snippet:-1","max-image-preview":"max-image-preview:large","max-video-preview":"max-video-preview:-1"},"canonical":"https:\/\/www.cope.es\/blogs\/cine-y-libertad\/2022\/09\/14\/yo-soy-spiderman-el-11-s-el-patriotismo-y-los-valores-de-marvel\/","og_locale":"es_ES","og_type":"article","og_title":"Yo soy Spiderman-El 11 S, el patriotismo y los valores de Marvel","og_description":"Yo soy Spiderman-El 11 S, el patriotismo y los valores de Marvel. Qui\u00e9nes son los aut\u00e9nticos superh\u00e9roes?","og_url":"https:\/\/www.cope.es\/blogs\/cine-y-libertad\/2022\/09\/14\/yo-soy-spiderman-el-11-s-el-patriotismo-y-los-valores-de-marvel\/","og_site_name":"Cine y Libertad","article_publisher":"https:\/\/www.facebook.com\/cope\/","article_author":"https:\/\/www.facebook.com\/victor.alvarado.56829446","article_published_time":"2022-09-14T09:53:17+00:00","og_image":[{"width":225,"height":225,"url":"https:\/\/www.cope.es\/blogs\/cine-y-libertad\/wp-content\/uploads\/sites\/7\/2022\/09\/yo-soy-spiderman.jpg","type":"image\/jpeg"}],"author":"V\u00edctor Alvarado","twitter_card":"summary_large_image","twitter_creator":"@cineylibertad","twitter_site":"@cope_es","twitter_misc":{"Escrito por":"V\u00edctor Alvarado","Tiempo de lectura":"1 minuto"},"schema":{"@context":"https:\/\/schema.org","@graph":[{"@type":"Article","@id":"https:\/\/www.cope.es\/blogs\/cine-y-libertad\/2022\/09\/14\/yo-soy-spiderman-el-11-s-el-patriotismo-y-los-valores-de-marvel\/#article","isPartOf":{"@id":"https:\/\/www.cope.es\/blogs\/cine-y-libertad\/2022\/09\/14\/yo-soy-spiderman-el-11-s-el-patriotismo-y-los-valores-de-marvel\/"},"author":{"name":"V\u00edctor Alvarado","@id":"https:\/\/www.cope.es\/blogs\/cine-y-libertad\/#\/schema\/person\/c95904a4fbf751a8d9124f8fa8bdaace"},"headline":"Yo soy Spiderman-El 11 S, el patriotismo y los valores de Marvel","datePublished":"2022-09-14T09:53:17+00:00","mainEntityOfPage":{"@id":"https:\/\/www.cope.es\/blogs\/cine-y-libertad\/2022\/09\/14\/yo-soy-spiderman-el-11-s-el-patriotismo-y-los-valores-de-marvel\/"},"wordCount":184,"commentCount":0,"image":{"@id":"https:\/\/www.cope.es\/blogs\/cine-y-libertad\/2022\/09\/14\/yo-soy-spiderman-el-11-s-el-patriotismo-y-los-valores-de-marvel\/#primaryimage"},"thumbnailUrl":"https:\/\/www.cope.es\/blogs\/cine-y-libertad\/wp-content\/uploads\/sites\/7\/2022\/09\/yo-soy-spiderman.jpg","keywords":["11 S","Marvel","Mary Jane","Peter Parker","Spiderman"],"articleSection":["c\u00f3mics","familia","historia","Marvel","psicolog\u00eda","Spiderman"],"inLanguage":"es","potentialAction":[{"@type":"CommentAction","name":"Comment","target":["https:\/\/www.cope.es\/blogs\/cine-y-libertad\/2022\/09\/14\/yo-soy-spiderman-el-11-s-el-patriotismo-y-los-valores-de-marvel\/#respond"]}]},{"@type":"WebPage","@id":"https:\/\/www.cope.es\/blogs\/cine-y-libertad\/2022\/09\/14\/yo-soy-spiderman-el-11-s-el-patriotismo-y-los-valores-de-marvel\/","url":"https:\/\/www.cope.es\/blogs\/cine-y-libertad\/2022\/09\/14\/yo-soy-spiderman-el-11-s-el-patriotismo-y-los-valores-de-marvel\/","name":"Yo soy Spiderman-El 11 S, el patriotismo y los valores de Marvel","isPartOf":{"@id":"https:\/\/www.cope.es\/blogs\/cine-y-libertad\/#website"},"primaryImageOfPage":{"@id":"https:\/\/www.cope.es\/blogs\/cine-y-libertad\/2022\/09\/14\/yo-soy-spiderman-el-11-s-el-patriotismo-y-los-valores-de-marvel\/#primaryimage"},"image":{"@id":"https:\/\/www.cope.es\/blogs\/cine-y-libertad\/2022\/09\/14\/yo-soy-spiderman-el-11-s-el-patriotismo-y-los-valores-de-marvel\/#primaryimage"},"thumbnailUrl":"https:\/\/www.cope.es\/blogs\/cine-y-libertad\/wp-content\/uploads\/sites\/7\/2022\/09\/yo-soy-spiderman.jpg","datePublished":"2022-09-14T09:53:17+00:00","author":{"@id":"https:\/\/www.cope.es\/blogs\/cine-y-libertad\/#\/schema\/person\/c95904a4fbf751a8d9124f8fa8bdaace"},"description":"Yo soy Spiderman-El 11 S, el patriotismo y los valores de Marvel. Qui\u00e9nes son los aut\u00e9nticos superh\u00e9roes?","breadcrumb":{"@id":"https:\/\/www.cope.es\/blogs\/cine-y-libertad\/2022\/09\/14\/yo-soy-spiderman-el-11-s-el-patriotismo-y-los-valores-de-marvel\/#breadcrumb"},"inLanguage":"es","potentialAction":[{"@type":"ReadAction","target":["https:\/\/www.cope.es\/blogs\/cine-y-libertad\/2022\/09\/14\/yo-soy-spiderman-el-11-s-el-patriotismo-y-los-valores-de-marvel\/"]}]},{"@type":"ImageObject","inLanguage":"es","@id":"https:\/\/www.cope.es\/blogs\/cine-y-libertad\/2022\/09\/14\/yo-soy-spiderman-el-11-s-el-patriotismo-y-los-valores-de-marvel\/#primaryimage","url":"https:\/\/www.cope.es\/blogs\/cine-y-libertad\/wp-content\/uploads\/sites\/7\/2022\/09\/yo-soy-spiderman.jpg","contentUrl":"https:\/\/www.cope.es\/blogs\/cine-y-libertad\/wp-content\/uploads\/sites\/7\/2022\/09\/yo-soy-spiderman.jpg","width":225,"height":225},{"@type":"BreadcrumbList","@id":"https:\/\/www.cope.es\/blogs\/cine-y-libertad\/2022\/09\/14\/yo-soy-spiderman-el-11-s-el-patriotismo-y-los-valores-de-marvel\/#breadcrumb","itemListElement":[{"@type":"ListItem","position":1,"name":"Portada","item":"https:\/\/www.cope.es\/blogs\/cine-y-libertad\/"},{"@type":"ListItem","position":2,"name":"Yo soy Spiderman-El 11 S, el patriotismo y los valores de Marvel"}]},{"@type":"WebSite","@id":"https:\/\/www.cope.es\/blogs\/cine-y-libertad\/#website","url":"https:\/\/www.cope.es\/blogs\/cine-y-libertad\/","name":"Cine y Libertad","description":"Cine y Libertad un blog de COPE","potentialAction":[{"@type":"SearchAction","target":{"@type":"EntryPoint","urlTemplate":"https:\/\/www.cope.es\/blogs\/cine-y-libertad\/?s={search_term_string}"},"query-input":{"@type":"PropertyValueSpecification","valueRequired":true,"valueName":"search_term_string"}}],"inLanguage":"es"},{"@type":"Person","@id":"https:\/\/www.cope.es\/blogs\/cine-y-libertad\/#\/schema\/person\/c95904a4fbf751a8d9124f8fa8bdaace","name":"V\u00edctor Alvarado","image":{"@type":"ImageObject","inLanguage":"es","@id":"https:\/\/secure.gravatar.com\/avatar\/db4634ae2001f7f920b8294d926f3e737ada04196e014ebacae29a4848f905f4?s=96&d=mm&r=g","url":"https:\/\/secure.gravatar.com\/avatar\/db4634ae2001f7f920b8294d926f3e737ada04196e014ebacae29a4848f905f4?s=96&d=mm&r=g","contentUrl":"https:\/\/secure.gravatar.com\/avatar\/db4634ae2001f7f920b8294d926f3e737ada04196e014ebacae29a4848f905f4?s=96&d=mm&r=g","caption":"V\u00edctor Alvarado"},"description":"V\u00edctor Alvarado tiene una larga experiencia tanto en medios de comunicaci\u00f3n como en educaci\u00f3n. Dirige el programa de radio, Directo a las Estrellas, en Intereconom\u00eda (Castilla y Le\u00f3n) y Informa Radio en toda Espa\u00f1a. Ha colaborado en Radio Inter y Esradio. Cr\u00edtico de cine en Pantalla 90, Diario Ya y P\u00e1ginas Digital. Es miembro del CEC. Es el autor de libro: La fe, la \u00e9tica y los valores de los superh\u00e9roes (PPC). Esta es su web: www.cineylibertad.com y, por supuesto, lleva m\u00e1s de 5 a\u00f1os como bloguero de Cope, donde analiza el cine, los c\u00f3mics y los libros desde una \u00f3ptica antropol\u00f3gica y axiol\u00f3gica, atendiendo a todas las dimensiones del ser humano.","sameAs":["http:\/\/www.cineylibertad.com","https:\/\/www.facebook.com\/victor.alvarado.56829446","https:\/\/www.instagram.com\/cineylibertad\/","https:\/\/x.com\/cineylibertad"],"url":"https:\/\/www.cope.es\/blogs\/cine-y-libertad\/author\/valvarado\/"}]}},"amp_enabled":true,"_links":{"self":[{"href":"https:\/\/www.cope.es\/blogs\/cine-y-libertad\/wp-json\/wp\/v2\/posts\/4476","targetHints":{"allow":["GET"]}}],"collection":[{"href":"https:\/\/www.cope.es\/blogs\/cine-y-libertad\/wp-json\/wp\/v2\/posts"}],"about":[{"href":"https:\/\/www.cope.es\/blogs\/cine-y-libertad\/wp-json\/wp\/v2\/types\/post"}],"author":[{"embeddable":true,"href":"https:\/\/www.cope.es\/blogs\/cine-y-libertad\/wp-json\/wp\/v2\/users\/7"}],"replies":[{"embeddable":true,"href":"https:\/\/www.cope.es\/blogs\/cine-y-libertad\/wp-json\/wp\/v2\/comments?post=4476"}],"version-history":[{"count":2,"href":"https:\/\/www.cope.es\/blogs\/cine-y-libertad\/wp-json\/wp\/v2\/posts\/4476\/revisions"}],"predecessor-version":[{"id":4481,"href":"https:\/\/www.cope.es\/blogs\/cine-y-libertad\/wp-json\/wp\/v2\/posts\/4476\/revisions\/4481"}],"wp:featuredmedia":[{"embeddable":true,"href":"https:\/\/www.cope.es\/blogs\/cine-y-libertad\/wp-json\/wp\/v2\/media\/4477"}],"wp:attachment":[{"href":"https:\/\/www.cope.es\/blogs\/cine-y-libertad\/wp-json\/wp\/v2\/media?parent=4476"}],"wp:term":[{"taxonomy":"category","embeddable":true,"href":"https:\/\/www.cope.es\/blogs\/cine-y-libertad\/wp-json\/wp\/v2\/categories?post=4476"},{"taxonomy":"post_tag","embeddable":true,"href":"https:\/\/www.cope.es\/blogs\/cine-y-libertad\/wp-json\/wp\/v2\/tags?post=4476"}],"curies":[{"name":"wp","href":"https:\/\/api.w.org\/{rel}","templated":true}]}}