{"id":4392,"date":"2022-08-11T10:21:37","date_gmt":"2022-08-11T08:21:37","guid":{"rendered":"http:\/\/www.cope.es\/blogs\/cine-y-libertad\/?p=4392"},"modified":"2022-08-11T10:25:47","modified_gmt":"2022-08-11T08:25:47","slug":"bowie-de-la-a-a-la-z-vs-rayo-rojo-andy-warhol-y-la-cultura-pop-en-todos-los-sentidos","status":"publish","type":"post","link":"https:\/\/www.cope.es\/blogs\/cine-y-libertad\/2022\/08\/11\/bowie-de-la-a-a-la-z-vs-rayo-rojo-andy-warhol-y-la-cultura-pop-en-todos-los-sentidos\/","title":{"rendered":"Bowie de la A a la Z vs Rayo rojo-Andy Warhol y la cultura pop en todos los sentidos"},"content":{"rendered":"<p><a href=\"https:\/\/www.ivoox.com\/bowie-a-a-z-vs-audios-mp3_rf_90472970_1.html\">Bowie de la A a la Z vs Rayo rojo-Andy Warhol y la cultura pop en todos los sentidos<\/a>. \u00bfCu\u00e1les son las claves de estos libros ilustrados?<\/p>\n<p>Aqu\u00ed puedes escuchar mi comentario&#8230;<\/p>\n<p><img loading=\"lazy\" decoding=\"async\" width=\"244\" height=\"300\" class=\"alignnone size-medium wp-image-4395\" src=\"http:\/\/www.cope.es\/blogs\/cine-y-libertad\/wp-content\/uploads\/sites\/7\/2022\/07\/bowie1-244x300.jpg\" alt=\"\" srcset=\"https:\/\/www.cope.es\/blogs\/cine-y-libertad\/wp-content\/uploads\/sites\/7\/2022\/07\/bowie1-244x300.jpg 244w, https:\/\/www.cope.es\/blogs\/cine-y-libertad\/wp-content\/uploads\/sites\/7\/2022\/07\/bowie1.jpg 552w\" sizes=\"auto, (max-width: 244px) 100vw, 244px\" \/><\/p>\n<audio class=\"wp-audio-shortcode\" id=\"audio-4392-1\" preload=\"none\" style=\"width: 100%;\" controls=\"controls\"><source type=\"audio\/mpeg\" src=\"https:\/\/www.ivoox.com\/bowie-a-a-z-vs_md_90472970_wp_1.mp3?_=1\" \/><a href=\"https:\/\/www.ivoox.com\/bowie-a-a-z-vs_md_90472970_wp_1.mp3\">https:\/\/www.ivoox.com\/bowie-a-a-z-vs_md_90472970_wp_1.mp3<\/a><\/audio>\n<p><a title=\"Bowie de la A a la Z vs Rayo rojo-Andy Warhol y la cultura pop en todos los sentidos\" href=\"https:\/\/go.ivoox.com\/rf\/90472970\">Ir a descargar<\/a><\/p>\n<p>Redbook nos habla de su c\u00f3mic:<\/p>\n<p>Ning\u00fan otro artista ha desafiado la categorizaci\u00f3n de una forma tan rotunda como <a href=\"https:\/\/www.ivoox.com\/bowie-a-a-z-vs-audios-mp3_rf_90472970_1.html\">David Bowie<\/a>, su impacto cultural no tiene parang\u00f3n: como estrella del rock, como musa de la moda, como maestro de la reinvenci\u00f3n, como instigador del cambio. Este libro magn\u00edficamente ilustrado celebra las m\u00faltiples caras y facetas de Bowie repasando de la A a la Z la historia del gran artista, desde Aladdin Sane hasta Ziggy Stardust.<\/p>\n<p><img loading=\"lazy\" decoding=\"async\" width=\"300\" height=\"300\" class=\"alignnone size-medium wp-image-4393\" src=\"http:\/\/www.cope.es\/blogs\/cine-y-libertad\/wp-content\/uploads\/sites\/7\/2022\/07\/rayorojo-300x300.jpg\" alt=\"\" srcset=\"https:\/\/www.cope.es\/blogs\/cine-y-libertad\/wp-content\/uploads\/sites\/7\/2022\/07\/rayorojo-300x300.jpg 300w, https:\/\/www.cope.es\/blogs\/cine-y-libertad\/wp-content\/uploads\/sites\/7\/2022\/07\/rayorojo-150x150.jpg 150w, https:\/\/www.cope.es\/blogs\/cine-y-libertad\/wp-content\/uploads\/sites\/7\/2022\/07\/rayorojo-170x170.jpg 170w, https:\/\/www.cope.es\/blogs\/cine-y-libertad\/wp-content\/uploads\/sites\/7\/2022\/07\/rayorojo-73x73.jpg 73w, https:\/\/www.cope.es\/blogs\/cine-y-libertad\/wp-content\/uploads\/sites\/7\/2022\/07\/rayorojo-108x108.jpg 108w, https:\/\/www.cope.es\/blogs\/cine-y-libertad\/wp-content\/uploads\/sites\/7\/2022\/07\/rayorojo.jpg 340w\" sizes=\"auto, (max-width: 300px) 100vw, 300px\" \/><\/p>\n<audio class=\"wp-audio-shortcode\" id=\"audio-4392-2\" preload=\"none\" style=\"width: 100%;\" controls=\"controls\"><source type=\"audio\/mpeg\" src=\"https:\/\/www.ivoox.com\/bowie-a-a-z-vs_md_90472970_wp_1.mp3?_=2\" \/><a href=\"https:\/\/www.ivoox.com\/bowie-a-a-z-vs_md_90472970_wp_1.mp3\">https:\/\/www.ivoox.com\/bowie-a-a-z-vs_md_90472970_wp_1.mp3<\/a><\/audio>\n<p>El sello Evolution nos habla de su c\u00f3mic:<\/p>\n<p>El d\u00eda en que Samuel se entera de la muerte de David Boule, todo deja de tener sentido. Est\u00e1 paralizado, a trav\u00e9s del espacio y el tiempo, en una Bolonia que ya no existe. Despierta en una sociedad del futuro, mejorada a trav\u00e9s de la nanotecnolog\u00eda. \u00bfHa alcanzado la humanidad el bienestar global?<\/p>\n<p>Facebook: <a href=\"https:\/\/www.facebook.com\/victor.alvarado.56829446\" target=\"_blank\">https:\/\/www.facebook.com\/victor.alvarado.56829446<\/a><\/p>\n<p>Twitter:<span class=\"r-18u37iz\"><a class=\"css-4rbku5 css-18t94o4 css-901oao css-16my406 r-1n1174f r-1loqt21 r-poiln3 r-bcqeeo r-qvutc0\" href=\"https:\/\/twitter.com\/cineylibertad\">@cineylibertad<\/a><\/span><\/p>\n","protected":false},"excerpt":{"rendered":"<p>Bowie de la A a la Z vs Rayo rojo-Andy Warhol y la cultura pop en todos los sentidos. \u00bfCu\u00e1les son las claves de estos libros ilustrados? Aqu\u00ed puedes escuchar mi comentario&#8230; Ir a descargar Redbook nos habla de su c\u00f3mic: Ning\u00fan otro artista ha desafiado la categorizaci\u00f3n de una forma tan rotunda como David [&hellip;]<\/p>\n","protected":false},"author":7,"featured_media":4395,"comment_status":"open","ping_status":"open","sticky":false,"template":"","format":"standard","meta":{"footnotes":""},"categories":[4,130,159,825,244,660],"tags":[831,827,829,826,686,828,830,664],"class_list":["post-4392","post","type-post","status-publish","format-standard","has-post-thumbnail","hentry","category-comics","category-musical","category-periodismo","category-pop","category-radio","category-rock","tag-andy-warhol","tag-bowie","tag-cultura-pop","tag-david-bowie","tag-musica","tag-pop","tag-redbook","tag-rock"],"yoast_head":"<!-- This site is optimized with the Yoast SEO plugin v27.4 - https:\/\/yoast.com\/product\/yoast-seo-wordpress\/ -->\n<title>Bowie de la A a la Z vs Rayo rojo-Andy Warhol y la cultura pop en todos los sentidos<\/title>\n<meta name=\"description\" content=\"Bowie de la A a la Z vs Rayo rojo-Andy Warhol y la cultura pop en todos los sentidos. \u00bfCu\u00e1les son las claves de estos libros ilustrados?\" \/>\n<meta name=\"robots\" content=\"index, follow, max-snippet:-1, max-image-preview:large, max-video-preview:-1\" \/>\n<link rel=\"canonical\" href=\"https:\/\/www.cope.es\/blogs\/cine-y-libertad\/2022\/08\/11\/bowie-de-la-a-a-la-z-vs-rayo-rojo-andy-warhol-y-la-cultura-pop-en-todos-los-sentidos\/\" \/>\n<meta property=\"og:locale\" content=\"es_ES\" \/>\n<meta property=\"og:type\" content=\"article\" \/>\n<meta property=\"og:title\" content=\"Bowie de la A a la Z vs Rayo rojo-Andy Warhol y la cultura pop en todos los sentidos\" \/>\n<meta property=\"og:description\" content=\"Bowie de la A a la Z vs Rayo rojo-Andy Warhol y la cultura pop en todos los sentidos. \u00bfCu\u00e1les son las claves de estos libros ilustrados?\" \/>\n<meta property=\"og:url\" content=\"https:\/\/www.cope.es\/blogs\/cine-y-libertad\/2022\/08\/11\/bowie-de-la-a-a-la-z-vs-rayo-rojo-andy-warhol-y-la-cultura-pop-en-todos-los-sentidos\/\" \/>\n<meta property=\"og:site_name\" content=\"Cine y Libertad\" \/>\n<meta property=\"article:publisher\" content=\"https:\/\/www.facebook.com\/cope\/\" \/>\n<meta property=\"article:author\" content=\"https:\/\/www.facebook.com\/victor.alvarado.56829446\" \/>\n<meta property=\"article:published_time\" content=\"2022-08-11T08:21:37+00:00\" \/>\n<meta property=\"article:modified_time\" content=\"2022-08-11T08:25:47+00:00\" \/>\n<meta property=\"og:image\" content=\"https:\/\/www.cope.es\/blogs\/cine-y-libertad\/wp-content\/uploads\/sites\/7\/2022\/07\/bowie1.jpg\" \/>\n\t<meta property=\"og:image:width\" content=\"552\" \/>\n\t<meta property=\"og:image:height\" content=\"678\" \/>\n\t<meta property=\"og:image:type\" content=\"image\/jpeg\" \/>\n<meta name=\"author\" content=\"V\u00edctor Alvarado\" \/>\n<meta name=\"twitter:card\" content=\"summary_large_image\" \/>\n<meta name=\"twitter:creator\" content=\"@cineylibertad\" \/>\n<meta name=\"twitter:site\" content=\"@cope_es\" \/>\n<meta name=\"twitter:label1\" content=\"Escrito por\" \/>\n\t<meta name=\"twitter:data1\" content=\"V\u00edctor Alvarado\" \/>\n\t<meta name=\"twitter:label2\" content=\"Tiempo de lectura\" \/>\n\t<meta name=\"twitter:data2\" content=\"1 minuto\" \/>\n<script type=\"application\/ld+json\" class=\"yoast-schema-graph\">{\"@context\":\"https:\\\/\\\/schema.org\",\"@graph\":[{\"@type\":\"Article\",\"@id\":\"https:\\\/\\\/www.cope.es\\\/blogs\\\/cine-y-libertad\\\/2022\\\/08\\\/11\\\/bowie-de-la-a-a-la-z-vs-rayo-rojo-andy-warhol-y-la-cultura-pop-en-todos-los-sentidos\\\/#article\",\"isPartOf\":{\"@id\":\"https:\\\/\\\/www.cope.es\\\/blogs\\\/cine-y-libertad\\\/2022\\\/08\\\/11\\\/bowie-de-la-a-a-la-z-vs-rayo-rojo-andy-warhol-y-la-cultura-pop-en-todos-los-sentidos\\\/\"},\"author\":{\"name\":\"V\u00edctor Alvarado\",\"@id\":\"https:\\\/\\\/www.cope.es\\\/blogs\\\/cine-y-libertad\\\/#\\\/schema\\\/person\\\/c95904a4fbf751a8d9124f8fa8bdaace\"},\"headline\":\"Bowie de la A a la Z vs Rayo rojo-Andy Warhol y la cultura pop en todos los sentidos\",\"datePublished\":\"2022-08-11T08:21:37+00:00\",\"dateModified\":\"2022-08-11T08:25:47+00:00\",\"mainEntityOfPage\":{\"@id\":\"https:\\\/\\\/www.cope.es\\\/blogs\\\/cine-y-libertad\\\/2022\\\/08\\\/11\\\/bowie-de-la-a-a-la-z-vs-rayo-rojo-andy-warhol-y-la-cultura-pop-en-todos-los-sentidos\\\/\"},\"wordCount\":232,\"commentCount\":0,\"image\":{\"@id\":\"https:\\\/\\\/www.cope.es\\\/blogs\\\/cine-y-libertad\\\/2022\\\/08\\\/11\\\/bowie-de-la-a-a-la-z-vs-rayo-rojo-andy-warhol-y-la-cultura-pop-en-todos-los-sentidos\\\/#primaryimage\"},\"thumbnailUrl\":\"https:\\\/\\\/www.cope.es\\\/blogs\\\/cine-y-libertad\\\/wp-content\\\/uploads\\\/sites\\\/7\\\/2022\\\/07\\\/bowie1.jpg\",\"keywords\":[\"Andy Warhol\",\"Bowie\",\"cultura pop\",\"David Bowie\",\"m\u00fasica\",\"pop\",\"redbook\",\"Rock\"],\"articleSection\":[\"c\u00f3mics\",\"musical\",\"periodismo\",\"pop\",\"radio\",\"rock\"],\"inLanguage\":\"es\",\"potentialAction\":[{\"@type\":\"CommentAction\",\"name\":\"Comment\",\"target\":[\"https:\\\/\\\/www.cope.es\\\/blogs\\\/cine-y-libertad\\\/2022\\\/08\\\/11\\\/bowie-de-la-a-a-la-z-vs-rayo-rojo-andy-warhol-y-la-cultura-pop-en-todos-los-sentidos\\\/#respond\"]}]},{\"@type\":\"WebPage\",\"@id\":\"https:\\\/\\\/www.cope.es\\\/blogs\\\/cine-y-libertad\\\/2022\\\/08\\\/11\\\/bowie-de-la-a-a-la-z-vs-rayo-rojo-andy-warhol-y-la-cultura-pop-en-todos-los-sentidos\\\/\",\"url\":\"https:\\\/\\\/www.cope.es\\\/blogs\\\/cine-y-libertad\\\/2022\\\/08\\\/11\\\/bowie-de-la-a-a-la-z-vs-rayo-rojo-andy-warhol-y-la-cultura-pop-en-todos-los-sentidos\\\/\",\"name\":\"Bowie de la A a la Z vs Rayo rojo-Andy Warhol y la cultura pop en todos los sentidos\",\"isPartOf\":{\"@id\":\"https:\\\/\\\/www.cope.es\\\/blogs\\\/cine-y-libertad\\\/#website\"},\"primaryImageOfPage\":{\"@id\":\"https:\\\/\\\/www.cope.es\\\/blogs\\\/cine-y-libertad\\\/2022\\\/08\\\/11\\\/bowie-de-la-a-a-la-z-vs-rayo-rojo-andy-warhol-y-la-cultura-pop-en-todos-los-sentidos\\\/#primaryimage\"},\"image\":{\"@id\":\"https:\\\/\\\/www.cope.es\\\/blogs\\\/cine-y-libertad\\\/2022\\\/08\\\/11\\\/bowie-de-la-a-a-la-z-vs-rayo-rojo-andy-warhol-y-la-cultura-pop-en-todos-los-sentidos\\\/#primaryimage\"},\"thumbnailUrl\":\"https:\\\/\\\/www.cope.es\\\/blogs\\\/cine-y-libertad\\\/wp-content\\\/uploads\\\/sites\\\/7\\\/2022\\\/07\\\/bowie1.jpg\",\"datePublished\":\"2022-08-11T08:21:37+00:00\",\"dateModified\":\"2022-08-11T08:25:47+00:00\",\"author\":{\"@id\":\"https:\\\/\\\/www.cope.es\\\/blogs\\\/cine-y-libertad\\\/#\\\/schema\\\/person\\\/c95904a4fbf751a8d9124f8fa8bdaace\"},\"description\":\"Bowie de la A a la Z vs Rayo rojo-Andy Warhol y la cultura pop en todos los sentidos. \u00bfCu\u00e1les son las claves de estos libros ilustrados?\",\"breadcrumb\":{\"@id\":\"https:\\\/\\\/www.cope.es\\\/blogs\\\/cine-y-libertad\\\/2022\\\/08\\\/11\\\/bowie-de-la-a-a-la-z-vs-rayo-rojo-andy-warhol-y-la-cultura-pop-en-todos-los-sentidos\\\/#breadcrumb\"},\"inLanguage\":\"es\",\"potentialAction\":[{\"@type\":\"ReadAction\",\"target\":[\"https:\\\/\\\/www.cope.es\\\/blogs\\\/cine-y-libertad\\\/2022\\\/08\\\/11\\\/bowie-de-la-a-a-la-z-vs-rayo-rojo-andy-warhol-y-la-cultura-pop-en-todos-los-sentidos\\\/\"]}]},{\"@type\":\"ImageObject\",\"inLanguage\":\"es\",\"@id\":\"https:\\\/\\\/www.cope.es\\\/blogs\\\/cine-y-libertad\\\/2022\\\/08\\\/11\\\/bowie-de-la-a-a-la-z-vs-rayo-rojo-andy-warhol-y-la-cultura-pop-en-todos-los-sentidos\\\/#primaryimage\",\"url\":\"https:\\\/\\\/www.cope.es\\\/blogs\\\/cine-y-libertad\\\/wp-content\\\/uploads\\\/sites\\\/7\\\/2022\\\/07\\\/bowie1.jpg\",\"contentUrl\":\"https:\\\/\\\/www.cope.es\\\/blogs\\\/cine-y-libertad\\\/wp-content\\\/uploads\\\/sites\\\/7\\\/2022\\\/07\\\/bowie1.jpg\",\"width\":552,\"height\":678},{\"@type\":\"BreadcrumbList\",\"@id\":\"https:\\\/\\\/www.cope.es\\\/blogs\\\/cine-y-libertad\\\/2022\\\/08\\\/11\\\/bowie-de-la-a-a-la-z-vs-rayo-rojo-andy-warhol-y-la-cultura-pop-en-todos-los-sentidos\\\/#breadcrumb\",\"itemListElement\":[{\"@type\":\"ListItem\",\"position\":1,\"name\":\"Portada\",\"item\":\"https:\\\/\\\/www.cope.es\\\/blogs\\\/cine-y-libertad\\\/\"},{\"@type\":\"ListItem\",\"position\":2,\"name\":\"Bowie de la A a la Z vs Rayo rojo-Andy Warhol y la cultura pop en todos los sentidos\"}]},{\"@type\":\"WebSite\",\"@id\":\"https:\\\/\\\/www.cope.es\\\/blogs\\\/cine-y-libertad\\\/#website\",\"url\":\"https:\\\/\\\/www.cope.es\\\/blogs\\\/cine-y-libertad\\\/\",\"name\":\"Cine y Libertad\",\"description\":\"Cine y Libertad un blog de COPE\",\"potentialAction\":[{\"@type\":\"SearchAction\",\"target\":{\"@type\":\"EntryPoint\",\"urlTemplate\":\"https:\\\/\\\/www.cope.es\\\/blogs\\\/cine-y-libertad\\\/?s={search_term_string}\"},\"query-input\":{\"@type\":\"PropertyValueSpecification\",\"valueRequired\":true,\"valueName\":\"search_term_string\"}}],\"inLanguage\":\"es\"},{\"@type\":\"Person\",\"@id\":\"https:\\\/\\\/www.cope.es\\\/blogs\\\/cine-y-libertad\\\/#\\\/schema\\\/person\\\/c95904a4fbf751a8d9124f8fa8bdaace\",\"name\":\"V\u00edctor Alvarado\",\"image\":{\"@type\":\"ImageObject\",\"inLanguage\":\"es\",\"@id\":\"https:\\\/\\\/secure.gravatar.com\\\/avatar\\\/db4634ae2001f7f920b8294d926f3e737ada04196e014ebacae29a4848f905f4?s=96&d=mm&r=g\",\"url\":\"https:\\\/\\\/secure.gravatar.com\\\/avatar\\\/db4634ae2001f7f920b8294d926f3e737ada04196e014ebacae29a4848f905f4?s=96&d=mm&r=g\",\"contentUrl\":\"https:\\\/\\\/secure.gravatar.com\\\/avatar\\\/db4634ae2001f7f920b8294d926f3e737ada04196e014ebacae29a4848f905f4?s=96&d=mm&r=g\",\"caption\":\"V\u00edctor Alvarado\"},\"description\":\"V\u00edctor Alvarado tiene una larga experiencia tanto en medios de comunicaci\u00f3n como en educaci\u00f3n. Dirige el programa de radio, Directo a las Estrellas, en Intereconom\u00eda (Castilla y Le\u00f3n) y Informa Radio en toda Espa\u00f1a. Ha colaborado en Radio Inter y Esradio. Cr\u00edtico de cine en Pantalla 90, Diario Ya y P\u00e1ginas Digital. Es miembro del CEC. Es el autor de libro: La fe, la \u00e9tica y los valores de los superh\u00e9roes (PPC). Esta es su web: www.cineylibertad.com y, por supuesto, lleva m\u00e1s de 5 a\u00f1os como bloguero de Cope, donde analiza el cine, los c\u00f3mics y los libros desde una \u00f3ptica antropol\u00f3gica y axiol\u00f3gica, atendiendo a todas las dimensiones del ser humano.\",\"sameAs\":[\"http:\\\/\\\/www.cineylibertad.com\",\"https:\\\/\\\/www.facebook.com\\\/victor.alvarado.56829446\",\"https:\\\/\\\/www.instagram.com\\\/cineylibertad\\\/\",\"https:\\\/\\\/x.com\\\/cineylibertad\"],\"url\":\"https:\\\/\\\/www.cope.es\\\/blogs\\\/cine-y-libertad\\\/author\\\/valvarado\\\/\"}]}<\/script>\n<!-- \/ Yoast SEO plugin. -->","yoast_head_json":{"title":"Bowie de la A a la Z vs Rayo rojo-Andy Warhol y la cultura pop en todos los sentidos","description":"Bowie de la A a la Z vs Rayo rojo-Andy Warhol y la cultura pop en todos los sentidos. \u00bfCu\u00e1les son las claves de estos libros ilustrados?","robots":{"index":"index","follow":"follow","max-snippet":"max-snippet:-1","max-image-preview":"max-image-preview:large","max-video-preview":"max-video-preview:-1"},"canonical":"https:\/\/www.cope.es\/blogs\/cine-y-libertad\/2022\/08\/11\/bowie-de-la-a-a-la-z-vs-rayo-rojo-andy-warhol-y-la-cultura-pop-en-todos-los-sentidos\/","og_locale":"es_ES","og_type":"article","og_title":"Bowie de la A a la Z vs Rayo rojo-Andy Warhol y la cultura pop en todos los sentidos","og_description":"Bowie de la A a la Z vs Rayo rojo-Andy Warhol y la cultura pop en todos los sentidos. \u00bfCu\u00e1les son las claves de estos libros ilustrados?","og_url":"https:\/\/www.cope.es\/blogs\/cine-y-libertad\/2022\/08\/11\/bowie-de-la-a-a-la-z-vs-rayo-rojo-andy-warhol-y-la-cultura-pop-en-todos-los-sentidos\/","og_site_name":"Cine y Libertad","article_publisher":"https:\/\/www.facebook.com\/cope\/","article_author":"https:\/\/www.facebook.com\/victor.alvarado.56829446","article_published_time":"2022-08-11T08:21:37+00:00","article_modified_time":"2022-08-11T08:25:47+00:00","og_image":[{"width":552,"height":678,"url":"https:\/\/www.cope.es\/blogs\/cine-y-libertad\/wp-content\/uploads\/sites\/7\/2022\/07\/bowie1.jpg","type":"image\/jpeg"}],"author":"V\u00edctor Alvarado","twitter_card":"summary_large_image","twitter_creator":"@cineylibertad","twitter_site":"@cope_es","twitter_misc":{"Escrito por":"V\u00edctor Alvarado","Tiempo de lectura":"1 minuto"},"schema":{"@context":"https:\/\/schema.org","@graph":[{"@type":"Article","@id":"https:\/\/www.cope.es\/blogs\/cine-y-libertad\/2022\/08\/11\/bowie-de-la-a-a-la-z-vs-rayo-rojo-andy-warhol-y-la-cultura-pop-en-todos-los-sentidos\/#article","isPartOf":{"@id":"https:\/\/www.cope.es\/blogs\/cine-y-libertad\/2022\/08\/11\/bowie-de-la-a-a-la-z-vs-rayo-rojo-andy-warhol-y-la-cultura-pop-en-todos-los-sentidos\/"},"author":{"name":"V\u00edctor Alvarado","@id":"https:\/\/www.cope.es\/blogs\/cine-y-libertad\/#\/schema\/person\/c95904a4fbf751a8d9124f8fa8bdaace"},"headline":"Bowie de la A a la Z vs Rayo rojo-Andy Warhol y la cultura pop en todos los sentidos","datePublished":"2022-08-11T08:21:37+00:00","dateModified":"2022-08-11T08:25:47+00:00","mainEntityOfPage":{"@id":"https:\/\/www.cope.es\/blogs\/cine-y-libertad\/2022\/08\/11\/bowie-de-la-a-a-la-z-vs-rayo-rojo-andy-warhol-y-la-cultura-pop-en-todos-los-sentidos\/"},"wordCount":232,"commentCount":0,"image":{"@id":"https:\/\/www.cope.es\/blogs\/cine-y-libertad\/2022\/08\/11\/bowie-de-la-a-a-la-z-vs-rayo-rojo-andy-warhol-y-la-cultura-pop-en-todos-los-sentidos\/#primaryimage"},"thumbnailUrl":"https:\/\/www.cope.es\/blogs\/cine-y-libertad\/wp-content\/uploads\/sites\/7\/2022\/07\/bowie1.jpg","keywords":["Andy Warhol","Bowie","cultura pop","David Bowie","m\u00fasica","pop","redbook","Rock"],"articleSection":["c\u00f3mics","musical","periodismo","pop","radio","rock"],"inLanguage":"es","potentialAction":[{"@type":"CommentAction","name":"Comment","target":["https:\/\/www.cope.es\/blogs\/cine-y-libertad\/2022\/08\/11\/bowie-de-la-a-a-la-z-vs-rayo-rojo-andy-warhol-y-la-cultura-pop-en-todos-los-sentidos\/#respond"]}]},{"@type":"WebPage","@id":"https:\/\/www.cope.es\/blogs\/cine-y-libertad\/2022\/08\/11\/bowie-de-la-a-a-la-z-vs-rayo-rojo-andy-warhol-y-la-cultura-pop-en-todos-los-sentidos\/","url":"https:\/\/www.cope.es\/blogs\/cine-y-libertad\/2022\/08\/11\/bowie-de-la-a-a-la-z-vs-rayo-rojo-andy-warhol-y-la-cultura-pop-en-todos-los-sentidos\/","name":"Bowie de la A a la Z vs Rayo rojo-Andy Warhol y la cultura pop en todos los sentidos","isPartOf":{"@id":"https:\/\/www.cope.es\/blogs\/cine-y-libertad\/#website"},"primaryImageOfPage":{"@id":"https:\/\/www.cope.es\/blogs\/cine-y-libertad\/2022\/08\/11\/bowie-de-la-a-a-la-z-vs-rayo-rojo-andy-warhol-y-la-cultura-pop-en-todos-los-sentidos\/#primaryimage"},"image":{"@id":"https:\/\/www.cope.es\/blogs\/cine-y-libertad\/2022\/08\/11\/bowie-de-la-a-a-la-z-vs-rayo-rojo-andy-warhol-y-la-cultura-pop-en-todos-los-sentidos\/#primaryimage"},"thumbnailUrl":"https:\/\/www.cope.es\/blogs\/cine-y-libertad\/wp-content\/uploads\/sites\/7\/2022\/07\/bowie1.jpg","datePublished":"2022-08-11T08:21:37+00:00","dateModified":"2022-08-11T08:25:47+00:00","author":{"@id":"https:\/\/www.cope.es\/blogs\/cine-y-libertad\/#\/schema\/person\/c95904a4fbf751a8d9124f8fa8bdaace"},"description":"Bowie de la A a la Z vs Rayo rojo-Andy Warhol y la cultura pop en todos los sentidos. \u00bfCu\u00e1les son las claves de estos libros ilustrados?","breadcrumb":{"@id":"https:\/\/www.cope.es\/blogs\/cine-y-libertad\/2022\/08\/11\/bowie-de-la-a-a-la-z-vs-rayo-rojo-andy-warhol-y-la-cultura-pop-en-todos-los-sentidos\/#breadcrumb"},"inLanguage":"es","potentialAction":[{"@type":"ReadAction","target":["https:\/\/www.cope.es\/blogs\/cine-y-libertad\/2022\/08\/11\/bowie-de-la-a-a-la-z-vs-rayo-rojo-andy-warhol-y-la-cultura-pop-en-todos-los-sentidos\/"]}]},{"@type":"ImageObject","inLanguage":"es","@id":"https:\/\/www.cope.es\/blogs\/cine-y-libertad\/2022\/08\/11\/bowie-de-la-a-a-la-z-vs-rayo-rojo-andy-warhol-y-la-cultura-pop-en-todos-los-sentidos\/#primaryimage","url":"https:\/\/www.cope.es\/blogs\/cine-y-libertad\/wp-content\/uploads\/sites\/7\/2022\/07\/bowie1.jpg","contentUrl":"https:\/\/www.cope.es\/blogs\/cine-y-libertad\/wp-content\/uploads\/sites\/7\/2022\/07\/bowie1.jpg","width":552,"height":678},{"@type":"BreadcrumbList","@id":"https:\/\/www.cope.es\/blogs\/cine-y-libertad\/2022\/08\/11\/bowie-de-la-a-a-la-z-vs-rayo-rojo-andy-warhol-y-la-cultura-pop-en-todos-los-sentidos\/#breadcrumb","itemListElement":[{"@type":"ListItem","position":1,"name":"Portada","item":"https:\/\/www.cope.es\/blogs\/cine-y-libertad\/"},{"@type":"ListItem","position":2,"name":"Bowie de la A a la Z vs Rayo rojo-Andy Warhol y la cultura pop en todos los sentidos"}]},{"@type":"WebSite","@id":"https:\/\/www.cope.es\/blogs\/cine-y-libertad\/#website","url":"https:\/\/www.cope.es\/blogs\/cine-y-libertad\/","name":"Cine y Libertad","description":"Cine y Libertad un blog de COPE","potentialAction":[{"@type":"SearchAction","target":{"@type":"EntryPoint","urlTemplate":"https:\/\/www.cope.es\/blogs\/cine-y-libertad\/?s={search_term_string}"},"query-input":{"@type":"PropertyValueSpecification","valueRequired":true,"valueName":"search_term_string"}}],"inLanguage":"es"},{"@type":"Person","@id":"https:\/\/www.cope.es\/blogs\/cine-y-libertad\/#\/schema\/person\/c95904a4fbf751a8d9124f8fa8bdaace","name":"V\u00edctor Alvarado","image":{"@type":"ImageObject","inLanguage":"es","@id":"https:\/\/secure.gravatar.com\/avatar\/db4634ae2001f7f920b8294d926f3e737ada04196e014ebacae29a4848f905f4?s=96&d=mm&r=g","url":"https:\/\/secure.gravatar.com\/avatar\/db4634ae2001f7f920b8294d926f3e737ada04196e014ebacae29a4848f905f4?s=96&d=mm&r=g","contentUrl":"https:\/\/secure.gravatar.com\/avatar\/db4634ae2001f7f920b8294d926f3e737ada04196e014ebacae29a4848f905f4?s=96&d=mm&r=g","caption":"V\u00edctor Alvarado"},"description":"V\u00edctor Alvarado tiene una larga experiencia tanto en medios de comunicaci\u00f3n como en educaci\u00f3n. Dirige el programa de radio, Directo a las Estrellas, en Intereconom\u00eda (Castilla y Le\u00f3n) y Informa Radio en toda Espa\u00f1a. Ha colaborado en Radio Inter y Esradio. Cr\u00edtico de cine en Pantalla 90, Diario Ya y P\u00e1ginas Digital. Es miembro del CEC. Es el autor de libro: La fe, la \u00e9tica y los valores de los superh\u00e9roes (PPC). Esta es su web: www.cineylibertad.com y, por supuesto, lleva m\u00e1s de 5 a\u00f1os como bloguero de Cope, donde analiza el cine, los c\u00f3mics y los libros desde una \u00f3ptica antropol\u00f3gica y axiol\u00f3gica, atendiendo a todas las dimensiones del ser humano.","sameAs":["http:\/\/www.cineylibertad.com","https:\/\/www.facebook.com\/victor.alvarado.56829446","https:\/\/www.instagram.com\/cineylibertad\/","https:\/\/x.com\/cineylibertad"],"url":"https:\/\/www.cope.es\/blogs\/cine-y-libertad\/author\/valvarado\/"}]}},"amp_enabled":true,"_links":{"self":[{"href":"https:\/\/www.cope.es\/blogs\/cine-y-libertad\/wp-json\/wp\/v2\/posts\/4392","targetHints":{"allow":["GET"]}}],"collection":[{"href":"https:\/\/www.cope.es\/blogs\/cine-y-libertad\/wp-json\/wp\/v2\/posts"}],"about":[{"href":"https:\/\/www.cope.es\/blogs\/cine-y-libertad\/wp-json\/wp\/v2\/types\/post"}],"author":[{"embeddable":true,"href":"https:\/\/www.cope.es\/blogs\/cine-y-libertad\/wp-json\/wp\/v2\/users\/7"}],"replies":[{"embeddable":true,"href":"https:\/\/www.cope.es\/blogs\/cine-y-libertad\/wp-json\/wp\/v2\/comments?post=4392"}],"version-history":[{"count":2,"href":"https:\/\/www.cope.es\/blogs\/cine-y-libertad\/wp-json\/wp\/v2\/posts\/4392\/revisions"}],"predecessor-version":[{"id":4428,"href":"https:\/\/www.cope.es\/blogs\/cine-y-libertad\/wp-json\/wp\/v2\/posts\/4392\/revisions\/4428"}],"wp:featuredmedia":[{"embeddable":true,"href":"https:\/\/www.cope.es\/blogs\/cine-y-libertad\/wp-json\/wp\/v2\/media\/4395"}],"wp:attachment":[{"href":"https:\/\/www.cope.es\/blogs\/cine-y-libertad\/wp-json\/wp\/v2\/media?parent=4392"}],"wp:term":[{"taxonomy":"category","embeddable":true,"href":"https:\/\/www.cope.es\/blogs\/cine-y-libertad\/wp-json\/wp\/v2\/categories?post=4392"},{"taxonomy":"post_tag","embeddable":true,"href":"https:\/\/www.cope.es\/blogs\/cine-y-libertad\/wp-json\/wp\/v2\/tags?post=4392"}],"curies":[{"name":"wp","href":"https:\/\/api.w.org\/{rel}","templated":true}]}}