{"id":4290,"date":"2022-07-03T16:41:57","date_gmt":"2022-07-03T14:41:57","guid":{"rendered":"http:\/\/www.cope.es\/blogs\/cine-y-libertad\/?p=4290"},"modified":"2022-07-03T16:51:16","modified_gmt":"2022-07-03T14:51:16","slug":"minions-el-origen-de-gru-gran-ambientacion-setentera-y-una-malvada-monja-sin-venir-a-cuento","status":"publish","type":"post","link":"https:\/\/www.cope.es\/blogs\/cine-y-libertad\/2022\/07\/03\/minions-el-origen-de-gru-gran-ambientacion-setentera-y-una-malvada-monja-sin-venir-a-cuento\/","title":{"rendered":"Minions: El origen de Gru-Gran ambientaci\u00f3n setentera y una malvada monja sin venir a cuento"},"content":{"rendered":"<div id=\"scroll-programa\" class=\"tiny-scrollbar\">\n<div class=\"viewport viewport-md\">\n<div class=\"overview\">\n<p><a href=\"https:\/\/www.ivoox.com\/minions-el-origen-gru-gran-ambientacion-setentera-y-audios-mp3_rf_89297269_1.html\">Minions: El origen de Gru-Gran ambientaci\u00f3n setentera y una malvada monja sin venir a cuento<\/a>. \u00bfTodo es v\u00e1lido en favor del beneficio econ\u00f3mico?<\/p>\n<p>Aqu\u00ed puedes escuchar mi comentario&#8230;<\/p>\n<p><img loading=\"lazy\" decoding=\"async\" width=\"280\" height=\"180\" class=\"alignnone size-full wp-image-4291\" src=\"http:\/\/www.cope.es\/blogs\/cine-y-libertad\/wp-content\/uploads\/sites\/7\/2022\/07\/minions.jpg\" alt=\"\" \/><\/p>\n<audio class=\"wp-audio-shortcode\" id=\"audio-4290-1\" preload=\"none\" style=\"width: 100%;\" controls=\"controls\"><source type=\"audio\/mpeg\" src=\"https:\/\/www.ivoox.com\/minions-el-origen-gru-gran-ambientacion-setentera-y_md_89297269_wp_1.mp3?_=1\" \/><a href=\"https:\/\/www.ivoox.com\/minions-el-origen-gru-gran-ambientacion-setentera-y_md_89297269_wp_1.mp3\">https:\/\/www.ivoox.com\/minions-el-origen-gru-gran-ambientacion-setentera-y_md_89297269_wp_1.mp3<\/a><\/audio>\n<p><a title=\"Minions: El origen de Gru-Gran ambientaci\u00f3n setentera y una malvada monja sin venir a cuento\" href=\"https:\/\/go.ivoox.com\/rf\/89297269\">Ir a descargar<\/a><br \/>\n\u00a1Lectores y amigos de Cine y Libertad!<\/p>\n<p>Sinopsis oficial:<\/p>\n<\/div>\n<\/div>\n<\/div>\n<p>Cuando Los Salvajes Seis echan a su jefe, el legendario luchador Wild Knudillos, <a href=\"https:\/\/www.ivoox.com\/minions-el-origen-gru-gran-ambientacion-setentera-y-audios-mp3_rf_89297269_1.html\">Gru<\/a> decide hacer la entrevista para que lo acepten como miembro del grupo. Pero fracasa en el intento y la cosa se pone a\u00fan m\u00e1s fea cuando intenta demostrar ser m\u00e1s astuto que ellos y acaba convirti\u00e9ndose en su enemigo mortal. Tratando de huir, Gru recurrir\u00e1 a la insospechada ayuda del propio Wild Knudillos y descubrir\u00e1 que hasta las mentes m\u00e1s perversas necesitan de vez en cuando la ayuda de sus amigos.<\/p>\n<div id=\"scroll-programa\" class=\"tiny-scrollbar\">\n<div class=\"viewport viewport-md\">\n<div class=\"overview\">\n<div>Facebook: <a href=\"https:\/\/www.facebook.com\/victor.alvarado.56829446\" target=\"_blank\">https:\/\/www.facebook.com\/victor.alvarado.56829446<\/a><\/div>\n<\/div>\n<\/div>\n<\/div>\n<p>Twitter:<span class=\"r-18u37iz\"><a class=\"css-4rbku5 css-18t94o4 css-901oao css-16my406 r-1n1174f r-1loqt21 r-poiln3 r-bcqeeo r-qvutc0\" href=\"https:\/\/twitter.com\/cineylibertad\">@cineylibertad<\/a><\/span><\/p>\n","protected":false},"excerpt":{"rendered":"<p>Minions: El origen de Gru-Gran ambientaci\u00f3n setentera y una malvada monja sin venir a cuento. \u00bfTodo es v\u00e1lido en favor del beneficio econ\u00f3mico? Aqu\u00ed puedes escuchar mi comentario&#8230; Ir a descargar \u00a1Lectores y amigos de Cine y Libertad! Sinopsis oficial: Cuando Los Salvajes Seis echan a su jefe, el legendario luchador Wild Knudillos, Gru decide [&hellip;]<\/p>\n","protected":false},"author":7,"featured_media":4291,"comment_status":"open","ping_status":"open","sticky":false,"template":"","format":"standard","meta":{"footnotes":""},"categories":[92,17,104,52],"tags":[91,706,708,707],"class_list":["post-4290","post","type-post","status-publish","format-standard","has-post-thumbnail","hentry","category-animacion","category-hollywood","category-humor","category-infancia","tag-animacion","tag-gru","tag-humor","tag-minions"],"yoast_head":"<!-- This site is optimized with the Yoast SEO plugin v27.4 - https:\/\/yoast.com\/product\/yoast-seo-wordpress\/ -->\n<title>Minions: El origen de Gru-Gran ambientaci\u00f3n setentera y una malvada monja sin venir a cuento<\/title>\n<meta name=\"description\" content=\"Minions: El origen de Gru-Gran ambientaci\u00f3n setentera y una malvada monja sin venir a cuento. \u00bfTodo es v\u00e1lido en favor del beneficio econ\u00f3mico?\" \/>\n<meta name=\"robots\" content=\"index, follow, max-snippet:-1, max-image-preview:large, max-video-preview:-1\" \/>\n<link rel=\"canonical\" href=\"https:\/\/www.cope.es\/blogs\/cine-y-libertad\/2022\/07\/03\/minions-el-origen-de-gru-gran-ambientacion-setentera-y-una-malvada-monja-sin-venir-a-cuento\/\" \/>\n<meta property=\"og:locale\" content=\"es_ES\" \/>\n<meta property=\"og:type\" content=\"article\" \/>\n<meta property=\"og:title\" content=\"Minions: El origen de Gru-Gran ambientaci\u00f3n setentera y una malvada monja sin venir a cuento\" \/>\n<meta property=\"og:description\" content=\"Minions: El origen de Gru-Gran ambientaci\u00f3n setentera y una malvada monja sin venir a cuento. \u00bfTodo es v\u00e1lido en favor del beneficio econ\u00f3mico?\" \/>\n<meta property=\"og:url\" content=\"https:\/\/www.cope.es\/blogs\/cine-y-libertad\/2022\/07\/03\/minions-el-origen-de-gru-gran-ambientacion-setentera-y-una-malvada-monja-sin-venir-a-cuento\/\" \/>\n<meta property=\"og:site_name\" content=\"Cine y Libertad\" \/>\n<meta property=\"article:publisher\" content=\"https:\/\/www.facebook.com\/cope\/\" \/>\n<meta property=\"article:author\" content=\"https:\/\/www.facebook.com\/victor.alvarado.56829446\" \/>\n<meta property=\"article:published_time\" content=\"2022-07-03T14:41:57+00:00\" \/>\n<meta property=\"article:modified_time\" content=\"2022-07-03T14:51:16+00:00\" \/>\n<meta property=\"og:image\" content=\"https:\/\/www.cope.es\/blogs\/cine-y-libertad\/wp-content\/uploads\/sites\/7\/2022\/07\/minions.jpg\" \/>\n\t<meta property=\"og:image:width\" content=\"280\" \/>\n\t<meta property=\"og:image:height\" content=\"180\" \/>\n\t<meta property=\"og:image:type\" content=\"image\/jpeg\" \/>\n<meta name=\"author\" content=\"V\u00edctor Alvarado\" \/>\n<meta name=\"twitter:card\" content=\"summary_large_image\" \/>\n<meta name=\"twitter:creator\" content=\"@cineylibertad\" \/>\n<meta name=\"twitter:site\" content=\"@cope_es\" \/>\n<meta name=\"twitter:label1\" content=\"Escrito por\" \/>\n\t<meta name=\"twitter:data1\" content=\"V\u00edctor Alvarado\" \/>\n\t<meta name=\"twitter:label2\" content=\"Tiempo de lectura\" \/>\n\t<meta name=\"twitter:data2\" content=\"1 minuto\" \/>\n<script type=\"application\/ld+json\" class=\"yoast-schema-graph\">{\"@context\":\"https:\\\/\\\/schema.org\",\"@graph\":[{\"@type\":\"Article\",\"@id\":\"https:\\\/\\\/www.cope.es\\\/blogs\\\/cine-y-libertad\\\/2022\\\/07\\\/03\\\/minions-el-origen-de-gru-gran-ambientacion-setentera-y-una-malvada-monja-sin-venir-a-cuento\\\/#article\",\"isPartOf\":{\"@id\":\"https:\\\/\\\/www.cope.es\\\/blogs\\\/cine-y-libertad\\\/2022\\\/07\\\/03\\\/minions-el-origen-de-gru-gran-ambientacion-setentera-y-una-malvada-monja-sin-venir-a-cuento\\\/\"},\"author\":{\"name\":\"V\u00edctor Alvarado\",\"@id\":\"https:\\\/\\\/www.cope.es\\\/blogs\\\/cine-y-libertad\\\/#\\\/schema\\\/person\\\/c95904a4fbf751a8d9124f8fa8bdaace\"},\"headline\":\"Minions: El origen de Gru-Gran ambientaci\u00f3n setentera y una malvada monja sin venir a cuento\",\"datePublished\":\"2022-07-03T14:41:57+00:00\",\"dateModified\":\"2022-07-03T14:51:16+00:00\",\"mainEntityOfPage\":{\"@id\":\"https:\\\/\\\/www.cope.es\\\/blogs\\\/cine-y-libertad\\\/2022\\\/07\\\/03\\\/minions-el-origen-de-gru-gran-ambientacion-setentera-y-una-malvada-monja-sin-venir-a-cuento\\\/\"},\"wordCount\":168,\"commentCount\":0,\"image\":{\"@id\":\"https:\\\/\\\/www.cope.es\\\/blogs\\\/cine-y-libertad\\\/2022\\\/07\\\/03\\\/minions-el-origen-de-gru-gran-ambientacion-setentera-y-una-malvada-monja-sin-venir-a-cuento\\\/#primaryimage\"},\"thumbnailUrl\":\"https:\\\/\\\/www.cope.es\\\/blogs\\\/cine-y-libertad\\\/wp-content\\\/uploads\\\/sites\\\/7\\\/2022\\\/07\\\/minions.jpg\",\"keywords\":[\"animaci\u00f3n\",\"Gru\",\"humor\",\"Minions\"],\"articleSection\":[\"animaci\u00f3n\",\"Hollywood\",\"humor\",\"infancia\"],\"inLanguage\":\"es\",\"potentialAction\":[{\"@type\":\"CommentAction\",\"name\":\"Comment\",\"target\":[\"https:\\\/\\\/www.cope.es\\\/blogs\\\/cine-y-libertad\\\/2022\\\/07\\\/03\\\/minions-el-origen-de-gru-gran-ambientacion-setentera-y-una-malvada-monja-sin-venir-a-cuento\\\/#respond\"]}]},{\"@type\":\"WebPage\",\"@id\":\"https:\\\/\\\/www.cope.es\\\/blogs\\\/cine-y-libertad\\\/2022\\\/07\\\/03\\\/minions-el-origen-de-gru-gran-ambientacion-setentera-y-una-malvada-monja-sin-venir-a-cuento\\\/\",\"url\":\"https:\\\/\\\/www.cope.es\\\/blogs\\\/cine-y-libertad\\\/2022\\\/07\\\/03\\\/minions-el-origen-de-gru-gran-ambientacion-setentera-y-una-malvada-monja-sin-venir-a-cuento\\\/\",\"name\":\"Minions: El origen de Gru-Gran ambientaci\u00f3n setentera y una malvada monja sin venir a cuento\",\"isPartOf\":{\"@id\":\"https:\\\/\\\/www.cope.es\\\/blogs\\\/cine-y-libertad\\\/#website\"},\"primaryImageOfPage\":{\"@id\":\"https:\\\/\\\/www.cope.es\\\/blogs\\\/cine-y-libertad\\\/2022\\\/07\\\/03\\\/minions-el-origen-de-gru-gran-ambientacion-setentera-y-una-malvada-monja-sin-venir-a-cuento\\\/#primaryimage\"},\"image\":{\"@id\":\"https:\\\/\\\/www.cope.es\\\/blogs\\\/cine-y-libertad\\\/2022\\\/07\\\/03\\\/minions-el-origen-de-gru-gran-ambientacion-setentera-y-una-malvada-monja-sin-venir-a-cuento\\\/#primaryimage\"},\"thumbnailUrl\":\"https:\\\/\\\/www.cope.es\\\/blogs\\\/cine-y-libertad\\\/wp-content\\\/uploads\\\/sites\\\/7\\\/2022\\\/07\\\/minions.jpg\",\"datePublished\":\"2022-07-03T14:41:57+00:00\",\"dateModified\":\"2022-07-03T14:51:16+00:00\",\"author\":{\"@id\":\"https:\\\/\\\/www.cope.es\\\/blogs\\\/cine-y-libertad\\\/#\\\/schema\\\/person\\\/c95904a4fbf751a8d9124f8fa8bdaace\"},\"description\":\"Minions: El origen de Gru-Gran ambientaci\u00f3n setentera y una malvada monja sin venir a cuento. \u00bfTodo es v\u00e1lido en favor del beneficio econ\u00f3mico?\",\"breadcrumb\":{\"@id\":\"https:\\\/\\\/www.cope.es\\\/blogs\\\/cine-y-libertad\\\/2022\\\/07\\\/03\\\/minions-el-origen-de-gru-gran-ambientacion-setentera-y-una-malvada-monja-sin-venir-a-cuento\\\/#breadcrumb\"},\"inLanguage\":\"es\",\"potentialAction\":[{\"@type\":\"ReadAction\",\"target\":[\"https:\\\/\\\/www.cope.es\\\/blogs\\\/cine-y-libertad\\\/2022\\\/07\\\/03\\\/minions-el-origen-de-gru-gran-ambientacion-setentera-y-una-malvada-monja-sin-venir-a-cuento\\\/\"]}]},{\"@type\":\"ImageObject\",\"inLanguage\":\"es\",\"@id\":\"https:\\\/\\\/www.cope.es\\\/blogs\\\/cine-y-libertad\\\/2022\\\/07\\\/03\\\/minions-el-origen-de-gru-gran-ambientacion-setentera-y-una-malvada-monja-sin-venir-a-cuento\\\/#primaryimage\",\"url\":\"https:\\\/\\\/www.cope.es\\\/blogs\\\/cine-y-libertad\\\/wp-content\\\/uploads\\\/sites\\\/7\\\/2022\\\/07\\\/minions.jpg\",\"contentUrl\":\"https:\\\/\\\/www.cope.es\\\/blogs\\\/cine-y-libertad\\\/wp-content\\\/uploads\\\/sites\\\/7\\\/2022\\\/07\\\/minions.jpg\",\"width\":280,\"height\":180},{\"@type\":\"BreadcrumbList\",\"@id\":\"https:\\\/\\\/www.cope.es\\\/blogs\\\/cine-y-libertad\\\/2022\\\/07\\\/03\\\/minions-el-origen-de-gru-gran-ambientacion-setentera-y-una-malvada-monja-sin-venir-a-cuento\\\/#breadcrumb\",\"itemListElement\":[{\"@type\":\"ListItem\",\"position\":1,\"name\":\"Portada\",\"item\":\"https:\\\/\\\/www.cope.es\\\/blogs\\\/cine-y-libertad\\\/\"},{\"@type\":\"ListItem\",\"position\":2,\"name\":\"Minions: El origen de Gru-Gran ambientaci\u00f3n setentera y una malvada monja sin venir a cuento\"}]},{\"@type\":\"WebSite\",\"@id\":\"https:\\\/\\\/www.cope.es\\\/blogs\\\/cine-y-libertad\\\/#website\",\"url\":\"https:\\\/\\\/www.cope.es\\\/blogs\\\/cine-y-libertad\\\/\",\"name\":\"Cine y Libertad\",\"description\":\"Cine y Libertad un blog de COPE\",\"potentialAction\":[{\"@type\":\"SearchAction\",\"target\":{\"@type\":\"EntryPoint\",\"urlTemplate\":\"https:\\\/\\\/www.cope.es\\\/blogs\\\/cine-y-libertad\\\/?s={search_term_string}\"},\"query-input\":{\"@type\":\"PropertyValueSpecification\",\"valueRequired\":true,\"valueName\":\"search_term_string\"}}],\"inLanguage\":\"es\"},{\"@type\":\"Person\",\"@id\":\"https:\\\/\\\/www.cope.es\\\/blogs\\\/cine-y-libertad\\\/#\\\/schema\\\/person\\\/c95904a4fbf751a8d9124f8fa8bdaace\",\"name\":\"V\u00edctor Alvarado\",\"image\":{\"@type\":\"ImageObject\",\"inLanguage\":\"es\",\"@id\":\"https:\\\/\\\/secure.gravatar.com\\\/avatar\\\/db4634ae2001f7f920b8294d926f3e737ada04196e014ebacae29a4848f905f4?s=96&d=mm&r=g\",\"url\":\"https:\\\/\\\/secure.gravatar.com\\\/avatar\\\/db4634ae2001f7f920b8294d926f3e737ada04196e014ebacae29a4848f905f4?s=96&d=mm&r=g\",\"contentUrl\":\"https:\\\/\\\/secure.gravatar.com\\\/avatar\\\/db4634ae2001f7f920b8294d926f3e737ada04196e014ebacae29a4848f905f4?s=96&d=mm&r=g\",\"caption\":\"V\u00edctor Alvarado\"},\"description\":\"V\u00edctor Alvarado tiene una larga experiencia tanto en medios de comunicaci\u00f3n como en educaci\u00f3n. Dirige el programa de radio, Directo a las Estrellas, en Intereconom\u00eda (Castilla y Le\u00f3n) y Informa Radio en toda Espa\u00f1a. Ha colaborado en Radio Inter y Esradio. Cr\u00edtico de cine en Pantalla 90, Diario Ya y P\u00e1ginas Digital. Es miembro del CEC. Es el autor de libro: La fe, la \u00e9tica y los valores de los superh\u00e9roes (PPC). Esta es su web: www.cineylibertad.com y, por supuesto, lleva m\u00e1s de 5 a\u00f1os como bloguero de Cope, donde analiza el cine, los c\u00f3mics y los libros desde una \u00f3ptica antropol\u00f3gica y axiol\u00f3gica, atendiendo a todas las dimensiones del ser humano.\",\"sameAs\":[\"http:\\\/\\\/www.cineylibertad.com\",\"https:\\\/\\\/www.facebook.com\\\/victor.alvarado.56829446\",\"https:\\\/\\\/www.instagram.com\\\/cineylibertad\\\/\",\"https:\\\/\\\/x.com\\\/cineylibertad\"],\"url\":\"https:\\\/\\\/www.cope.es\\\/blogs\\\/cine-y-libertad\\\/author\\\/valvarado\\\/\"}]}<\/script>\n<!-- \/ Yoast SEO plugin. -->","yoast_head_json":{"title":"Minions: El origen de Gru-Gran ambientaci\u00f3n setentera y una malvada monja sin venir a cuento","description":"Minions: El origen de Gru-Gran ambientaci\u00f3n setentera y una malvada monja sin venir a cuento. \u00bfTodo es v\u00e1lido en favor del beneficio econ\u00f3mico?","robots":{"index":"index","follow":"follow","max-snippet":"max-snippet:-1","max-image-preview":"max-image-preview:large","max-video-preview":"max-video-preview:-1"},"canonical":"https:\/\/www.cope.es\/blogs\/cine-y-libertad\/2022\/07\/03\/minions-el-origen-de-gru-gran-ambientacion-setentera-y-una-malvada-monja-sin-venir-a-cuento\/","og_locale":"es_ES","og_type":"article","og_title":"Minions: El origen de Gru-Gran ambientaci\u00f3n setentera y una malvada monja sin venir a cuento","og_description":"Minions: El origen de Gru-Gran ambientaci\u00f3n setentera y una malvada monja sin venir a cuento. \u00bfTodo es v\u00e1lido en favor del beneficio econ\u00f3mico?","og_url":"https:\/\/www.cope.es\/blogs\/cine-y-libertad\/2022\/07\/03\/minions-el-origen-de-gru-gran-ambientacion-setentera-y-una-malvada-monja-sin-venir-a-cuento\/","og_site_name":"Cine y Libertad","article_publisher":"https:\/\/www.facebook.com\/cope\/","article_author":"https:\/\/www.facebook.com\/victor.alvarado.56829446","article_published_time":"2022-07-03T14:41:57+00:00","article_modified_time":"2022-07-03T14:51:16+00:00","og_image":[{"width":280,"height":180,"url":"https:\/\/www.cope.es\/blogs\/cine-y-libertad\/wp-content\/uploads\/sites\/7\/2022\/07\/minions.jpg","type":"image\/jpeg"}],"author":"V\u00edctor Alvarado","twitter_card":"summary_large_image","twitter_creator":"@cineylibertad","twitter_site":"@cope_es","twitter_misc":{"Escrito por":"V\u00edctor Alvarado","Tiempo de lectura":"1 minuto"},"schema":{"@context":"https:\/\/schema.org","@graph":[{"@type":"Article","@id":"https:\/\/www.cope.es\/blogs\/cine-y-libertad\/2022\/07\/03\/minions-el-origen-de-gru-gran-ambientacion-setentera-y-una-malvada-monja-sin-venir-a-cuento\/#article","isPartOf":{"@id":"https:\/\/www.cope.es\/blogs\/cine-y-libertad\/2022\/07\/03\/minions-el-origen-de-gru-gran-ambientacion-setentera-y-una-malvada-monja-sin-venir-a-cuento\/"},"author":{"name":"V\u00edctor Alvarado","@id":"https:\/\/www.cope.es\/blogs\/cine-y-libertad\/#\/schema\/person\/c95904a4fbf751a8d9124f8fa8bdaace"},"headline":"Minions: El origen de Gru-Gran ambientaci\u00f3n setentera y una malvada monja sin venir a cuento","datePublished":"2022-07-03T14:41:57+00:00","dateModified":"2022-07-03T14:51:16+00:00","mainEntityOfPage":{"@id":"https:\/\/www.cope.es\/blogs\/cine-y-libertad\/2022\/07\/03\/minions-el-origen-de-gru-gran-ambientacion-setentera-y-una-malvada-monja-sin-venir-a-cuento\/"},"wordCount":168,"commentCount":0,"image":{"@id":"https:\/\/www.cope.es\/blogs\/cine-y-libertad\/2022\/07\/03\/minions-el-origen-de-gru-gran-ambientacion-setentera-y-una-malvada-monja-sin-venir-a-cuento\/#primaryimage"},"thumbnailUrl":"https:\/\/www.cope.es\/blogs\/cine-y-libertad\/wp-content\/uploads\/sites\/7\/2022\/07\/minions.jpg","keywords":["animaci\u00f3n","Gru","humor","Minions"],"articleSection":["animaci\u00f3n","Hollywood","humor","infancia"],"inLanguage":"es","potentialAction":[{"@type":"CommentAction","name":"Comment","target":["https:\/\/www.cope.es\/blogs\/cine-y-libertad\/2022\/07\/03\/minions-el-origen-de-gru-gran-ambientacion-setentera-y-una-malvada-monja-sin-venir-a-cuento\/#respond"]}]},{"@type":"WebPage","@id":"https:\/\/www.cope.es\/blogs\/cine-y-libertad\/2022\/07\/03\/minions-el-origen-de-gru-gran-ambientacion-setentera-y-una-malvada-monja-sin-venir-a-cuento\/","url":"https:\/\/www.cope.es\/blogs\/cine-y-libertad\/2022\/07\/03\/minions-el-origen-de-gru-gran-ambientacion-setentera-y-una-malvada-monja-sin-venir-a-cuento\/","name":"Minions: El origen de Gru-Gran ambientaci\u00f3n setentera y una malvada monja sin venir a cuento","isPartOf":{"@id":"https:\/\/www.cope.es\/blogs\/cine-y-libertad\/#website"},"primaryImageOfPage":{"@id":"https:\/\/www.cope.es\/blogs\/cine-y-libertad\/2022\/07\/03\/minions-el-origen-de-gru-gran-ambientacion-setentera-y-una-malvada-monja-sin-venir-a-cuento\/#primaryimage"},"image":{"@id":"https:\/\/www.cope.es\/blogs\/cine-y-libertad\/2022\/07\/03\/minions-el-origen-de-gru-gran-ambientacion-setentera-y-una-malvada-monja-sin-venir-a-cuento\/#primaryimage"},"thumbnailUrl":"https:\/\/www.cope.es\/blogs\/cine-y-libertad\/wp-content\/uploads\/sites\/7\/2022\/07\/minions.jpg","datePublished":"2022-07-03T14:41:57+00:00","dateModified":"2022-07-03T14:51:16+00:00","author":{"@id":"https:\/\/www.cope.es\/blogs\/cine-y-libertad\/#\/schema\/person\/c95904a4fbf751a8d9124f8fa8bdaace"},"description":"Minions: El origen de Gru-Gran ambientaci\u00f3n setentera y una malvada monja sin venir a cuento. \u00bfTodo es v\u00e1lido en favor del beneficio econ\u00f3mico?","breadcrumb":{"@id":"https:\/\/www.cope.es\/blogs\/cine-y-libertad\/2022\/07\/03\/minions-el-origen-de-gru-gran-ambientacion-setentera-y-una-malvada-monja-sin-venir-a-cuento\/#breadcrumb"},"inLanguage":"es","potentialAction":[{"@type":"ReadAction","target":["https:\/\/www.cope.es\/blogs\/cine-y-libertad\/2022\/07\/03\/minions-el-origen-de-gru-gran-ambientacion-setentera-y-una-malvada-monja-sin-venir-a-cuento\/"]}]},{"@type":"ImageObject","inLanguage":"es","@id":"https:\/\/www.cope.es\/blogs\/cine-y-libertad\/2022\/07\/03\/minions-el-origen-de-gru-gran-ambientacion-setentera-y-una-malvada-monja-sin-venir-a-cuento\/#primaryimage","url":"https:\/\/www.cope.es\/blogs\/cine-y-libertad\/wp-content\/uploads\/sites\/7\/2022\/07\/minions.jpg","contentUrl":"https:\/\/www.cope.es\/blogs\/cine-y-libertad\/wp-content\/uploads\/sites\/7\/2022\/07\/minions.jpg","width":280,"height":180},{"@type":"BreadcrumbList","@id":"https:\/\/www.cope.es\/blogs\/cine-y-libertad\/2022\/07\/03\/minions-el-origen-de-gru-gran-ambientacion-setentera-y-una-malvada-monja-sin-venir-a-cuento\/#breadcrumb","itemListElement":[{"@type":"ListItem","position":1,"name":"Portada","item":"https:\/\/www.cope.es\/blogs\/cine-y-libertad\/"},{"@type":"ListItem","position":2,"name":"Minions: El origen de Gru-Gran ambientaci\u00f3n setentera y una malvada monja sin venir a cuento"}]},{"@type":"WebSite","@id":"https:\/\/www.cope.es\/blogs\/cine-y-libertad\/#website","url":"https:\/\/www.cope.es\/blogs\/cine-y-libertad\/","name":"Cine y Libertad","description":"Cine y Libertad un blog de COPE","potentialAction":[{"@type":"SearchAction","target":{"@type":"EntryPoint","urlTemplate":"https:\/\/www.cope.es\/blogs\/cine-y-libertad\/?s={search_term_string}"},"query-input":{"@type":"PropertyValueSpecification","valueRequired":true,"valueName":"search_term_string"}}],"inLanguage":"es"},{"@type":"Person","@id":"https:\/\/www.cope.es\/blogs\/cine-y-libertad\/#\/schema\/person\/c95904a4fbf751a8d9124f8fa8bdaace","name":"V\u00edctor Alvarado","image":{"@type":"ImageObject","inLanguage":"es","@id":"https:\/\/secure.gravatar.com\/avatar\/db4634ae2001f7f920b8294d926f3e737ada04196e014ebacae29a4848f905f4?s=96&d=mm&r=g","url":"https:\/\/secure.gravatar.com\/avatar\/db4634ae2001f7f920b8294d926f3e737ada04196e014ebacae29a4848f905f4?s=96&d=mm&r=g","contentUrl":"https:\/\/secure.gravatar.com\/avatar\/db4634ae2001f7f920b8294d926f3e737ada04196e014ebacae29a4848f905f4?s=96&d=mm&r=g","caption":"V\u00edctor Alvarado"},"description":"V\u00edctor Alvarado tiene una larga experiencia tanto en medios de comunicaci\u00f3n como en educaci\u00f3n. Dirige el programa de radio, Directo a las Estrellas, en Intereconom\u00eda (Castilla y Le\u00f3n) y Informa Radio en toda Espa\u00f1a. Ha colaborado en Radio Inter y Esradio. Cr\u00edtico de cine en Pantalla 90, Diario Ya y P\u00e1ginas Digital. Es miembro del CEC. Es el autor de libro: La fe, la \u00e9tica y los valores de los superh\u00e9roes (PPC). Esta es su web: www.cineylibertad.com y, por supuesto, lleva m\u00e1s de 5 a\u00f1os como bloguero de Cope, donde analiza el cine, los c\u00f3mics y los libros desde una \u00f3ptica antropol\u00f3gica y axiol\u00f3gica, atendiendo a todas las dimensiones del ser humano.","sameAs":["http:\/\/www.cineylibertad.com","https:\/\/www.facebook.com\/victor.alvarado.56829446","https:\/\/www.instagram.com\/cineylibertad\/","https:\/\/x.com\/cineylibertad"],"url":"https:\/\/www.cope.es\/blogs\/cine-y-libertad\/author\/valvarado\/"}]}},"amp_enabled":true,"_links":{"self":[{"href":"https:\/\/www.cope.es\/blogs\/cine-y-libertad\/wp-json\/wp\/v2\/posts\/4290","targetHints":{"allow":["GET"]}}],"collection":[{"href":"https:\/\/www.cope.es\/blogs\/cine-y-libertad\/wp-json\/wp\/v2\/posts"}],"about":[{"href":"https:\/\/www.cope.es\/blogs\/cine-y-libertad\/wp-json\/wp\/v2\/types\/post"}],"author":[{"embeddable":true,"href":"https:\/\/www.cope.es\/blogs\/cine-y-libertad\/wp-json\/wp\/v2\/users\/7"}],"replies":[{"embeddable":true,"href":"https:\/\/www.cope.es\/blogs\/cine-y-libertad\/wp-json\/wp\/v2\/comments?post=4290"}],"version-history":[{"count":2,"href":"https:\/\/www.cope.es\/blogs\/cine-y-libertad\/wp-json\/wp\/v2\/posts\/4290\/revisions"}],"predecessor-version":[{"id":4304,"href":"https:\/\/www.cope.es\/blogs\/cine-y-libertad\/wp-json\/wp\/v2\/posts\/4290\/revisions\/4304"}],"wp:featuredmedia":[{"embeddable":true,"href":"https:\/\/www.cope.es\/blogs\/cine-y-libertad\/wp-json\/wp\/v2\/media\/4291"}],"wp:attachment":[{"href":"https:\/\/www.cope.es\/blogs\/cine-y-libertad\/wp-json\/wp\/v2\/media?parent=4290"}],"wp:term":[{"taxonomy":"category","embeddable":true,"href":"https:\/\/www.cope.es\/blogs\/cine-y-libertad\/wp-json\/wp\/v2\/categories?post=4290"},{"taxonomy":"post_tag","embeddable":true,"href":"https:\/\/www.cope.es\/blogs\/cine-y-libertad\/wp-json\/wp\/v2\/tags?post=4290"}],"curies":[{"name":"wp","href":"https:\/\/api.w.org\/{rel}","templated":true}]}}