{"id":427,"date":"2018-07-12T22:38:25","date_gmt":"2018-07-12T20:38:25","guid":{"rendered":"http:\/\/www.cope.es\/blogs\/cine-y-libertad\/?p=427"},"modified":"2018-07-12T22:38:46","modified_gmt":"2018-07-12T20:38:46","slug":"daredevil-tribunal-supremo-los-valores-del-superheroe-catolico-de-marvel-y-el-poder-judicial","status":"publish","type":"post","link":"https:\/\/www.cope.es\/blogs\/cine-y-libertad\/2018\/07\/12\/daredevil-tribunal-supremo-los-valores-del-superheroe-catolico-de-marvel-y-el-poder-judicial\/","title":{"rendered":"Daredevil: Tribunal supremo-Los valores del superh\u00e9roe cat\u00f3lico de Marvel y el poder judicial"},"content":{"rendered":"<p><img loading=\"lazy\" decoding=\"async\" width=\"198\" height=\"300\" class=\"alignnone size-medium wp-image-428\" src=\"http:\/\/www.cope.es\/blogs\/cine-y-libertad\/wp-content\/uploads\/sites\/7\/2018\/07\/dare-198x300.jpg\" alt=\"\" srcset=\"https:\/\/www.cope.es\/blogs\/cine-y-libertad\/wp-content\/uploads\/sites\/7\/2018\/07\/dare-198x300.jpg 198w, https:\/\/www.cope.es\/blogs\/cine-y-libertad\/wp-content\/uploads\/sites\/7\/2018\/07\/dare.jpg 461w\" sizes=\"auto, (max-width: 198px) 100vw, 198px\" \/><\/p>\n<p>\u00a1Lectores y amigos de Cine y Libertad!<\/p>\n<p>\u00bfQu\u00e9 tipo de acciones nos definen como personas? Aqu\u00ed puedes escuchar mi comentario:<a title=\"Daredevil: Tribunal supremo-Los valores del superh\u00e9roe cat\u00f3lico de Marvel y el poder judicial\" href=\"http:\/\/www.cineylibertad.com\/daredevil-tribunal-supremo-los-valores-del-superheroe-catolico-de-marvel-y-el-poder-judicial\/\">Daredevil: Tribunal supremo-Los valores del superh\u00e9roe cat\u00f3lico de Marvel y el poder judicial<\/a><\/p>\n<p>La editorial Panini\u00a0 nos habla de su c\u00f3mic:<\/p>\n<p>\u201cTribunal Supremo\u201d. Matt Murdock lleva su lucha a la m\u00e1s alta instancia: \u00a1El Tribunal Supremo! Ahora, el abogado ciego tendr\u00e1 que defender su nueva ley, mientras que Daredevil trata de defender su vida.<\/p>\n<p>Los autores de este trabajo han sido Charles Soule,\u00a0 Ron Garney y Goran Sudzuka,<\/p>\n<p>Twitter:\u00a0<span class=\"x_DashboardProfileCard-screenname x_u-inlineBlock x_u-dir\"><a class=\"x_DashboardProfileCard-screennameLink x_u-linkComplex x_u-linkClean\" href=\"https:\/\/twitter.com\/cineylibertad\" target=\"_blank\">@<span class=\"x_u-linkComplex-target\">cineylibertad<\/span><\/a><\/span><\/p>\n","protected":false},"excerpt":{"rendered":"<p>\u00a1Lectores y amigos de Cine y Libertad! \u00bfQu\u00e9 tipo de acciones nos definen como personas? Aqu\u00ed puedes escuchar mi comentario:Daredevil: Tribunal supremo-Los valores del superh\u00e9roe cat\u00f3lico de Marvel y el poder judicial La editorial Panini\u00a0 nos habla de su c\u00f3mic: \u201cTribunal Supremo\u201d. Matt Murdock lleva su lucha a la m\u00e1s alta instancia: \u00a1El Tribunal Supremo! [&hellip;]<\/p>\n","protected":false},"author":7,"featured_media":428,"comment_status":"open","ping_status":"open","sticky":false,"template":"","format":"standard","meta":{"footnotes":""},"categories":[4,12,23,77,8],"tags":[80],"class_list":["post-427","post","type-post","status-publish","format-standard","has-post-thumbnail","hentry","category-comics","category-cristianismo","category-daredevil","category-etica","category-superheroes","tag-tribunal"],"yoast_head":"<!-- This site is optimized with the Yoast SEO plugin v27.4 - https:\/\/yoast.com\/product\/yoast-seo-wordpress\/ -->\n<title>Daredevil: Tribunal supremo-Los valores del superh\u00e9roe cat\u00f3lico de Marvel y el poder judicial - Cine y Libertad<\/title>\n<meta name=\"robots\" content=\"index, follow, max-snippet:-1, max-image-preview:large, max-video-preview:-1\" \/>\n<link rel=\"canonical\" href=\"https:\/\/www.cope.es\/blogs\/cine-y-libertad\/2018\/07\/12\/daredevil-tribunal-supremo-los-valores-del-superheroe-catolico-de-marvel-y-el-poder-judicial\/\" \/>\n<meta property=\"og:locale\" content=\"es_ES\" \/>\n<meta property=\"og:type\" content=\"article\" \/>\n<meta property=\"og:title\" content=\"Daredevil: Tribunal supremo-Los valores del superh\u00e9roe cat\u00f3lico de Marvel y el poder judicial - Cine y Libertad\" \/>\n<meta property=\"og:description\" content=\"\u00a1Lectores y amigos de Cine y Libertad! \u00bfQu\u00e9 tipo de acciones nos definen como personas? Aqu\u00ed puedes escuchar mi comentario:Daredevil: Tribunal supremo-Los valores del superh\u00e9roe cat\u00f3lico de Marvel y el poder judicial La editorial Panini\u00a0 nos habla de su c\u00f3mic: \u201cTribunal Supremo\u201d. Matt Murdock lleva su lucha a la m\u00e1s alta instancia: \u00a1El Tribunal Supremo! [&hellip;]\" \/>\n<meta property=\"og:url\" content=\"https:\/\/www.cope.es\/blogs\/cine-y-libertad\/2018\/07\/12\/daredevil-tribunal-supremo-los-valores-del-superheroe-catolico-de-marvel-y-el-poder-judicial\/\" \/>\n<meta property=\"og:site_name\" content=\"Cine y Libertad\" \/>\n<meta property=\"article:publisher\" content=\"https:\/\/www.facebook.com\/cope\/\" \/>\n<meta property=\"article:author\" content=\"https:\/\/www.facebook.com\/victor.alvarado.56829446\" \/>\n<meta property=\"article:published_time\" content=\"2018-07-12T20:38:25+00:00\" \/>\n<meta property=\"article:modified_time\" content=\"2018-07-12T20:38:46+00:00\" \/>\n<meta property=\"og:image\" content=\"https:\/\/www.cope.es\/blogs\/cine-y-libertad\/wp-content\/uploads\/sites\/7\/2018\/07\/dare.jpg\" \/>\n\t<meta property=\"og:image:width\" content=\"461\" \/>\n\t<meta property=\"og:image:height\" content=\"700\" \/>\n\t<meta property=\"og:image:type\" content=\"image\/jpeg\" \/>\n<meta name=\"author\" content=\"V\u00edctor Alvarado\" \/>\n<meta name=\"twitter:card\" content=\"summary_large_image\" \/>\n<meta name=\"twitter:creator\" content=\"@cineylibertad\" \/>\n<meta name=\"twitter:site\" content=\"@cope_es\" \/>\n<meta name=\"twitter:label1\" content=\"Escrito por\" \/>\n\t<meta name=\"twitter:data1\" content=\"V\u00edctor Alvarado\" \/>\n<script type=\"application\/ld+json\" class=\"yoast-schema-graph\">{\"@context\":\"https:\\\/\\\/schema.org\",\"@graph\":[{\"@type\":\"Article\",\"@id\":\"https:\\\/\\\/www.cope.es\\\/blogs\\\/cine-y-libertad\\\/2018\\\/07\\\/12\\\/daredevil-tribunal-supremo-los-valores-del-superheroe-catolico-de-marvel-y-el-poder-judicial\\\/#article\",\"isPartOf\":{\"@id\":\"https:\\\/\\\/www.cope.es\\\/blogs\\\/cine-y-libertad\\\/2018\\\/07\\\/12\\\/daredevil-tribunal-supremo-los-valores-del-superheroe-catolico-de-marvel-y-el-poder-judicial\\\/\"},\"author\":{\"name\":\"V\u00edctor Alvarado\",\"@id\":\"https:\\\/\\\/www.cope.es\\\/blogs\\\/cine-y-libertad\\\/#\\\/schema\\\/person\\\/c95904a4fbf751a8d9124f8fa8bdaace\"},\"headline\":\"Daredevil: Tribunal supremo-Los valores del superh\u00e9roe cat\u00f3lico de Marvel y el poder judicial\",\"datePublished\":\"2018-07-12T20:38:25+00:00\",\"dateModified\":\"2018-07-12T20:38:46+00:00\",\"mainEntityOfPage\":{\"@id\":\"https:\\\/\\\/www.cope.es\\\/blogs\\\/cine-y-libertad\\\/2018\\\/07\\\/12\\\/daredevil-tribunal-supremo-los-valores-del-superheroe-catolico-de-marvel-y-el-poder-judicial\\\/\"},\"wordCount\":109,\"commentCount\":0,\"image\":{\"@id\":\"https:\\\/\\\/www.cope.es\\\/blogs\\\/cine-y-libertad\\\/2018\\\/07\\\/12\\\/daredevil-tribunal-supremo-los-valores-del-superheroe-catolico-de-marvel-y-el-poder-judicial\\\/#primaryimage\"},\"thumbnailUrl\":\"https:\\\/\\\/www.cope.es\\\/blogs\\\/cine-y-libertad\\\/wp-content\\\/uploads\\\/sites\\\/7\\\/2018\\\/07\\\/dare.jpg\",\"keywords\":[\"tribunal\"],\"articleSection\":[\"c\u00f3mics\",\"cristianismo\",\"Daredevil\",\"\u00e9tica\",\"Superh\u00e9roes\"],\"inLanguage\":\"es\",\"potentialAction\":[{\"@type\":\"CommentAction\",\"name\":\"Comment\",\"target\":[\"https:\\\/\\\/www.cope.es\\\/blogs\\\/cine-y-libertad\\\/2018\\\/07\\\/12\\\/daredevil-tribunal-supremo-los-valores-del-superheroe-catolico-de-marvel-y-el-poder-judicial\\\/#respond\"]}]},{\"@type\":\"WebPage\",\"@id\":\"https:\\\/\\\/www.cope.es\\\/blogs\\\/cine-y-libertad\\\/2018\\\/07\\\/12\\\/daredevil-tribunal-supremo-los-valores-del-superheroe-catolico-de-marvel-y-el-poder-judicial\\\/\",\"url\":\"https:\\\/\\\/www.cope.es\\\/blogs\\\/cine-y-libertad\\\/2018\\\/07\\\/12\\\/daredevil-tribunal-supremo-los-valores-del-superheroe-catolico-de-marvel-y-el-poder-judicial\\\/\",\"name\":\"Daredevil: Tribunal supremo-Los valores del superh\u00e9roe cat\u00f3lico de Marvel y el poder judicial - Cine y Libertad\",\"isPartOf\":{\"@id\":\"https:\\\/\\\/www.cope.es\\\/blogs\\\/cine-y-libertad\\\/#website\"},\"primaryImageOfPage\":{\"@id\":\"https:\\\/\\\/www.cope.es\\\/blogs\\\/cine-y-libertad\\\/2018\\\/07\\\/12\\\/daredevil-tribunal-supremo-los-valores-del-superheroe-catolico-de-marvel-y-el-poder-judicial\\\/#primaryimage\"},\"image\":{\"@id\":\"https:\\\/\\\/www.cope.es\\\/blogs\\\/cine-y-libertad\\\/2018\\\/07\\\/12\\\/daredevil-tribunal-supremo-los-valores-del-superheroe-catolico-de-marvel-y-el-poder-judicial\\\/#primaryimage\"},\"thumbnailUrl\":\"https:\\\/\\\/www.cope.es\\\/blogs\\\/cine-y-libertad\\\/wp-content\\\/uploads\\\/sites\\\/7\\\/2018\\\/07\\\/dare.jpg\",\"datePublished\":\"2018-07-12T20:38:25+00:00\",\"dateModified\":\"2018-07-12T20:38:46+00:00\",\"author\":{\"@id\":\"https:\\\/\\\/www.cope.es\\\/blogs\\\/cine-y-libertad\\\/#\\\/schema\\\/person\\\/c95904a4fbf751a8d9124f8fa8bdaace\"},\"breadcrumb\":{\"@id\":\"https:\\\/\\\/www.cope.es\\\/blogs\\\/cine-y-libertad\\\/2018\\\/07\\\/12\\\/daredevil-tribunal-supremo-los-valores-del-superheroe-catolico-de-marvel-y-el-poder-judicial\\\/#breadcrumb\"},\"inLanguage\":\"es\",\"potentialAction\":[{\"@type\":\"ReadAction\",\"target\":[\"https:\\\/\\\/www.cope.es\\\/blogs\\\/cine-y-libertad\\\/2018\\\/07\\\/12\\\/daredevil-tribunal-supremo-los-valores-del-superheroe-catolico-de-marvel-y-el-poder-judicial\\\/\"]}]},{\"@type\":\"ImageObject\",\"inLanguage\":\"es\",\"@id\":\"https:\\\/\\\/www.cope.es\\\/blogs\\\/cine-y-libertad\\\/2018\\\/07\\\/12\\\/daredevil-tribunal-supremo-los-valores-del-superheroe-catolico-de-marvel-y-el-poder-judicial\\\/#primaryimage\",\"url\":\"https:\\\/\\\/www.cope.es\\\/blogs\\\/cine-y-libertad\\\/wp-content\\\/uploads\\\/sites\\\/7\\\/2018\\\/07\\\/dare.jpg\",\"contentUrl\":\"https:\\\/\\\/www.cope.es\\\/blogs\\\/cine-y-libertad\\\/wp-content\\\/uploads\\\/sites\\\/7\\\/2018\\\/07\\\/dare.jpg\",\"width\":461,\"height\":700},{\"@type\":\"BreadcrumbList\",\"@id\":\"https:\\\/\\\/www.cope.es\\\/blogs\\\/cine-y-libertad\\\/2018\\\/07\\\/12\\\/daredevil-tribunal-supremo-los-valores-del-superheroe-catolico-de-marvel-y-el-poder-judicial\\\/#breadcrumb\",\"itemListElement\":[{\"@type\":\"ListItem\",\"position\":1,\"name\":\"Portada\",\"item\":\"https:\\\/\\\/www.cope.es\\\/blogs\\\/cine-y-libertad\\\/\"},{\"@type\":\"ListItem\",\"position\":2,\"name\":\"Daredevil: Tribunal supremo-Los valores del superh\u00e9roe cat\u00f3lico de Marvel y el poder judicial\"}]},{\"@type\":\"WebSite\",\"@id\":\"https:\\\/\\\/www.cope.es\\\/blogs\\\/cine-y-libertad\\\/#website\",\"url\":\"https:\\\/\\\/www.cope.es\\\/blogs\\\/cine-y-libertad\\\/\",\"name\":\"Cine y Libertad\",\"description\":\"Cine y Libertad un blog de COPE\",\"potentialAction\":[{\"@type\":\"SearchAction\",\"target\":{\"@type\":\"EntryPoint\",\"urlTemplate\":\"https:\\\/\\\/www.cope.es\\\/blogs\\\/cine-y-libertad\\\/?s={search_term_string}\"},\"query-input\":{\"@type\":\"PropertyValueSpecification\",\"valueRequired\":true,\"valueName\":\"search_term_string\"}}],\"inLanguage\":\"es\"},{\"@type\":\"Person\",\"@id\":\"https:\\\/\\\/www.cope.es\\\/blogs\\\/cine-y-libertad\\\/#\\\/schema\\\/person\\\/c95904a4fbf751a8d9124f8fa8bdaace\",\"name\":\"V\u00edctor Alvarado\",\"image\":{\"@type\":\"ImageObject\",\"inLanguage\":\"es\",\"@id\":\"https:\\\/\\\/secure.gravatar.com\\\/avatar\\\/db4634ae2001f7f920b8294d926f3e737ada04196e014ebacae29a4848f905f4?s=96&d=mm&r=g\",\"url\":\"https:\\\/\\\/secure.gravatar.com\\\/avatar\\\/db4634ae2001f7f920b8294d926f3e737ada04196e014ebacae29a4848f905f4?s=96&d=mm&r=g\",\"contentUrl\":\"https:\\\/\\\/secure.gravatar.com\\\/avatar\\\/db4634ae2001f7f920b8294d926f3e737ada04196e014ebacae29a4848f905f4?s=96&d=mm&r=g\",\"caption\":\"V\u00edctor Alvarado\"},\"description\":\"V\u00edctor Alvarado tiene una larga experiencia tanto en medios de comunicaci\u00f3n como en educaci\u00f3n. Dirige el programa de radio, Directo a las Estrellas, en Intereconom\u00eda (Castilla y Le\u00f3n) y Informa Radio en toda Espa\u00f1a. Ha colaborado en Radio Inter y Esradio. Cr\u00edtico de cine en Pantalla 90, Diario Ya y P\u00e1ginas Digital. Es miembro del CEC. Es el autor de libro: La fe, la \u00e9tica y los valores de los superh\u00e9roes (PPC). Esta es su web: www.cineylibertad.com y, por supuesto, lleva m\u00e1s de 5 a\u00f1os como bloguero de Cope, donde analiza el cine, los c\u00f3mics y los libros desde una \u00f3ptica antropol\u00f3gica y axiol\u00f3gica, atendiendo a todas las dimensiones del ser humano.\",\"sameAs\":[\"http:\\\/\\\/www.cineylibertad.com\",\"https:\\\/\\\/www.facebook.com\\\/victor.alvarado.56829446\",\"https:\\\/\\\/www.instagram.com\\\/cineylibertad\\\/\",\"https:\\\/\\\/x.com\\\/cineylibertad\"],\"url\":\"https:\\\/\\\/www.cope.es\\\/blogs\\\/cine-y-libertad\\\/author\\\/valvarado\\\/\"}]}<\/script>\n<!-- \/ Yoast SEO plugin. -->","yoast_head_json":{"title":"Daredevil: Tribunal supremo-Los valores del superh\u00e9roe cat\u00f3lico de Marvel y el poder judicial - Cine y Libertad","robots":{"index":"index","follow":"follow","max-snippet":"max-snippet:-1","max-image-preview":"max-image-preview:large","max-video-preview":"max-video-preview:-1"},"canonical":"https:\/\/www.cope.es\/blogs\/cine-y-libertad\/2018\/07\/12\/daredevil-tribunal-supremo-los-valores-del-superheroe-catolico-de-marvel-y-el-poder-judicial\/","og_locale":"es_ES","og_type":"article","og_title":"Daredevil: Tribunal supremo-Los valores del superh\u00e9roe cat\u00f3lico de Marvel y el poder judicial - Cine y Libertad","og_description":"\u00a1Lectores y amigos de Cine y Libertad! \u00bfQu\u00e9 tipo de acciones nos definen como personas? Aqu\u00ed puedes escuchar mi comentario:Daredevil: Tribunal supremo-Los valores del superh\u00e9roe cat\u00f3lico de Marvel y el poder judicial La editorial Panini\u00a0 nos habla de su c\u00f3mic: \u201cTribunal Supremo\u201d. Matt Murdock lleva su lucha a la m\u00e1s alta instancia: \u00a1El Tribunal Supremo! [&hellip;]","og_url":"https:\/\/www.cope.es\/blogs\/cine-y-libertad\/2018\/07\/12\/daredevil-tribunal-supremo-los-valores-del-superheroe-catolico-de-marvel-y-el-poder-judicial\/","og_site_name":"Cine y Libertad","article_publisher":"https:\/\/www.facebook.com\/cope\/","article_author":"https:\/\/www.facebook.com\/victor.alvarado.56829446","article_published_time":"2018-07-12T20:38:25+00:00","article_modified_time":"2018-07-12T20:38:46+00:00","og_image":[{"width":461,"height":700,"url":"https:\/\/www.cope.es\/blogs\/cine-y-libertad\/wp-content\/uploads\/sites\/7\/2018\/07\/dare.jpg","type":"image\/jpeg"}],"author":"V\u00edctor Alvarado","twitter_card":"summary_large_image","twitter_creator":"@cineylibertad","twitter_site":"@cope_es","twitter_misc":{"Escrito por":"V\u00edctor Alvarado"},"schema":{"@context":"https:\/\/schema.org","@graph":[{"@type":"Article","@id":"https:\/\/www.cope.es\/blogs\/cine-y-libertad\/2018\/07\/12\/daredevil-tribunal-supremo-los-valores-del-superheroe-catolico-de-marvel-y-el-poder-judicial\/#article","isPartOf":{"@id":"https:\/\/www.cope.es\/blogs\/cine-y-libertad\/2018\/07\/12\/daredevil-tribunal-supremo-los-valores-del-superheroe-catolico-de-marvel-y-el-poder-judicial\/"},"author":{"name":"V\u00edctor Alvarado","@id":"https:\/\/www.cope.es\/blogs\/cine-y-libertad\/#\/schema\/person\/c95904a4fbf751a8d9124f8fa8bdaace"},"headline":"Daredevil: Tribunal supremo-Los valores del superh\u00e9roe cat\u00f3lico de Marvel y el poder judicial","datePublished":"2018-07-12T20:38:25+00:00","dateModified":"2018-07-12T20:38:46+00:00","mainEntityOfPage":{"@id":"https:\/\/www.cope.es\/blogs\/cine-y-libertad\/2018\/07\/12\/daredevil-tribunal-supremo-los-valores-del-superheroe-catolico-de-marvel-y-el-poder-judicial\/"},"wordCount":109,"commentCount":0,"image":{"@id":"https:\/\/www.cope.es\/blogs\/cine-y-libertad\/2018\/07\/12\/daredevil-tribunal-supremo-los-valores-del-superheroe-catolico-de-marvel-y-el-poder-judicial\/#primaryimage"},"thumbnailUrl":"https:\/\/www.cope.es\/blogs\/cine-y-libertad\/wp-content\/uploads\/sites\/7\/2018\/07\/dare.jpg","keywords":["tribunal"],"articleSection":["c\u00f3mics","cristianismo","Daredevil","\u00e9tica","Superh\u00e9roes"],"inLanguage":"es","potentialAction":[{"@type":"CommentAction","name":"Comment","target":["https:\/\/www.cope.es\/blogs\/cine-y-libertad\/2018\/07\/12\/daredevil-tribunal-supremo-los-valores-del-superheroe-catolico-de-marvel-y-el-poder-judicial\/#respond"]}]},{"@type":"WebPage","@id":"https:\/\/www.cope.es\/blogs\/cine-y-libertad\/2018\/07\/12\/daredevil-tribunal-supremo-los-valores-del-superheroe-catolico-de-marvel-y-el-poder-judicial\/","url":"https:\/\/www.cope.es\/blogs\/cine-y-libertad\/2018\/07\/12\/daredevil-tribunal-supremo-los-valores-del-superheroe-catolico-de-marvel-y-el-poder-judicial\/","name":"Daredevil: Tribunal supremo-Los valores del superh\u00e9roe cat\u00f3lico de Marvel y el poder judicial - Cine y Libertad","isPartOf":{"@id":"https:\/\/www.cope.es\/blogs\/cine-y-libertad\/#website"},"primaryImageOfPage":{"@id":"https:\/\/www.cope.es\/blogs\/cine-y-libertad\/2018\/07\/12\/daredevil-tribunal-supremo-los-valores-del-superheroe-catolico-de-marvel-y-el-poder-judicial\/#primaryimage"},"image":{"@id":"https:\/\/www.cope.es\/blogs\/cine-y-libertad\/2018\/07\/12\/daredevil-tribunal-supremo-los-valores-del-superheroe-catolico-de-marvel-y-el-poder-judicial\/#primaryimage"},"thumbnailUrl":"https:\/\/www.cope.es\/blogs\/cine-y-libertad\/wp-content\/uploads\/sites\/7\/2018\/07\/dare.jpg","datePublished":"2018-07-12T20:38:25+00:00","dateModified":"2018-07-12T20:38:46+00:00","author":{"@id":"https:\/\/www.cope.es\/blogs\/cine-y-libertad\/#\/schema\/person\/c95904a4fbf751a8d9124f8fa8bdaace"},"breadcrumb":{"@id":"https:\/\/www.cope.es\/blogs\/cine-y-libertad\/2018\/07\/12\/daredevil-tribunal-supremo-los-valores-del-superheroe-catolico-de-marvel-y-el-poder-judicial\/#breadcrumb"},"inLanguage":"es","potentialAction":[{"@type":"ReadAction","target":["https:\/\/www.cope.es\/blogs\/cine-y-libertad\/2018\/07\/12\/daredevil-tribunal-supremo-los-valores-del-superheroe-catolico-de-marvel-y-el-poder-judicial\/"]}]},{"@type":"ImageObject","inLanguage":"es","@id":"https:\/\/www.cope.es\/blogs\/cine-y-libertad\/2018\/07\/12\/daredevil-tribunal-supremo-los-valores-del-superheroe-catolico-de-marvel-y-el-poder-judicial\/#primaryimage","url":"https:\/\/www.cope.es\/blogs\/cine-y-libertad\/wp-content\/uploads\/sites\/7\/2018\/07\/dare.jpg","contentUrl":"https:\/\/www.cope.es\/blogs\/cine-y-libertad\/wp-content\/uploads\/sites\/7\/2018\/07\/dare.jpg","width":461,"height":700},{"@type":"BreadcrumbList","@id":"https:\/\/www.cope.es\/blogs\/cine-y-libertad\/2018\/07\/12\/daredevil-tribunal-supremo-los-valores-del-superheroe-catolico-de-marvel-y-el-poder-judicial\/#breadcrumb","itemListElement":[{"@type":"ListItem","position":1,"name":"Portada","item":"https:\/\/www.cope.es\/blogs\/cine-y-libertad\/"},{"@type":"ListItem","position":2,"name":"Daredevil: Tribunal supremo-Los valores del superh\u00e9roe cat\u00f3lico de Marvel y el poder judicial"}]},{"@type":"WebSite","@id":"https:\/\/www.cope.es\/blogs\/cine-y-libertad\/#website","url":"https:\/\/www.cope.es\/blogs\/cine-y-libertad\/","name":"Cine y Libertad","description":"Cine y Libertad un blog de COPE","potentialAction":[{"@type":"SearchAction","target":{"@type":"EntryPoint","urlTemplate":"https:\/\/www.cope.es\/blogs\/cine-y-libertad\/?s={search_term_string}"},"query-input":{"@type":"PropertyValueSpecification","valueRequired":true,"valueName":"search_term_string"}}],"inLanguage":"es"},{"@type":"Person","@id":"https:\/\/www.cope.es\/blogs\/cine-y-libertad\/#\/schema\/person\/c95904a4fbf751a8d9124f8fa8bdaace","name":"V\u00edctor Alvarado","image":{"@type":"ImageObject","inLanguage":"es","@id":"https:\/\/secure.gravatar.com\/avatar\/db4634ae2001f7f920b8294d926f3e737ada04196e014ebacae29a4848f905f4?s=96&d=mm&r=g","url":"https:\/\/secure.gravatar.com\/avatar\/db4634ae2001f7f920b8294d926f3e737ada04196e014ebacae29a4848f905f4?s=96&d=mm&r=g","contentUrl":"https:\/\/secure.gravatar.com\/avatar\/db4634ae2001f7f920b8294d926f3e737ada04196e014ebacae29a4848f905f4?s=96&d=mm&r=g","caption":"V\u00edctor Alvarado"},"description":"V\u00edctor Alvarado tiene una larga experiencia tanto en medios de comunicaci\u00f3n como en educaci\u00f3n. Dirige el programa de radio, Directo a las Estrellas, en Intereconom\u00eda (Castilla y Le\u00f3n) y Informa Radio en toda Espa\u00f1a. Ha colaborado en Radio Inter y Esradio. Cr\u00edtico de cine en Pantalla 90, Diario Ya y P\u00e1ginas Digital. Es miembro del CEC. Es el autor de libro: La fe, la \u00e9tica y los valores de los superh\u00e9roes (PPC). Esta es su web: www.cineylibertad.com y, por supuesto, lleva m\u00e1s de 5 a\u00f1os como bloguero de Cope, donde analiza el cine, los c\u00f3mics y los libros desde una \u00f3ptica antropol\u00f3gica y axiol\u00f3gica, atendiendo a todas las dimensiones del ser humano.","sameAs":["http:\/\/www.cineylibertad.com","https:\/\/www.facebook.com\/victor.alvarado.56829446","https:\/\/www.instagram.com\/cineylibertad\/","https:\/\/x.com\/cineylibertad"],"url":"https:\/\/www.cope.es\/blogs\/cine-y-libertad\/author\/valvarado\/"}]}},"amp_enabled":true,"_links":{"self":[{"href":"https:\/\/www.cope.es\/blogs\/cine-y-libertad\/wp-json\/wp\/v2\/posts\/427","targetHints":{"allow":["GET"]}}],"collection":[{"href":"https:\/\/www.cope.es\/blogs\/cine-y-libertad\/wp-json\/wp\/v2\/posts"}],"about":[{"href":"https:\/\/www.cope.es\/blogs\/cine-y-libertad\/wp-json\/wp\/v2\/types\/post"}],"author":[{"embeddable":true,"href":"https:\/\/www.cope.es\/blogs\/cine-y-libertad\/wp-json\/wp\/v2\/users\/7"}],"replies":[{"embeddable":true,"href":"https:\/\/www.cope.es\/blogs\/cine-y-libertad\/wp-json\/wp\/v2\/comments?post=427"}],"version-history":[{"count":1,"href":"https:\/\/www.cope.es\/blogs\/cine-y-libertad\/wp-json\/wp\/v2\/posts\/427\/revisions"}],"predecessor-version":[{"id":429,"href":"https:\/\/www.cope.es\/blogs\/cine-y-libertad\/wp-json\/wp\/v2\/posts\/427\/revisions\/429"}],"wp:featuredmedia":[{"embeddable":true,"href":"https:\/\/www.cope.es\/blogs\/cine-y-libertad\/wp-json\/wp\/v2\/media\/428"}],"wp:attachment":[{"href":"https:\/\/www.cope.es\/blogs\/cine-y-libertad\/wp-json\/wp\/v2\/media?parent=427"}],"wp:term":[{"taxonomy":"category","embeddable":true,"href":"https:\/\/www.cope.es\/blogs\/cine-y-libertad\/wp-json\/wp\/v2\/categories?post=427"},{"taxonomy":"post_tag","embeddable":true,"href":"https:\/\/www.cope.es\/blogs\/cine-y-libertad\/wp-json\/wp\/v2\/tags?post=427"}],"curies":[{"name":"wp","href":"https:\/\/api.w.org\/{rel}","templated":true}]}}