{"id":4254,"date":"2022-07-22T15:12:46","date_gmt":"2022-07-22T13:12:46","guid":{"rendered":"http:\/\/www.cope.es\/blogs\/cine-y-libertad\/?p=4254"},"modified":"2022-07-22T15:12:46","modified_gmt":"2022-07-22T13:12:46","slug":"el-jurado-john-grisham-el-valor-de-la-palabra-dada-y-la-conciencia-tranquila","status":"publish","type":"post","link":"https:\/\/www.cope.es\/blogs\/cine-y-libertad\/2022\/07\/22\/el-jurado-john-grisham-el-valor-de-la-palabra-dada-y-la-conciencia-tranquila\/","title":{"rendered":"El jurado-John Grisham, el valor de la palabra dada y la conciencia tranquila"},"content":{"rendered":"<p><a href=\"https:\/\/www.ivoox.com\/jurado-john-grisham-valor-palabra-audios-mp3_rf_90129313_1.html\">El jurado-John Grisham, el valor de la palabra dada y la conciencia tranquila<\/a>. \u00bfA qu\u00e9 tipo de personajes dan vida John Cusack y Rachel Weisz?<\/p>\n<p>Hemos invitado a Marta Troyano, que ha preparado un especial sobre <a href=\"https:\/\/www.ivoox.com\/jurado-john-grisham-valor-palabra-audios-mp3_rf_90129313_1.html\">El jurado<\/a>.<\/p>\n<p>Aqu\u00ed puedes escuchar su an\u00e1lisis\u2026<\/p>\n<p><img loading=\"lazy\" decoding=\"async\" width=\"189\" height=\"267\" class=\"alignnone size-full wp-image-4356\" src=\"http:\/\/www.cope.es\/blogs\/cine-y-libertad\/wp-content\/uploads\/sites\/7\/2022\/07\/el-jurado.jpg\" alt=\"\" \/><\/p>\n<audio class=\"wp-audio-shortcode\" id=\"audio-4254-1\" preload=\"none\" style=\"width: 100%;\" controls=\"controls\"><source type=\"audio\/mpeg\" src=\"https:\/\/www.ivoox.com\/jurado-john-grisham-valor-palabra_md_90129313_wp_1.mp3?_=1\" \/><a href=\"https:\/\/www.ivoox.com\/jurado-john-grisham-valor-palabra_md_90129313_wp_1.mp3\">https:\/\/www.ivoox.com\/jurado-john-grisham-valor-palabra_md_90129313_wp_1.mp3<\/a><\/audio>\n<p><a title=\"El jurado-John Grisham, el valor de la palabra dada y la conciencia tranquila\" href=\"https:\/\/go.ivoox.com\/rf\/90129313\">Ir a descargar<\/a><br \/>\n\u00a1Lectores y amigos de Cine y Libertad!<\/p>\n<p>Esta es la sinopsis oficial:<\/p>\n<p>Un miembro del <a href=\"https:\/\/www.ivoox.com\/jurado-john-grisham-valor-palabra-audios-mp3_rf_90129313_1.html\">jurado<\/a> en un explosivo juicio contra un fabricante de armas une sus fuerzas con las de una bella mujer para hacerse con el control de todos los miembros del jurado. Con millones de d\u00f3lares en juego, el misterioso jurista se enfrentar\u00e1 a un cruel asesor judicial, a quien nada detendr\u00e1 hasta asegurarse un veredicto favorable.<\/p>\n<p>Facebook: <a href=\"https:\/\/www.facebook.com\/victor.alvarado.56829446\" target=\"_blank\">https:\/\/www.facebook.com\/victor.alvarado.56829446<\/a><\/p>\n<p>Twitter:<span class=\"r-18u37iz\"><a class=\"css-4rbku5 css-18t94o4 css-901oao css-16my406 r-1n1174f r-1loqt21 r-poiln3 r-bcqeeo r-qvutc0\" href=\"https:\/\/twitter.com\/cineylibertad\">@cineylibertad<\/a><\/span><\/p>\n","protected":false},"excerpt":{"rendered":"<p>El jurado-John Grisham, el valor de la palabra dada y la conciencia tranquila. \u00bfA qu\u00e9 tipo de personajes dan vida John Cusack y Rachel Weisz? Hemos invitado a Marta Troyano, que ha preparado un especial sobre El jurado. Aqu\u00ed puedes escuchar su an\u00e1lisis\u2026 Ir a descargar \u00a1Lectores y amigos de Cine y Libertad! Esta es [&hellip;]<\/p>\n","protected":false},"author":7,"featured_media":4356,"comment_status":"open","ping_status":"open","sticky":false,"template":"","format":"standard","meta":{"footnotes":""},"categories":[3,17,135,604,211,84],"tags":[779,781,780,777,558,778],"class_list":["post-4254","post","type-post","status-publish","format-standard","has-post-thumbnail","hentry","category-cine","category-hollywood","category-intriga","category-john-grisham","category-justicia","category-thriller","tag-dustin-hoffman","tag-el-jurado","tag-gene-hackman","tag-john-cusack","tag-john-grisham","tag-rachel-weisz"],"yoast_head":"<!-- This site is optimized with the Yoast SEO plugin v27.4 - https:\/\/yoast.com\/product\/yoast-seo-wordpress\/ -->\n<title>El jurado-John Grisham, el valor de la palabra dada y la conciencia tranquila<\/title>\n<meta name=\"description\" content=\"El jurado-John Grisham, el valor de la palabra dada y la conciencia tranquila. \u00bfA qu\u00e9 tipo de personajes dan vida John Cusack y Rachel Weisz?\" \/>\n<meta name=\"robots\" content=\"index, follow, max-snippet:-1, max-image-preview:large, max-video-preview:-1\" \/>\n<link rel=\"canonical\" href=\"https:\/\/www.cope.es\/blogs\/cine-y-libertad\/2022\/07\/22\/el-jurado-john-grisham-el-valor-de-la-palabra-dada-y-la-conciencia-tranquila\/\" \/>\n<meta property=\"og:locale\" content=\"es_ES\" \/>\n<meta property=\"og:type\" content=\"article\" \/>\n<meta property=\"og:title\" content=\"El jurado-John Grisham, el valor de la palabra dada y la conciencia tranquila\" \/>\n<meta property=\"og:description\" content=\"El jurado-John Grisham, el valor de la palabra dada y la conciencia tranquila. \u00bfA qu\u00e9 tipo de personajes dan vida John Cusack y Rachel Weisz?\" \/>\n<meta property=\"og:url\" content=\"https:\/\/www.cope.es\/blogs\/cine-y-libertad\/2022\/07\/22\/el-jurado-john-grisham-el-valor-de-la-palabra-dada-y-la-conciencia-tranquila\/\" \/>\n<meta property=\"og:site_name\" content=\"Cine y Libertad\" \/>\n<meta property=\"article:publisher\" content=\"https:\/\/www.facebook.com\/cope\/\" \/>\n<meta property=\"article:author\" content=\"https:\/\/www.facebook.com\/victor.alvarado.56829446\" \/>\n<meta property=\"article:published_time\" content=\"2022-07-22T13:12:46+00:00\" \/>\n<meta property=\"og:image\" content=\"https:\/\/www.cope.es\/blogs\/cine-y-libertad\/wp-content\/uploads\/sites\/7\/2022\/07\/el-jurado.jpg\" \/>\n\t<meta property=\"og:image:width\" content=\"189\" \/>\n\t<meta property=\"og:image:height\" content=\"267\" \/>\n\t<meta property=\"og:image:type\" content=\"image\/jpeg\" \/>\n<meta name=\"author\" content=\"V\u00edctor Alvarado\" \/>\n<meta name=\"twitter:card\" content=\"summary_large_image\" \/>\n<meta name=\"twitter:creator\" content=\"@cineylibertad\" \/>\n<meta name=\"twitter:site\" content=\"@cope_es\" \/>\n<meta name=\"twitter:label1\" content=\"Escrito por\" \/>\n\t<meta name=\"twitter:data1\" content=\"V\u00edctor Alvarado\" \/>\n\t<meta name=\"twitter:label2\" content=\"Tiempo de lectura\" \/>\n\t<meta name=\"twitter:data2\" content=\"1 minuto\" \/>\n<script type=\"application\/ld+json\" class=\"yoast-schema-graph\">{\"@context\":\"https:\\\/\\\/schema.org\",\"@graph\":[{\"@type\":\"Article\",\"@id\":\"https:\\\/\\\/www.cope.es\\\/blogs\\\/cine-y-libertad\\\/2022\\\/07\\\/22\\\/el-jurado-john-grisham-el-valor-de-la-palabra-dada-y-la-conciencia-tranquila\\\/#article\",\"isPartOf\":{\"@id\":\"https:\\\/\\\/www.cope.es\\\/blogs\\\/cine-y-libertad\\\/2022\\\/07\\\/22\\\/el-jurado-john-grisham-el-valor-de-la-palabra-dada-y-la-conciencia-tranquila\\\/\"},\"author\":{\"name\":\"V\u00edctor Alvarado\",\"@id\":\"https:\\\/\\\/www.cope.es\\\/blogs\\\/cine-y-libertad\\\/#\\\/schema\\\/person\\\/c95904a4fbf751a8d9124f8fa8bdaace\"},\"headline\":\"El jurado-John Grisham, el valor de la palabra dada y la conciencia tranquila\",\"datePublished\":\"2022-07-22T13:12:46+00:00\",\"mainEntityOfPage\":{\"@id\":\"https:\\\/\\\/www.cope.es\\\/blogs\\\/cine-y-libertad\\\/2022\\\/07\\\/22\\\/el-jurado-john-grisham-el-valor-de-la-palabra-dada-y-la-conciencia-tranquila\\\/\"},\"wordCount\":150,\"commentCount\":0,\"image\":{\"@id\":\"https:\\\/\\\/www.cope.es\\\/blogs\\\/cine-y-libertad\\\/2022\\\/07\\\/22\\\/el-jurado-john-grisham-el-valor-de-la-palabra-dada-y-la-conciencia-tranquila\\\/#primaryimage\"},\"thumbnailUrl\":\"https:\\\/\\\/www.cope.es\\\/blogs\\\/cine-y-libertad\\\/wp-content\\\/uploads\\\/sites\\\/7\\\/2022\\\/07\\\/el-jurado.jpg\",\"keywords\":[\"Dustin Hoffman\",\"El jurado\",\"Gene Hackman\",\"John Cusack\",\"John Grisham\",\"Rachel Weisz\"],\"articleSection\":[\"cine\",\"Hollywood\",\"intriga\",\"John Grisham\",\"justicia\",\"thriller\"],\"inLanguage\":\"es\",\"potentialAction\":[{\"@type\":\"CommentAction\",\"name\":\"Comment\",\"target\":[\"https:\\\/\\\/www.cope.es\\\/blogs\\\/cine-y-libertad\\\/2022\\\/07\\\/22\\\/el-jurado-john-grisham-el-valor-de-la-palabra-dada-y-la-conciencia-tranquila\\\/#respond\"]}]},{\"@type\":\"WebPage\",\"@id\":\"https:\\\/\\\/www.cope.es\\\/blogs\\\/cine-y-libertad\\\/2022\\\/07\\\/22\\\/el-jurado-john-grisham-el-valor-de-la-palabra-dada-y-la-conciencia-tranquila\\\/\",\"url\":\"https:\\\/\\\/www.cope.es\\\/blogs\\\/cine-y-libertad\\\/2022\\\/07\\\/22\\\/el-jurado-john-grisham-el-valor-de-la-palabra-dada-y-la-conciencia-tranquila\\\/\",\"name\":\"El jurado-John Grisham, el valor de la palabra dada y la conciencia tranquila\",\"isPartOf\":{\"@id\":\"https:\\\/\\\/www.cope.es\\\/blogs\\\/cine-y-libertad\\\/#website\"},\"primaryImageOfPage\":{\"@id\":\"https:\\\/\\\/www.cope.es\\\/blogs\\\/cine-y-libertad\\\/2022\\\/07\\\/22\\\/el-jurado-john-grisham-el-valor-de-la-palabra-dada-y-la-conciencia-tranquila\\\/#primaryimage\"},\"image\":{\"@id\":\"https:\\\/\\\/www.cope.es\\\/blogs\\\/cine-y-libertad\\\/2022\\\/07\\\/22\\\/el-jurado-john-grisham-el-valor-de-la-palabra-dada-y-la-conciencia-tranquila\\\/#primaryimage\"},\"thumbnailUrl\":\"https:\\\/\\\/www.cope.es\\\/blogs\\\/cine-y-libertad\\\/wp-content\\\/uploads\\\/sites\\\/7\\\/2022\\\/07\\\/el-jurado.jpg\",\"datePublished\":\"2022-07-22T13:12:46+00:00\",\"author\":{\"@id\":\"https:\\\/\\\/www.cope.es\\\/blogs\\\/cine-y-libertad\\\/#\\\/schema\\\/person\\\/c95904a4fbf751a8d9124f8fa8bdaace\"},\"description\":\"El jurado-John Grisham, el valor de la palabra dada y la conciencia tranquila. \u00bfA qu\u00e9 tipo de personajes dan vida John Cusack y Rachel Weisz?\",\"breadcrumb\":{\"@id\":\"https:\\\/\\\/www.cope.es\\\/blogs\\\/cine-y-libertad\\\/2022\\\/07\\\/22\\\/el-jurado-john-grisham-el-valor-de-la-palabra-dada-y-la-conciencia-tranquila\\\/#breadcrumb\"},\"inLanguage\":\"es\",\"potentialAction\":[{\"@type\":\"ReadAction\",\"target\":[\"https:\\\/\\\/www.cope.es\\\/blogs\\\/cine-y-libertad\\\/2022\\\/07\\\/22\\\/el-jurado-john-grisham-el-valor-de-la-palabra-dada-y-la-conciencia-tranquila\\\/\"]}]},{\"@type\":\"ImageObject\",\"inLanguage\":\"es\",\"@id\":\"https:\\\/\\\/www.cope.es\\\/blogs\\\/cine-y-libertad\\\/2022\\\/07\\\/22\\\/el-jurado-john-grisham-el-valor-de-la-palabra-dada-y-la-conciencia-tranquila\\\/#primaryimage\",\"url\":\"https:\\\/\\\/www.cope.es\\\/blogs\\\/cine-y-libertad\\\/wp-content\\\/uploads\\\/sites\\\/7\\\/2022\\\/07\\\/el-jurado.jpg\",\"contentUrl\":\"https:\\\/\\\/www.cope.es\\\/blogs\\\/cine-y-libertad\\\/wp-content\\\/uploads\\\/sites\\\/7\\\/2022\\\/07\\\/el-jurado.jpg\",\"width\":189,\"height\":267},{\"@type\":\"BreadcrumbList\",\"@id\":\"https:\\\/\\\/www.cope.es\\\/blogs\\\/cine-y-libertad\\\/2022\\\/07\\\/22\\\/el-jurado-john-grisham-el-valor-de-la-palabra-dada-y-la-conciencia-tranquila\\\/#breadcrumb\",\"itemListElement\":[{\"@type\":\"ListItem\",\"position\":1,\"name\":\"Portada\",\"item\":\"https:\\\/\\\/www.cope.es\\\/blogs\\\/cine-y-libertad\\\/\"},{\"@type\":\"ListItem\",\"position\":2,\"name\":\"El jurado-John Grisham, el valor de la palabra dada y la conciencia tranquila\"}]},{\"@type\":\"WebSite\",\"@id\":\"https:\\\/\\\/www.cope.es\\\/blogs\\\/cine-y-libertad\\\/#website\",\"url\":\"https:\\\/\\\/www.cope.es\\\/blogs\\\/cine-y-libertad\\\/\",\"name\":\"Cine y Libertad\",\"description\":\"Cine y Libertad un blog de COPE\",\"potentialAction\":[{\"@type\":\"SearchAction\",\"target\":{\"@type\":\"EntryPoint\",\"urlTemplate\":\"https:\\\/\\\/www.cope.es\\\/blogs\\\/cine-y-libertad\\\/?s={search_term_string}\"},\"query-input\":{\"@type\":\"PropertyValueSpecification\",\"valueRequired\":true,\"valueName\":\"search_term_string\"}}],\"inLanguage\":\"es\"},{\"@type\":\"Person\",\"@id\":\"https:\\\/\\\/www.cope.es\\\/blogs\\\/cine-y-libertad\\\/#\\\/schema\\\/person\\\/c95904a4fbf751a8d9124f8fa8bdaace\",\"name\":\"V\u00edctor Alvarado\",\"image\":{\"@type\":\"ImageObject\",\"inLanguage\":\"es\",\"@id\":\"https:\\\/\\\/secure.gravatar.com\\\/avatar\\\/db4634ae2001f7f920b8294d926f3e737ada04196e014ebacae29a4848f905f4?s=96&d=mm&r=g\",\"url\":\"https:\\\/\\\/secure.gravatar.com\\\/avatar\\\/db4634ae2001f7f920b8294d926f3e737ada04196e014ebacae29a4848f905f4?s=96&d=mm&r=g\",\"contentUrl\":\"https:\\\/\\\/secure.gravatar.com\\\/avatar\\\/db4634ae2001f7f920b8294d926f3e737ada04196e014ebacae29a4848f905f4?s=96&d=mm&r=g\",\"caption\":\"V\u00edctor Alvarado\"},\"description\":\"V\u00edctor Alvarado tiene una larga experiencia tanto en medios de comunicaci\u00f3n como en educaci\u00f3n. Dirige el programa de radio, Directo a las Estrellas, en Intereconom\u00eda (Castilla y Le\u00f3n) y Informa Radio en toda Espa\u00f1a. Ha colaborado en Radio Inter y Esradio. Cr\u00edtico de cine en Pantalla 90, Diario Ya y P\u00e1ginas Digital. Es miembro del CEC. Es el autor de libro: La fe, la \u00e9tica y los valores de los superh\u00e9roes (PPC). Esta es su web: www.cineylibertad.com y, por supuesto, lleva m\u00e1s de 5 a\u00f1os como bloguero de Cope, donde analiza el cine, los c\u00f3mics y los libros desde una \u00f3ptica antropol\u00f3gica y axiol\u00f3gica, atendiendo a todas las dimensiones del ser humano.\",\"sameAs\":[\"http:\\\/\\\/www.cineylibertad.com\",\"https:\\\/\\\/www.facebook.com\\\/victor.alvarado.56829446\",\"https:\\\/\\\/www.instagram.com\\\/cineylibertad\\\/\",\"https:\\\/\\\/x.com\\\/cineylibertad\"],\"url\":\"https:\\\/\\\/www.cope.es\\\/blogs\\\/cine-y-libertad\\\/author\\\/valvarado\\\/\"}]}<\/script>\n<!-- \/ Yoast SEO plugin. -->","yoast_head_json":{"title":"El jurado-John Grisham, el valor de la palabra dada y la conciencia tranquila","description":"El jurado-John Grisham, el valor de la palabra dada y la conciencia tranquila. \u00bfA qu\u00e9 tipo de personajes dan vida John Cusack y Rachel Weisz?","robots":{"index":"index","follow":"follow","max-snippet":"max-snippet:-1","max-image-preview":"max-image-preview:large","max-video-preview":"max-video-preview:-1"},"canonical":"https:\/\/www.cope.es\/blogs\/cine-y-libertad\/2022\/07\/22\/el-jurado-john-grisham-el-valor-de-la-palabra-dada-y-la-conciencia-tranquila\/","og_locale":"es_ES","og_type":"article","og_title":"El jurado-John Grisham, el valor de la palabra dada y la conciencia tranquila","og_description":"El jurado-John Grisham, el valor de la palabra dada y la conciencia tranquila. \u00bfA qu\u00e9 tipo de personajes dan vida John Cusack y Rachel Weisz?","og_url":"https:\/\/www.cope.es\/blogs\/cine-y-libertad\/2022\/07\/22\/el-jurado-john-grisham-el-valor-de-la-palabra-dada-y-la-conciencia-tranquila\/","og_site_name":"Cine y Libertad","article_publisher":"https:\/\/www.facebook.com\/cope\/","article_author":"https:\/\/www.facebook.com\/victor.alvarado.56829446","article_published_time":"2022-07-22T13:12:46+00:00","og_image":[{"width":189,"height":267,"url":"https:\/\/www.cope.es\/blogs\/cine-y-libertad\/wp-content\/uploads\/sites\/7\/2022\/07\/el-jurado.jpg","type":"image\/jpeg"}],"author":"V\u00edctor Alvarado","twitter_card":"summary_large_image","twitter_creator":"@cineylibertad","twitter_site":"@cope_es","twitter_misc":{"Escrito por":"V\u00edctor Alvarado","Tiempo de lectura":"1 minuto"},"schema":{"@context":"https:\/\/schema.org","@graph":[{"@type":"Article","@id":"https:\/\/www.cope.es\/blogs\/cine-y-libertad\/2022\/07\/22\/el-jurado-john-grisham-el-valor-de-la-palabra-dada-y-la-conciencia-tranquila\/#article","isPartOf":{"@id":"https:\/\/www.cope.es\/blogs\/cine-y-libertad\/2022\/07\/22\/el-jurado-john-grisham-el-valor-de-la-palabra-dada-y-la-conciencia-tranquila\/"},"author":{"name":"V\u00edctor Alvarado","@id":"https:\/\/www.cope.es\/blogs\/cine-y-libertad\/#\/schema\/person\/c95904a4fbf751a8d9124f8fa8bdaace"},"headline":"El jurado-John Grisham, el valor de la palabra dada y la conciencia tranquila","datePublished":"2022-07-22T13:12:46+00:00","mainEntityOfPage":{"@id":"https:\/\/www.cope.es\/blogs\/cine-y-libertad\/2022\/07\/22\/el-jurado-john-grisham-el-valor-de-la-palabra-dada-y-la-conciencia-tranquila\/"},"wordCount":150,"commentCount":0,"image":{"@id":"https:\/\/www.cope.es\/blogs\/cine-y-libertad\/2022\/07\/22\/el-jurado-john-grisham-el-valor-de-la-palabra-dada-y-la-conciencia-tranquila\/#primaryimage"},"thumbnailUrl":"https:\/\/www.cope.es\/blogs\/cine-y-libertad\/wp-content\/uploads\/sites\/7\/2022\/07\/el-jurado.jpg","keywords":["Dustin Hoffman","El jurado","Gene Hackman","John Cusack","John Grisham","Rachel Weisz"],"articleSection":["cine","Hollywood","intriga","John Grisham","justicia","thriller"],"inLanguage":"es","potentialAction":[{"@type":"CommentAction","name":"Comment","target":["https:\/\/www.cope.es\/blogs\/cine-y-libertad\/2022\/07\/22\/el-jurado-john-grisham-el-valor-de-la-palabra-dada-y-la-conciencia-tranquila\/#respond"]}]},{"@type":"WebPage","@id":"https:\/\/www.cope.es\/blogs\/cine-y-libertad\/2022\/07\/22\/el-jurado-john-grisham-el-valor-de-la-palabra-dada-y-la-conciencia-tranquila\/","url":"https:\/\/www.cope.es\/blogs\/cine-y-libertad\/2022\/07\/22\/el-jurado-john-grisham-el-valor-de-la-palabra-dada-y-la-conciencia-tranquila\/","name":"El jurado-John Grisham, el valor de la palabra dada y la conciencia tranquila","isPartOf":{"@id":"https:\/\/www.cope.es\/blogs\/cine-y-libertad\/#website"},"primaryImageOfPage":{"@id":"https:\/\/www.cope.es\/blogs\/cine-y-libertad\/2022\/07\/22\/el-jurado-john-grisham-el-valor-de-la-palabra-dada-y-la-conciencia-tranquila\/#primaryimage"},"image":{"@id":"https:\/\/www.cope.es\/blogs\/cine-y-libertad\/2022\/07\/22\/el-jurado-john-grisham-el-valor-de-la-palabra-dada-y-la-conciencia-tranquila\/#primaryimage"},"thumbnailUrl":"https:\/\/www.cope.es\/blogs\/cine-y-libertad\/wp-content\/uploads\/sites\/7\/2022\/07\/el-jurado.jpg","datePublished":"2022-07-22T13:12:46+00:00","author":{"@id":"https:\/\/www.cope.es\/blogs\/cine-y-libertad\/#\/schema\/person\/c95904a4fbf751a8d9124f8fa8bdaace"},"description":"El jurado-John Grisham, el valor de la palabra dada y la conciencia tranquila. \u00bfA qu\u00e9 tipo de personajes dan vida John Cusack y Rachel Weisz?","breadcrumb":{"@id":"https:\/\/www.cope.es\/blogs\/cine-y-libertad\/2022\/07\/22\/el-jurado-john-grisham-el-valor-de-la-palabra-dada-y-la-conciencia-tranquila\/#breadcrumb"},"inLanguage":"es","potentialAction":[{"@type":"ReadAction","target":["https:\/\/www.cope.es\/blogs\/cine-y-libertad\/2022\/07\/22\/el-jurado-john-grisham-el-valor-de-la-palabra-dada-y-la-conciencia-tranquila\/"]}]},{"@type":"ImageObject","inLanguage":"es","@id":"https:\/\/www.cope.es\/blogs\/cine-y-libertad\/2022\/07\/22\/el-jurado-john-grisham-el-valor-de-la-palabra-dada-y-la-conciencia-tranquila\/#primaryimage","url":"https:\/\/www.cope.es\/blogs\/cine-y-libertad\/wp-content\/uploads\/sites\/7\/2022\/07\/el-jurado.jpg","contentUrl":"https:\/\/www.cope.es\/blogs\/cine-y-libertad\/wp-content\/uploads\/sites\/7\/2022\/07\/el-jurado.jpg","width":189,"height":267},{"@type":"BreadcrumbList","@id":"https:\/\/www.cope.es\/blogs\/cine-y-libertad\/2022\/07\/22\/el-jurado-john-grisham-el-valor-de-la-palabra-dada-y-la-conciencia-tranquila\/#breadcrumb","itemListElement":[{"@type":"ListItem","position":1,"name":"Portada","item":"https:\/\/www.cope.es\/blogs\/cine-y-libertad\/"},{"@type":"ListItem","position":2,"name":"El jurado-John Grisham, el valor de la palabra dada y la conciencia tranquila"}]},{"@type":"WebSite","@id":"https:\/\/www.cope.es\/blogs\/cine-y-libertad\/#website","url":"https:\/\/www.cope.es\/blogs\/cine-y-libertad\/","name":"Cine y Libertad","description":"Cine y Libertad un blog de COPE","potentialAction":[{"@type":"SearchAction","target":{"@type":"EntryPoint","urlTemplate":"https:\/\/www.cope.es\/blogs\/cine-y-libertad\/?s={search_term_string}"},"query-input":{"@type":"PropertyValueSpecification","valueRequired":true,"valueName":"search_term_string"}}],"inLanguage":"es"},{"@type":"Person","@id":"https:\/\/www.cope.es\/blogs\/cine-y-libertad\/#\/schema\/person\/c95904a4fbf751a8d9124f8fa8bdaace","name":"V\u00edctor Alvarado","image":{"@type":"ImageObject","inLanguage":"es","@id":"https:\/\/secure.gravatar.com\/avatar\/db4634ae2001f7f920b8294d926f3e737ada04196e014ebacae29a4848f905f4?s=96&d=mm&r=g","url":"https:\/\/secure.gravatar.com\/avatar\/db4634ae2001f7f920b8294d926f3e737ada04196e014ebacae29a4848f905f4?s=96&d=mm&r=g","contentUrl":"https:\/\/secure.gravatar.com\/avatar\/db4634ae2001f7f920b8294d926f3e737ada04196e014ebacae29a4848f905f4?s=96&d=mm&r=g","caption":"V\u00edctor Alvarado"},"description":"V\u00edctor Alvarado tiene una larga experiencia tanto en medios de comunicaci\u00f3n como en educaci\u00f3n. Dirige el programa de radio, Directo a las Estrellas, en Intereconom\u00eda (Castilla y Le\u00f3n) y Informa Radio en toda Espa\u00f1a. Ha colaborado en Radio Inter y Esradio. Cr\u00edtico de cine en Pantalla 90, Diario Ya y P\u00e1ginas Digital. Es miembro del CEC. Es el autor de libro: La fe, la \u00e9tica y los valores de los superh\u00e9roes (PPC). Esta es su web: www.cineylibertad.com y, por supuesto, lleva m\u00e1s de 5 a\u00f1os como bloguero de Cope, donde analiza el cine, los c\u00f3mics y los libros desde una \u00f3ptica antropol\u00f3gica y axiol\u00f3gica, atendiendo a todas las dimensiones del ser humano.","sameAs":["http:\/\/www.cineylibertad.com","https:\/\/www.facebook.com\/victor.alvarado.56829446","https:\/\/www.instagram.com\/cineylibertad\/","https:\/\/x.com\/cineylibertad"],"url":"https:\/\/www.cope.es\/blogs\/cine-y-libertad\/author\/valvarado\/"}]}},"amp_enabled":true,"_links":{"self":[{"href":"https:\/\/www.cope.es\/blogs\/cine-y-libertad\/wp-json\/wp\/v2\/posts\/4254","targetHints":{"allow":["GET"]}}],"collection":[{"href":"https:\/\/www.cope.es\/blogs\/cine-y-libertad\/wp-json\/wp\/v2\/posts"}],"about":[{"href":"https:\/\/www.cope.es\/blogs\/cine-y-libertad\/wp-json\/wp\/v2\/types\/post"}],"author":[{"embeddable":true,"href":"https:\/\/www.cope.es\/blogs\/cine-y-libertad\/wp-json\/wp\/v2\/users\/7"}],"replies":[{"embeddable":true,"href":"https:\/\/www.cope.es\/blogs\/cine-y-libertad\/wp-json\/wp\/v2\/comments?post=4254"}],"version-history":[{"count":2,"href":"https:\/\/www.cope.es\/blogs\/cine-y-libertad\/wp-json\/wp\/v2\/posts\/4254\/revisions"}],"predecessor-version":[{"id":4357,"href":"https:\/\/www.cope.es\/blogs\/cine-y-libertad\/wp-json\/wp\/v2\/posts\/4254\/revisions\/4357"}],"wp:featuredmedia":[{"embeddable":true,"href":"https:\/\/www.cope.es\/blogs\/cine-y-libertad\/wp-json\/wp\/v2\/media\/4356"}],"wp:attachment":[{"href":"https:\/\/www.cope.es\/blogs\/cine-y-libertad\/wp-json\/wp\/v2\/media?parent=4254"}],"wp:term":[{"taxonomy":"category","embeddable":true,"href":"https:\/\/www.cope.es\/blogs\/cine-y-libertad\/wp-json\/wp\/v2\/categories?post=4254"},{"taxonomy":"post_tag","embeddable":true,"href":"https:\/\/www.cope.es\/blogs\/cine-y-libertad\/wp-json\/wp\/v2\/tags?post=4254"}],"curies":[{"name":"wp","href":"https:\/\/api.w.org\/{rel}","templated":true}]}}