{"id":365,"date":"2018-06-17T13:51:51","date_gmt":"2018-06-17T11:51:51","guid":{"rendered":"http:\/\/www.cope.es\/blogs\/cine-y-libertad\/?p=365"},"modified":"2018-06-17T13:53:04","modified_gmt":"2018-06-17T11:53:04","slug":"colmillo-blanco-la-maravilla-de-la-naturaleza-sin-pancartas-ideologicas","status":"publish","type":"post","link":"https:\/\/www.cope.es\/blogs\/cine-y-libertad\/2018\/06\/17\/colmillo-blanco-la-maravilla-de-la-naturaleza-sin-pancartas-ideologicas\/","title":{"rendered":"Colmillo Blanco-La maravilla de la naturaleza sin pancartas ideol\u00f3gicas"},"content":{"rendered":"<p><img loading=\"lazy\" decoding=\"async\" width=\"300\" height=\"126\" class=\"alignnone size-medium wp-image-366\" src=\"http:\/\/www.cope.es\/blogs\/cine-y-libertad\/wp-content\/uploads\/sites\/7\/2018\/06\/colmillo-blanco-2018_105989-300x126.jpg\" alt=\"\" srcset=\"https:\/\/www.cope.es\/blogs\/cine-y-libertad\/wp-content\/uploads\/sites\/7\/2018\/06\/colmillo-blanco-2018_105989-300x126.jpg 300w, https:\/\/www.cope.es\/blogs\/cine-y-libertad\/wp-content\/uploads\/sites\/7\/2018\/06\/colmillo-blanco-2018_105989-768x322.jpg 768w, https:\/\/www.cope.es\/blogs\/cine-y-libertad\/wp-content\/uploads\/sites\/7\/2018\/06\/colmillo-blanco-2018_105989.jpg 1000w\" sizes=\"auto, (max-width: 300px) 100vw, 300px\" \/><\/p>\n<p>Jack London vuelve a estar de moda o eso parece, ya que hace unos meses la editorial\u00a0 Reino de Cordelia se propuso ir sacando todo el arsenal que tiene de la obra del citado escritor y aventurero.<\/p>\n<p>&nbsp;<\/p>\n<p>Y, en estos d\u00edas, puede verse en las pantallas espa\u00f1olas, la pel\u00edcula de animaci\u00f3n Colmillo Blanco que, como todos ustedes saben, se basa en una de las obras m\u00e1s conocidas de Jack London, un escritor que plasm\u00f3 en sus cuentos sus vivencias personales. Por eso creemos que sus historias resultan tan cre\u00edbles.<\/p>\n<p>&nbsp;<\/p>\n<p>El cineasta luxemburgu\u00e9s Alexandre Espigares, ganador del \u00d3scar al mejor cortometraje animado en 2014, \u00a0con much\u00edsimas carencias t\u00e9cnicas, si lo comparamos con el universo Pixar o DreamWorks, \u00a0pero sacando el m\u00e1ximo producto al relato. Este realizador logra entretener al espectador con mucha acci\u00f3n; oportunos di\u00e1logos y una narraci\u00f3n \u00e1gil.<\/p>\n<p>&nbsp;<\/p>\n<p>Las escenas m\u00e1s escabrosas o que pudieran suponer un problema para una producci\u00f3n orientada a los m\u00e1s \u201cpeques\u201d de la casa, aunque la puedan disfrutar los adultos, \u00a0se solventan con elegantes elipsis que no ocultan o suavizan la realidad,\u00a0 a veces cruda, del comportamiento animal.<\/p>\n<p>&nbsp;<\/p>\n<p>El argumento gira en torno a un a un perro, cruce de un lobo y una perrita,\u00a0 que vive diferentes aventuras con un indio, un delincuente y un sheriff en distintos momentos de su vida.<\/p>\n<p>&nbsp;<\/p>\n<p>Esta producci\u00f3n es un canto a la naturaleza; a todos sus encantos y misterios, sin mensajes ecologistas en el sentido pol\u00edtico, sin pancartas \u00a0\u201cgreenpeace-empachosas\u201d, sino tratando de mostrar la admiraci\u00f3n y el asombro que nos producen a todos los paisajes que all\u00ed aparecen. Por otra parte, estamos ante un largometraje que distingue claramente entre el bien y el mal. El indio aparece como un hombre honrado que reh\u00faye el conflicto y que lucha por la supervivencia del grupo, demostrando gran sabidur\u00eda en sus decisiones. La mujer del sheriff representa a ese tipo de personas que mediante el cari\u00f1o, la paciencia y la ternura siempre saben darle la vuelta a la tortilla para que de un hecho que pueda ser una dificultad surja una soluci\u00f3n adecuada a un determinado problema. Finalmente, la pel\u00edcula invita a reflexionar sobre la necesidad de libertad y el sentido de b\u00fasqueda para encontrar el camino que nos ayude a ser felices.<\/p>\n<p>Puedes escucharnos en: <a href=\"http:\/\/www.cineylibertad.com\/\">www.cineylibertad.com<\/a><\/p>\n<p>Twitter: <span class=\"x_DashboardProfileCard-screenname x_u-inlineBlock x_u-dir\"><a class=\"x_DashboardProfileCard-screennameLink x_u-linkComplex x_u-linkClean\" href=\"https:\/\/twitter.com\/cineylibertad\" target=\"_blank\">@<span class=\"x_u-linkComplex-target\">cineylibertad<\/span><\/a><\/span><\/p>\n<p>V\u00edctor Alvarado<\/p>\n","protected":false},"excerpt":{"rendered":"<p>Jack London vuelve a estar de moda o eso parece, ya que hace unos meses la editorial\u00a0 Reino de Cordelia se propuso ir sacando todo el arsenal que tiene de la obra del citado escritor y aventurero. &nbsp; Y, en estos d\u00edas, puede verse en las pantallas espa\u00f1olas, la pel\u00edcula de animaci\u00f3n Colmillo Blanco que, [&hellip;]<\/p>\n","protected":false},"author":7,"featured_media":366,"comment_status":"open","ping_status":"open","sticky":false,"template":"","format":"standard","meta":{"footnotes":""},"categories":[3,14,42],"tags":[58],"class_list":["post-365","post","type-post","status-publish","format-standard","has-post-thumbnail","hentry","category-cine","category-joyas-universales","category-obra-maestra","tag-jack-london"],"yoast_head":"<!-- This site is optimized with the Yoast SEO plugin v27.4 - https:\/\/yoast.com\/product\/yoast-seo-wordpress\/ -->\n<title>Colmillo Blanco-La maravilla de la naturaleza sin pancartas ideol\u00f3gicas - Cine y Libertad<\/title>\n<meta name=\"robots\" content=\"index, follow, max-snippet:-1, max-image-preview:large, max-video-preview:-1\" \/>\n<link rel=\"canonical\" href=\"https:\/\/www.cope.es\/blogs\/cine-y-libertad\/2018\/06\/17\/colmillo-blanco-la-maravilla-de-la-naturaleza-sin-pancartas-ideologicas\/\" \/>\n<meta property=\"og:locale\" content=\"es_ES\" \/>\n<meta property=\"og:type\" content=\"article\" \/>\n<meta property=\"og:title\" content=\"Colmillo Blanco-La maravilla de la naturaleza sin pancartas ideol\u00f3gicas - Cine y Libertad\" \/>\n<meta property=\"og:description\" content=\"Jack London vuelve a estar de moda o eso parece, ya que hace unos meses la editorial\u00a0 Reino de Cordelia se propuso ir sacando todo el arsenal que tiene de la obra del citado escritor y aventurero. &nbsp; Y, en estos d\u00edas, puede verse en las pantallas espa\u00f1olas, la pel\u00edcula de animaci\u00f3n Colmillo Blanco que, [&hellip;]\" \/>\n<meta property=\"og:url\" content=\"https:\/\/www.cope.es\/blogs\/cine-y-libertad\/2018\/06\/17\/colmillo-blanco-la-maravilla-de-la-naturaleza-sin-pancartas-ideologicas\/\" \/>\n<meta property=\"og:site_name\" content=\"Cine y Libertad\" \/>\n<meta property=\"article:publisher\" content=\"https:\/\/www.facebook.com\/cope\/\" \/>\n<meta property=\"article:author\" content=\"https:\/\/www.facebook.com\/victor.alvarado.56829446\" \/>\n<meta property=\"article:published_time\" content=\"2018-06-17T11:51:51+00:00\" \/>\n<meta property=\"article:modified_time\" content=\"2018-06-17T11:53:04+00:00\" \/>\n<meta property=\"og:image\" content=\"https:\/\/www.cope.es\/blogs\/cine-y-libertad\/wp-content\/uploads\/sites\/7\/2018\/06\/colmillo-blanco-2018_105989.jpg\" \/>\n\t<meta property=\"og:image:width\" content=\"1000\" \/>\n\t<meta property=\"og:image:height\" content=\"419\" \/>\n\t<meta property=\"og:image:type\" content=\"image\/jpeg\" \/>\n<meta name=\"author\" content=\"V\u00edctor Alvarado\" \/>\n<meta name=\"twitter:card\" content=\"summary_large_image\" \/>\n<meta name=\"twitter:creator\" content=\"@cineylibertad\" \/>\n<meta name=\"twitter:site\" content=\"@cope_es\" \/>\n<meta name=\"twitter:label1\" content=\"Escrito por\" \/>\n\t<meta name=\"twitter:data1\" content=\"V\u00edctor Alvarado\" \/>\n\t<meta name=\"twitter:label2\" content=\"Tiempo de lectura\" \/>\n\t<meta name=\"twitter:data2\" content=\"2 minutos\" \/>\n<script type=\"application\/ld+json\" class=\"yoast-schema-graph\">{\"@context\":\"https:\\\/\\\/schema.org\",\"@graph\":[{\"@type\":\"Article\",\"@id\":\"https:\\\/\\\/www.cope.es\\\/blogs\\\/cine-y-libertad\\\/2018\\\/06\\\/17\\\/colmillo-blanco-la-maravilla-de-la-naturaleza-sin-pancartas-ideologicas\\\/#article\",\"isPartOf\":{\"@id\":\"https:\\\/\\\/www.cope.es\\\/blogs\\\/cine-y-libertad\\\/2018\\\/06\\\/17\\\/colmillo-blanco-la-maravilla-de-la-naturaleza-sin-pancartas-ideologicas\\\/\"},\"author\":{\"name\":\"V\u00edctor Alvarado\",\"@id\":\"https:\\\/\\\/www.cope.es\\\/blogs\\\/cine-y-libertad\\\/#\\\/schema\\\/person\\\/c95904a4fbf751a8d9124f8fa8bdaace\"},\"headline\":\"Colmillo Blanco-La maravilla de la naturaleza sin pancartas ideol\u00f3gicas\",\"datePublished\":\"2018-06-17T11:51:51+00:00\",\"dateModified\":\"2018-06-17T11:53:04+00:00\",\"mainEntityOfPage\":{\"@id\":\"https:\\\/\\\/www.cope.es\\\/blogs\\\/cine-y-libertad\\\/2018\\\/06\\\/17\\\/colmillo-blanco-la-maravilla-de-la-naturaleza-sin-pancartas-ideologicas\\\/\"},\"wordCount\":423,\"commentCount\":0,\"image\":{\"@id\":\"https:\\\/\\\/www.cope.es\\\/blogs\\\/cine-y-libertad\\\/2018\\\/06\\\/17\\\/colmillo-blanco-la-maravilla-de-la-naturaleza-sin-pancartas-ideologicas\\\/#primaryimage\"},\"thumbnailUrl\":\"https:\\\/\\\/www.cope.es\\\/blogs\\\/cine-y-libertad\\\/wp-content\\\/uploads\\\/sites\\\/7\\\/2018\\\/06\\\/colmillo-blanco-2018_105989.jpg\",\"keywords\":[\"Jack London\"],\"articleSection\":[\"cine\",\"joyas universales\",\"Obra maestra\"],\"inLanguage\":\"es\",\"potentialAction\":[{\"@type\":\"CommentAction\",\"name\":\"Comment\",\"target\":[\"https:\\\/\\\/www.cope.es\\\/blogs\\\/cine-y-libertad\\\/2018\\\/06\\\/17\\\/colmillo-blanco-la-maravilla-de-la-naturaleza-sin-pancartas-ideologicas\\\/#respond\"]}]},{\"@type\":\"WebPage\",\"@id\":\"https:\\\/\\\/www.cope.es\\\/blogs\\\/cine-y-libertad\\\/2018\\\/06\\\/17\\\/colmillo-blanco-la-maravilla-de-la-naturaleza-sin-pancartas-ideologicas\\\/\",\"url\":\"https:\\\/\\\/www.cope.es\\\/blogs\\\/cine-y-libertad\\\/2018\\\/06\\\/17\\\/colmillo-blanco-la-maravilla-de-la-naturaleza-sin-pancartas-ideologicas\\\/\",\"name\":\"Colmillo Blanco-La maravilla de la naturaleza sin pancartas ideol\u00f3gicas - Cine y Libertad\",\"isPartOf\":{\"@id\":\"https:\\\/\\\/www.cope.es\\\/blogs\\\/cine-y-libertad\\\/#website\"},\"primaryImageOfPage\":{\"@id\":\"https:\\\/\\\/www.cope.es\\\/blogs\\\/cine-y-libertad\\\/2018\\\/06\\\/17\\\/colmillo-blanco-la-maravilla-de-la-naturaleza-sin-pancartas-ideologicas\\\/#primaryimage\"},\"image\":{\"@id\":\"https:\\\/\\\/www.cope.es\\\/blogs\\\/cine-y-libertad\\\/2018\\\/06\\\/17\\\/colmillo-blanco-la-maravilla-de-la-naturaleza-sin-pancartas-ideologicas\\\/#primaryimage\"},\"thumbnailUrl\":\"https:\\\/\\\/www.cope.es\\\/blogs\\\/cine-y-libertad\\\/wp-content\\\/uploads\\\/sites\\\/7\\\/2018\\\/06\\\/colmillo-blanco-2018_105989.jpg\",\"datePublished\":\"2018-06-17T11:51:51+00:00\",\"dateModified\":\"2018-06-17T11:53:04+00:00\",\"author\":{\"@id\":\"https:\\\/\\\/www.cope.es\\\/blogs\\\/cine-y-libertad\\\/#\\\/schema\\\/person\\\/c95904a4fbf751a8d9124f8fa8bdaace\"},\"breadcrumb\":{\"@id\":\"https:\\\/\\\/www.cope.es\\\/blogs\\\/cine-y-libertad\\\/2018\\\/06\\\/17\\\/colmillo-blanco-la-maravilla-de-la-naturaleza-sin-pancartas-ideologicas\\\/#breadcrumb\"},\"inLanguage\":\"es\",\"potentialAction\":[{\"@type\":\"ReadAction\",\"target\":[\"https:\\\/\\\/www.cope.es\\\/blogs\\\/cine-y-libertad\\\/2018\\\/06\\\/17\\\/colmillo-blanco-la-maravilla-de-la-naturaleza-sin-pancartas-ideologicas\\\/\"]}]},{\"@type\":\"ImageObject\",\"inLanguage\":\"es\",\"@id\":\"https:\\\/\\\/www.cope.es\\\/blogs\\\/cine-y-libertad\\\/2018\\\/06\\\/17\\\/colmillo-blanco-la-maravilla-de-la-naturaleza-sin-pancartas-ideologicas\\\/#primaryimage\",\"url\":\"https:\\\/\\\/www.cope.es\\\/blogs\\\/cine-y-libertad\\\/wp-content\\\/uploads\\\/sites\\\/7\\\/2018\\\/06\\\/colmillo-blanco-2018_105989.jpg\",\"contentUrl\":\"https:\\\/\\\/www.cope.es\\\/blogs\\\/cine-y-libertad\\\/wp-content\\\/uploads\\\/sites\\\/7\\\/2018\\\/06\\\/colmillo-blanco-2018_105989.jpg\",\"width\":1000,\"height\":419},{\"@type\":\"BreadcrumbList\",\"@id\":\"https:\\\/\\\/www.cope.es\\\/blogs\\\/cine-y-libertad\\\/2018\\\/06\\\/17\\\/colmillo-blanco-la-maravilla-de-la-naturaleza-sin-pancartas-ideologicas\\\/#breadcrumb\",\"itemListElement\":[{\"@type\":\"ListItem\",\"position\":1,\"name\":\"Portada\",\"item\":\"https:\\\/\\\/www.cope.es\\\/blogs\\\/cine-y-libertad\\\/\"},{\"@type\":\"ListItem\",\"position\":2,\"name\":\"Colmillo Blanco-La maravilla de la naturaleza sin pancartas ideol\u00f3gicas\"}]},{\"@type\":\"WebSite\",\"@id\":\"https:\\\/\\\/www.cope.es\\\/blogs\\\/cine-y-libertad\\\/#website\",\"url\":\"https:\\\/\\\/www.cope.es\\\/blogs\\\/cine-y-libertad\\\/\",\"name\":\"Cine y Libertad\",\"description\":\"Cine y Libertad un blog de COPE\",\"potentialAction\":[{\"@type\":\"SearchAction\",\"target\":{\"@type\":\"EntryPoint\",\"urlTemplate\":\"https:\\\/\\\/www.cope.es\\\/blogs\\\/cine-y-libertad\\\/?s={search_term_string}\"},\"query-input\":{\"@type\":\"PropertyValueSpecification\",\"valueRequired\":true,\"valueName\":\"search_term_string\"}}],\"inLanguage\":\"es\"},{\"@type\":\"Person\",\"@id\":\"https:\\\/\\\/www.cope.es\\\/blogs\\\/cine-y-libertad\\\/#\\\/schema\\\/person\\\/c95904a4fbf751a8d9124f8fa8bdaace\",\"name\":\"V\u00edctor Alvarado\",\"image\":{\"@type\":\"ImageObject\",\"inLanguage\":\"es\",\"@id\":\"https:\\\/\\\/secure.gravatar.com\\\/avatar\\\/db4634ae2001f7f920b8294d926f3e737ada04196e014ebacae29a4848f905f4?s=96&d=mm&r=g\",\"url\":\"https:\\\/\\\/secure.gravatar.com\\\/avatar\\\/db4634ae2001f7f920b8294d926f3e737ada04196e014ebacae29a4848f905f4?s=96&d=mm&r=g\",\"contentUrl\":\"https:\\\/\\\/secure.gravatar.com\\\/avatar\\\/db4634ae2001f7f920b8294d926f3e737ada04196e014ebacae29a4848f905f4?s=96&d=mm&r=g\",\"caption\":\"V\u00edctor Alvarado\"},\"description\":\"V\u00edctor Alvarado tiene una larga experiencia tanto en medios de comunicaci\u00f3n como en educaci\u00f3n. Dirige el programa de radio, Directo a las Estrellas, en Intereconom\u00eda (Castilla y Le\u00f3n) y Informa Radio en toda Espa\u00f1a. Ha colaborado en Radio Inter y Esradio. Cr\u00edtico de cine en Pantalla 90, Diario Ya y P\u00e1ginas Digital. Es miembro del CEC. Es el autor de libro: La fe, la \u00e9tica y los valores de los superh\u00e9roes (PPC). Esta es su web: www.cineylibertad.com y, por supuesto, lleva m\u00e1s de 5 a\u00f1os como bloguero de Cope, donde analiza el cine, los c\u00f3mics y los libros desde una \u00f3ptica antropol\u00f3gica y axiol\u00f3gica, atendiendo a todas las dimensiones del ser humano.\",\"sameAs\":[\"http:\\\/\\\/www.cineylibertad.com\",\"https:\\\/\\\/www.facebook.com\\\/victor.alvarado.56829446\",\"https:\\\/\\\/www.instagram.com\\\/cineylibertad\\\/\",\"https:\\\/\\\/x.com\\\/cineylibertad\"],\"url\":\"https:\\\/\\\/www.cope.es\\\/blogs\\\/cine-y-libertad\\\/author\\\/valvarado\\\/\"}]}<\/script>\n<!-- \/ Yoast SEO plugin. -->","yoast_head_json":{"title":"Colmillo Blanco-La maravilla de la naturaleza sin pancartas ideol\u00f3gicas - Cine y Libertad","robots":{"index":"index","follow":"follow","max-snippet":"max-snippet:-1","max-image-preview":"max-image-preview:large","max-video-preview":"max-video-preview:-1"},"canonical":"https:\/\/www.cope.es\/blogs\/cine-y-libertad\/2018\/06\/17\/colmillo-blanco-la-maravilla-de-la-naturaleza-sin-pancartas-ideologicas\/","og_locale":"es_ES","og_type":"article","og_title":"Colmillo Blanco-La maravilla de la naturaleza sin pancartas ideol\u00f3gicas - Cine y Libertad","og_description":"Jack London vuelve a estar de moda o eso parece, ya que hace unos meses la editorial\u00a0 Reino de Cordelia se propuso ir sacando todo el arsenal que tiene de la obra del citado escritor y aventurero. &nbsp; Y, en estos d\u00edas, puede verse en las pantallas espa\u00f1olas, la pel\u00edcula de animaci\u00f3n Colmillo Blanco que, [&hellip;]","og_url":"https:\/\/www.cope.es\/blogs\/cine-y-libertad\/2018\/06\/17\/colmillo-blanco-la-maravilla-de-la-naturaleza-sin-pancartas-ideologicas\/","og_site_name":"Cine y Libertad","article_publisher":"https:\/\/www.facebook.com\/cope\/","article_author":"https:\/\/www.facebook.com\/victor.alvarado.56829446","article_published_time":"2018-06-17T11:51:51+00:00","article_modified_time":"2018-06-17T11:53:04+00:00","og_image":[{"width":1000,"height":419,"url":"https:\/\/www.cope.es\/blogs\/cine-y-libertad\/wp-content\/uploads\/sites\/7\/2018\/06\/colmillo-blanco-2018_105989.jpg","type":"image\/jpeg"}],"author":"V\u00edctor Alvarado","twitter_card":"summary_large_image","twitter_creator":"@cineylibertad","twitter_site":"@cope_es","twitter_misc":{"Escrito por":"V\u00edctor Alvarado","Tiempo de lectura":"2 minutos"},"schema":{"@context":"https:\/\/schema.org","@graph":[{"@type":"Article","@id":"https:\/\/www.cope.es\/blogs\/cine-y-libertad\/2018\/06\/17\/colmillo-blanco-la-maravilla-de-la-naturaleza-sin-pancartas-ideologicas\/#article","isPartOf":{"@id":"https:\/\/www.cope.es\/blogs\/cine-y-libertad\/2018\/06\/17\/colmillo-blanco-la-maravilla-de-la-naturaleza-sin-pancartas-ideologicas\/"},"author":{"name":"V\u00edctor Alvarado","@id":"https:\/\/www.cope.es\/blogs\/cine-y-libertad\/#\/schema\/person\/c95904a4fbf751a8d9124f8fa8bdaace"},"headline":"Colmillo Blanco-La maravilla de la naturaleza sin pancartas ideol\u00f3gicas","datePublished":"2018-06-17T11:51:51+00:00","dateModified":"2018-06-17T11:53:04+00:00","mainEntityOfPage":{"@id":"https:\/\/www.cope.es\/blogs\/cine-y-libertad\/2018\/06\/17\/colmillo-blanco-la-maravilla-de-la-naturaleza-sin-pancartas-ideologicas\/"},"wordCount":423,"commentCount":0,"image":{"@id":"https:\/\/www.cope.es\/blogs\/cine-y-libertad\/2018\/06\/17\/colmillo-blanco-la-maravilla-de-la-naturaleza-sin-pancartas-ideologicas\/#primaryimage"},"thumbnailUrl":"https:\/\/www.cope.es\/blogs\/cine-y-libertad\/wp-content\/uploads\/sites\/7\/2018\/06\/colmillo-blanco-2018_105989.jpg","keywords":["Jack London"],"articleSection":["cine","joyas universales","Obra maestra"],"inLanguage":"es","potentialAction":[{"@type":"CommentAction","name":"Comment","target":["https:\/\/www.cope.es\/blogs\/cine-y-libertad\/2018\/06\/17\/colmillo-blanco-la-maravilla-de-la-naturaleza-sin-pancartas-ideologicas\/#respond"]}]},{"@type":"WebPage","@id":"https:\/\/www.cope.es\/blogs\/cine-y-libertad\/2018\/06\/17\/colmillo-blanco-la-maravilla-de-la-naturaleza-sin-pancartas-ideologicas\/","url":"https:\/\/www.cope.es\/blogs\/cine-y-libertad\/2018\/06\/17\/colmillo-blanco-la-maravilla-de-la-naturaleza-sin-pancartas-ideologicas\/","name":"Colmillo Blanco-La maravilla de la naturaleza sin pancartas ideol\u00f3gicas - Cine y Libertad","isPartOf":{"@id":"https:\/\/www.cope.es\/blogs\/cine-y-libertad\/#website"},"primaryImageOfPage":{"@id":"https:\/\/www.cope.es\/blogs\/cine-y-libertad\/2018\/06\/17\/colmillo-blanco-la-maravilla-de-la-naturaleza-sin-pancartas-ideologicas\/#primaryimage"},"image":{"@id":"https:\/\/www.cope.es\/blogs\/cine-y-libertad\/2018\/06\/17\/colmillo-blanco-la-maravilla-de-la-naturaleza-sin-pancartas-ideologicas\/#primaryimage"},"thumbnailUrl":"https:\/\/www.cope.es\/blogs\/cine-y-libertad\/wp-content\/uploads\/sites\/7\/2018\/06\/colmillo-blanco-2018_105989.jpg","datePublished":"2018-06-17T11:51:51+00:00","dateModified":"2018-06-17T11:53:04+00:00","author":{"@id":"https:\/\/www.cope.es\/blogs\/cine-y-libertad\/#\/schema\/person\/c95904a4fbf751a8d9124f8fa8bdaace"},"breadcrumb":{"@id":"https:\/\/www.cope.es\/blogs\/cine-y-libertad\/2018\/06\/17\/colmillo-blanco-la-maravilla-de-la-naturaleza-sin-pancartas-ideologicas\/#breadcrumb"},"inLanguage":"es","potentialAction":[{"@type":"ReadAction","target":["https:\/\/www.cope.es\/blogs\/cine-y-libertad\/2018\/06\/17\/colmillo-blanco-la-maravilla-de-la-naturaleza-sin-pancartas-ideologicas\/"]}]},{"@type":"ImageObject","inLanguage":"es","@id":"https:\/\/www.cope.es\/blogs\/cine-y-libertad\/2018\/06\/17\/colmillo-blanco-la-maravilla-de-la-naturaleza-sin-pancartas-ideologicas\/#primaryimage","url":"https:\/\/www.cope.es\/blogs\/cine-y-libertad\/wp-content\/uploads\/sites\/7\/2018\/06\/colmillo-blanco-2018_105989.jpg","contentUrl":"https:\/\/www.cope.es\/blogs\/cine-y-libertad\/wp-content\/uploads\/sites\/7\/2018\/06\/colmillo-blanco-2018_105989.jpg","width":1000,"height":419},{"@type":"BreadcrumbList","@id":"https:\/\/www.cope.es\/blogs\/cine-y-libertad\/2018\/06\/17\/colmillo-blanco-la-maravilla-de-la-naturaleza-sin-pancartas-ideologicas\/#breadcrumb","itemListElement":[{"@type":"ListItem","position":1,"name":"Portada","item":"https:\/\/www.cope.es\/blogs\/cine-y-libertad\/"},{"@type":"ListItem","position":2,"name":"Colmillo Blanco-La maravilla de la naturaleza sin pancartas ideol\u00f3gicas"}]},{"@type":"WebSite","@id":"https:\/\/www.cope.es\/blogs\/cine-y-libertad\/#website","url":"https:\/\/www.cope.es\/blogs\/cine-y-libertad\/","name":"Cine y Libertad","description":"Cine y Libertad un blog de COPE","potentialAction":[{"@type":"SearchAction","target":{"@type":"EntryPoint","urlTemplate":"https:\/\/www.cope.es\/blogs\/cine-y-libertad\/?s={search_term_string}"},"query-input":{"@type":"PropertyValueSpecification","valueRequired":true,"valueName":"search_term_string"}}],"inLanguage":"es"},{"@type":"Person","@id":"https:\/\/www.cope.es\/blogs\/cine-y-libertad\/#\/schema\/person\/c95904a4fbf751a8d9124f8fa8bdaace","name":"V\u00edctor Alvarado","image":{"@type":"ImageObject","inLanguage":"es","@id":"https:\/\/secure.gravatar.com\/avatar\/db4634ae2001f7f920b8294d926f3e737ada04196e014ebacae29a4848f905f4?s=96&d=mm&r=g","url":"https:\/\/secure.gravatar.com\/avatar\/db4634ae2001f7f920b8294d926f3e737ada04196e014ebacae29a4848f905f4?s=96&d=mm&r=g","contentUrl":"https:\/\/secure.gravatar.com\/avatar\/db4634ae2001f7f920b8294d926f3e737ada04196e014ebacae29a4848f905f4?s=96&d=mm&r=g","caption":"V\u00edctor Alvarado"},"description":"V\u00edctor Alvarado tiene una larga experiencia tanto en medios de comunicaci\u00f3n como en educaci\u00f3n. Dirige el programa de radio, Directo a las Estrellas, en Intereconom\u00eda (Castilla y Le\u00f3n) y Informa Radio en toda Espa\u00f1a. Ha colaborado en Radio Inter y Esradio. Cr\u00edtico de cine en Pantalla 90, Diario Ya y P\u00e1ginas Digital. Es miembro del CEC. Es el autor de libro: La fe, la \u00e9tica y los valores de los superh\u00e9roes (PPC). Esta es su web: www.cineylibertad.com y, por supuesto, lleva m\u00e1s de 5 a\u00f1os como bloguero de Cope, donde analiza el cine, los c\u00f3mics y los libros desde una \u00f3ptica antropol\u00f3gica y axiol\u00f3gica, atendiendo a todas las dimensiones del ser humano.","sameAs":["http:\/\/www.cineylibertad.com","https:\/\/www.facebook.com\/victor.alvarado.56829446","https:\/\/www.instagram.com\/cineylibertad\/","https:\/\/x.com\/cineylibertad"],"url":"https:\/\/www.cope.es\/blogs\/cine-y-libertad\/author\/valvarado\/"}]}},"amp_enabled":true,"_links":{"self":[{"href":"https:\/\/www.cope.es\/blogs\/cine-y-libertad\/wp-json\/wp\/v2\/posts\/365","targetHints":{"allow":["GET"]}}],"collection":[{"href":"https:\/\/www.cope.es\/blogs\/cine-y-libertad\/wp-json\/wp\/v2\/posts"}],"about":[{"href":"https:\/\/www.cope.es\/blogs\/cine-y-libertad\/wp-json\/wp\/v2\/types\/post"}],"author":[{"embeddable":true,"href":"https:\/\/www.cope.es\/blogs\/cine-y-libertad\/wp-json\/wp\/v2\/users\/7"}],"replies":[{"embeddable":true,"href":"https:\/\/www.cope.es\/blogs\/cine-y-libertad\/wp-json\/wp\/v2\/comments?post=365"}],"version-history":[{"count":1,"href":"https:\/\/www.cope.es\/blogs\/cine-y-libertad\/wp-json\/wp\/v2\/posts\/365\/revisions"}],"predecessor-version":[{"id":367,"href":"https:\/\/www.cope.es\/blogs\/cine-y-libertad\/wp-json\/wp\/v2\/posts\/365\/revisions\/367"}],"wp:featuredmedia":[{"embeddable":true,"href":"https:\/\/www.cope.es\/blogs\/cine-y-libertad\/wp-json\/wp\/v2\/media\/366"}],"wp:attachment":[{"href":"https:\/\/www.cope.es\/blogs\/cine-y-libertad\/wp-json\/wp\/v2\/media?parent=365"}],"wp:term":[{"taxonomy":"category","embeddable":true,"href":"https:\/\/www.cope.es\/blogs\/cine-y-libertad\/wp-json\/wp\/v2\/categories?post=365"},{"taxonomy":"post_tag","embeddable":true,"href":"https:\/\/www.cope.es\/blogs\/cine-y-libertad\/wp-json\/wp\/v2\/tags?post=365"}],"curies":[{"name":"wp","href":"https:\/\/api.w.org\/{rel}","templated":true}]}}