{"id":356,"date":"2018-06-15T13:04:42","date_gmt":"2018-06-15T11:04:42","guid":{"rendered":"http:\/\/www.cope.es\/blogs\/cine-y-libertad\/?p=356"},"modified":"2018-06-16T10:51:32","modified_gmt":"2018-06-16T08:51:32","slug":"yo-robot-las-maquinas-llegaran-a-pensar-y-sentir-como-las-personas","status":"publish","type":"post","link":"https:\/\/www.cope.es\/blogs\/cine-y-libertad\/2018\/06\/15\/yo-robot-las-maquinas-llegaran-a-pensar-y-sentir-como-las-personas\/","title":{"rendered":"Yo, robot-\u00bfLas m\u00e1quinas llegar\u00e1n a pensar y sentir como las personas?"},"content":{"rendered":"<p><img loading=\"lazy\" decoding=\"async\" width=\"300\" height=\"158\" class=\"alignnone size-medium wp-image-358\" src=\"http:\/\/www.cope.es\/blogs\/cine-y-libertad\/wp-content\/uploads\/sites\/7\/2018\/06\/yo-robot-300x158.jpg\" alt=\"\" srcset=\"https:\/\/www.cope.es\/blogs\/cine-y-libertad\/wp-content\/uploads\/sites\/7\/2018\/06\/yo-robot-300x158.jpg 300w, https:\/\/www.cope.es\/blogs\/cine-y-libertad\/wp-content\/uploads\/sites\/7\/2018\/06\/yo-robot-768x403.jpg 768w, https:\/\/www.cope.es\/blogs\/cine-y-libertad\/wp-content\/uploads\/sites\/7\/2018\/06\/yo-robot-1024x538.jpg 1024w, https:\/\/www.cope.es\/blogs\/cine-y-libertad\/wp-content\/uploads\/sites\/7\/2018\/06\/yo-robot.jpg 1200w\" sizes=\"auto, (max-width: 300px) 100vw, 300px\" \/><\/p>\n<p>\u00a1Lectores y amigos de Cine y Libertad!<\/p>\n<p>\u00bfCu\u00e1les son las claves de la obra de Isaac Asimov?Aqu\u00ed puedes escuchar mi comentario:<a title=\"Yo, robot-\u00bfLas m\u00e1quinas llegar\u00e1n a pensar y sentir como las personas?\" href=\"http:\/\/www.cineylibertad.com\/yo-robot-las-maquinas-podran-pensar-y-sentir-como-las-personas\/\">Yo, robot-\u00bfLas m\u00e1quinas llegar\u00e1n a pensar y sentir como las personas?<\/a><\/p>\n<p>La editorial Dibbuks nos habla de su c\u00f3mic:<\/p>\n<p><img loading=\"lazy\" decoding=\"async\" width=\"264\" height=\"191\" class=\"alignnone size-full wp-image-361\" src=\"http:\/\/www.cope.es\/blogs\/cine-y-libertad\/wp-content\/uploads\/sites\/7\/2018\/06\/robot.jpg\" alt=\"\" \/><\/p>\n<p>\u00bfDe qu\u00e9 hablamos cuando hablamos de inteligencia artificial? \u00bfDe seres m\u00e1s inteligentes que los humanos? \u00bfM\u00e1s sabios? \u00bfM\u00e1s \u00e9ticos? \u00bfSer\u00edamos capaces de convivir con ellos y superar nuestra presunci\u00f3n de superioridad? <em>Yo, Robot<\/em> son tres historias cortas basadas en los relatos de Isaac Asimov y en sus conocidas leyes de la rob\u00f3tica: 1. Un robot no debe da\u00f1ar a un ser humano o, por su inacci\u00f3n, dejar que un ser humano sufra da\u00f1o. 2. Un robot debe obedecer las \u00f3rdenes que le son dadas por un ser humano, excepto cuando estas \u00f3rdenes entren en conflicto con las primera ley. 3. Un robot debe proteger su propia existencia hasta que esta protecci\u00f3n entre en conflicto con la ley primera o segunda<\/p>\n<p>Twitter:\u00a0<span class=\"x_DashboardProfileCard-screenname x_u-inlineBlock x_u-dir\"><a class=\"x_DashboardProfileCard-screennameLink x_u-linkComplex x_u-linkClean\" href=\"https:\/\/twitter.com\/cineylibertad\" target=\"_blank\">@<span class=\"x_u-linkComplex-target\">cineylibertad<\/span><\/a><\/span><\/p>\n","protected":false},"excerpt":{"rendered":"<p>\u00a1Lectores y amigos de Cine y Libertad! \u00bfCu\u00e1les son las claves de la obra de Isaac Asimov?Aqu\u00ed puedes escuchar mi comentario:Yo, robot-\u00bfLas m\u00e1quinas llegar\u00e1n a pensar y sentir como las personas? La editorial Dibbuks nos habla de su c\u00f3mic: \u00bfDe qu\u00e9 hablamos cuando hablamos de inteligencia artificial? \u00bfDe seres m\u00e1s inteligentes que los humanos? \u00bfM\u00e1s [&hellip;]<\/p>\n","protected":false},"author":7,"featured_media":358,"comment_status":"open","ping_status":"open","sticky":false,"template":"","format":"standard","meta":{"footnotes":""},"categories":[56,3,4,5,42],"tags":[57],"class_list":["post-356","post","type-post","status-publish","format-standard","has-post-thumbnail","hentry","category-ciencia-ficcion","category-cine","category-comics","category-libros","category-obra-maestra","tag-cie"],"yoast_head":"<!-- This site is optimized with the Yoast SEO plugin v27.4 - https:\/\/yoast.com\/product\/yoast-seo-wordpress\/ -->\n<title>Yo, robot-\u00bfLas m\u00e1quinas llegar\u00e1n a pensar y sentir como las personas? - Cine y Libertad<\/title>\n<meta name=\"robots\" content=\"index, follow, max-snippet:-1, max-image-preview:large, max-video-preview:-1\" \/>\n<link rel=\"canonical\" href=\"https:\/\/www.cope.es\/blogs\/cine-y-libertad\/2018\/06\/15\/yo-robot-las-maquinas-llegaran-a-pensar-y-sentir-como-las-personas\/\" \/>\n<meta property=\"og:locale\" content=\"es_ES\" \/>\n<meta property=\"og:type\" content=\"article\" \/>\n<meta property=\"og:title\" content=\"Yo, robot-\u00bfLas m\u00e1quinas llegar\u00e1n a pensar y sentir como las personas? - Cine y Libertad\" \/>\n<meta property=\"og:description\" content=\"\u00a1Lectores y amigos de Cine y Libertad! \u00bfCu\u00e1les son las claves de la obra de Isaac Asimov?Aqu\u00ed puedes escuchar mi comentario:Yo, robot-\u00bfLas m\u00e1quinas llegar\u00e1n a pensar y sentir como las personas? La editorial Dibbuks nos habla de su c\u00f3mic: \u00bfDe qu\u00e9 hablamos cuando hablamos de inteligencia artificial? \u00bfDe seres m\u00e1s inteligentes que los humanos? \u00bfM\u00e1s [&hellip;]\" \/>\n<meta property=\"og:url\" content=\"https:\/\/www.cope.es\/blogs\/cine-y-libertad\/2018\/06\/15\/yo-robot-las-maquinas-llegaran-a-pensar-y-sentir-como-las-personas\/\" \/>\n<meta property=\"og:site_name\" content=\"Cine y Libertad\" \/>\n<meta property=\"article:publisher\" content=\"https:\/\/www.facebook.com\/cope\/\" \/>\n<meta property=\"article:author\" content=\"https:\/\/www.facebook.com\/victor.alvarado.56829446\" \/>\n<meta property=\"article:published_time\" content=\"2018-06-15T11:04:42+00:00\" \/>\n<meta property=\"article:modified_time\" content=\"2018-06-16T08:51:32+00:00\" \/>\n<meta property=\"og:image\" content=\"https:\/\/www.cope.es\/blogs\/cine-y-libertad\/wp-content\/uploads\/sites\/7\/2018\/06\/yo-robot.jpg\" \/>\n\t<meta property=\"og:image:width\" content=\"1200\" \/>\n\t<meta property=\"og:image:height\" content=\"630\" \/>\n\t<meta property=\"og:image:type\" content=\"image\/jpeg\" \/>\n<meta name=\"author\" content=\"V\u00edctor Alvarado\" \/>\n<meta name=\"twitter:card\" content=\"summary_large_image\" \/>\n<meta name=\"twitter:creator\" content=\"@cineylibertad\" \/>\n<meta name=\"twitter:site\" content=\"@cope_es\" \/>\n<meta name=\"twitter:label1\" content=\"Escrito por\" \/>\n\t<meta name=\"twitter:data1\" content=\"V\u00edctor Alvarado\" \/>\n\t<meta name=\"twitter:label2\" content=\"Tiempo de lectura\" \/>\n\t<meta name=\"twitter:data2\" content=\"1 minuto\" \/>\n<script type=\"application\/ld+json\" class=\"yoast-schema-graph\">{\"@context\":\"https:\\\/\\\/schema.org\",\"@graph\":[{\"@type\":\"Article\",\"@id\":\"https:\\\/\\\/www.cope.es\\\/blogs\\\/cine-y-libertad\\\/2018\\\/06\\\/15\\\/yo-robot-las-maquinas-llegaran-a-pensar-y-sentir-como-las-personas\\\/#article\",\"isPartOf\":{\"@id\":\"https:\\\/\\\/www.cope.es\\\/blogs\\\/cine-y-libertad\\\/2018\\\/06\\\/15\\\/yo-robot-las-maquinas-llegaran-a-pensar-y-sentir-como-las-personas\\\/\"},\"author\":{\"name\":\"V\u00edctor Alvarado\",\"@id\":\"https:\\\/\\\/www.cope.es\\\/blogs\\\/cine-y-libertad\\\/#\\\/schema\\\/person\\\/c95904a4fbf751a8d9124f8fa8bdaace\"},\"headline\":\"Yo, robot-\u00bfLas m\u00e1quinas llegar\u00e1n a pensar y sentir como las personas?\",\"datePublished\":\"2018-06-15T11:04:42+00:00\",\"dateModified\":\"2018-06-16T08:51:32+00:00\",\"mainEntityOfPage\":{\"@id\":\"https:\\\/\\\/www.cope.es\\\/blogs\\\/cine-y-libertad\\\/2018\\\/06\\\/15\\\/yo-robot-las-maquinas-llegaran-a-pensar-y-sentir-como-las-personas\\\/\"},\"wordCount\":189,\"commentCount\":0,\"image\":{\"@id\":\"https:\\\/\\\/www.cope.es\\\/blogs\\\/cine-y-libertad\\\/2018\\\/06\\\/15\\\/yo-robot-las-maquinas-llegaran-a-pensar-y-sentir-como-las-personas\\\/#primaryimage\"},\"thumbnailUrl\":\"https:\\\/\\\/www.cope.es\\\/blogs\\\/cine-y-libertad\\\/wp-content\\\/uploads\\\/sites\\\/7\\\/2018\\\/06\\\/yo-robot.jpg\",\"keywords\":[\"cie\"],\"articleSection\":[\"ciencia ficci\u00f3n\",\"cine\",\"c\u00f3mics\",\"libros\",\"Obra maestra\"],\"inLanguage\":\"es\",\"potentialAction\":[{\"@type\":\"CommentAction\",\"name\":\"Comment\",\"target\":[\"https:\\\/\\\/www.cope.es\\\/blogs\\\/cine-y-libertad\\\/2018\\\/06\\\/15\\\/yo-robot-las-maquinas-llegaran-a-pensar-y-sentir-como-las-personas\\\/#respond\"]}]},{\"@type\":\"WebPage\",\"@id\":\"https:\\\/\\\/www.cope.es\\\/blogs\\\/cine-y-libertad\\\/2018\\\/06\\\/15\\\/yo-robot-las-maquinas-llegaran-a-pensar-y-sentir-como-las-personas\\\/\",\"url\":\"https:\\\/\\\/www.cope.es\\\/blogs\\\/cine-y-libertad\\\/2018\\\/06\\\/15\\\/yo-robot-las-maquinas-llegaran-a-pensar-y-sentir-como-las-personas\\\/\",\"name\":\"Yo, robot-\u00bfLas m\u00e1quinas llegar\u00e1n a pensar y sentir como las personas? - Cine y Libertad\",\"isPartOf\":{\"@id\":\"https:\\\/\\\/www.cope.es\\\/blogs\\\/cine-y-libertad\\\/#website\"},\"primaryImageOfPage\":{\"@id\":\"https:\\\/\\\/www.cope.es\\\/blogs\\\/cine-y-libertad\\\/2018\\\/06\\\/15\\\/yo-robot-las-maquinas-llegaran-a-pensar-y-sentir-como-las-personas\\\/#primaryimage\"},\"image\":{\"@id\":\"https:\\\/\\\/www.cope.es\\\/blogs\\\/cine-y-libertad\\\/2018\\\/06\\\/15\\\/yo-robot-las-maquinas-llegaran-a-pensar-y-sentir-como-las-personas\\\/#primaryimage\"},\"thumbnailUrl\":\"https:\\\/\\\/www.cope.es\\\/blogs\\\/cine-y-libertad\\\/wp-content\\\/uploads\\\/sites\\\/7\\\/2018\\\/06\\\/yo-robot.jpg\",\"datePublished\":\"2018-06-15T11:04:42+00:00\",\"dateModified\":\"2018-06-16T08:51:32+00:00\",\"author\":{\"@id\":\"https:\\\/\\\/www.cope.es\\\/blogs\\\/cine-y-libertad\\\/#\\\/schema\\\/person\\\/c95904a4fbf751a8d9124f8fa8bdaace\"},\"breadcrumb\":{\"@id\":\"https:\\\/\\\/www.cope.es\\\/blogs\\\/cine-y-libertad\\\/2018\\\/06\\\/15\\\/yo-robot-las-maquinas-llegaran-a-pensar-y-sentir-como-las-personas\\\/#breadcrumb\"},\"inLanguage\":\"es\",\"potentialAction\":[{\"@type\":\"ReadAction\",\"target\":[\"https:\\\/\\\/www.cope.es\\\/blogs\\\/cine-y-libertad\\\/2018\\\/06\\\/15\\\/yo-robot-las-maquinas-llegaran-a-pensar-y-sentir-como-las-personas\\\/\"]}]},{\"@type\":\"ImageObject\",\"inLanguage\":\"es\",\"@id\":\"https:\\\/\\\/www.cope.es\\\/blogs\\\/cine-y-libertad\\\/2018\\\/06\\\/15\\\/yo-robot-las-maquinas-llegaran-a-pensar-y-sentir-como-las-personas\\\/#primaryimage\",\"url\":\"https:\\\/\\\/www.cope.es\\\/blogs\\\/cine-y-libertad\\\/wp-content\\\/uploads\\\/sites\\\/7\\\/2018\\\/06\\\/yo-robot.jpg\",\"contentUrl\":\"https:\\\/\\\/www.cope.es\\\/blogs\\\/cine-y-libertad\\\/wp-content\\\/uploads\\\/sites\\\/7\\\/2018\\\/06\\\/yo-robot.jpg\",\"width\":1200,\"height\":630},{\"@type\":\"BreadcrumbList\",\"@id\":\"https:\\\/\\\/www.cope.es\\\/blogs\\\/cine-y-libertad\\\/2018\\\/06\\\/15\\\/yo-robot-las-maquinas-llegaran-a-pensar-y-sentir-como-las-personas\\\/#breadcrumb\",\"itemListElement\":[{\"@type\":\"ListItem\",\"position\":1,\"name\":\"Portada\",\"item\":\"https:\\\/\\\/www.cope.es\\\/blogs\\\/cine-y-libertad\\\/\"},{\"@type\":\"ListItem\",\"position\":2,\"name\":\"Yo, robot-\u00bfLas m\u00e1quinas llegar\u00e1n a pensar y sentir como las personas?\"}]},{\"@type\":\"WebSite\",\"@id\":\"https:\\\/\\\/www.cope.es\\\/blogs\\\/cine-y-libertad\\\/#website\",\"url\":\"https:\\\/\\\/www.cope.es\\\/blogs\\\/cine-y-libertad\\\/\",\"name\":\"Cine y Libertad\",\"description\":\"Cine y Libertad un blog de COPE\",\"potentialAction\":[{\"@type\":\"SearchAction\",\"target\":{\"@type\":\"EntryPoint\",\"urlTemplate\":\"https:\\\/\\\/www.cope.es\\\/blogs\\\/cine-y-libertad\\\/?s={search_term_string}\"},\"query-input\":{\"@type\":\"PropertyValueSpecification\",\"valueRequired\":true,\"valueName\":\"search_term_string\"}}],\"inLanguage\":\"es\"},{\"@type\":\"Person\",\"@id\":\"https:\\\/\\\/www.cope.es\\\/blogs\\\/cine-y-libertad\\\/#\\\/schema\\\/person\\\/c95904a4fbf751a8d9124f8fa8bdaace\",\"name\":\"V\u00edctor Alvarado\",\"image\":{\"@type\":\"ImageObject\",\"inLanguage\":\"es\",\"@id\":\"https:\\\/\\\/secure.gravatar.com\\\/avatar\\\/db4634ae2001f7f920b8294d926f3e737ada04196e014ebacae29a4848f905f4?s=96&d=mm&r=g\",\"url\":\"https:\\\/\\\/secure.gravatar.com\\\/avatar\\\/db4634ae2001f7f920b8294d926f3e737ada04196e014ebacae29a4848f905f4?s=96&d=mm&r=g\",\"contentUrl\":\"https:\\\/\\\/secure.gravatar.com\\\/avatar\\\/db4634ae2001f7f920b8294d926f3e737ada04196e014ebacae29a4848f905f4?s=96&d=mm&r=g\",\"caption\":\"V\u00edctor Alvarado\"},\"description\":\"V\u00edctor Alvarado tiene una larga experiencia tanto en medios de comunicaci\u00f3n como en educaci\u00f3n. Dirige el programa de radio, Directo a las Estrellas, en Intereconom\u00eda (Castilla y Le\u00f3n) y Informa Radio en toda Espa\u00f1a. Ha colaborado en Radio Inter y Esradio. Cr\u00edtico de cine en Pantalla 90, Diario Ya y P\u00e1ginas Digital. Es miembro del CEC. Es el autor de libro: La fe, la \u00e9tica y los valores de los superh\u00e9roes (PPC). Esta es su web: www.cineylibertad.com y, por supuesto, lleva m\u00e1s de 5 a\u00f1os como bloguero de Cope, donde analiza el cine, los c\u00f3mics y los libros desde una \u00f3ptica antropol\u00f3gica y axiol\u00f3gica, atendiendo a todas las dimensiones del ser humano.\",\"sameAs\":[\"http:\\\/\\\/www.cineylibertad.com\",\"https:\\\/\\\/www.facebook.com\\\/victor.alvarado.56829446\",\"https:\\\/\\\/www.instagram.com\\\/cineylibertad\\\/\",\"https:\\\/\\\/x.com\\\/cineylibertad\"],\"url\":\"https:\\\/\\\/www.cope.es\\\/blogs\\\/cine-y-libertad\\\/author\\\/valvarado\\\/\"}]}<\/script>\n<!-- \/ Yoast SEO plugin. -->","yoast_head_json":{"title":"Yo, robot-\u00bfLas m\u00e1quinas llegar\u00e1n a pensar y sentir como las personas? - Cine y Libertad","robots":{"index":"index","follow":"follow","max-snippet":"max-snippet:-1","max-image-preview":"max-image-preview:large","max-video-preview":"max-video-preview:-1"},"canonical":"https:\/\/www.cope.es\/blogs\/cine-y-libertad\/2018\/06\/15\/yo-robot-las-maquinas-llegaran-a-pensar-y-sentir-como-las-personas\/","og_locale":"es_ES","og_type":"article","og_title":"Yo, robot-\u00bfLas m\u00e1quinas llegar\u00e1n a pensar y sentir como las personas? - Cine y Libertad","og_description":"\u00a1Lectores y amigos de Cine y Libertad! \u00bfCu\u00e1les son las claves de la obra de Isaac Asimov?Aqu\u00ed puedes escuchar mi comentario:Yo, robot-\u00bfLas m\u00e1quinas llegar\u00e1n a pensar y sentir como las personas? La editorial Dibbuks nos habla de su c\u00f3mic: \u00bfDe qu\u00e9 hablamos cuando hablamos de inteligencia artificial? \u00bfDe seres m\u00e1s inteligentes que los humanos? \u00bfM\u00e1s [&hellip;]","og_url":"https:\/\/www.cope.es\/blogs\/cine-y-libertad\/2018\/06\/15\/yo-robot-las-maquinas-llegaran-a-pensar-y-sentir-como-las-personas\/","og_site_name":"Cine y Libertad","article_publisher":"https:\/\/www.facebook.com\/cope\/","article_author":"https:\/\/www.facebook.com\/victor.alvarado.56829446","article_published_time":"2018-06-15T11:04:42+00:00","article_modified_time":"2018-06-16T08:51:32+00:00","og_image":[{"width":1200,"height":630,"url":"https:\/\/www.cope.es\/blogs\/cine-y-libertad\/wp-content\/uploads\/sites\/7\/2018\/06\/yo-robot.jpg","type":"image\/jpeg"}],"author":"V\u00edctor Alvarado","twitter_card":"summary_large_image","twitter_creator":"@cineylibertad","twitter_site":"@cope_es","twitter_misc":{"Escrito por":"V\u00edctor Alvarado","Tiempo de lectura":"1 minuto"},"schema":{"@context":"https:\/\/schema.org","@graph":[{"@type":"Article","@id":"https:\/\/www.cope.es\/blogs\/cine-y-libertad\/2018\/06\/15\/yo-robot-las-maquinas-llegaran-a-pensar-y-sentir-como-las-personas\/#article","isPartOf":{"@id":"https:\/\/www.cope.es\/blogs\/cine-y-libertad\/2018\/06\/15\/yo-robot-las-maquinas-llegaran-a-pensar-y-sentir-como-las-personas\/"},"author":{"name":"V\u00edctor Alvarado","@id":"https:\/\/www.cope.es\/blogs\/cine-y-libertad\/#\/schema\/person\/c95904a4fbf751a8d9124f8fa8bdaace"},"headline":"Yo, robot-\u00bfLas m\u00e1quinas llegar\u00e1n a pensar y sentir como las personas?","datePublished":"2018-06-15T11:04:42+00:00","dateModified":"2018-06-16T08:51:32+00:00","mainEntityOfPage":{"@id":"https:\/\/www.cope.es\/blogs\/cine-y-libertad\/2018\/06\/15\/yo-robot-las-maquinas-llegaran-a-pensar-y-sentir-como-las-personas\/"},"wordCount":189,"commentCount":0,"image":{"@id":"https:\/\/www.cope.es\/blogs\/cine-y-libertad\/2018\/06\/15\/yo-robot-las-maquinas-llegaran-a-pensar-y-sentir-como-las-personas\/#primaryimage"},"thumbnailUrl":"https:\/\/www.cope.es\/blogs\/cine-y-libertad\/wp-content\/uploads\/sites\/7\/2018\/06\/yo-robot.jpg","keywords":["cie"],"articleSection":["ciencia ficci\u00f3n","cine","c\u00f3mics","libros","Obra maestra"],"inLanguage":"es","potentialAction":[{"@type":"CommentAction","name":"Comment","target":["https:\/\/www.cope.es\/blogs\/cine-y-libertad\/2018\/06\/15\/yo-robot-las-maquinas-llegaran-a-pensar-y-sentir-como-las-personas\/#respond"]}]},{"@type":"WebPage","@id":"https:\/\/www.cope.es\/blogs\/cine-y-libertad\/2018\/06\/15\/yo-robot-las-maquinas-llegaran-a-pensar-y-sentir-como-las-personas\/","url":"https:\/\/www.cope.es\/blogs\/cine-y-libertad\/2018\/06\/15\/yo-robot-las-maquinas-llegaran-a-pensar-y-sentir-como-las-personas\/","name":"Yo, robot-\u00bfLas m\u00e1quinas llegar\u00e1n a pensar y sentir como las personas? - Cine y Libertad","isPartOf":{"@id":"https:\/\/www.cope.es\/blogs\/cine-y-libertad\/#website"},"primaryImageOfPage":{"@id":"https:\/\/www.cope.es\/blogs\/cine-y-libertad\/2018\/06\/15\/yo-robot-las-maquinas-llegaran-a-pensar-y-sentir-como-las-personas\/#primaryimage"},"image":{"@id":"https:\/\/www.cope.es\/blogs\/cine-y-libertad\/2018\/06\/15\/yo-robot-las-maquinas-llegaran-a-pensar-y-sentir-como-las-personas\/#primaryimage"},"thumbnailUrl":"https:\/\/www.cope.es\/blogs\/cine-y-libertad\/wp-content\/uploads\/sites\/7\/2018\/06\/yo-robot.jpg","datePublished":"2018-06-15T11:04:42+00:00","dateModified":"2018-06-16T08:51:32+00:00","author":{"@id":"https:\/\/www.cope.es\/blogs\/cine-y-libertad\/#\/schema\/person\/c95904a4fbf751a8d9124f8fa8bdaace"},"breadcrumb":{"@id":"https:\/\/www.cope.es\/blogs\/cine-y-libertad\/2018\/06\/15\/yo-robot-las-maquinas-llegaran-a-pensar-y-sentir-como-las-personas\/#breadcrumb"},"inLanguage":"es","potentialAction":[{"@type":"ReadAction","target":["https:\/\/www.cope.es\/blogs\/cine-y-libertad\/2018\/06\/15\/yo-robot-las-maquinas-llegaran-a-pensar-y-sentir-como-las-personas\/"]}]},{"@type":"ImageObject","inLanguage":"es","@id":"https:\/\/www.cope.es\/blogs\/cine-y-libertad\/2018\/06\/15\/yo-robot-las-maquinas-llegaran-a-pensar-y-sentir-como-las-personas\/#primaryimage","url":"https:\/\/www.cope.es\/blogs\/cine-y-libertad\/wp-content\/uploads\/sites\/7\/2018\/06\/yo-robot.jpg","contentUrl":"https:\/\/www.cope.es\/blogs\/cine-y-libertad\/wp-content\/uploads\/sites\/7\/2018\/06\/yo-robot.jpg","width":1200,"height":630},{"@type":"BreadcrumbList","@id":"https:\/\/www.cope.es\/blogs\/cine-y-libertad\/2018\/06\/15\/yo-robot-las-maquinas-llegaran-a-pensar-y-sentir-como-las-personas\/#breadcrumb","itemListElement":[{"@type":"ListItem","position":1,"name":"Portada","item":"https:\/\/www.cope.es\/blogs\/cine-y-libertad\/"},{"@type":"ListItem","position":2,"name":"Yo, robot-\u00bfLas m\u00e1quinas llegar\u00e1n a pensar y sentir como las personas?"}]},{"@type":"WebSite","@id":"https:\/\/www.cope.es\/blogs\/cine-y-libertad\/#website","url":"https:\/\/www.cope.es\/blogs\/cine-y-libertad\/","name":"Cine y Libertad","description":"Cine y Libertad un blog de COPE","potentialAction":[{"@type":"SearchAction","target":{"@type":"EntryPoint","urlTemplate":"https:\/\/www.cope.es\/blogs\/cine-y-libertad\/?s={search_term_string}"},"query-input":{"@type":"PropertyValueSpecification","valueRequired":true,"valueName":"search_term_string"}}],"inLanguage":"es"},{"@type":"Person","@id":"https:\/\/www.cope.es\/blogs\/cine-y-libertad\/#\/schema\/person\/c95904a4fbf751a8d9124f8fa8bdaace","name":"V\u00edctor Alvarado","image":{"@type":"ImageObject","inLanguage":"es","@id":"https:\/\/secure.gravatar.com\/avatar\/db4634ae2001f7f920b8294d926f3e737ada04196e014ebacae29a4848f905f4?s=96&d=mm&r=g","url":"https:\/\/secure.gravatar.com\/avatar\/db4634ae2001f7f920b8294d926f3e737ada04196e014ebacae29a4848f905f4?s=96&d=mm&r=g","contentUrl":"https:\/\/secure.gravatar.com\/avatar\/db4634ae2001f7f920b8294d926f3e737ada04196e014ebacae29a4848f905f4?s=96&d=mm&r=g","caption":"V\u00edctor Alvarado"},"description":"V\u00edctor Alvarado tiene una larga experiencia tanto en medios de comunicaci\u00f3n como en educaci\u00f3n. Dirige el programa de radio, Directo a las Estrellas, en Intereconom\u00eda (Castilla y Le\u00f3n) y Informa Radio en toda Espa\u00f1a. Ha colaborado en Radio Inter y Esradio. Cr\u00edtico de cine en Pantalla 90, Diario Ya y P\u00e1ginas Digital. Es miembro del CEC. Es el autor de libro: La fe, la \u00e9tica y los valores de los superh\u00e9roes (PPC). Esta es su web: www.cineylibertad.com y, por supuesto, lleva m\u00e1s de 5 a\u00f1os como bloguero de Cope, donde analiza el cine, los c\u00f3mics y los libros desde una \u00f3ptica antropol\u00f3gica y axiol\u00f3gica, atendiendo a todas las dimensiones del ser humano.","sameAs":["http:\/\/www.cineylibertad.com","https:\/\/www.facebook.com\/victor.alvarado.56829446","https:\/\/www.instagram.com\/cineylibertad\/","https:\/\/x.com\/cineylibertad"],"url":"https:\/\/www.cope.es\/blogs\/cine-y-libertad\/author\/valvarado\/"}]}},"amp_enabled":true,"_links":{"self":[{"href":"https:\/\/www.cope.es\/blogs\/cine-y-libertad\/wp-json\/wp\/v2\/posts\/356","targetHints":{"allow":["GET"]}}],"collection":[{"href":"https:\/\/www.cope.es\/blogs\/cine-y-libertad\/wp-json\/wp\/v2\/posts"}],"about":[{"href":"https:\/\/www.cope.es\/blogs\/cine-y-libertad\/wp-json\/wp\/v2\/types\/post"}],"author":[{"embeddable":true,"href":"https:\/\/www.cope.es\/blogs\/cine-y-libertad\/wp-json\/wp\/v2\/users\/7"}],"replies":[{"embeddable":true,"href":"https:\/\/www.cope.es\/blogs\/cine-y-libertad\/wp-json\/wp\/v2\/comments?post=356"}],"version-history":[{"count":3,"href":"https:\/\/www.cope.es\/blogs\/cine-y-libertad\/wp-json\/wp\/v2\/posts\/356\/revisions"}],"predecessor-version":[{"id":364,"href":"https:\/\/www.cope.es\/blogs\/cine-y-libertad\/wp-json\/wp\/v2\/posts\/356\/revisions\/364"}],"wp:featuredmedia":[{"embeddable":true,"href":"https:\/\/www.cope.es\/blogs\/cine-y-libertad\/wp-json\/wp\/v2\/media\/358"}],"wp:attachment":[{"href":"https:\/\/www.cope.es\/blogs\/cine-y-libertad\/wp-json\/wp\/v2\/media?parent=356"}],"wp:term":[{"taxonomy":"category","embeddable":true,"href":"https:\/\/www.cope.es\/blogs\/cine-y-libertad\/wp-json\/wp\/v2\/categories?post=356"},{"taxonomy":"post_tag","embeddable":true,"href":"https:\/\/www.cope.es\/blogs\/cine-y-libertad\/wp-json\/wp\/v2\/tags?post=356"}],"curies":[{"name":"wp","href":"https:\/\/api.w.org\/{rel}","templated":true}]}}