{"id":3430,"date":"2021-11-28T11:34:03","date_gmt":"2021-11-28T10:34:03","guid":{"rendered":"http:\/\/www.cope.es\/blogs\/cine-y-libertad\/?p=3430"},"modified":"2021-11-28T19:43:58","modified_gmt":"2021-11-28T18:43:58","slug":"encanto-el-legado-cultural-hispano-al-estilo-de-lin-manuel-miranda","status":"publish","type":"post","link":"https:\/\/www.cope.es\/blogs\/cine-y-libertad\/2021\/11\/28\/encanto-el-legado-cultural-hispano-al-estilo-de-lin-manuel-miranda\/","title":{"rendered":"Encanto-El legado cultural hispano al estilo de Lin-Manuel Miranda"},"content":{"rendered":"<p class=\"title truncate-tc font-16 txt-white title-bg fl-left\"><a class=\"txt-white decorationOnHover\" href=\"https:\/\/www.ivoox.com\/encanto-el-legado-cultural-hispano-al-estilo-lin-manuel-audios-mp3_rf_78871313_1.html\" target=\"_blank\"> Encanto-El legado cultural hispano al estilo de Lin-Manuel Miranda <\/a>. \u00bfPor qu\u00e9 hay que poner los dones al servicio de la comunidad?\u00bfQu\u00e9 ocurre cuando el rencor se guarda en el coraz\u00f3n? \u00bfQu\u00e9 valores se esconde en el seno de la familia?<\/p>\n<p>Aqu\u00ed puedes escuchar mi comentario&#8230;<br \/>\n<audio class=\"wp-audio-shortcode\" id=\"audio-3430-1\" preload=\"none\" style=\"width: 100%;\" controls=\"controls\"><source type=\"audio\/mpeg\" src=\"https:\/\/www.ivoox.com\/encanto-el-legado-cultural-hispano-al-estilo-lin-manuel_md_78871313_wp_1.mp3?_=1\" \/><a href=\"https:\/\/www.ivoox.com\/encanto-el-legado-cultural-hispano-al-estilo-lin-manuel_md_78871313_wp_1.mp3\">https:\/\/www.ivoox.com\/encanto-el-legado-cultural-hispano-al-estilo-lin-manuel_md_78871313_wp_1.mp3<\/a><\/audio> <a href=\"https:\/\/go.ivoox.com\/rf\/78871313\" title=\"Encanto-El legado cultural hispano al estilo de Lin-Manuel Miranda\">Ir a descargar<\/a><br \/>\n&nbsp;<\/p>\n<p><img loading=\"lazy\" decoding=\"async\" width=\"300\" height=\"168\" class=\"alignnone size-full wp-image-3434\" src=\"http:\/\/www.cope.es\/blogs\/cine-y-libertad\/wp-content\/uploads\/sites\/7\/2021\/11\/encanto.jpg\" alt=\"\" \/><\/p>\n<p>&nbsp;<\/p>\n<p>\u00a1Lectores y amigos de Cine y Libertad!<\/p>\n<p>Sinopsis oficial:<\/p>\n<p>\u201cEncanto cuenta la historia de una familia extraordinaria, los Madrigal, que viven escondidos en las monta\u00f1as de Colombia, en una casa m\u00e1gica de un pueblo fascinante, en un lugar maravilloso y encantador llamado Encanto.<\/p>\n<p><img loading=\"lazy\" decoding=\"async\" width=\"299\" height=\"168\" class=\"alignnone size-full wp-image-3432\" src=\"http:\/\/www.cope.es\/blogs\/cine-y-libertad\/wp-content\/uploads\/sites\/7\/2021\/11\/encanto4.jpg\" alt=\"\" \/><\/p>\n<p>La magia de Encanto ha dotado a todos los ni\u00f1os de la familia de un don \u00fanico, desde una s\u00faper fuerza hasta el poder de curar, y lo ha hecho con todos excepto con una ni\u00f1a llamada Mirabel. Pero cuando Mirabel descubre que la magia que rodea Encanto est\u00e1 en peligro, decide que ella, la \u00fanica Madrigal &#8216;normal&#8217;, podr\u00eda ser la \u00faltima esperanza de su extraordinaria familia.&#8221;<\/p>\n<p><img loading=\"lazy\" decoding=\"async\" width=\"300\" height=\"162\" class=\"size-medium wp-image-3433\" src=\"http:\/\/www.cope.es\/blogs\/cine-y-libertad\/wp-content\/uploads\/sites\/7\/2021\/11\/encanto3-300x162.jpg\" alt=\"\" srcset=\"https:\/\/www.cope.es\/blogs\/cine-y-libertad\/wp-content\/uploads\/sites\/7\/2021\/11\/encanto3-300x162.jpg 300w, https:\/\/www.cope.es\/blogs\/cine-y-libertad\/wp-content\/uploads\/sites\/7\/2021\/11\/encanto3-768x415.jpg 768w, https:\/\/www.cope.es\/blogs\/cine-y-libertad\/wp-content\/uploads\/sites\/7\/2021\/11\/encanto3.jpg 1000w\" sizes=\"auto, (max-width: 300px) 100vw, 300px\" \/><\/p>\n<p>Facebook: <a href=\"https:\/\/www.facebook.com\/victor.alvarado.56829446\" target=\"_blank\">https:\/\/www.facebook.com\/victor.alvarado.56829446<\/a><\/p>\n<p>Twitter:<span class=\"r-18u37iz\"><a class=\"css-4rbku5 css-18t94o4 css-901oao css-16my406 r-1n1174f r-1loqt21 r-poiln3 r-bcqeeo r-qvutc0\" href=\"https:\/\/twitter.com\/cineylibertad\">@cineylibertad<\/a><\/span><\/p>\n","protected":false},"excerpt":{"rendered":"<p>Encanto-El legado cultural hispano al estilo de Lin-Manuel Miranda . \u00bfPor qu\u00e9 hay que poner los dones al servicio de la comunidad?\u00bfQu\u00e9 ocurre cuando el rencor se guarda en el coraz\u00f3n? \u00bfQu\u00e9 valores se esconde en el seno de la familia? Aqu\u00ed puedes escuchar mi comentario&#8230; Ir a descargar &nbsp; &nbsp; \u00a1Lectores y amigos de [&hellip;]<\/p>\n","protected":false},"author":7,"featured_media":3431,"comment_status":"open","ping_status":"open","sticky":false,"template":"","format":"standard","meta":{"footnotes":""},"categories":[204,158,92,3,12,287,83,17,52,130],"tags":[353],"class_list":["post-3430","post","type-post","status-publish","format-standard","has-post-thumbnail","hentry","category-oscar","category-amor","category-animacion","category-cine","category-cristianismo","category-disney","category-familia","category-hollywood","category-infancia","category-musical","tag-lin-manuel-miranda"],"yoast_head":"<!-- This site is optimized with the Yoast SEO plugin v27.4 - https:\/\/yoast.com\/product\/yoast-seo-wordpress\/ -->\n<title>Encanto-El legado cultural hispano al estilo de Lin-Manuel Miranda<\/title>\n<meta name=\"description\" content=\"Encanto-El legado cultural hispano al estilo de Lin-Manuel Miranda . \u00bfPor qu\u00e9 hay que poner los dones al servicio de la comunidad?\" \/>\n<meta name=\"robots\" content=\"index, follow, max-snippet:-1, max-image-preview:large, max-video-preview:-1\" \/>\n<link rel=\"canonical\" href=\"https:\/\/www.cope.es\/blogs\/cine-y-libertad\/2021\/11\/28\/encanto-el-legado-cultural-hispano-al-estilo-de-lin-manuel-miranda\/\" \/>\n<meta property=\"og:locale\" content=\"es_ES\" \/>\n<meta property=\"og:type\" content=\"article\" \/>\n<meta property=\"og:title\" content=\"Encanto-El legado cultural hispano al estilo de Lin-Manuel Miranda\" \/>\n<meta property=\"og:description\" content=\"Encanto-El legado cultural hispano al estilo de Lin-Manuel Miranda . \u00bfPor qu\u00e9 hay que poner los dones al servicio de la comunidad?\" \/>\n<meta property=\"og:url\" content=\"https:\/\/www.cope.es\/blogs\/cine-y-libertad\/2021\/11\/28\/encanto-el-legado-cultural-hispano-al-estilo-de-lin-manuel-miranda\/\" \/>\n<meta property=\"og:site_name\" content=\"Cine y Libertad\" \/>\n<meta property=\"article:publisher\" content=\"https:\/\/www.facebook.com\/cope\/\" \/>\n<meta property=\"article:author\" content=\"https:\/\/www.facebook.com\/victor.alvarado.56829446\" \/>\n<meta property=\"article:published_time\" content=\"2021-11-28T10:34:03+00:00\" \/>\n<meta property=\"article:modified_time\" content=\"2021-11-28T18:43:58+00:00\" \/>\n<meta property=\"og:image\" content=\"https:\/\/www.cope.es\/blogs\/cine-y-libertad\/wp-content\/uploads\/sites\/7\/2021\/11\/encanto2.jpg\" \/>\n\t<meta property=\"og:image:width\" content=\"1000\" \/>\n\t<meta property=\"og:image:height\" content=\"563\" \/>\n\t<meta property=\"og:image:type\" content=\"image\/jpeg\" \/>\n<meta name=\"author\" content=\"V\u00edctor Alvarado\" \/>\n<meta name=\"twitter:card\" content=\"summary_large_image\" \/>\n<meta name=\"twitter:creator\" content=\"@cineylibertad\" \/>\n<meta name=\"twitter:site\" content=\"@cope_es\" \/>\n<meta name=\"twitter:label1\" content=\"Escrito por\" \/>\n\t<meta name=\"twitter:data1\" content=\"V\u00edctor Alvarado\" \/>\n\t<meta name=\"twitter:label2\" content=\"Tiempo de lectura\" \/>\n\t<meta name=\"twitter:data2\" content=\"1 minuto\" \/>\n<script type=\"application\/ld+json\" class=\"yoast-schema-graph\">{\"@context\":\"https:\\\/\\\/schema.org\",\"@graph\":[{\"@type\":\"Article\",\"@id\":\"https:\\\/\\\/www.cope.es\\\/blogs\\\/cine-y-libertad\\\/2021\\\/11\\\/28\\\/encanto-el-legado-cultural-hispano-al-estilo-de-lin-manuel-miranda\\\/#article\",\"isPartOf\":{\"@id\":\"https:\\\/\\\/www.cope.es\\\/blogs\\\/cine-y-libertad\\\/2021\\\/11\\\/28\\\/encanto-el-legado-cultural-hispano-al-estilo-de-lin-manuel-miranda\\\/\"},\"author\":{\"name\":\"V\u00edctor Alvarado\",\"@id\":\"https:\\\/\\\/www.cope.es\\\/blogs\\\/cine-y-libertad\\\/#\\\/schema\\\/person\\\/c95904a4fbf751a8d9124f8fa8bdaace\"},\"headline\":\"Encanto-El legado cultural hispano al estilo de Lin-Manuel Miranda\",\"datePublished\":\"2021-11-28T10:34:03+00:00\",\"dateModified\":\"2021-11-28T18:43:58+00:00\",\"mainEntityOfPage\":{\"@id\":\"https:\\\/\\\/www.cope.es\\\/blogs\\\/cine-y-libertad\\\/2021\\\/11\\\/28\\\/encanto-el-legado-cultural-hispano-al-estilo-de-lin-manuel-miranda\\\/\"},\"wordCount\":196,\"commentCount\":0,\"image\":{\"@id\":\"https:\\\/\\\/www.cope.es\\\/blogs\\\/cine-y-libertad\\\/2021\\\/11\\\/28\\\/encanto-el-legado-cultural-hispano-al-estilo-de-lin-manuel-miranda\\\/#primaryimage\"},\"thumbnailUrl\":\"https:\\\/\\\/www.cope.es\\\/blogs\\\/cine-y-libertad\\\/wp-content\\\/uploads\\\/sites\\\/7\\\/2021\\\/11\\\/encanto2.jpg\",\"keywords\":[\"Lin-Manuel Miranda\"],\"articleSection\":[\"#\u00d3scar\",\"amor\",\"animaci\u00f3n\",\"cine\",\"cristianismo\",\"Disney\",\"familia\",\"Hollywood\",\"infancia\",\"musical\"],\"inLanguage\":\"es\",\"potentialAction\":[{\"@type\":\"CommentAction\",\"name\":\"Comment\",\"target\":[\"https:\\\/\\\/www.cope.es\\\/blogs\\\/cine-y-libertad\\\/2021\\\/11\\\/28\\\/encanto-el-legado-cultural-hispano-al-estilo-de-lin-manuel-miranda\\\/#respond\"]}]},{\"@type\":\"WebPage\",\"@id\":\"https:\\\/\\\/www.cope.es\\\/blogs\\\/cine-y-libertad\\\/2021\\\/11\\\/28\\\/encanto-el-legado-cultural-hispano-al-estilo-de-lin-manuel-miranda\\\/\",\"url\":\"https:\\\/\\\/www.cope.es\\\/blogs\\\/cine-y-libertad\\\/2021\\\/11\\\/28\\\/encanto-el-legado-cultural-hispano-al-estilo-de-lin-manuel-miranda\\\/\",\"name\":\"Encanto-El legado cultural hispano al estilo de Lin-Manuel Miranda\",\"isPartOf\":{\"@id\":\"https:\\\/\\\/www.cope.es\\\/blogs\\\/cine-y-libertad\\\/#website\"},\"primaryImageOfPage\":{\"@id\":\"https:\\\/\\\/www.cope.es\\\/blogs\\\/cine-y-libertad\\\/2021\\\/11\\\/28\\\/encanto-el-legado-cultural-hispano-al-estilo-de-lin-manuel-miranda\\\/#primaryimage\"},\"image\":{\"@id\":\"https:\\\/\\\/www.cope.es\\\/blogs\\\/cine-y-libertad\\\/2021\\\/11\\\/28\\\/encanto-el-legado-cultural-hispano-al-estilo-de-lin-manuel-miranda\\\/#primaryimage\"},\"thumbnailUrl\":\"https:\\\/\\\/www.cope.es\\\/blogs\\\/cine-y-libertad\\\/wp-content\\\/uploads\\\/sites\\\/7\\\/2021\\\/11\\\/encanto2.jpg\",\"datePublished\":\"2021-11-28T10:34:03+00:00\",\"dateModified\":\"2021-11-28T18:43:58+00:00\",\"author\":{\"@id\":\"https:\\\/\\\/www.cope.es\\\/blogs\\\/cine-y-libertad\\\/#\\\/schema\\\/person\\\/c95904a4fbf751a8d9124f8fa8bdaace\"},\"description\":\"Encanto-El legado cultural hispano al estilo de Lin-Manuel Miranda . \u00bfPor qu\u00e9 hay que poner los dones al servicio de la comunidad?\",\"breadcrumb\":{\"@id\":\"https:\\\/\\\/www.cope.es\\\/blogs\\\/cine-y-libertad\\\/2021\\\/11\\\/28\\\/encanto-el-legado-cultural-hispano-al-estilo-de-lin-manuel-miranda\\\/#breadcrumb\"},\"inLanguage\":\"es\",\"potentialAction\":[{\"@type\":\"ReadAction\",\"target\":[\"https:\\\/\\\/www.cope.es\\\/blogs\\\/cine-y-libertad\\\/2021\\\/11\\\/28\\\/encanto-el-legado-cultural-hispano-al-estilo-de-lin-manuel-miranda\\\/\"]}]},{\"@type\":\"ImageObject\",\"inLanguage\":\"es\",\"@id\":\"https:\\\/\\\/www.cope.es\\\/blogs\\\/cine-y-libertad\\\/2021\\\/11\\\/28\\\/encanto-el-legado-cultural-hispano-al-estilo-de-lin-manuel-miranda\\\/#primaryimage\",\"url\":\"https:\\\/\\\/www.cope.es\\\/blogs\\\/cine-y-libertad\\\/wp-content\\\/uploads\\\/sites\\\/7\\\/2021\\\/11\\\/encanto2.jpg\",\"contentUrl\":\"https:\\\/\\\/www.cope.es\\\/blogs\\\/cine-y-libertad\\\/wp-content\\\/uploads\\\/sites\\\/7\\\/2021\\\/11\\\/encanto2.jpg\",\"width\":1000,\"height\":563,\"caption\":\"MEET THE MADRIGALS \u2013 Walt Disney Animation Studios\u2019 \u201cEncanto\u201d introduces the Madrigals, a compelling and complicated extended family who live in a wondrous and charmed place in the mountains of Colombia. Opening in the U.S. on Nov. 24, 2021, \u201cEncanto\u201d features the voices of Stephanie Beatriz as the only ordinary child in the Madrigal family; Mar\u00eda Cecilia Botero as Mirabel\u2019s grandmother, Abuela Alma; Angie Cepeda and Wilmer Valderrama as Mirabel\u2019s parents, Julieta and Agust\u00edn; Jessica Darrow and Diane Guererro as Mirabel\u2019s sisters Luisa and Isabela; Carolina Gaitan and Mauro Castillo as Mirabel\u2019s aunt and uncle, Pepa and F\u00e9lix; and Adassa Candiani, Rhenzy Feliz and Ravi Cabot-Conyers as Mirabel\u2019s cousins Dolores, Camilo and Antonio, respectively. \u00a9 2021 Disney. All Rights Reserved.\"},{\"@type\":\"BreadcrumbList\",\"@id\":\"https:\\\/\\\/www.cope.es\\\/blogs\\\/cine-y-libertad\\\/2021\\\/11\\\/28\\\/encanto-el-legado-cultural-hispano-al-estilo-de-lin-manuel-miranda\\\/#breadcrumb\",\"itemListElement\":[{\"@type\":\"ListItem\",\"position\":1,\"name\":\"Portada\",\"item\":\"https:\\\/\\\/www.cope.es\\\/blogs\\\/cine-y-libertad\\\/\"},{\"@type\":\"ListItem\",\"position\":2,\"name\":\"Encanto-El legado cultural hispano al estilo de Lin-Manuel Miranda\"}]},{\"@type\":\"WebSite\",\"@id\":\"https:\\\/\\\/www.cope.es\\\/blogs\\\/cine-y-libertad\\\/#website\",\"url\":\"https:\\\/\\\/www.cope.es\\\/blogs\\\/cine-y-libertad\\\/\",\"name\":\"Cine y Libertad\",\"description\":\"Cine y Libertad un blog de COPE\",\"potentialAction\":[{\"@type\":\"SearchAction\",\"target\":{\"@type\":\"EntryPoint\",\"urlTemplate\":\"https:\\\/\\\/www.cope.es\\\/blogs\\\/cine-y-libertad\\\/?s={search_term_string}\"},\"query-input\":{\"@type\":\"PropertyValueSpecification\",\"valueRequired\":true,\"valueName\":\"search_term_string\"}}],\"inLanguage\":\"es\"},{\"@type\":\"Person\",\"@id\":\"https:\\\/\\\/www.cope.es\\\/blogs\\\/cine-y-libertad\\\/#\\\/schema\\\/person\\\/c95904a4fbf751a8d9124f8fa8bdaace\",\"name\":\"V\u00edctor Alvarado\",\"image\":{\"@type\":\"ImageObject\",\"inLanguage\":\"es\",\"@id\":\"https:\\\/\\\/secure.gravatar.com\\\/avatar\\\/db4634ae2001f7f920b8294d926f3e737ada04196e014ebacae29a4848f905f4?s=96&d=mm&r=g\",\"url\":\"https:\\\/\\\/secure.gravatar.com\\\/avatar\\\/db4634ae2001f7f920b8294d926f3e737ada04196e014ebacae29a4848f905f4?s=96&d=mm&r=g\",\"contentUrl\":\"https:\\\/\\\/secure.gravatar.com\\\/avatar\\\/db4634ae2001f7f920b8294d926f3e737ada04196e014ebacae29a4848f905f4?s=96&d=mm&r=g\",\"caption\":\"V\u00edctor Alvarado\"},\"description\":\"V\u00edctor Alvarado tiene una larga experiencia tanto en medios de comunicaci\u00f3n como en educaci\u00f3n. Dirige el programa de radio, Directo a las Estrellas, en Intereconom\u00eda (Castilla y Le\u00f3n) y Informa Radio en toda Espa\u00f1a. Ha colaborado en Radio Inter y Esradio. Cr\u00edtico de cine en Pantalla 90, Diario Ya y P\u00e1ginas Digital. Es miembro del CEC. Es el autor de libro: La fe, la \u00e9tica y los valores de los superh\u00e9roes (PPC). Esta es su web: www.cineylibertad.com y, por supuesto, lleva m\u00e1s de 5 a\u00f1os como bloguero de Cope, donde analiza el cine, los c\u00f3mics y los libros desde una \u00f3ptica antropol\u00f3gica y axiol\u00f3gica, atendiendo a todas las dimensiones del ser humano.\",\"sameAs\":[\"http:\\\/\\\/www.cineylibertad.com\",\"https:\\\/\\\/www.facebook.com\\\/victor.alvarado.56829446\",\"https:\\\/\\\/www.instagram.com\\\/cineylibertad\\\/\",\"https:\\\/\\\/x.com\\\/cineylibertad\"],\"url\":\"https:\\\/\\\/www.cope.es\\\/blogs\\\/cine-y-libertad\\\/author\\\/valvarado\\\/\"}]}<\/script>\n<!-- \/ Yoast SEO plugin. -->","yoast_head_json":{"title":"Encanto-El legado cultural hispano al estilo de Lin-Manuel Miranda","description":"Encanto-El legado cultural hispano al estilo de Lin-Manuel Miranda . \u00bfPor qu\u00e9 hay que poner los dones al servicio de la comunidad?","robots":{"index":"index","follow":"follow","max-snippet":"max-snippet:-1","max-image-preview":"max-image-preview:large","max-video-preview":"max-video-preview:-1"},"canonical":"https:\/\/www.cope.es\/blogs\/cine-y-libertad\/2021\/11\/28\/encanto-el-legado-cultural-hispano-al-estilo-de-lin-manuel-miranda\/","og_locale":"es_ES","og_type":"article","og_title":"Encanto-El legado cultural hispano al estilo de Lin-Manuel Miranda","og_description":"Encanto-El legado cultural hispano al estilo de Lin-Manuel Miranda . \u00bfPor qu\u00e9 hay que poner los dones al servicio de la comunidad?","og_url":"https:\/\/www.cope.es\/blogs\/cine-y-libertad\/2021\/11\/28\/encanto-el-legado-cultural-hispano-al-estilo-de-lin-manuel-miranda\/","og_site_name":"Cine y Libertad","article_publisher":"https:\/\/www.facebook.com\/cope\/","article_author":"https:\/\/www.facebook.com\/victor.alvarado.56829446","article_published_time":"2021-11-28T10:34:03+00:00","article_modified_time":"2021-11-28T18:43:58+00:00","og_image":[{"width":1000,"height":563,"url":"https:\/\/www.cope.es\/blogs\/cine-y-libertad\/wp-content\/uploads\/sites\/7\/2021\/11\/encanto2.jpg","type":"image\/jpeg"}],"author":"V\u00edctor Alvarado","twitter_card":"summary_large_image","twitter_creator":"@cineylibertad","twitter_site":"@cope_es","twitter_misc":{"Escrito por":"V\u00edctor Alvarado","Tiempo de lectura":"1 minuto"},"schema":{"@context":"https:\/\/schema.org","@graph":[{"@type":"Article","@id":"https:\/\/www.cope.es\/blogs\/cine-y-libertad\/2021\/11\/28\/encanto-el-legado-cultural-hispano-al-estilo-de-lin-manuel-miranda\/#article","isPartOf":{"@id":"https:\/\/www.cope.es\/blogs\/cine-y-libertad\/2021\/11\/28\/encanto-el-legado-cultural-hispano-al-estilo-de-lin-manuel-miranda\/"},"author":{"name":"V\u00edctor Alvarado","@id":"https:\/\/www.cope.es\/blogs\/cine-y-libertad\/#\/schema\/person\/c95904a4fbf751a8d9124f8fa8bdaace"},"headline":"Encanto-El legado cultural hispano al estilo de Lin-Manuel Miranda","datePublished":"2021-11-28T10:34:03+00:00","dateModified":"2021-11-28T18:43:58+00:00","mainEntityOfPage":{"@id":"https:\/\/www.cope.es\/blogs\/cine-y-libertad\/2021\/11\/28\/encanto-el-legado-cultural-hispano-al-estilo-de-lin-manuel-miranda\/"},"wordCount":196,"commentCount":0,"image":{"@id":"https:\/\/www.cope.es\/blogs\/cine-y-libertad\/2021\/11\/28\/encanto-el-legado-cultural-hispano-al-estilo-de-lin-manuel-miranda\/#primaryimage"},"thumbnailUrl":"https:\/\/www.cope.es\/blogs\/cine-y-libertad\/wp-content\/uploads\/sites\/7\/2021\/11\/encanto2.jpg","keywords":["Lin-Manuel Miranda"],"articleSection":["#\u00d3scar","amor","animaci\u00f3n","cine","cristianismo","Disney","familia","Hollywood","infancia","musical"],"inLanguage":"es","potentialAction":[{"@type":"CommentAction","name":"Comment","target":["https:\/\/www.cope.es\/blogs\/cine-y-libertad\/2021\/11\/28\/encanto-el-legado-cultural-hispano-al-estilo-de-lin-manuel-miranda\/#respond"]}]},{"@type":"WebPage","@id":"https:\/\/www.cope.es\/blogs\/cine-y-libertad\/2021\/11\/28\/encanto-el-legado-cultural-hispano-al-estilo-de-lin-manuel-miranda\/","url":"https:\/\/www.cope.es\/blogs\/cine-y-libertad\/2021\/11\/28\/encanto-el-legado-cultural-hispano-al-estilo-de-lin-manuel-miranda\/","name":"Encanto-El legado cultural hispano al estilo de Lin-Manuel Miranda","isPartOf":{"@id":"https:\/\/www.cope.es\/blogs\/cine-y-libertad\/#website"},"primaryImageOfPage":{"@id":"https:\/\/www.cope.es\/blogs\/cine-y-libertad\/2021\/11\/28\/encanto-el-legado-cultural-hispano-al-estilo-de-lin-manuel-miranda\/#primaryimage"},"image":{"@id":"https:\/\/www.cope.es\/blogs\/cine-y-libertad\/2021\/11\/28\/encanto-el-legado-cultural-hispano-al-estilo-de-lin-manuel-miranda\/#primaryimage"},"thumbnailUrl":"https:\/\/www.cope.es\/blogs\/cine-y-libertad\/wp-content\/uploads\/sites\/7\/2021\/11\/encanto2.jpg","datePublished":"2021-11-28T10:34:03+00:00","dateModified":"2021-11-28T18:43:58+00:00","author":{"@id":"https:\/\/www.cope.es\/blogs\/cine-y-libertad\/#\/schema\/person\/c95904a4fbf751a8d9124f8fa8bdaace"},"description":"Encanto-El legado cultural hispano al estilo de Lin-Manuel Miranda . \u00bfPor qu\u00e9 hay que poner los dones al servicio de la comunidad?","breadcrumb":{"@id":"https:\/\/www.cope.es\/blogs\/cine-y-libertad\/2021\/11\/28\/encanto-el-legado-cultural-hispano-al-estilo-de-lin-manuel-miranda\/#breadcrumb"},"inLanguage":"es","potentialAction":[{"@type":"ReadAction","target":["https:\/\/www.cope.es\/blogs\/cine-y-libertad\/2021\/11\/28\/encanto-el-legado-cultural-hispano-al-estilo-de-lin-manuel-miranda\/"]}]},{"@type":"ImageObject","inLanguage":"es","@id":"https:\/\/www.cope.es\/blogs\/cine-y-libertad\/2021\/11\/28\/encanto-el-legado-cultural-hispano-al-estilo-de-lin-manuel-miranda\/#primaryimage","url":"https:\/\/www.cope.es\/blogs\/cine-y-libertad\/wp-content\/uploads\/sites\/7\/2021\/11\/encanto2.jpg","contentUrl":"https:\/\/www.cope.es\/blogs\/cine-y-libertad\/wp-content\/uploads\/sites\/7\/2021\/11\/encanto2.jpg","width":1000,"height":563,"caption":"MEET THE MADRIGALS \u2013 Walt Disney Animation Studios\u2019 \u201cEncanto\u201d introduces the Madrigals, a compelling and complicated extended family who live in a wondrous and charmed place in the mountains of Colombia. Opening in the U.S. on Nov. 24, 2021, \u201cEncanto\u201d features the voices of Stephanie Beatriz as the only ordinary child in the Madrigal family; Mar\u00eda Cecilia Botero as Mirabel\u2019s grandmother, Abuela Alma; Angie Cepeda and Wilmer Valderrama as Mirabel\u2019s parents, Julieta and Agust\u00edn; Jessica Darrow and Diane Guererro as Mirabel\u2019s sisters Luisa and Isabela; Carolina Gaitan and Mauro Castillo as Mirabel\u2019s aunt and uncle, Pepa and F\u00e9lix; and Adassa Candiani, Rhenzy Feliz and Ravi Cabot-Conyers as Mirabel\u2019s cousins Dolores, Camilo and Antonio, respectively. \u00a9 2021 Disney. All Rights Reserved."},{"@type":"BreadcrumbList","@id":"https:\/\/www.cope.es\/blogs\/cine-y-libertad\/2021\/11\/28\/encanto-el-legado-cultural-hispano-al-estilo-de-lin-manuel-miranda\/#breadcrumb","itemListElement":[{"@type":"ListItem","position":1,"name":"Portada","item":"https:\/\/www.cope.es\/blogs\/cine-y-libertad\/"},{"@type":"ListItem","position":2,"name":"Encanto-El legado cultural hispano al estilo de Lin-Manuel Miranda"}]},{"@type":"WebSite","@id":"https:\/\/www.cope.es\/blogs\/cine-y-libertad\/#website","url":"https:\/\/www.cope.es\/blogs\/cine-y-libertad\/","name":"Cine y Libertad","description":"Cine y Libertad un blog de COPE","potentialAction":[{"@type":"SearchAction","target":{"@type":"EntryPoint","urlTemplate":"https:\/\/www.cope.es\/blogs\/cine-y-libertad\/?s={search_term_string}"},"query-input":{"@type":"PropertyValueSpecification","valueRequired":true,"valueName":"search_term_string"}}],"inLanguage":"es"},{"@type":"Person","@id":"https:\/\/www.cope.es\/blogs\/cine-y-libertad\/#\/schema\/person\/c95904a4fbf751a8d9124f8fa8bdaace","name":"V\u00edctor Alvarado","image":{"@type":"ImageObject","inLanguage":"es","@id":"https:\/\/secure.gravatar.com\/avatar\/db4634ae2001f7f920b8294d926f3e737ada04196e014ebacae29a4848f905f4?s=96&d=mm&r=g","url":"https:\/\/secure.gravatar.com\/avatar\/db4634ae2001f7f920b8294d926f3e737ada04196e014ebacae29a4848f905f4?s=96&d=mm&r=g","contentUrl":"https:\/\/secure.gravatar.com\/avatar\/db4634ae2001f7f920b8294d926f3e737ada04196e014ebacae29a4848f905f4?s=96&d=mm&r=g","caption":"V\u00edctor Alvarado"},"description":"V\u00edctor Alvarado tiene una larga experiencia tanto en medios de comunicaci\u00f3n como en educaci\u00f3n. Dirige el programa de radio, Directo a las Estrellas, en Intereconom\u00eda (Castilla y Le\u00f3n) y Informa Radio en toda Espa\u00f1a. Ha colaborado en Radio Inter y Esradio. Cr\u00edtico de cine en Pantalla 90, Diario Ya y P\u00e1ginas Digital. Es miembro del CEC. Es el autor de libro: La fe, la \u00e9tica y los valores de los superh\u00e9roes (PPC). Esta es su web: www.cineylibertad.com y, por supuesto, lleva m\u00e1s de 5 a\u00f1os como bloguero de Cope, donde analiza el cine, los c\u00f3mics y los libros desde una \u00f3ptica antropol\u00f3gica y axiol\u00f3gica, atendiendo a todas las dimensiones del ser humano.","sameAs":["http:\/\/www.cineylibertad.com","https:\/\/www.facebook.com\/victor.alvarado.56829446","https:\/\/www.instagram.com\/cineylibertad\/","https:\/\/x.com\/cineylibertad"],"url":"https:\/\/www.cope.es\/blogs\/cine-y-libertad\/author\/valvarado\/"}]}},"amp_enabled":true,"_links":{"self":[{"href":"https:\/\/www.cope.es\/blogs\/cine-y-libertad\/wp-json\/wp\/v2\/posts\/3430","targetHints":{"allow":["GET"]}}],"collection":[{"href":"https:\/\/www.cope.es\/blogs\/cine-y-libertad\/wp-json\/wp\/v2\/posts"}],"about":[{"href":"https:\/\/www.cope.es\/blogs\/cine-y-libertad\/wp-json\/wp\/v2\/types\/post"}],"author":[{"embeddable":true,"href":"https:\/\/www.cope.es\/blogs\/cine-y-libertad\/wp-json\/wp\/v2\/users\/7"}],"replies":[{"embeddable":true,"href":"https:\/\/www.cope.es\/blogs\/cine-y-libertad\/wp-json\/wp\/v2\/comments?post=3430"}],"version-history":[{"count":2,"href":"https:\/\/www.cope.es\/blogs\/cine-y-libertad\/wp-json\/wp\/v2\/posts\/3430\/revisions"}],"predecessor-version":[{"id":3437,"href":"https:\/\/www.cope.es\/blogs\/cine-y-libertad\/wp-json\/wp\/v2\/posts\/3430\/revisions\/3437"}],"wp:featuredmedia":[{"embeddable":true,"href":"https:\/\/www.cope.es\/blogs\/cine-y-libertad\/wp-json\/wp\/v2\/media\/3431"}],"wp:attachment":[{"href":"https:\/\/www.cope.es\/blogs\/cine-y-libertad\/wp-json\/wp\/v2\/media?parent=3430"}],"wp:term":[{"taxonomy":"category","embeddable":true,"href":"https:\/\/www.cope.es\/blogs\/cine-y-libertad\/wp-json\/wp\/v2\/categories?post=3430"},{"taxonomy":"post_tag","embeddable":true,"href":"https:\/\/www.cope.es\/blogs\/cine-y-libertad\/wp-json\/wp\/v2\/tags?post=3430"}],"curies":[{"name":"wp","href":"https:\/\/api.w.org\/{rel}","templated":true}]}}