{"id":3328,"date":"2021-10-24T11:27:22","date_gmt":"2021-10-24T09:27:22","guid":{"rendered":"http:\/\/www.cope.es\/blogs\/cine-y-libertad\/?p=3328"},"modified":"2021-10-24T11:31:15","modified_gmt":"2021-10-24T09:31:15","slug":"la-cronica-francesa-wes-anderson-el-diazepam-y-algun-destello-de-luz","status":"publish","type":"post","link":"https:\/\/www.cope.es\/blogs\/cine-y-libertad\/2021\/10\/24\/la-cronica-francesa-wes-anderson-el-diazepam-y-algun-destello-de-luz\/","title":{"rendered":"La cr\u00f3nica francesa-Wes Anderson, el diazepam y alg\u00fan destello de luz"},"content":{"rendered":"<p><a class=\"txt-white decorationOnHover\" href=\"https:\/\/www.ivoox.com\/espana-primera-globalizacion-mediterraneo-vs-wes-audios-mp3_rf_77106927_1.html\" target=\"_blank\">Espa\u00f1a, la primera globalizaci\u00f3n y Mediterr\u00e1neo vs. Wes Anderson y Kubrick<\/a> . \u00bfQu\u00e9 supuso la revoluci\u00f3n de Mayo de 1968?<\/p>\n<p>Aqu\u00ed puedes escuchar mi comentario&#8230;<\/p>\n<p><img loading=\"lazy\" decoding=\"async\" width=\"183\" height=\"275\" class=\"alignnone size-full wp-image-3329\" src=\"http:\/\/www.cope.es\/blogs\/cine-y-libertad\/wp-content\/uploads\/sites\/7\/2021\/10\/lacronica2.jpg\" alt=\"\" \/><\/p>\n<audio class=\"wp-audio-shortcode\" id=\"audio-3328-1\" preload=\"none\" style=\"width: 100%;\" controls=\"controls\"><source type=\"audio\/mpeg\" src=\"https:\/\/www.ivoox.com\/cronica-francesa-wes-anderson-diazepam-algun_md_77234645_wp_1.mp3?_=1\" \/><a href=\"https:\/\/www.ivoox.com\/cronica-francesa-wes-anderson-diazepam-algun_md_77234645_wp_1.mp3\">https:\/\/www.ivoox.com\/cronica-francesa-wes-anderson-diazepam-algun_md_77234645_wp_1.mp3<\/a><\/audio>\n<p><a title=\"La cr\u00f3nica francesa-Wes Anderson, el diazepam y alg\u00fan destello de luz\" href=\"https:\/\/go.ivoox.com\/rf\/77234645\">Ir a descargar<\/a><br \/>\n\u00a1Lectores y amigos de Cine y Libertad!<\/p>\n<p>Este el argumento oficial:<\/p>\n<p>Arthur Howitzer Jr. iba para estrella de las letras, aunque en cierto momento, escribiendo desde Francia decidi\u00f3 reunir a todos los escritores norteamericanos que resid\u00edan en dicho pa\u00eds y fundar la elegante The French Dispatch. Asent\u00e1ndose en Ennui-sur-Blas\u00e9, La cr\u00f3nica francesa aborda temas de inter\u00e9s cultural con notoria exigencia.<\/p>\n<p><img loading=\"lazy\" decoding=\"async\" width=\"300\" height=\"150\" class=\"alignnone size-medium wp-image-3331\" src=\"http:\/\/www.cope.es\/blogs\/cine-y-libertad\/wp-content\/uploads\/sites\/7\/2021\/10\/lacronica-300x150.jpg\" alt=\"\" srcset=\"https:\/\/www.cope.es\/blogs\/cine-y-libertad\/wp-content\/uploads\/sites\/7\/2021\/10\/lacronica-300x150.jpg 300w, https:\/\/www.cope.es\/blogs\/cine-y-libertad\/wp-content\/uploads\/sites\/7\/2021\/10\/lacronica-315x159.jpg 315w, https:\/\/www.cope.es\/blogs\/cine-y-libertad\/wp-content\/uploads\/sites\/7\/2021\/10\/lacronica.jpg 317w\" sizes=\"auto, (max-width: 300px) 100vw, 300px\" \/><\/p>\n<p>Varias historias se entrecruzan. En una se cubrir\u00e1 las protestas de ocupaci\u00f3n estudiantil de mayo del 68, en otra se har\u00e1 un reportaje acerca del marchante de arte Julien Cadazio. Entorno a ello, una galaxia de curiosos personajes dedicados a la escritura, el periodismo y el arte.<\/p>\n<p>Facebook: https:\/\/www.facebook.com\/victor.alvarado.56829446<\/p>\n<p>Twitter: twitter.com\/cineylibertad<\/p>\n","protected":false},"excerpt":{"rendered":"<p>Espa\u00f1a, la primera globalizaci\u00f3n y Mediterr\u00e1neo vs. Wes Anderson y Kubrick . \u00bfQu\u00e9 supuso la revoluci\u00f3n de Mayo de 1968? Aqu\u00ed puedes escuchar mi comentario&#8230; Ir a descargar \u00a1Lectores y amigos de Cine y Libertad! Este el argumento oficial: Arthur Howitzer Jr. iba para estrella de las letras, aunque en cierto momento, escribiendo desde Francia [&hellip;]<\/p>\n","protected":false},"author":7,"featured_media":3331,"comment_status":"open","ping_status":"open","sticky":false,"template":"","format":"standard","meta":{"footnotes":""},"categories":[73,3,4,159,219,94],"tags":[339],"class_list":["post-3328","post","type-post","status-publish","format-standard","has-post-thumbnail","hentry","category-accion","category-cine","category-comics","category-periodismo","category-politica","category-stop-motion-2","tag-wes-anderson"],"yoast_head":"<!-- This site is optimized with the Yoast SEO plugin v27.4 - https:\/\/yoast.com\/product\/yoast-seo-wordpress\/ -->\n<title>La cr\u00f3nica francesa-Wes Anderson, el diazepam y alg\u00fan destello de luz<\/title>\n<meta name=\"description\" content=\"La cr\u00f3nica francesa-Wes Anderson, el diazepam y alg\u00fan destello de luz. \u00bfQu\u00e9 supuso la revoluci\u00f3n de Mayo de 1968?\" \/>\n<meta name=\"robots\" content=\"index, follow, max-snippet:-1, max-image-preview:large, max-video-preview:-1\" \/>\n<link rel=\"canonical\" href=\"https:\/\/www.cope.es\/blogs\/cine-y-libertad\/2021\/10\/24\/la-cronica-francesa-wes-anderson-el-diazepam-y-algun-destello-de-luz\/\" \/>\n<meta property=\"og:locale\" content=\"es_ES\" \/>\n<meta property=\"og:type\" content=\"article\" \/>\n<meta property=\"og:title\" content=\"La cr\u00f3nica francesa-Wes Anderson, el diazepam y alg\u00fan destello de luz\" \/>\n<meta property=\"og:description\" content=\"La cr\u00f3nica francesa-Wes Anderson, el diazepam y alg\u00fan destello de luz. \u00bfQu\u00e9 supuso la revoluci\u00f3n de Mayo de 1968?\" \/>\n<meta property=\"og:url\" content=\"https:\/\/www.cope.es\/blogs\/cine-y-libertad\/2021\/10\/24\/la-cronica-francesa-wes-anderson-el-diazepam-y-algun-destello-de-luz\/\" \/>\n<meta property=\"og:site_name\" content=\"Cine y Libertad\" \/>\n<meta property=\"article:publisher\" content=\"https:\/\/www.facebook.com\/cope\/\" \/>\n<meta property=\"article:author\" content=\"https:\/\/www.facebook.com\/victor.alvarado.56829446\" \/>\n<meta property=\"article:published_time\" content=\"2021-10-24T09:27:22+00:00\" \/>\n<meta property=\"article:modified_time\" content=\"2021-10-24T09:31:15+00:00\" \/>\n<meta property=\"og:image\" content=\"https:\/\/www.cope.es\/blogs\/cine-y-libertad\/wp-content\/uploads\/sites\/7\/2021\/10\/lacronica.jpg\" \/>\n\t<meta property=\"og:image:width\" content=\"317\" \/>\n\t<meta property=\"og:image:height\" content=\"159\" \/>\n\t<meta property=\"og:image:type\" content=\"image\/jpeg\" \/>\n<meta name=\"author\" content=\"V\u00edctor Alvarado\" \/>\n<meta name=\"twitter:card\" content=\"summary_large_image\" \/>\n<meta name=\"twitter:creator\" content=\"@cineylibertad\" \/>\n<meta name=\"twitter:site\" content=\"@cope_es\" \/>\n<meta name=\"twitter:label1\" content=\"Escrito por\" \/>\n\t<meta name=\"twitter:data1\" content=\"V\u00edctor Alvarado\" \/>\n\t<meta name=\"twitter:label2\" content=\"Tiempo de lectura\" \/>\n\t<meta name=\"twitter:data2\" content=\"1 minuto\" \/>\n<script type=\"application\/ld+json\" class=\"yoast-schema-graph\">{\"@context\":\"https:\\\/\\\/schema.org\",\"@graph\":[{\"@type\":\"Article\",\"@id\":\"https:\\\/\\\/www.cope.es\\\/blogs\\\/cine-y-libertad\\\/2021\\\/10\\\/24\\\/la-cronica-francesa-wes-anderson-el-diazepam-y-algun-destello-de-luz\\\/#article\",\"isPartOf\":{\"@id\":\"https:\\\/\\\/www.cope.es\\\/blogs\\\/cine-y-libertad\\\/2021\\\/10\\\/24\\\/la-cronica-francesa-wes-anderson-el-diazepam-y-algun-destello-de-luz\\\/\"},\"author\":{\"name\":\"V\u00edctor Alvarado\",\"@id\":\"https:\\\/\\\/www.cope.es\\\/blogs\\\/cine-y-libertad\\\/#\\\/schema\\\/person\\\/c95904a4fbf751a8d9124f8fa8bdaace\"},\"headline\":\"La cr\u00f3nica francesa-Wes Anderson, el diazepam y alg\u00fan destello de luz\",\"datePublished\":\"2021-10-24T09:27:22+00:00\",\"dateModified\":\"2021-10-24T09:31:15+00:00\",\"mainEntityOfPage\":{\"@id\":\"https:\\\/\\\/www.cope.es\\\/blogs\\\/cine-y-libertad\\\/2021\\\/10\\\/24\\\/la-cronica-francesa-wes-anderson-el-diazepam-y-algun-destello-de-luz\\\/\"},\"wordCount\":176,\"commentCount\":0,\"image\":{\"@id\":\"https:\\\/\\\/www.cope.es\\\/blogs\\\/cine-y-libertad\\\/2021\\\/10\\\/24\\\/la-cronica-francesa-wes-anderson-el-diazepam-y-algun-destello-de-luz\\\/#primaryimage\"},\"thumbnailUrl\":\"https:\\\/\\\/www.cope.es\\\/blogs\\\/cine-y-libertad\\\/wp-content\\\/uploads\\\/sites\\\/7\\\/2021\\\/10\\\/lacronica.jpg\",\"keywords\":[\"Wes Anderson\"],\"articleSection\":[\"acci\u00f3n\",\"cine\",\"c\u00f3mics\",\"periodismo\",\"Pol\u00edtica\",\"stop motion\"],\"inLanguage\":\"es\",\"potentialAction\":[{\"@type\":\"CommentAction\",\"name\":\"Comment\",\"target\":[\"https:\\\/\\\/www.cope.es\\\/blogs\\\/cine-y-libertad\\\/2021\\\/10\\\/24\\\/la-cronica-francesa-wes-anderson-el-diazepam-y-algun-destello-de-luz\\\/#respond\"]}]},{\"@type\":\"WebPage\",\"@id\":\"https:\\\/\\\/www.cope.es\\\/blogs\\\/cine-y-libertad\\\/2021\\\/10\\\/24\\\/la-cronica-francesa-wes-anderson-el-diazepam-y-algun-destello-de-luz\\\/\",\"url\":\"https:\\\/\\\/www.cope.es\\\/blogs\\\/cine-y-libertad\\\/2021\\\/10\\\/24\\\/la-cronica-francesa-wes-anderson-el-diazepam-y-algun-destello-de-luz\\\/\",\"name\":\"La cr\u00f3nica francesa-Wes Anderson, el diazepam y alg\u00fan destello de luz\",\"isPartOf\":{\"@id\":\"https:\\\/\\\/www.cope.es\\\/blogs\\\/cine-y-libertad\\\/#website\"},\"primaryImageOfPage\":{\"@id\":\"https:\\\/\\\/www.cope.es\\\/blogs\\\/cine-y-libertad\\\/2021\\\/10\\\/24\\\/la-cronica-francesa-wes-anderson-el-diazepam-y-algun-destello-de-luz\\\/#primaryimage\"},\"image\":{\"@id\":\"https:\\\/\\\/www.cope.es\\\/blogs\\\/cine-y-libertad\\\/2021\\\/10\\\/24\\\/la-cronica-francesa-wes-anderson-el-diazepam-y-algun-destello-de-luz\\\/#primaryimage\"},\"thumbnailUrl\":\"https:\\\/\\\/www.cope.es\\\/blogs\\\/cine-y-libertad\\\/wp-content\\\/uploads\\\/sites\\\/7\\\/2021\\\/10\\\/lacronica.jpg\",\"datePublished\":\"2021-10-24T09:27:22+00:00\",\"dateModified\":\"2021-10-24T09:31:15+00:00\",\"author\":{\"@id\":\"https:\\\/\\\/www.cope.es\\\/blogs\\\/cine-y-libertad\\\/#\\\/schema\\\/person\\\/c95904a4fbf751a8d9124f8fa8bdaace\"},\"description\":\"La cr\u00f3nica francesa-Wes Anderson, el diazepam y alg\u00fan destello de luz. \u00bfQu\u00e9 supuso la revoluci\u00f3n de Mayo de 1968?\",\"breadcrumb\":{\"@id\":\"https:\\\/\\\/www.cope.es\\\/blogs\\\/cine-y-libertad\\\/2021\\\/10\\\/24\\\/la-cronica-francesa-wes-anderson-el-diazepam-y-algun-destello-de-luz\\\/#breadcrumb\"},\"inLanguage\":\"es\",\"potentialAction\":[{\"@type\":\"ReadAction\",\"target\":[\"https:\\\/\\\/www.cope.es\\\/blogs\\\/cine-y-libertad\\\/2021\\\/10\\\/24\\\/la-cronica-francesa-wes-anderson-el-diazepam-y-algun-destello-de-luz\\\/\"]}]},{\"@type\":\"ImageObject\",\"inLanguage\":\"es\",\"@id\":\"https:\\\/\\\/www.cope.es\\\/blogs\\\/cine-y-libertad\\\/2021\\\/10\\\/24\\\/la-cronica-francesa-wes-anderson-el-diazepam-y-algun-destello-de-luz\\\/#primaryimage\",\"url\":\"https:\\\/\\\/www.cope.es\\\/blogs\\\/cine-y-libertad\\\/wp-content\\\/uploads\\\/sites\\\/7\\\/2021\\\/10\\\/lacronica.jpg\",\"contentUrl\":\"https:\\\/\\\/www.cope.es\\\/blogs\\\/cine-y-libertad\\\/wp-content\\\/uploads\\\/sites\\\/7\\\/2021\\\/10\\\/lacronica.jpg\",\"width\":317,\"height\":159},{\"@type\":\"BreadcrumbList\",\"@id\":\"https:\\\/\\\/www.cope.es\\\/blogs\\\/cine-y-libertad\\\/2021\\\/10\\\/24\\\/la-cronica-francesa-wes-anderson-el-diazepam-y-algun-destello-de-luz\\\/#breadcrumb\",\"itemListElement\":[{\"@type\":\"ListItem\",\"position\":1,\"name\":\"Portada\",\"item\":\"https:\\\/\\\/www.cope.es\\\/blogs\\\/cine-y-libertad\\\/\"},{\"@type\":\"ListItem\",\"position\":2,\"name\":\"La cr\u00f3nica francesa-Wes Anderson, el diazepam y alg\u00fan destello de luz\"}]},{\"@type\":\"WebSite\",\"@id\":\"https:\\\/\\\/www.cope.es\\\/blogs\\\/cine-y-libertad\\\/#website\",\"url\":\"https:\\\/\\\/www.cope.es\\\/blogs\\\/cine-y-libertad\\\/\",\"name\":\"Cine y Libertad\",\"description\":\"Cine y Libertad un blog de COPE\",\"potentialAction\":[{\"@type\":\"SearchAction\",\"target\":{\"@type\":\"EntryPoint\",\"urlTemplate\":\"https:\\\/\\\/www.cope.es\\\/blogs\\\/cine-y-libertad\\\/?s={search_term_string}\"},\"query-input\":{\"@type\":\"PropertyValueSpecification\",\"valueRequired\":true,\"valueName\":\"search_term_string\"}}],\"inLanguage\":\"es\"},{\"@type\":\"Person\",\"@id\":\"https:\\\/\\\/www.cope.es\\\/blogs\\\/cine-y-libertad\\\/#\\\/schema\\\/person\\\/c95904a4fbf751a8d9124f8fa8bdaace\",\"name\":\"V\u00edctor Alvarado\",\"image\":{\"@type\":\"ImageObject\",\"inLanguage\":\"es\",\"@id\":\"https:\\\/\\\/secure.gravatar.com\\\/avatar\\\/db4634ae2001f7f920b8294d926f3e737ada04196e014ebacae29a4848f905f4?s=96&d=mm&r=g\",\"url\":\"https:\\\/\\\/secure.gravatar.com\\\/avatar\\\/db4634ae2001f7f920b8294d926f3e737ada04196e014ebacae29a4848f905f4?s=96&d=mm&r=g\",\"contentUrl\":\"https:\\\/\\\/secure.gravatar.com\\\/avatar\\\/db4634ae2001f7f920b8294d926f3e737ada04196e014ebacae29a4848f905f4?s=96&d=mm&r=g\",\"caption\":\"V\u00edctor Alvarado\"},\"description\":\"V\u00edctor Alvarado tiene una larga experiencia tanto en medios de comunicaci\u00f3n como en educaci\u00f3n. Dirige el programa de radio, Directo a las Estrellas, en Intereconom\u00eda (Castilla y Le\u00f3n) y Informa Radio en toda Espa\u00f1a. Ha colaborado en Radio Inter y Esradio. Cr\u00edtico de cine en Pantalla 90, Diario Ya y P\u00e1ginas Digital. Es miembro del CEC. Es el autor de libro: La fe, la \u00e9tica y los valores de los superh\u00e9roes (PPC). Esta es su web: www.cineylibertad.com y, por supuesto, lleva m\u00e1s de 5 a\u00f1os como bloguero de Cope, donde analiza el cine, los c\u00f3mics y los libros desde una \u00f3ptica antropol\u00f3gica y axiol\u00f3gica, atendiendo a todas las dimensiones del ser humano.\",\"sameAs\":[\"http:\\\/\\\/www.cineylibertad.com\",\"https:\\\/\\\/www.facebook.com\\\/victor.alvarado.56829446\",\"https:\\\/\\\/www.instagram.com\\\/cineylibertad\\\/\",\"https:\\\/\\\/x.com\\\/cineylibertad\"],\"url\":\"https:\\\/\\\/www.cope.es\\\/blogs\\\/cine-y-libertad\\\/author\\\/valvarado\\\/\"}]}<\/script>\n<!-- \/ Yoast SEO plugin. -->","yoast_head_json":{"title":"La cr\u00f3nica francesa-Wes Anderson, el diazepam y alg\u00fan destello de luz","description":"La cr\u00f3nica francesa-Wes Anderson, el diazepam y alg\u00fan destello de luz. \u00bfQu\u00e9 supuso la revoluci\u00f3n de Mayo de 1968?","robots":{"index":"index","follow":"follow","max-snippet":"max-snippet:-1","max-image-preview":"max-image-preview:large","max-video-preview":"max-video-preview:-1"},"canonical":"https:\/\/www.cope.es\/blogs\/cine-y-libertad\/2021\/10\/24\/la-cronica-francesa-wes-anderson-el-diazepam-y-algun-destello-de-luz\/","og_locale":"es_ES","og_type":"article","og_title":"La cr\u00f3nica francesa-Wes Anderson, el diazepam y alg\u00fan destello de luz","og_description":"La cr\u00f3nica francesa-Wes Anderson, el diazepam y alg\u00fan destello de luz. \u00bfQu\u00e9 supuso la revoluci\u00f3n de Mayo de 1968?","og_url":"https:\/\/www.cope.es\/blogs\/cine-y-libertad\/2021\/10\/24\/la-cronica-francesa-wes-anderson-el-diazepam-y-algun-destello-de-luz\/","og_site_name":"Cine y Libertad","article_publisher":"https:\/\/www.facebook.com\/cope\/","article_author":"https:\/\/www.facebook.com\/victor.alvarado.56829446","article_published_time":"2021-10-24T09:27:22+00:00","article_modified_time":"2021-10-24T09:31:15+00:00","og_image":[{"width":317,"height":159,"url":"https:\/\/www.cope.es\/blogs\/cine-y-libertad\/wp-content\/uploads\/sites\/7\/2021\/10\/lacronica.jpg","type":"image\/jpeg"}],"author":"V\u00edctor Alvarado","twitter_card":"summary_large_image","twitter_creator":"@cineylibertad","twitter_site":"@cope_es","twitter_misc":{"Escrito por":"V\u00edctor Alvarado","Tiempo de lectura":"1 minuto"},"schema":{"@context":"https:\/\/schema.org","@graph":[{"@type":"Article","@id":"https:\/\/www.cope.es\/blogs\/cine-y-libertad\/2021\/10\/24\/la-cronica-francesa-wes-anderson-el-diazepam-y-algun-destello-de-luz\/#article","isPartOf":{"@id":"https:\/\/www.cope.es\/blogs\/cine-y-libertad\/2021\/10\/24\/la-cronica-francesa-wes-anderson-el-diazepam-y-algun-destello-de-luz\/"},"author":{"name":"V\u00edctor Alvarado","@id":"https:\/\/www.cope.es\/blogs\/cine-y-libertad\/#\/schema\/person\/c95904a4fbf751a8d9124f8fa8bdaace"},"headline":"La cr\u00f3nica francesa-Wes Anderson, el diazepam y alg\u00fan destello de luz","datePublished":"2021-10-24T09:27:22+00:00","dateModified":"2021-10-24T09:31:15+00:00","mainEntityOfPage":{"@id":"https:\/\/www.cope.es\/blogs\/cine-y-libertad\/2021\/10\/24\/la-cronica-francesa-wes-anderson-el-diazepam-y-algun-destello-de-luz\/"},"wordCount":176,"commentCount":0,"image":{"@id":"https:\/\/www.cope.es\/blogs\/cine-y-libertad\/2021\/10\/24\/la-cronica-francesa-wes-anderson-el-diazepam-y-algun-destello-de-luz\/#primaryimage"},"thumbnailUrl":"https:\/\/www.cope.es\/blogs\/cine-y-libertad\/wp-content\/uploads\/sites\/7\/2021\/10\/lacronica.jpg","keywords":["Wes Anderson"],"articleSection":["acci\u00f3n","cine","c\u00f3mics","periodismo","Pol\u00edtica","stop motion"],"inLanguage":"es","potentialAction":[{"@type":"CommentAction","name":"Comment","target":["https:\/\/www.cope.es\/blogs\/cine-y-libertad\/2021\/10\/24\/la-cronica-francesa-wes-anderson-el-diazepam-y-algun-destello-de-luz\/#respond"]}]},{"@type":"WebPage","@id":"https:\/\/www.cope.es\/blogs\/cine-y-libertad\/2021\/10\/24\/la-cronica-francesa-wes-anderson-el-diazepam-y-algun-destello-de-luz\/","url":"https:\/\/www.cope.es\/blogs\/cine-y-libertad\/2021\/10\/24\/la-cronica-francesa-wes-anderson-el-diazepam-y-algun-destello-de-luz\/","name":"La cr\u00f3nica francesa-Wes Anderson, el diazepam y alg\u00fan destello de luz","isPartOf":{"@id":"https:\/\/www.cope.es\/blogs\/cine-y-libertad\/#website"},"primaryImageOfPage":{"@id":"https:\/\/www.cope.es\/blogs\/cine-y-libertad\/2021\/10\/24\/la-cronica-francesa-wes-anderson-el-diazepam-y-algun-destello-de-luz\/#primaryimage"},"image":{"@id":"https:\/\/www.cope.es\/blogs\/cine-y-libertad\/2021\/10\/24\/la-cronica-francesa-wes-anderson-el-diazepam-y-algun-destello-de-luz\/#primaryimage"},"thumbnailUrl":"https:\/\/www.cope.es\/blogs\/cine-y-libertad\/wp-content\/uploads\/sites\/7\/2021\/10\/lacronica.jpg","datePublished":"2021-10-24T09:27:22+00:00","dateModified":"2021-10-24T09:31:15+00:00","author":{"@id":"https:\/\/www.cope.es\/blogs\/cine-y-libertad\/#\/schema\/person\/c95904a4fbf751a8d9124f8fa8bdaace"},"description":"La cr\u00f3nica francesa-Wes Anderson, el diazepam y alg\u00fan destello de luz. \u00bfQu\u00e9 supuso la revoluci\u00f3n de Mayo de 1968?","breadcrumb":{"@id":"https:\/\/www.cope.es\/blogs\/cine-y-libertad\/2021\/10\/24\/la-cronica-francesa-wes-anderson-el-diazepam-y-algun-destello-de-luz\/#breadcrumb"},"inLanguage":"es","potentialAction":[{"@type":"ReadAction","target":["https:\/\/www.cope.es\/blogs\/cine-y-libertad\/2021\/10\/24\/la-cronica-francesa-wes-anderson-el-diazepam-y-algun-destello-de-luz\/"]}]},{"@type":"ImageObject","inLanguage":"es","@id":"https:\/\/www.cope.es\/blogs\/cine-y-libertad\/2021\/10\/24\/la-cronica-francesa-wes-anderson-el-diazepam-y-algun-destello-de-luz\/#primaryimage","url":"https:\/\/www.cope.es\/blogs\/cine-y-libertad\/wp-content\/uploads\/sites\/7\/2021\/10\/lacronica.jpg","contentUrl":"https:\/\/www.cope.es\/blogs\/cine-y-libertad\/wp-content\/uploads\/sites\/7\/2021\/10\/lacronica.jpg","width":317,"height":159},{"@type":"BreadcrumbList","@id":"https:\/\/www.cope.es\/blogs\/cine-y-libertad\/2021\/10\/24\/la-cronica-francesa-wes-anderson-el-diazepam-y-algun-destello-de-luz\/#breadcrumb","itemListElement":[{"@type":"ListItem","position":1,"name":"Portada","item":"https:\/\/www.cope.es\/blogs\/cine-y-libertad\/"},{"@type":"ListItem","position":2,"name":"La cr\u00f3nica francesa-Wes Anderson, el diazepam y alg\u00fan destello de luz"}]},{"@type":"WebSite","@id":"https:\/\/www.cope.es\/blogs\/cine-y-libertad\/#website","url":"https:\/\/www.cope.es\/blogs\/cine-y-libertad\/","name":"Cine y Libertad","description":"Cine y Libertad un blog de COPE","potentialAction":[{"@type":"SearchAction","target":{"@type":"EntryPoint","urlTemplate":"https:\/\/www.cope.es\/blogs\/cine-y-libertad\/?s={search_term_string}"},"query-input":{"@type":"PropertyValueSpecification","valueRequired":true,"valueName":"search_term_string"}}],"inLanguage":"es"},{"@type":"Person","@id":"https:\/\/www.cope.es\/blogs\/cine-y-libertad\/#\/schema\/person\/c95904a4fbf751a8d9124f8fa8bdaace","name":"V\u00edctor Alvarado","image":{"@type":"ImageObject","inLanguage":"es","@id":"https:\/\/secure.gravatar.com\/avatar\/db4634ae2001f7f920b8294d926f3e737ada04196e014ebacae29a4848f905f4?s=96&d=mm&r=g","url":"https:\/\/secure.gravatar.com\/avatar\/db4634ae2001f7f920b8294d926f3e737ada04196e014ebacae29a4848f905f4?s=96&d=mm&r=g","contentUrl":"https:\/\/secure.gravatar.com\/avatar\/db4634ae2001f7f920b8294d926f3e737ada04196e014ebacae29a4848f905f4?s=96&d=mm&r=g","caption":"V\u00edctor Alvarado"},"description":"V\u00edctor Alvarado tiene una larga experiencia tanto en medios de comunicaci\u00f3n como en educaci\u00f3n. Dirige el programa de radio, Directo a las Estrellas, en Intereconom\u00eda (Castilla y Le\u00f3n) y Informa Radio en toda Espa\u00f1a. Ha colaborado en Radio Inter y Esradio. Cr\u00edtico de cine en Pantalla 90, Diario Ya y P\u00e1ginas Digital. Es miembro del CEC. Es el autor de libro: La fe, la \u00e9tica y los valores de los superh\u00e9roes (PPC). Esta es su web: www.cineylibertad.com y, por supuesto, lleva m\u00e1s de 5 a\u00f1os como bloguero de Cope, donde analiza el cine, los c\u00f3mics y los libros desde una \u00f3ptica antropol\u00f3gica y axiol\u00f3gica, atendiendo a todas las dimensiones del ser humano.","sameAs":["http:\/\/www.cineylibertad.com","https:\/\/www.facebook.com\/victor.alvarado.56829446","https:\/\/www.instagram.com\/cineylibertad\/","https:\/\/x.com\/cineylibertad"],"url":"https:\/\/www.cope.es\/blogs\/cine-y-libertad\/author\/valvarado\/"}]}},"amp_enabled":true,"_links":{"self":[{"href":"https:\/\/www.cope.es\/blogs\/cine-y-libertad\/wp-json\/wp\/v2\/posts\/3328","targetHints":{"allow":["GET"]}}],"collection":[{"href":"https:\/\/www.cope.es\/blogs\/cine-y-libertad\/wp-json\/wp\/v2\/posts"}],"about":[{"href":"https:\/\/www.cope.es\/blogs\/cine-y-libertad\/wp-json\/wp\/v2\/types\/post"}],"author":[{"embeddable":true,"href":"https:\/\/www.cope.es\/blogs\/cine-y-libertad\/wp-json\/wp\/v2\/users\/7"}],"replies":[{"embeddable":true,"href":"https:\/\/www.cope.es\/blogs\/cine-y-libertad\/wp-json\/wp\/v2\/comments?post=3328"}],"version-history":[{"count":1,"href":"https:\/\/www.cope.es\/blogs\/cine-y-libertad\/wp-json\/wp\/v2\/posts\/3328\/revisions"}],"predecessor-version":[{"id":3335,"href":"https:\/\/www.cope.es\/blogs\/cine-y-libertad\/wp-json\/wp\/v2\/posts\/3328\/revisions\/3335"}],"wp:featuredmedia":[{"embeddable":true,"href":"https:\/\/www.cope.es\/blogs\/cine-y-libertad\/wp-json\/wp\/v2\/media\/3331"}],"wp:attachment":[{"href":"https:\/\/www.cope.es\/blogs\/cine-y-libertad\/wp-json\/wp\/v2\/media?parent=3328"}],"wp:term":[{"taxonomy":"category","embeddable":true,"href":"https:\/\/www.cope.es\/blogs\/cine-y-libertad\/wp-json\/wp\/v2\/categories?post=3328"},{"taxonomy":"post_tag","embeddable":true,"href":"https:\/\/www.cope.es\/blogs\/cine-y-libertad\/wp-json\/wp\/v2\/tags?post=3328"}],"curies":[{"name":"wp","href":"https:\/\/api.w.org\/{rel}","templated":true}]}}