{"id":3223,"date":"2021-09-28T21:01:56","date_gmt":"2021-09-28T19:01:56","guid":{"rendered":"http:\/\/www.cope.es\/blogs\/cine-y-libertad\/?p=3223"},"modified":"2021-09-28T21:01:56","modified_gmt":"2021-09-28T19:01:56","slug":"el-monte-de-las-animas-gustavo-adolfo-becquer-y-una-ilustradora-que-saca-lo-mejor-del-escritor","status":"publish","type":"post","link":"https:\/\/www.cope.es\/blogs\/cine-y-libertad\/2021\/09\/28\/el-monte-de-las-animas-gustavo-adolfo-becquer-y-una-ilustradora-que-saca-lo-mejor-del-escritor\/","title":{"rendered":"El monte de las \u00c1nimas-Gustavo Adolfo B\u00e9cquer y una ilustradora que saca lo mejor del escritor"},"content":{"rendered":"<p><a class=\"txt-white decorationOnHover\" href=\"https:\/\/www.ivoox.com\/monte-animas-gustavo-adolfo-becquer-y-audios-mp3_rf_76080584_1.html\" target=\"_blank\">El monte de las \u00c1nimas-Gustavo Adolfo B\u00e9cquer y una ilustradora que saca lo mejor del escritor\u00a0 <\/a>. \u00bfPor qu\u00e9 hay que leer a B\u00e9cquer, Poe y Lovecraft?<\/p>\n<p>Aqu\u00ed puedes escuchar mi comentario&#8230;<\/p>\n<p><img loading=\"lazy\" decoding=\"async\" width=\"300\" height=\"168\" class=\"alignnone size-full wp-image-3224\" src=\"http:\/\/www.cope.es\/blogs\/cine-y-libertad\/wp-content\/uploads\/sites\/7\/2021\/09\/anima.jpg\" alt=\"\" \/><\/p>\n<audio class=\"wp-audio-shortcode\" id=\"audio-3223-1\" preload=\"none\" style=\"width: 100%;\" controls=\"controls\"><source type=\"audio\/mpeg\" src=\"https:\/\/www.ivoox.com\/monte-animas-gustavo-adolfo-becquer-y_md_76080584_wp_1.mp3?_=1\" \/><a href=\"https:\/\/www.ivoox.com\/monte-animas-gustavo-adolfo-becquer-y_md_76080584_wp_1.mp3\">https:\/\/www.ivoox.com\/monte-animas-gustavo-adolfo-becquer-y_md_76080584_wp_1.mp3<\/a><\/audio>\n<p><a title=\"El monte de las \u00c1nimas-Gustavo Adolfo B\u00e9cquer y una ilustradora que saca lo mejor del escritor\" href=\"https:\/\/go.ivoox.com\/rf\/76080584\">Ir a descargar<\/a><br \/>\n\u00a1Oyentes y amigos de Cine y Libertad!<\/p>\n<p>Maldrag\u00f3n nos habla de su c\u00f3mic:<\/p>\n<div class=\"product-info-main\">\n<div class=\"product info detailed \">\n<div class=\"product data items accordion \">\n<div id=\"product.info.description\" class=\"data item content\">\n<div class=\"product attribute description\"><strong>El Monte de las \u00c1nimas<\/strong>\u00a0es uno de los grandes relatos de terror de nuestra literatura. Sin duda hizo que el sevillano\u00a0<strong>Gustavo Adolfo B\u00e9cquer<\/strong>, pasara a la historia y su legado fuera imborrable, convirti\u00e9ndolo en el abanderado del romanticismo espa\u00f1ol y escritor universal. Es hora de reivindicar su figura y actualizar una de sus obras m\u00e1s importantes para las generaciones actuales.<\/div>\n<\/div>\n<div class=\"block-title title\">\n<p>Ahora este relato legendario, que nos emplaza a la Soria del medievo, es ilustrado por\u00a0<strong>Aintzane Cruceta<\/strong>. La artista andaluza con su marcado estilo &#8220;Surrealismo Pop&#8221;, nos meter\u00e1 de lleno en la leyenda con su arte y viviremos la historia como nunca antes.<\/p>\n<\/div>\n<\/div>\n<\/div>\n<\/div>\n<p>Facebook: <a href=\"https:\/\/www.facebook.com\/victor.alvarado.56829446\" target=\"_blank\">https:\/\/www.facebook.com\/victor.alvarado.56829446<\/a><\/p>\n<p>Twitter:<span class=\"r-18u37iz\"><a class=\"css-4rbku5 css-18t94o4 css-901oao css-16my406 r-1n1174f r-1loqt21 r-poiln3 r-bcqeeo r-qvutc0\" href=\"https:\/\/twitter.com\/cineylibertad\">@cineylibertad<\/a><\/span><\/p>\n","protected":false},"excerpt":{"rendered":"<p>El monte de las \u00c1nimas-Gustavo Adolfo B\u00e9cquer y una ilustradora que saca lo mejor del escritor\u00a0 . \u00bfPor qu\u00e9 hay que leer a B\u00e9cquer, Poe y Lovecraft? Aqu\u00ed puedes escuchar mi comentario&#8230; Ir a descargar \u00a1Oyentes y amigos de Cine y Libertad! Maldrag\u00f3n nos habla de su c\u00f3mic: El Monte de las \u00c1nimas\u00a0es uno de [&hellip;]<\/p>\n","protected":false},"author":7,"featured_media":3224,"comment_status":"open","ping_status":"open","sticky":false,"template":"","format":"standard","meta":{"footnotes":""},"categories":[5,42],"tags":[330],"class_list":["post-3223","post","type-post","status-publish","format-standard","has-post-thumbnail","hentry","category-libros","category-obra-maestra","tag-becquer"],"yoast_head":"<!-- This site is optimized with the Yoast SEO plugin v27.4 - https:\/\/yoast.com\/product\/yoast-seo-wordpress\/ -->\n<title>El monte de las \u00c1nimas-Gustavo Adolfo B\u00e9cquer y una ilustradora que saca lo mejor del escritor<\/title>\n<meta name=\"description\" content=\"El monte de las \u00c1nimas-Gustavo Adolfo B\u00e9cquer y una ilustradora que saca lo mejor del escritor. \u00bfPor qu\u00e9 hay que leer a B\u00e9cquer, Poe y Lovecraft?\" \/>\n<meta name=\"robots\" content=\"index, follow, max-snippet:-1, max-image-preview:large, max-video-preview:-1\" \/>\n<link rel=\"canonical\" href=\"https:\/\/www.cope.es\/blogs\/cine-y-libertad\/2021\/09\/28\/el-monte-de-las-animas-gustavo-adolfo-becquer-y-una-ilustradora-que-saca-lo-mejor-del-escritor\/\" \/>\n<meta property=\"og:locale\" content=\"es_ES\" \/>\n<meta property=\"og:type\" content=\"article\" \/>\n<meta property=\"og:title\" content=\"El monte de las \u00c1nimas-Gustavo Adolfo B\u00e9cquer y una ilustradora que saca lo mejor del escritor\" \/>\n<meta property=\"og:description\" content=\"El monte de las \u00c1nimas-Gustavo Adolfo B\u00e9cquer y una ilustradora que saca lo mejor del escritor. \u00bfPor qu\u00e9 hay que leer a B\u00e9cquer, Poe y Lovecraft?\" \/>\n<meta property=\"og:url\" content=\"https:\/\/www.cope.es\/blogs\/cine-y-libertad\/2021\/09\/28\/el-monte-de-las-animas-gustavo-adolfo-becquer-y-una-ilustradora-que-saca-lo-mejor-del-escritor\/\" \/>\n<meta property=\"og:site_name\" content=\"Cine y Libertad\" \/>\n<meta property=\"article:publisher\" content=\"https:\/\/www.facebook.com\/cope\/\" \/>\n<meta property=\"article:author\" content=\"https:\/\/www.facebook.com\/victor.alvarado.56829446\" \/>\n<meta property=\"article:published_time\" content=\"2021-09-28T19:01:56+00:00\" \/>\n<meta property=\"og:image\" content=\"https:\/\/www.cope.es\/blogs\/cine-y-libertad\/wp-content\/uploads\/sites\/7\/2021\/09\/anima.jpg\" \/>\n\t<meta property=\"og:image:width\" content=\"300\" \/>\n\t<meta property=\"og:image:height\" content=\"168\" \/>\n\t<meta property=\"og:image:type\" content=\"image\/jpeg\" \/>\n<meta name=\"author\" content=\"V\u00edctor Alvarado\" \/>\n<meta name=\"twitter:card\" content=\"summary_large_image\" \/>\n<meta name=\"twitter:creator\" content=\"@cineylibertad\" \/>\n<meta name=\"twitter:site\" content=\"@cope_es\" \/>\n<meta name=\"twitter:label1\" content=\"Escrito por\" \/>\n\t<meta name=\"twitter:data1\" content=\"V\u00edctor Alvarado\" \/>\n\t<meta name=\"twitter:label2\" content=\"Tiempo de lectura\" \/>\n\t<meta name=\"twitter:data2\" content=\"1 minuto\" \/>\n<script type=\"application\/ld+json\" class=\"yoast-schema-graph\">{\"@context\":\"https:\\\/\\\/schema.org\",\"@graph\":[{\"@type\":\"Article\",\"@id\":\"https:\\\/\\\/www.cope.es\\\/blogs\\\/cine-y-libertad\\\/2021\\\/09\\\/28\\\/el-monte-de-las-animas-gustavo-adolfo-becquer-y-una-ilustradora-que-saca-lo-mejor-del-escritor\\\/#article\",\"isPartOf\":{\"@id\":\"https:\\\/\\\/www.cope.es\\\/blogs\\\/cine-y-libertad\\\/2021\\\/09\\\/28\\\/el-monte-de-las-animas-gustavo-adolfo-becquer-y-una-ilustradora-que-saca-lo-mejor-del-escritor\\\/\"},\"author\":{\"name\":\"V\u00edctor Alvarado\",\"@id\":\"https:\\\/\\\/www.cope.es\\\/blogs\\\/cine-y-libertad\\\/#\\\/schema\\\/person\\\/c95904a4fbf751a8d9124f8fa8bdaace\"},\"headline\":\"El monte de las \u00c1nimas-Gustavo Adolfo B\u00e9cquer y una ilustradora que saca lo mejor del escritor\",\"datePublished\":\"2021-09-28T19:01:56+00:00\",\"mainEntityOfPage\":{\"@id\":\"https:\\\/\\\/www.cope.es\\\/blogs\\\/cine-y-libertad\\\/2021\\\/09\\\/28\\\/el-monte-de-las-animas-gustavo-adolfo-becquer-y-una-ilustradora-que-saca-lo-mejor-del-escritor\\\/\"},\"wordCount\":196,\"commentCount\":0,\"image\":{\"@id\":\"https:\\\/\\\/www.cope.es\\\/blogs\\\/cine-y-libertad\\\/2021\\\/09\\\/28\\\/el-monte-de-las-animas-gustavo-adolfo-becquer-y-una-ilustradora-que-saca-lo-mejor-del-escritor\\\/#primaryimage\"},\"thumbnailUrl\":\"https:\\\/\\\/www.cope.es\\\/blogs\\\/cine-y-libertad\\\/wp-content\\\/uploads\\\/sites\\\/7\\\/2021\\\/09\\\/anima.jpg\",\"keywords\":[\"B\u00e9cquer\"],\"articleSection\":[\"libros\",\"Obra maestra\"],\"inLanguage\":\"es\",\"potentialAction\":[{\"@type\":\"CommentAction\",\"name\":\"Comment\",\"target\":[\"https:\\\/\\\/www.cope.es\\\/blogs\\\/cine-y-libertad\\\/2021\\\/09\\\/28\\\/el-monte-de-las-animas-gustavo-adolfo-becquer-y-una-ilustradora-que-saca-lo-mejor-del-escritor\\\/#respond\"]}]},{\"@type\":\"WebPage\",\"@id\":\"https:\\\/\\\/www.cope.es\\\/blogs\\\/cine-y-libertad\\\/2021\\\/09\\\/28\\\/el-monte-de-las-animas-gustavo-adolfo-becquer-y-una-ilustradora-que-saca-lo-mejor-del-escritor\\\/\",\"url\":\"https:\\\/\\\/www.cope.es\\\/blogs\\\/cine-y-libertad\\\/2021\\\/09\\\/28\\\/el-monte-de-las-animas-gustavo-adolfo-becquer-y-una-ilustradora-que-saca-lo-mejor-del-escritor\\\/\",\"name\":\"El monte de las \u00c1nimas-Gustavo Adolfo B\u00e9cquer y una ilustradora que saca lo mejor del escritor\",\"isPartOf\":{\"@id\":\"https:\\\/\\\/www.cope.es\\\/blogs\\\/cine-y-libertad\\\/#website\"},\"primaryImageOfPage\":{\"@id\":\"https:\\\/\\\/www.cope.es\\\/blogs\\\/cine-y-libertad\\\/2021\\\/09\\\/28\\\/el-monte-de-las-animas-gustavo-adolfo-becquer-y-una-ilustradora-que-saca-lo-mejor-del-escritor\\\/#primaryimage\"},\"image\":{\"@id\":\"https:\\\/\\\/www.cope.es\\\/blogs\\\/cine-y-libertad\\\/2021\\\/09\\\/28\\\/el-monte-de-las-animas-gustavo-adolfo-becquer-y-una-ilustradora-que-saca-lo-mejor-del-escritor\\\/#primaryimage\"},\"thumbnailUrl\":\"https:\\\/\\\/www.cope.es\\\/blogs\\\/cine-y-libertad\\\/wp-content\\\/uploads\\\/sites\\\/7\\\/2021\\\/09\\\/anima.jpg\",\"datePublished\":\"2021-09-28T19:01:56+00:00\",\"author\":{\"@id\":\"https:\\\/\\\/www.cope.es\\\/blogs\\\/cine-y-libertad\\\/#\\\/schema\\\/person\\\/c95904a4fbf751a8d9124f8fa8bdaace\"},\"description\":\"El monte de las \u00c1nimas-Gustavo Adolfo B\u00e9cquer y una ilustradora que saca lo mejor del escritor. \u00bfPor qu\u00e9 hay que leer a B\u00e9cquer, Poe y Lovecraft?\",\"breadcrumb\":{\"@id\":\"https:\\\/\\\/www.cope.es\\\/blogs\\\/cine-y-libertad\\\/2021\\\/09\\\/28\\\/el-monte-de-las-animas-gustavo-adolfo-becquer-y-una-ilustradora-que-saca-lo-mejor-del-escritor\\\/#breadcrumb\"},\"inLanguage\":\"es\",\"potentialAction\":[{\"@type\":\"ReadAction\",\"target\":[\"https:\\\/\\\/www.cope.es\\\/blogs\\\/cine-y-libertad\\\/2021\\\/09\\\/28\\\/el-monte-de-las-animas-gustavo-adolfo-becquer-y-una-ilustradora-que-saca-lo-mejor-del-escritor\\\/\"]}]},{\"@type\":\"ImageObject\",\"inLanguage\":\"es\",\"@id\":\"https:\\\/\\\/www.cope.es\\\/blogs\\\/cine-y-libertad\\\/2021\\\/09\\\/28\\\/el-monte-de-las-animas-gustavo-adolfo-becquer-y-una-ilustradora-que-saca-lo-mejor-del-escritor\\\/#primaryimage\",\"url\":\"https:\\\/\\\/www.cope.es\\\/blogs\\\/cine-y-libertad\\\/wp-content\\\/uploads\\\/sites\\\/7\\\/2021\\\/09\\\/anima.jpg\",\"contentUrl\":\"https:\\\/\\\/www.cope.es\\\/blogs\\\/cine-y-libertad\\\/wp-content\\\/uploads\\\/sites\\\/7\\\/2021\\\/09\\\/anima.jpg\",\"width\":300,\"height\":168},{\"@type\":\"BreadcrumbList\",\"@id\":\"https:\\\/\\\/www.cope.es\\\/blogs\\\/cine-y-libertad\\\/2021\\\/09\\\/28\\\/el-monte-de-las-animas-gustavo-adolfo-becquer-y-una-ilustradora-que-saca-lo-mejor-del-escritor\\\/#breadcrumb\",\"itemListElement\":[{\"@type\":\"ListItem\",\"position\":1,\"name\":\"Portada\",\"item\":\"https:\\\/\\\/www.cope.es\\\/blogs\\\/cine-y-libertad\\\/\"},{\"@type\":\"ListItem\",\"position\":2,\"name\":\"El monte de las \u00c1nimas-Gustavo Adolfo B\u00e9cquer y una ilustradora que saca lo mejor del escritor\"}]},{\"@type\":\"WebSite\",\"@id\":\"https:\\\/\\\/www.cope.es\\\/blogs\\\/cine-y-libertad\\\/#website\",\"url\":\"https:\\\/\\\/www.cope.es\\\/blogs\\\/cine-y-libertad\\\/\",\"name\":\"Cine y Libertad\",\"description\":\"Cine y Libertad un blog de COPE\",\"potentialAction\":[{\"@type\":\"SearchAction\",\"target\":{\"@type\":\"EntryPoint\",\"urlTemplate\":\"https:\\\/\\\/www.cope.es\\\/blogs\\\/cine-y-libertad\\\/?s={search_term_string}\"},\"query-input\":{\"@type\":\"PropertyValueSpecification\",\"valueRequired\":true,\"valueName\":\"search_term_string\"}}],\"inLanguage\":\"es\"},{\"@type\":\"Person\",\"@id\":\"https:\\\/\\\/www.cope.es\\\/blogs\\\/cine-y-libertad\\\/#\\\/schema\\\/person\\\/c95904a4fbf751a8d9124f8fa8bdaace\",\"name\":\"V\u00edctor Alvarado\",\"image\":{\"@type\":\"ImageObject\",\"inLanguage\":\"es\",\"@id\":\"https:\\\/\\\/secure.gravatar.com\\\/avatar\\\/db4634ae2001f7f920b8294d926f3e737ada04196e014ebacae29a4848f905f4?s=96&d=mm&r=g\",\"url\":\"https:\\\/\\\/secure.gravatar.com\\\/avatar\\\/db4634ae2001f7f920b8294d926f3e737ada04196e014ebacae29a4848f905f4?s=96&d=mm&r=g\",\"contentUrl\":\"https:\\\/\\\/secure.gravatar.com\\\/avatar\\\/db4634ae2001f7f920b8294d926f3e737ada04196e014ebacae29a4848f905f4?s=96&d=mm&r=g\",\"caption\":\"V\u00edctor Alvarado\"},\"description\":\"V\u00edctor Alvarado tiene una larga experiencia tanto en medios de comunicaci\u00f3n como en educaci\u00f3n. Dirige el programa de radio, Directo a las Estrellas, en Intereconom\u00eda (Castilla y Le\u00f3n) y Informa Radio en toda Espa\u00f1a. Ha colaborado en Radio Inter y Esradio. Cr\u00edtico de cine en Pantalla 90, Diario Ya y P\u00e1ginas Digital. Es miembro del CEC. Es el autor de libro: La fe, la \u00e9tica y los valores de los superh\u00e9roes (PPC). Esta es su web: www.cineylibertad.com y, por supuesto, lleva m\u00e1s de 5 a\u00f1os como bloguero de Cope, donde analiza el cine, los c\u00f3mics y los libros desde una \u00f3ptica antropol\u00f3gica y axiol\u00f3gica, atendiendo a todas las dimensiones del ser humano.\",\"sameAs\":[\"http:\\\/\\\/www.cineylibertad.com\",\"https:\\\/\\\/www.facebook.com\\\/victor.alvarado.56829446\",\"https:\\\/\\\/www.instagram.com\\\/cineylibertad\\\/\",\"https:\\\/\\\/x.com\\\/cineylibertad\"],\"url\":\"https:\\\/\\\/www.cope.es\\\/blogs\\\/cine-y-libertad\\\/author\\\/valvarado\\\/\"}]}<\/script>\n<!-- \/ Yoast SEO plugin. -->","yoast_head_json":{"title":"El monte de las \u00c1nimas-Gustavo Adolfo B\u00e9cquer y una ilustradora que saca lo mejor del escritor","description":"El monte de las \u00c1nimas-Gustavo Adolfo B\u00e9cquer y una ilustradora que saca lo mejor del escritor. \u00bfPor qu\u00e9 hay que leer a B\u00e9cquer, Poe y Lovecraft?","robots":{"index":"index","follow":"follow","max-snippet":"max-snippet:-1","max-image-preview":"max-image-preview:large","max-video-preview":"max-video-preview:-1"},"canonical":"https:\/\/www.cope.es\/blogs\/cine-y-libertad\/2021\/09\/28\/el-monte-de-las-animas-gustavo-adolfo-becquer-y-una-ilustradora-que-saca-lo-mejor-del-escritor\/","og_locale":"es_ES","og_type":"article","og_title":"El monte de las \u00c1nimas-Gustavo Adolfo B\u00e9cquer y una ilustradora que saca lo mejor del escritor","og_description":"El monte de las \u00c1nimas-Gustavo Adolfo B\u00e9cquer y una ilustradora que saca lo mejor del escritor. \u00bfPor qu\u00e9 hay que leer a B\u00e9cquer, Poe y Lovecraft?","og_url":"https:\/\/www.cope.es\/blogs\/cine-y-libertad\/2021\/09\/28\/el-monte-de-las-animas-gustavo-adolfo-becquer-y-una-ilustradora-que-saca-lo-mejor-del-escritor\/","og_site_name":"Cine y Libertad","article_publisher":"https:\/\/www.facebook.com\/cope\/","article_author":"https:\/\/www.facebook.com\/victor.alvarado.56829446","article_published_time":"2021-09-28T19:01:56+00:00","og_image":[{"width":300,"height":168,"url":"https:\/\/www.cope.es\/blogs\/cine-y-libertad\/wp-content\/uploads\/sites\/7\/2021\/09\/anima.jpg","type":"image\/jpeg"}],"author":"V\u00edctor Alvarado","twitter_card":"summary_large_image","twitter_creator":"@cineylibertad","twitter_site":"@cope_es","twitter_misc":{"Escrito por":"V\u00edctor Alvarado","Tiempo de lectura":"1 minuto"},"schema":{"@context":"https:\/\/schema.org","@graph":[{"@type":"Article","@id":"https:\/\/www.cope.es\/blogs\/cine-y-libertad\/2021\/09\/28\/el-monte-de-las-animas-gustavo-adolfo-becquer-y-una-ilustradora-que-saca-lo-mejor-del-escritor\/#article","isPartOf":{"@id":"https:\/\/www.cope.es\/blogs\/cine-y-libertad\/2021\/09\/28\/el-monte-de-las-animas-gustavo-adolfo-becquer-y-una-ilustradora-que-saca-lo-mejor-del-escritor\/"},"author":{"name":"V\u00edctor Alvarado","@id":"https:\/\/www.cope.es\/blogs\/cine-y-libertad\/#\/schema\/person\/c95904a4fbf751a8d9124f8fa8bdaace"},"headline":"El monte de las \u00c1nimas-Gustavo Adolfo B\u00e9cquer y una ilustradora que saca lo mejor del escritor","datePublished":"2021-09-28T19:01:56+00:00","mainEntityOfPage":{"@id":"https:\/\/www.cope.es\/blogs\/cine-y-libertad\/2021\/09\/28\/el-monte-de-las-animas-gustavo-adolfo-becquer-y-una-ilustradora-que-saca-lo-mejor-del-escritor\/"},"wordCount":196,"commentCount":0,"image":{"@id":"https:\/\/www.cope.es\/blogs\/cine-y-libertad\/2021\/09\/28\/el-monte-de-las-animas-gustavo-adolfo-becquer-y-una-ilustradora-que-saca-lo-mejor-del-escritor\/#primaryimage"},"thumbnailUrl":"https:\/\/www.cope.es\/blogs\/cine-y-libertad\/wp-content\/uploads\/sites\/7\/2021\/09\/anima.jpg","keywords":["B\u00e9cquer"],"articleSection":["libros","Obra maestra"],"inLanguage":"es","potentialAction":[{"@type":"CommentAction","name":"Comment","target":["https:\/\/www.cope.es\/blogs\/cine-y-libertad\/2021\/09\/28\/el-monte-de-las-animas-gustavo-adolfo-becquer-y-una-ilustradora-que-saca-lo-mejor-del-escritor\/#respond"]}]},{"@type":"WebPage","@id":"https:\/\/www.cope.es\/blogs\/cine-y-libertad\/2021\/09\/28\/el-monte-de-las-animas-gustavo-adolfo-becquer-y-una-ilustradora-que-saca-lo-mejor-del-escritor\/","url":"https:\/\/www.cope.es\/blogs\/cine-y-libertad\/2021\/09\/28\/el-monte-de-las-animas-gustavo-adolfo-becquer-y-una-ilustradora-que-saca-lo-mejor-del-escritor\/","name":"El monte de las \u00c1nimas-Gustavo Adolfo B\u00e9cquer y una ilustradora que saca lo mejor del escritor","isPartOf":{"@id":"https:\/\/www.cope.es\/blogs\/cine-y-libertad\/#website"},"primaryImageOfPage":{"@id":"https:\/\/www.cope.es\/blogs\/cine-y-libertad\/2021\/09\/28\/el-monte-de-las-animas-gustavo-adolfo-becquer-y-una-ilustradora-que-saca-lo-mejor-del-escritor\/#primaryimage"},"image":{"@id":"https:\/\/www.cope.es\/blogs\/cine-y-libertad\/2021\/09\/28\/el-monte-de-las-animas-gustavo-adolfo-becquer-y-una-ilustradora-que-saca-lo-mejor-del-escritor\/#primaryimage"},"thumbnailUrl":"https:\/\/www.cope.es\/blogs\/cine-y-libertad\/wp-content\/uploads\/sites\/7\/2021\/09\/anima.jpg","datePublished":"2021-09-28T19:01:56+00:00","author":{"@id":"https:\/\/www.cope.es\/blogs\/cine-y-libertad\/#\/schema\/person\/c95904a4fbf751a8d9124f8fa8bdaace"},"description":"El monte de las \u00c1nimas-Gustavo Adolfo B\u00e9cquer y una ilustradora que saca lo mejor del escritor. \u00bfPor qu\u00e9 hay que leer a B\u00e9cquer, Poe y Lovecraft?","breadcrumb":{"@id":"https:\/\/www.cope.es\/blogs\/cine-y-libertad\/2021\/09\/28\/el-monte-de-las-animas-gustavo-adolfo-becquer-y-una-ilustradora-que-saca-lo-mejor-del-escritor\/#breadcrumb"},"inLanguage":"es","potentialAction":[{"@type":"ReadAction","target":["https:\/\/www.cope.es\/blogs\/cine-y-libertad\/2021\/09\/28\/el-monte-de-las-animas-gustavo-adolfo-becquer-y-una-ilustradora-que-saca-lo-mejor-del-escritor\/"]}]},{"@type":"ImageObject","inLanguage":"es","@id":"https:\/\/www.cope.es\/blogs\/cine-y-libertad\/2021\/09\/28\/el-monte-de-las-animas-gustavo-adolfo-becquer-y-una-ilustradora-que-saca-lo-mejor-del-escritor\/#primaryimage","url":"https:\/\/www.cope.es\/blogs\/cine-y-libertad\/wp-content\/uploads\/sites\/7\/2021\/09\/anima.jpg","contentUrl":"https:\/\/www.cope.es\/blogs\/cine-y-libertad\/wp-content\/uploads\/sites\/7\/2021\/09\/anima.jpg","width":300,"height":168},{"@type":"BreadcrumbList","@id":"https:\/\/www.cope.es\/blogs\/cine-y-libertad\/2021\/09\/28\/el-monte-de-las-animas-gustavo-adolfo-becquer-y-una-ilustradora-que-saca-lo-mejor-del-escritor\/#breadcrumb","itemListElement":[{"@type":"ListItem","position":1,"name":"Portada","item":"https:\/\/www.cope.es\/blogs\/cine-y-libertad\/"},{"@type":"ListItem","position":2,"name":"El monte de las \u00c1nimas-Gustavo Adolfo B\u00e9cquer y una ilustradora que saca lo mejor del escritor"}]},{"@type":"WebSite","@id":"https:\/\/www.cope.es\/blogs\/cine-y-libertad\/#website","url":"https:\/\/www.cope.es\/blogs\/cine-y-libertad\/","name":"Cine y Libertad","description":"Cine y Libertad un blog de COPE","potentialAction":[{"@type":"SearchAction","target":{"@type":"EntryPoint","urlTemplate":"https:\/\/www.cope.es\/blogs\/cine-y-libertad\/?s={search_term_string}"},"query-input":{"@type":"PropertyValueSpecification","valueRequired":true,"valueName":"search_term_string"}}],"inLanguage":"es"},{"@type":"Person","@id":"https:\/\/www.cope.es\/blogs\/cine-y-libertad\/#\/schema\/person\/c95904a4fbf751a8d9124f8fa8bdaace","name":"V\u00edctor Alvarado","image":{"@type":"ImageObject","inLanguage":"es","@id":"https:\/\/secure.gravatar.com\/avatar\/db4634ae2001f7f920b8294d926f3e737ada04196e014ebacae29a4848f905f4?s=96&d=mm&r=g","url":"https:\/\/secure.gravatar.com\/avatar\/db4634ae2001f7f920b8294d926f3e737ada04196e014ebacae29a4848f905f4?s=96&d=mm&r=g","contentUrl":"https:\/\/secure.gravatar.com\/avatar\/db4634ae2001f7f920b8294d926f3e737ada04196e014ebacae29a4848f905f4?s=96&d=mm&r=g","caption":"V\u00edctor Alvarado"},"description":"V\u00edctor Alvarado tiene una larga experiencia tanto en medios de comunicaci\u00f3n como en educaci\u00f3n. Dirige el programa de radio, Directo a las Estrellas, en Intereconom\u00eda (Castilla y Le\u00f3n) y Informa Radio en toda Espa\u00f1a. Ha colaborado en Radio Inter y Esradio. Cr\u00edtico de cine en Pantalla 90, Diario Ya y P\u00e1ginas Digital. Es miembro del CEC. Es el autor de libro: La fe, la \u00e9tica y los valores de los superh\u00e9roes (PPC). Esta es su web: www.cineylibertad.com y, por supuesto, lleva m\u00e1s de 5 a\u00f1os como bloguero de Cope, donde analiza el cine, los c\u00f3mics y los libros desde una \u00f3ptica antropol\u00f3gica y axiol\u00f3gica, atendiendo a todas las dimensiones del ser humano.","sameAs":["http:\/\/www.cineylibertad.com","https:\/\/www.facebook.com\/victor.alvarado.56829446","https:\/\/www.instagram.com\/cineylibertad\/","https:\/\/x.com\/cineylibertad"],"url":"https:\/\/www.cope.es\/blogs\/cine-y-libertad\/author\/valvarado\/"}]}},"amp_enabled":true,"_links":{"self":[{"href":"https:\/\/www.cope.es\/blogs\/cine-y-libertad\/wp-json\/wp\/v2\/posts\/3223","targetHints":{"allow":["GET"]}}],"collection":[{"href":"https:\/\/www.cope.es\/blogs\/cine-y-libertad\/wp-json\/wp\/v2\/posts"}],"about":[{"href":"https:\/\/www.cope.es\/blogs\/cine-y-libertad\/wp-json\/wp\/v2\/types\/post"}],"author":[{"embeddable":true,"href":"https:\/\/www.cope.es\/blogs\/cine-y-libertad\/wp-json\/wp\/v2\/users\/7"}],"replies":[{"embeddable":true,"href":"https:\/\/www.cope.es\/blogs\/cine-y-libertad\/wp-json\/wp\/v2\/comments?post=3223"}],"version-history":[{"count":2,"href":"https:\/\/www.cope.es\/blogs\/cine-y-libertad\/wp-json\/wp\/v2\/posts\/3223\/revisions"}],"predecessor-version":[{"id":3235,"href":"https:\/\/www.cope.es\/blogs\/cine-y-libertad\/wp-json\/wp\/v2\/posts\/3223\/revisions\/3235"}],"wp:featuredmedia":[{"embeddable":true,"href":"https:\/\/www.cope.es\/blogs\/cine-y-libertad\/wp-json\/wp\/v2\/media\/3224"}],"wp:attachment":[{"href":"https:\/\/www.cope.es\/blogs\/cine-y-libertad\/wp-json\/wp\/v2\/media?parent=3223"}],"wp:term":[{"taxonomy":"category","embeddable":true,"href":"https:\/\/www.cope.es\/blogs\/cine-y-libertad\/wp-json\/wp\/v2\/categories?post=3223"},{"taxonomy":"post_tag","embeddable":true,"href":"https:\/\/www.cope.es\/blogs\/cine-y-libertad\/wp-json\/wp\/v2\/tags?post=3223"}],"curies":[{"name":"wp","href":"https:\/\/api.w.org\/{rel}","templated":true}]}}