{"id":3178,"date":"2021-09-12T13:54:48","date_gmt":"2021-09-12T11:54:48","guid":{"rendered":"http:\/\/www.cope.es\/blogs\/cine-y-libertad\/?p=3178"},"modified":"2021-09-12T15:01:06","modified_gmt":"2021-09-12T13:01:06","slug":"green-lantern-green-arrow-unidos-por-el-verde-y-los-temas-sociales","status":"publish","type":"post","link":"https:\/\/www.cope.es\/blogs\/cine-y-libertad\/2021\/09\/12\/green-lantern-green-arrow-unidos-por-el-verde-y-los-temas-sociales\/","title":{"rendered":"Green Lantern\/Green Arrow-Unidos por el verde y los temas sociales"},"content":{"rendered":"<p class=\"title truncate-tc font-16 txt-white title-bg fl-left\"><a class=\"txt-white decorationOnHover\" href=\"https:\/\/www.ivoox.com\/green-lantern-green-arrow-unidos-verde-los-audios-mp3_rf_75322261_1.html\" target=\"_blank\"> Green Lantern\/Green Arrow-Unidos por el verde y los temas sociales <\/a>. \u00bfQu\u00e9 pinta un tipo con pinta de Robin Hood acompa\u00f1ando a un se\u00f1or con una linterna como anillo que es al\u00e9rgico al amarillo?<\/p>\n<p><img loading=\"lazy\" decoding=\"async\" width=\"156\" height=\"240\" class=\"alignnone size-full wp-image-3179\" src=\"http:\/\/www.cope.es\/blogs\/cine-y-libertad\/wp-content\/uploads\/sites\/7\/2021\/09\/green_lantern_green_Arrow_WEB_156.jpg\" alt=\"\" \/><\/p>\n<audio class=\"wp-audio-shortcode\" id=\"audio-3178-1\" preload=\"none\" style=\"width: 100%;\" controls=\"controls\"><source type=\"audio\/mpeg\" src=\"https:\/\/www.ivoox.com\/green-lantern-green-arrow-unidos-verde-los_md_75322261_wp_1.mp3?_=1\" \/><a href=\"https:\/\/www.ivoox.com\/green-lantern-green-arrow-unidos-verde-los_md_75322261_wp_1.mp3\">https:\/\/www.ivoox.com\/green-lantern-green-arrow-unidos-verde-los_md_75322261_wp_1.mp3<\/a><\/audio>\n<p><a title=\"Green Lantern\/Green Arrow-Unidos por el verde y los temas sociales\" href=\"https:\/\/go.ivoox.com\/rf\/75322261\">Ir a descargar<\/a><br \/>\n\u00a1Lectores y amigos de Cine y Libertad!<\/p>\n<p>ECC nos habla de su comic:<\/p>\n<p>\u00a1La batalla de valores que sacudi\u00f3 a toda una naci\u00f3n!<\/p>\n<p>La serie <em><strong>Green Lantern\/Green Arrow<\/strong><\/em> de<strong> Denny O\u2019Neil <\/strong>y <strong>Neal Adams<\/strong> marc\u00f3 un hito para los guionistas, dibujantes y lectores de c\u00f3mics de los a\u00f1os 1970 y 1971, colm\u00f3 las expectativas con gran maestr\u00eda y entretenimiento, y abri\u00f3 nuevos horizontes al potencial de los c\u00f3mics comerciales y convencionales.<\/p>\n<p>Con la ayuda del veterano editor <strong>Julius Schwartz<\/strong> y la participaci\u00f3n de algunos de los mejores talentos de la tinta, O\u2019Neil y Adams se apropiaron de los estereotipos de los c\u00f3mics y los dotaron de un grado de humanidad nunca visto en el mercado. La mayor\u00eda de las cosas que nos resultan interesantes y atractivas de los c\u00f3mics de hoy en d\u00eda surgieron de estas p\u00e1ginas, adem\u00e1s de asentar los cimientos de muchas de las t\u00e9cnicas de intriga y emoci\u00f3n de los c\u00f3mics. Sin duda nos encontramos ante una obra de gran valor hist\u00f3rico y coleccionista, pero seamos sinceros: tambi\u00e9n de una lectura endiabladamente adictiva.<\/p>\n<p>Facebook: https:\/\/www.facebook.com\/victor.alvarado.56829446<\/p>\n<p>Twitter: twitter.com\/cineylibertad<\/p>\n","protected":false},"excerpt":{"rendered":"<p>Green Lantern\/Green Arrow-Unidos por el verde y los temas sociales . \u00bfQu\u00e9 pinta un tipo con pinta de Robin Hood acompa\u00f1ando a un se\u00f1or con una linterna como anillo que es al\u00e9rgico al amarillo? Ir a descargar \u00a1Lectores y amigos de Cine y Libertad! ECC nos habla de su comic: \u00a1La batalla de valores que [&hellip;]<\/p>\n","protected":false},"author":7,"featured_media":3179,"comment_status":"open","ping_status":"open","sticky":false,"template":"","format":"standard","meta":{"footnotes":""},"categories":[4,209,25,8],"tags":[],"class_list":["post-3178","post","type-post","status-publish","format-standard","has-post-thumbnail","hentry","category-comics","category-dc","category-dignidad","category-superheroes"],"yoast_head":"<!-- This site is optimized with the Yoast SEO plugin v27.4 - https:\/\/yoast.com\/product\/yoast-seo-wordpress\/ -->\n<title>Green Lantern\/Green Arrow-Unidos por el verde y los temas sociales<\/title>\n<meta name=\"description\" content=\"Green Lantern\/Green Arrow-Unidos por el verde y los temas sociales. \u00bfQu\u00e9 pinta un tipo con pinta de Robin Hood acompa\u00f1ando a un se\u00f1or con una linterna?\" \/>\n<meta name=\"robots\" content=\"index, follow, max-snippet:-1, max-image-preview:large, max-video-preview:-1\" \/>\n<link rel=\"canonical\" href=\"https:\/\/www.cope.es\/blogs\/cine-y-libertad\/2021\/09\/12\/green-lantern-green-arrow-unidos-por-el-verde-y-los-temas-sociales\/\" \/>\n<meta property=\"og:locale\" content=\"es_ES\" \/>\n<meta property=\"og:type\" content=\"article\" \/>\n<meta property=\"og:title\" content=\"Green Lantern\/Green Arrow-Unidos por el verde y los temas sociales\" \/>\n<meta property=\"og:description\" content=\"Green Lantern\/Green Arrow-Unidos por el verde y los temas sociales. \u00bfQu\u00e9 pinta un tipo con pinta de Robin Hood acompa\u00f1ando a un se\u00f1or con una linterna?\" \/>\n<meta property=\"og:url\" content=\"https:\/\/www.cope.es\/blogs\/cine-y-libertad\/2021\/09\/12\/green-lantern-green-arrow-unidos-por-el-verde-y-los-temas-sociales\/\" \/>\n<meta property=\"og:site_name\" content=\"Cine y Libertad\" \/>\n<meta property=\"article:publisher\" content=\"https:\/\/www.facebook.com\/cope\/\" \/>\n<meta property=\"article:author\" content=\"https:\/\/www.facebook.com\/victor.alvarado.56829446\" \/>\n<meta property=\"article:published_time\" content=\"2021-09-12T11:54:48+00:00\" \/>\n<meta property=\"article:modified_time\" content=\"2021-09-12T13:01:06+00:00\" \/>\n<meta property=\"og:image\" content=\"https:\/\/www.cope.es\/blogs\/cine-y-libertad\/wp-content\/uploads\/sites\/7\/2021\/09\/green_lantern_green_Arrow_WEB_156.jpg\" \/>\n\t<meta property=\"og:image:width\" content=\"156\" \/>\n\t<meta property=\"og:image:height\" content=\"240\" \/>\n\t<meta property=\"og:image:type\" content=\"image\/jpeg\" \/>\n<meta name=\"author\" content=\"V\u00edctor Alvarado\" \/>\n<meta name=\"twitter:card\" content=\"summary_large_image\" \/>\n<meta name=\"twitter:creator\" content=\"@cineylibertad\" \/>\n<meta name=\"twitter:site\" content=\"@cope_es\" \/>\n<meta name=\"twitter:label1\" content=\"Escrito por\" \/>\n\t<meta name=\"twitter:data1\" content=\"V\u00edctor Alvarado\" \/>\n\t<meta name=\"twitter:label2\" content=\"Tiempo de lectura\" \/>\n\t<meta name=\"twitter:data2\" content=\"1 minuto\" \/>\n<script type=\"application\/ld+json\" class=\"yoast-schema-graph\">{\"@context\":\"https:\\\/\\\/schema.org\",\"@graph\":[{\"@type\":\"Article\",\"@id\":\"https:\\\/\\\/www.cope.es\\\/blogs\\\/cine-y-libertad\\\/2021\\\/09\\\/12\\\/green-lantern-green-arrow-unidos-por-el-verde-y-los-temas-sociales\\\/#article\",\"isPartOf\":{\"@id\":\"https:\\\/\\\/www.cope.es\\\/blogs\\\/cine-y-libertad\\\/2021\\\/09\\\/12\\\/green-lantern-green-arrow-unidos-por-el-verde-y-los-temas-sociales\\\/\"},\"author\":{\"name\":\"V\u00edctor Alvarado\",\"@id\":\"https:\\\/\\\/www.cope.es\\\/blogs\\\/cine-y-libertad\\\/#\\\/schema\\\/person\\\/c95904a4fbf751a8d9124f8fa8bdaace\"},\"headline\":\"Green Lantern\\\/Green Arrow-Unidos por el verde y los temas sociales\",\"datePublished\":\"2021-09-12T11:54:48+00:00\",\"dateModified\":\"2021-09-12T13:01:06+00:00\",\"mainEntityOfPage\":{\"@id\":\"https:\\\/\\\/www.cope.es\\\/blogs\\\/cine-y-libertad\\\/2021\\\/09\\\/12\\\/green-lantern-green-arrow-unidos-por-el-verde-y-los-temas-sociales\\\/\"},\"wordCount\":266,\"commentCount\":0,\"image\":{\"@id\":\"https:\\\/\\\/www.cope.es\\\/blogs\\\/cine-y-libertad\\\/2021\\\/09\\\/12\\\/green-lantern-green-arrow-unidos-por-el-verde-y-los-temas-sociales\\\/#primaryimage\"},\"thumbnailUrl\":\"https:\\\/\\\/www.cope.es\\\/blogs\\\/cine-y-libertad\\\/wp-content\\\/uploads\\\/sites\\\/7\\\/2021\\\/09\\\/green_lantern_green_Arrow_WEB_156.jpg\",\"articleSection\":[\"c\u00f3mics\",\"DC\",\"dignidad\",\"Superh\u00e9roes\"],\"inLanguage\":\"es\",\"potentialAction\":[{\"@type\":\"CommentAction\",\"name\":\"Comment\",\"target\":[\"https:\\\/\\\/www.cope.es\\\/blogs\\\/cine-y-libertad\\\/2021\\\/09\\\/12\\\/green-lantern-green-arrow-unidos-por-el-verde-y-los-temas-sociales\\\/#respond\"]}]},{\"@type\":\"WebPage\",\"@id\":\"https:\\\/\\\/www.cope.es\\\/blogs\\\/cine-y-libertad\\\/2021\\\/09\\\/12\\\/green-lantern-green-arrow-unidos-por-el-verde-y-los-temas-sociales\\\/\",\"url\":\"https:\\\/\\\/www.cope.es\\\/blogs\\\/cine-y-libertad\\\/2021\\\/09\\\/12\\\/green-lantern-green-arrow-unidos-por-el-verde-y-los-temas-sociales\\\/\",\"name\":\"Green Lantern\\\/Green Arrow-Unidos por el verde y los temas sociales\",\"isPartOf\":{\"@id\":\"https:\\\/\\\/www.cope.es\\\/blogs\\\/cine-y-libertad\\\/#website\"},\"primaryImageOfPage\":{\"@id\":\"https:\\\/\\\/www.cope.es\\\/blogs\\\/cine-y-libertad\\\/2021\\\/09\\\/12\\\/green-lantern-green-arrow-unidos-por-el-verde-y-los-temas-sociales\\\/#primaryimage\"},\"image\":{\"@id\":\"https:\\\/\\\/www.cope.es\\\/blogs\\\/cine-y-libertad\\\/2021\\\/09\\\/12\\\/green-lantern-green-arrow-unidos-por-el-verde-y-los-temas-sociales\\\/#primaryimage\"},\"thumbnailUrl\":\"https:\\\/\\\/www.cope.es\\\/blogs\\\/cine-y-libertad\\\/wp-content\\\/uploads\\\/sites\\\/7\\\/2021\\\/09\\\/green_lantern_green_Arrow_WEB_156.jpg\",\"datePublished\":\"2021-09-12T11:54:48+00:00\",\"dateModified\":\"2021-09-12T13:01:06+00:00\",\"author\":{\"@id\":\"https:\\\/\\\/www.cope.es\\\/blogs\\\/cine-y-libertad\\\/#\\\/schema\\\/person\\\/c95904a4fbf751a8d9124f8fa8bdaace\"},\"description\":\"Green Lantern\\\/Green Arrow-Unidos por el verde y los temas sociales. \u00bfQu\u00e9 pinta un tipo con pinta de Robin Hood acompa\u00f1ando a un se\u00f1or con una linterna?\",\"breadcrumb\":{\"@id\":\"https:\\\/\\\/www.cope.es\\\/blogs\\\/cine-y-libertad\\\/2021\\\/09\\\/12\\\/green-lantern-green-arrow-unidos-por-el-verde-y-los-temas-sociales\\\/#breadcrumb\"},\"inLanguage\":\"es\",\"potentialAction\":[{\"@type\":\"ReadAction\",\"target\":[\"https:\\\/\\\/www.cope.es\\\/blogs\\\/cine-y-libertad\\\/2021\\\/09\\\/12\\\/green-lantern-green-arrow-unidos-por-el-verde-y-los-temas-sociales\\\/\"]}]},{\"@type\":\"ImageObject\",\"inLanguage\":\"es\",\"@id\":\"https:\\\/\\\/www.cope.es\\\/blogs\\\/cine-y-libertad\\\/2021\\\/09\\\/12\\\/green-lantern-green-arrow-unidos-por-el-verde-y-los-temas-sociales\\\/#primaryimage\",\"url\":\"https:\\\/\\\/www.cope.es\\\/blogs\\\/cine-y-libertad\\\/wp-content\\\/uploads\\\/sites\\\/7\\\/2021\\\/09\\\/green_lantern_green_Arrow_WEB_156.jpg\",\"contentUrl\":\"https:\\\/\\\/www.cope.es\\\/blogs\\\/cine-y-libertad\\\/wp-content\\\/uploads\\\/sites\\\/7\\\/2021\\\/09\\\/green_lantern_green_Arrow_WEB_156.jpg\",\"width\":156,\"height\":240},{\"@type\":\"BreadcrumbList\",\"@id\":\"https:\\\/\\\/www.cope.es\\\/blogs\\\/cine-y-libertad\\\/2021\\\/09\\\/12\\\/green-lantern-green-arrow-unidos-por-el-verde-y-los-temas-sociales\\\/#breadcrumb\",\"itemListElement\":[{\"@type\":\"ListItem\",\"position\":1,\"name\":\"Portada\",\"item\":\"https:\\\/\\\/www.cope.es\\\/blogs\\\/cine-y-libertad\\\/\"},{\"@type\":\"ListItem\",\"position\":2,\"name\":\"Green Lantern\\\/Green Arrow-Unidos por el verde y los temas sociales\"}]},{\"@type\":\"WebSite\",\"@id\":\"https:\\\/\\\/www.cope.es\\\/blogs\\\/cine-y-libertad\\\/#website\",\"url\":\"https:\\\/\\\/www.cope.es\\\/blogs\\\/cine-y-libertad\\\/\",\"name\":\"Cine y Libertad\",\"description\":\"Cine y Libertad un blog de COPE\",\"potentialAction\":[{\"@type\":\"SearchAction\",\"target\":{\"@type\":\"EntryPoint\",\"urlTemplate\":\"https:\\\/\\\/www.cope.es\\\/blogs\\\/cine-y-libertad\\\/?s={search_term_string}\"},\"query-input\":{\"@type\":\"PropertyValueSpecification\",\"valueRequired\":true,\"valueName\":\"search_term_string\"}}],\"inLanguage\":\"es\"},{\"@type\":\"Person\",\"@id\":\"https:\\\/\\\/www.cope.es\\\/blogs\\\/cine-y-libertad\\\/#\\\/schema\\\/person\\\/c95904a4fbf751a8d9124f8fa8bdaace\",\"name\":\"V\u00edctor Alvarado\",\"image\":{\"@type\":\"ImageObject\",\"inLanguage\":\"es\",\"@id\":\"https:\\\/\\\/secure.gravatar.com\\\/avatar\\\/db4634ae2001f7f920b8294d926f3e737ada04196e014ebacae29a4848f905f4?s=96&d=mm&r=g\",\"url\":\"https:\\\/\\\/secure.gravatar.com\\\/avatar\\\/db4634ae2001f7f920b8294d926f3e737ada04196e014ebacae29a4848f905f4?s=96&d=mm&r=g\",\"contentUrl\":\"https:\\\/\\\/secure.gravatar.com\\\/avatar\\\/db4634ae2001f7f920b8294d926f3e737ada04196e014ebacae29a4848f905f4?s=96&d=mm&r=g\",\"caption\":\"V\u00edctor Alvarado\"},\"description\":\"V\u00edctor Alvarado tiene una larga experiencia tanto en medios de comunicaci\u00f3n como en educaci\u00f3n. Dirige el programa de radio, Directo a las Estrellas, en Intereconom\u00eda (Castilla y Le\u00f3n) y Informa Radio en toda Espa\u00f1a. Ha colaborado en Radio Inter y Esradio. Cr\u00edtico de cine en Pantalla 90, Diario Ya y P\u00e1ginas Digital. Es miembro del CEC. Es el autor de libro: La fe, la \u00e9tica y los valores de los superh\u00e9roes (PPC). Esta es su web: www.cineylibertad.com y, por supuesto, lleva m\u00e1s de 5 a\u00f1os como bloguero de Cope, donde analiza el cine, los c\u00f3mics y los libros desde una \u00f3ptica antropol\u00f3gica y axiol\u00f3gica, atendiendo a todas las dimensiones del ser humano.\",\"sameAs\":[\"http:\\\/\\\/www.cineylibertad.com\",\"https:\\\/\\\/www.facebook.com\\\/victor.alvarado.56829446\",\"https:\\\/\\\/www.instagram.com\\\/cineylibertad\\\/\",\"https:\\\/\\\/x.com\\\/cineylibertad\"],\"url\":\"https:\\\/\\\/www.cope.es\\\/blogs\\\/cine-y-libertad\\\/author\\\/valvarado\\\/\"}]}<\/script>\n<!-- \/ Yoast SEO plugin. -->","yoast_head_json":{"title":"Green Lantern\/Green Arrow-Unidos por el verde y los temas sociales","description":"Green Lantern\/Green Arrow-Unidos por el verde y los temas sociales. \u00bfQu\u00e9 pinta un tipo con pinta de Robin Hood acompa\u00f1ando a un se\u00f1or con una linterna?","robots":{"index":"index","follow":"follow","max-snippet":"max-snippet:-1","max-image-preview":"max-image-preview:large","max-video-preview":"max-video-preview:-1"},"canonical":"https:\/\/www.cope.es\/blogs\/cine-y-libertad\/2021\/09\/12\/green-lantern-green-arrow-unidos-por-el-verde-y-los-temas-sociales\/","og_locale":"es_ES","og_type":"article","og_title":"Green Lantern\/Green Arrow-Unidos por el verde y los temas sociales","og_description":"Green Lantern\/Green Arrow-Unidos por el verde y los temas sociales. \u00bfQu\u00e9 pinta un tipo con pinta de Robin Hood acompa\u00f1ando a un se\u00f1or con una linterna?","og_url":"https:\/\/www.cope.es\/blogs\/cine-y-libertad\/2021\/09\/12\/green-lantern-green-arrow-unidos-por-el-verde-y-los-temas-sociales\/","og_site_name":"Cine y Libertad","article_publisher":"https:\/\/www.facebook.com\/cope\/","article_author":"https:\/\/www.facebook.com\/victor.alvarado.56829446","article_published_time":"2021-09-12T11:54:48+00:00","article_modified_time":"2021-09-12T13:01:06+00:00","og_image":[{"width":156,"height":240,"url":"https:\/\/www.cope.es\/blogs\/cine-y-libertad\/wp-content\/uploads\/sites\/7\/2021\/09\/green_lantern_green_Arrow_WEB_156.jpg","type":"image\/jpeg"}],"author":"V\u00edctor Alvarado","twitter_card":"summary_large_image","twitter_creator":"@cineylibertad","twitter_site":"@cope_es","twitter_misc":{"Escrito por":"V\u00edctor Alvarado","Tiempo de lectura":"1 minuto"},"schema":{"@context":"https:\/\/schema.org","@graph":[{"@type":"Article","@id":"https:\/\/www.cope.es\/blogs\/cine-y-libertad\/2021\/09\/12\/green-lantern-green-arrow-unidos-por-el-verde-y-los-temas-sociales\/#article","isPartOf":{"@id":"https:\/\/www.cope.es\/blogs\/cine-y-libertad\/2021\/09\/12\/green-lantern-green-arrow-unidos-por-el-verde-y-los-temas-sociales\/"},"author":{"name":"V\u00edctor Alvarado","@id":"https:\/\/www.cope.es\/blogs\/cine-y-libertad\/#\/schema\/person\/c95904a4fbf751a8d9124f8fa8bdaace"},"headline":"Green Lantern\/Green Arrow-Unidos por el verde y los temas sociales","datePublished":"2021-09-12T11:54:48+00:00","dateModified":"2021-09-12T13:01:06+00:00","mainEntityOfPage":{"@id":"https:\/\/www.cope.es\/blogs\/cine-y-libertad\/2021\/09\/12\/green-lantern-green-arrow-unidos-por-el-verde-y-los-temas-sociales\/"},"wordCount":266,"commentCount":0,"image":{"@id":"https:\/\/www.cope.es\/blogs\/cine-y-libertad\/2021\/09\/12\/green-lantern-green-arrow-unidos-por-el-verde-y-los-temas-sociales\/#primaryimage"},"thumbnailUrl":"https:\/\/www.cope.es\/blogs\/cine-y-libertad\/wp-content\/uploads\/sites\/7\/2021\/09\/green_lantern_green_Arrow_WEB_156.jpg","articleSection":["c\u00f3mics","DC","dignidad","Superh\u00e9roes"],"inLanguage":"es","potentialAction":[{"@type":"CommentAction","name":"Comment","target":["https:\/\/www.cope.es\/blogs\/cine-y-libertad\/2021\/09\/12\/green-lantern-green-arrow-unidos-por-el-verde-y-los-temas-sociales\/#respond"]}]},{"@type":"WebPage","@id":"https:\/\/www.cope.es\/blogs\/cine-y-libertad\/2021\/09\/12\/green-lantern-green-arrow-unidos-por-el-verde-y-los-temas-sociales\/","url":"https:\/\/www.cope.es\/blogs\/cine-y-libertad\/2021\/09\/12\/green-lantern-green-arrow-unidos-por-el-verde-y-los-temas-sociales\/","name":"Green Lantern\/Green Arrow-Unidos por el verde y los temas sociales","isPartOf":{"@id":"https:\/\/www.cope.es\/blogs\/cine-y-libertad\/#website"},"primaryImageOfPage":{"@id":"https:\/\/www.cope.es\/blogs\/cine-y-libertad\/2021\/09\/12\/green-lantern-green-arrow-unidos-por-el-verde-y-los-temas-sociales\/#primaryimage"},"image":{"@id":"https:\/\/www.cope.es\/blogs\/cine-y-libertad\/2021\/09\/12\/green-lantern-green-arrow-unidos-por-el-verde-y-los-temas-sociales\/#primaryimage"},"thumbnailUrl":"https:\/\/www.cope.es\/blogs\/cine-y-libertad\/wp-content\/uploads\/sites\/7\/2021\/09\/green_lantern_green_Arrow_WEB_156.jpg","datePublished":"2021-09-12T11:54:48+00:00","dateModified":"2021-09-12T13:01:06+00:00","author":{"@id":"https:\/\/www.cope.es\/blogs\/cine-y-libertad\/#\/schema\/person\/c95904a4fbf751a8d9124f8fa8bdaace"},"description":"Green Lantern\/Green Arrow-Unidos por el verde y los temas sociales. \u00bfQu\u00e9 pinta un tipo con pinta de Robin Hood acompa\u00f1ando a un se\u00f1or con una linterna?","breadcrumb":{"@id":"https:\/\/www.cope.es\/blogs\/cine-y-libertad\/2021\/09\/12\/green-lantern-green-arrow-unidos-por-el-verde-y-los-temas-sociales\/#breadcrumb"},"inLanguage":"es","potentialAction":[{"@type":"ReadAction","target":["https:\/\/www.cope.es\/blogs\/cine-y-libertad\/2021\/09\/12\/green-lantern-green-arrow-unidos-por-el-verde-y-los-temas-sociales\/"]}]},{"@type":"ImageObject","inLanguage":"es","@id":"https:\/\/www.cope.es\/blogs\/cine-y-libertad\/2021\/09\/12\/green-lantern-green-arrow-unidos-por-el-verde-y-los-temas-sociales\/#primaryimage","url":"https:\/\/www.cope.es\/blogs\/cine-y-libertad\/wp-content\/uploads\/sites\/7\/2021\/09\/green_lantern_green_Arrow_WEB_156.jpg","contentUrl":"https:\/\/www.cope.es\/blogs\/cine-y-libertad\/wp-content\/uploads\/sites\/7\/2021\/09\/green_lantern_green_Arrow_WEB_156.jpg","width":156,"height":240},{"@type":"BreadcrumbList","@id":"https:\/\/www.cope.es\/blogs\/cine-y-libertad\/2021\/09\/12\/green-lantern-green-arrow-unidos-por-el-verde-y-los-temas-sociales\/#breadcrumb","itemListElement":[{"@type":"ListItem","position":1,"name":"Portada","item":"https:\/\/www.cope.es\/blogs\/cine-y-libertad\/"},{"@type":"ListItem","position":2,"name":"Green Lantern\/Green Arrow-Unidos por el verde y los temas sociales"}]},{"@type":"WebSite","@id":"https:\/\/www.cope.es\/blogs\/cine-y-libertad\/#website","url":"https:\/\/www.cope.es\/blogs\/cine-y-libertad\/","name":"Cine y Libertad","description":"Cine y Libertad un blog de COPE","potentialAction":[{"@type":"SearchAction","target":{"@type":"EntryPoint","urlTemplate":"https:\/\/www.cope.es\/blogs\/cine-y-libertad\/?s={search_term_string}"},"query-input":{"@type":"PropertyValueSpecification","valueRequired":true,"valueName":"search_term_string"}}],"inLanguage":"es"},{"@type":"Person","@id":"https:\/\/www.cope.es\/blogs\/cine-y-libertad\/#\/schema\/person\/c95904a4fbf751a8d9124f8fa8bdaace","name":"V\u00edctor Alvarado","image":{"@type":"ImageObject","inLanguage":"es","@id":"https:\/\/secure.gravatar.com\/avatar\/db4634ae2001f7f920b8294d926f3e737ada04196e014ebacae29a4848f905f4?s=96&d=mm&r=g","url":"https:\/\/secure.gravatar.com\/avatar\/db4634ae2001f7f920b8294d926f3e737ada04196e014ebacae29a4848f905f4?s=96&d=mm&r=g","contentUrl":"https:\/\/secure.gravatar.com\/avatar\/db4634ae2001f7f920b8294d926f3e737ada04196e014ebacae29a4848f905f4?s=96&d=mm&r=g","caption":"V\u00edctor Alvarado"},"description":"V\u00edctor Alvarado tiene una larga experiencia tanto en medios de comunicaci\u00f3n como en educaci\u00f3n. Dirige el programa de radio, Directo a las Estrellas, en Intereconom\u00eda (Castilla y Le\u00f3n) y Informa Radio en toda Espa\u00f1a. Ha colaborado en Radio Inter y Esradio. Cr\u00edtico de cine en Pantalla 90, Diario Ya y P\u00e1ginas Digital. Es miembro del CEC. Es el autor de libro: La fe, la \u00e9tica y los valores de los superh\u00e9roes (PPC). Esta es su web: www.cineylibertad.com y, por supuesto, lleva m\u00e1s de 5 a\u00f1os como bloguero de Cope, donde analiza el cine, los c\u00f3mics y los libros desde una \u00f3ptica antropol\u00f3gica y axiol\u00f3gica, atendiendo a todas las dimensiones del ser humano.","sameAs":["http:\/\/www.cineylibertad.com","https:\/\/www.facebook.com\/victor.alvarado.56829446","https:\/\/www.instagram.com\/cineylibertad\/","https:\/\/x.com\/cineylibertad"],"url":"https:\/\/www.cope.es\/blogs\/cine-y-libertad\/author\/valvarado\/"}]}},"amp_enabled":true,"_links":{"self":[{"href":"https:\/\/www.cope.es\/blogs\/cine-y-libertad\/wp-json\/wp\/v2\/posts\/3178","targetHints":{"allow":["GET"]}}],"collection":[{"href":"https:\/\/www.cope.es\/blogs\/cine-y-libertad\/wp-json\/wp\/v2\/posts"}],"about":[{"href":"https:\/\/www.cope.es\/blogs\/cine-y-libertad\/wp-json\/wp\/v2\/types\/post"}],"author":[{"embeddable":true,"href":"https:\/\/www.cope.es\/blogs\/cine-y-libertad\/wp-json\/wp\/v2\/users\/7"}],"replies":[{"embeddable":true,"href":"https:\/\/www.cope.es\/blogs\/cine-y-libertad\/wp-json\/wp\/v2\/comments?post=3178"}],"version-history":[{"count":3,"href":"https:\/\/www.cope.es\/blogs\/cine-y-libertad\/wp-json\/wp\/v2\/posts\/3178\/revisions"}],"predecessor-version":[{"id":3183,"href":"https:\/\/www.cope.es\/blogs\/cine-y-libertad\/wp-json\/wp\/v2\/posts\/3178\/revisions\/3183"}],"wp:featuredmedia":[{"embeddable":true,"href":"https:\/\/www.cope.es\/blogs\/cine-y-libertad\/wp-json\/wp\/v2\/media\/3179"}],"wp:attachment":[{"href":"https:\/\/www.cope.es\/blogs\/cine-y-libertad\/wp-json\/wp\/v2\/media?parent=3178"}],"wp:term":[{"taxonomy":"category","embeddable":true,"href":"https:\/\/www.cope.es\/blogs\/cine-y-libertad\/wp-json\/wp\/v2\/categories?post=3178"},{"taxonomy":"post_tag","embeddable":true,"href":"https:\/\/www.cope.es\/blogs\/cine-y-libertad\/wp-json\/wp\/v2\/tags?post=3178"}],"curies":[{"name":"wp","href":"https:\/\/api.w.org\/{rel}","templated":true}]}}