{"id":2845,"date":"2021-06-02T20:29:45","date_gmt":"2021-06-02T18:29:45","guid":{"rendered":"http:\/\/www.cope.es\/blogs\/cine-y-libertad\/?p=2845"},"modified":"2021-06-02T20:29:45","modified_gmt":"2021-06-02T18:29:45","slug":"quien-es-pantera-negra-el-paralelismo-de-marvel-con-la-denuncia-de-las-guerras-del-coltan","status":"publish","type":"post","link":"https:\/\/www.cope.es\/blogs\/cine-y-libertad\/2021\/06\/02\/quien-es-pantera-negra-el-paralelismo-de-marvel-con-la-denuncia-de-las-guerras-del-coltan\/","title":{"rendered":"\u00bfQui\u00e9n es Pantera Negra?-El paralelismo de Marvel con la denuncia de las Guerras del Colt\u00e1n"},"content":{"rendered":"<p>Pantera Negra:\u00bfQui\u00e9n es Pantera Negra?-El paralelismo de Marvel con la denuncia de las Guerras del Colt\u00e1n. \u00bfSe hace una cr\u00edtica acertada de la Iglesia Cat\u00f3lica?<\/p>\n<p>Aqu\u00ed puedes escuchar mi comentario:<a class=\"txt-white decorationOnHover\" href=\"https:\/\/www.ivoox.com\/quien-es-pantera-negra-el-paralelismo-marvel-con-audios-mp3_rf_70745694_1.html\" target=\"_blank\">\u00bfQui\u00e9n es Pantera Negra?-El paralelismo de Marvel con la denuncia de las Guerras del Colt\u00e1n<\/a><\/p>\n<p><img loading=\"lazy\" decoding=\"async\" width=\"232\" height=\"300\" class=\"alignnone size-medium wp-image-2855\" src=\"http:\/\/www.cope.es\/blogs\/cine-y-libertad\/wp-content\/uploads\/sites\/7\/2021\/05\/zs20marvel-must-have-quien-es-pantera-negra-232x300.jpg\" alt=\"\" srcset=\"https:\/\/www.cope.es\/blogs\/cine-y-libertad\/wp-content\/uploads\/sites\/7\/2021\/05\/zs20marvel-must-have-quien-es-pantera-negra-232x300.jpg 232w, https:\/\/www.cope.es\/blogs\/cine-y-libertad\/wp-content\/uploads\/sites\/7\/2021\/05\/zs20marvel-must-have-quien-es-pantera-negra.jpg 381w\" sizes=\"auto, (max-width: 232px) 100vw, 232px\" \/><\/p>\n<p>\u00a1Lectores y amigos de Cine y Libertad!<\/p>\n<p>La editorial Panini nos habla de su c\u00f3mic:<\/p>\n<p>En lo profundo del coraz\u00f3n de \u00c1frica se encuentra Wakanda, una civilizaci\u00f3n tecnol\u00f3gicamente avanzada de gran poder y misterio. Durante los \u00faltimos diez siglos, mientras las potencias coloniales europeas extend\u00edan sus armas, ej\u00e9rcitos y dominaci\u00f3n por todo el continente, Wakanda se ha mantenido como una tierra inconquistable habitada por guerreros invencibles. El gobierno de esta naci\u00f3n es un linaje de reyes guerreros que poseen mayor velocidad, fuerza y agilidad. Hoy, T&#8217;Challa es el \u00faltimo de este linaje, el gran h\u00e9roe conocido mundialmente como Pantera Negra. A pesar de las derrotas del pasado, los forasteros se est\u00e1n reuniendo una vez m\u00e1s para invadir Wakanda y saquear sus riquezas.<\/p>\n<p>Sus autores han sido Reginald Hudli y John Romita Jr.<\/p>\n<table id=\"product-attribute-specs-table\" class=\"data table additional-attributes\">\n<tbody>\n<tr>\n<th class=\"col label\" scope=\"row\"><\/th>\n<td class=\"col data\"><\/td>\n<\/tr>\n<\/tbody>\n<\/table>\n<p>Puedes escucharnos en: Podcast Cine y Libertad<\/p>\n<p>Facebook:Cine y Libertad<\/p>\n<p>Twitter: @cineylibertad<\/p>\n","protected":false},"excerpt":{"rendered":"<p>Pantera Negra:\u00bfQui\u00e9n es Pantera Negra?-El paralelismo de Marvel con la denuncia de las Guerras del Colt\u00e1n. \u00bfSe hace una cr\u00edtica acertada de la Iglesia Cat\u00f3lica? Aqu\u00ed puedes escuchar mi comentario:\u00bfQui\u00e9n es Pantera Negra?-El paralelismo de Marvel con la denuncia de las Guerras del Colt\u00e1n \u00a1Lectores y amigos de Cine y Libertad! La editorial Panini nos [&hellip;]<\/p>\n","protected":false},"author":7,"featured_media":2855,"comment_status":"open","ping_status":"open","sticky":false,"template":"","format":"standard","meta":{"footnotes":""},"categories":[4,120,8,149],"tags":[],"class_list":["post-2845","post","type-post","status-publish","format-standard","has-post-thumbnail","hentry","category-comics","category-corrupcion","category-superheroes","category-tecnologia"],"yoast_head":"<!-- This site is optimized with the Yoast SEO plugin v27.4 - https:\/\/yoast.com\/product\/yoast-seo-wordpress\/ -->\n<title>Pantera Negra:\u00bfQui\u00e9n es Pantera Negra?-El paralelismo de Marvel con la denuncia de las guerras del colt\u00e1n<\/title>\n<meta name=\"description\" content=\"Pantera Negra:\u00bfQui\u00e9n es Pantera Negra?-El paralelismo de Marvel con la denuncia de las Guerras del Colt\u00e1n. \u00bfSe hace una cr\u00edtica acertada de la Iglesia?\" \/>\n<meta name=\"robots\" content=\"index, follow, max-snippet:-1, max-image-preview:large, max-video-preview:-1\" \/>\n<link rel=\"canonical\" href=\"https:\/\/www.cope.es\/blogs\/cine-y-libertad\/2021\/06\/02\/quien-es-pantera-negra-el-paralelismo-de-marvel-con-la-denuncia-de-las-guerras-del-coltan\/\" \/>\n<meta property=\"og:locale\" content=\"es_ES\" \/>\n<meta property=\"og:type\" content=\"article\" \/>\n<meta property=\"og:title\" content=\"Pantera Negra:\u00bfQui\u00e9n es Pantera Negra?-El paralelismo de Marvel con la denuncia de las guerras del colt\u00e1n\" \/>\n<meta property=\"og:description\" content=\"Pantera Negra:\u00bfQui\u00e9n es Pantera Negra?-El paralelismo de Marvel con la denuncia de las Guerras del Colt\u00e1n. \u00bfSe hace una cr\u00edtica acertada de la Iglesia?\" \/>\n<meta property=\"og:url\" content=\"https:\/\/www.cope.es\/blogs\/cine-y-libertad\/2021\/06\/02\/quien-es-pantera-negra-el-paralelismo-de-marvel-con-la-denuncia-de-las-guerras-del-coltan\/\" \/>\n<meta property=\"og:site_name\" content=\"Cine y Libertad\" \/>\n<meta property=\"article:publisher\" content=\"https:\/\/www.facebook.com\/cope\/\" \/>\n<meta property=\"article:author\" content=\"https:\/\/www.facebook.com\/victor.alvarado.56829446\" \/>\n<meta property=\"article:published_time\" content=\"2021-06-02T18:29:45+00:00\" \/>\n<meta property=\"og:image\" content=\"https:\/\/www.cope.es\/blogs\/cine-y-libertad\/wp-content\/uploads\/sites\/7\/2021\/05\/zs20marvel-must-have-quien-es-pantera-negra.jpg\" \/>\n\t<meta property=\"og:image:width\" content=\"381\" \/>\n\t<meta property=\"og:image:height\" content=\"492\" \/>\n\t<meta property=\"og:image:type\" content=\"image\/jpeg\" \/>\n<meta name=\"author\" content=\"V\u00edctor Alvarado\" \/>\n<meta name=\"twitter:card\" content=\"summary_large_image\" \/>\n<meta name=\"twitter:creator\" content=\"@cineylibertad\" \/>\n<meta name=\"twitter:site\" content=\"@cope_es\" \/>\n<meta name=\"twitter:label1\" content=\"Escrito por\" \/>\n\t<meta name=\"twitter:data1\" content=\"V\u00edctor Alvarado\" \/>\n\t<meta name=\"twitter:label2\" content=\"Tiempo de lectura\" \/>\n\t<meta name=\"twitter:data2\" content=\"1 minuto\" \/>\n<script type=\"application\/ld+json\" class=\"yoast-schema-graph\">{\"@context\":\"https:\\\/\\\/schema.org\",\"@graph\":[{\"@type\":\"Article\",\"@id\":\"https:\\\/\\\/www.cope.es\\\/blogs\\\/cine-y-libertad\\\/2021\\\/06\\\/02\\\/quien-es-pantera-negra-el-paralelismo-de-marvel-con-la-denuncia-de-las-guerras-del-coltan\\\/#article\",\"isPartOf\":{\"@id\":\"https:\\\/\\\/www.cope.es\\\/blogs\\\/cine-y-libertad\\\/2021\\\/06\\\/02\\\/quien-es-pantera-negra-el-paralelismo-de-marvel-con-la-denuncia-de-las-guerras-del-coltan\\\/\"},\"author\":{\"name\":\"V\u00edctor Alvarado\",\"@id\":\"https:\\\/\\\/www.cope.es\\\/blogs\\\/cine-y-libertad\\\/#\\\/schema\\\/person\\\/c95904a4fbf751a8d9124f8fa8bdaace\"},\"headline\":\"\u00bfQui\u00e9n es Pantera Negra?-El paralelismo de Marvel con la denuncia de las Guerras del Colt\u00e1n\",\"datePublished\":\"2021-06-02T18:29:45+00:00\",\"mainEntityOfPage\":{\"@id\":\"https:\\\/\\\/www.cope.es\\\/blogs\\\/cine-y-libertad\\\/2021\\\/06\\\/02\\\/quien-es-pantera-negra-el-paralelismo-de-marvel-con-la-denuncia-de-las-guerras-del-coltan\\\/\"},\"wordCount\":228,\"commentCount\":0,\"image\":{\"@id\":\"https:\\\/\\\/www.cope.es\\\/blogs\\\/cine-y-libertad\\\/2021\\\/06\\\/02\\\/quien-es-pantera-negra-el-paralelismo-de-marvel-con-la-denuncia-de-las-guerras-del-coltan\\\/#primaryimage\"},\"thumbnailUrl\":\"https:\\\/\\\/www.cope.es\\\/blogs\\\/cine-y-libertad\\\/wp-content\\\/uploads\\\/sites\\\/7\\\/2021\\\/05\\\/zs20marvel-must-have-quien-es-pantera-negra.jpg\",\"articleSection\":[\"c\u00f3mics\",\"corrupci\u00f3n\",\"Superh\u00e9roes\",\"tecnolog\u00eda\"],\"inLanguage\":\"es\",\"potentialAction\":[{\"@type\":\"CommentAction\",\"name\":\"Comment\",\"target\":[\"https:\\\/\\\/www.cope.es\\\/blogs\\\/cine-y-libertad\\\/2021\\\/06\\\/02\\\/quien-es-pantera-negra-el-paralelismo-de-marvel-con-la-denuncia-de-las-guerras-del-coltan\\\/#respond\"]}]},{\"@type\":\"WebPage\",\"@id\":\"https:\\\/\\\/www.cope.es\\\/blogs\\\/cine-y-libertad\\\/2021\\\/06\\\/02\\\/quien-es-pantera-negra-el-paralelismo-de-marvel-con-la-denuncia-de-las-guerras-del-coltan\\\/\",\"url\":\"https:\\\/\\\/www.cope.es\\\/blogs\\\/cine-y-libertad\\\/2021\\\/06\\\/02\\\/quien-es-pantera-negra-el-paralelismo-de-marvel-con-la-denuncia-de-las-guerras-del-coltan\\\/\",\"name\":\"Pantera Negra:\u00bfQui\u00e9n es Pantera Negra?-El paralelismo de Marvel con la denuncia de las guerras del colt\u00e1n\",\"isPartOf\":{\"@id\":\"https:\\\/\\\/www.cope.es\\\/blogs\\\/cine-y-libertad\\\/#website\"},\"primaryImageOfPage\":{\"@id\":\"https:\\\/\\\/www.cope.es\\\/blogs\\\/cine-y-libertad\\\/2021\\\/06\\\/02\\\/quien-es-pantera-negra-el-paralelismo-de-marvel-con-la-denuncia-de-las-guerras-del-coltan\\\/#primaryimage\"},\"image\":{\"@id\":\"https:\\\/\\\/www.cope.es\\\/blogs\\\/cine-y-libertad\\\/2021\\\/06\\\/02\\\/quien-es-pantera-negra-el-paralelismo-de-marvel-con-la-denuncia-de-las-guerras-del-coltan\\\/#primaryimage\"},\"thumbnailUrl\":\"https:\\\/\\\/www.cope.es\\\/blogs\\\/cine-y-libertad\\\/wp-content\\\/uploads\\\/sites\\\/7\\\/2021\\\/05\\\/zs20marvel-must-have-quien-es-pantera-negra.jpg\",\"datePublished\":\"2021-06-02T18:29:45+00:00\",\"author\":{\"@id\":\"https:\\\/\\\/www.cope.es\\\/blogs\\\/cine-y-libertad\\\/#\\\/schema\\\/person\\\/c95904a4fbf751a8d9124f8fa8bdaace\"},\"description\":\"Pantera Negra:\u00bfQui\u00e9n es Pantera Negra?-El paralelismo de Marvel con la denuncia de las Guerras del Colt\u00e1n. \u00bfSe hace una cr\u00edtica acertada de la Iglesia?\",\"breadcrumb\":{\"@id\":\"https:\\\/\\\/www.cope.es\\\/blogs\\\/cine-y-libertad\\\/2021\\\/06\\\/02\\\/quien-es-pantera-negra-el-paralelismo-de-marvel-con-la-denuncia-de-las-guerras-del-coltan\\\/#breadcrumb\"},\"inLanguage\":\"es\",\"potentialAction\":[{\"@type\":\"ReadAction\",\"target\":[\"https:\\\/\\\/www.cope.es\\\/blogs\\\/cine-y-libertad\\\/2021\\\/06\\\/02\\\/quien-es-pantera-negra-el-paralelismo-de-marvel-con-la-denuncia-de-las-guerras-del-coltan\\\/\"]}]},{\"@type\":\"ImageObject\",\"inLanguage\":\"es\",\"@id\":\"https:\\\/\\\/www.cope.es\\\/blogs\\\/cine-y-libertad\\\/2021\\\/06\\\/02\\\/quien-es-pantera-negra-el-paralelismo-de-marvel-con-la-denuncia-de-las-guerras-del-coltan\\\/#primaryimage\",\"url\":\"https:\\\/\\\/www.cope.es\\\/blogs\\\/cine-y-libertad\\\/wp-content\\\/uploads\\\/sites\\\/7\\\/2021\\\/05\\\/zs20marvel-must-have-quien-es-pantera-negra.jpg\",\"contentUrl\":\"https:\\\/\\\/www.cope.es\\\/blogs\\\/cine-y-libertad\\\/wp-content\\\/uploads\\\/sites\\\/7\\\/2021\\\/05\\\/zs20marvel-must-have-quien-es-pantera-negra.jpg\",\"width\":381,\"height\":492},{\"@type\":\"BreadcrumbList\",\"@id\":\"https:\\\/\\\/www.cope.es\\\/blogs\\\/cine-y-libertad\\\/2021\\\/06\\\/02\\\/quien-es-pantera-negra-el-paralelismo-de-marvel-con-la-denuncia-de-las-guerras-del-coltan\\\/#breadcrumb\",\"itemListElement\":[{\"@type\":\"ListItem\",\"position\":1,\"name\":\"Portada\",\"item\":\"https:\\\/\\\/www.cope.es\\\/blogs\\\/cine-y-libertad\\\/\"},{\"@type\":\"ListItem\",\"position\":2,\"name\":\"\u00bfQui\u00e9n es Pantera Negra?-El paralelismo de Marvel con la denuncia de las Guerras del Colt\u00e1n\"}]},{\"@type\":\"WebSite\",\"@id\":\"https:\\\/\\\/www.cope.es\\\/blogs\\\/cine-y-libertad\\\/#website\",\"url\":\"https:\\\/\\\/www.cope.es\\\/blogs\\\/cine-y-libertad\\\/\",\"name\":\"Cine y Libertad\",\"description\":\"Cine y Libertad un blog de COPE\",\"potentialAction\":[{\"@type\":\"SearchAction\",\"target\":{\"@type\":\"EntryPoint\",\"urlTemplate\":\"https:\\\/\\\/www.cope.es\\\/blogs\\\/cine-y-libertad\\\/?s={search_term_string}\"},\"query-input\":{\"@type\":\"PropertyValueSpecification\",\"valueRequired\":true,\"valueName\":\"search_term_string\"}}],\"inLanguage\":\"es\"},{\"@type\":\"Person\",\"@id\":\"https:\\\/\\\/www.cope.es\\\/blogs\\\/cine-y-libertad\\\/#\\\/schema\\\/person\\\/c95904a4fbf751a8d9124f8fa8bdaace\",\"name\":\"V\u00edctor Alvarado\",\"image\":{\"@type\":\"ImageObject\",\"inLanguage\":\"es\",\"@id\":\"https:\\\/\\\/secure.gravatar.com\\\/avatar\\\/db4634ae2001f7f920b8294d926f3e737ada04196e014ebacae29a4848f905f4?s=96&d=mm&r=g\",\"url\":\"https:\\\/\\\/secure.gravatar.com\\\/avatar\\\/db4634ae2001f7f920b8294d926f3e737ada04196e014ebacae29a4848f905f4?s=96&d=mm&r=g\",\"contentUrl\":\"https:\\\/\\\/secure.gravatar.com\\\/avatar\\\/db4634ae2001f7f920b8294d926f3e737ada04196e014ebacae29a4848f905f4?s=96&d=mm&r=g\",\"caption\":\"V\u00edctor Alvarado\"},\"description\":\"V\u00edctor Alvarado tiene una larga experiencia tanto en medios de comunicaci\u00f3n como en educaci\u00f3n. Dirige el programa de radio, Directo a las Estrellas, en Intereconom\u00eda (Castilla y Le\u00f3n) y Informa Radio en toda Espa\u00f1a. Ha colaborado en Radio Inter y Esradio. Cr\u00edtico de cine en Pantalla 90, Diario Ya y P\u00e1ginas Digital. Es miembro del CEC. Es el autor de libro: La fe, la \u00e9tica y los valores de los superh\u00e9roes (PPC). Esta es su web: www.cineylibertad.com y, por supuesto, lleva m\u00e1s de 5 a\u00f1os como bloguero de Cope, donde analiza el cine, los c\u00f3mics y los libros desde una \u00f3ptica antropol\u00f3gica y axiol\u00f3gica, atendiendo a todas las dimensiones del ser humano.\",\"sameAs\":[\"http:\\\/\\\/www.cineylibertad.com\",\"https:\\\/\\\/www.facebook.com\\\/victor.alvarado.56829446\",\"https:\\\/\\\/www.instagram.com\\\/cineylibertad\\\/\",\"https:\\\/\\\/x.com\\\/cineylibertad\"],\"url\":\"https:\\\/\\\/www.cope.es\\\/blogs\\\/cine-y-libertad\\\/author\\\/valvarado\\\/\"}]}<\/script>\n<!-- \/ Yoast SEO plugin. -->","yoast_head_json":{"title":"Pantera Negra:\u00bfQui\u00e9n es Pantera Negra?-El paralelismo de Marvel con la denuncia de las guerras del colt\u00e1n","description":"Pantera Negra:\u00bfQui\u00e9n es Pantera Negra?-El paralelismo de Marvel con la denuncia de las Guerras del Colt\u00e1n. \u00bfSe hace una cr\u00edtica acertada de la Iglesia?","robots":{"index":"index","follow":"follow","max-snippet":"max-snippet:-1","max-image-preview":"max-image-preview:large","max-video-preview":"max-video-preview:-1"},"canonical":"https:\/\/www.cope.es\/blogs\/cine-y-libertad\/2021\/06\/02\/quien-es-pantera-negra-el-paralelismo-de-marvel-con-la-denuncia-de-las-guerras-del-coltan\/","og_locale":"es_ES","og_type":"article","og_title":"Pantera Negra:\u00bfQui\u00e9n es Pantera Negra?-El paralelismo de Marvel con la denuncia de las guerras del colt\u00e1n","og_description":"Pantera Negra:\u00bfQui\u00e9n es Pantera Negra?-El paralelismo de Marvel con la denuncia de las Guerras del Colt\u00e1n. \u00bfSe hace una cr\u00edtica acertada de la Iglesia?","og_url":"https:\/\/www.cope.es\/blogs\/cine-y-libertad\/2021\/06\/02\/quien-es-pantera-negra-el-paralelismo-de-marvel-con-la-denuncia-de-las-guerras-del-coltan\/","og_site_name":"Cine y Libertad","article_publisher":"https:\/\/www.facebook.com\/cope\/","article_author":"https:\/\/www.facebook.com\/victor.alvarado.56829446","article_published_time":"2021-06-02T18:29:45+00:00","og_image":[{"width":381,"height":492,"url":"https:\/\/www.cope.es\/blogs\/cine-y-libertad\/wp-content\/uploads\/sites\/7\/2021\/05\/zs20marvel-must-have-quien-es-pantera-negra.jpg","type":"image\/jpeg"}],"author":"V\u00edctor Alvarado","twitter_card":"summary_large_image","twitter_creator":"@cineylibertad","twitter_site":"@cope_es","twitter_misc":{"Escrito por":"V\u00edctor Alvarado","Tiempo de lectura":"1 minuto"},"schema":{"@context":"https:\/\/schema.org","@graph":[{"@type":"Article","@id":"https:\/\/www.cope.es\/blogs\/cine-y-libertad\/2021\/06\/02\/quien-es-pantera-negra-el-paralelismo-de-marvel-con-la-denuncia-de-las-guerras-del-coltan\/#article","isPartOf":{"@id":"https:\/\/www.cope.es\/blogs\/cine-y-libertad\/2021\/06\/02\/quien-es-pantera-negra-el-paralelismo-de-marvel-con-la-denuncia-de-las-guerras-del-coltan\/"},"author":{"name":"V\u00edctor Alvarado","@id":"https:\/\/www.cope.es\/blogs\/cine-y-libertad\/#\/schema\/person\/c95904a4fbf751a8d9124f8fa8bdaace"},"headline":"\u00bfQui\u00e9n es Pantera Negra?-El paralelismo de Marvel con la denuncia de las Guerras del Colt\u00e1n","datePublished":"2021-06-02T18:29:45+00:00","mainEntityOfPage":{"@id":"https:\/\/www.cope.es\/blogs\/cine-y-libertad\/2021\/06\/02\/quien-es-pantera-negra-el-paralelismo-de-marvel-con-la-denuncia-de-las-guerras-del-coltan\/"},"wordCount":228,"commentCount":0,"image":{"@id":"https:\/\/www.cope.es\/blogs\/cine-y-libertad\/2021\/06\/02\/quien-es-pantera-negra-el-paralelismo-de-marvel-con-la-denuncia-de-las-guerras-del-coltan\/#primaryimage"},"thumbnailUrl":"https:\/\/www.cope.es\/blogs\/cine-y-libertad\/wp-content\/uploads\/sites\/7\/2021\/05\/zs20marvel-must-have-quien-es-pantera-negra.jpg","articleSection":["c\u00f3mics","corrupci\u00f3n","Superh\u00e9roes","tecnolog\u00eda"],"inLanguage":"es","potentialAction":[{"@type":"CommentAction","name":"Comment","target":["https:\/\/www.cope.es\/blogs\/cine-y-libertad\/2021\/06\/02\/quien-es-pantera-negra-el-paralelismo-de-marvel-con-la-denuncia-de-las-guerras-del-coltan\/#respond"]}]},{"@type":"WebPage","@id":"https:\/\/www.cope.es\/blogs\/cine-y-libertad\/2021\/06\/02\/quien-es-pantera-negra-el-paralelismo-de-marvel-con-la-denuncia-de-las-guerras-del-coltan\/","url":"https:\/\/www.cope.es\/blogs\/cine-y-libertad\/2021\/06\/02\/quien-es-pantera-negra-el-paralelismo-de-marvel-con-la-denuncia-de-las-guerras-del-coltan\/","name":"Pantera Negra:\u00bfQui\u00e9n es Pantera Negra?-El paralelismo de Marvel con la denuncia de las guerras del colt\u00e1n","isPartOf":{"@id":"https:\/\/www.cope.es\/blogs\/cine-y-libertad\/#website"},"primaryImageOfPage":{"@id":"https:\/\/www.cope.es\/blogs\/cine-y-libertad\/2021\/06\/02\/quien-es-pantera-negra-el-paralelismo-de-marvel-con-la-denuncia-de-las-guerras-del-coltan\/#primaryimage"},"image":{"@id":"https:\/\/www.cope.es\/blogs\/cine-y-libertad\/2021\/06\/02\/quien-es-pantera-negra-el-paralelismo-de-marvel-con-la-denuncia-de-las-guerras-del-coltan\/#primaryimage"},"thumbnailUrl":"https:\/\/www.cope.es\/blogs\/cine-y-libertad\/wp-content\/uploads\/sites\/7\/2021\/05\/zs20marvel-must-have-quien-es-pantera-negra.jpg","datePublished":"2021-06-02T18:29:45+00:00","author":{"@id":"https:\/\/www.cope.es\/blogs\/cine-y-libertad\/#\/schema\/person\/c95904a4fbf751a8d9124f8fa8bdaace"},"description":"Pantera Negra:\u00bfQui\u00e9n es Pantera Negra?-El paralelismo de Marvel con la denuncia de las Guerras del Colt\u00e1n. \u00bfSe hace una cr\u00edtica acertada de la Iglesia?","breadcrumb":{"@id":"https:\/\/www.cope.es\/blogs\/cine-y-libertad\/2021\/06\/02\/quien-es-pantera-negra-el-paralelismo-de-marvel-con-la-denuncia-de-las-guerras-del-coltan\/#breadcrumb"},"inLanguage":"es","potentialAction":[{"@type":"ReadAction","target":["https:\/\/www.cope.es\/blogs\/cine-y-libertad\/2021\/06\/02\/quien-es-pantera-negra-el-paralelismo-de-marvel-con-la-denuncia-de-las-guerras-del-coltan\/"]}]},{"@type":"ImageObject","inLanguage":"es","@id":"https:\/\/www.cope.es\/blogs\/cine-y-libertad\/2021\/06\/02\/quien-es-pantera-negra-el-paralelismo-de-marvel-con-la-denuncia-de-las-guerras-del-coltan\/#primaryimage","url":"https:\/\/www.cope.es\/blogs\/cine-y-libertad\/wp-content\/uploads\/sites\/7\/2021\/05\/zs20marvel-must-have-quien-es-pantera-negra.jpg","contentUrl":"https:\/\/www.cope.es\/blogs\/cine-y-libertad\/wp-content\/uploads\/sites\/7\/2021\/05\/zs20marvel-must-have-quien-es-pantera-negra.jpg","width":381,"height":492},{"@type":"BreadcrumbList","@id":"https:\/\/www.cope.es\/blogs\/cine-y-libertad\/2021\/06\/02\/quien-es-pantera-negra-el-paralelismo-de-marvel-con-la-denuncia-de-las-guerras-del-coltan\/#breadcrumb","itemListElement":[{"@type":"ListItem","position":1,"name":"Portada","item":"https:\/\/www.cope.es\/blogs\/cine-y-libertad\/"},{"@type":"ListItem","position":2,"name":"\u00bfQui\u00e9n es Pantera Negra?-El paralelismo de Marvel con la denuncia de las Guerras del Colt\u00e1n"}]},{"@type":"WebSite","@id":"https:\/\/www.cope.es\/blogs\/cine-y-libertad\/#website","url":"https:\/\/www.cope.es\/blogs\/cine-y-libertad\/","name":"Cine y Libertad","description":"Cine y Libertad un blog de COPE","potentialAction":[{"@type":"SearchAction","target":{"@type":"EntryPoint","urlTemplate":"https:\/\/www.cope.es\/blogs\/cine-y-libertad\/?s={search_term_string}"},"query-input":{"@type":"PropertyValueSpecification","valueRequired":true,"valueName":"search_term_string"}}],"inLanguage":"es"},{"@type":"Person","@id":"https:\/\/www.cope.es\/blogs\/cine-y-libertad\/#\/schema\/person\/c95904a4fbf751a8d9124f8fa8bdaace","name":"V\u00edctor Alvarado","image":{"@type":"ImageObject","inLanguage":"es","@id":"https:\/\/secure.gravatar.com\/avatar\/db4634ae2001f7f920b8294d926f3e737ada04196e014ebacae29a4848f905f4?s=96&d=mm&r=g","url":"https:\/\/secure.gravatar.com\/avatar\/db4634ae2001f7f920b8294d926f3e737ada04196e014ebacae29a4848f905f4?s=96&d=mm&r=g","contentUrl":"https:\/\/secure.gravatar.com\/avatar\/db4634ae2001f7f920b8294d926f3e737ada04196e014ebacae29a4848f905f4?s=96&d=mm&r=g","caption":"V\u00edctor Alvarado"},"description":"V\u00edctor Alvarado tiene una larga experiencia tanto en medios de comunicaci\u00f3n como en educaci\u00f3n. Dirige el programa de radio, Directo a las Estrellas, en Intereconom\u00eda (Castilla y Le\u00f3n) y Informa Radio en toda Espa\u00f1a. Ha colaborado en Radio Inter y Esradio. Cr\u00edtico de cine en Pantalla 90, Diario Ya y P\u00e1ginas Digital. Es miembro del CEC. Es el autor de libro: La fe, la \u00e9tica y los valores de los superh\u00e9roes (PPC). Esta es su web: www.cineylibertad.com y, por supuesto, lleva m\u00e1s de 5 a\u00f1os como bloguero de Cope, donde analiza el cine, los c\u00f3mics y los libros desde una \u00f3ptica antropol\u00f3gica y axiol\u00f3gica, atendiendo a todas las dimensiones del ser humano.","sameAs":["http:\/\/www.cineylibertad.com","https:\/\/www.facebook.com\/victor.alvarado.56829446","https:\/\/www.instagram.com\/cineylibertad\/","https:\/\/x.com\/cineylibertad"],"url":"https:\/\/www.cope.es\/blogs\/cine-y-libertad\/author\/valvarado\/"}]}},"amp_enabled":true,"_links":{"self":[{"href":"https:\/\/www.cope.es\/blogs\/cine-y-libertad\/wp-json\/wp\/v2\/posts\/2845","targetHints":{"allow":["GET"]}}],"collection":[{"href":"https:\/\/www.cope.es\/blogs\/cine-y-libertad\/wp-json\/wp\/v2\/posts"}],"about":[{"href":"https:\/\/www.cope.es\/blogs\/cine-y-libertad\/wp-json\/wp\/v2\/types\/post"}],"author":[{"embeddable":true,"href":"https:\/\/www.cope.es\/blogs\/cine-y-libertad\/wp-json\/wp\/v2\/users\/7"}],"replies":[{"embeddable":true,"href":"https:\/\/www.cope.es\/blogs\/cine-y-libertad\/wp-json\/wp\/v2\/comments?post=2845"}],"version-history":[{"count":2,"href":"https:\/\/www.cope.es\/blogs\/cine-y-libertad\/wp-json\/wp\/v2\/posts\/2845\/revisions"}],"predecessor-version":[{"id":2856,"href":"https:\/\/www.cope.es\/blogs\/cine-y-libertad\/wp-json\/wp\/v2\/posts\/2845\/revisions\/2856"}],"wp:featuredmedia":[{"embeddable":true,"href":"https:\/\/www.cope.es\/blogs\/cine-y-libertad\/wp-json\/wp\/v2\/media\/2855"}],"wp:attachment":[{"href":"https:\/\/www.cope.es\/blogs\/cine-y-libertad\/wp-json\/wp\/v2\/media?parent=2845"}],"wp:term":[{"taxonomy":"category","embeddable":true,"href":"https:\/\/www.cope.es\/blogs\/cine-y-libertad\/wp-json\/wp\/v2\/categories?post=2845"},{"taxonomy":"post_tag","embeddable":true,"href":"https:\/\/www.cope.es\/blogs\/cine-y-libertad\/wp-json\/wp\/v2\/tags?post=2845"}],"curies":[{"name":"wp","href":"https:\/\/api.w.org\/{rel}","templated":true}]}}