{"id":2653,"date":"2021-03-29T20:27:41","date_gmt":"2021-03-29T18:27:41","guid":{"rendered":"http:\/\/www.cope.es\/blogs\/cine-y-libertad\/?p=2653"},"modified":"2021-03-29T20:40:18","modified_gmt":"2021-03-29T18:40:18","slug":"grand-dolls-y-su-homenaje-a-la-invasion-de-los-ladrones-de-cuerpos","status":"publish","type":"post","link":"https:\/\/www.cope.es\/blogs\/cine-y-libertad\/2021\/03\/29\/grand-dolls-y-su-homenaje-a-la-invasion-de-los-ladrones-de-cuerpos\/","title":{"rendered":"Grand Dolls y su homenaje a La invasi\u00f3n de los ladrones de cuerpos"},"content":{"rendered":"<h4>Grand Dolls y su homenaje a La invasi\u00f3n de los ladrones de cuerpos. \u00bfQu\u00e9 te da m\u00e1s miedo el terror o la intriga?<\/h4>\n<h4 class=\"postitle\"><strong>Aqu\u00ed puedes escuchar mi comentario:<a class=\"txt-white decorationOnHover\" href=\"https:\/\/www.ivoox.com\/grand-dolls-su-homenaje-a-la-invasion-audios-mp3_rf_67522851_1.html\" target=\"_blank\">Grand Dolls y su homenaje a La invasi\u00f3n de los ladrones de cuerpos<\/a><\/strong><\/h4>\n<p><img loading=\"lazy\" decoding=\"async\" width=\"196\" height=\"300\" class=\"alignnone size-medium wp-image-2655\" src=\"http:\/\/www.cope.es\/blogs\/cine-y-libertad\/wp-content\/uploads\/sites\/7\/2021\/03\/ztportada_grand-dolls_osamu-tezuka_202010071538-196x300.jpg\" alt=\"\" srcset=\"https:\/\/www.cope.es\/blogs\/cine-y-libertad\/wp-content\/uploads\/sites\/7\/2021\/03\/ztportada_grand-dolls_osamu-tezuka_202010071538-196x300.jpg 196w, https:\/\/www.cope.es\/blogs\/cine-y-libertad\/wp-content\/uploads\/sites\/7\/2021\/03\/ztportada_grand-dolls_osamu-tezuka_202010071538.jpg 250w\" sizes=\"auto, (max-width: 196px) 100vw, 196px\" \/><\/p>\n<p>\u00a1Lectores y amigos de Cine y Libertad!<\/p>\n<p>La editorial Planeta nos habla de su c\u00f3mic:<\/p>\n<p>Tetsuo &#8220;Tecchin&#8221; Utsuki es un estudiante normal de secundaria. debilucho y sin mucha fuerza de voluntad. A menudo es t\u00edmido e incapaz de relacionarse. Su vida cambia un d\u00eda cuando, de regreso de la escuela, encuentra el cuerpo de una ni\u00f1a muerta en la calle.<\/p>\n<p>Tetsuo se apresura a buscar a la polic\u00eda y los lleva al lugar donde estaba la ni\u00f1a, solo para descubrir que ha desaparecido. En cambio, una extra\u00f1a mu\u00f1eca de tama\u00f1o humano ha ocupado el lugar de la ni\u00f1a. Curioso, Tetsuo se lleva la misteriosa mu\u00f1eca a casa y descubre que una peque\u00f1a parte est\u00e1 rota y la repara. Al instante, la mu\u00f1eca se transforma en la ni\u00f1a que Tetsuo hab\u00eda visto antes.<\/p>\n<p>El argumento de este c\u00f3mic est\u00e1 claramente inspirado en La invasi\u00f3n de los ladrones de cuerpos de Don Siegel:<\/p>\n<p><img loading=\"lazy\" decoding=\"async\" width=\"300\" height=\"168\" class=\"alignnone size-full wp-image-2656\" src=\"http:\/\/www.cope.es\/blogs\/cine-y-libertad\/wp-content\/uploads\/sites\/7\/2021\/03\/zeeeeeeeeeeeee.jpg\" alt=\"\" \/><\/p>\n<p>Sinopsis:<\/p>\n<p>En una peque\u00f1a ciudad de California empiezan a suceder cosas muy extra\u00f1as: el comportamiento de algunas personas cambia de tal manera que causa estupor e incluso miedo entre sus parientes y amigos.<\/p>\n<p>Puedes escucharnos en: <a class=\"orange font-12 decorationOnHover\" href=\"https:\/\/www.ivoox.com\/podcast-podcast-cine-libertad_sq_f121636_1.html\" target=\"_blank\">Podcast Cine y Libertad<\/a><\/p>\n<p>Facebook:<a class=\"oajrlxb2 g5ia77u1 qu0x051f esr5mh6w e9989ue4 r7d6kgcz rq0escxv nhd2j8a9 nc684nl6 p7hjln8o kvgmc6g5 cxmmr5t8 oygrvhab hcukyx3x jb3vyjys rz4wbd8a qt6c0cv9 a8nywdso i1ao9s8h esuyzwwr f1sip0of lzcic4wl oo9gr5id gpro0wi8 lrazzd5p\" href=\"https:\/\/www.facebook.com\/victor.alvarado.56829446?__cft__[0]=AZVvjMHMG9TKVYRQdoz_hhxF4d43zHlU2LiMu9-F0e4HoeLyd-aP6uDiZzLTlNMdfqEhfEk9HRjviSddN-KX3DcwYXBT2qrJvDBkdOuws_GnwcucQ5JtQMUSm49U574CLvpLCjWzwuPyScfbVvb7c6MU&amp;__tn__=-UC%2CP-R\"><strong>Cine y Libertad<\/strong><\/a><\/p>\n<p>Twitter: <span class=\"x_DashboardProfileCard-screenname x_u-inlineBlock x_u-dir\"><a class=\"x_DashboardProfileCard-screennameLink x_u-linkComplex x_u-linkClean\" href=\"https:\/\/twitter.com\/cineylibertad\" target=\"_blank\">@<span class=\"x_u-linkComplex-target\">cineylibertad<\/span><\/a><\/span><\/p>\n","protected":false},"excerpt":{"rendered":"<p>Grand Dolls y su homenaje a La invasi\u00f3n de los ladrones de cuerpos. \u00bfQu\u00e9 te da m\u00e1s miedo el terror o la intriga? Aqu\u00ed puedes escuchar mi comentario:Grand Dolls y su homenaje a La invasi\u00f3n de los ladrones de cuerpos \u00a1Lectores y amigos de Cine y Libertad! La editorial Planeta nos habla de su c\u00f3mic: [&hellip;]<\/p>\n","protected":false},"author":7,"featured_media":2656,"comment_status":"open","ping_status":"open","sticky":false,"template":"","format":"standard","meta":{"footnotes":""},"categories":[158,56,3,82,111],"tags":[294],"class_list":["post-2653","post","type-post","status-publish","format-standard","has-post-thumbnail","hentry","category-amor","category-ciencia-ficcion","category-cine","category-manga","category-terror","tag-totalitarismos"],"yoast_head":"<!-- This site is optimized with the Yoast SEO plugin v27.4 - https:\/\/yoast.com\/product\/yoast-seo-wordpress\/ -->\n<title>Grand Dolls y su homenaje a La invasi\u00f3n de los ladrones de cuerpos<\/title>\n<meta name=\"description\" content=\"Grand Dolls y su homenaje a La invasi\u00f3n de los ladrones de cuerpos. \u00bfQu\u00e9 te da m\u00e1s miedo el terror o la intriga?Grand Dolls y su homenaje a...\" \/>\n<meta name=\"robots\" content=\"index, follow, max-snippet:-1, max-image-preview:large, max-video-preview:-1\" \/>\n<link rel=\"canonical\" href=\"https:\/\/www.cope.es\/blogs\/cine-y-libertad\/2021\/03\/29\/grand-dolls-y-su-homenaje-a-la-invasion-de-los-ladrones-de-cuerpos\/\" \/>\n<meta property=\"og:locale\" content=\"es_ES\" \/>\n<meta property=\"og:type\" content=\"article\" \/>\n<meta property=\"og:title\" content=\"Grand Dolls y su homenaje a La invasi\u00f3n de los ladrones de cuerpos\" \/>\n<meta property=\"og:description\" content=\"Grand Dolls y su homenaje a La invasi\u00f3n de los ladrones de cuerpos. \u00bfQu\u00e9 te da m\u00e1s miedo el terror o la intriga?Grand Dolls y su homenaje a...\" \/>\n<meta property=\"og:url\" content=\"https:\/\/www.cope.es\/blogs\/cine-y-libertad\/2021\/03\/29\/grand-dolls-y-su-homenaje-a-la-invasion-de-los-ladrones-de-cuerpos\/\" \/>\n<meta property=\"og:site_name\" content=\"Cine y Libertad\" \/>\n<meta property=\"article:publisher\" content=\"https:\/\/www.facebook.com\/cope\/\" \/>\n<meta property=\"article:author\" content=\"https:\/\/www.facebook.com\/victor.alvarado.56829446\" \/>\n<meta property=\"article:published_time\" content=\"2021-03-29T18:27:41+00:00\" \/>\n<meta property=\"article:modified_time\" content=\"2021-03-29T18:40:18+00:00\" \/>\n<meta property=\"og:image\" content=\"https:\/\/www.cope.es\/blogs\/cine-y-libertad\/wp-content\/uploads\/sites\/7\/2021\/03\/zeeeeeeeeeeeee.jpg\" \/>\n\t<meta property=\"og:image:width\" content=\"300\" \/>\n\t<meta property=\"og:image:height\" content=\"168\" \/>\n\t<meta property=\"og:image:type\" content=\"image\/jpeg\" \/>\n<meta name=\"author\" content=\"V\u00edctor Alvarado\" \/>\n<meta name=\"twitter:card\" content=\"summary_large_image\" \/>\n<meta name=\"twitter:creator\" content=\"@cineylibertad\" \/>\n<meta name=\"twitter:site\" content=\"@cope_es\" \/>\n<meta name=\"twitter:label1\" content=\"Escrito por\" \/>\n\t<meta name=\"twitter:data1\" content=\"V\u00edctor Alvarado\" \/>\n\t<meta name=\"twitter:label2\" content=\"Tiempo de lectura\" \/>\n\t<meta name=\"twitter:data2\" content=\"1 minuto\" \/>\n<script type=\"application\/ld+json\" class=\"yoast-schema-graph\">{\"@context\":\"https:\\\/\\\/schema.org\",\"@graph\":[{\"@type\":\"Article\",\"@id\":\"https:\\\/\\\/www.cope.es\\\/blogs\\\/cine-y-libertad\\\/2021\\\/03\\\/29\\\/grand-dolls-y-su-homenaje-a-la-invasion-de-los-ladrones-de-cuerpos\\\/#article\",\"isPartOf\":{\"@id\":\"https:\\\/\\\/www.cope.es\\\/blogs\\\/cine-y-libertad\\\/2021\\\/03\\\/29\\\/grand-dolls-y-su-homenaje-a-la-invasion-de-los-ladrones-de-cuerpos\\\/\"},\"author\":{\"name\":\"V\u00edctor Alvarado\",\"@id\":\"https:\\\/\\\/www.cope.es\\\/blogs\\\/cine-y-libertad\\\/#\\\/schema\\\/person\\\/c95904a4fbf751a8d9124f8fa8bdaace\"},\"headline\":\"Grand Dolls y su homenaje a La invasi\u00f3n de los ladrones de cuerpos\",\"datePublished\":\"2021-03-29T18:27:41+00:00\",\"dateModified\":\"2021-03-29T18:40:18+00:00\",\"mainEntityOfPage\":{\"@id\":\"https:\\\/\\\/www.cope.es\\\/blogs\\\/cine-y-libertad\\\/2021\\\/03\\\/29\\\/grand-dolls-y-su-homenaje-a-la-invasion-de-los-ladrones-de-cuerpos\\\/\"},\"wordCount\":274,\"commentCount\":0,\"image\":{\"@id\":\"https:\\\/\\\/www.cope.es\\\/blogs\\\/cine-y-libertad\\\/2021\\\/03\\\/29\\\/grand-dolls-y-su-homenaje-a-la-invasion-de-los-ladrones-de-cuerpos\\\/#primaryimage\"},\"thumbnailUrl\":\"https:\\\/\\\/www.cope.es\\\/blogs\\\/cine-y-libertad\\\/wp-content\\\/uploads\\\/sites\\\/7\\\/2021\\\/03\\\/zeeeeeeeeeeeee.jpg\",\"keywords\":[\"totalitarismos\"],\"articleSection\":[\"amor\",\"ciencia ficci\u00f3n\",\"cine\",\"manga\",\"terror\"],\"inLanguage\":\"es\",\"potentialAction\":[{\"@type\":\"CommentAction\",\"name\":\"Comment\",\"target\":[\"https:\\\/\\\/www.cope.es\\\/blogs\\\/cine-y-libertad\\\/2021\\\/03\\\/29\\\/grand-dolls-y-su-homenaje-a-la-invasion-de-los-ladrones-de-cuerpos\\\/#respond\"]}]},{\"@type\":\"WebPage\",\"@id\":\"https:\\\/\\\/www.cope.es\\\/blogs\\\/cine-y-libertad\\\/2021\\\/03\\\/29\\\/grand-dolls-y-su-homenaje-a-la-invasion-de-los-ladrones-de-cuerpos\\\/\",\"url\":\"https:\\\/\\\/www.cope.es\\\/blogs\\\/cine-y-libertad\\\/2021\\\/03\\\/29\\\/grand-dolls-y-su-homenaje-a-la-invasion-de-los-ladrones-de-cuerpos\\\/\",\"name\":\"Grand Dolls y su homenaje a La invasi\u00f3n de los ladrones de cuerpos\",\"isPartOf\":{\"@id\":\"https:\\\/\\\/www.cope.es\\\/blogs\\\/cine-y-libertad\\\/#website\"},\"primaryImageOfPage\":{\"@id\":\"https:\\\/\\\/www.cope.es\\\/blogs\\\/cine-y-libertad\\\/2021\\\/03\\\/29\\\/grand-dolls-y-su-homenaje-a-la-invasion-de-los-ladrones-de-cuerpos\\\/#primaryimage\"},\"image\":{\"@id\":\"https:\\\/\\\/www.cope.es\\\/blogs\\\/cine-y-libertad\\\/2021\\\/03\\\/29\\\/grand-dolls-y-su-homenaje-a-la-invasion-de-los-ladrones-de-cuerpos\\\/#primaryimage\"},\"thumbnailUrl\":\"https:\\\/\\\/www.cope.es\\\/blogs\\\/cine-y-libertad\\\/wp-content\\\/uploads\\\/sites\\\/7\\\/2021\\\/03\\\/zeeeeeeeeeeeee.jpg\",\"datePublished\":\"2021-03-29T18:27:41+00:00\",\"dateModified\":\"2021-03-29T18:40:18+00:00\",\"author\":{\"@id\":\"https:\\\/\\\/www.cope.es\\\/blogs\\\/cine-y-libertad\\\/#\\\/schema\\\/person\\\/c95904a4fbf751a8d9124f8fa8bdaace\"},\"description\":\"Grand Dolls y su homenaje a La invasi\u00f3n de los ladrones de cuerpos. \u00bfQu\u00e9 te da m\u00e1s miedo el terror o la intriga?Grand Dolls y su homenaje a...\",\"breadcrumb\":{\"@id\":\"https:\\\/\\\/www.cope.es\\\/blogs\\\/cine-y-libertad\\\/2021\\\/03\\\/29\\\/grand-dolls-y-su-homenaje-a-la-invasion-de-los-ladrones-de-cuerpos\\\/#breadcrumb\"},\"inLanguage\":\"es\",\"potentialAction\":[{\"@type\":\"ReadAction\",\"target\":[\"https:\\\/\\\/www.cope.es\\\/blogs\\\/cine-y-libertad\\\/2021\\\/03\\\/29\\\/grand-dolls-y-su-homenaje-a-la-invasion-de-los-ladrones-de-cuerpos\\\/\"]}]},{\"@type\":\"ImageObject\",\"inLanguage\":\"es\",\"@id\":\"https:\\\/\\\/www.cope.es\\\/blogs\\\/cine-y-libertad\\\/2021\\\/03\\\/29\\\/grand-dolls-y-su-homenaje-a-la-invasion-de-los-ladrones-de-cuerpos\\\/#primaryimage\",\"url\":\"https:\\\/\\\/www.cope.es\\\/blogs\\\/cine-y-libertad\\\/wp-content\\\/uploads\\\/sites\\\/7\\\/2021\\\/03\\\/zeeeeeeeeeeeee.jpg\",\"contentUrl\":\"https:\\\/\\\/www.cope.es\\\/blogs\\\/cine-y-libertad\\\/wp-content\\\/uploads\\\/sites\\\/7\\\/2021\\\/03\\\/zeeeeeeeeeeeee.jpg\",\"width\":300,\"height\":168},{\"@type\":\"BreadcrumbList\",\"@id\":\"https:\\\/\\\/www.cope.es\\\/blogs\\\/cine-y-libertad\\\/2021\\\/03\\\/29\\\/grand-dolls-y-su-homenaje-a-la-invasion-de-los-ladrones-de-cuerpos\\\/#breadcrumb\",\"itemListElement\":[{\"@type\":\"ListItem\",\"position\":1,\"name\":\"Portada\",\"item\":\"https:\\\/\\\/www.cope.es\\\/blogs\\\/cine-y-libertad\\\/\"},{\"@type\":\"ListItem\",\"position\":2,\"name\":\"Grand Dolls y su homenaje a La invasi\u00f3n de los ladrones de cuerpos\"}]},{\"@type\":\"WebSite\",\"@id\":\"https:\\\/\\\/www.cope.es\\\/blogs\\\/cine-y-libertad\\\/#website\",\"url\":\"https:\\\/\\\/www.cope.es\\\/blogs\\\/cine-y-libertad\\\/\",\"name\":\"Cine y Libertad\",\"description\":\"Cine y Libertad un blog de COPE\",\"potentialAction\":[{\"@type\":\"SearchAction\",\"target\":{\"@type\":\"EntryPoint\",\"urlTemplate\":\"https:\\\/\\\/www.cope.es\\\/blogs\\\/cine-y-libertad\\\/?s={search_term_string}\"},\"query-input\":{\"@type\":\"PropertyValueSpecification\",\"valueRequired\":true,\"valueName\":\"search_term_string\"}}],\"inLanguage\":\"es\"},{\"@type\":\"Person\",\"@id\":\"https:\\\/\\\/www.cope.es\\\/blogs\\\/cine-y-libertad\\\/#\\\/schema\\\/person\\\/c95904a4fbf751a8d9124f8fa8bdaace\",\"name\":\"V\u00edctor Alvarado\",\"image\":{\"@type\":\"ImageObject\",\"inLanguage\":\"es\",\"@id\":\"https:\\\/\\\/secure.gravatar.com\\\/avatar\\\/db4634ae2001f7f920b8294d926f3e737ada04196e014ebacae29a4848f905f4?s=96&d=mm&r=g\",\"url\":\"https:\\\/\\\/secure.gravatar.com\\\/avatar\\\/db4634ae2001f7f920b8294d926f3e737ada04196e014ebacae29a4848f905f4?s=96&d=mm&r=g\",\"contentUrl\":\"https:\\\/\\\/secure.gravatar.com\\\/avatar\\\/db4634ae2001f7f920b8294d926f3e737ada04196e014ebacae29a4848f905f4?s=96&d=mm&r=g\",\"caption\":\"V\u00edctor Alvarado\"},\"description\":\"V\u00edctor Alvarado tiene una larga experiencia tanto en medios de comunicaci\u00f3n como en educaci\u00f3n. Dirige el programa de radio, Directo a las Estrellas, en Intereconom\u00eda (Castilla y Le\u00f3n) y Informa Radio en toda Espa\u00f1a. Ha colaborado en Radio Inter y Esradio. Cr\u00edtico de cine en Pantalla 90, Diario Ya y P\u00e1ginas Digital. Es miembro del CEC. Es el autor de libro: La fe, la \u00e9tica y los valores de los superh\u00e9roes (PPC). Esta es su web: www.cineylibertad.com y, por supuesto, lleva m\u00e1s de 5 a\u00f1os como bloguero de Cope, donde analiza el cine, los c\u00f3mics y los libros desde una \u00f3ptica antropol\u00f3gica y axiol\u00f3gica, atendiendo a todas las dimensiones del ser humano.\",\"sameAs\":[\"http:\\\/\\\/www.cineylibertad.com\",\"https:\\\/\\\/www.facebook.com\\\/victor.alvarado.56829446\",\"https:\\\/\\\/www.instagram.com\\\/cineylibertad\\\/\",\"https:\\\/\\\/x.com\\\/cineylibertad\"],\"url\":\"https:\\\/\\\/www.cope.es\\\/blogs\\\/cine-y-libertad\\\/author\\\/valvarado\\\/\"}]}<\/script>\n<!-- \/ Yoast SEO plugin. -->","yoast_head_json":{"title":"Grand Dolls y su homenaje a La invasi\u00f3n de los ladrones de cuerpos","description":"Grand Dolls y su homenaje a La invasi\u00f3n de los ladrones de cuerpos. \u00bfQu\u00e9 te da m\u00e1s miedo el terror o la intriga?Grand Dolls y su homenaje a...","robots":{"index":"index","follow":"follow","max-snippet":"max-snippet:-1","max-image-preview":"max-image-preview:large","max-video-preview":"max-video-preview:-1"},"canonical":"https:\/\/www.cope.es\/blogs\/cine-y-libertad\/2021\/03\/29\/grand-dolls-y-su-homenaje-a-la-invasion-de-los-ladrones-de-cuerpos\/","og_locale":"es_ES","og_type":"article","og_title":"Grand Dolls y su homenaje a La invasi\u00f3n de los ladrones de cuerpos","og_description":"Grand Dolls y su homenaje a La invasi\u00f3n de los ladrones de cuerpos. \u00bfQu\u00e9 te da m\u00e1s miedo el terror o la intriga?Grand Dolls y su homenaje a...","og_url":"https:\/\/www.cope.es\/blogs\/cine-y-libertad\/2021\/03\/29\/grand-dolls-y-su-homenaje-a-la-invasion-de-los-ladrones-de-cuerpos\/","og_site_name":"Cine y Libertad","article_publisher":"https:\/\/www.facebook.com\/cope\/","article_author":"https:\/\/www.facebook.com\/victor.alvarado.56829446","article_published_time":"2021-03-29T18:27:41+00:00","article_modified_time":"2021-03-29T18:40:18+00:00","og_image":[{"width":300,"height":168,"url":"https:\/\/www.cope.es\/blogs\/cine-y-libertad\/wp-content\/uploads\/sites\/7\/2021\/03\/zeeeeeeeeeeeee.jpg","type":"image\/jpeg"}],"author":"V\u00edctor Alvarado","twitter_card":"summary_large_image","twitter_creator":"@cineylibertad","twitter_site":"@cope_es","twitter_misc":{"Escrito por":"V\u00edctor Alvarado","Tiempo de lectura":"1 minuto"},"schema":{"@context":"https:\/\/schema.org","@graph":[{"@type":"Article","@id":"https:\/\/www.cope.es\/blogs\/cine-y-libertad\/2021\/03\/29\/grand-dolls-y-su-homenaje-a-la-invasion-de-los-ladrones-de-cuerpos\/#article","isPartOf":{"@id":"https:\/\/www.cope.es\/blogs\/cine-y-libertad\/2021\/03\/29\/grand-dolls-y-su-homenaje-a-la-invasion-de-los-ladrones-de-cuerpos\/"},"author":{"name":"V\u00edctor Alvarado","@id":"https:\/\/www.cope.es\/blogs\/cine-y-libertad\/#\/schema\/person\/c95904a4fbf751a8d9124f8fa8bdaace"},"headline":"Grand Dolls y su homenaje a La invasi\u00f3n de los ladrones de cuerpos","datePublished":"2021-03-29T18:27:41+00:00","dateModified":"2021-03-29T18:40:18+00:00","mainEntityOfPage":{"@id":"https:\/\/www.cope.es\/blogs\/cine-y-libertad\/2021\/03\/29\/grand-dolls-y-su-homenaje-a-la-invasion-de-los-ladrones-de-cuerpos\/"},"wordCount":274,"commentCount":0,"image":{"@id":"https:\/\/www.cope.es\/blogs\/cine-y-libertad\/2021\/03\/29\/grand-dolls-y-su-homenaje-a-la-invasion-de-los-ladrones-de-cuerpos\/#primaryimage"},"thumbnailUrl":"https:\/\/www.cope.es\/blogs\/cine-y-libertad\/wp-content\/uploads\/sites\/7\/2021\/03\/zeeeeeeeeeeeee.jpg","keywords":["totalitarismos"],"articleSection":["amor","ciencia ficci\u00f3n","cine","manga","terror"],"inLanguage":"es","potentialAction":[{"@type":"CommentAction","name":"Comment","target":["https:\/\/www.cope.es\/blogs\/cine-y-libertad\/2021\/03\/29\/grand-dolls-y-su-homenaje-a-la-invasion-de-los-ladrones-de-cuerpos\/#respond"]}]},{"@type":"WebPage","@id":"https:\/\/www.cope.es\/blogs\/cine-y-libertad\/2021\/03\/29\/grand-dolls-y-su-homenaje-a-la-invasion-de-los-ladrones-de-cuerpos\/","url":"https:\/\/www.cope.es\/blogs\/cine-y-libertad\/2021\/03\/29\/grand-dolls-y-su-homenaje-a-la-invasion-de-los-ladrones-de-cuerpos\/","name":"Grand Dolls y su homenaje a La invasi\u00f3n de los ladrones de cuerpos","isPartOf":{"@id":"https:\/\/www.cope.es\/blogs\/cine-y-libertad\/#website"},"primaryImageOfPage":{"@id":"https:\/\/www.cope.es\/blogs\/cine-y-libertad\/2021\/03\/29\/grand-dolls-y-su-homenaje-a-la-invasion-de-los-ladrones-de-cuerpos\/#primaryimage"},"image":{"@id":"https:\/\/www.cope.es\/blogs\/cine-y-libertad\/2021\/03\/29\/grand-dolls-y-su-homenaje-a-la-invasion-de-los-ladrones-de-cuerpos\/#primaryimage"},"thumbnailUrl":"https:\/\/www.cope.es\/blogs\/cine-y-libertad\/wp-content\/uploads\/sites\/7\/2021\/03\/zeeeeeeeeeeeee.jpg","datePublished":"2021-03-29T18:27:41+00:00","dateModified":"2021-03-29T18:40:18+00:00","author":{"@id":"https:\/\/www.cope.es\/blogs\/cine-y-libertad\/#\/schema\/person\/c95904a4fbf751a8d9124f8fa8bdaace"},"description":"Grand Dolls y su homenaje a La invasi\u00f3n de los ladrones de cuerpos. \u00bfQu\u00e9 te da m\u00e1s miedo el terror o la intriga?Grand Dolls y su homenaje a...","breadcrumb":{"@id":"https:\/\/www.cope.es\/blogs\/cine-y-libertad\/2021\/03\/29\/grand-dolls-y-su-homenaje-a-la-invasion-de-los-ladrones-de-cuerpos\/#breadcrumb"},"inLanguage":"es","potentialAction":[{"@type":"ReadAction","target":["https:\/\/www.cope.es\/blogs\/cine-y-libertad\/2021\/03\/29\/grand-dolls-y-su-homenaje-a-la-invasion-de-los-ladrones-de-cuerpos\/"]}]},{"@type":"ImageObject","inLanguage":"es","@id":"https:\/\/www.cope.es\/blogs\/cine-y-libertad\/2021\/03\/29\/grand-dolls-y-su-homenaje-a-la-invasion-de-los-ladrones-de-cuerpos\/#primaryimage","url":"https:\/\/www.cope.es\/blogs\/cine-y-libertad\/wp-content\/uploads\/sites\/7\/2021\/03\/zeeeeeeeeeeeee.jpg","contentUrl":"https:\/\/www.cope.es\/blogs\/cine-y-libertad\/wp-content\/uploads\/sites\/7\/2021\/03\/zeeeeeeeeeeeee.jpg","width":300,"height":168},{"@type":"BreadcrumbList","@id":"https:\/\/www.cope.es\/blogs\/cine-y-libertad\/2021\/03\/29\/grand-dolls-y-su-homenaje-a-la-invasion-de-los-ladrones-de-cuerpos\/#breadcrumb","itemListElement":[{"@type":"ListItem","position":1,"name":"Portada","item":"https:\/\/www.cope.es\/blogs\/cine-y-libertad\/"},{"@type":"ListItem","position":2,"name":"Grand Dolls y su homenaje a La invasi\u00f3n de los ladrones de cuerpos"}]},{"@type":"WebSite","@id":"https:\/\/www.cope.es\/blogs\/cine-y-libertad\/#website","url":"https:\/\/www.cope.es\/blogs\/cine-y-libertad\/","name":"Cine y Libertad","description":"Cine y Libertad un blog de COPE","potentialAction":[{"@type":"SearchAction","target":{"@type":"EntryPoint","urlTemplate":"https:\/\/www.cope.es\/blogs\/cine-y-libertad\/?s={search_term_string}"},"query-input":{"@type":"PropertyValueSpecification","valueRequired":true,"valueName":"search_term_string"}}],"inLanguage":"es"},{"@type":"Person","@id":"https:\/\/www.cope.es\/blogs\/cine-y-libertad\/#\/schema\/person\/c95904a4fbf751a8d9124f8fa8bdaace","name":"V\u00edctor Alvarado","image":{"@type":"ImageObject","inLanguage":"es","@id":"https:\/\/secure.gravatar.com\/avatar\/db4634ae2001f7f920b8294d926f3e737ada04196e014ebacae29a4848f905f4?s=96&d=mm&r=g","url":"https:\/\/secure.gravatar.com\/avatar\/db4634ae2001f7f920b8294d926f3e737ada04196e014ebacae29a4848f905f4?s=96&d=mm&r=g","contentUrl":"https:\/\/secure.gravatar.com\/avatar\/db4634ae2001f7f920b8294d926f3e737ada04196e014ebacae29a4848f905f4?s=96&d=mm&r=g","caption":"V\u00edctor Alvarado"},"description":"V\u00edctor Alvarado tiene una larga experiencia tanto en medios de comunicaci\u00f3n como en educaci\u00f3n. Dirige el programa de radio, Directo a las Estrellas, en Intereconom\u00eda (Castilla y Le\u00f3n) y Informa Radio en toda Espa\u00f1a. Ha colaborado en Radio Inter y Esradio. Cr\u00edtico de cine en Pantalla 90, Diario Ya y P\u00e1ginas Digital. Es miembro del CEC. Es el autor de libro: La fe, la \u00e9tica y los valores de los superh\u00e9roes (PPC). Esta es su web: www.cineylibertad.com y, por supuesto, lleva m\u00e1s de 5 a\u00f1os como bloguero de Cope, donde analiza el cine, los c\u00f3mics y los libros desde una \u00f3ptica antropol\u00f3gica y axiol\u00f3gica, atendiendo a todas las dimensiones del ser humano.","sameAs":["http:\/\/www.cineylibertad.com","https:\/\/www.facebook.com\/victor.alvarado.56829446","https:\/\/www.instagram.com\/cineylibertad\/","https:\/\/x.com\/cineylibertad"],"url":"https:\/\/www.cope.es\/blogs\/cine-y-libertad\/author\/valvarado\/"}]}},"amp_enabled":true,"_links":{"self":[{"href":"https:\/\/www.cope.es\/blogs\/cine-y-libertad\/wp-json\/wp\/v2\/posts\/2653","targetHints":{"allow":["GET"]}}],"collection":[{"href":"https:\/\/www.cope.es\/blogs\/cine-y-libertad\/wp-json\/wp\/v2\/posts"}],"about":[{"href":"https:\/\/www.cope.es\/blogs\/cine-y-libertad\/wp-json\/wp\/v2\/types\/post"}],"author":[{"embeddable":true,"href":"https:\/\/www.cope.es\/blogs\/cine-y-libertad\/wp-json\/wp\/v2\/users\/7"}],"replies":[{"embeddable":true,"href":"https:\/\/www.cope.es\/blogs\/cine-y-libertad\/wp-json\/wp\/v2\/comments?post=2653"}],"version-history":[{"count":2,"href":"https:\/\/www.cope.es\/blogs\/cine-y-libertad\/wp-json\/wp\/v2\/posts\/2653\/revisions"}],"predecessor-version":[{"id":2658,"href":"https:\/\/www.cope.es\/blogs\/cine-y-libertad\/wp-json\/wp\/v2\/posts\/2653\/revisions\/2658"}],"wp:featuredmedia":[{"embeddable":true,"href":"https:\/\/www.cope.es\/blogs\/cine-y-libertad\/wp-json\/wp\/v2\/media\/2656"}],"wp:attachment":[{"href":"https:\/\/www.cope.es\/blogs\/cine-y-libertad\/wp-json\/wp\/v2\/media?parent=2653"}],"wp:term":[{"taxonomy":"category","embeddable":true,"href":"https:\/\/www.cope.es\/blogs\/cine-y-libertad\/wp-json\/wp\/v2\/categories?post=2653"},{"taxonomy":"post_tag","embeddable":true,"href":"https:\/\/www.cope.es\/blogs\/cine-y-libertad\/wp-json\/wp\/v2\/tags?post=2653"}],"curies":[{"name":"wp","href":"https:\/\/api.w.org\/{rel}","templated":true}]}}