{"id":2512,"date":"2021-02-04T15:39:12","date_gmt":"2021-02-04T14:39:12","guid":{"rendered":"http:\/\/www.cope.es\/blogs\/cine-y-libertad\/?p=2512"},"modified":"2021-02-04T15:39:12","modified_gmt":"2021-02-04T14:39:12","slug":"whitman-la-labor-humanitaria-del-autor-del-poema-a-abraham-lincoln","status":"publish","type":"post","link":"https:\/\/www.cope.es\/blogs\/cine-y-libertad\/2021\/02\/04\/whitman-la-labor-humanitaria-del-autor-del-poema-a-abraham-lincoln\/","title":{"rendered":"Whitman-La labor humanitaria del autor del poema a Abraham Lincoln"},"content":{"rendered":"<h4>Whitman-La labor humanitaria del autor del poema a Abraham Lincoln. \u00bfC\u00f3mo ayudaba este poeta a los soldados heridos en combate?<\/h4>\n<h4 class=\"postitle\"><strong>Aqu\u00ed puedes escuchar mi comentario:<a class=\"text-ellipsis\" title=\"Whitman-La labor humanitaria del autor del poema a Abraham Lincoln\" href=\"https:\/\/www.ivoox.com\/zonaPrivada_zw_64948310_1.html\">Whitman-La labor humanitaria del autor del poema a Abraham Lincoln <\/a> <small class=\"text-muted\"> <\/small><\/strong><\/h4>\n<p><img loading=\"lazy\" decoding=\"async\" width=\"235\" height=\"300\" class=\"alignnone size-medium wp-image-2513\" src=\"http:\/\/www.cope.es\/blogs\/cine-y-libertad\/wp-content\/uploads\/sites\/7\/2021\/02\/zWhitman-235x300.jpg\" alt=\"\" srcset=\"https:\/\/www.cope.es\/blogs\/cine-y-libertad\/wp-content\/uploads\/sites\/7\/2021\/02\/zWhitman-235x300.jpg 235w, https:\/\/www.cope.es\/blogs\/cine-y-libertad\/wp-content\/uploads\/sites\/7\/2021\/02\/zWhitman.jpg 310w\" sizes=\"auto, (max-width: 235px) 100vw, 235px\" \/><\/p>\n<p>\u00a1Lectores y amigos de Cine y Libertad!<\/p>\n<p>La editorial Atisberri nos habla de su c\u00f3mic:<\/p>\n<p>Walt Whitman, el poeta neoyorquino autor de <em>Hojas de hierba<\/em>, perdura en la memoria por su alabanza y exaltaci\u00f3n de la vida y los sentidos. Sus poemas, org\u00e1nicos, sensuales y sensoriales, son una aut\u00e9ntica oda a la naturaleza y al cuerpo propio.<\/p>\n<p>Pero Whitman no solo se cant\u00f3 y se celebr\u00f3 a s\u00ed mismo. En plena guerra de Secesi\u00f3n estadounidense (1861-1865), viaj\u00f3 en busca de su hermano e, impactado por la tremenda visi\u00f3n de los soldados heridos, decidi\u00f3 quedarse para cuidar de ellos. Se pas\u00f3 meses en hospitales de campa\u00f1a brind\u00e1ndoles compa\u00f1\u00eda, escribiendo cartas para sus familiares y consiguiendo donaciones para los soldados heridos.<\/p>\n<p>Tyto Alba, responsable de biograf\u00edas en c\u00f3mic de artistas como Picasso, Fellini o Balthus, se adentra esta vez en la vida del poeta Walt Whitman y en una de sus facetas quiz\u00e1s menos conocidas, para mostrar c\u00f3mo el autor del famoso poema dedicado a Abraham Lincoln, \u201c\u00a1Oh, Capit\u00e1n, mi Capit\u00e1n!\u201d, vio nacer Estados Unidos.<\/p>\n<p>Puedes escucharnos en: <a class=\"orange font-12 decorationOnHover\" href=\"https:\/\/www.ivoox.com\/podcast-podcast-cine-libertad_sq_f121636_1.html\" target=\"_blank\">Podcast Cine y Libertad<\/a><\/p>\n<p>Facebook:<a class=\"oajrlxb2 g5ia77u1 qu0x051f esr5mh6w e9989ue4 r7d6kgcz rq0escxv nhd2j8a9 nc684nl6 p7hjln8o kvgmc6g5 cxmmr5t8 oygrvhab hcukyx3x jb3vyjys rz4wbd8a qt6c0cv9 a8nywdso i1ao9s8h esuyzwwr f1sip0of lzcic4wl oo9gr5id gpro0wi8 lrazzd5p\" href=\"https:\/\/www.facebook.com\/victor.alvarado.56829446?__cft__[0]=AZVvjMHMG9TKVYRQdoz_hhxF4d43zHlU2LiMu9-F0e4HoeLyd-aP6uDiZzLTlNMdfqEhfEk9HRjviSddN-KX3DcwYXBT2qrJvDBkdOuws_GnwcucQ5JtQMUSm49U574CLvpLCjWzwuPyScfbVvb7c6MU&amp;__tn__=-UC%2CP-R\"><strong>Cine y Libertad<\/strong><\/a><\/p>\n<p>Twitter: <span class=\"x_DashboardProfileCard-screenname x_u-inlineBlock x_u-dir\"><a class=\"x_DashboardProfileCard-screennameLink x_u-linkComplex x_u-linkClean\" href=\"https:\/\/twitter.com\/cineylibertad\" target=\"_blank\">@<span class=\"x_u-linkComplex-target\">cineylibertad<\/span><\/a><\/span><\/p>\n","protected":false},"excerpt":{"rendered":"<p>Whitman-La labor humanitaria del autor del poema a Abraham Lincoln. \u00bfC\u00f3mo ayudaba este poeta a los soldados heridos en combate? Aqu\u00ed puedes escuchar mi comentario:Whitman-La labor humanitaria del autor del poema a Abraham Lincoln \u00a1Lectores y amigos de Cine y Libertad! La editorial Atisberri nos habla de su c\u00f3mic: Walt Whitman, el poeta neoyorquino autor [&hellip;]<\/p>\n","protected":false},"author":7,"featured_media":2513,"comment_status":"open","ping_status":"open","sticky":false,"template":"","format":"standard","meta":{"footnotes":""},"categories":[3,4,22,219],"tags":[],"class_list":["post-2512","post","type-post","status-publish","format-standard","has-post-thumbnail","hentry","category-cine","category-comics","category-historia","category-politica"],"yoast_head":"<!-- This site is optimized with the Yoast SEO plugin v27.4 - https:\/\/yoast.com\/product\/yoast-seo-wordpress\/ -->\n<title>Whitman-La labor humanitaria del autor del poema a Abraham Lincoln<\/title>\n<meta name=\"description\" content=\"Whitman-La labor humanitaria del autor del poema a Abraham Lincoln. \u00bfC\u00f3mo ayudaba este poeta a los soldados heridos en combate?\" \/>\n<meta name=\"robots\" content=\"index, follow, max-snippet:-1, max-image-preview:large, max-video-preview:-1\" \/>\n<link rel=\"canonical\" href=\"https:\/\/www.cope.es\/blogs\/cine-y-libertad\/2021\/02\/04\/whitman-la-labor-humanitaria-del-autor-del-poema-a-abraham-lincoln\/\" \/>\n<meta property=\"og:locale\" content=\"es_ES\" \/>\n<meta property=\"og:type\" content=\"article\" \/>\n<meta property=\"og:title\" content=\"Whitman-La labor humanitaria del autor del poema a Abraham Lincoln\" \/>\n<meta property=\"og:description\" content=\"Whitman-La labor humanitaria del autor del poema a Abraham Lincoln. \u00bfC\u00f3mo ayudaba este poeta a los soldados heridos en combate?\" \/>\n<meta property=\"og:url\" content=\"https:\/\/www.cope.es\/blogs\/cine-y-libertad\/2021\/02\/04\/whitman-la-labor-humanitaria-del-autor-del-poema-a-abraham-lincoln\/\" \/>\n<meta property=\"og:site_name\" content=\"Cine y Libertad\" \/>\n<meta property=\"article:publisher\" content=\"https:\/\/www.facebook.com\/cope\/\" \/>\n<meta property=\"article:author\" content=\"https:\/\/www.facebook.com\/victor.alvarado.56829446\" \/>\n<meta property=\"article:published_time\" content=\"2021-02-04T14:39:12+00:00\" \/>\n<meta property=\"og:image\" content=\"https:\/\/www.cope.es\/blogs\/cine-y-libertad\/wp-content\/uploads\/sites\/7\/2021\/02\/zWhitman.jpg\" \/>\n\t<meta property=\"og:image:width\" content=\"310\" \/>\n\t<meta property=\"og:image:height\" content=\"396\" \/>\n\t<meta property=\"og:image:type\" content=\"image\/jpeg\" \/>\n<meta name=\"author\" content=\"V\u00edctor Alvarado\" \/>\n<meta name=\"twitter:card\" content=\"summary_large_image\" \/>\n<meta name=\"twitter:creator\" content=\"@cineylibertad\" \/>\n<meta name=\"twitter:site\" content=\"@cope_es\" \/>\n<meta name=\"twitter:label1\" content=\"Escrito por\" \/>\n\t<meta name=\"twitter:data1\" content=\"V\u00edctor Alvarado\" \/>\n\t<meta name=\"twitter:label2\" content=\"Tiempo de lectura\" \/>\n\t<meta name=\"twitter:data2\" content=\"1 minuto\" \/>\n<script type=\"application\/ld+json\" class=\"yoast-schema-graph\">{\"@context\":\"https:\\\/\\\/schema.org\",\"@graph\":[{\"@type\":\"Article\",\"@id\":\"https:\\\/\\\/www.cope.es\\\/blogs\\\/cine-y-libertad\\\/2021\\\/02\\\/04\\\/whitman-la-labor-humanitaria-del-autor-del-poema-a-abraham-lincoln\\\/#article\",\"isPartOf\":{\"@id\":\"https:\\\/\\\/www.cope.es\\\/blogs\\\/cine-y-libertad\\\/2021\\\/02\\\/04\\\/whitman-la-labor-humanitaria-del-autor-del-poema-a-abraham-lincoln\\\/\"},\"author\":{\"name\":\"V\u00edctor Alvarado\",\"@id\":\"https:\\\/\\\/www.cope.es\\\/blogs\\\/cine-y-libertad\\\/#\\\/schema\\\/person\\\/c95904a4fbf751a8d9124f8fa8bdaace\"},\"headline\":\"Whitman-La labor humanitaria del autor del poema a Abraham Lincoln\",\"datePublished\":\"2021-02-04T14:39:12+00:00\",\"mainEntityOfPage\":{\"@id\":\"https:\\\/\\\/www.cope.es\\\/blogs\\\/cine-y-libertad\\\/2021\\\/02\\\/04\\\/whitman-la-labor-humanitaria-del-autor-del-poema-a-abraham-lincoln\\\/\"},\"wordCount\":247,\"commentCount\":0,\"image\":{\"@id\":\"https:\\\/\\\/www.cope.es\\\/blogs\\\/cine-y-libertad\\\/2021\\\/02\\\/04\\\/whitman-la-labor-humanitaria-del-autor-del-poema-a-abraham-lincoln\\\/#primaryimage\"},\"thumbnailUrl\":\"https:\\\/\\\/www.cope.es\\\/blogs\\\/cine-y-libertad\\\/wp-content\\\/uploads\\\/sites\\\/7\\\/2021\\\/02\\\/zWhitman.jpg\",\"articleSection\":[\"cine\",\"c\u00f3mics\",\"historia\",\"Pol\u00edtica\"],\"inLanguage\":\"es\",\"potentialAction\":[{\"@type\":\"CommentAction\",\"name\":\"Comment\",\"target\":[\"https:\\\/\\\/www.cope.es\\\/blogs\\\/cine-y-libertad\\\/2021\\\/02\\\/04\\\/whitman-la-labor-humanitaria-del-autor-del-poema-a-abraham-lincoln\\\/#respond\"]}]},{\"@type\":\"WebPage\",\"@id\":\"https:\\\/\\\/www.cope.es\\\/blogs\\\/cine-y-libertad\\\/2021\\\/02\\\/04\\\/whitman-la-labor-humanitaria-del-autor-del-poema-a-abraham-lincoln\\\/\",\"url\":\"https:\\\/\\\/www.cope.es\\\/blogs\\\/cine-y-libertad\\\/2021\\\/02\\\/04\\\/whitman-la-labor-humanitaria-del-autor-del-poema-a-abraham-lincoln\\\/\",\"name\":\"Whitman-La labor humanitaria del autor del poema a Abraham Lincoln\",\"isPartOf\":{\"@id\":\"https:\\\/\\\/www.cope.es\\\/blogs\\\/cine-y-libertad\\\/#website\"},\"primaryImageOfPage\":{\"@id\":\"https:\\\/\\\/www.cope.es\\\/blogs\\\/cine-y-libertad\\\/2021\\\/02\\\/04\\\/whitman-la-labor-humanitaria-del-autor-del-poema-a-abraham-lincoln\\\/#primaryimage\"},\"image\":{\"@id\":\"https:\\\/\\\/www.cope.es\\\/blogs\\\/cine-y-libertad\\\/2021\\\/02\\\/04\\\/whitman-la-labor-humanitaria-del-autor-del-poema-a-abraham-lincoln\\\/#primaryimage\"},\"thumbnailUrl\":\"https:\\\/\\\/www.cope.es\\\/blogs\\\/cine-y-libertad\\\/wp-content\\\/uploads\\\/sites\\\/7\\\/2021\\\/02\\\/zWhitman.jpg\",\"datePublished\":\"2021-02-04T14:39:12+00:00\",\"author\":{\"@id\":\"https:\\\/\\\/www.cope.es\\\/blogs\\\/cine-y-libertad\\\/#\\\/schema\\\/person\\\/c95904a4fbf751a8d9124f8fa8bdaace\"},\"description\":\"Whitman-La labor humanitaria del autor del poema a Abraham Lincoln. \u00bfC\u00f3mo ayudaba este poeta a los soldados heridos en combate?\",\"breadcrumb\":{\"@id\":\"https:\\\/\\\/www.cope.es\\\/blogs\\\/cine-y-libertad\\\/2021\\\/02\\\/04\\\/whitman-la-labor-humanitaria-del-autor-del-poema-a-abraham-lincoln\\\/#breadcrumb\"},\"inLanguage\":\"es\",\"potentialAction\":[{\"@type\":\"ReadAction\",\"target\":[\"https:\\\/\\\/www.cope.es\\\/blogs\\\/cine-y-libertad\\\/2021\\\/02\\\/04\\\/whitman-la-labor-humanitaria-del-autor-del-poema-a-abraham-lincoln\\\/\"]}]},{\"@type\":\"ImageObject\",\"inLanguage\":\"es\",\"@id\":\"https:\\\/\\\/www.cope.es\\\/blogs\\\/cine-y-libertad\\\/2021\\\/02\\\/04\\\/whitman-la-labor-humanitaria-del-autor-del-poema-a-abraham-lincoln\\\/#primaryimage\",\"url\":\"https:\\\/\\\/www.cope.es\\\/blogs\\\/cine-y-libertad\\\/wp-content\\\/uploads\\\/sites\\\/7\\\/2021\\\/02\\\/zWhitman.jpg\",\"contentUrl\":\"https:\\\/\\\/www.cope.es\\\/blogs\\\/cine-y-libertad\\\/wp-content\\\/uploads\\\/sites\\\/7\\\/2021\\\/02\\\/zWhitman.jpg\",\"width\":310,\"height\":396},{\"@type\":\"BreadcrumbList\",\"@id\":\"https:\\\/\\\/www.cope.es\\\/blogs\\\/cine-y-libertad\\\/2021\\\/02\\\/04\\\/whitman-la-labor-humanitaria-del-autor-del-poema-a-abraham-lincoln\\\/#breadcrumb\",\"itemListElement\":[{\"@type\":\"ListItem\",\"position\":1,\"name\":\"Portada\",\"item\":\"https:\\\/\\\/www.cope.es\\\/blogs\\\/cine-y-libertad\\\/\"},{\"@type\":\"ListItem\",\"position\":2,\"name\":\"Whitman-La labor humanitaria del autor del poema a Abraham Lincoln\"}]},{\"@type\":\"WebSite\",\"@id\":\"https:\\\/\\\/www.cope.es\\\/blogs\\\/cine-y-libertad\\\/#website\",\"url\":\"https:\\\/\\\/www.cope.es\\\/blogs\\\/cine-y-libertad\\\/\",\"name\":\"Cine y Libertad\",\"description\":\"Cine y Libertad un blog de COPE\",\"potentialAction\":[{\"@type\":\"SearchAction\",\"target\":{\"@type\":\"EntryPoint\",\"urlTemplate\":\"https:\\\/\\\/www.cope.es\\\/blogs\\\/cine-y-libertad\\\/?s={search_term_string}\"},\"query-input\":{\"@type\":\"PropertyValueSpecification\",\"valueRequired\":true,\"valueName\":\"search_term_string\"}}],\"inLanguage\":\"es\"},{\"@type\":\"Person\",\"@id\":\"https:\\\/\\\/www.cope.es\\\/blogs\\\/cine-y-libertad\\\/#\\\/schema\\\/person\\\/c95904a4fbf751a8d9124f8fa8bdaace\",\"name\":\"V\u00edctor Alvarado\",\"image\":{\"@type\":\"ImageObject\",\"inLanguage\":\"es\",\"@id\":\"https:\\\/\\\/secure.gravatar.com\\\/avatar\\\/db4634ae2001f7f920b8294d926f3e737ada04196e014ebacae29a4848f905f4?s=96&d=mm&r=g\",\"url\":\"https:\\\/\\\/secure.gravatar.com\\\/avatar\\\/db4634ae2001f7f920b8294d926f3e737ada04196e014ebacae29a4848f905f4?s=96&d=mm&r=g\",\"contentUrl\":\"https:\\\/\\\/secure.gravatar.com\\\/avatar\\\/db4634ae2001f7f920b8294d926f3e737ada04196e014ebacae29a4848f905f4?s=96&d=mm&r=g\",\"caption\":\"V\u00edctor Alvarado\"},\"description\":\"V\u00edctor Alvarado tiene una larga experiencia tanto en medios de comunicaci\u00f3n como en educaci\u00f3n. Dirige el programa de radio, Directo a las Estrellas, en Intereconom\u00eda (Castilla y Le\u00f3n) y Informa Radio en toda Espa\u00f1a. Ha colaborado en Radio Inter y Esradio. Cr\u00edtico de cine en Pantalla 90, Diario Ya y P\u00e1ginas Digital. Es miembro del CEC. Es el autor de libro: La fe, la \u00e9tica y los valores de los superh\u00e9roes (PPC). Esta es su web: www.cineylibertad.com y, por supuesto, lleva m\u00e1s de 5 a\u00f1os como bloguero de Cope, donde analiza el cine, los c\u00f3mics y los libros desde una \u00f3ptica antropol\u00f3gica y axiol\u00f3gica, atendiendo a todas las dimensiones del ser humano.\",\"sameAs\":[\"http:\\\/\\\/www.cineylibertad.com\",\"https:\\\/\\\/www.facebook.com\\\/victor.alvarado.56829446\",\"https:\\\/\\\/www.instagram.com\\\/cineylibertad\\\/\",\"https:\\\/\\\/x.com\\\/cineylibertad\"],\"url\":\"https:\\\/\\\/www.cope.es\\\/blogs\\\/cine-y-libertad\\\/author\\\/valvarado\\\/\"}]}<\/script>\n<!-- \/ Yoast SEO plugin. -->","yoast_head_json":{"title":"Whitman-La labor humanitaria del autor del poema a Abraham Lincoln","description":"Whitman-La labor humanitaria del autor del poema a Abraham Lincoln. \u00bfC\u00f3mo ayudaba este poeta a los soldados heridos en combate?","robots":{"index":"index","follow":"follow","max-snippet":"max-snippet:-1","max-image-preview":"max-image-preview:large","max-video-preview":"max-video-preview:-1"},"canonical":"https:\/\/www.cope.es\/blogs\/cine-y-libertad\/2021\/02\/04\/whitman-la-labor-humanitaria-del-autor-del-poema-a-abraham-lincoln\/","og_locale":"es_ES","og_type":"article","og_title":"Whitman-La labor humanitaria del autor del poema a Abraham Lincoln","og_description":"Whitman-La labor humanitaria del autor del poema a Abraham Lincoln. \u00bfC\u00f3mo ayudaba este poeta a los soldados heridos en combate?","og_url":"https:\/\/www.cope.es\/blogs\/cine-y-libertad\/2021\/02\/04\/whitman-la-labor-humanitaria-del-autor-del-poema-a-abraham-lincoln\/","og_site_name":"Cine y Libertad","article_publisher":"https:\/\/www.facebook.com\/cope\/","article_author":"https:\/\/www.facebook.com\/victor.alvarado.56829446","article_published_time":"2021-02-04T14:39:12+00:00","og_image":[{"width":310,"height":396,"url":"https:\/\/www.cope.es\/blogs\/cine-y-libertad\/wp-content\/uploads\/sites\/7\/2021\/02\/zWhitman.jpg","type":"image\/jpeg"}],"author":"V\u00edctor Alvarado","twitter_card":"summary_large_image","twitter_creator":"@cineylibertad","twitter_site":"@cope_es","twitter_misc":{"Escrito por":"V\u00edctor Alvarado","Tiempo de lectura":"1 minuto"},"schema":{"@context":"https:\/\/schema.org","@graph":[{"@type":"Article","@id":"https:\/\/www.cope.es\/blogs\/cine-y-libertad\/2021\/02\/04\/whitman-la-labor-humanitaria-del-autor-del-poema-a-abraham-lincoln\/#article","isPartOf":{"@id":"https:\/\/www.cope.es\/blogs\/cine-y-libertad\/2021\/02\/04\/whitman-la-labor-humanitaria-del-autor-del-poema-a-abraham-lincoln\/"},"author":{"name":"V\u00edctor Alvarado","@id":"https:\/\/www.cope.es\/blogs\/cine-y-libertad\/#\/schema\/person\/c95904a4fbf751a8d9124f8fa8bdaace"},"headline":"Whitman-La labor humanitaria del autor del poema a Abraham Lincoln","datePublished":"2021-02-04T14:39:12+00:00","mainEntityOfPage":{"@id":"https:\/\/www.cope.es\/blogs\/cine-y-libertad\/2021\/02\/04\/whitman-la-labor-humanitaria-del-autor-del-poema-a-abraham-lincoln\/"},"wordCount":247,"commentCount":0,"image":{"@id":"https:\/\/www.cope.es\/blogs\/cine-y-libertad\/2021\/02\/04\/whitman-la-labor-humanitaria-del-autor-del-poema-a-abraham-lincoln\/#primaryimage"},"thumbnailUrl":"https:\/\/www.cope.es\/blogs\/cine-y-libertad\/wp-content\/uploads\/sites\/7\/2021\/02\/zWhitman.jpg","articleSection":["cine","c\u00f3mics","historia","Pol\u00edtica"],"inLanguage":"es","potentialAction":[{"@type":"CommentAction","name":"Comment","target":["https:\/\/www.cope.es\/blogs\/cine-y-libertad\/2021\/02\/04\/whitman-la-labor-humanitaria-del-autor-del-poema-a-abraham-lincoln\/#respond"]}]},{"@type":"WebPage","@id":"https:\/\/www.cope.es\/blogs\/cine-y-libertad\/2021\/02\/04\/whitman-la-labor-humanitaria-del-autor-del-poema-a-abraham-lincoln\/","url":"https:\/\/www.cope.es\/blogs\/cine-y-libertad\/2021\/02\/04\/whitman-la-labor-humanitaria-del-autor-del-poema-a-abraham-lincoln\/","name":"Whitman-La labor humanitaria del autor del poema a Abraham Lincoln","isPartOf":{"@id":"https:\/\/www.cope.es\/blogs\/cine-y-libertad\/#website"},"primaryImageOfPage":{"@id":"https:\/\/www.cope.es\/blogs\/cine-y-libertad\/2021\/02\/04\/whitman-la-labor-humanitaria-del-autor-del-poema-a-abraham-lincoln\/#primaryimage"},"image":{"@id":"https:\/\/www.cope.es\/blogs\/cine-y-libertad\/2021\/02\/04\/whitman-la-labor-humanitaria-del-autor-del-poema-a-abraham-lincoln\/#primaryimage"},"thumbnailUrl":"https:\/\/www.cope.es\/blogs\/cine-y-libertad\/wp-content\/uploads\/sites\/7\/2021\/02\/zWhitman.jpg","datePublished":"2021-02-04T14:39:12+00:00","author":{"@id":"https:\/\/www.cope.es\/blogs\/cine-y-libertad\/#\/schema\/person\/c95904a4fbf751a8d9124f8fa8bdaace"},"description":"Whitman-La labor humanitaria del autor del poema a Abraham Lincoln. \u00bfC\u00f3mo ayudaba este poeta a los soldados heridos en combate?","breadcrumb":{"@id":"https:\/\/www.cope.es\/blogs\/cine-y-libertad\/2021\/02\/04\/whitman-la-labor-humanitaria-del-autor-del-poema-a-abraham-lincoln\/#breadcrumb"},"inLanguage":"es","potentialAction":[{"@type":"ReadAction","target":["https:\/\/www.cope.es\/blogs\/cine-y-libertad\/2021\/02\/04\/whitman-la-labor-humanitaria-del-autor-del-poema-a-abraham-lincoln\/"]}]},{"@type":"ImageObject","inLanguage":"es","@id":"https:\/\/www.cope.es\/blogs\/cine-y-libertad\/2021\/02\/04\/whitman-la-labor-humanitaria-del-autor-del-poema-a-abraham-lincoln\/#primaryimage","url":"https:\/\/www.cope.es\/blogs\/cine-y-libertad\/wp-content\/uploads\/sites\/7\/2021\/02\/zWhitman.jpg","contentUrl":"https:\/\/www.cope.es\/blogs\/cine-y-libertad\/wp-content\/uploads\/sites\/7\/2021\/02\/zWhitman.jpg","width":310,"height":396},{"@type":"BreadcrumbList","@id":"https:\/\/www.cope.es\/blogs\/cine-y-libertad\/2021\/02\/04\/whitman-la-labor-humanitaria-del-autor-del-poema-a-abraham-lincoln\/#breadcrumb","itemListElement":[{"@type":"ListItem","position":1,"name":"Portada","item":"https:\/\/www.cope.es\/blogs\/cine-y-libertad\/"},{"@type":"ListItem","position":2,"name":"Whitman-La labor humanitaria del autor del poema a Abraham Lincoln"}]},{"@type":"WebSite","@id":"https:\/\/www.cope.es\/blogs\/cine-y-libertad\/#website","url":"https:\/\/www.cope.es\/blogs\/cine-y-libertad\/","name":"Cine y Libertad","description":"Cine y Libertad un blog de COPE","potentialAction":[{"@type":"SearchAction","target":{"@type":"EntryPoint","urlTemplate":"https:\/\/www.cope.es\/blogs\/cine-y-libertad\/?s={search_term_string}"},"query-input":{"@type":"PropertyValueSpecification","valueRequired":true,"valueName":"search_term_string"}}],"inLanguage":"es"},{"@type":"Person","@id":"https:\/\/www.cope.es\/blogs\/cine-y-libertad\/#\/schema\/person\/c95904a4fbf751a8d9124f8fa8bdaace","name":"V\u00edctor Alvarado","image":{"@type":"ImageObject","inLanguage":"es","@id":"https:\/\/secure.gravatar.com\/avatar\/db4634ae2001f7f920b8294d926f3e737ada04196e014ebacae29a4848f905f4?s=96&d=mm&r=g","url":"https:\/\/secure.gravatar.com\/avatar\/db4634ae2001f7f920b8294d926f3e737ada04196e014ebacae29a4848f905f4?s=96&d=mm&r=g","contentUrl":"https:\/\/secure.gravatar.com\/avatar\/db4634ae2001f7f920b8294d926f3e737ada04196e014ebacae29a4848f905f4?s=96&d=mm&r=g","caption":"V\u00edctor Alvarado"},"description":"V\u00edctor Alvarado tiene una larga experiencia tanto en medios de comunicaci\u00f3n como en educaci\u00f3n. Dirige el programa de radio, Directo a las Estrellas, en Intereconom\u00eda (Castilla y Le\u00f3n) y Informa Radio en toda Espa\u00f1a. Ha colaborado en Radio Inter y Esradio. Cr\u00edtico de cine en Pantalla 90, Diario Ya y P\u00e1ginas Digital. Es miembro del CEC. Es el autor de libro: La fe, la \u00e9tica y los valores de los superh\u00e9roes (PPC). Esta es su web: www.cineylibertad.com y, por supuesto, lleva m\u00e1s de 5 a\u00f1os como bloguero de Cope, donde analiza el cine, los c\u00f3mics y los libros desde una \u00f3ptica antropol\u00f3gica y axiol\u00f3gica, atendiendo a todas las dimensiones del ser humano.","sameAs":["http:\/\/www.cineylibertad.com","https:\/\/www.facebook.com\/victor.alvarado.56829446","https:\/\/www.instagram.com\/cineylibertad\/","https:\/\/x.com\/cineylibertad"],"url":"https:\/\/www.cope.es\/blogs\/cine-y-libertad\/author\/valvarado\/"}]}},"amp_enabled":true,"_links":{"self":[{"href":"https:\/\/www.cope.es\/blogs\/cine-y-libertad\/wp-json\/wp\/v2\/posts\/2512","targetHints":{"allow":["GET"]}}],"collection":[{"href":"https:\/\/www.cope.es\/blogs\/cine-y-libertad\/wp-json\/wp\/v2\/posts"}],"about":[{"href":"https:\/\/www.cope.es\/blogs\/cine-y-libertad\/wp-json\/wp\/v2\/types\/post"}],"author":[{"embeddable":true,"href":"https:\/\/www.cope.es\/blogs\/cine-y-libertad\/wp-json\/wp\/v2\/users\/7"}],"replies":[{"embeddable":true,"href":"https:\/\/www.cope.es\/blogs\/cine-y-libertad\/wp-json\/wp\/v2\/comments?post=2512"}],"version-history":[{"count":1,"href":"https:\/\/www.cope.es\/blogs\/cine-y-libertad\/wp-json\/wp\/v2\/posts\/2512\/revisions"}],"predecessor-version":[{"id":2514,"href":"https:\/\/www.cope.es\/blogs\/cine-y-libertad\/wp-json\/wp\/v2\/posts\/2512\/revisions\/2514"}],"wp:featuredmedia":[{"embeddable":true,"href":"https:\/\/www.cope.es\/blogs\/cine-y-libertad\/wp-json\/wp\/v2\/media\/2513"}],"wp:attachment":[{"href":"https:\/\/www.cope.es\/blogs\/cine-y-libertad\/wp-json\/wp\/v2\/media?parent=2512"}],"wp:term":[{"taxonomy":"category","embeddable":true,"href":"https:\/\/www.cope.es\/blogs\/cine-y-libertad\/wp-json\/wp\/v2\/categories?post=2512"},{"taxonomy":"post_tag","embeddable":true,"href":"https:\/\/www.cope.es\/blogs\/cine-y-libertad\/wp-json\/wp\/v2\/tags?post=2512"}],"curies":[{"name":"wp","href":"https:\/\/api.w.org\/{rel}","templated":true}]}}