{"id":2458,"date":"2021-01-17T10:30:33","date_gmt":"2021-01-17T09:30:33","guid":{"rendered":"http:\/\/www.cope.es\/blogs\/cine-y-libertad\/?p=2458"},"modified":"2021-01-17T10:30:33","modified_gmt":"2021-01-17T09:30:33","slug":"23-paseos-el-alzheimer-la-soledad-y-el-amor-en-la-tercera-edad","status":"publish","type":"post","link":"https:\/\/www.cope.es\/blogs\/cine-y-libertad\/2021\/01\/17\/23-paseos-el-alzheimer-la-soledad-y-el-amor-en-la-tercera-edad\/","title":{"rendered":"23 paseos-El Alzheimer, la soledad y el amor en la tercera edad"},"content":{"rendered":"<h4>23 paseos-El Alzheimer, la soledad y el amor en la tercera edad. \u00bfC\u00f3mo se plantea la vida en la tercera edad?<\/h4>\n<h4 class=\"postitle\"><strong>Aqu\u00ed puedes escuchar mi comentario:<\/strong><a class=\"txt-white decorationOnHover\" href=\"https:\/\/www.ivoox.com\/23-paseos-el-alzheimer-soledad-amor-audios-mp3_rf_64025648_1.html\" target=\"_blank\">23 paseos-El Alzheimer, la soledad y el amor en la tercera edad <\/a><\/h4>\n<p><img loading=\"lazy\" decoding=\"async\" width=\"275\" height=\"183\" class=\"alignnone size-full wp-image-2459\" src=\"http:\/\/www.cope.es\/blogs\/cine-y-libertad\/wp-content\/uploads\/sites\/7\/2021\/01\/zzwpaseos2.jpg\" alt=\"\" \/><\/p>\n<p>\u00a1Lectores y amigos de Cine y Libertad!<\/p>\n<p>Este es la sinopsis oficial de la producci\u00f3n:<\/p>\n<p>Dave (Dave Johns) y Fern (Alison Steadman) son dos desconocidos de cierta edad que han sufrido por circunstancias de la vida. Se conocen mientras pasean a sus perros y, a lo largo de veintitr\u00e9s paseos, florece un romance entre los dos. Pero ni Dave ni Fern han sido del todo honestos el uno con elotro y su futuro puede verse comprometido por los secretos que se han guardado.<\/p>\n<p>Puedes escucharnos en: <a class=\"orange font-12 decorationOnHover\" href=\"https:\/\/www.ivoox.com\/podcast-podcast-cine-libertad_sq_f121636_1.html\" target=\"_blank\">Podcast cine y libertad<\/a><\/p>\n<p>Facebook:<a class=\"oajrlxb2 g5ia77u1 qu0x051f esr5mh6w e9989ue4 r7d6kgcz rq0escxv nhd2j8a9 nc684nl6 p7hjln8o kvgmc6g5 cxmmr5t8 oygrvhab hcukyx3x jb3vyjys rz4wbd8a qt6c0cv9 a8nywdso i1ao9s8h esuyzwwr f1sip0of lzcic4wl oo9gr5id gpro0wi8 lrazzd5p\" href=\"https:\/\/www.facebook.com\/victor.alvarado.56829446?__cft__[0]=AZVvjMHMG9TKVYRQdoz_hhxF4d43zHlU2LiMu9-F0e4HoeLyd-aP6uDiZzLTlNMdfqEhfEk9HRjviSddN-KX3DcwYXBT2qrJvDBkdOuws_GnwcucQ5JtQMUSm49U574CLvpLCjWzwuPyScfbVvb7c6MU&amp;__tn__=-UC%2CP-R\"><strong>Cine y Libertad<\/strong><\/a><\/p>\n<p>Twitter: <span class=\"x_DashboardProfileCard-screenname x_u-inlineBlock x_u-dir\"><a class=\"x_DashboardProfileCard-screennameLink x_u-linkComplex x_u-linkClean\" href=\"https:\/\/twitter.com\/cineylibertad\" target=\"_blank\">@<span class=\"x_u-linkComplex-target\">cineylibertad<\/span><\/a><\/span><\/p>\n","protected":false},"excerpt":{"rendered":"<p>23 paseos-El Alzheimer, la soledad y el amor en la tercera edad. \u00bfC\u00f3mo se plantea la vida en la tercera edad? Aqu\u00ed puedes escuchar mi comentario:23 paseos-El Alzheimer, la soledad y el amor en la tercera edad \u00a1Lectores y amigos de Cine y Libertad! Este es la sinopsis oficial de la producci\u00f3n: Dave (Dave Johns) [&hellip;]<\/p>\n","protected":false},"author":7,"featured_media":2459,"comment_status":"open","ping_status":"open","sticky":false,"template":"","format":"standard","meta":{"footnotes":""},"categories":[131,158,3,132,12,25,171,83],"tags":[],"class_list":["post-2458","post","type-post","status-publish","format-standard","has-post-thumbnail","hentry","category-amistad","category-amor","category-cine","category-comedia-dramatica","category-cristianismo","category-dignidad","category-espiritualidad","category-familia"],"yoast_head":"<!-- This site is optimized with the Yoast SEO plugin v27.4 - https:\/\/yoast.com\/product\/yoast-seo-wordpress\/ -->\n<title>23 paseos-El Alzheimer, la soledad y el amor en la tercera edad<\/title>\n<meta name=\"description\" content=\"23 paseos-El Alzheimer, la soledad y el amor en la tercera edad. \u00bfC\u00f3mo se plantea la vida en la tercera edad?23 paseos-El Alzheimer, la soledad y el amor...\" \/>\n<meta name=\"robots\" content=\"index, follow, max-snippet:-1, max-image-preview:large, max-video-preview:-1\" \/>\n<link rel=\"canonical\" href=\"https:\/\/www.cope.es\/blogs\/cine-y-libertad\/2021\/01\/17\/23-paseos-el-alzheimer-la-soledad-y-el-amor-en-la-tercera-edad\/\" \/>\n<meta property=\"og:locale\" content=\"es_ES\" \/>\n<meta property=\"og:type\" content=\"article\" \/>\n<meta property=\"og:title\" content=\"23 paseos-El Alzheimer, la soledad y el amor en la tercera edad\" \/>\n<meta property=\"og:description\" content=\"23 paseos-El Alzheimer, la soledad y el amor en la tercera edad. \u00bfC\u00f3mo se plantea la vida en la tercera edad?23 paseos-El Alzheimer, la soledad y el amor...\" \/>\n<meta property=\"og:url\" content=\"https:\/\/www.cope.es\/blogs\/cine-y-libertad\/2021\/01\/17\/23-paseos-el-alzheimer-la-soledad-y-el-amor-en-la-tercera-edad\/\" \/>\n<meta property=\"og:site_name\" content=\"Cine y Libertad\" \/>\n<meta property=\"article:publisher\" content=\"https:\/\/www.facebook.com\/cope\/\" \/>\n<meta property=\"article:author\" content=\"https:\/\/www.facebook.com\/victor.alvarado.56829446\" \/>\n<meta property=\"article:published_time\" content=\"2021-01-17T09:30:33+00:00\" \/>\n<meta property=\"og:image\" content=\"https:\/\/www.cope.es\/blogs\/cine-y-libertad\/wp-content\/uploads\/sites\/7\/2021\/01\/zzwpaseos2.jpg\" \/>\n\t<meta property=\"og:image:width\" content=\"275\" \/>\n\t<meta property=\"og:image:height\" content=\"183\" \/>\n\t<meta property=\"og:image:type\" content=\"image\/jpeg\" \/>\n<meta name=\"author\" content=\"V\u00edctor Alvarado\" \/>\n<meta name=\"twitter:card\" content=\"summary_large_image\" \/>\n<meta name=\"twitter:creator\" content=\"@cineylibertad\" \/>\n<meta name=\"twitter:site\" content=\"@cope_es\" \/>\n<meta name=\"twitter:label1\" content=\"Escrito por\" \/>\n\t<meta name=\"twitter:data1\" content=\"V\u00edctor Alvarado\" \/>\n\t<meta name=\"twitter:label2\" content=\"Tiempo de lectura\" \/>\n\t<meta name=\"twitter:data2\" content=\"1 minuto\" \/>\n<script type=\"application\/ld+json\" class=\"yoast-schema-graph\">{\"@context\":\"https:\\\/\\\/schema.org\",\"@graph\":[{\"@type\":\"Article\",\"@id\":\"https:\\\/\\\/www.cope.es\\\/blogs\\\/cine-y-libertad\\\/2021\\\/01\\\/17\\\/23-paseos-el-alzheimer-la-soledad-y-el-amor-en-la-tercera-edad\\\/#article\",\"isPartOf\":{\"@id\":\"https:\\\/\\\/www.cope.es\\\/blogs\\\/cine-y-libertad\\\/2021\\\/01\\\/17\\\/23-paseos-el-alzheimer-la-soledad-y-el-amor-en-la-tercera-edad\\\/\"},\"author\":{\"name\":\"V\u00edctor Alvarado\",\"@id\":\"https:\\\/\\\/www.cope.es\\\/blogs\\\/cine-y-libertad\\\/#\\\/schema\\\/person\\\/c95904a4fbf751a8d9124f8fa8bdaace\"},\"headline\":\"23 paseos-El Alzheimer, la soledad y el amor en la tercera edad\",\"datePublished\":\"2021-01-17T09:30:33+00:00\",\"mainEntityOfPage\":{\"@id\":\"https:\\\/\\\/www.cope.es\\\/blogs\\\/cine-y-libertad\\\/2021\\\/01\\\/17\\\/23-paseos-el-alzheimer-la-soledad-y-el-amor-en-la-tercera-edad\\\/\"},\"wordCount\":146,\"commentCount\":0,\"image\":{\"@id\":\"https:\\\/\\\/www.cope.es\\\/blogs\\\/cine-y-libertad\\\/2021\\\/01\\\/17\\\/23-paseos-el-alzheimer-la-soledad-y-el-amor-en-la-tercera-edad\\\/#primaryimage\"},\"thumbnailUrl\":\"https:\\\/\\\/www.cope.es\\\/blogs\\\/cine-y-libertad\\\/wp-content\\\/uploads\\\/sites\\\/7\\\/2021\\\/01\\\/zzwpaseos2.jpg\",\"articleSection\":[\"amistad\",\"amor\",\"cine\",\"comedia dram\u00e1tica\",\"cristianismo\",\"dignidad\",\"espiritualidad\",\"familia\"],\"inLanguage\":\"es\",\"potentialAction\":[{\"@type\":\"CommentAction\",\"name\":\"Comment\",\"target\":[\"https:\\\/\\\/www.cope.es\\\/blogs\\\/cine-y-libertad\\\/2021\\\/01\\\/17\\\/23-paseos-el-alzheimer-la-soledad-y-el-amor-en-la-tercera-edad\\\/#respond\"]}]},{\"@type\":\"WebPage\",\"@id\":\"https:\\\/\\\/www.cope.es\\\/blogs\\\/cine-y-libertad\\\/2021\\\/01\\\/17\\\/23-paseos-el-alzheimer-la-soledad-y-el-amor-en-la-tercera-edad\\\/\",\"url\":\"https:\\\/\\\/www.cope.es\\\/blogs\\\/cine-y-libertad\\\/2021\\\/01\\\/17\\\/23-paseos-el-alzheimer-la-soledad-y-el-amor-en-la-tercera-edad\\\/\",\"name\":\"23 paseos-El Alzheimer, la soledad y el amor en la tercera edad\",\"isPartOf\":{\"@id\":\"https:\\\/\\\/www.cope.es\\\/blogs\\\/cine-y-libertad\\\/#website\"},\"primaryImageOfPage\":{\"@id\":\"https:\\\/\\\/www.cope.es\\\/blogs\\\/cine-y-libertad\\\/2021\\\/01\\\/17\\\/23-paseos-el-alzheimer-la-soledad-y-el-amor-en-la-tercera-edad\\\/#primaryimage\"},\"image\":{\"@id\":\"https:\\\/\\\/www.cope.es\\\/blogs\\\/cine-y-libertad\\\/2021\\\/01\\\/17\\\/23-paseos-el-alzheimer-la-soledad-y-el-amor-en-la-tercera-edad\\\/#primaryimage\"},\"thumbnailUrl\":\"https:\\\/\\\/www.cope.es\\\/blogs\\\/cine-y-libertad\\\/wp-content\\\/uploads\\\/sites\\\/7\\\/2021\\\/01\\\/zzwpaseos2.jpg\",\"datePublished\":\"2021-01-17T09:30:33+00:00\",\"author\":{\"@id\":\"https:\\\/\\\/www.cope.es\\\/blogs\\\/cine-y-libertad\\\/#\\\/schema\\\/person\\\/c95904a4fbf751a8d9124f8fa8bdaace\"},\"description\":\"23 paseos-El Alzheimer, la soledad y el amor en la tercera edad. \u00bfC\u00f3mo se plantea la vida en la tercera edad?23 paseos-El Alzheimer, la soledad y el amor...\",\"breadcrumb\":{\"@id\":\"https:\\\/\\\/www.cope.es\\\/blogs\\\/cine-y-libertad\\\/2021\\\/01\\\/17\\\/23-paseos-el-alzheimer-la-soledad-y-el-amor-en-la-tercera-edad\\\/#breadcrumb\"},\"inLanguage\":\"es\",\"potentialAction\":[{\"@type\":\"ReadAction\",\"target\":[\"https:\\\/\\\/www.cope.es\\\/blogs\\\/cine-y-libertad\\\/2021\\\/01\\\/17\\\/23-paseos-el-alzheimer-la-soledad-y-el-amor-en-la-tercera-edad\\\/\"]}]},{\"@type\":\"ImageObject\",\"inLanguage\":\"es\",\"@id\":\"https:\\\/\\\/www.cope.es\\\/blogs\\\/cine-y-libertad\\\/2021\\\/01\\\/17\\\/23-paseos-el-alzheimer-la-soledad-y-el-amor-en-la-tercera-edad\\\/#primaryimage\",\"url\":\"https:\\\/\\\/www.cope.es\\\/blogs\\\/cine-y-libertad\\\/wp-content\\\/uploads\\\/sites\\\/7\\\/2021\\\/01\\\/zzwpaseos2.jpg\",\"contentUrl\":\"https:\\\/\\\/www.cope.es\\\/blogs\\\/cine-y-libertad\\\/wp-content\\\/uploads\\\/sites\\\/7\\\/2021\\\/01\\\/zzwpaseos2.jpg\",\"width\":275,\"height\":183},{\"@type\":\"BreadcrumbList\",\"@id\":\"https:\\\/\\\/www.cope.es\\\/blogs\\\/cine-y-libertad\\\/2021\\\/01\\\/17\\\/23-paseos-el-alzheimer-la-soledad-y-el-amor-en-la-tercera-edad\\\/#breadcrumb\",\"itemListElement\":[{\"@type\":\"ListItem\",\"position\":1,\"name\":\"Portada\",\"item\":\"https:\\\/\\\/www.cope.es\\\/blogs\\\/cine-y-libertad\\\/\"},{\"@type\":\"ListItem\",\"position\":2,\"name\":\"23 paseos-El Alzheimer, la soledad y el amor en la tercera edad\"}]},{\"@type\":\"WebSite\",\"@id\":\"https:\\\/\\\/www.cope.es\\\/blogs\\\/cine-y-libertad\\\/#website\",\"url\":\"https:\\\/\\\/www.cope.es\\\/blogs\\\/cine-y-libertad\\\/\",\"name\":\"Cine y Libertad\",\"description\":\"Cine y Libertad un blog de COPE\",\"potentialAction\":[{\"@type\":\"SearchAction\",\"target\":{\"@type\":\"EntryPoint\",\"urlTemplate\":\"https:\\\/\\\/www.cope.es\\\/blogs\\\/cine-y-libertad\\\/?s={search_term_string}\"},\"query-input\":{\"@type\":\"PropertyValueSpecification\",\"valueRequired\":true,\"valueName\":\"search_term_string\"}}],\"inLanguage\":\"es\"},{\"@type\":\"Person\",\"@id\":\"https:\\\/\\\/www.cope.es\\\/blogs\\\/cine-y-libertad\\\/#\\\/schema\\\/person\\\/c95904a4fbf751a8d9124f8fa8bdaace\",\"name\":\"V\u00edctor Alvarado\",\"image\":{\"@type\":\"ImageObject\",\"inLanguage\":\"es\",\"@id\":\"https:\\\/\\\/secure.gravatar.com\\\/avatar\\\/db4634ae2001f7f920b8294d926f3e737ada04196e014ebacae29a4848f905f4?s=96&d=mm&r=g\",\"url\":\"https:\\\/\\\/secure.gravatar.com\\\/avatar\\\/db4634ae2001f7f920b8294d926f3e737ada04196e014ebacae29a4848f905f4?s=96&d=mm&r=g\",\"contentUrl\":\"https:\\\/\\\/secure.gravatar.com\\\/avatar\\\/db4634ae2001f7f920b8294d926f3e737ada04196e014ebacae29a4848f905f4?s=96&d=mm&r=g\",\"caption\":\"V\u00edctor Alvarado\"},\"description\":\"V\u00edctor Alvarado tiene una larga experiencia tanto en medios de comunicaci\u00f3n como en educaci\u00f3n. Dirige el programa de radio, Directo a las Estrellas, en Intereconom\u00eda (Castilla y Le\u00f3n) y Informa Radio en toda Espa\u00f1a. Ha colaborado en Radio Inter y Esradio. Cr\u00edtico de cine en Pantalla 90, Diario Ya y P\u00e1ginas Digital. Es miembro del CEC. Es el autor de libro: La fe, la \u00e9tica y los valores de los superh\u00e9roes (PPC). Esta es su web: www.cineylibertad.com y, por supuesto, lleva m\u00e1s de 5 a\u00f1os como bloguero de Cope, donde analiza el cine, los c\u00f3mics y los libros desde una \u00f3ptica antropol\u00f3gica y axiol\u00f3gica, atendiendo a todas las dimensiones del ser humano.\",\"sameAs\":[\"http:\\\/\\\/www.cineylibertad.com\",\"https:\\\/\\\/www.facebook.com\\\/victor.alvarado.56829446\",\"https:\\\/\\\/www.instagram.com\\\/cineylibertad\\\/\",\"https:\\\/\\\/x.com\\\/cineylibertad\"],\"url\":\"https:\\\/\\\/www.cope.es\\\/blogs\\\/cine-y-libertad\\\/author\\\/valvarado\\\/\"}]}<\/script>\n<!-- \/ Yoast SEO plugin. -->","yoast_head_json":{"title":"23 paseos-El Alzheimer, la soledad y el amor en la tercera edad","description":"23 paseos-El Alzheimer, la soledad y el amor en la tercera edad. \u00bfC\u00f3mo se plantea la vida en la tercera edad?23 paseos-El Alzheimer, la soledad y el amor...","robots":{"index":"index","follow":"follow","max-snippet":"max-snippet:-1","max-image-preview":"max-image-preview:large","max-video-preview":"max-video-preview:-1"},"canonical":"https:\/\/www.cope.es\/blogs\/cine-y-libertad\/2021\/01\/17\/23-paseos-el-alzheimer-la-soledad-y-el-amor-en-la-tercera-edad\/","og_locale":"es_ES","og_type":"article","og_title":"23 paseos-El Alzheimer, la soledad y el amor en la tercera edad","og_description":"23 paseos-El Alzheimer, la soledad y el amor en la tercera edad. \u00bfC\u00f3mo se plantea la vida en la tercera edad?23 paseos-El Alzheimer, la soledad y el amor...","og_url":"https:\/\/www.cope.es\/blogs\/cine-y-libertad\/2021\/01\/17\/23-paseos-el-alzheimer-la-soledad-y-el-amor-en-la-tercera-edad\/","og_site_name":"Cine y Libertad","article_publisher":"https:\/\/www.facebook.com\/cope\/","article_author":"https:\/\/www.facebook.com\/victor.alvarado.56829446","article_published_time":"2021-01-17T09:30:33+00:00","og_image":[{"width":275,"height":183,"url":"https:\/\/www.cope.es\/blogs\/cine-y-libertad\/wp-content\/uploads\/sites\/7\/2021\/01\/zzwpaseos2.jpg","type":"image\/jpeg"}],"author":"V\u00edctor Alvarado","twitter_card":"summary_large_image","twitter_creator":"@cineylibertad","twitter_site":"@cope_es","twitter_misc":{"Escrito por":"V\u00edctor Alvarado","Tiempo de lectura":"1 minuto"},"schema":{"@context":"https:\/\/schema.org","@graph":[{"@type":"Article","@id":"https:\/\/www.cope.es\/blogs\/cine-y-libertad\/2021\/01\/17\/23-paseos-el-alzheimer-la-soledad-y-el-amor-en-la-tercera-edad\/#article","isPartOf":{"@id":"https:\/\/www.cope.es\/blogs\/cine-y-libertad\/2021\/01\/17\/23-paseos-el-alzheimer-la-soledad-y-el-amor-en-la-tercera-edad\/"},"author":{"name":"V\u00edctor Alvarado","@id":"https:\/\/www.cope.es\/blogs\/cine-y-libertad\/#\/schema\/person\/c95904a4fbf751a8d9124f8fa8bdaace"},"headline":"23 paseos-El Alzheimer, la soledad y el amor en la tercera edad","datePublished":"2021-01-17T09:30:33+00:00","mainEntityOfPage":{"@id":"https:\/\/www.cope.es\/blogs\/cine-y-libertad\/2021\/01\/17\/23-paseos-el-alzheimer-la-soledad-y-el-amor-en-la-tercera-edad\/"},"wordCount":146,"commentCount":0,"image":{"@id":"https:\/\/www.cope.es\/blogs\/cine-y-libertad\/2021\/01\/17\/23-paseos-el-alzheimer-la-soledad-y-el-amor-en-la-tercera-edad\/#primaryimage"},"thumbnailUrl":"https:\/\/www.cope.es\/blogs\/cine-y-libertad\/wp-content\/uploads\/sites\/7\/2021\/01\/zzwpaseos2.jpg","articleSection":["amistad","amor","cine","comedia dram\u00e1tica","cristianismo","dignidad","espiritualidad","familia"],"inLanguage":"es","potentialAction":[{"@type":"CommentAction","name":"Comment","target":["https:\/\/www.cope.es\/blogs\/cine-y-libertad\/2021\/01\/17\/23-paseos-el-alzheimer-la-soledad-y-el-amor-en-la-tercera-edad\/#respond"]}]},{"@type":"WebPage","@id":"https:\/\/www.cope.es\/blogs\/cine-y-libertad\/2021\/01\/17\/23-paseos-el-alzheimer-la-soledad-y-el-amor-en-la-tercera-edad\/","url":"https:\/\/www.cope.es\/blogs\/cine-y-libertad\/2021\/01\/17\/23-paseos-el-alzheimer-la-soledad-y-el-amor-en-la-tercera-edad\/","name":"23 paseos-El Alzheimer, la soledad y el amor en la tercera edad","isPartOf":{"@id":"https:\/\/www.cope.es\/blogs\/cine-y-libertad\/#website"},"primaryImageOfPage":{"@id":"https:\/\/www.cope.es\/blogs\/cine-y-libertad\/2021\/01\/17\/23-paseos-el-alzheimer-la-soledad-y-el-amor-en-la-tercera-edad\/#primaryimage"},"image":{"@id":"https:\/\/www.cope.es\/blogs\/cine-y-libertad\/2021\/01\/17\/23-paseos-el-alzheimer-la-soledad-y-el-amor-en-la-tercera-edad\/#primaryimage"},"thumbnailUrl":"https:\/\/www.cope.es\/blogs\/cine-y-libertad\/wp-content\/uploads\/sites\/7\/2021\/01\/zzwpaseos2.jpg","datePublished":"2021-01-17T09:30:33+00:00","author":{"@id":"https:\/\/www.cope.es\/blogs\/cine-y-libertad\/#\/schema\/person\/c95904a4fbf751a8d9124f8fa8bdaace"},"description":"23 paseos-El Alzheimer, la soledad y el amor en la tercera edad. \u00bfC\u00f3mo se plantea la vida en la tercera edad?23 paseos-El Alzheimer, la soledad y el amor...","breadcrumb":{"@id":"https:\/\/www.cope.es\/blogs\/cine-y-libertad\/2021\/01\/17\/23-paseos-el-alzheimer-la-soledad-y-el-amor-en-la-tercera-edad\/#breadcrumb"},"inLanguage":"es","potentialAction":[{"@type":"ReadAction","target":["https:\/\/www.cope.es\/blogs\/cine-y-libertad\/2021\/01\/17\/23-paseos-el-alzheimer-la-soledad-y-el-amor-en-la-tercera-edad\/"]}]},{"@type":"ImageObject","inLanguage":"es","@id":"https:\/\/www.cope.es\/blogs\/cine-y-libertad\/2021\/01\/17\/23-paseos-el-alzheimer-la-soledad-y-el-amor-en-la-tercera-edad\/#primaryimage","url":"https:\/\/www.cope.es\/blogs\/cine-y-libertad\/wp-content\/uploads\/sites\/7\/2021\/01\/zzwpaseos2.jpg","contentUrl":"https:\/\/www.cope.es\/blogs\/cine-y-libertad\/wp-content\/uploads\/sites\/7\/2021\/01\/zzwpaseos2.jpg","width":275,"height":183},{"@type":"BreadcrumbList","@id":"https:\/\/www.cope.es\/blogs\/cine-y-libertad\/2021\/01\/17\/23-paseos-el-alzheimer-la-soledad-y-el-amor-en-la-tercera-edad\/#breadcrumb","itemListElement":[{"@type":"ListItem","position":1,"name":"Portada","item":"https:\/\/www.cope.es\/blogs\/cine-y-libertad\/"},{"@type":"ListItem","position":2,"name":"23 paseos-El Alzheimer, la soledad y el amor en la tercera edad"}]},{"@type":"WebSite","@id":"https:\/\/www.cope.es\/blogs\/cine-y-libertad\/#website","url":"https:\/\/www.cope.es\/blogs\/cine-y-libertad\/","name":"Cine y Libertad","description":"Cine y Libertad un blog de COPE","potentialAction":[{"@type":"SearchAction","target":{"@type":"EntryPoint","urlTemplate":"https:\/\/www.cope.es\/blogs\/cine-y-libertad\/?s={search_term_string}"},"query-input":{"@type":"PropertyValueSpecification","valueRequired":true,"valueName":"search_term_string"}}],"inLanguage":"es"},{"@type":"Person","@id":"https:\/\/www.cope.es\/blogs\/cine-y-libertad\/#\/schema\/person\/c95904a4fbf751a8d9124f8fa8bdaace","name":"V\u00edctor Alvarado","image":{"@type":"ImageObject","inLanguage":"es","@id":"https:\/\/secure.gravatar.com\/avatar\/db4634ae2001f7f920b8294d926f3e737ada04196e014ebacae29a4848f905f4?s=96&d=mm&r=g","url":"https:\/\/secure.gravatar.com\/avatar\/db4634ae2001f7f920b8294d926f3e737ada04196e014ebacae29a4848f905f4?s=96&d=mm&r=g","contentUrl":"https:\/\/secure.gravatar.com\/avatar\/db4634ae2001f7f920b8294d926f3e737ada04196e014ebacae29a4848f905f4?s=96&d=mm&r=g","caption":"V\u00edctor Alvarado"},"description":"V\u00edctor Alvarado tiene una larga experiencia tanto en medios de comunicaci\u00f3n como en educaci\u00f3n. Dirige el programa de radio, Directo a las Estrellas, en Intereconom\u00eda (Castilla y Le\u00f3n) y Informa Radio en toda Espa\u00f1a. Ha colaborado en Radio Inter y Esradio. Cr\u00edtico de cine en Pantalla 90, Diario Ya y P\u00e1ginas Digital. Es miembro del CEC. Es el autor de libro: La fe, la \u00e9tica y los valores de los superh\u00e9roes (PPC). Esta es su web: www.cineylibertad.com y, por supuesto, lleva m\u00e1s de 5 a\u00f1os como bloguero de Cope, donde analiza el cine, los c\u00f3mics y los libros desde una \u00f3ptica antropol\u00f3gica y axiol\u00f3gica, atendiendo a todas las dimensiones del ser humano.","sameAs":["http:\/\/www.cineylibertad.com","https:\/\/www.facebook.com\/victor.alvarado.56829446","https:\/\/www.instagram.com\/cineylibertad\/","https:\/\/x.com\/cineylibertad"],"url":"https:\/\/www.cope.es\/blogs\/cine-y-libertad\/author\/valvarado\/"}]}},"amp_enabled":true,"_links":{"self":[{"href":"https:\/\/www.cope.es\/blogs\/cine-y-libertad\/wp-json\/wp\/v2\/posts\/2458","targetHints":{"allow":["GET"]}}],"collection":[{"href":"https:\/\/www.cope.es\/blogs\/cine-y-libertad\/wp-json\/wp\/v2\/posts"}],"about":[{"href":"https:\/\/www.cope.es\/blogs\/cine-y-libertad\/wp-json\/wp\/v2\/types\/post"}],"author":[{"embeddable":true,"href":"https:\/\/www.cope.es\/blogs\/cine-y-libertad\/wp-json\/wp\/v2\/users\/7"}],"replies":[{"embeddable":true,"href":"https:\/\/www.cope.es\/blogs\/cine-y-libertad\/wp-json\/wp\/v2\/comments?post=2458"}],"version-history":[{"count":1,"href":"https:\/\/www.cope.es\/blogs\/cine-y-libertad\/wp-json\/wp\/v2\/posts\/2458\/revisions"}],"predecessor-version":[{"id":2460,"href":"https:\/\/www.cope.es\/blogs\/cine-y-libertad\/wp-json\/wp\/v2\/posts\/2458\/revisions\/2460"}],"wp:featuredmedia":[{"embeddable":true,"href":"https:\/\/www.cope.es\/blogs\/cine-y-libertad\/wp-json\/wp\/v2\/media\/2459"}],"wp:attachment":[{"href":"https:\/\/www.cope.es\/blogs\/cine-y-libertad\/wp-json\/wp\/v2\/media?parent=2458"}],"wp:term":[{"taxonomy":"category","embeddable":true,"href":"https:\/\/www.cope.es\/blogs\/cine-y-libertad\/wp-json\/wp\/v2\/categories?post=2458"},{"taxonomy":"post_tag","embeddable":true,"href":"https:\/\/www.cope.es\/blogs\/cine-y-libertad\/wp-json\/wp\/v2\/tags?post=2458"}],"curies":[{"name":"wp","href":"https:\/\/api.w.org\/{rel}","templated":true}]}}