{"id":2443,"date":"2021-01-12T21:00:57","date_gmt":"2021-01-12T20:00:57","guid":{"rendered":"http:\/\/www.cope.es\/blogs\/cine-y-libertad\/?p=2443"},"modified":"2021-01-12T21:00:57","modified_gmt":"2021-01-12T20:00:57","slug":"la-cosa-el-caso-de-la-corona-serpiente-el-dos-por-uno-de-marvel","status":"publish","type":"post","link":"https:\/\/www.cope.es\/blogs\/cine-y-libertad\/2021\/01\/12\/la-cosa-el-caso-de-la-corona-serpiente-el-dos-por-uno-de-marvel\/","title":{"rendered":"La Cosa: El caso de la Corona Serpiente-El dos por uno de Marvel"},"content":{"rendered":"<p>La Cosa: El caso de la Corona Serpiente-El dos por uno de Marvel. \u00bfQu\u00e9 secretos se esconden en esta serie?<\/p>\n<p>Aqu\u00ed puedes escuchar mi comentario:<a title=\"La Cosa: El caso de la Corona Serpiente-El dos por uno de Marvel\" href=\"https:\/\/www.ivoox.com\/cosa-el-caso-corona-serpiente-el-audios-mp3_rf_63828484_1.html\">La Cosa: El caso de la Corona Serpiente-El dos por uno de Marvel<\/a><\/p>\n<p><img loading=\"lazy\" decoding=\"async\" width=\"196\" height=\"300\" class=\"alignnone size-medium wp-image-2444\" src=\"http:\/\/www.cope.es\/blogs\/cine-y-libertad\/wp-content\/uploads\/sites\/7\/2021\/01\/lacosa-196x300.jpg\" alt=\"\" srcset=\"https:\/\/www.cope.es\/blogs\/cine-y-libertad\/wp-content\/uploads\/sites\/7\/2021\/01\/lacosa-196x300.jpg 196w, https:\/\/www.cope.es\/blogs\/cine-y-libertad\/wp-content\/uploads\/sites\/7\/2021\/01\/lacosa.jpg 457w\" sizes=\"auto, (max-width: 196px) 100vw, 196px\" \/><\/p>\n<p>\u00a1Lectores y amigos de Cine y Libertad!<\/p>\n<p>La editorial Panini nos habla de su c\u00f3mic:<\/p>\n<p>La Corona Serpiente, un objeto que confiere poder inconmensurable a quien lo porta, permite a un nuevo enemigo tomar el control de Washington, D.C. Depende de La Cosa y sus amigos detenerlo. Con Los Vengadores, el Doctor Extra\u00f1o, Spiderman y Quasar. Redescubre la m\u00edtica aventura de los setenta.<\/p>\n<div class=\"texto1 clearfix\">\n<p>George P\u00e9rez, Mark Gruenwald, Jerry Bingham, Ralph Macchio, Steven Grant, Ron Wilson y Gene Day \u00a0 fueron sus autores.<\/p>\n<p>Puedes escucharnos en: <a class=\"orange font-12 decorationOnHover\" href=\"https:\/\/www.ivoox.com\/podcast-podcast-cine-libertad_sq_f121636_1.html\" target=\"_blank\">Podcast Cine y Libertad<\/a><\/p>\n<\/div>\n<p>Facebook:<a class=\"oajrlxb2 g5ia77u1 qu0x051f esr5mh6w e9989ue4 r7d6kgcz rq0escxv nhd2j8a9 nc684nl6 p7hjln8o kvgmc6g5 cxmmr5t8 oygrvhab hcukyx3x jb3vyjys rz4wbd8a qt6c0cv9 a8nywdso i1ao9s8h esuyzwwr f1sip0of lzcic4wl oo9gr5id gpro0wi8 lrazzd5p\" href=\"https:\/\/www.facebook.com\/victor.alvarado.56829446?__cft__[0]=AZVvjMHMG9TKVYRQdoz_hhxF4d43zHlU2LiMu9-F0e4HoeLyd-aP6uDiZzLTlNMdfqEhfEk9HRjviSddN-KX3DcwYXBT2qrJvDBkdOuws_GnwcucQ5JtQMUSm49U574CLvpLCjWzwuPyScfbVvb7c6MU&amp;__tn__=-UC%2CP-R\"><strong>Cine y Libertad<\/strong><\/a><\/p>\n<p>Twitter: <span class=\"x_DashboardProfileCard-screenname x_u-inlineBlock x_u-dir\"><a class=\"x_DashboardProfileCard-screennameLink x_u-linkComplex x_u-linkClean\" href=\"https:\/\/twitter.com\/cineylibertad\" target=\"_blank\">@<span class=\"x_u-linkComplex-target\">cineylibertad<\/span><\/a><\/span><\/p>\n","protected":false},"excerpt":{"rendered":"<p>La Cosa: El caso de la Corona Serpiente-El dos por uno de Marvel. \u00bfQu\u00e9 secretos se esconden en esta serie? Aqu\u00ed puedes escuchar mi comentario:La Cosa: El caso de la Corona Serpiente-El dos por uno de Marvel \u00a1Lectores y amigos de Cine y Libertad! La editorial Panini nos habla de su c\u00f3mic: La Corona Serpiente, [&hellip;]<\/p>\n","protected":false},"author":7,"featured_media":2444,"comment_status":"open","ping_status":"open","sticky":false,"template":"","format":"standard","meta":{"footnotes":""},"categories":[85,4,104,35,148,8],"tags":[],"class_list":["post-2443","post","type-post","status-publish","format-standard","has-post-thumbnail","hentry","category-aventuras","category-comics","category-humor","category-la-cosa","category-sentido-de-la-vida","category-superheroes"],"yoast_head":"<!-- This site is optimized with the Yoast SEO plugin v27.4 - https:\/\/yoast.com\/product\/yoast-seo-wordpress\/ -->\n<title>La Cosa: El caso de la Corona Serpiente-El dos por uno de Marvel<\/title>\n<meta name=\"description\" content=\"La Cosa: El caso de la Corona Serpiente-El dos por uno de Marvel. \u00bfQu\u00e9 secretos se esconden en esta serie?La Cosa: El caso de la Corona Serpiente...\" \/>\n<meta name=\"robots\" content=\"index, follow, max-snippet:-1, max-image-preview:large, max-video-preview:-1\" \/>\n<link rel=\"canonical\" href=\"https:\/\/www.cope.es\/blogs\/cine-y-libertad\/2021\/01\/12\/la-cosa-el-caso-de-la-corona-serpiente-el-dos-por-uno-de-marvel\/\" \/>\n<meta property=\"og:locale\" content=\"es_ES\" \/>\n<meta property=\"og:type\" content=\"article\" \/>\n<meta property=\"og:title\" content=\"La Cosa: El caso de la Corona Serpiente-El dos por uno de Marvel\" \/>\n<meta property=\"og:description\" content=\"La Cosa: El caso de la Corona Serpiente-El dos por uno de Marvel. \u00bfQu\u00e9 secretos se esconden en esta serie?La Cosa: El caso de la Corona Serpiente...\" \/>\n<meta property=\"og:url\" content=\"https:\/\/www.cope.es\/blogs\/cine-y-libertad\/2021\/01\/12\/la-cosa-el-caso-de-la-corona-serpiente-el-dos-por-uno-de-marvel\/\" \/>\n<meta property=\"og:site_name\" content=\"Cine y Libertad\" \/>\n<meta property=\"article:publisher\" content=\"https:\/\/www.facebook.com\/cope\/\" \/>\n<meta property=\"article:author\" content=\"https:\/\/www.facebook.com\/victor.alvarado.56829446\" \/>\n<meta property=\"article:published_time\" content=\"2021-01-12T20:00:57+00:00\" \/>\n<meta property=\"og:image\" content=\"https:\/\/www.cope.es\/blogs\/cine-y-libertad\/wp-content\/uploads\/sites\/7\/2021\/01\/lacosa.jpg\" \/>\n\t<meta property=\"og:image:width\" content=\"457\" \/>\n\t<meta property=\"og:image:height\" content=\"700\" \/>\n\t<meta property=\"og:image:type\" content=\"image\/jpeg\" \/>\n<meta name=\"author\" content=\"V\u00edctor Alvarado\" \/>\n<meta name=\"twitter:card\" content=\"summary_large_image\" \/>\n<meta name=\"twitter:creator\" content=\"@cineylibertad\" \/>\n<meta name=\"twitter:site\" content=\"@cope_es\" \/>\n<meta name=\"twitter:label1\" content=\"Escrito por\" \/>\n\t<meta name=\"twitter:data1\" content=\"V\u00edctor Alvarado\" \/>\n\t<meta name=\"twitter:label2\" content=\"Tiempo de lectura\" \/>\n\t<meta name=\"twitter:data2\" content=\"1 minuto\" \/>\n<script type=\"application\/ld+json\" class=\"yoast-schema-graph\">{\"@context\":\"https:\\\/\\\/schema.org\",\"@graph\":[{\"@type\":\"Article\",\"@id\":\"https:\\\/\\\/www.cope.es\\\/blogs\\\/cine-y-libertad\\\/2021\\\/01\\\/12\\\/la-cosa-el-caso-de-la-corona-serpiente-el-dos-por-uno-de-marvel\\\/#article\",\"isPartOf\":{\"@id\":\"https:\\\/\\\/www.cope.es\\\/blogs\\\/cine-y-libertad\\\/2021\\\/01\\\/12\\\/la-cosa-el-caso-de-la-corona-serpiente-el-dos-por-uno-de-marvel\\\/\"},\"author\":{\"name\":\"V\u00edctor Alvarado\",\"@id\":\"https:\\\/\\\/www.cope.es\\\/blogs\\\/cine-y-libertad\\\/#\\\/schema\\\/person\\\/c95904a4fbf751a8d9124f8fa8bdaace\"},\"headline\":\"La Cosa: El caso de la Corona Serpiente-El dos por uno de Marvel\",\"datePublished\":\"2021-01-12T20:00:57+00:00\",\"mainEntityOfPage\":{\"@id\":\"https:\\\/\\\/www.cope.es\\\/blogs\\\/cine-y-libertad\\\/2021\\\/01\\\/12\\\/la-cosa-el-caso-de-la-corona-serpiente-el-dos-por-uno-de-marvel\\\/\"},\"wordCount\":150,\"commentCount\":0,\"image\":{\"@id\":\"https:\\\/\\\/www.cope.es\\\/blogs\\\/cine-y-libertad\\\/2021\\\/01\\\/12\\\/la-cosa-el-caso-de-la-corona-serpiente-el-dos-por-uno-de-marvel\\\/#primaryimage\"},\"thumbnailUrl\":\"https:\\\/\\\/www.cope.es\\\/blogs\\\/cine-y-libertad\\\/wp-content\\\/uploads\\\/sites\\\/7\\\/2021\\\/01\\\/lacosa.jpg\",\"articleSection\":[\"aventuras\",\"c\u00f3mics\",\"humor\",\"La Cosa\",\"sentido de la vida\",\"Superh\u00e9roes\"],\"inLanguage\":\"es\",\"potentialAction\":[{\"@type\":\"CommentAction\",\"name\":\"Comment\",\"target\":[\"https:\\\/\\\/www.cope.es\\\/blogs\\\/cine-y-libertad\\\/2021\\\/01\\\/12\\\/la-cosa-el-caso-de-la-corona-serpiente-el-dos-por-uno-de-marvel\\\/#respond\"]}]},{\"@type\":\"WebPage\",\"@id\":\"https:\\\/\\\/www.cope.es\\\/blogs\\\/cine-y-libertad\\\/2021\\\/01\\\/12\\\/la-cosa-el-caso-de-la-corona-serpiente-el-dos-por-uno-de-marvel\\\/\",\"url\":\"https:\\\/\\\/www.cope.es\\\/blogs\\\/cine-y-libertad\\\/2021\\\/01\\\/12\\\/la-cosa-el-caso-de-la-corona-serpiente-el-dos-por-uno-de-marvel\\\/\",\"name\":\"La Cosa: El caso de la Corona Serpiente-El dos por uno de Marvel\",\"isPartOf\":{\"@id\":\"https:\\\/\\\/www.cope.es\\\/blogs\\\/cine-y-libertad\\\/#website\"},\"primaryImageOfPage\":{\"@id\":\"https:\\\/\\\/www.cope.es\\\/blogs\\\/cine-y-libertad\\\/2021\\\/01\\\/12\\\/la-cosa-el-caso-de-la-corona-serpiente-el-dos-por-uno-de-marvel\\\/#primaryimage\"},\"image\":{\"@id\":\"https:\\\/\\\/www.cope.es\\\/blogs\\\/cine-y-libertad\\\/2021\\\/01\\\/12\\\/la-cosa-el-caso-de-la-corona-serpiente-el-dos-por-uno-de-marvel\\\/#primaryimage\"},\"thumbnailUrl\":\"https:\\\/\\\/www.cope.es\\\/blogs\\\/cine-y-libertad\\\/wp-content\\\/uploads\\\/sites\\\/7\\\/2021\\\/01\\\/lacosa.jpg\",\"datePublished\":\"2021-01-12T20:00:57+00:00\",\"author\":{\"@id\":\"https:\\\/\\\/www.cope.es\\\/blogs\\\/cine-y-libertad\\\/#\\\/schema\\\/person\\\/c95904a4fbf751a8d9124f8fa8bdaace\"},\"description\":\"La Cosa: El caso de la Corona Serpiente-El dos por uno de Marvel. \u00bfQu\u00e9 secretos se esconden en esta serie?La Cosa: El caso de la Corona Serpiente...\",\"breadcrumb\":{\"@id\":\"https:\\\/\\\/www.cope.es\\\/blogs\\\/cine-y-libertad\\\/2021\\\/01\\\/12\\\/la-cosa-el-caso-de-la-corona-serpiente-el-dos-por-uno-de-marvel\\\/#breadcrumb\"},\"inLanguage\":\"es\",\"potentialAction\":[{\"@type\":\"ReadAction\",\"target\":[\"https:\\\/\\\/www.cope.es\\\/blogs\\\/cine-y-libertad\\\/2021\\\/01\\\/12\\\/la-cosa-el-caso-de-la-corona-serpiente-el-dos-por-uno-de-marvel\\\/\"]}]},{\"@type\":\"ImageObject\",\"inLanguage\":\"es\",\"@id\":\"https:\\\/\\\/www.cope.es\\\/blogs\\\/cine-y-libertad\\\/2021\\\/01\\\/12\\\/la-cosa-el-caso-de-la-corona-serpiente-el-dos-por-uno-de-marvel\\\/#primaryimage\",\"url\":\"https:\\\/\\\/www.cope.es\\\/blogs\\\/cine-y-libertad\\\/wp-content\\\/uploads\\\/sites\\\/7\\\/2021\\\/01\\\/lacosa.jpg\",\"contentUrl\":\"https:\\\/\\\/www.cope.es\\\/blogs\\\/cine-y-libertad\\\/wp-content\\\/uploads\\\/sites\\\/7\\\/2021\\\/01\\\/lacosa.jpg\",\"width\":457,\"height\":700},{\"@type\":\"BreadcrumbList\",\"@id\":\"https:\\\/\\\/www.cope.es\\\/blogs\\\/cine-y-libertad\\\/2021\\\/01\\\/12\\\/la-cosa-el-caso-de-la-corona-serpiente-el-dos-por-uno-de-marvel\\\/#breadcrumb\",\"itemListElement\":[{\"@type\":\"ListItem\",\"position\":1,\"name\":\"Portada\",\"item\":\"https:\\\/\\\/www.cope.es\\\/blogs\\\/cine-y-libertad\\\/\"},{\"@type\":\"ListItem\",\"position\":2,\"name\":\"La Cosa: El caso de la Corona Serpiente-El dos por uno de Marvel\"}]},{\"@type\":\"WebSite\",\"@id\":\"https:\\\/\\\/www.cope.es\\\/blogs\\\/cine-y-libertad\\\/#website\",\"url\":\"https:\\\/\\\/www.cope.es\\\/blogs\\\/cine-y-libertad\\\/\",\"name\":\"Cine y Libertad\",\"description\":\"Cine y Libertad un blog de COPE\",\"potentialAction\":[{\"@type\":\"SearchAction\",\"target\":{\"@type\":\"EntryPoint\",\"urlTemplate\":\"https:\\\/\\\/www.cope.es\\\/blogs\\\/cine-y-libertad\\\/?s={search_term_string}\"},\"query-input\":{\"@type\":\"PropertyValueSpecification\",\"valueRequired\":true,\"valueName\":\"search_term_string\"}}],\"inLanguage\":\"es\"},{\"@type\":\"Person\",\"@id\":\"https:\\\/\\\/www.cope.es\\\/blogs\\\/cine-y-libertad\\\/#\\\/schema\\\/person\\\/c95904a4fbf751a8d9124f8fa8bdaace\",\"name\":\"V\u00edctor Alvarado\",\"image\":{\"@type\":\"ImageObject\",\"inLanguage\":\"es\",\"@id\":\"https:\\\/\\\/secure.gravatar.com\\\/avatar\\\/db4634ae2001f7f920b8294d926f3e737ada04196e014ebacae29a4848f905f4?s=96&d=mm&r=g\",\"url\":\"https:\\\/\\\/secure.gravatar.com\\\/avatar\\\/db4634ae2001f7f920b8294d926f3e737ada04196e014ebacae29a4848f905f4?s=96&d=mm&r=g\",\"contentUrl\":\"https:\\\/\\\/secure.gravatar.com\\\/avatar\\\/db4634ae2001f7f920b8294d926f3e737ada04196e014ebacae29a4848f905f4?s=96&d=mm&r=g\",\"caption\":\"V\u00edctor Alvarado\"},\"description\":\"V\u00edctor Alvarado tiene una larga experiencia tanto en medios de comunicaci\u00f3n como en educaci\u00f3n. Dirige el programa de radio, Directo a las Estrellas, en Intereconom\u00eda (Castilla y Le\u00f3n) y Informa Radio en toda Espa\u00f1a. Ha colaborado en Radio Inter y Esradio. Cr\u00edtico de cine en Pantalla 90, Diario Ya y P\u00e1ginas Digital. Es miembro del CEC. Es el autor de libro: La fe, la \u00e9tica y los valores de los superh\u00e9roes (PPC). Esta es su web: www.cineylibertad.com y, por supuesto, lleva m\u00e1s de 5 a\u00f1os como bloguero de Cope, donde analiza el cine, los c\u00f3mics y los libros desde una \u00f3ptica antropol\u00f3gica y axiol\u00f3gica, atendiendo a todas las dimensiones del ser humano.\",\"sameAs\":[\"http:\\\/\\\/www.cineylibertad.com\",\"https:\\\/\\\/www.facebook.com\\\/victor.alvarado.56829446\",\"https:\\\/\\\/www.instagram.com\\\/cineylibertad\\\/\",\"https:\\\/\\\/x.com\\\/cineylibertad\"],\"url\":\"https:\\\/\\\/www.cope.es\\\/blogs\\\/cine-y-libertad\\\/author\\\/valvarado\\\/\"}]}<\/script>\n<!-- \/ Yoast SEO plugin. -->","yoast_head_json":{"title":"La Cosa: El caso de la Corona Serpiente-El dos por uno de Marvel","description":"La Cosa: El caso de la Corona Serpiente-El dos por uno de Marvel. \u00bfQu\u00e9 secretos se esconden en esta serie?La Cosa: El caso de la Corona Serpiente...","robots":{"index":"index","follow":"follow","max-snippet":"max-snippet:-1","max-image-preview":"max-image-preview:large","max-video-preview":"max-video-preview:-1"},"canonical":"https:\/\/www.cope.es\/blogs\/cine-y-libertad\/2021\/01\/12\/la-cosa-el-caso-de-la-corona-serpiente-el-dos-por-uno-de-marvel\/","og_locale":"es_ES","og_type":"article","og_title":"La Cosa: El caso de la Corona Serpiente-El dos por uno de Marvel","og_description":"La Cosa: El caso de la Corona Serpiente-El dos por uno de Marvel. \u00bfQu\u00e9 secretos se esconden en esta serie?La Cosa: El caso de la Corona Serpiente...","og_url":"https:\/\/www.cope.es\/blogs\/cine-y-libertad\/2021\/01\/12\/la-cosa-el-caso-de-la-corona-serpiente-el-dos-por-uno-de-marvel\/","og_site_name":"Cine y Libertad","article_publisher":"https:\/\/www.facebook.com\/cope\/","article_author":"https:\/\/www.facebook.com\/victor.alvarado.56829446","article_published_time":"2021-01-12T20:00:57+00:00","og_image":[{"width":457,"height":700,"url":"https:\/\/www.cope.es\/blogs\/cine-y-libertad\/wp-content\/uploads\/sites\/7\/2021\/01\/lacosa.jpg","type":"image\/jpeg"}],"author":"V\u00edctor Alvarado","twitter_card":"summary_large_image","twitter_creator":"@cineylibertad","twitter_site":"@cope_es","twitter_misc":{"Escrito por":"V\u00edctor Alvarado","Tiempo de lectura":"1 minuto"},"schema":{"@context":"https:\/\/schema.org","@graph":[{"@type":"Article","@id":"https:\/\/www.cope.es\/blogs\/cine-y-libertad\/2021\/01\/12\/la-cosa-el-caso-de-la-corona-serpiente-el-dos-por-uno-de-marvel\/#article","isPartOf":{"@id":"https:\/\/www.cope.es\/blogs\/cine-y-libertad\/2021\/01\/12\/la-cosa-el-caso-de-la-corona-serpiente-el-dos-por-uno-de-marvel\/"},"author":{"name":"V\u00edctor Alvarado","@id":"https:\/\/www.cope.es\/blogs\/cine-y-libertad\/#\/schema\/person\/c95904a4fbf751a8d9124f8fa8bdaace"},"headline":"La Cosa: El caso de la Corona Serpiente-El dos por uno de Marvel","datePublished":"2021-01-12T20:00:57+00:00","mainEntityOfPage":{"@id":"https:\/\/www.cope.es\/blogs\/cine-y-libertad\/2021\/01\/12\/la-cosa-el-caso-de-la-corona-serpiente-el-dos-por-uno-de-marvel\/"},"wordCount":150,"commentCount":0,"image":{"@id":"https:\/\/www.cope.es\/blogs\/cine-y-libertad\/2021\/01\/12\/la-cosa-el-caso-de-la-corona-serpiente-el-dos-por-uno-de-marvel\/#primaryimage"},"thumbnailUrl":"https:\/\/www.cope.es\/blogs\/cine-y-libertad\/wp-content\/uploads\/sites\/7\/2021\/01\/lacosa.jpg","articleSection":["aventuras","c\u00f3mics","humor","La Cosa","sentido de la vida","Superh\u00e9roes"],"inLanguage":"es","potentialAction":[{"@type":"CommentAction","name":"Comment","target":["https:\/\/www.cope.es\/blogs\/cine-y-libertad\/2021\/01\/12\/la-cosa-el-caso-de-la-corona-serpiente-el-dos-por-uno-de-marvel\/#respond"]}]},{"@type":"WebPage","@id":"https:\/\/www.cope.es\/blogs\/cine-y-libertad\/2021\/01\/12\/la-cosa-el-caso-de-la-corona-serpiente-el-dos-por-uno-de-marvel\/","url":"https:\/\/www.cope.es\/blogs\/cine-y-libertad\/2021\/01\/12\/la-cosa-el-caso-de-la-corona-serpiente-el-dos-por-uno-de-marvel\/","name":"La Cosa: El caso de la Corona Serpiente-El dos por uno de Marvel","isPartOf":{"@id":"https:\/\/www.cope.es\/blogs\/cine-y-libertad\/#website"},"primaryImageOfPage":{"@id":"https:\/\/www.cope.es\/blogs\/cine-y-libertad\/2021\/01\/12\/la-cosa-el-caso-de-la-corona-serpiente-el-dos-por-uno-de-marvel\/#primaryimage"},"image":{"@id":"https:\/\/www.cope.es\/blogs\/cine-y-libertad\/2021\/01\/12\/la-cosa-el-caso-de-la-corona-serpiente-el-dos-por-uno-de-marvel\/#primaryimage"},"thumbnailUrl":"https:\/\/www.cope.es\/blogs\/cine-y-libertad\/wp-content\/uploads\/sites\/7\/2021\/01\/lacosa.jpg","datePublished":"2021-01-12T20:00:57+00:00","author":{"@id":"https:\/\/www.cope.es\/blogs\/cine-y-libertad\/#\/schema\/person\/c95904a4fbf751a8d9124f8fa8bdaace"},"description":"La Cosa: El caso de la Corona Serpiente-El dos por uno de Marvel. \u00bfQu\u00e9 secretos se esconden en esta serie?La Cosa: El caso de la Corona Serpiente...","breadcrumb":{"@id":"https:\/\/www.cope.es\/blogs\/cine-y-libertad\/2021\/01\/12\/la-cosa-el-caso-de-la-corona-serpiente-el-dos-por-uno-de-marvel\/#breadcrumb"},"inLanguage":"es","potentialAction":[{"@type":"ReadAction","target":["https:\/\/www.cope.es\/blogs\/cine-y-libertad\/2021\/01\/12\/la-cosa-el-caso-de-la-corona-serpiente-el-dos-por-uno-de-marvel\/"]}]},{"@type":"ImageObject","inLanguage":"es","@id":"https:\/\/www.cope.es\/blogs\/cine-y-libertad\/2021\/01\/12\/la-cosa-el-caso-de-la-corona-serpiente-el-dos-por-uno-de-marvel\/#primaryimage","url":"https:\/\/www.cope.es\/blogs\/cine-y-libertad\/wp-content\/uploads\/sites\/7\/2021\/01\/lacosa.jpg","contentUrl":"https:\/\/www.cope.es\/blogs\/cine-y-libertad\/wp-content\/uploads\/sites\/7\/2021\/01\/lacosa.jpg","width":457,"height":700},{"@type":"BreadcrumbList","@id":"https:\/\/www.cope.es\/blogs\/cine-y-libertad\/2021\/01\/12\/la-cosa-el-caso-de-la-corona-serpiente-el-dos-por-uno-de-marvel\/#breadcrumb","itemListElement":[{"@type":"ListItem","position":1,"name":"Portada","item":"https:\/\/www.cope.es\/blogs\/cine-y-libertad\/"},{"@type":"ListItem","position":2,"name":"La Cosa: El caso de la Corona Serpiente-El dos por uno de Marvel"}]},{"@type":"WebSite","@id":"https:\/\/www.cope.es\/blogs\/cine-y-libertad\/#website","url":"https:\/\/www.cope.es\/blogs\/cine-y-libertad\/","name":"Cine y Libertad","description":"Cine y Libertad un blog de COPE","potentialAction":[{"@type":"SearchAction","target":{"@type":"EntryPoint","urlTemplate":"https:\/\/www.cope.es\/blogs\/cine-y-libertad\/?s={search_term_string}"},"query-input":{"@type":"PropertyValueSpecification","valueRequired":true,"valueName":"search_term_string"}}],"inLanguage":"es"},{"@type":"Person","@id":"https:\/\/www.cope.es\/blogs\/cine-y-libertad\/#\/schema\/person\/c95904a4fbf751a8d9124f8fa8bdaace","name":"V\u00edctor Alvarado","image":{"@type":"ImageObject","inLanguage":"es","@id":"https:\/\/secure.gravatar.com\/avatar\/db4634ae2001f7f920b8294d926f3e737ada04196e014ebacae29a4848f905f4?s=96&d=mm&r=g","url":"https:\/\/secure.gravatar.com\/avatar\/db4634ae2001f7f920b8294d926f3e737ada04196e014ebacae29a4848f905f4?s=96&d=mm&r=g","contentUrl":"https:\/\/secure.gravatar.com\/avatar\/db4634ae2001f7f920b8294d926f3e737ada04196e014ebacae29a4848f905f4?s=96&d=mm&r=g","caption":"V\u00edctor Alvarado"},"description":"V\u00edctor Alvarado tiene una larga experiencia tanto en medios de comunicaci\u00f3n como en educaci\u00f3n. Dirige el programa de radio, Directo a las Estrellas, en Intereconom\u00eda (Castilla y Le\u00f3n) y Informa Radio en toda Espa\u00f1a. Ha colaborado en Radio Inter y Esradio. Cr\u00edtico de cine en Pantalla 90, Diario Ya y P\u00e1ginas Digital. Es miembro del CEC. Es el autor de libro: La fe, la \u00e9tica y los valores de los superh\u00e9roes (PPC). Esta es su web: www.cineylibertad.com y, por supuesto, lleva m\u00e1s de 5 a\u00f1os como bloguero de Cope, donde analiza el cine, los c\u00f3mics y los libros desde una \u00f3ptica antropol\u00f3gica y axiol\u00f3gica, atendiendo a todas las dimensiones del ser humano.","sameAs":["http:\/\/www.cineylibertad.com","https:\/\/www.facebook.com\/victor.alvarado.56829446","https:\/\/www.instagram.com\/cineylibertad\/","https:\/\/x.com\/cineylibertad"],"url":"https:\/\/www.cope.es\/blogs\/cine-y-libertad\/author\/valvarado\/"}]}},"amp_enabled":true,"_links":{"self":[{"href":"https:\/\/www.cope.es\/blogs\/cine-y-libertad\/wp-json\/wp\/v2\/posts\/2443","targetHints":{"allow":["GET"]}}],"collection":[{"href":"https:\/\/www.cope.es\/blogs\/cine-y-libertad\/wp-json\/wp\/v2\/posts"}],"about":[{"href":"https:\/\/www.cope.es\/blogs\/cine-y-libertad\/wp-json\/wp\/v2\/types\/post"}],"author":[{"embeddable":true,"href":"https:\/\/www.cope.es\/blogs\/cine-y-libertad\/wp-json\/wp\/v2\/users\/7"}],"replies":[{"embeddable":true,"href":"https:\/\/www.cope.es\/blogs\/cine-y-libertad\/wp-json\/wp\/v2\/comments?post=2443"}],"version-history":[{"count":1,"href":"https:\/\/www.cope.es\/blogs\/cine-y-libertad\/wp-json\/wp\/v2\/posts\/2443\/revisions"}],"predecessor-version":[{"id":2445,"href":"https:\/\/www.cope.es\/blogs\/cine-y-libertad\/wp-json\/wp\/v2\/posts\/2443\/revisions\/2445"}],"wp:featuredmedia":[{"embeddable":true,"href":"https:\/\/www.cope.es\/blogs\/cine-y-libertad\/wp-json\/wp\/v2\/media\/2444"}],"wp:attachment":[{"href":"https:\/\/www.cope.es\/blogs\/cine-y-libertad\/wp-json\/wp\/v2\/media?parent=2443"}],"wp:term":[{"taxonomy":"category","embeddable":true,"href":"https:\/\/www.cope.es\/blogs\/cine-y-libertad\/wp-json\/wp\/v2\/categories?post=2443"},{"taxonomy":"post_tag","embeddable":true,"href":"https:\/\/www.cope.es\/blogs\/cine-y-libertad\/wp-json\/wp\/v2\/tags?post=2443"}],"curies":[{"name":"wp","href":"https:\/\/api.w.org\/{rel}","templated":true}]}}