{"id":2401,"date":"2020-12-27T10:15:37","date_gmt":"2020-12-27T09:15:37","guid":{"rendered":"http:\/\/www.cope.es\/blogs\/cine-y-libertad\/?p=2401"},"modified":"2020-12-27T22:57:35","modified_gmt":"2020-12-27T21:57:35","slug":"el-corazon-de-las-tinieblas-el-libro-que-inspiro-a-francis-ford-coppola-para-rodar-apocalypse-now","status":"publish","type":"post","link":"https:\/\/www.cope.es\/blogs\/cine-y-libertad\/2020\/12\/27\/el-corazon-de-las-tinieblas-el-libro-que-inspiro-a-francis-ford-coppola-para-rodar-apocalypse-now\/","title":{"rendered":"El coraz\u00f3n de las tinieblas-El libro que inspir\u00f3 a Francis Ford Coppola para rodar Apocalypse Now"},"content":{"rendered":"<h4>El coraz\u00f3n de las tinieblas-El libro que inspir\u00f3 a Francis Ford Coppola para rodar Apocalypse Now. \u00bfCu\u00e1les son las claves para entender a Joseph Conrad?<\/h4>\n<h4 class=\"postitle\"><strong>Aqu\u00ed puedes escuchar mi comentario:<\/strong><a class=\"txt-white decorationOnHover\" href=\"https:\/\/www.ivoox.com\/corazon-tinieblas-el-libro-inspiro-audios-mp3_rf_63044012_1.html\" target=\"_blank\">El coraz\u00f3n de las tinieblas-El libro que inspir\u00f3 a Francis Ford Coppola para rodar Apocalypse Now <\/a><\/h4>\n<p><img loading=\"lazy\" decoding=\"async\" width=\"194\" height=\"300\" class=\"alignnone size-medium wp-image-2402\" src=\"http:\/\/www.cope.es\/blogs\/cine-y-libertad\/wp-content\/uploads\/sites\/7\/2020\/12\/z1-194x300.jpg\" alt=\"\" srcset=\"https:\/\/www.cope.es\/blogs\/cine-y-libertad\/wp-content\/uploads\/sites\/7\/2020\/12\/z1-194x300.jpg 194w, https:\/\/www.cope.es\/blogs\/cine-y-libertad\/wp-content\/uploads\/sites\/7\/2020\/12\/z1.jpg 480w\" sizes=\"auto, (max-width: 194px) 100vw, 194px\" \/><\/p>\n<p>\u00a1Lectores y amigos de Cine y Libertad!<\/p>\n<p>La editorial Libros del Zorro Rojo nos habla de su c\u00f3mic:<\/p>\n<p>La participaci\u00f3n, a sus treinta y tres a\u00f1os, en la masacre del Congo en nombre de Leopoldo II, rey de B\u00e9lgica, fue una experiencia irreversible para Joseph Conrad que, arrepentido y desencantado de sus ingenuos ideales de juventud, desnuda la noble causa de Europa y el esp\u00edritu expoliador de los Imperios.<\/p>\n<p>Marlow, alter ego del autor, narra un antiguo viaje hacia las profundidades de la selva africana, donde debe reunirse con el misterioso jefe de una explotaci\u00f3n de marfil, cuyos m\u00e9todos est\u00e1n da\u00f1ando los intereses de la compa\u00f1\u00eda: Kurtz es una figura implacable y cruel, pero al mismo tiempo venerada por los propios nativos, y cuya dimensi\u00f3n se agiganta conforme avanza la historia.<\/p>\n<p><img loading=\"lazy\" decoding=\"async\" width=\"300\" height=\"150\" class=\"alignnone size-medium wp-image-2403\" src=\"http:\/\/www.cope.es\/blogs\/cine-y-libertad\/wp-content\/uploads\/sites\/7\/2020\/12\/zzz1-300x150.jpg\" alt=\"\" srcset=\"https:\/\/www.cope.es\/blogs\/cine-y-libertad\/wp-content\/uploads\/sites\/7\/2020\/12\/zzz1-300x150.jpg 300w, https:\/\/www.cope.es\/blogs\/cine-y-libertad\/wp-content\/uploads\/sites\/7\/2020\/12\/zzz1-315x159.jpg 315w, https:\/\/www.cope.es\/blogs\/cine-y-libertad\/wp-content\/uploads\/sites\/7\/2020\/12\/zzz1.jpg 318w\" sizes=\"auto, (max-width: 300px) 100vw, 300px\" \/><\/p>\n<p>El arte de Breccia expresa con singular maestr\u00eda las tensiones del relato conradiano entre las fuerzas latentes y brutales de la condici\u00f3n humana y las indomables tinieblas de la selva. El c\u00e9lebre relato de Conrad inspir\u00f3 una de las mejores pel\u00edculas de la historia del cine: Apocalypse Now, de Francis Ford Coppola.<\/p>\n<p>Puedes escucharnos en: <a class=\"orange font-12 decorationOnHover\" href=\"https:\/\/www.ivoox.com\/podcast-podcast-cine-libertad_sq_f121636_1.html\" target=\"_blank\">Podcast cine y libertad<\/a><\/p>\n<p>Facebook:<a class=\"oajrlxb2 g5ia77u1 qu0x051f esr5mh6w e9989ue4 r7d6kgcz rq0escxv nhd2j8a9 nc684nl6 p7hjln8o kvgmc6g5 cxmmr5t8 oygrvhab hcukyx3x jb3vyjys rz4wbd8a qt6c0cv9 a8nywdso i1ao9s8h esuyzwwr f1sip0of lzcic4wl oo9gr5id gpro0wi8 lrazzd5p\" href=\"https:\/\/www.facebook.com\/victor.alvarado.56829446?__cft__[0]=AZVvjMHMG9TKVYRQdoz_hhxF4d43zHlU2LiMu9-F0e4HoeLyd-aP6uDiZzLTlNMdfqEhfEk9HRjviSddN-KX3DcwYXBT2qrJvDBkdOuws_GnwcucQ5JtQMUSm49U574CLvpLCjWzwuPyScfbVvb7c6MU&amp;__tn__=-UC%2CP-R\"><strong>Cine y Libertad<\/strong><\/a><\/p>\n<p>Twitter: <span class=\"x_DashboardProfileCard-screenname x_u-inlineBlock x_u-dir\"><a class=\"x_DashboardProfileCard-screennameLink x_u-linkComplex x_u-linkClean\" href=\"https:\/\/twitter.com\/cineylibertad\" target=\"_blank\">@<span class=\"x_u-linkComplex-target\">cineylibertad<\/span><\/a><\/span><\/p>\n","protected":false},"excerpt":{"rendered":"<p>El coraz\u00f3n de las tinieblas-El libro que inspir\u00f3 a Francis Ford Coppola para rodar Apocalypse Now. \u00bfCu\u00e1les son las claves para entender a Joseph Conrad? Aqu\u00ed puedes escuchar mi comentario:El coraz\u00f3n de las tinieblas-El libro que inspir\u00f3 a Francis Ford Coppola para rodar Apocalypse Now \u00a1Lectores y amigos de Cine y Libertad! La editorial Libros [&hellip;]<\/p>\n","protected":false},"author":7,"featured_media":2402,"comment_status":"open","ping_status":"open","sticky":false,"template":"","format":"standard","meta":{"footnotes":""},"categories":[204,85,3,22,17],"tags":[],"class_list":["post-2401","post","type-post","status-publish","format-standard","has-post-thumbnail","hentry","category-oscar","category-aventuras","category-cine","category-historia","category-hollywood"],"yoast_head":"<!-- This site is optimized with the Yoast SEO plugin v27.4 - https:\/\/yoast.com\/product\/yoast-seo-wordpress\/ -->\n<title>El coraz\u00f3n de las tinieblas-El libro que inspir\u00f3 a Francis Ford Coppola para rodar Apocalypse Now<\/title>\n<meta name=\"description\" content=\"El coraz\u00f3n de las tinieblas-El libro que inspir\u00f3 a Francis Ford Coppola para rodar Apocalypse Now. \u00bfCu\u00e1les son las claves para entender a Joseph Conrad?\" \/>\n<meta name=\"robots\" content=\"index, follow, max-snippet:-1, max-image-preview:large, max-video-preview:-1\" \/>\n<link rel=\"canonical\" href=\"https:\/\/www.cope.es\/blogs\/cine-y-libertad\/2020\/12\/27\/el-corazon-de-las-tinieblas-el-libro-que-inspiro-a-francis-ford-coppola-para-rodar-apocalypse-now\/\" \/>\n<meta property=\"og:locale\" content=\"es_ES\" \/>\n<meta property=\"og:type\" content=\"article\" \/>\n<meta property=\"og:title\" content=\"El coraz\u00f3n de las tinieblas-El libro que inspir\u00f3 a Francis Ford Coppola para rodar Apocalypse Now\" \/>\n<meta property=\"og:description\" content=\"El coraz\u00f3n de las tinieblas-El libro que inspir\u00f3 a Francis Ford Coppola para rodar Apocalypse Now. \u00bfCu\u00e1les son las claves para entender a Joseph Conrad?\" \/>\n<meta property=\"og:url\" content=\"https:\/\/www.cope.es\/blogs\/cine-y-libertad\/2020\/12\/27\/el-corazon-de-las-tinieblas-el-libro-que-inspiro-a-francis-ford-coppola-para-rodar-apocalypse-now\/\" \/>\n<meta property=\"og:site_name\" content=\"Cine y Libertad\" \/>\n<meta property=\"article:publisher\" content=\"https:\/\/www.facebook.com\/cope\/\" \/>\n<meta property=\"article:author\" content=\"https:\/\/www.facebook.com\/victor.alvarado.56829446\" \/>\n<meta property=\"article:published_time\" content=\"2020-12-27T09:15:37+00:00\" \/>\n<meta property=\"article:modified_time\" content=\"2020-12-27T21:57:35+00:00\" \/>\n<meta property=\"og:image\" content=\"https:\/\/www.cope.es\/blogs\/cine-y-libertad\/wp-content\/uploads\/sites\/7\/2020\/12\/z1.jpg\" \/>\n\t<meta property=\"og:image:width\" content=\"480\" \/>\n\t<meta property=\"og:image:height\" content=\"742\" \/>\n\t<meta property=\"og:image:type\" content=\"image\/jpeg\" \/>\n<meta name=\"author\" content=\"V\u00edctor Alvarado\" \/>\n<meta name=\"twitter:card\" content=\"summary_large_image\" \/>\n<meta name=\"twitter:creator\" content=\"@cineylibertad\" \/>\n<meta name=\"twitter:site\" content=\"@cope_es\" \/>\n<meta name=\"twitter:label1\" content=\"Escrito por\" \/>\n\t<meta name=\"twitter:data1\" content=\"V\u00edctor Alvarado\" \/>\n\t<meta name=\"twitter:label2\" content=\"Tiempo de lectura\" \/>\n\t<meta name=\"twitter:data2\" content=\"1 minuto\" \/>\n<script type=\"application\/ld+json\" class=\"yoast-schema-graph\">{\"@context\":\"https:\\\/\\\/schema.org\",\"@graph\":[{\"@type\":\"Article\",\"@id\":\"https:\\\/\\\/www.cope.es\\\/blogs\\\/cine-y-libertad\\\/2020\\\/12\\\/27\\\/el-corazon-de-las-tinieblas-el-libro-que-inspiro-a-francis-ford-coppola-para-rodar-apocalypse-now\\\/#article\",\"isPartOf\":{\"@id\":\"https:\\\/\\\/www.cope.es\\\/blogs\\\/cine-y-libertad\\\/2020\\\/12\\\/27\\\/el-corazon-de-las-tinieblas-el-libro-que-inspiro-a-francis-ford-coppola-para-rodar-apocalypse-now\\\/\"},\"author\":{\"name\":\"V\u00edctor Alvarado\",\"@id\":\"https:\\\/\\\/www.cope.es\\\/blogs\\\/cine-y-libertad\\\/#\\\/schema\\\/person\\\/c95904a4fbf751a8d9124f8fa8bdaace\"},\"headline\":\"El coraz\u00f3n de las tinieblas-El libro que inspir\u00f3 a Francis Ford Coppola para rodar Apocalypse Now\",\"datePublished\":\"2020-12-27T09:15:37+00:00\",\"dateModified\":\"2020-12-27T21:57:35+00:00\",\"mainEntityOfPage\":{\"@id\":\"https:\\\/\\\/www.cope.es\\\/blogs\\\/cine-y-libertad\\\/2020\\\/12\\\/27\\\/el-corazon-de-las-tinieblas-el-libro-que-inspiro-a-francis-ford-coppola-para-rodar-apocalypse-now\\\/\"},\"wordCount\":277,\"commentCount\":0,\"image\":{\"@id\":\"https:\\\/\\\/www.cope.es\\\/blogs\\\/cine-y-libertad\\\/2020\\\/12\\\/27\\\/el-corazon-de-las-tinieblas-el-libro-que-inspiro-a-francis-ford-coppola-para-rodar-apocalypse-now\\\/#primaryimage\"},\"thumbnailUrl\":\"https:\\\/\\\/www.cope.es\\\/blogs\\\/cine-y-libertad\\\/wp-content\\\/uploads\\\/sites\\\/7\\\/2020\\\/12\\\/z1.jpg\",\"articleSection\":[\"#\u00d3scar\",\"aventuras\",\"cine\",\"historia\",\"Hollywood\"],\"inLanguage\":\"es\",\"potentialAction\":[{\"@type\":\"CommentAction\",\"name\":\"Comment\",\"target\":[\"https:\\\/\\\/www.cope.es\\\/blogs\\\/cine-y-libertad\\\/2020\\\/12\\\/27\\\/el-corazon-de-las-tinieblas-el-libro-que-inspiro-a-francis-ford-coppola-para-rodar-apocalypse-now\\\/#respond\"]}]},{\"@type\":\"WebPage\",\"@id\":\"https:\\\/\\\/www.cope.es\\\/blogs\\\/cine-y-libertad\\\/2020\\\/12\\\/27\\\/el-corazon-de-las-tinieblas-el-libro-que-inspiro-a-francis-ford-coppola-para-rodar-apocalypse-now\\\/\",\"url\":\"https:\\\/\\\/www.cope.es\\\/blogs\\\/cine-y-libertad\\\/2020\\\/12\\\/27\\\/el-corazon-de-las-tinieblas-el-libro-que-inspiro-a-francis-ford-coppola-para-rodar-apocalypse-now\\\/\",\"name\":\"El coraz\u00f3n de las tinieblas-El libro que inspir\u00f3 a Francis Ford Coppola para rodar Apocalypse Now\",\"isPartOf\":{\"@id\":\"https:\\\/\\\/www.cope.es\\\/blogs\\\/cine-y-libertad\\\/#website\"},\"primaryImageOfPage\":{\"@id\":\"https:\\\/\\\/www.cope.es\\\/blogs\\\/cine-y-libertad\\\/2020\\\/12\\\/27\\\/el-corazon-de-las-tinieblas-el-libro-que-inspiro-a-francis-ford-coppola-para-rodar-apocalypse-now\\\/#primaryimage\"},\"image\":{\"@id\":\"https:\\\/\\\/www.cope.es\\\/blogs\\\/cine-y-libertad\\\/2020\\\/12\\\/27\\\/el-corazon-de-las-tinieblas-el-libro-que-inspiro-a-francis-ford-coppola-para-rodar-apocalypse-now\\\/#primaryimage\"},\"thumbnailUrl\":\"https:\\\/\\\/www.cope.es\\\/blogs\\\/cine-y-libertad\\\/wp-content\\\/uploads\\\/sites\\\/7\\\/2020\\\/12\\\/z1.jpg\",\"datePublished\":\"2020-12-27T09:15:37+00:00\",\"dateModified\":\"2020-12-27T21:57:35+00:00\",\"author\":{\"@id\":\"https:\\\/\\\/www.cope.es\\\/blogs\\\/cine-y-libertad\\\/#\\\/schema\\\/person\\\/c95904a4fbf751a8d9124f8fa8bdaace\"},\"description\":\"El coraz\u00f3n de las tinieblas-El libro que inspir\u00f3 a Francis Ford Coppola para rodar Apocalypse Now. \u00bfCu\u00e1les son las claves para entender a Joseph Conrad?\",\"breadcrumb\":{\"@id\":\"https:\\\/\\\/www.cope.es\\\/blogs\\\/cine-y-libertad\\\/2020\\\/12\\\/27\\\/el-corazon-de-las-tinieblas-el-libro-que-inspiro-a-francis-ford-coppola-para-rodar-apocalypse-now\\\/#breadcrumb\"},\"inLanguage\":\"es\",\"potentialAction\":[{\"@type\":\"ReadAction\",\"target\":[\"https:\\\/\\\/www.cope.es\\\/blogs\\\/cine-y-libertad\\\/2020\\\/12\\\/27\\\/el-corazon-de-las-tinieblas-el-libro-que-inspiro-a-francis-ford-coppola-para-rodar-apocalypse-now\\\/\"]}]},{\"@type\":\"ImageObject\",\"inLanguage\":\"es\",\"@id\":\"https:\\\/\\\/www.cope.es\\\/blogs\\\/cine-y-libertad\\\/2020\\\/12\\\/27\\\/el-corazon-de-las-tinieblas-el-libro-que-inspiro-a-francis-ford-coppola-para-rodar-apocalypse-now\\\/#primaryimage\",\"url\":\"https:\\\/\\\/www.cope.es\\\/blogs\\\/cine-y-libertad\\\/wp-content\\\/uploads\\\/sites\\\/7\\\/2020\\\/12\\\/z1.jpg\",\"contentUrl\":\"https:\\\/\\\/www.cope.es\\\/blogs\\\/cine-y-libertad\\\/wp-content\\\/uploads\\\/sites\\\/7\\\/2020\\\/12\\\/z1.jpg\",\"width\":480,\"height\":742},{\"@type\":\"BreadcrumbList\",\"@id\":\"https:\\\/\\\/www.cope.es\\\/blogs\\\/cine-y-libertad\\\/2020\\\/12\\\/27\\\/el-corazon-de-las-tinieblas-el-libro-que-inspiro-a-francis-ford-coppola-para-rodar-apocalypse-now\\\/#breadcrumb\",\"itemListElement\":[{\"@type\":\"ListItem\",\"position\":1,\"name\":\"Portada\",\"item\":\"https:\\\/\\\/www.cope.es\\\/blogs\\\/cine-y-libertad\\\/\"},{\"@type\":\"ListItem\",\"position\":2,\"name\":\"El coraz\u00f3n de las tinieblas-El libro que inspir\u00f3 a Francis Ford Coppola para rodar Apocalypse Now\"}]},{\"@type\":\"WebSite\",\"@id\":\"https:\\\/\\\/www.cope.es\\\/blogs\\\/cine-y-libertad\\\/#website\",\"url\":\"https:\\\/\\\/www.cope.es\\\/blogs\\\/cine-y-libertad\\\/\",\"name\":\"Cine y Libertad\",\"description\":\"Cine y Libertad un blog de COPE\",\"potentialAction\":[{\"@type\":\"SearchAction\",\"target\":{\"@type\":\"EntryPoint\",\"urlTemplate\":\"https:\\\/\\\/www.cope.es\\\/blogs\\\/cine-y-libertad\\\/?s={search_term_string}\"},\"query-input\":{\"@type\":\"PropertyValueSpecification\",\"valueRequired\":true,\"valueName\":\"search_term_string\"}}],\"inLanguage\":\"es\"},{\"@type\":\"Person\",\"@id\":\"https:\\\/\\\/www.cope.es\\\/blogs\\\/cine-y-libertad\\\/#\\\/schema\\\/person\\\/c95904a4fbf751a8d9124f8fa8bdaace\",\"name\":\"V\u00edctor Alvarado\",\"image\":{\"@type\":\"ImageObject\",\"inLanguage\":\"es\",\"@id\":\"https:\\\/\\\/secure.gravatar.com\\\/avatar\\\/db4634ae2001f7f920b8294d926f3e737ada04196e014ebacae29a4848f905f4?s=96&d=mm&r=g\",\"url\":\"https:\\\/\\\/secure.gravatar.com\\\/avatar\\\/db4634ae2001f7f920b8294d926f3e737ada04196e014ebacae29a4848f905f4?s=96&d=mm&r=g\",\"contentUrl\":\"https:\\\/\\\/secure.gravatar.com\\\/avatar\\\/db4634ae2001f7f920b8294d926f3e737ada04196e014ebacae29a4848f905f4?s=96&d=mm&r=g\",\"caption\":\"V\u00edctor Alvarado\"},\"description\":\"V\u00edctor Alvarado tiene una larga experiencia tanto en medios de comunicaci\u00f3n como en educaci\u00f3n. Dirige el programa de radio, Directo a las Estrellas, en Intereconom\u00eda (Castilla y Le\u00f3n) y Informa Radio en toda Espa\u00f1a. Ha colaborado en Radio Inter y Esradio. Cr\u00edtico de cine en Pantalla 90, Diario Ya y P\u00e1ginas Digital. Es miembro del CEC. Es el autor de libro: La fe, la \u00e9tica y los valores de los superh\u00e9roes (PPC). Esta es su web: www.cineylibertad.com y, por supuesto, lleva m\u00e1s de 5 a\u00f1os como bloguero de Cope, donde analiza el cine, los c\u00f3mics y los libros desde una \u00f3ptica antropol\u00f3gica y axiol\u00f3gica, atendiendo a todas las dimensiones del ser humano.\",\"sameAs\":[\"http:\\\/\\\/www.cineylibertad.com\",\"https:\\\/\\\/www.facebook.com\\\/victor.alvarado.56829446\",\"https:\\\/\\\/www.instagram.com\\\/cineylibertad\\\/\",\"https:\\\/\\\/x.com\\\/cineylibertad\"],\"url\":\"https:\\\/\\\/www.cope.es\\\/blogs\\\/cine-y-libertad\\\/author\\\/valvarado\\\/\"}]}<\/script>\n<!-- \/ Yoast SEO plugin. -->","yoast_head_json":{"title":"El coraz\u00f3n de las tinieblas-El libro que inspir\u00f3 a Francis Ford Coppola para rodar Apocalypse Now","description":"El coraz\u00f3n de las tinieblas-El libro que inspir\u00f3 a Francis Ford Coppola para rodar Apocalypse Now. \u00bfCu\u00e1les son las claves para entender a Joseph Conrad?","robots":{"index":"index","follow":"follow","max-snippet":"max-snippet:-1","max-image-preview":"max-image-preview:large","max-video-preview":"max-video-preview:-1"},"canonical":"https:\/\/www.cope.es\/blogs\/cine-y-libertad\/2020\/12\/27\/el-corazon-de-las-tinieblas-el-libro-que-inspiro-a-francis-ford-coppola-para-rodar-apocalypse-now\/","og_locale":"es_ES","og_type":"article","og_title":"El coraz\u00f3n de las tinieblas-El libro que inspir\u00f3 a Francis Ford Coppola para rodar Apocalypse Now","og_description":"El coraz\u00f3n de las tinieblas-El libro que inspir\u00f3 a Francis Ford Coppola para rodar Apocalypse Now. \u00bfCu\u00e1les son las claves para entender a Joseph Conrad?","og_url":"https:\/\/www.cope.es\/blogs\/cine-y-libertad\/2020\/12\/27\/el-corazon-de-las-tinieblas-el-libro-que-inspiro-a-francis-ford-coppola-para-rodar-apocalypse-now\/","og_site_name":"Cine y Libertad","article_publisher":"https:\/\/www.facebook.com\/cope\/","article_author":"https:\/\/www.facebook.com\/victor.alvarado.56829446","article_published_time":"2020-12-27T09:15:37+00:00","article_modified_time":"2020-12-27T21:57:35+00:00","og_image":[{"width":480,"height":742,"url":"https:\/\/www.cope.es\/blogs\/cine-y-libertad\/wp-content\/uploads\/sites\/7\/2020\/12\/z1.jpg","type":"image\/jpeg"}],"author":"V\u00edctor Alvarado","twitter_card":"summary_large_image","twitter_creator":"@cineylibertad","twitter_site":"@cope_es","twitter_misc":{"Escrito por":"V\u00edctor Alvarado","Tiempo de lectura":"1 minuto"},"schema":{"@context":"https:\/\/schema.org","@graph":[{"@type":"Article","@id":"https:\/\/www.cope.es\/blogs\/cine-y-libertad\/2020\/12\/27\/el-corazon-de-las-tinieblas-el-libro-que-inspiro-a-francis-ford-coppola-para-rodar-apocalypse-now\/#article","isPartOf":{"@id":"https:\/\/www.cope.es\/blogs\/cine-y-libertad\/2020\/12\/27\/el-corazon-de-las-tinieblas-el-libro-que-inspiro-a-francis-ford-coppola-para-rodar-apocalypse-now\/"},"author":{"name":"V\u00edctor Alvarado","@id":"https:\/\/www.cope.es\/blogs\/cine-y-libertad\/#\/schema\/person\/c95904a4fbf751a8d9124f8fa8bdaace"},"headline":"El coraz\u00f3n de las tinieblas-El libro que inspir\u00f3 a Francis Ford Coppola para rodar Apocalypse Now","datePublished":"2020-12-27T09:15:37+00:00","dateModified":"2020-12-27T21:57:35+00:00","mainEntityOfPage":{"@id":"https:\/\/www.cope.es\/blogs\/cine-y-libertad\/2020\/12\/27\/el-corazon-de-las-tinieblas-el-libro-que-inspiro-a-francis-ford-coppola-para-rodar-apocalypse-now\/"},"wordCount":277,"commentCount":0,"image":{"@id":"https:\/\/www.cope.es\/blogs\/cine-y-libertad\/2020\/12\/27\/el-corazon-de-las-tinieblas-el-libro-que-inspiro-a-francis-ford-coppola-para-rodar-apocalypse-now\/#primaryimage"},"thumbnailUrl":"https:\/\/www.cope.es\/blogs\/cine-y-libertad\/wp-content\/uploads\/sites\/7\/2020\/12\/z1.jpg","articleSection":["#\u00d3scar","aventuras","cine","historia","Hollywood"],"inLanguage":"es","potentialAction":[{"@type":"CommentAction","name":"Comment","target":["https:\/\/www.cope.es\/blogs\/cine-y-libertad\/2020\/12\/27\/el-corazon-de-las-tinieblas-el-libro-que-inspiro-a-francis-ford-coppola-para-rodar-apocalypse-now\/#respond"]}]},{"@type":"WebPage","@id":"https:\/\/www.cope.es\/blogs\/cine-y-libertad\/2020\/12\/27\/el-corazon-de-las-tinieblas-el-libro-que-inspiro-a-francis-ford-coppola-para-rodar-apocalypse-now\/","url":"https:\/\/www.cope.es\/blogs\/cine-y-libertad\/2020\/12\/27\/el-corazon-de-las-tinieblas-el-libro-que-inspiro-a-francis-ford-coppola-para-rodar-apocalypse-now\/","name":"El coraz\u00f3n de las tinieblas-El libro que inspir\u00f3 a Francis Ford Coppola para rodar Apocalypse Now","isPartOf":{"@id":"https:\/\/www.cope.es\/blogs\/cine-y-libertad\/#website"},"primaryImageOfPage":{"@id":"https:\/\/www.cope.es\/blogs\/cine-y-libertad\/2020\/12\/27\/el-corazon-de-las-tinieblas-el-libro-que-inspiro-a-francis-ford-coppola-para-rodar-apocalypse-now\/#primaryimage"},"image":{"@id":"https:\/\/www.cope.es\/blogs\/cine-y-libertad\/2020\/12\/27\/el-corazon-de-las-tinieblas-el-libro-que-inspiro-a-francis-ford-coppola-para-rodar-apocalypse-now\/#primaryimage"},"thumbnailUrl":"https:\/\/www.cope.es\/blogs\/cine-y-libertad\/wp-content\/uploads\/sites\/7\/2020\/12\/z1.jpg","datePublished":"2020-12-27T09:15:37+00:00","dateModified":"2020-12-27T21:57:35+00:00","author":{"@id":"https:\/\/www.cope.es\/blogs\/cine-y-libertad\/#\/schema\/person\/c95904a4fbf751a8d9124f8fa8bdaace"},"description":"El coraz\u00f3n de las tinieblas-El libro que inspir\u00f3 a Francis Ford Coppola para rodar Apocalypse Now. \u00bfCu\u00e1les son las claves para entender a Joseph Conrad?","breadcrumb":{"@id":"https:\/\/www.cope.es\/blogs\/cine-y-libertad\/2020\/12\/27\/el-corazon-de-las-tinieblas-el-libro-que-inspiro-a-francis-ford-coppola-para-rodar-apocalypse-now\/#breadcrumb"},"inLanguage":"es","potentialAction":[{"@type":"ReadAction","target":["https:\/\/www.cope.es\/blogs\/cine-y-libertad\/2020\/12\/27\/el-corazon-de-las-tinieblas-el-libro-que-inspiro-a-francis-ford-coppola-para-rodar-apocalypse-now\/"]}]},{"@type":"ImageObject","inLanguage":"es","@id":"https:\/\/www.cope.es\/blogs\/cine-y-libertad\/2020\/12\/27\/el-corazon-de-las-tinieblas-el-libro-que-inspiro-a-francis-ford-coppola-para-rodar-apocalypse-now\/#primaryimage","url":"https:\/\/www.cope.es\/blogs\/cine-y-libertad\/wp-content\/uploads\/sites\/7\/2020\/12\/z1.jpg","contentUrl":"https:\/\/www.cope.es\/blogs\/cine-y-libertad\/wp-content\/uploads\/sites\/7\/2020\/12\/z1.jpg","width":480,"height":742},{"@type":"BreadcrumbList","@id":"https:\/\/www.cope.es\/blogs\/cine-y-libertad\/2020\/12\/27\/el-corazon-de-las-tinieblas-el-libro-que-inspiro-a-francis-ford-coppola-para-rodar-apocalypse-now\/#breadcrumb","itemListElement":[{"@type":"ListItem","position":1,"name":"Portada","item":"https:\/\/www.cope.es\/blogs\/cine-y-libertad\/"},{"@type":"ListItem","position":2,"name":"El coraz\u00f3n de las tinieblas-El libro que inspir\u00f3 a Francis Ford Coppola para rodar Apocalypse Now"}]},{"@type":"WebSite","@id":"https:\/\/www.cope.es\/blogs\/cine-y-libertad\/#website","url":"https:\/\/www.cope.es\/blogs\/cine-y-libertad\/","name":"Cine y Libertad","description":"Cine y Libertad un blog de COPE","potentialAction":[{"@type":"SearchAction","target":{"@type":"EntryPoint","urlTemplate":"https:\/\/www.cope.es\/blogs\/cine-y-libertad\/?s={search_term_string}"},"query-input":{"@type":"PropertyValueSpecification","valueRequired":true,"valueName":"search_term_string"}}],"inLanguage":"es"},{"@type":"Person","@id":"https:\/\/www.cope.es\/blogs\/cine-y-libertad\/#\/schema\/person\/c95904a4fbf751a8d9124f8fa8bdaace","name":"V\u00edctor Alvarado","image":{"@type":"ImageObject","inLanguage":"es","@id":"https:\/\/secure.gravatar.com\/avatar\/db4634ae2001f7f920b8294d926f3e737ada04196e014ebacae29a4848f905f4?s=96&d=mm&r=g","url":"https:\/\/secure.gravatar.com\/avatar\/db4634ae2001f7f920b8294d926f3e737ada04196e014ebacae29a4848f905f4?s=96&d=mm&r=g","contentUrl":"https:\/\/secure.gravatar.com\/avatar\/db4634ae2001f7f920b8294d926f3e737ada04196e014ebacae29a4848f905f4?s=96&d=mm&r=g","caption":"V\u00edctor Alvarado"},"description":"V\u00edctor Alvarado tiene una larga experiencia tanto en medios de comunicaci\u00f3n como en educaci\u00f3n. Dirige el programa de radio, Directo a las Estrellas, en Intereconom\u00eda (Castilla y Le\u00f3n) y Informa Radio en toda Espa\u00f1a. Ha colaborado en Radio Inter y Esradio. Cr\u00edtico de cine en Pantalla 90, Diario Ya y P\u00e1ginas Digital. Es miembro del CEC. Es el autor de libro: La fe, la \u00e9tica y los valores de los superh\u00e9roes (PPC). Esta es su web: www.cineylibertad.com y, por supuesto, lleva m\u00e1s de 5 a\u00f1os como bloguero de Cope, donde analiza el cine, los c\u00f3mics y los libros desde una \u00f3ptica antropol\u00f3gica y axiol\u00f3gica, atendiendo a todas las dimensiones del ser humano.","sameAs":["http:\/\/www.cineylibertad.com","https:\/\/www.facebook.com\/victor.alvarado.56829446","https:\/\/www.instagram.com\/cineylibertad\/","https:\/\/x.com\/cineylibertad"],"url":"https:\/\/www.cope.es\/blogs\/cine-y-libertad\/author\/valvarado\/"}]}},"amp_enabled":true,"_links":{"self":[{"href":"https:\/\/www.cope.es\/blogs\/cine-y-libertad\/wp-json\/wp\/v2\/posts\/2401","targetHints":{"allow":["GET"]}}],"collection":[{"href":"https:\/\/www.cope.es\/blogs\/cine-y-libertad\/wp-json\/wp\/v2\/posts"}],"about":[{"href":"https:\/\/www.cope.es\/blogs\/cine-y-libertad\/wp-json\/wp\/v2\/types\/post"}],"author":[{"embeddable":true,"href":"https:\/\/www.cope.es\/blogs\/cine-y-libertad\/wp-json\/wp\/v2\/users\/7"}],"replies":[{"embeddable":true,"href":"https:\/\/www.cope.es\/blogs\/cine-y-libertad\/wp-json\/wp\/v2\/comments?post=2401"}],"version-history":[{"count":3,"href":"https:\/\/www.cope.es\/blogs\/cine-y-libertad\/wp-json\/wp\/v2\/posts\/2401\/revisions"}],"predecessor-version":[{"id":2412,"href":"https:\/\/www.cope.es\/blogs\/cine-y-libertad\/wp-json\/wp\/v2\/posts\/2401\/revisions\/2412"}],"wp:featuredmedia":[{"embeddable":true,"href":"https:\/\/www.cope.es\/blogs\/cine-y-libertad\/wp-json\/wp\/v2\/media\/2402"}],"wp:attachment":[{"href":"https:\/\/www.cope.es\/blogs\/cine-y-libertad\/wp-json\/wp\/v2\/media?parent=2401"}],"wp:term":[{"taxonomy":"category","embeddable":true,"href":"https:\/\/www.cope.es\/blogs\/cine-y-libertad\/wp-json\/wp\/v2\/categories?post=2401"},{"taxonomy":"post_tag","embeddable":true,"href":"https:\/\/www.cope.es\/blogs\/cine-y-libertad\/wp-json\/wp\/v2\/tags?post=2401"}],"curies":[{"name":"wp","href":"https:\/\/api.w.org\/{rel}","templated":true}]}}