{"id":2215,"date":"2020-11-09T21:35:18","date_gmt":"2020-11-09T20:35:18","guid":{"rendered":"http:\/\/www.cope.es\/blogs\/cine-y-libertad\/?p=2215"},"modified":"2020-11-09T21:35:18","modified_gmt":"2020-11-09T20:35:18","slug":"2-de-mayo-benito-perez-galdos-y-los-episodios-nacionales","status":"publish","type":"post","link":"https:\/\/www.cope.es\/blogs\/cine-y-libertad\/2020\/11\/09\/2-de-mayo-benito-perez-galdos-y-los-episodios-nacionales\/","title":{"rendered":"2 de mayo-Benito P\u00e9rez Gald\u00f3s y los Episodios Nacionales"},"content":{"rendered":"<p>2 de mayo-Benito P\u00e9rez Gald\u00f3s y los Episodios Nacionales. \u00bfQu\u00e9 nos han parecido sus adaptaciones al c\u00f3mic y al cine?<\/p>\n<p>Aqu\u00ed puedes escuchar mi comentario:<a class=\"txt-white decorationOnHover\" href=\"https:\/\/www.ivoox.com\/2-mayo-benito-perez-galdos-episodios-audios-mp3_rf_60130340_1.html\" target=\"_blank\">2 de mayo-Benito P\u00e9rez Gald\u00f3s y los Episodios Nacionales<\/a><\/p>\n<p><img loading=\"lazy\" decoding=\"async\" width=\"244\" height=\"300\" class=\"alignnone size-medium wp-image-2216\" src=\"http:\/\/www.cope.es\/blogs\/cine-y-libertad\/wp-content\/uploads\/sites\/7\/2020\/10\/galdos-244x300.jpg\" alt=\"\" srcset=\"https:\/\/www.cope.es\/blogs\/cine-y-libertad\/wp-content\/uploads\/sites\/7\/2020\/10\/galdos-244x300.jpg 244w, https:\/\/www.cope.es\/blogs\/cine-y-libertad\/wp-content\/uploads\/sites\/7\/2020\/10\/galdos.jpg 740w\" sizes=\"auto, (max-width: 244px) 100vw, 244px\" \/><\/p>\n<p>\u00a1Lectores y amigos de Cine y Libertad!<\/p>\n<p>La editorial Reino de Cordelia\u00a0 nos habla de su c\u00f3mic:<\/p>\n<div class=\"texto1 clearfix\">\n<p>1808. Las tropas de Napole\u00f3n entran en Espa\u00f1a ante la preocupaci\u00f3n del pueblo, que se amotina en Aranjuez contra Manuel Godoy, el valido del rey Carlos IV. Gabriel Araceli es testigo de esa sublevaci\u00f3n y del malestar que se respira en las calles de Madrid, a donde se ha trasladado a vivir su novia In\u00e9s, recogida en casa por su t\u00edo Mauro Requejo, un turbio negociante que se vende al mejor postor. Jos\u00e9 Pablo Garc\u00eda ha adaptado al c\u00f3mic y dibujado el tercero de los Episodios Nacionales de Benito P\u00e9rez Gald\u00f3s para conmemorar el centenario del fallecimiento del gran escritor espa\u00f1ol. En este c\u00f3mic, adem\u00e1s de la relaci\u00f3n entre Gabriel e In\u00e9s, hilo conductor de esta primera serie de novelas sobre la historia de Espa\u00f1a, se cuenta la epopeya del pueblo madrile\u00f1o, que se levant\u00f3 con u\u00f1as y dientes en defensa de su independencia contra el poderoso ej\u00e9rcito napole\u00f3nico.<\/p>\n<\/div>\n<p>Puedes escucharnos en: <a href=\"http:\/\/www.cineylibertad.com\/\">www.cineylibertad.com<\/a><\/p>\n<p>Twitter: <span class=\"x_DashboardProfileCard-screenname x_u-inlineBlock x_u-dir\"><a class=\"x_DashboardProfileCard-screennameLink x_u-linkComplex x_u-linkClean\" href=\"https:\/\/twitter.com\/cineylibertad\" target=\"_blank\">@<span class=\"x_u-linkComplex-target\">cineylibertad<\/span><\/a><\/span><\/p>\n","protected":false},"excerpt":{"rendered":"<p>2 de mayo-Benito P\u00e9rez Gald\u00f3s y los Episodios Nacionales. \u00bfQu\u00e9 nos han parecido sus adaptaciones al c\u00f3mic y al cine? Aqu\u00ed puedes escuchar mi comentario:2 de mayo-Benito P\u00e9rez Gald\u00f3s y los Episodios Nacionales \u00a1Lectores y amigos de Cine y Libertad! La editorial Reino de Cordelia\u00a0 nos habla de su c\u00f3mic: 1808. Las tropas de Napole\u00f3n [&hellip;]<\/p>\n","protected":false},"author":7,"featured_media":2216,"comment_status":"open","ping_status":"open","sticky":false,"template":"","format":"standard","meta":{"footnotes":""},"categories":[131,158,3,4,22,5],"tags":[266],"class_list":["post-2215","post","type-post","status-publish","format-standard","has-post-thumbnail","hentry","category-amistad","category-amor","category-cine","category-comics","category-historia","category-libros","tag-galdos"],"yoast_head":"<!-- This site is optimized with the Yoast SEO plugin v27.4 - https:\/\/yoast.com\/product\/yoast-seo-wordpress\/ -->\n<title>2 de mayo-Benito P\u00e9rez Gald\u00f3s y los Episodios Nacionales<\/title>\n<meta name=\"description\" content=\"2 de mayo-Benito P\u00e9rez Gald\u00f3s y los Episodios Nacionales. \u00bfQu\u00e9 nos han parecido sus adaptaciones al c\u00f3mic y al cine?2 de mayo-Benito P\u00e9rez Gald\u00f3s\" \/>\n<meta name=\"robots\" content=\"index, follow, max-snippet:-1, max-image-preview:large, max-video-preview:-1\" \/>\n<link rel=\"canonical\" href=\"https:\/\/www.cope.es\/blogs\/cine-y-libertad\/2020\/11\/09\/2-de-mayo-benito-perez-galdos-y-los-episodios-nacionales\/\" \/>\n<meta property=\"og:locale\" content=\"es_ES\" \/>\n<meta property=\"og:type\" content=\"article\" \/>\n<meta property=\"og:title\" content=\"2 de mayo-Benito P\u00e9rez Gald\u00f3s y los Episodios Nacionales\" \/>\n<meta property=\"og:description\" content=\"2 de mayo-Benito P\u00e9rez Gald\u00f3s y los Episodios Nacionales. \u00bfQu\u00e9 nos han parecido sus adaptaciones al c\u00f3mic y al cine?2 de mayo-Benito P\u00e9rez Gald\u00f3s\" \/>\n<meta property=\"og:url\" content=\"https:\/\/www.cope.es\/blogs\/cine-y-libertad\/2020\/11\/09\/2-de-mayo-benito-perez-galdos-y-los-episodios-nacionales\/\" \/>\n<meta property=\"og:site_name\" content=\"Cine y Libertad\" \/>\n<meta property=\"article:publisher\" content=\"https:\/\/www.facebook.com\/cope\/\" \/>\n<meta property=\"article:author\" content=\"https:\/\/www.facebook.com\/victor.alvarado.56829446\" \/>\n<meta property=\"article:published_time\" content=\"2020-11-09T20:35:18+00:00\" \/>\n<meta property=\"og:image\" content=\"https:\/\/www.cope.es\/blogs\/cine-y-libertad\/wp-content\/uploads\/sites\/7\/2020\/10\/galdos.jpg\" \/>\n\t<meta property=\"og:image:width\" content=\"740\" \/>\n\t<meta property=\"og:image:height\" content=\"909\" \/>\n\t<meta property=\"og:image:type\" content=\"image\/jpeg\" \/>\n<meta name=\"author\" content=\"V\u00edctor Alvarado\" \/>\n<meta name=\"twitter:card\" content=\"summary_large_image\" \/>\n<meta name=\"twitter:creator\" content=\"@cineylibertad\" \/>\n<meta name=\"twitter:site\" content=\"@cope_es\" \/>\n<meta name=\"twitter:label1\" content=\"Escrito por\" \/>\n\t<meta name=\"twitter:data1\" content=\"V\u00edctor Alvarado\" \/>\n\t<meta name=\"twitter:label2\" content=\"Tiempo de lectura\" \/>\n\t<meta name=\"twitter:data2\" content=\"1 minuto\" \/>\n<script type=\"application\/ld+json\" class=\"yoast-schema-graph\">{\"@context\":\"https:\\\/\\\/schema.org\",\"@graph\":[{\"@type\":\"Article\",\"@id\":\"https:\\\/\\\/www.cope.es\\\/blogs\\\/cine-y-libertad\\\/2020\\\/11\\\/09\\\/2-de-mayo-benito-perez-galdos-y-los-episodios-nacionales\\\/#article\",\"isPartOf\":{\"@id\":\"https:\\\/\\\/www.cope.es\\\/blogs\\\/cine-y-libertad\\\/2020\\\/11\\\/09\\\/2-de-mayo-benito-perez-galdos-y-los-episodios-nacionales\\\/\"},\"author\":{\"name\":\"V\u00edctor Alvarado\",\"@id\":\"https:\\\/\\\/www.cope.es\\\/blogs\\\/cine-y-libertad\\\/#\\\/schema\\\/person\\\/c95904a4fbf751a8d9124f8fa8bdaace\"},\"headline\":\"2 de mayo-Benito P\u00e9rez Gald\u00f3s y los Episodios Nacionales\",\"datePublished\":\"2020-11-09T20:35:18+00:00\",\"mainEntityOfPage\":{\"@id\":\"https:\\\/\\\/www.cope.es\\\/blogs\\\/cine-y-libertad\\\/2020\\\/11\\\/09\\\/2-de-mayo-benito-perez-galdos-y-los-episodios-nacionales\\\/\"},\"wordCount\":241,\"commentCount\":0,\"image\":{\"@id\":\"https:\\\/\\\/www.cope.es\\\/blogs\\\/cine-y-libertad\\\/2020\\\/11\\\/09\\\/2-de-mayo-benito-perez-galdos-y-los-episodios-nacionales\\\/#primaryimage\"},\"thumbnailUrl\":\"https:\\\/\\\/www.cope.es\\\/blogs\\\/cine-y-libertad\\\/wp-content\\\/uploads\\\/sites\\\/7\\\/2020\\\/10\\\/galdos.jpg\",\"keywords\":[\"Gald\u00f3s\"],\"articleSection\":[\"amistad\",\"amor\",\"cine\",\"c\u00f3mics\",\"historia\",\"libros\"],\"inLanguage\":\"es\",\"potentialAction\":[{\"@type\":\"CommentAction\",\"name\":\"Comment\",\"target\":[\"https:\\\/\\\/www.cope.es\\\/blogs\\\/cine-y-libertad\\\/2020\\\/11\\\/09\\\/2-de-mayo-benito-perez-galdos-y-los-episodios-nacionales\\\/#respond\"]}]},{\"@type\":\"WebPage\",\"@id\":\"https:\\\/\\\/www.cope.es\\\/blogs\\\/cine-y-libertad\\\/2020\\\/11\\\/09\\\/2-de-mayo-benito-perez-galdos-y-los-episodios-nacionales\\\/\",\"url\":\"https:\\\/\\\/www.cope.es\\\/blogs\\\/cine-y-libertad\\\/2020\\\/11\\\/09\\\/2-de-mayo-benito-perez-galdos-y-los-episodios-nacionales\\\/\",\"name\":\"2 de mayo-Benito P\u00e9rez Gald\u00f3s y los Episodios Nacionales\",\"isPartOf\":{\"@id\":\"https:\\\/\\\/www.cope.es\\\/blogs\\\/cine-y-libertad\\\/#website\"},\"primaryImageOfPage\":{\"@id\":\"https:\\\/\\\/www.cope.es\\\/blogs\\\/cine-y-libertad\\\/2020\\\/11\\\/09\\\/2-de-mayo-benito-perez-galdos-y-los-episodios-nacionales\\\/#primaryimage\"},\"image\":{\"@id\":\"https:\\\/\\\/www.cope.es\\\/blogs\\\/cine-y-libertad\\\/2020\\\/11\\\/09\\\/2-de-mayo-benito-perez-galdos-y-los-episodios-nacionales\\\/#primaryimage\"},\"thumbnailUrl\":\"https:\\\/\\\/www.cope.es\\\/blogs\\\/cine-y-libertad\\\/wp-content\\\/uploads\\\/sites\\\/7\\\/2020\\\/10\\\/galdos.jpg\",\"datePublished\":\"2020-11-09T20:35:18+00:00\",\"author\":{\"@id\":\"https:\\\/\\\/www.cope.es\\\/blogs\\\/cine-y-libertad\\\/#\\\/schema\\\/person\\\/c95904a4fbf751a8d9124f8fa8bdaace\"},\"description\":\"2 de mayo-Benito P\u00e9rez Gald\u00f3s y los Episodios Nacionales. \u00bfQu\u00e9 nos han parecido sus adaptaciones al c\u00f3mic y al cine?2 de mayo-Benito P\u00e9rez Gald\u00f3s\",\"breadcrumb\":{\"@id\":\"https:\\\/\\\/www.cope.es\\\/blogs\\\/cine-y-libertad\\\/2020\\\/11\\\/09\\\/2-de-mayo-benito-perez-galdos-y-los-episodios-nacionales\\\/#breadcrumb\"},\"inLanguage\":\"es\",\"potentialAction\":[{\"@type\":\"ReadAction\",\"target\":[\"https:\\\/\\\/www.cope.es\\\/blogs\\\/cine-y-libertad\\\/2020\\\/11\\\/09\\\/2-de-mayo-benito-perez-galdos-y-los-episodios-nacionales\\\/\"]}]},{\"@type\":\"ImageObject\",\"inLanguage\":\"es\",\"@id\":\"https:\\\/\\\/www.cope.es\\\/blogs\\\/cine-y-libertad\\\/2020\\\/11\\\/09\\\/2-de-mayo-benito-perez-galdos-y-los-episodios-nacionales\\\/#primaryimage\",\"url\":\"https:\\\/\\\/www.cope.es\\\/blogs\\\/cine-y-libertad\\\/wp-content\\\/uploads\\\/sites\\\/7\\\/2020\\\/10\\\/galdos.jpg\",\"contentUrl\":\"https:\\\/\\\/www.cope.es\\\/blogs\\\/cine-y-libertad\\\/wp-content\\\/uploads\\\/sites\\\/7\\\/2020\\\/10\\\/galdos.jpg\",\"width\":740,\"height\":909},{\"@type\":\"BreadcrumbList\",\"@id\":\"https:\\\/\\\/www.cope.es\\\/blogs\\\/cine-y-libertad\\\/2020\\\/11\\\/09\\\/2-de-mayo-benito-perez-galdos-y-los-episodios-nacionales\\\/#breadcrumb\",\"itemListElement\":[{\"@type\":\"ListItem\",\"position\":1,\"name\":\"Portada\",\"item\":\"https:\\\/\\\/www.cope.es\\\/blogs\\\/cine-y-libertad\\\/\"},{\"@type\":\"ListItem\",\"position\":2,\"name\":\"2 de mayo-Benito P\u00e9rez Gald\u00f3s y los Episodios Nacionales\"}]},{\"@type\":\"WebSite\",\"@id\":\"https:\\\/\\\/www.cope.es\\\/blogs\\\/cine-y-libertad\\\/#website\",\"url\":\"https:\\\/\\\/www.cope.es\\\/blogs\\\/cine-y-libertad\\\/\",\"name\":\"Cine y Libertad\",\"description\":\"Cine y Libertad un blog de COPE\",\"potentialAction\":[{\"@type\":\"SearchAction\",\"target\":{\"@type\":\"EntryPoint\",\"urlTemplate\":\"https:\\\/\\\/www.cope.es\\\/blogs\\\/cine-y-libertad\\\/?s={search_term_string}\"},\"query-input\":{\"@type\":\"PropertyValueSpecification\",\"valueRequired\":true,\"valueName\":\"search_term_string\"}}],\"inLanguage\":\"es\"},{\"@type\":\"Person\",\"@id\":\"https:\\\/\\\/www.cope.es\\\/blogs\\\/cine-y-libertad\\\/#\\\/schema\\\/person\\\/c95904a4fbf751a8d9124f8fa8bdaace\",\"name\":\"V\u00edctor Alvarado\",\"image\":{\"@type\":\"ImageObject\",\"inLanguage\":\"es\",\"@id\":\"https:\\\/\\\/secure.gravatar.com\\\/avatar\\\/db4634ae2001f7f920b8294d926f3e737ada04196e014ebacae29a4848f905f4?s=96&d=mm&r=g\",\"url\":\"https:\\\/\\\/secure.gravatar.com\\\/avatar\\\/db4634ae2001f7f920b8294d926f3e737ada04196e014ebacae29a4848f905f4?s=96&d=mm&r=g\",\"contentUrl\":\"https:\\\/\\\/secure.gravatar.com\\\/avatar\\\/db4634ae2001f7f920b8294d926f3e737ada04196e014ebacae29a4848f905f4?s=96&d=mm&r=g\",\"caption\":\"V\u00edctor Alvarado\"},\"description\":\"V\u00edctor Alvarado tiene una larga experiencia tanto en medios de comunicaci\u00f3n como en educaci\u00f3n. Dirige el programa de radio, Directo a las Estrellas, en Intereconom\u00eda (Castilla y Le\u00f3n) y Informa Radio en toda Espa\u00f1a. Ha colaborado en Radio Inter y Esradio. Cr\u00edtico de cine en Pantalla 90, Diario Ya y P\u00e1ginas Digital. Es miembro del CEC. Es el autor de libro: La fe, la \u00e9tica y los valores de los superh\u00e9roes (PPC). Esta es su web: www.cineylibertad.com y, por supuesto, lleva m\u00e1s de 5 a\u00f1os como bloguero de Cope, donde analiza el cine, los c\u00f3mics y los libros desde una \u00f3ptica antropol\u00f3gica y axiol\u00f3gica, atendiendo a todas las dimensiones del ser humano.\",\"sameAs\":[\"http:\\\/\\\/www.cineylibertad.com\",\"https:\\\/\\\/www.facebook.com\\\/victor.alvarado.56829446\",\"https:\\\/\\\/www.instagram.com\\\/cineylibertad\\\/\",\"https:\\\/\\\/x.com\\\/cineylibertad\"],\"url\":\"https:\\\/\\\/www.cope.es\\\/blogs\\\/cine-y-libertad\\\/author\\\/valvarado\\\/\"}]}<\/script>\n<!-- \/ Yoast SEO plugin. -->","yoast_head_json":{"title":"2 de mayo-Benito P\u00e9rez Gald\u00f3s y los Episodios Nacionales","description":"2 de mayo-Benito P\u00e9rez Gald\u00f3s y los Episodios Nacionales. \u00bfQu\u00e9 nos han parecido sus adaptaciones al c\u00f3mic y al cine?2 de mayo-Benito P\u00e9rez Gald\u00f3s","robots":{"index":"index","follow":"follow","max-snippet":"max-snippet:-1","max-image-preview":"max-image-preview:large","max-video-preview":"max-video-preview:-1"},"canonical":"https:\/\/www.cope.es\/blogs\/cine-y-libertad\/2020\/11\/09\/2-de-mayo-benito-perez-galdos-y-los-episodios-nacionales\/","og_locale":"es_ES","og_type":"article","og_title":"2 de mayo-Benito P\u00e9rez Gald\u00f3s y los Episodios Nacionales","og_description":"2 de mayo-Benito P\u00e9rez Gald\u00f3s y los Episodios Nacionales. \u00bfQu\u00e9 nos han parecido sus adaptaciones al c\u00f3mic y al cine?2 de mayo-Benito P\u00e9rez Gald\u00f3s","og_url":"https:\/\/www.cope.es\/blogs\/cine-y-libertad\/2020\/11\/09\/2-de-mayo-benito-perez-galdos-y-los-episodios-nacionales\/","og_site_name":"Cine y Libertad","article_publisher":"https:\/\/www.facebook.com\/cope\/","article_author":"https:\/\/www.facebook.com\/victor.alvarado.56829446","article_published_time":"2020-11-09T20:35:18+00:00","og_image":[{"width":740,"height":909,"url":"https:\/\/www.cope.es\/blogs\/cine-y-libertad\/wp-content\/uploads\/sites\/7\/2020\/10\/galdos.jpg","type":"image\/jpeg"}],"author":"V\u00edctor Alvarado","twitter_card":"summary_large_image","twitter_creator":"@cineylibertad","twitter_site":"@cope_es","twitter_misc":{"Escrito por":"V\u00edctor Alvarado","Tiempo de lectura":"1 minuto"},"schema":{"@context":"https:\/\/schema.org","@graph":[{"@type":"Article","@id":"https:\/\/www.cope.es\/blogs\/cine-y-libertad\/2020\/11\/09\/2-de-mayo-benito-perez-galdos-y-los-episodios-nacionales\/#article","isPartOf":{"@id":"https:\/\/www.cope.es\/blogs\/cine-y-libertad\/2020\/11\/09\/2-de-mayo-benito-perez-galdos-y-los-episodios-nacionales\/"},"author":{"name":"V\u00edctor Alvarado","@id":"https:\/\/www.cope.es\/blogs\/cine-y-libertad\/#\/schema\/person\/c95904a4fbf751a8d9124f8fa8bdaace"},"headline":"2 de mayo-Benito P\u00e9rez Gald\u00f3s y los Episodios Nacionales","datePublished":"2020-11-09T20:35:18+00:00","mainEntityOfPage":{"@id":"https:\/\/www.cope.es\/blogs\/cine-y-libertad\/2020\/11\/09\/2-de-mayo-benito-perez-galdos-y-los-episodios-nacionales\/"},"wordCount":241,"commentCount":0,"image":{"@id":"https:\/\/www.cope.es\/blogs\/cine-y-libertad\/2020\/11\/09\/2-de-mayo-benito-perez-galdos-y-los-episodios-nacionales\/#primaryimage"},"thumbnailUrl":"https:\/\/www.cope.es\/blogs\/cine-y-libertad\/wp-content\/uploads\/sites\/7\/2020\/10\/galdos.jpg","keywords":["Gald\u00f3s"],"articleSection":["amistad","amor","cine","c\u00f3mics","historia","libros"],"inLanguage":"es","potentialAction":[{"@type":"CommentAction","name":"Comment","target":["https:\/\/www.cope.es\/blogs\/cine-y-libertad\/2020\/11\/09\/2-de-mayo-benito-perez-galdos-y-los-episodios-nacionales\/#respond"]}]},{"@type":"WebPage","@id":"https:\/\/www.cope.es\/blogs\/cine-y-libertad\/2020\/11\/09\/2-de-mayo-benito-perez-galdos-y-los-episodios-nacionales\/","url":"https:\/\/www.cope.es\/blogs\/cine-y-libertad\/2020\/11\/09\/2-de-mayo-benito-perez-galdos-y-los-episodios-nacionales\/","name":"2 de mayo-Benito P\u00e9rez Gald\u00f3s y los Episodios Nacionales","isPartOf":{"@id":"https:\/\/www.cope.es\/blogs\/cine-y-libertad\/#website"},"primaryImageOfPage":{"@id":"https:\/\/www.cope.es\/blogs\/cine-y-libertad\/2020\/11\/09\/2-de-mayo-benito-perez-galdos-y-los-episodios-nacionales\/#primaryimage"},"image":{"@id":"https:\/\/www.cope.es\/blogs\/cine-y-libertad\/2020\/11\/09\/2-de-mayo-benito-perez-galdos-y-los-episodios-nacionales\/#primaryimage"},"thumbnailUrl":"https:\/\/www.cope.es\/blogs\/cine-y-libertad\/wp-content\/uploads\/sites\/7\/2020\/10\/galdos.jpg","datePublished":"2020-11-09T20:35:18+00:00","author":{"@id":"https:\/\/www.cope.es\/blogs\/cine-y-libertad\/#\/schema\/person\/c95904a4fbf751a8d9124f8fa8bdaace"},"description":"2 de mayo-Benito P\u00e9rez Gald\u00f3s y los Episodios Nacionales. \u00bfQu\u00e9 nos han parecido sus adaptaciones al c\u00f3mic y al cine?2 de mayo-Benito P\u00e9rez Gald\u00f3s","breadcrumb":{"@id":"https:\/\/www.cope.es\/blogs\/cine-y-libertad\/2020\/11\/09\/2-de-mayo-benito-perez-galdos-y-los-episodios-nacionales\/#breadcrumb"},"inLanguage":"es","potentialAction":[{"@type":"ReadAction","target":["https:\/\/www.cope.es\/blogs\/cine-y-libertad\/2020\/11\/09\/2-de-mayo-benito-perez-galdos-y-los-episodios-nacionales\/"]}]},{"@type":"ImageObject","inLanguage":"es","@id":"https:\/\/www.cope.es\/blogs\/cine-y-libertad\/2020\/11\/09\/2-de-mayo-benito-perez-galdos-y-los-episodios-nacionales\/#primaryimage","url":"https:\/\/www.cope.es\/blogs\/cine-y-libertad\/wp-content\/uploads\/sites\/7\/2020\/10\/galdos.jpg","contentUrl":"https:\/\/www.cope.es\/blogs\/cine-y-libertad\/wp-content\/uploads\/sites\/7\/2020\/10\/galdos.jpg","width":740,"height":909},{"@type":"BreadcrumbList","@id":"https:\/\/www.cope.es\/blogs\/cine-y-libertad\/2020\/11\/09\/2-de-mayo-benito-perez-galdos-y-los-episodios-nacionales\/#breadcrumb","itemListElement":[{"@type":"ListItem","position":1,"name":"Portada","item":"https:\/\/www.cope.es\/blogs\/cine-y-libertad\/"},{"@type":"ListItem","position":2,"name":"2 de mayo-Benito P\u00e9rez Gald\u00f3s y los Episodios Nacionales"}]},{"@type":"WebSite","@id":"https:\/\/www.cope.es\/blogs\/cine-y-libertad\/#website","url":"https:\/\/www.cope.es\/blogs\/cine-y-libertad\/","name":"Cine y Libertad","description":"Cine y Libertad un blog de COPE","potentialAction":[{"@type":"SearchAction","target":{"@type":"EntryPoint","urlTemplate":"https:\/\/www.cope.es\/blogs\/cine-y-libertad\/?s={search_term_string}"},"query-input":{"@type":"PropertyValueSpecification","valueRequired":true,"valueName":"search_term_string"}}],"inLanguage":"es"},{"@type":"Person","@id":"https:\/\/www.cope.es\/blogs\/cine-y-libertad\/#\/schema\/person\/c95904a4fbf751a8d9124f8fa8bdaace","name":"V\u00edctor Alvarado","image":{"@type":"ImageObject","inLanguage":"es","@id":"https:\/\/secure.gravatar.com\/avatar\/db4634ae2001f7f920b8294d926f3e737ada04196e014ebacae29a4848f905f4?s=96&d=mm&r=g","url":"https:\/\/secure.gravatar.com\/avatar\/db4634ae2001f7f920b8294d926f3e737ada04196e014ebacae29a4848f905f4?s=96&d=mm&r=g","contentUrl":"https:\/\/secure.gravatar.com\/avatar\/db4634ae2001f7f920b8294d926f3e737ada04196e014ebacae29a4848f905f4?s=96&d=mm&r=g","caption":"V\u00edctor Alvarado"},"description":"V\u00edctor Alvarado tiene una larga experiencia tanto en medios de comunicaci\u00f3n como en educaci\u00f3n. Dirige el programa de radio, Directo a las Estrellas, en Intereconom\u00eda (Castilla y Le\u00f3n) y Informa Radio en toda Espa\u00f1a. Ha colaborado en Radio Inter y Esradio. Cr\u00edtico de cine en Pantalla 90, Diario Ya y P\u00e1ginas Digital. Es miembro del CEC. Es el autor de libro: La fe, la \u00e9tica y los valores de los superh\u00e9roes (PPC). Esta es su web: www.cineylibertad.com y, por supuesto, lleva m\u00e1s de 5 a\u00f1os como bloguero de Cope, donde analiza el cine, los c\u00f3mics y los libros desde una \u00f3ptica antropol\u00f3gica y axiol\u00f3gica, atendiendo a todas las dimensiones del ser humano.","sameAs":["http:\/\/www.cineylibertad.com","https:\/\/www.facebook.com\/victor.alvarado.56829446","https:\/\/www.instagram.com\/cineylibertad\/","https:\/\/x.com\/cineylibertad"],"url":"https:\/\/www.cope.es\/blogs\/cine-y-libertad\/author\/valvarado\/"}]}},"amp_enabled":true,"_links":{"self":[{"href":"https:\/\/www.cope.es\/blogs\/cine-y-libertad\/wp-json\/wp\/v2\/posts\/2215","targetHints":{"allow":["GET"]}}],"collection":[{"href":"https:\/\/www.cope.es\/blogs\/cine-y-libertad\/wp-json\/wp\/v2\/posts"}],"about":[{"href":"https:\/\/www.cope.es\/blogs\/cine-y-libertad\/wp-json\/wp\/v2\/types\/post"}],"author":[{"embeddable":true,"href":"https:\/\/www.cope.es\/blogs\/cine-y-libertad\/wp-json\/wp\/v2\/users\/7"}],"replies":[{"embeddable":true,"href":"https:\/\/www.cope.es\/blogs\/cine-y-libertad\/wp-json\/wp\/v2\/comments?post=2215"}],"version-history":[{"count":2,"href":"https:\/\/www.cope.es\/blogs\/cine-y-libertad\/wp-json\/wp\/v2\/posts\/2215\/revisions"}],"predecessor-version":[{"id":2262,"href":"https:\/\/www.cope.es\/blogs\/cine-y-libertad\/wp-json\/wp\/v2\/posts\/2215\/revisions\/2262"}],"wp:featuredmedia":[{"embeddable":true,"href":"https:\/\/www.cope.es\/blogs\/cine-y-libertad\/wp-json\/wp\/v2\/media\/2216"}],"wp:attachment":[{"href":"https:\/\/www.cope.es\/blogs\/cine-y-libertad\/wp-json\/wp\/v2\/media?parent=2215"}],"wp:term":[{"taxonomy":"category","embeddable":true,"href":"https:\/\/www.cope.es\/blogs\/cine-y-libertad\/wp-json\/wp\/v2\/categories?post=2215"},{"taxonomy":"post_tag","embeddable":true,"href":"https:\/\/www.cope.es\/blogs\/cine-y-libertad\/wp-json\/wp\/v2\/tags?post=2215"}],"curies":[{"name":"wp","href":"https:\/\/api.w.org\/{rel}","templated":true}]}}