{"id":2123,"date":"2020-09-19T14:38:22","date_gmt":"2020-09-19T12:38:22","guid":{"rendered":"http:\/\/www.cope.es\/blogs\/cine-y-libertad\/?p=2123"},"modified":"2020-09-19T14:38:22","modified_gmt":"2020-09-19T12:38:22","slug":"la-isla-del-doctor-moreau-el-fin-no-debe-justificar-los-medios","status":"publish","type":"post","link":"https:\/\/www.cope.es\/blogs\/cine-y-libertad\/2020\/09\/19\/la-isla-del-doctor-moreau-el-fin-no-debe-justificar-los-medios\/","title":{"rendered":"La isla del doctor Moreau-El fin no debe justificar los medios"},"content":{"rendered":"<p>La isla del doctor Moreau-El fin no debe justificar los medios. \u00bfPor qu\u00e9 hay que leer esta novela gr\u00e1fica?\u00bfQu\u00e9 adaptaciones cinematogr\u00e1ficas destacan por encima de las dem\u00e1s?<\/p>\n<p>Aqu\u00ed puedes escuchar mi comentario:<a title=\"La Isla del doctor Moreau-El fin no debe justificar los medios\" href=\"http:\/\/www.cineylibertad.com\/la-isla-del-doctor-moreau-el-fin-no-debe-justificar-los-medios\/\">La Isla del doctor Moreau-El fin no debe justificar los medios<\/a><\/p>\n<p><img loading=\"lazy\" decoding=\"async\" width=\"260\" height=\"194\" class=\"alignnone size-full wp-image-2124\" src=\"http:\/\/www.cope.es\/blogs\/cine-y-libertad\/wp-content\/uploads\/sites\/7\/2020\/09\/la-isla-del-doctor-moreau-el-fin-no-debe-justificar-los-medios.jpg\" alt=\"\" \/><\/p>\n<p>\u00a1Lectores y amigos de Cine y Libertad!<\/p>\n<p>La editorial Panini nos habla de su c\u00f3mic:<\/p>\n<p>El guionista Ted Adams (Diablo House), se une al dibujante y cocreador de Locke &amp; Key, Gabriel Rodr\u00edguez, para presentar una versi\u00f3n completamente nueva de la novela cl\u00e1sica de ciencia ficci\u00f3n escrita por H.G.Wells. Esta adaptaci\u00f3n nos presenta a Ellen Prendick, cuyo punto de vista nos ofrece una nueva versi\u00f3n sobre los horribles sucesos que acontecieron en la isla del Doctor Moreau.<\/p>\n<p>Obra creada por Gabriel Rodr\u00edguez y Ted Adams.<\/p>\n<p>Twitter:\u00a0<span class=\"x_DashboardProfileCard-screenname x_u-inlineBlock x_u-dir\"><a class=\"x_DashboardProfileCard-screennameLink x_u-linkComplex x_u-linkClean\" href=\"https:\/\/twitter.com\/cineylibertad\" target=\"_blank\">@<span class=\"x_u-linkComplex-target\">cineylibertad<\/span><\/a><\/span><\/p>\n","protected":false},"excerpt":{"rendered":"<p>La isla del doctor Moreau-El fin no debe justificar los medios. \u00bfPor qu\u00e9 hay que leer esta novela gr\u00e1fica?\u00bfQu\u00e9 adaptaciones cinematogr\u00e1ficas destacan por encima de las dem\u00e1s? Aqu\u00ed puedes escuchar mi comentario:La Isla del doctor Moreau-El fin no debe justificar los medios \u00a1Lectores y amigos de Cine y Libertad! La editorial Panini nos habla de [&hellip;]<\/p>\n","protected":false},"author":7,"featured_media":2124,"comment_status":"open","ping_status":"open","sticky":false,"template":"","format":"standard","meta":{"footnotes":""},"categories":[56,3,4,42,111],"tags":[],"class_list":["post-2123","post","type-post","status-publish","format-standard","has-post-thumbnail","hentry","category-ciencia-ficcion","category-cine","category-comics","category-obra-maestra","category-terror"],"yoast_head":"<!-- This site is optimized with the Yoast SEO plugin v27.4 - https:\/\/yoast.com\/product\/yoast-seo-wordpress\/ -->\n<title>La isla del doctor Moreau-El fin no debe justificar los medios<\/title>\n<meta name=\"description\" content=\"La isla del doctor Moreau-El fin no debe justificar los medios. \u00bfPor qu\u00e9 hay que leer esta novela gr\u00e1fica?La isla del doctor Moreau\" \/>\n<meta name=\"robots\" content=\"index, follow, max-snippet:-1, max-image-preview:large, max-video-preview:-1\" \/>\n<link rel=\"canonical\" href=\"https:\/\/www.cope.es\/blogs\/cine-y-libertad\/2020\/09\/19\/la-isla-del-doctor-moreau-el-fin-no-debe-justificar-los-medios\/\" \/>\n<meta property=\"og:locale\" content=\"es_ES\" \/>\n<meta property=\"og:type\" content=\"article\" \/>\n<meta property=\"og:title\" content=\"La isla del doctor Moreau-El fin no debe justificar los medios\" \/>\n<meta property=\"og:description\" content=\"La isla del doctor Moreau-El fin no debe justificar los medios. \u00bfPor qu\u00e9 hay que leer esta novela gr\u00e1fica?La isla del doctor Moreau\" \/>\n<meta property=\"og:url\" content=\"https:\/\/www.cope.es\/blogs\/cine-y-libertad\/2020\/09\/19\/la-isla-del-doctor-moreau-el-fin-no-debe-justificar-los-medios\/\" \/>\n<meta property=\"og:site_name\" content=\"Cine y Libertad\" \/>\n<meta property=\"article:publisher\" content=\"https:\/\/www.facebook.com\/cope\/\" \/>\n<meta property=\"article:author\" content=\"https:\/\/www.facebook.com\/victor.alvarado.56829446\" \/>\n<meta property=\"article:published_time\" content=\"2020-09-19T12:38:22+00:00\" \/>\n<meta property=\"og:image\" content=\"https:\/\/www.cope.es\/blogs\/cine-y-libertad\/wp-content\/uploads\/sites\/7\/2020\/09\/la-isla-del-doctor-moreau-el-fin-no-debe-justificar-los-medios.jpg\" \/>\n\t<meta property=\"og:image:width\" content=\"260\" \/>\n\t<meta property=\"og:image:height\" content=\"194\" \/>\n\t<meta property=\"og:image:type\" content=\"image\/jpeg\" \/>\n<meta name=\"author\" content=\"V\u00edctor Alvarado\" \/>\n<meta name=\"twitter:card\" content=\"summary_large_image\" \/>\n<meta name=\"twitter:creator\" content=\"@cineylibertad\" \/>\n<meta name=\"twitter:site\" content=\"@cope_es\" \/>\n<meta name=\"twitter:label1\" content=\"Escrito por\" \/>\n\t<meta name=\"twitter:data1\" content=\"V\u00edctor Alvarado\" \/>\n\t<meta name=\"twitter:label2\" content=\"Tiempo de lectura\" \/>\n\t<meta name=\"twitter:data2\" content=\"1 minuto\" \/>\n<script type=\"application\/ld+json\" class=\"yoast-schema-graph\">{\"@context\":\"https:\\\/\\\/schema.org\",\"@graph\":[{\"@type\":\"Article\",\"@id\":\"https:\\\/\\\/www.cope.es\\\/blogs\\\/cine-y-libertad\\\/2020\\\/09\\\/19\\\/la-isla-del-doctor-moreau-el-fin-no-debe-justificar-los-medios\\\/#article\",\"isPartOf\":{\"@id\":\"https:\\\/\\\/www.cope.es\\\/blogs\\\/cine-y-libertad\\\/2020\\\/09\\\/19\\\/la-isla-del-doctor-moreau-el-fin-no-debe-justificar-los-medios\\\/\"},\"author\":{\"name\":\"V\u00edctor Alvarado\",\"@id\":\"https:\\\/\\\/www.cope.es\\\/blogs\\\/cine-y-libertad\\\/#\\\/schema\\\/person\\\/c95904a4fbf751a8d9124f8fa8bdaace\"},\"headline\":\"La isla del doctor Moreau-El fin no debe justificar los medios\",\"datePublished\":\"2020-09-19T12:38:22+00:00\",\"mainEntityOfPage\":{\"@id\":\"https:\\\/\\\/www.cope.es\\\/blogs\\\/cine-y-libertad\\\/2020\\\/09\\\/19\\\/la-isla-del-doctor-moreau-el-fin-no-debe-justificar-los-medios\\\/\"},\"wordCount\":155,\"commentCount\":0,\"image\":{\"@id\":\"https:\\\/\\\/www.cope.es\\\/blogs\\\/cine-y-libertad\\\/2020\\\/09\\\/19\\\/la-isla-del-doctor-moreau-el-fin-no-debe-justificar-los-medios\\\/#primaryimage\"},\"thumbnailUrl\":\"https:\\\/\\\/www.cope.es\\\/blogs\\\/cine-y-libertad\\\/wp-content\\\/uploads\\\/sites\\\/7\\\/2020\\\/09\\\/la-isla-del-doctor-moreau-el-fin-no-debe-justificar-los-medios.jpg\",\"articleSection\":[\"ciencia ficci\u00f3n\",\"cine\",\"c\u00f3mics\",\"Obra maestra\",\"terror\"],\"inLanguage\":\"es\",\"potentialAction\":[{\"@type\":\"CommentAction\",\"name\":\"Comment\",\"target\":[\"https:\\\/\\\/www.cope.es\\\/blogs\\\/cine-y-libertad\\\/2020\\\/09\\\/19\\\/la-isla-del-doctor-moreau-el-fin-no-debe-justificar-los-medios\\\/#respond\"]}]},{\"@type\":\"WebPage\",\"@id\":\"https:\\\/\\\/www.cope.es\\\/blogs\\\/cine-y-libertad\\\/2020\\\/09\\\/19\\\/la-isla-del-doctor-moreau-el-fin-no-debe-justificar-los-medios\\\/\",\"url\":\"https:\\\/\\\/www.cope.es\\\/blogs\\\/cine-y-libertad\\\/2020\\\/09\\\/19\\\/la-isla-del-doctor-moreau-el-fin-no-debe-justificar-los-medios\\\/\",\"name\":\"La isla del doctor Moreau-El fin no debe justificar los medios\",\"isPartOf\":{\"@id\":\"https:\\\/\\\/www.cope.es\\\/blogs\\\/cine-y-libertad\\\/#website\"},\"primaryImageOfPage\":{\"@id\":\"https:\\\/\\\/www.cope.es\\\/blogs\\\/cine-y-libertad\\\/2020\\\/09\\\/19\\\/la-isla-del-doctor-moreau-el-fin-no-debe-justificar-los-medios\\\/#primaryimage\"},\"image\":{\"@id\":\"https:\\\/\\\/www.cope.es\\\/blogs\\\/cine-y-libertad\\\/2020\\\/09\\\/19\\\/la-isla-del-doctor-moreau-el-fin-no-debe-justificar-los-medios\\\/#primaryimage\"},\"thumbnailUrl\":\"https:\\\/\\\/www.cope.es\\\/blogs\\\/cine-y-libertad\\\/wp-content\\\/uploads\\\/sites\\\/7\\\/2020\\\/09\\\/la-isla-del-doctor-moreau-el-fin-no-debe-justificar-los-medios.jpg\",\"datePublished\":\"2020-09-19T12:38:22+00:00\",\"author\":{\"@id\":\"https:\\\/\\\/www.cope.es\\\/blogs\\\/cine-y-libertad\\\/#\\\/schema\\\/person\\\/c95904a4fbf751a8d9124f8fa8bdaace\"},\"description\":\"La isla del doctor Moreau-El fin no debe justificar los medios. \u00bfPor qu\u00e9 hay que leer esta novela gr\u00e1fica?La isla del doctor Moreau\",\"breadcrumb\":{\"@id\":\"https:\\\/\\\/www.cope.es\\\/blogs\\\/cine-y-libertad\\\/2020\\\/09\\\/19\\\/la-isla-del-doctor-moreau-el-fin-no-debe-justificar-los-medios\\\/#breadcrumb\"},\"inLanguage\":\"es\",\"potentialAction\":[{\"@type\":\"ReadAction\",\"target\":[\"https:\\\/\\\/www.cope.es\\\/blogs\\\/cine-y-libertad\\\/2020\\\/09\\\/19\\\/la-isla-del-doctor-moreau-el-fin-no-debe-justificar-los-medios\\\/\"]}]},{\"@type\":\"ImageObject\",\"inLanguage\":\"es\",\"@id\":\"https:\\\/\\\/www.cope.es\\\/blogs\\\/cine-y-libertad\\\/2020\\\/09\\\/19\\\/la-isla-del-doctor-moreau-el-fin-no-debe-justificar-los-medios\\\/#primaryimage\",\"url\":\"https:\\\/\\\/www.cope.es\\\/blogs\\\/cine-y-libertad\\\/wp-content\\\/uploads\\\/sites\\\/7\\\/2020\\\/09\\\/la-isla-del-doctor-moreau-el-fin-no-debe-justificar-los-medios.jpg\",\"contentUrl\":\"https:\\\/\\\/www.cope.es\\\/blogs\\\/cine-y-libertad\\\/wp-content\\\/uploads\\\/sites\\\/7\\\/2020\\\/09\\\/la-isla-del-doctor-moreau-el-fin-no-debe-justificar-los-medios.jpg\",\"width\":260,\"height\":194},{\"@type\":\"BreadcrumbList\",\"@id\":\"https:\\\/\\\/www.cope.es\\\/blogs\\\/cine-y-libertad\\\/2020\\\/09\\\/19\\\/la-isla-del-doctor-moreau-el-fin-no-debe-justificar-los-medios\\\/#breadcrumb\",\"itemListElement\":[{\"@type\":\"ListItem\",\"position\":1,\"name\":\"Portada\",\"item\":\"https:\\\/\\\/www.cope.es\\\/blogs\\\/cine-y-libertad\\\/\"},{\"@type\":\"ListItem\",\"position\":2,\"name\":\"La isla del doctor Moreau-El fin no debe justificar los medios\"}]},{\"@type\":\"WebSite\",\"@id\":\"https:\\\/\\\/www.cope.es\\\/blogs\\\/cine-y-libertad\\\/#website\",\"url\":\"https:\\\/\\\/www.cope.es\\\/blogs\\\/cine-y-libertad\\\/\",\"name\":\"Cine y Libertad\",\"description\":\"Cine y Libertad un blog de COPE\",\"potentialAction\":[{\"@type\":\"SearchAction\",\"target\":{\"@type\":\"EntryPoint\",\"urlTemplate\":\"https:\\\/\\\/www.cope.es\\\/blogs\\\/cine-y-libertad\\\/?s={search_term_string}\"},\"query-input\":{\"@type\":\"PropertyValueSpecification\",\"valueRequired\":true,\"valueName\":\"search_term_string\"}}],\"inLanguage\":\"es\"},{\"@type\":\"Person\",\"@id\":\"https:\\\/\\\/www.cope.es\\\/blogs\\\/cine-y-libertad\\\/#\\\/schema\\\/person\\\/c95904a4fbf751a8d9124f8fa8bdaace\",\"name\":\"V\u00edctor Alvarado\",\"image\":{\"@type\":\"ImageObject\",\"inLanguage\":\"es\",\"@id\":\"https:\\\/\\\/secure.gravatar.com\\\/avatar\\\/db4634ae2001f7f920b8294d926f3e737ada04196e014ebacae29a4848f905f4?s=96&d=mm&r=g\",\"url\":\"https:\\\/\\\/secure.gravatar.com\\\/avatar\\\/db4634ae2001f7f920b8294d926f3e737ada04196e014ebacae29a4848f905f4?s=96&d=mm&r=g\",\"contentUrl\":\"https:\\\/\\\/secure.gravatar.com\\\/avatar\\\/db4634ae2001f7f920b8294d926f3e737ada04196e014ebacae29a4848f905f4?s=96&d=mm&r=g\",\"caption\":\"V\u00edctor Alvarado\"},\"description\":\"V\u00edctor Alvarado tiene una larga experiencia tanto en medios de comunicaci\u00f3n como en educaci\u00f3n. Dirige el programa de radio, Directo a las Estrellas, en Intereconom\u00eda (Castilla y Le\u00f3n) y Informa Radio en toda Espa\u00f1a. Ha colaborado en Radio Inter y Esradio. Cr\u00edtico de cine en Pantalla 90, Diario Ya y P\u00e1ginas Digital. Es miembro del CEC. Es el autor de libro: La fe, la \u00e9tica y los valores de los superh\u00e9roes (PPC). Esta es su web: www.cineylibertad.com y, por supuesto, lleva m\u00e1s de 5 a\u00f1os como bloguero de Cope, donde analiza el cine, los c\u00f3mics y los libros desde una \u00f3ptica antropol\u00f3gica y axiol\u00f3gica, atendiendo a todas las dimensiones del ser humano.\",\"sameAs\":[\"http:\\\/\\\/www.cineylibertad.com\",\"https:\\\/\\\/www.facebook.com\\\/victor.alvarado.56829446\",\"https:\\\/\\\/www.instagram.com\\\/cineylibertad\\\/\",\"https:\\\/\\\/x.com\\\/cineylibertad\"],\"url\":\"https:\\\/\\\/www.cope.es\\\/blogs\\\/cine-y-libertad\\\/author\\\/valvarado\\\/\"}]}<\/script>\n<!-- \/ Yoast SEO plugin. -->","yoast_head_json":{"title":"La isla del doctor Moreau-El fin no debe justificar los medios","description":"La isla del doctor Moreau-El fin no debe justificar los medios. \u00bfPor qu\u00e9 hay que leer esta novela gr\u00e1fica?La isla del doctor Moreau","robots":{"index":"index","follow":"follow","max-snippet":"max-snippet:-1","max-image-preview":"max-image-preview:large","max-video-preview":"max-video-preview:-1"},"canonical":"https:\/\/www.cope.es\/blogs\/cine-y-libertad\/2020\/09\/19\/la-isla-del-doctor-moreau-el-fin-no-debe-justificar-los-medios\/","og_locale":"es_ES","og_type":"article","og_title":"La isla del doctor Moreau-El fin no debe justificar los medios","og_description":"La isla del doctor Moreau-El fin no debe justificar los medios. \u00bfPor qu\u00e9 hay que leer esta novela gr\u00e1fica?La isla del doctor Moreau","og_url":"https:\/\/www.cope.es\/blogs\/cine-y-libertad\/2020\/09\/19\/la-isla-del-doctor-moreau-el-fin-no-debe-justificar-los-medios\/","og_site_name":"Cine y Libertad","article_publisher":"https:\/\/www.facebook.com\/cope\/","article_author":"https:\/\/www.facebook.com\/victor.alvarado.56829446","article_published_time":"2020-09-19T12:38:22+00:00","og_image":[{"width":260,"height":194,"url":"https:\/\/www.cope.es\/blogs\/cine-y-libertad\/wp-content\/uploads\/sites\/7\/2020\/09\/la-isla-del-doctor-moreau-el-fin-no-debe-justificar-los-medios.jpg","type":"image\/jpeg"}],"author":"V\u00edctor Alvarado","twitter_card":"summary_large_image","twitter_creator":"@cineylibertad","twitter_site":"@cope_es","twitter_misc":{"Escrito por":"V\u00edctor Alvarado","Tiempo de lectura":"1 minuto"},"schema":{"@context":"https:\/\/schema.org","@graph":[{"@type":"Article","@id":"https:\/\/www.cope.es\/blogs\/cine-y-libertad\/2020\/09\/19\/la-isla-del-doctor-moreau-el-fin-no-debe-justificar-los-medios\/#article","isPartOf":{"@id":"https:\/\/www.cope.es\/blogs\/cine-y-libertad\/2020\/09\/19\/la-isla-del-doctor-moreau-el-fin-no-debe-justificar-los-medios\/"},"author":{"name":"V\u00edctor Alvarado","@id":"https:\/\/www.cope.es\/blogs\/cine-y-libertad\/#\/schema\/person\/c95904a4fbf751a8d9124f8fa8bdaace"},"headline":"La isla del doctor Moreau-El fin no debe justificar los medios","datePublished":"2020-09-19T12:38:22+00:00","mainEntityOfPage":{"@id":"https:\/\/www.cope.es\/blogs\/cine-y-libertad\/2020\/09\/19\/la-isla-del-doctor-moreau-el-fin-no-debe-justificar-los-medios\/"},"wordCount":155,"commentCount":0,"image":{"@id":"https:\/\/www.cope.es\/blogs\/cine-y-libertad\/2020\/09\/19\/la-isla-del-doctor-moreau-el-fin-no-debe-justificar-los-medios\/#primaryimage"},"thumbnailUrl":"https:\/\/www.cope.es\/blogs\/cine-y-libertad\/wp-content\/uploads\/sites\/7\/2020\/09\/la-isla-del-doctor-moreau-el-fin-no-debe-justificar-los-medios.jpg","articleSection":["ciencia ficci\u00f3n","cine","c\u00f3mics","Obra maestra","terror"],"inLanguage":"es","potentialAction":[{"@type":"CommentAction","name":"Comment","target":["https:\/\/www.cope.es\/blogs\/cine-y-libertad\/2020\/09\/19\/la-isla-del-doctor-moreau-el-fin-no-debe-justificar-los-medios\/#respond"]}]},{"@type":"WebPage","@id":"https:\/\/www.cope.es\/blogs\/cine-y-libertad\/2020\/09\/19\/la-isla-del-doctor-moreau-el-fin-no-debe-justificar-los-medios\/","url":"https:\/\/www.cope.es\/blogs\/cine-y-libertad\/2020\/09\/19\/la-isla-del-doctor-moreau-el-fin-no-debe-justificar-los-medios\/","name":"La isla del doctor Moreau-El fin no debe justificar los medios","isPartOf":{"@id":"https:\/\/www.cope.es\/blogs\/cine-y-libertad\/#website"},"primaryImageOfPage":{"@id":"https:\/\/www.cope.es\/blogs\/cine-y-libertad\/2020\/09\/19\/la-isla-del-doctor-moreau-el-fin-no-debe-justificar-los-medios\/#primaryimage"},"image":{"@id":"https:\/\/www.cope.es\/blogs\/cine-y-libertad\/2020\/09\/19\/la-isla-del-doctor-moreau-el-fin-no-debe-justificar-los-medios\/#primaryimage"},"thumbnailUrl":"https:\/\/www.cope.es\/blogs\/cine-y-libertad\/wp-content\/uploads\/sites\/7\/2020\/09\/la-isla-del-doctor-moreau-el-fin-no-debe-justificar-los-medios.jpg","datePublished":"2020-09-19T12:38:22+00:00","author":{"@id":"https:\/\/www.cope.es\/blogs\/cine-y-libertad\/#\/schema\/person\/c95904a4fbf751a8d9124f8fa8bdaace"},"description":"La isla del doctor Moreau-El fin no debe justificar los medios. \u00bfPor qu\u00e9 hay que leer esta novela gr\u00e1fica?La isla del doctor Moreau","breadcrumb":{"@id":"https:\/\/www.cope.es\/blogs\/cine-y-libertad\/2020\/09\/19\/la-isla-del-doctor-moreau-el-fin-no-debe-justificar-los-medios\/#breadcrumb"},"inLanguage":"es","potentialAction":[{"@type":"ReadAction","target":["https:\/\/www.cope.es\/blogs\/cine-y-libertad\/2020\/09\/19\/la-isla-del-doctor-moreau-el-fin-no-debe-justificar-los-medios\/"]}]},{"@type":"ImageObject","inLanguage":"es","@id":"https:\/\/www.cope.es\/blogs\/cine-y-libertad\/2020\/09\/19\/la-isla-del-doctor-moreau-el-fin-no-debe-justificar-los-medios\/#primaryimage","url":"https:\/\/www.cope.es\/blogs\/cine-y-libertad\/wp-content\/uploads\/sites\/7\/2020\/09\/la-isla-del-doctor-moreau-el-fin-no-debe-justificar-los-medios.jpg","contentUrl":"https:\/\/www.cope.es\/blogs\/cine-y-libertad\/wp-content\/uploads\/sites\/7\/2020\/09\/la-isla-del-doctor-moreau-el-fin-no-debe-justificar-los-medios.jpg","width":260,"height":194},{"@type":"BreadcrumbList","@id":"https:\/\/www.cope.es\/blogs\/cine-y-libertad\/2020\/09\/19\/la-isla-del-doctor-moreau-el-fin-no-debe-justificar-los-medios\/#breadcrumb","itemListElement":[{"@type":"ListItem","position":1,"name":"Portada","item":"https:\/\/www.cope.es\/blogs\/cine-y-libertad\/"},{"@type":"ListItem","position":2,"name":"La isla del doctor Moreau-El fin no debe justificar los medios"}]},{"@type":"WebSite","@id":"https:\/\/www.cope.es\/blogs\/cine-y-libertad\/#website","url":"https:\/\/www.cope.es\/blogs\/cine-y-libertad\/","name":"Cine y Libertad","description":"Cine y Libertad un blog de COPE","potentialAction":[{"@type":"SearchAction","target":{"@type":"EntryPoint","urlTemplate":"https:\/\/www.cope.es\/blogs\/cine-y-libertad\/?s={search_term_string}"},"query-input":{"@type":"PropertyValueSpecification","valueRequired":true,"valueName":"search_term_string"}}],"inLanguage":"es"},{"@type":"Person","@id":"https:\/\/www.cope.es\/blogs\/cine-y-libertad\/#\/schema\/person\/c95904a4fbf751a8d9124f8fa8bdaace","name":"V\u00edctor Alvarado","image":{"@type":"ImageObject","inLanguage":"es","@id":"https:\/\/secure.gravatar.com\/avatar\/db4634ae2001f7f920b8294d926f3e737ada04196e014ebacae29a4848f905f4?s=96&d=mm&r=g","url":"https:\/\/secure.gravatar.com\/avatar\/db4634ae2001f7f920b8294d926f3e737ada04196e014ebacae29a4848f905f4?s=96&d=mm&r=g","contentUrl":"https:\/\/secure.gravatar.com\/avatar\/db4634ae2001f7f920b8294d926f3e737ada04196e014ebacae29a4848f905f4?s=96&d=mm&r=g","caption":"V\u00edctor Alvarado"},"description":"V\u00edctor Alvarado tiene una larga experiencia tanto en medios de comunicaci\u00f3n como en educaci\u00f3n. Dirige el programa de radio, Directo a las Estrellas, en Intereconom\u00eda (Castilla y Le\u00f3n) y Informa Radio en toda Espa\u00f1a. Ha colaborado en Radio Inter y Esradio. Cr\u00edtico de cine en Pantalla 90, Diario Ya y P\u00e1ginas Digital. Es miembro del CEC. Es el autor de libro: La fe, la \u00e9tica y los valores de los superh\u00e9roes (PPC). Esta es su web: www.cineylibertad.com y, por supuesto, lleva m\u00e1s de 5 a\u00f1os como bloguero de Cope, donde analiza el cine, los c\u00f3mics y los libros desde una \u00f3ptica antropol\u00f3gica y axiol\u00f3gica, atendiendo a todas las dimensiones del ser humano.","sameAs":["http:\/\/www.cineylibertad.com","https:\/\/www.facebook.com\/victor.alvarado.56829446","https:\/\/www.instagram.com\/cineylibertad\/","https:\/\/x.com\/cineylibertad"],"url":"https:\/\/www.cope.es\/blogs\/cine-y-libertad\/author\/valvarado\/"}]}},"amp_enabled":true,"_links":{"self":[{"href":"https:\/\/www.cope.es\/blogs\/cine-y-libertad\/wp-json\/wp\/v2\/posts\/2123","targetHints":{"allow":["GET"]}}],"collection":[{"href":"https:\/\/www.cope.es\/blogs\/cine-y-libertad\/wp-json\/wp\/v2\/posts"}],"about":[{"href":"https:\/\/www.cope.es\/blogs\/cine-y-libertad\/wp-json\/wp\/v2\/types\/post"}],"author":[{"embeddable":true,"href":"https:\/\/www.cope.es\/blogs\/cine-y-libertad\/wp-json\/wp\/v2\/users\/7"}],"replies":[{"embeddable":true,"href":"https:\/\/www.cope.es\/blogs\/cine-y-libertad\/wp-json\/wp\/v2\/comments?post=2123"}],"version-history":[{"count":1,"href":"https:\/\/www.cope.es\/blogs\/cine-y-libertad\/wp-json\/wp\/v2\/posts\/2123\/revisions"}],"predecessor-version":[{"id":2125,"href":"https:\/\/www.cope.es\/blogs\/cine-y-libertad\/wp-json\/wp\/v2\/posts\/2123\/revisions\/2125"}],"wp:featuredmedia":[{"embeddable":true,"href":"https:\/\/www.cope.es\/blogs\/cine-y-libertad\/wp-json\/wp\/v2\/media\/2124"}],"wp:attachment":[{"href":"https:\/\/www.cope.es\/blogs\/cine-y-libertad\/wp-json\/wp\/v2\/media?parent=2123"}],"wp:term":[{"taxonomy":"category","embeddable":true,"href":"https:\/\/www.cope.es\/blogs\/cine-y-libertad\/wp-json\/wp\/v2\/categories?post=2123"},{"taxonomy":"post_tag","embeddable":true,"href":"https:\/\/www.cope.es\/blogs\/cine-y-libertad\/wp-json\/wp\/v2\/tags?post=2123"}],"curies":[{"name":"wp","href":"https:\/\/api.w.org\/{rel}","templated":true}]}}