{"id":2062,"date":"2020-08-14T11:54:26","date_gmt":"2020-08-14T09:54:26","guid":{"rendered":"http:\/\/www.cope.es\/blogs\/cine-y-libertad\/?p=2062"},"modified":"2022-01-07T10:55:01","modified_gmt":"2022-01-07T09:55:01","slug":"john-ford-el-mejor-director-de-la-historia-y-sus-valores","status":"publish","type":"post","link":"https:\/\/www.cope.es\/blogs\/cine-y-libertad\/2020\/08\/14\/john-ford-el-mejor-director-de-la-historia-y-sus-valores\/","title":{"rendered":"John Ford-El mejor director de la historia y un homenaje a Peter Bogdanovic"},"content":{"rendered":"<p class=\"title truncate-tc font-16 txt-white title-bg fl-left\"><a class=\"txt-white decorationOnHover\" href=\"https:\/\/www.ivoox.com\/john-ford-el-mejor-director-historia-y-audios-mp3_rf_55198341_1.html\" target=\"_blank\"> John Ford-El mejor director de la historia y sus valores <\/a>-\u00bfQu\u00e9 valores de las pel\u00edculas de John Ford deber\u00edan seguir vigentes?<\/p>\n<p>Aqu\u00ed puedes escuchar mi comentario:<\/p>\n<p><iframe id=\"audio_55198341\" style=\"border: 1px solid #EEE;width: 100%\" src=\"https:\/\/www.ivoox.com\/player_ej_55198341_4_1.html?c1=#ff00a8\" height=\"200\" frameborder=\"0\"><\/iframe><\/p>\n<p>\u00a1Lectores y amigos de Cine y Libertad!<\/p>\n<p>La editorial\u00a0 Hatari Books nos habla de su libro:<\/p>\n<p>Una mirada \u00edntima de John Ford, uno de los directores m\u00e1s admirados de Hollywood. Este es un libro m\u00edtico, al mismo nivel del director sobre el que trata. Peter Bogdanovich retrata a la vez al artista y al hombre, en un libro ameno que satisfar\u00e1 a los cin\u00e9filos y admiradores de John Ford por igual. Nueva introducci\u00f3n de Bogdanovich en exclusiva para esta edici\u00f3n, y nueva traducci\u00f3n de la edici\u00f3n revisada y aumentada de 1978. Ilustrado con m\u00e1s de cien fotograf\u00edas, en color y B\/N, de alta calidad, algunas in\u00e9ditas en libro. Peter Bogdanovich combina entrevistas a John Ford con sus propias reflexiones. Este libro de Bogdanovich fue el primero en intentar retratar el arte de un verdadero poeta del cine.<\/p>\n<p>Twitter:\u00a0<span class=\"x_DashboardProfileCard-screenname x_u-inlineBlock x_u-dir\"><a class=\"x_DashboardProfileCard-screennameLink x_u-linkComplex x_u-linkClean\" href=\"https:\/\/twitter.com\/cineylibertad\" target=\"_blank\">@<span class=\"x_u-linkComplex-target\">cineylibertad<\/span><\/a><\/span><\/p>\n","protected":false},"excerpt":{"rendered":"<p>John Ford-El mejor director de la historia y sus valores -\u00bfQu\u00e9 valores de las pel\u00edculas de John Ford deber\u00edan seguir vigentes? Aqu\u00ed puedes escuchar mi comentario: \u00a1Lectores y amigos de Cine y Libertad! La editorial\u00a0 Hatari Books nos habla de su libro: Una mirada \u00edntima de John Ford, uno de los directores m\u00e1s admirados de [&hellip;]<\/p>\n","protected":false},"author":7,"featured_media":2064,"comment_status":"open","ping_status":"open","sticky":false,"template":"","format":"standard","meta":{"footnotes":""},"categories":[204,3,26,12,83,22,17],"tags":[],"class_list":["post-2062","post","type-post","status-publish","format-standard","has-post-thumbnail","hentry","category-oscar","category-cine","category-comunismo","category-cristianismo","category-familia","category-historia","category-hollywood"],"yoast_head":"<!-- This site is optimized with the Yoast SEO plugin v27.4 - https:\/\/yoast.com\/product\/yoast-seo-wordpress\/ -->\n<title>John Ford-El mejor director de la historia y sus valores<\/title>\n<meta name=\"description\" content=\"John Ford-El mejor director de la historia y sus valores-\u00bfQu\u00e9 valores de las pel\u00edculas de John Ford deber\u00edan seguir vigentes?\" \/>\n<meta name=\"robots\" content=\"index, follow, max-snippet:-1, max-image-preview:large, max-video-preview:-1\" \/>\n<link rel=\"canonical\" href=\"https:\/\/www.cope.es\/blogs\/cine-y-libertad\/2020\/08\/14\/john-ford-el-mejor-director-de-la-historia-y-sus-valores\/\" \/>\n<meta property=\"og:locale\" content=\"es_ES\" \/>\n<meta property=\"og:type\" content=\"article\" \/>\n<meta property=\"og:title\" content=\"John Ford-El mejor director de la historia y sus valores\" \/>\n<meta property=\"og:description\" content=\"John Ford-El mejor director de la historia y sus valores-\u00bfQu\u00e9 valores de las pel\u00edculas de John Ford deber\u00edan seguir vigentes?\" \/>\n<meta property=\"og:url\" content=\"https:\/\/www.cope.es\/blogs\/cine-y-libertad\/2020\/08\/14\/john-ford-el-mejor-director-de-la-historia-y-sus-valores\/\" \/>\n<meta property=\"og:site_name\" content=\"Cine y Libertad\" \/>\n<meta property=\"article:publisher\" content=\"https:\/\/www.facebook.com\/cope\/\" \/>\n<meta property=\"article:author\" content=\"https:\/\/www.facebook.com\/victor.alvarado.56829446\" \/>\n<meta property=\"article:published_time\" content=\"2020-08-14T09:54:26+00:00\" \/>\n<meta property=\"article:modified_time\" content=\"2022-01-07T09:55:01+00:00\" \/>\n<meta property=\"og:image\" content=\"https:\/\/www.cope.es\/blogs\/cine-y-libertad\/wp-content\/uploads\/sites\/7\/2020\/08\/51UB29TYnML._SX338_BO1204203200_.jpg\" \/>\n\t<meta property=\"og:image:width\" content=\"340\" \/>\n\t<meta property=\"og:image:height\" content=\"499\" \/>\n\t<meta property=\"og:image:type\" content=\"image\/jpeg\" \/>\n<meta name=\"author\" content=\"V\u00edctor Alvarado\" \/>\n<meta name=\"twitter:card\" content=\"summary_large_image\" \/>\n<meta name=\"twitter:creator\" content=\"@cineylibertad\" \/>\n<meta name=\"twitter:site\" content=\"@cope_es\" \/>\n<meta name=\"twitter:label1\" content=\"Escrito por\" \/>\n\t<meta name=\"twitter:data1\" content=\"V\u00edctor Alvarado\" \/>\n\t<meta name=\"twitter:label2\" content=\"Tiempo de lectura\" \/>\n\t<meta name=\"twitter:data2\" content=\"1 minuto\" \/>\n<script type=\"application\/ld+json\" class=\"yoast-schema-graph\">{\"@context\":\"https:\\\/\\\/schema.org\",\"@graph\":[{\"@type\":\"Article\",\"@id\":\"https:\\\/\\\/www.cope.es\\\/blogs\\\/cine-y-libertad\\\/2020\\\/08\\\/14\\\/john-ford-el-mejor-director-de-la-historia-y-sus-valores\\\/#article\",\"isPartOf\":{\"@id\":\"https:\\\/\\\/www.cope.es\\\/blogs\\\/cine-y-libertad\\\/2020\\\/08\\\/14\\\/john-ford-el-mejor-director-de-la-historia-y-sus-valores\\\/\"},\"author\":{\"name\":\"V\u00edctor Alvarado\",\"@id\":\"https:\\\/\\\/www.cope.es\\\/blogs\\\/cine-y-libertad\\\/#\\\/schema\\\/person\\\/c95904a4fbf751a8d9124f8fa8bdaace\"},\"headline\":\"John Ford-El mejor director de la historia y un homenaje a Peter Bogdanovic\",\"datePublished\":\"2020-08-14T09:54:26+00:00\",\"dateModified\":\"2022-01-07T09:55:01+00:00\",\"mainEntityOfPage\":{\"@id\":\"https:\\\/\\\/www.cope.es\\\/blogs\\\/cine-y-libertad\\\/2020\\\/08\\\/14\\\/john-ford-el-mejor-director-de-la-historia-y-sus-valores\\\/\"},\"wordCount\":191,\"commentCount\":0,\"image\":{\"@id\":\"https:\\\/\\\/www.cope.es\\\/blogs\\\/cine-y-libertad\\\/2020\\\/08\\\/14\\\/john-ford-el-mejor-director-de-la-historia-y-sus-valores\\\/#primaryimage\"},\"thumbnailUrl\":\"https:\\\/\\\/www.cope.es\\\/blogs\\\/cine-y-libertad\\\/wp-content\\\/uploads\\\/sites\\\/7\\\/2020\\\/08\\\/51UB29TYnML._SX338_BO1204203200_.jpg\",\"articleSection\":[\"#\u00d3scar\",\"cine\",\"comunismo\",\"cristianismo\",\"familia\",\"historia\",\"Hollywood\"],\"inLanguage\":\"es\",\"potentialAction\":[{\"@type\":\"CommentAction\",\"name\":\"Comment\",\"target\":[\"https:\\\/\\\/www.cope.es\\\/blogs\\\/cine-y-libertad\\\/2020\\\/08\\\/14\\\/john-ford-el-mejor-director-de-la-historia-y-sus-valores\\\/#respond\"]}]},{\"@type\":\"WebPage\",\"@id\":\"https:\\\/\\\/www.cope.es\\\/blogs\\\/cine-y-libertad\\\/2020\\\/08\\\/14\\\/john-ford-el-mejor-director-de-la-historia-y-sus-valores\\\/\",\"url\":\"https:\\\/\\\/www.cope.es\\\/blogs\\\/cine-y-libertad\\\/2020\\\/08\\\/14\\\/john-ford-el-mejor-director-de-la-historia-y-sus-valores\\\/\",\"name\":\"John Ford-El mejor director de la historia y sus valores\",\"isPartOf\":{\"@id\":\"https:\\\/\\\/www.cope.es\\\/blogs\\\/cine-y-libertad\\\/#website\"},\"primaryImageOfPage\":{\"@id\":\"https:\\\/\\\/www.cope.es\\\/blogs\\\/cine-y-libertad\\\/2020\\\/08\\\/14\\\/john-ford-el-mejor-director-de-la-historia-y-sus-valores\\\/#primaryimage\"},\"image\":{\"@id\":\"https:\\\/\\\/www.cope.es\\\/blogs\\\/cine-y-libertad\\\/2020\\\/08\\\/14\\\/john-ford-el-mejor-director-de-la-historia-y-sus-valores\\\/#primaryimage\"},\"thumbnailUrl\":\"https:\\\/\\\/www.cope.es\\\/blogs\\\/cine-y-libertad\\\/wp-content\\\/uploads\\\/sites\\\/7\\\/2020\\\/08\\\/51UB29TYnML._SX338_BO1204203200_.jpg\",\"datePublished\":\"2020-08-14T09:54:26+00:00\",\"dateModified\":\"2022-01-07T09:55:01+00:00\",\"author\":{\"@id\":\"https:\\\/\\\/www.cope.es\\\/blogs\\\/cine-y-libertad\\\/#\\\/schema\\\/person\\\/c95904a4fbf751a8d9124f8fa8bdaace\"},\"description\":\"John Ford-El mejor director de la historia y sus valores-\u00bfQu\u00e9 valores de las pel\u00edculas de John Ford deber\u00edan seguir vigentes?\",\"breadcrumb\":{\"@id\":\"https:\\\/\\\/www.cope.es\\\/blogs\\\/cine-y-libertad\\\/2020\\\/08\\\/14\\\/john-ford-el-mejor-director-de-la-historia-y-sus-valores\\\/#breadcrumb\"},\"inLanguage\":\"es\",\"potentialAction\":[{\"@type\":\"ReadAction\",\"target\":[\"https:\\\/\\\/www.cope.es\\\/blogs\\\/cine-y-libertad\\\/2020\\\/08\\\/14\\\/john-ford-el-mejor-director-de-la-historia-y-sus-valores\\\/\"]}]},{\"@type\":\"ImageObject\",\"inLanguage\":\"es\",\"@id\":\"https:\\\/\\\/www.cope.es\\\/blogs\\\/cine-y-libertad\\\/2020\\\/08\\\/14\\\/john-ford-el-mejor-director-de-la-historia-y-sus-valores\\\/#primaryimage\",\"url\":\"https:\\\/\\\/www.cope.es\\\/blogs\\\/cine-y-libertad\\\/wp-content\\\/uploads\\\/sites\\\/7\\\/2020\\\/08\\\/51UB29TYnML._SX338_BO1204203200_.jpg\",\"contentUrl\":\"https:\\\/\\\/www.cope.es\\\/blogs\\\/cine-y-libertad\\\/wp-content\\\/uploads\\\/sites\\\/7\\\/2020\\\/08\\\/51UB29TYnML._SX338_BO1204203200_.jpg\",\"width\":340,\"height\":499},{\"@type\":\"BreadcrumbList\",\"@id\":\"https:\\\/\\\/www.cope.es\\\/blogs\\\/cine-y-libertad\\\/2020\\\/08\\\/14\\\/john-ford-el-mejor-director-de-la-historia-y-sus-valores\\\/#breadcrumb\",\"itemListElement\":[{\"@type\":\"ListItem\",\"position\":1,\"name\":\"Portada\",\"item\":\"https:\\\/\\\/www.cope.es\\\/blogs\\\/cine-y-libertad\\\/\"},{\"@type\":\"ListItem\",\"position\":2,\"name\":\"John Ford-El mejor director de la historia y un homenaje a Peter Bogdanovic\"}]},{\"@type\":\"WebSite\",\"@id\":\"https:\\\/\\\/www.cope.es\\\/blogs\\\/cine-y-libertad\\\/#website\",\"url\":\"https:\\\/\\\/www.cope.es\\\/blogs\\\/cine-y-libertad\\\/\",\"name\":\"Cine y Libertad\",\"description\":\"Cine y Libertad un blog de COPE\",\"potentialAction\":[{\"@type\":\"SearchAction\",\"target\":{\"@type\":\"EntryPoint\",\"urlTemplate\":\"https:\\\/\\\/www.cope.es\\\/blogs\\\/cine-y-libertad\\\/?s={search_term_string}\"},\"query-input\":{\"@type\":\"PropertyValueSpecification\",\"valueRequired\":true,\"valueName\":\"search_term_string\"}}],\"inLanguage\":\"es\"},{\"@type\":\"Person\",\"@id\":\"https:\\\/\\\/www.cope.es\\\/blogs\\\/cine-y-libertad\\\/#\\\/schema\\\/person\\\/c95904a4fbf751a8d9124f8fa8bdaace\",\"name\":\"V\u00edctor Alvarado\",\"image\":{\"@type\":\"ImageObject\",\"inLanguage\":\"es\",\"@id\":\"https:\\\/\\\/secure.gravatar.com\\\/avatar\\\/db4634ae2001f7f920b8294d926f3e737ada04196e014ebacae29a4848f905f4?s=96&d=mm&r=g\",\"url\":\"https:\\\/\\\/secure.gravatar.com\\\/avatar\\\/db4634ae2001f7f920b8294d926f3e737ada04196e014ebacae29a4848f905f4?s=96&d=mm&r=g\",\"contentUrl\":\"https:\\\/\\\/secure.gravatar.com\\\/avatar\\\/db4634ae2001f7f920b8294d926f3e737ada04196e014ebacae29a4848f905f4?s=96&d=mm&r=g\",\"caption\":\"V\u00edctor Alvarado\"},\"description\":\"V\u00edctor Alvarado tiene una larga experiencia tanto en medios de comunicaci\u00f3n como en educaci\u00f3n. Dirige el programa de radio, Directo a las Estrellas, en Intereconom\u00eda (Castilla y Le\u00f3n) y Informa Radio en toda Espa\u00f1a. Ha colaborado en Radio Inter y Esradio. Cr\u00edtico de cine en Pantalla 90, Diario Ya y P\u00e1ginas Digital. Es miembro del CEC. Es el autor de libro: La fe, la \u00e9tica y los valores de los superh\u00e9roes (PPC). Esta es su web: www.cineylibertad.com y, por supuesto, lleva m\u00e1s de 5 a\u00f1os como bloguero de Cope, donde analiza el cine, los c\u00f3mics y los libros desde una \u00f3ptica antropol\u00f3gica y axiol\u00f3gica, atendiendo a todas las dimensiones del ser humano.\",\"sameAs\":[\"http:\\\/\\\/www.cineylibertad.com\",\"https:\\\/\\\/www.facebook.com\\\/victor.alvarado.56829446\",\"https:\\\/\\\/www.instagram.com\\\/cineylibertad\\\/\",\"https:\\\/\\\/x.com\\\/cineylibertad\"],\"url\":\"https:\\\/\\\/www.cope.es\\\/blogs\\\/cine-y-libertad\\\/author\\\/valvarado\\\/\"}]}<\/script>\n<!-- \/ Yoast SEO plugin. -->","yoast_head_json":{"title":"John Ford-El mejor director de la historia y sus valores","description":"John Ford-El mejor director de la historia y sus valores-\u00bfQu\u00e9 valores de las pel\u00edculas de John Ford deber\u00edan seguir vigentes?","robots":{"index":"index","follow":"follow","max-snippet":"max-snippet:-1","max-image-preview":"max-image-preview:large","max-video-preview":"max-video-preview:-1"},"canonical":"https:\/\/www.cope.es\/blogs\/cine-y-libertad\/2020\/08\/14\/john-ford-el-mejor-director-de-la-historia-y-sus-valores\/","og_locale":"es_ES","og_type":"article","og_title":"John Ford-El mejor director de la historia y sus valores","og_description":"John Ford-El mejor director de la historia y sus valores-\u00bfQu\u00e9 valores de las pel\u00edculas de John Ford deber\u00edan seguir vigentes?","og_url":"https:\/\/www.cope.es\/blogs\/cine-y-libertad\/2020\/08\/14\/john-ford-el-mejor-director-de-la-historia-y-sus-valores\/","og_site_name":"Cine y Libertad","article_publisher":"https:\/\/www.facebook.com\/cope\/","article_author":"https:\/\/www.facebook.com\/victor.alvarado.56829446","article_published_time":"2020-08-14T09:54:26+00:00","article_modified_time":"2022-01-07T09:55:01+00:00","og_image":[{"width":340,"height":499,"url":"https:\/\/www.cope.es\/blogs\/cine-y-libertad\/wp-content\/uploads\/sites\/7\/2020\/08\/51UB29TYnML._SX338_BO1204203200_.jpg","type":"image\/jpeg"}],"author":"V\u00edctor Alvarado","twitter_card":"summary_large_image","twitter_creator":"@cineylibertad","twitter_site":"@cope_es","twitter_misc":{"Escrito por":"V\u00edctor Alvarado","Tiempo de lectura":"1 minuto"},"schema":{"@context":"https:\/\/schema.org","@graph":[{"@type":"Article","@id":"https:\/\/www.cope.es\/blogs\/cine-y-libertad\/2020\/08\/14\/john-ford-el-mejor-director-de-la-historia-y-sus-valores\/#article","isPartOf":{"@id":"https:\/\/www.cope.es\/blogs\/cine-y-libertad\/2020\/08\/14\/john-ford-el-mejor-director-de-la-historia-y-sus-valores\/"},"author":{"name":"V\u00edctor Alvarado","@id":"https:\/\/www.cope.es\/blogs\/cine-y-libertad\/#\/schema\/person\/c95904a4fbf751a8d9124f8fa8bdaace"},"headline":"John Ford-El mejor director de la historia y un homenaje a Peter Bogdanovic","datePublished":"2020-08-14T09:54:26+00:00","dateModified":"2022-01-07T09:55:01+00:00","mainEntityOfPage":{"@id":"https:\/\/www.cope.es\/blogs\/cine-y-libertad\/2020\/08\/14\/john-ford-el-mejor-director-de-la-historia-y-sus-valores\/"},"wordCount":191,"commentCount":0,"image":{"@id":"https:\/\/www.cope.es\/blogs\/cine-y-libertad\/2020\/08\/14\/john-ford-el-mejor-director-de-la-historia-y-sus-valores\/#primaryimage"},"thumbnailUrl":"https:\/\/www.cope.es\/blogs\/cine-y-libertad\/wp-content\/uploads\/sites\/7\/2020\/08\/51UB29TYnML._SX338_BO1204203200_.jpg","articleSection":["#\u00d3scar","cine","comunismo","cristianismo","familia","historia","Hollywood"],"inLanguage":"es","potentialAction":[{"@type":"CommentAction","name":"Comment","target":["https:\/\/www.cope.es\/blogs\/cine-y-libertad\/2020\/08\/14\/john-ford-el-mejor-director-de-la-historia-y-sus-valores\/#respond"]}]},{"@type":"WebPage","@id":"https:\/\/www.cope.es\/blogs\/cine-y-libertad\/2020\/08\/14\/john-ford-el-mejor-director-de-la-historia-y-sus-valores\/","url":"https:\/\/www.cope.es\/blogs\/cine-y-libertad\/2020\/08\/14\/john-ford-el-mejor-director-de-la-historia-y-sus-valores\/","name":"John Ford-El mejor director de la historia y sus valores","isPartOf":{"@id":"https:\/\/www.cope.es\/blogs\/cine-y-libertad\/#website"},"primaryImageOfPage":{"@id":"https:\/\/www.cope.es\/blogs\/cine-y-libertad\/2020\/08\/14\/john-ford-el-mejor-director-de-la-historia-y-sus-valores\/#primaryimage"},"image":{"@id":"https:\/\/www.cope.es\/blogs\/cine-y-libertad\/2020\/08\/14\/john-ford-el-mejor-director-de-la-historia-y-sus-valores\/#primaryimage"},"thumbnailUrl":"https:\/\/www.cope.es\/blogs\/cine-y-libertad\/wp-content\/uploads\/sites\/7\/2020\/08\/51UB29TYnML._SX338_BO1204203200_.jpg","datePublished":"2020-08-14T09:54:26+00:00","dateModified":"2022-01-07T09:55:01+00:00","author":{"@id":"https:\/\/www.cope.es\/blogs\/cine-y-libertad\/#\/schema\/person\/c95904a4fbf751a8d9124f8fa8bdaace"},"description":"John Ford-El mejor director de la historia y sus valores-\u00bfQu\u00e9 valores de las pel\u00edculas de John Ford deber\u00edan seguir vigentes?","breadcrumb":{"@id":"https:\/\/www.cope.es\/blogs\/cine-y-libertad\/2020\/08\/14\/john-ford-el-mejor-director-de-la-historia-y-sus-valores\/#breadcrumb"},"inLanguage":"es","potentialAction":[{"@type":"ReadAction","target":["https:\/\/www.cope.es\/blogs\/cine-y-libertad\/2020\/08\/14\/john-ford-el-mejor-director-de-la-historia-y-sus-valores\/"]}]},{"@type":"ImageObject","inLanguage":"es","@id":"https:\/\/www.cope.es\/blogs\/cine-y-libertad\/2020\/08\/14\/john-ford-el-mejor-director-de-la-historia-y-sus-valores\/#primaryimage","url":"https:\/\/www.cope.es\/blogs\/cine-y-libertad\/wp-content\/uploads\/sites\/7\/2020\/08\/51UB29TYnML._SX338_BO1204203200_.jpg","contentUrl":"https:\/\/www.cope.es\/blogs\/cine-y-libertad\/wp-content\/uploads\/sites\/7\/2020\/08\/51UB29TYnML._SX338_BO1204203200_.jpg","width":340,"height":499},{"@type":"BreadcrumbList","@id":"https:\/\/www.cope.es\/blogs\/cine-y-libertad\/2020\/08\/14\/john-ford-el-mejor-director-de-la-historia-y-sus-valores\/#breadcrumb","itemListElement":[{"@type":"ListItem","position":1,"name":"Portada","item":"https:\/\/www.cope.es\/blogs\/cine-y-libertad\/"},{"@type":"ListItem","position":2,"name":"John Ford-El mejor director de la historia y un homenaje a Peter Bogdanovic"}]},{"@type":"WebSite","@id":"https:\/\/www.cope.es\/blogs\/cine-y-libertad\/#website","url":"https:\/\/www.cope.es\/blogs\/cine-y-libertad\/","name":"Cine y Libertad","description":"Cine y Libertad un blog de COPE","potentialAction":[{"@type":"SearchAction","target":{"@type":"EntryPoint","urlTemplate":"https:\/\/www.cope.es\/blogs\/cine-y-libertad\/?s={search_term_string}"},"query-input":{"@type":"PropertyValueSpecification","valueRequired":true,"valueName":"search_term_string"}}],"inLanguage":"es"},{"@type":"Person","@id":"https:\/\/www.cope.es\/blogs\/cine-y-libertad\/#\/schema\/person\/c95904a4fbf751a8d9124f8fa8bdaace","name":"V\u00edctor Alvarado","image":{"@type":"ImageObject","inLanguage":"es","@id":"https:\/\/secure.gravatar.com\/avatar\/db4634ae2001f7f920b8294d926f3e737ada04196e014ebacae29a4848f905f4?s=96&d=mm&r=g","url":"https:\/\/secure.gravatar.com\/avatar\/db4634ae2001f7f920b8294d926f3e737ada04196e014ebacae29a4848f905f4?s=96&d=mm&r=g","contentUrl":"https:\/\/secure.gravatar.com\/avatar\/db4634ae2001f7f920b8294d926f3e737ada04196e014ebacae29a4848f905f4?s=96&d=mm&r=g","caption":"V\u00edctor Alvarado"},"description":"V\u00edctor Alvarado tiene una larga experiencia tanto en medios de comunicaci\u00f3n como en educaci\u00f3n. Dirige el programa de radio, Directo a las Estrellas, en Intereconom\u00eda (Castilla y Le\u00f3n) y Informa Radio en toda Espa\u00f1a. Ha colaborado en Radio Inter y Esradio. Cr\u00edtico de cine en Pantalla 90, Diario Ya y P\u00e1ginas Digital. Es miembro del CEC. Es el autor de libro: La fe, la \u00e9tica y los valores de los superh\u00e9roes (PPC). Esta es su web: www.cineylibertad.com y, por supuesto, lleva m\u00e1s de 5 a\u00f1os como bloguero de Cope, donde analiza el cine, los c\u00f3mics y los libros desde una \u00f3ptica antropol\u00f3gica y axiol\u00f3gica, atendiendo a todas las dimensiones del ser humano.","sameAs":["http:\/\/www.cineylibertad.com","https:\/\/www.facebook.com\/victor.alvarado.56829446","https:\/\/www.instagram.com\/cineylibertad\/","https:\/\/x.com\/cineylibertad"],"url":"https:\/\/www.cope.es\/blogs\/cine-y-libertad\/author\/valvarado\/"}]}},"amp_enabled":true,"_links":{"self":[{"href":"https:\/\/www.cope.es\/blogs\/cine-y-libertad\/wp-json\/wp\/v2\/posts\/2062","targetHints":{"allow":["GET"]}}],"collection":[{"href":"https:\/\/www.cope.es\/blogs\/cine-y-libertad\/wp-json\/wp\/v2\/posts"}],"about":[{"href":"https:\/\/www.cope.es\/blogs\/cine-y-libertad\/wp-json\/wp\/v2\/types\/post"}],"author":[{"embeddable":true,"href":"https:\/\/www.cope.es\/blogs\/cine-y-libertad\/wp-json\/wp\/v2\/users\/7"}],"replies":[{"embeddable":true,"href":"https:\/\/www.cope.es\/blogs\/cine-y-libertad\/wp-json\/wp\/v2\/comments?post=2062"}],"version-history":[{"count":2,"href":"https:\/\/www.cope.es\/blogs\/cine-y-libertad\/wp-json\/wp\/v2\/posts\/2062\/revisions"}],"predecessor-version":[{"id":3589,"href":"https:\/\/www.cope.es\/blogs\/cine-y-libertad\/wp-json\/wp\/v2\/posts\/2062\/revisions\/3589"}],"wp:featuredmedia":[{"embeddable":true,"href":"https:\/\/www.cope.es\/blogs\/cine-y-libertad\/wp-json\/wp\/v2\/media\/2064"}],"wp:attachment":[{"href":"https:\/\/www.cope.es\/blogs\/cine-y-libertad\/wp-json\/wp\/v2\/media?parent=2062"}],"wp:term":[{"taxonomy":"category","embeddable":true,"href":"https:\/\/www.cope.es\/blogs\/cine-y-libertad\/wp-json\/wp\/v2\/categories?post=2062"},{"taxonomy":"post_tag","embeddable":true,"href":"https:\/\/www.cope.es\/blogs\/cine-y-libertad\/wp-json\/wp\/v2\/tags?post=2062"}],"curies":[{"name":"wp","href":"https:\/\/api.w.org\/{rel}","templated":true}]}}