{"id":1956,"date":"2020-07-03T08:21:07","date_gmt":"2020-07-03T06:21:07","guid":{"rendered":"http:\/\/www.cope.es\/blogs\/cine-y-libertad\/?p=1956"},"modified":"2020-07-04T12:08:41","modified_gmt":"2020-07-04T10:08:41","slug":"principe-valiente-los-paralelismos-entre-harold-forter-y-su-heroe-medieval","status":"publish","type":"post","link":"https:\/\/www.cope.es\/blogs\/cine-y-libertad\/2020\/07\/03\/principe-valiente-los-paralelismos-entre-harold-forter-y-su-heroe-medieval\/","title":{"rendered":"Pr\u00edncipe Valiente-Los paralelismos entre Harold Foster y su h\u00e9roe medieval"},"content":{"rendered":"<p>Pr\u00edncipe Valiente-Los paralelismos entre Harold Foster y su h\u00e9roe medieval. \u00bfPor qu\u00e9 hay que reinventarse cuando llegan tiempos dif\u00edciles?<\/p>\n<p>Aqu\u00ed puedes escuchar mi comentario:<a title=\"Pr\u00edncipe Valiente-Los paralelismos entre Harold Forter y su h\u00e9roe medieval.\" href=\"http:\/\/www.cineylibertad.com\/principe-valiente-los-paralelismos-entre-harold-forter-y-su-heroe-medieval\/\">Pr\u00edncipe Valiente<\/a><\/p>\n<p><img loading=\"lazy\" decoding=\"async\" width=\"189\" height=\"266\" class=\"alignnone size-full wp-image-1958\" src=\"http:\/\/www.cope.es\/blogs\/cine-y-libertad\/wp-content\/uploads\/sites\/7\/2020\/07\/principe-valiente-los-paralelismos-entre-harold-forter-y-su-heroe-medieval.jpg\" alt=\"\" \/><\/p>\n<p>\u00a1Lectores y amigos de Cine y Libertad!<\/p>\n<p>La Dolmen nos habla de su c\u00f3mic:<\/p>\n<p>Pr\u00edncipe Valiente-Los paralelismos entre Harold Foster y su h\u00e9roe medieval<\/p>\n<p>Pr\u00edncipe Valiente es algo m\u00e1s que la obra biogr\u00e1fica de un solo hombre. Es la fascinaci\u00f3n de los dibujos m\u00e1s perfectos que jam\u00e1s haya ofrecido la historia de la historieta, la llegada a un Camelot que desde entonces no puede ser sino como lo retrata Harold Foster, la amistad de un caballero p\u00edcaro como Sir Gawain, el tutelaje de Merl\u00edn el mago, el enfrentamiento y luego la amistad con el otro pr\u00edncipe, el rubio Arn. Y antes y siempre, la pura \u00e9pica del guerrero enfrentado a un destino que -dec\u00edan- no lo iba a dejar descansar jam\u00e1s.<\/p>\n<p>El paso del tiempo nos ha ense\u00f1ado a comprender que la saga aventurera de Val, su periplo vital, sus alegr\u00edas y sus desencantos, sus grandes haza\u00f1as y sus momentos de miseria son las mismas por las que cualquiera de sus lectores pasar\u00edan luego: porque si hay un protagonista en este c\u00f3mic de c\u00f3mics es el tiempo, la vida, el fugaz destello de la gloria y el reflejo de tantas caracter\u00edsticas comunes a todos los seres humanos.<\/p>\n<p>Puedes escucharnos en: <a href=\"http:\/\/www.cineylibertad.com\/\">www.cineylibertad.com<\/a><\/p>\n<p>Twitter: <span class=\"x_DashboardProfileCard-screenname x_u-inlineBlock x_u-dir\"><a class=\"x_DashboardProfileCard-screennameLink x_u-linkComplex x_u-linkClean\" href=\"https:\/\/twitter.com\/cineylibertad\" target=\"_blank\">@<span class=\"x_u-linkComplex-target\">cineylibertad<\/span><\/a><\/span><\/p>\n<p>V\u00edctor Alvarado<\/p>\n","protected":false},"excerpt":{"rendered":"<p>Pr\u00edncipe Valiente-Los paralelismos entre Harold Foster y su h\u00e9roe medieval. \u00bfPor qu\u00e9 hay que reinventarse cuando llegan tiempos dif\u00edciles? Aqu\u00ed puedes escuchar mi comentario:Pr\u00edncipe Valiente \u00a1Lectores y amigos de Cine y Libertad! La Dolmen nos habla de su c\u00f3mic: Pr\u00edncipe Valiente-Los paralelismos entre Harold Foster y su h\u00e9roe medieval Pr\u00edncipe Valiente es algo m\u00e1s que [&hellip;]<\/p>\n","protected":false},"author":7,"featured_media":1958,"comment_status":"open","ping_status":"open","sticky":false,"template":"","format":"standard","meta":{"footnotes":""},"categories":[131,158,4,83,21,14,42],"tags":[],"class_list":["post-1956","post","type-post","status-publish","format-standard","has-post-thumbnail","hentry","category-amistad","category-amor","category-comics","category-familia","category-joyas-del-noveno-arte","category-joyas-universales","category-obra-maestra"],"yoast_head":"<!-- This site is optimized with the Yoast SEO plugin v27.4 - https:\/\/yoast.com\/product\/yoast-seo-wordpress\/ -->\n<title>Pr\u00edncipe Valiente-Los paralelismos entre Harold Forter y su h\u00e9roe medieval<\/title>\n<meta name=\"description\" content=\"Pr\u00edncipe Valiente-Los paralelismos entre Harold Forter y su h\u00e9roe medieval. \u00bfPor qu\u00e9 hay que reinventarse cuando llegan tiempos dif\u00edciles?\" \/>\n<meta name=\"robots\" content=\"index, follow, max-snippet:-1, max-image-preview:large, max-video-preview:-1\" \/>\n<link rel=\"canonical\" href=\"https:\/\/www.cope.es\/blogs\/cine-y-libertad\/2020\/07\/03\/principe-valiente-los-paralelismos-entre-harold-forter-y-su-heroe-medieval\/\" \/>\n<meta property=\"og:locale\" content=\"es_ES\" \/>\n<meta property=\"og:type\" content=\"article\" \/>\n<meta property=\"og:title\" content=\"Pr\u00edncipe Valiente-Los paralelismos entre Harold Forter y su h\u00e9roe medieval\" \/>\n<meta property=\"og:description\" content=\"Pr\u00edncipe Valiente-Los paralelismos entre Harold Forter y su h\u00e9roe medieval. \u00bfPor qu\u00e9 hay que reinventarse cuando llegan tiempos dif\u00edciles?\" \/>\n<meta property=\"og:url\" content=\"https:\/\/www.cope.es\/blogs\/cine-y-libertad\/2020\/07\/03\/principe-valiente-los-paralelismos-entre-harold-forter-y-su-heroe-medieval\/\" \/>\n<meta property=\"og:site_name\" content=\"Cine y Libertad\" \/>\n<meta property=\"article:publisher\" content=\"https:\/\/www.facebook.com\/cope\/\" \/>\n<meta property=\"article:author\" content=\"https:\/\/www.facebook.com\/victor.alvarado.56829446\" \/>\n<meta property=\"article:published_time\" content=\"2020-07-03T06:21:07+00:00\" \/>\n<meta property=\"article:modified_time\" content=\"2020-07-04T10:08:41+00:00\" \/>\n<meta property=\"og:image\" content=\"https:\/\/www.cope.es\/blogs\/cine-y-libertad\/wp-content\/uploads\/sites\/7\/2020\/07\/principe-valiente-los-paralelismos-entre-harold-forter-y-su-heroe-medieval.jpg\" \/>\n\t<meta property=\"og:image:width\" content=\"189\" \/>\n\t<meta property=\"og:image:height\" content=\"266\" \/>\n\t<meta property=\"og:image:type\" content=\"image\/jpeg\" \/>\n<meta name=\"author\" content=\"V\u00edctor Alvarado\" \/>\n<meta name=\"twitter:card\" content=\"summary_large_image\" \/>\n<meta name=\"twitter:creator\" content=\"@cineylibertad\" \/>\n<meta name=\"twitter:site\" content=\"@cope_es\" \/>\n<meta name=\"twitter:label1\" content=\"Escrito por\" \/>\n\t<meta name=\"twitter:data1\" content=\"V\u00edctor Alvarado\" \/>\n\t<meta name=\"twitter:label2\" content=\"Tiempo de lectura\" \/>\n\t<meta name=\"twitter:data2\" content=\"1 minuto\" \/>\n<script type=\"application\/ld+json\" class=\"yoast-schema-graph\">{\"@context\":\"https:\\\/\\\/schema.org\",\"@graph\":[{\"@type\":\"Article\",\"@id\":\"https:\\\/\\\/www.cope.es\\\/blogs\\\/cine-y-libertad\\\/2020\\\/07\\\/03\\\/principe-valiente-los-paralelismos-entre-harold-forter-y-su-heroe-medieval\\\/#article\",\"isPartOf\":{\"@id\":\"https:\\\/\\\/www.cope.es\\\/blogs\\\/cine-y-libertad\\\/2020\\\/07\\\/03\\\/principe-valiente-los-paralelismos-entre-harold-forter-y-su-heroe-medieval\\\/\"},\"author\":{\"name\":\"V\u00edctor Alvarado\",\"@id\":\"https:\\\/\\\/www.cope.es\\\/blogs\\\/cine-y-libertad\\\/#\\\/schema\\\/person\\\/c95904a4fbf751a8d9124f8fa8bdaace\"},\"headline\":\"Pr\u00edncipe Valiente-Los paralelismos entre Harold Foster y su h\u00e9roe medieval\",\"datePublished\":\"2020-07-03T06:21:07+00:00\",\"dateModified\":\"2020-07-04T10:08:41+00:00\",\"mainEntityOfPage\":{\"@id\":\"https:\\\/\\\/www.cope.es\\\/blogs\\\/cine-y-libertad\\\/2020\\\/07\\\/03\\\/principe-valiente-los-paralelismos-entre-harold-forter-y-su-heroe-medieval\\\/\"},\"wordCount\":271,\"commentCount\":0,\"image\":{\"@id\":\"https:\\\/\\\/www.cope.es\\\/blogs\\\/cine-y-libertad\\\/2020\\\/07\\\/03\\\/principe-valiente-los-paralelismos-entre-harold-forter-y-su-heroe-medieval\\\/#primaryimage\"},\"thumbnailUrl\":\"https:\\\/\\\/www.cope.es\\\/blogs\\\/cine-y-libertad\\\/wp-content\\\/uploads\\\/sites\\\/7\\\/2020\\\/07\\\/principe-valiente-los-paralelismos-entre-harold-forter-y-su-heroe-medieval.jpg\",\"articleSection\":[\"amistad\",\"amor\",\"c\u00f3mics\",\"familia\",\"joyas del noveno arte\",\"joyas universales\",\"Obra maestra\"],\"inLanguage\":\"es\",\"potentialAction\":[{\"@type\":\"CommentAction\",\"name\":\"Comment\",\"target\":[\"https:\\\/\\\/www.cope.es\\\/blogs\\\/cine-y-libertad\\\/2020\\\/07\\\/03\\\/principe-valiente-los-paralelismos-entre-harold-forter-y-su-heroe-medieval\\\/#respond\"]}]},{\"@type\":\"WebPage\",\"@id\":\"https:\\\/\\\/www.cope.es\\\/blogs\\\/cine-y-libertad\\\/2020\\\/07\\\/03\\\/principe-valiente-los-paralelismos-entre-harold-forter-y-su-heroe-medieval\\\/\",\"url\":\"https:\\\/\\\/www.cope.es\\\/blogs\\\/cine-y-libertad\\\/2020\\\/07\\\/03\\\/principe-valiente-los-paralelismos-entre-harold-forter-y-su-heroe-medieval\\\/\",\"name\":\"Pr\u00edncipe Valiente-Los paralelismos entre Harold Forter y su h\u00e9roe medieval\",\"isPartOf\":{\"@id\":\"https:\\\/\\\/www.cope.es\\\/blogs\\\/cine-y-libertad\\\/#website\"},\"primaryImageOfPage\":{\"@id\":\"https:\\\/\\\/www.cope.es\\\/blogs\\\/cine-y-libertad\\\/2020\\\/07\\\/03\\\/principe-valiente-los-paralelismos-entre-harold-forter-y-su-heroe-medieval\\\/#primaryimage\"},\"image\":{\"@id\":\"https:\\\/\\\/www.cope.es\\\/blogs\\\/cine-y-libertad\\\/2020\\\/07\\\/03\\\/principe-valiente-los-paralelismos-entre-harold-forter-y-su-heroe-medieval\\\/#primaryimage\"},\"thumbnailUrl\":\"https:\\\/\\\/www.cope.es\\\/blogs\\\/cine-y-libertad\\\/wp-content\\\/uploads\\\/sites\\\/7\\\/2020\\\/07\\\/principe-valiente-los-paralelismos-entre-harold-forter-y-su-heroe-medieval.jpg\",\"datePublished\":\"2020-07-03T06:21:07+00:00\",\"dateModified\":\"2020-07-04T10:08:41+00:00\",\"author\":{\"@id\":\"https:\\\/\\\/www.cope.es\\\/blogs\\\/cine-y-libertad\\\/#\\\/schema\\\/person\\\/c95904a4fbf751a8d9124f8fa8bdaace\"},\"description\":\"Pr\u00edncipe Valiente-Los paralelismos entre Harold Forter y su h\u00e9roe medieval. \u00bfPor qu\u00e9 hay que reinventarse cuando llegan tiempos dif\u00edciles?\",\"breadcrumb\":{\"@id\":\"https:\\\/\\\/www.cope.es\\\/blogs\\\/cine-y-libertad\\\/2020\\\/07\\\/03\\\/principe-valiente-los-paralelismos-entre-harold-forter-y-su-heroe-medieval\\\/#breadcrumb\"},\"inLanguage\":\"es\",\"potentialAction\":[{\"@type\":\"ReadAction\",\"target\":[\"https:\\\/\\\/www.cope.es\\\/blogs\\\/cine-y-libertad\\\/2020\\\/07\\\/03\\\/principe-valiente-los-paralelismos-entre-harold-forter-y-su-heroe-medieval\\\/\"]}]},{\"@type\":\"ImageObject\",\"inLanguage\":\"es\",\"@id\":\"https:\\\/\\\/www.cope.es\\\/blogs\\\/cine-y-libertad\\\/2020\\\/07\\\/03\\\/principe-valiente-los-paralelismos-entre-harold-forter-y-su-heroe-medieval\\\/#primaryimage\",\"url\":\"https:\\\/\\\/www.cope.es\\\/blogs\\\/cine-y-libertad\\\/wp-content\\\/uploads\\\/sites\\\/7\\\/2020\\\/07\\\/principe-valiente-los-paralelismos-entre-harold-forter-y-su-heroe-medieval.jpg\",\"contentUrl\":\"https:\\\/\\\/www.cope.es\\\/blogs\\\/cine-y-libertad\\\/wp-content\\\/uploads\\\/sites\\\/7\\\/2020\\\/07\\\/principe-valiente-los-paralelismos-entre-harold-forter-y-su-heroe-medieval.jpg\",\"width\":189,\"height\":266},{\"@type\":\"BreadcrumbList\",\"@id\":\"https:\\\/\\\/www.cope.es\\\/blogs\\\/cine-y-libertad\\\/2020\\\/07\\\/03\\\/principe-valiente-los-paralelismos-entre-harold-forter-y-su-heroe-medieval\\\/#breadcrumb\",\"itemListElement\":[{\"@type\":\"ListItem\",\"position\":1,\"name\":\"Portada\",\"item\":\"https:\\\/\\\/www.cope.es\\\/blogs\\\/cine-y-libertad\\\/\"},{\"@type\":\"ListItem\",\"position\":2,\"name\":\"Pr\u00edncipe Valiente-Los paralelismos entre Harold Foster y su h\u00e9roe medieval\"}]},{\"@type\":\"WebSite\",\"@id\":\"https:\\\/\\\/www.cope.es\\\/blogs\\\/cine-y-libertad\\\/#website\",\"url\":\"https:\\\/\\\/www.cope.es\\\/blogs\\\/cine-y-libertad\\\/\",\"name\":\"Cine y Libertad\",\"description\":\"Cine y Libertad un blog de COPE\",\"potentialAction\":[{\"@type\":\"SearchAction\",\"target\":{\"@type\":\"EntryPoint\",\"urlTemplate\":\"https:\\\/\\\/www.cope.es\\\/blogs\\\/cine-y-libertad\\\/?s={search_term_string}\"},\"query-input\":{\"@type\":\"PropertyValueSpecification\",\"valueRequired\":true,\"valueName\":\"search_term_string\"}}],\"inLanguage\":\"es\"},{\"@type\":\"Person\",\"@id\":\"https:\\\/\\\/www.cope.es\\\/blogs\\\/cine-y-libertad\\\/#\\\/schema\\\/person\\\/c95904a4fbf751a8d9124f8fa8bdaace\",\"name\":\"V\u00edctor Alvarado\",\"image\":{\"@type\":\"ImageObject\",\"inLanguage\":\"es\",\"@id\":\"https:\\\/\\\/secure.gravatar.com\\\/avatar\\\/db4634ae2001f7f920b8294d926f3e737ada04196e014ebacae29a4848f905f4?s=96&d=mm&r=g\",\"url\":\"https:\\\/\\\/secure.gravatar.com\\\/avatar\\\/db4634ae2001f7f920b8294d926f3e737ada04196e014ebacae29a4848f905f4?s=96&d=mm&r=g\",\"contentUrl\":\"https:\\\/\\\/secure.gravatar.com\\\/avatar\\\/db4634ae2001f7f920b8294d926f3e737ada04196e014ebacae29a4848f905f4?s=96&d=mm&r=g\",\"caption\":\"V\u00edctor Alvarado\"},\"description\":\"V\u00edctor Alvarado tiene una larga experiencia tanto en medios de comunicaci\u00f3n como en educaci\u00f3n. Dirige el programa de radio, Directo a las Estrellas, en Intereconom\u00eda (Castilla y Le\u00f3n) y Informa Radio en toda Espa\u00f1a. Ha colaborado en Radio Inter y Esradio. Cr\u00edtico de cine en Pantalla 90, Diario Ya y P\u00e1ginas Digital. Es miembro del CEC. Es el autor de libro: La fe, la \u00e9tica y los valores de los superh\u00e9roes (PPC). Esta es su web: www.cineylibertad.com y, por supuesto, lleva m\u00e1s de 5 a\u00f1os como bloguero de Cope, donde analiza el cine, los c\u00f3mics y los libros desde una \u00f3ptica antropol\u00f3gica y axiol\u00f3gica, atendiendo a todas las dimensiones del ser humano.\",\"sameAs\":[\"http:\\\/\\\/www.cineylibertad.com\",\"https:\\\/\\\/www.facebook.com\\\/victor.alvarado.56829446\",\"https:\\\/\\\/www.instagram.com\\\/cineylibertad\\\/\",\"https:\\\/\\\/x.com\\\/cineylibertad\"],\"url\":\"https:\\\/\\\/www.cope.es\\\/blogs\\\/cine-y-libertad\\\/author\\\/valvarado\\\/\"}]}<\/script>\n<!-- \/ Yoast SEO plugin. -->","yoast_head_json":{"title":"Pr\u00edncipe Valiente-Los paralelismos entre Harold Forter y su h\u00e9roe medieval","description":"Pr\u00edncipe Valiente-Los paralelismos entre Harold Forter y su h\u00e9roe medieval. \u00bfPor qu\u00e9 hay que reinventarse cuando llegan tiempos dif\u00edciles?","robots":{"index":"index","follow":"follow","max-snippet":"max-snippet:-1","max-image-preview":"max-image-preview:large","max-video-preview":"max-video-preview:-1"},"canonical":"https:\/\/www.cope.es\/blogs\/cine-y-libertad\/2020\/07\/03\/principe-valiente-los-paralelismos-entre-harold-forter-y-su-heroe-medieval\/","og_locale":"es_ES","og_type":"article","og_title":"Pr\u00edncipe Valiente-Los paralelismos entre Harold Forter y su h\u00e9roe medieval","og_description":"Pr\u00edncipe Valiente-Los paralelismos entre Harold Forter y su h\u00e9roe medieval. \u00bfPor qu\u00e9 hay que reinventarse cuando llegan tiempos dif\u00edciles?","og_url":"https:\/\/www.cope.es\/blogs\/cine-y-libertad\/2020\/07\/03\/principe-valiente-los-paralelismos-entre-harold-forter-y-su-heroe-medieval\/","og_site_name":"Cine y Libertad","article_publisher":"https:\/\/www.facebook.com\/cope\/","article_author":"https:\/\/www.facebook.com\/victor.alvarado.56829446","article_published_time":"2020-07-03T06:21:07+00:00","article_modified_time":"2020-07-04T10:08:41+00:00","og_image":[{"width":189,"height":266,"url":"https:\/\/www.cope.es\/blogs\/cine-y-libertad\/wp-content\/uploads\/sites\/7\/2020\/07\/principe-valiente-los-paralelismos-entre-harold-forter-y-su-heroe-medieval.jpg","type":"image\/jpeg"}],"author":"V\u00edctor Alvarado","twitter_card":"summary_large_image","twitter_creator":"@cineylibertad","twitter_site":"@cope_es","twitter_misc":{"Escrito por":"V\u00edctor Alvarado","Tiempo de lectura":"1 minuto"},"schema":{"@context":"https:\/\/schema.org","@graph":[{"@type":"Article","@id":"https:\/\/www.cope.es\/blogs\/cine-y-libertad\/2020\/07\/03\/principe-valiente-los-paralelismos-entre-harold-forter-y-su-heroe-medieval\/#article","isPartOf":{"@id":"https:\/\/www.cope.es\/blogs\/cine-y-libertad\/2020\/07\/03\/principe-valiente-los-paralelismos-entre-harold-forter-y-su-heroe-medieval\/"},"author":{"name":"V\u00edctor Alvarado","@id":"https:\/\/www.cope.es\/blogs\/cine-y-libertad\/#\/schema\/person\/c95904a4fbf751a8d9124f8fa8bdaace"},"headline":"Pr\u00edncipe Valiente-Los paralelismos entre Harold Foster y su h\u00e9roe medieval","datePublished":"2020-07-03T06:21:07+00:00","dateModified":"2020-07-04T10:08:41+00:00","mainEntityOfPage":{"@id":"https:\/\/www.cope.es\/blogs\/cine-y-libertad\/2020\/07\/03\/principe-valiente-los-paralelismos-entre-harold-forter-y-su-heroe-medieval\/"},"wordCount":271,"commentCount":0,"image":{"@id":"https:\/\/www.cope.es\/blogs\/cine-y-libertad\/2020\/07\/03\/principe-valiente-los-paralelismos-entre-harold-forter-y-su-heroe-medieval\/#primaryimage"},"thumbnailUrl":"https:\/\/www.cope.es\/blogs\/cine-y-libertad\/wp-content\/uploads\/sites\/7\/2020\/07\/principe-valiente-los-paralelismos-entre-harold-forter-y-su-heroe-medieval.jpg","articleSection":["amistad","amor","c\u00f3mics","familia","joyas del noveno arte","joyas universales","Obra maestra"],"inLanguage":"es","potentialAction":[{"@type":"CommentAction","name":"Comment","target":["https:\/\/www.cope.es\/blogs\/cine-y-libertad\/2020\/07\/03\/principe-valiente-los-paralelismos-entre-harold-forter-y-su-heroe-medieval\/#respond"]}]},{"@type":"WebPage","@id":"https:\/\/www.cope.es\/blogs\/cine-y-libertad\/2020\/07\/03\/principe-valiente-los-paralelismos-entre-harold-forter-y-su-heroe-medieval\/","url":"https:\/\/www.cope.es\/blogs\/cine-y-libertad\/2020\/07\/03\/principe-valiente-los-paralelismos-entre-harold-forter-y-su-heroe-medieval\/","name":"Pr\u00edncipe Valiente-Los paralelismos entre Harold Forter y su h\u00e9roe medieval","isPartOf":{"@id":"https:\/\/www.cope.es\/blogs\/cine-y-libertad\/#website"},"primaryImageOfPage":{"@id":"https:\/\/www.cope.es\/blogs\/cine-y-libertad\/2020\/07\/03\/principe-valiente-los-paralelismos-entre-harold-forter-y-su-heroe-medieval\/#primaryimage"},"image":{"@id":"https:\/\/www.cope.es\/blogs\/cine-y-libertad\/2020\/07\/03\/principe-valiente-los-paralelismos-entre-harold-forter-y-su-heroe-medieval\/#primaryimage"},"thumbnailUrl":"https:\/\/www.cope.es\/blogs\/cine-y-libertad\/wp-content\/uploads\/sites\/7\/2020\/07\/principe-valiente-los-paralelismos-entre-harold-forter-y-su-heroe-medieval.jpg","datePublished":"2020-07-03T06:21:07+00:00","dateModified":"2020-07-04T10:08:41+00:00","author":{"@id":"https:\/\/www.cope.es\/blogs\/cine-y-libertad\/#\/schema\/person\/c95904a4fbf751a8d9124f8fa8bdaace"},"description":"Pr\u00edncipe Valiente-Los paralelismos entre Harold Forter y su h\u00e9roe medieval. \u00bfPor qu\u00e9 hay que reinventarse cuando llegan tiempos dif\u00edciles?","breadcrumb":{"@id":"https:\/\/www.cope.es\/blogs\/cine-y-libertad\/2020\/07\/03\/principe-valiente-los-paralelismos-entre-harold-forter-y-su-heroe-medieval\/#breadcrumb"},"inLanguage":"es","potentialAction":[{"@type":"ReadAction","target":["https:\/\/www.cope.es\/blogs\/cine-y-libertad\/2020\/07\/03\/principe-valiente-los-paralelismos-entre-harold-forter-y-su-heroe-medieval\/"]}]},{"@type":"ImageObject","inLanguage":"es","@id":"https:\/\/www.cope.es\/blogs\/cine-y-libertad\/2020\/07\/03\/principe-valiente-los-paralelismos-entre-harold-forter-y-su-heroe-medieval\/#primaryimage","url":"https:\/\/www.cope.es\/blogs\/cine-y-libertad\/wp-content\/uploads\/sites\/7\/2020\/07\/principe-valiente-los-paralelismos-entre-harold-forter-y-su-heroe-medieval.jpg","contentUrl":"https:\/\/www.cope.es\/blogs\/cine-y-libertad\/wp-content\/uploads\/sites\/7\/2020\/07\/principe-valiente-los-paralelismos-entre-harold-forter-y-su-heroe-medieval.jpg","width":189,"height":266},{"@type":"BreadcrumbList","@id":"https:\/\/www.cope.es\/blogs\/cine-y-libertad\/2020\/07\/03\/principe-valiente-los-paralelismos-entre-harold-forter-y-su-heroe-medieval\/#breadcrumb","itemListElement":[{"@type":"ListItem","position":1,"name":"Portada","item":"https:\/\/www.cope.es\/blogs\/cine-y-libertad\/"},{"@type":"ListItem","position":2,"name":"Pr\u00edncipe Valiente-Los paralelismos entre Harold Foster y su h\u00e9roe medieval"}]},{"@type":"WebSite","@id":"https:\/\/www.cope.es\/blogs\/cine-y-libertad\/#website","url":"https:\/\/www.cope.es\/blogs\/cine-y-libertad\/","name":"Cine y Libertad","description":"Cine y Libertad un blog de COPE","potentialAction":[{"@type":"SearchAction","target":{"@type":"EntryPoint","urlTemplate":"https:\/\/www.cope.es\/blogs\/cine-y-libertad\/?s={search_term_string}"},"query-input":{"@type":"PropertyValueSpecification","valueRequired":true,"valueName":"search_term_string"}}],"inLanguage":"es"},{"@type":"Person","@id":"https:\/\/www.cope.es\/blogs\/cine-y-libertad\/#\/schema\/person\/c95904a4fbf751a8d9124f8fa8bdaace","name":"V\u00edctor Alvarado","image":{"@type":"ImageObject","inLanguage":"es","@id":"https:\/\/secure.gravatar.com\/avatar\/db4634ae2001f7f920b8294d926f3e737ada04196e014ebacae29a4848f905f4?s=96&d=mm&r=g","url":"https:\/\/secure.gravatar.com\/avatar\/db4634ae2001f7f920b8294d926f3e737ada04196e014ebacae29a4848f905f4?s=96&d=mm&r=g","contentUrl":"https:\/\/secure.gravatar.com\/avatar\/db4634ae2001f7f920b8294d926f3e737ada04196e014ebacae29a4848f905f4?s=96&d=mm&r=g","caption":"V\u00edctor Alvarado"},"description":"V\u00edctor Alvarado tiene una larga experiencia tanto en medios de comunicaci\u00f3n como en educaci\u00f3n. Dirige el programa de radio, Directo a las Estrellas, en Intereconom\u00eda (Castilla y Le\u00f3n) y Informa Radio en toda Espa\u00f1a. Ha colaborado en Radio Inter y Esradio. Cr\u00edtico de cine en Pantalla 90, Diario Ya y P\u00e1ginas Digital. Es miembro del CEC. Es el autor de libro: La fe, la \u00e9tica y los valores de los superh\u00e9roes (PPC). Esta es su web: www.cineylibertad.com y, por supuesto, lleva m\u00e1s de 5 a\u00f1os como bloguero de Cope, donde analiza el cine, los c\u00f3mics y los libros desde una \u00f3ptica antropol\u00f3gica y axiol\u00f3gica, atendiendo a todas las dimensiones del ser humano.","sameAs":["http:\/\/www.cineylibertad.com","https:\/\/www.facebook.com\/victor.alvarado.56829446","https:\/\/www.instagram.com\/cineylibertad\/","https:\/\/x.com\/cineylibertad"],"url":"https:\/\/www.cope.es\/blogs\/cine-y-libertad\/author\/valvarado\/"}]}},"amp_enabled":true,"_links":{"self":[{"href":"https:\/\/www.cope.es\/blogs\/cine-y-libertad\/wp-json\/wp\/v2\/posts\/1956","targetHints":{"allow":["GET"]}}],"collection":[{"href":"https:\/\/www.cope.es\/blogs\/cine-y-libertad\/wp-json\/wp\/v2\/posts"}],"about":[{"href":"https:\/\/www.cope.es\/blogs\/cine-y-libertad\/wp-json\/wp\/v2\/types\/post"}],"author":[{"embeddable":true,"href":"https:\/\/www.cope.es\/blogs\/cine-y-libertad\/wp-json\/wp\/v2\/users\/7"}],"replies":[{"embeddable":true,"href":"https:\/\/www.cope.es\/blogs\/cine-y-libertad\/wp-json\/wp\/v2\/comments?post=1956"}],"version-history":[{"count":2,"href":"https:\/\/www.cope.es\/blogs\/cine-y-libertad\/wp-json\/wp\/v2\/posts\/1956\/revisions"}],"predecessor-version":[{"id":1965,"href":"https:\/\/www.cope.es\/blogs\/cine-y-libertad\/wp-json\/wp\/v2\/posts\/1956\/revisions\/1965"}],"wp:featuredmedia":[{"embeddable":true,"href":"https:\/\/www.cope.es\/blogs\/cine-y-libertad\/wp-json\/wp\/v2\/media\/1958"}],"wp:attachment":[{"href":"https:\/\/www.cope.es\/blogs\/cine-y-libertad\/wp-json\/wp\/v2\/media?parent=1956"}],"wp:term":[{"taxonomy":"category","embeddable":true,"href":"https:\/\/www.cope.es\/blogs\/cine-y-libertad\/wp-json\/wp\/v2\/categories?post=1956"},{"taxonomy":"post_tag","embeddable":true,"href":"https:\/\/www.cope.es\/blogs\/cine-y-libertad\/wp-json\/wp\/v2\/tags?post=1956"}],"curies":[{"name":"wp","href":"https:\/\/api.w.org\/{rel}","templated":true}]}}