{"id":1926,"date":"2020-06-22T17:53:59","date_gmt":"2020-06-22T15:53:59","guid":{"rendered":"http:\/\/www.cope.es\/blogs\/cine-y-libertad\/?p=1926"},"modified":"2020-06-22T17:53:59","modified_gmt":"2020-06-22T15:53:59","slug":"martin-alvarez-el-camino-del-heroe-un-valiente-espanol-en-el-museo-naval-de-londres","status":"publish","type":"post","link":"https:\/\/www.cope.es\/blogs\/cine-y-libertad\/2020\/06\/22\/martin-alvarez-el-camino-del-heroe-un-valiente-espanol-en-el-museo-naval-de-londres\/","title":{"rendered":"Mart\u00edn \u00c1lvarez, el camino del h\u00e9roe-Un valiente espa\u00f1ol en el Museo Naval de Londres"},"content":{"rendered":"<p>Mart\u00edn \u00c1lvarez, el camino del h\u00e9roe- Un valiente espa\u00f1ol en el Museo Naval de Londres. \u00bfQu\u00e9 pasa cuando tus rivales reconocen tu valor?<\/p>\n<p>Aqu\u00ed puedes escuchar mi comentario:<a title=\"Mart\u00edn \u00c1lvarez, el camino del h\u00e9roe- Un  valiente espa\u00f1ol en el Museo Naval de Londres\" href=\"http:\/\/www.cineylibertad.com\/martin-alvarez-el-camino-del-heroe-un-valiente-espanol-en-el-museo-naval-de-londres\/\">Mart\u00edn \u00c1lvarez, el camino del h\u00e9roe<\/a><\/p>\n<p><img loading=\"lazy\" decoding=\"async\" width=\"224\" height=\"300\" class=\"alignnone size-medium wp-image-1927\" src=\"http:\/\/www.cope.es\/blogs\/cine-y-libertad\/wp-content\/uploads\/sites\/7\/2020\/06\/martin-alvarez-el-camino-del-heroe-un-valiente-espanol-en-el-museo-naval-de-londres-224x300.jpg\" alt=\"\" srcset=\"https:\/\/www.cope.es\/blogs\/cine-y-libertad\/wp-content\/uploads\/sites\/7\/2020\/06\/martin-alvarez-el-camino-del-heroe-un-valiente-espanol-en-el-museo-naval-de-londres-224x300.jpg 224w, https:\/\/www.cope.es\/blogs\/cine-y-libertad\/wp-content\/uploads\/sites\/7\/2020\/06\/martin-alvarez-el-camino-del-heroe-un-valiente-espanol-en-el-museo-naval-de-londres.jpg 463w\" sizes=\"auto, (max-width: 224px) 100vw, 224px\" \/><\/p>\n<p>\u00a1Lectores y amigos de Cine y Libertad!<\/p>\n<p><span class=\"siteTitle \"><a href=\"http:\/\/www.cascaborraediciones.com\/index.html\">Cascaborra Ediciones<\/a><\/span> nos habla de su c\u00f3mic:<\/p>\n<p>Libro de historietas encuadernado en carton\u00e9 de 56 p\u00e1ginas interiores en color m\u00e1s cubiertas. Volumen unico.<\/p>\n<p>A finales del siglo XVIII, Espa\u00f1a, en virtud del Tratado de San Ildefonso, se hab\u00eda visto obligada a apoyar a la Francia revolucionaria en su lucha contra Inglaterra. De esta forma, la gran flota de la Armada espa\u00f1ola se vio envuelta en una sucesi\u00f3n de batallas de desigual desenlace, derrochando naves y vidas en una guerra que no era suya. Mart\u00edn \u00c1lvarez fue un soldado de tantos que combatieron en esa guerra. Esta es la historia de c\u00f3mo un hombre valiente acab\u00f3 luchando para defender su honor y el de los suyos, gan\u00e1ndose el respeto de sus enemigos.<\/p>\n<p>El autor de este \u00c1lbum se llama Pedro Camello.<\/p>\n<p>Twitter: <span class=\"x_DashboardProfileCard-screenname x_u-inlineBlock x_u-dir\"><a class=\"x_DashboardProfileCard-screennameLink x_u-linkComplex x_u-linkClean\" href=\"https:\/\/twitter.com\/cineylibertad\" target=\"_blank\">@<span class=\"x_u-linkComplex-target\">cineylibertad<\/span><\/a><\/span><\/p>\n","protected":false},"excerpt":{"rendered":"<p>Mart\u00edn \u00c1lvarez, el camino del h\u00e9roe- Un valiente espa\u00f1ol en el Museo Naval de Londres. \u00bfQu\u00e9 pasa cuando tus rivales reconocen tu valor? Aqu\u00ed puedes escuchar mi comentario:Mart\u00edn \u00c1lvarez, el camino del h\u00e9roe \u00a1Lectores y amigos de Cine y Libertad! Cascaborra Ediciones nos habla de su c\u00f3mic: Libro de historietas encuadernado en carton\u00e9 de 56 [&hellip;]<\/p>\n","protected":false},"author":7,"featured_media":1927,"comment_status":"open","ping_status":"open","sticky":false,"template":"","format":"standard","meta":{"footnotes":""},"categories":[4,83,22,43,13],"tags":[],"class_list":["post-1926","post","type-post","status-publish","format-standard","has-post-thumbnail","hentry","category-comics","category-familia","category-historia","category-militares","category-tebeos-espanoles"],"yoast_head":"<!-- This site is optimized with the Yoast SEO plugin v27.4 - https:\/\/yoast.com\/product\/yoast-seo-wordpress\/ -->\n<title>Mart\u00edn \u00c1lvarez, el camino del h\u00e9roe-Un valiente espa\u00f1ol en el Museo Naval de Londres<\/title>\n<meta name=\"description\" content=\"Mart\u00edn \u00c1lvarez, el camino del h\u00e9roe- Un valiente espa\u00f1ol en el Museo Naval de Londres. \u00bfQu\u00e9 pasa cuando tus rivales reconocen tu valor?\" \/>\n<meta name=\"robots\" content=\"index, follow, max-snippet:-1, max-image-preview:large, max-video-preview:-1\" \/>\n<link rel=\"canonical\" href=\"https:\/\/www.cope.es\/blogs\/cine-y-libertad\/2020\/06\/22\/martin-alvarez-el-camino-del-heroe-un-valiente-espanol-en-el-museo-naval-de-londres\/\" \/>\n<meta property=\"og:locale\" content=\"es_ES\" \/>\n<meta property=\"og:type\" content=\"article\" \/>\n<meta property=\"og:title\" content=\"Mart\u00edn \u00c1lvarez, el camino del h\u00e9roe-Un valiente espa\u00f1ol en el Museo Naval de Londres\" \/>\n<meta property=\"og:description\" content=\"Mart\u00edn \u00c1lvarez, el camino del h\u00e9roe- Un valiente espa\u00f1ol en el Museo Naval de Londres. \u00bfQu\u00e9 pasa cuando tus rivales reconocen tu valor?\" \/>\n<meta property=\"og:url\" content=\"https:\/\/www.cope.es\/blogs\/cine-y-libertad\/2020\/06\/22\/martin-alvarez-el-camino-del-heroe-un-valiente-espanol-en-el-museo-naval-de-londres\/\" \/>\n<meta property=\"og:site_name\" content=\"Cine y Libertad\" \/>\n<meta property=\"article:publisher\" content=\"https:\/\/www.facebook.com\/cope\/\" \/>\n<meta property=\"article:author\" content=\"https:\/\/www.facebook.com\/victor.alvarado.56829446\" \/>\n<meta property=\"article:published_time\" content=\"2020-06-22T15:53:59+00:00\" \/>\n<meta property=\"og:image\" content=\"https:\/\/www.cope.es\/blogs\/cine-y-libertad\/wp-content\/uploads\/sites\/7\/2020\/06\/martin-alvarez-el-camino-del-heroe-un-valiente-espanol-en-el-museo-naval-de-londres.jpg\" \/>\n\t<meta property=\"og:image:width\" content=\"463\" \/>\n\t<meta property=\"og:image:height\" content=\"620\" \/>\n\t<meta property=\"og:image:type\" content=\"image\/jpeg\" \/>\n<meta name=\"author\" content=\"V\u00edctor Alvarado\" \/>\n<meta name=\"twitter:card\" content=\"summary_large_image\" \/>\n<meta name=\"twitter:creator\" content=\"@cineylibertad\" \/>\n<meta name=\"twitter:site\" content=\"@cope_es\" \/>\n<meta name=\"twitter:label1\" content=\"Escrito por\" \/>\n\t<meta name=\"twitter:data1\" content=\"V\u00edctor Alvarado\" \/>\n\t<meta name=\"twitter:label2\" content=\"Tiempo de lectura\" \/>\n\t<meta name=\"twitter:data2\" content=\"1 minuto\" \/>\n<script type=\"application\/ld+json\" class=\"yoast-schema-graph\">{\"@context\":\"https:\\\/\\\/schema.org\",\"@graph\":[{\"@type\":\"Article\",\"@id\":\"https:\\\/\\\/www.cope.es\\\/blogs\\\/cine-y-libertad\\\/2020\\\/06\\\/22\\\/martin-alvarez-el-camino-del-heroe-un-valiente-espanol-en-el-museo-naval-de-londres\\\/#article\",\"isPartOf\":{\"@id\":\"https:\\\/\\\/www.cope.es\\\/blogs\\\/cine-y-libertad\\\/2020\\\/06\\\/22\\\/martin-alvarez-el-camino-del-heroe-un-valiente-espanol-en-el-museo-naval-de-londres\\\/\"},\"author\":{\"name\":\"V\u00edctor Alvarado\",\"@id\":\"https:\\\/\\\/www.cope.es\\\/blogs\\\/cine-y-libertad\\\/#\\\/schema\\\/person\\\/c95904a4fbf751a8d9124f8fa8bdaace\"},\"headline\":\"Mart\u00edn \u00c1lvarez, el camino del h\u00e9roe-Un valiente espa\u00f1ol en el Museo Naval de Londres\",\"datePublished\":\"2020-06-22T15:53:59+00:00\",\"mainEntityOfPage\":{\"@id\":\"https:\\\/\\\/www.cope.es\\\/blogs\\\/cine-y-libertad\\\/2020\\\/06\\\/22\\\/martin-alvarez-el-camino-del-heroe-un-valiente-espanol-en-el-museo-naval-de-londres\\\/\"},\"wordCount\":204,\"commentCount\":0,\"image\":{\"@id\":\"https:\\\/\\\/www.cope.es\\\/blogs\\\/cine-y-libertad\\\/2020\\\/06\\\/22\\\/martin-alvarez-el-camino-del-heroe-un-valiente-espanol-en-el-museo-naval-de-londres\\\/#primaryimage\"},\"thumbnailUrl\":\"https:\\\/\\\/www.cope.es\\\/blogs\\\/cine-y-libertad\\\/wp-content\\\/uploads\\\/sites\\\/7\\\/2020\\\/06\\\/martin-alvarez-el-camino-del-heroe-un-valiente-espanol-en-el-museo-naval-de-londres.jpg\",\"articleSection\":[\"c\u00f3mics\",\"familia\",\"historia\",\"militares\",\"Tebeos espa\u00f1oles\"],\"inLanguage\":\"es\",\"potentialAction\":[{\"@type\":\"CommentAction\",\"name\":\"Comment\",\"target\":[\"https:\\\/\\\/www.cope.es\\\/blogs\\\/cine-y-libertad\\\/2020\\\/06\\\/22\\\/martin-alvarez-el-camino-del-heroe-un-valiente-espanol-en-el-museo-naval-de-londres\\\/#respond\"]}]},{\"@type\":\"WebPage\",\"@id\":\"https:\\\/\\\/www.cope.es\\\/blogs\\\/cine-y-libertad\\\/2020\\\/06\\\/22\\\/martin-alvarez-el-camino-del-heroe-un-valiente-espanol-en-el-museo-naval-de-londres\\\/\",\"url\":\"https:\\\/\\\/www.cope.es\\\/blogs\\\/cine-y-libertad\\\/2020\\\/06\\\/22\\\/martin-alvarez-el-camino-del-heroe-un-valiente-espanol-en-el-museo-naval-de-londres\\\/\",\"name\":\"Mart\u00edn \u00c1lvarez, el camino del h\u00e9roe-Un valiente espa\u00f1ol en el Museo Naval de Londres\",\"isPartOf\":{\"@id\":\"https:\\\/\\\/www.cope.es\\\/blogs\\\/cine-y-libertad\\\/#website\"},\"primaryImageOfPage\":{\"@id\":\"https:\\\/\\\/www.cope.es\\\/blogs\\\/cine-y-libertad\\\/2020\\\/06\\\/22\\\/martin-alvarez-el-camino-del-heroe-un-valiente-espanol-en-el-museo-naval-de-londres\\\/#primaryimage\"},\"image\":{\"@id\":\"https:\\\/\\\/www.cope.es\\\/blogs\\\/cine-y-libertad\\\/2020\\\/06\\\/22\\\/martin-alvarez-el-camino-del-heroe-un-valiente-espanol-en-el-museo-naval-de-londres\\\/#primaryimage\"},\"thumbnailUrl\":\"https:\\\/\\\/www.cope.es\\\/blogs\\\/cine-y-libertad\\\/wp-content\\\/uploads\\\/sites\\\/7\\\/2020\\\/06\\\/martin-alvarez-el-camino-del-heroe-un-valiente-espanol-en-el-museo-naval-de-londres.jpg\",\"datePublished\":\"2020-06-22T15:53:59+00:00\",\"author\":{\"@id\":\"https:\\\/\\\/www.cope.es\\\/blogs\\\/cine-y-libertad\\\/#\\\/schema\\\/person\\\/c95904a4fbf751a8d9124f8fa8bdaace\"},\"description\":\"Mart\u00edn \u00c1lvarez, el camino del h\u00e9roe- Un valiente espa\u00f1ol en el Museo Naval de Londres. \u00bfQu\u00e9 pasa cuando tus rivales reconocen tu valor?\",\"breadcrumb\":{\"@id\":\"https:\\\/\\\/www.cope.es\\\/blogs\\\/cine-y-libertad\\\/2020\\\/06\\\/22\\\/martin-alvarez-el-camino-del-heroe-un-valiente-espanol-en-el-museo-naval-de-londres\\\/#breadcrumb\"},\"inLanguage\":\"es\",\"potentialAction\":[{\"@type\":\"ReadAction\",\"target\":[\"https:\\\/\\\/www.cope.es\\\/blogs\\\/cine-y-libertad\\\/2020\\\/06\\\/22\\\/martin-alvarez-el-camino-del-heroe-un-valiente-espanol-en-el-museo-naval-de-londres\\\/\"]}]},{\"@type\":\"ImageObject\",\"inLanguage\":\"es\",\"@id\":\"https:\\\/\\\/www.cope.es\\\/blogs\\\/cine-y-libertad\\\/2020\\\/06\\\/22\\\/martin-alvarez-el-camino-del-heroe-un-valiente-espanol-en-el-museo-naval-de-londres\\\/#primaryimage\",\"url\":\"https:\\\/\\\/www.cope.es\\\/blogs\\\/cine-y-libertad\\\/wp-content\\\/uploads\\\/sites\\\/7\\\/2020\\\/06\\\/martin-alvarez-el-camino-del-heroe-un-valiente-espanol-en-el-museo-naval-de-londres.jpg\",\"contentUrl\":\"https:\\\/\\\/www.cope.es\\\/blogs\\\/cine-y-libertad\\\/wp-content\\\/uploads\\\/sites\\\/7\\\/2020\\\/06\\\/martin-alvarez-el-camino-del-heroe-un-valiente-espanol-en-el-museo-naval-de-londres.jpg\",\"width\":463,\"height\":620},{\"@type\":\"BreadcrumbList\",\"@id\":\"https:\\\/\\\/www.cope.es\\\/blogs\\\/cine-y-libertad\\\/2020\\\/06\\\/22\\\/martin-alvarez-el-camino-del-heroe-un-valiente-espanol-en-el-museo-naval-de-londres\\\/#breadcrumb\",\"itemListElement\":[{\"@type\":\"ListItem\",\"position\":1,\"name\":\"Portada\",\"item\":\"https:\\\/\\\/www.cope.es\\\/blogs\\\/cine-y-libertad\\\/\"},{\"@type\":\"ListItem\",\"position\":2,\"name\":\"Mart\u00edn \u00c1lvarez, el camino del h\u00e9roe-Un valiente espa\u00f1ol en el Museo Naval de Londres\"}]},{\"@type\":\"WebSite\",\"@id\":\"https:\\\/\\\/www.cope.es\\\/blogs\\\/cine-y-libertad\\\/#website\",\"url\":\"https:\\\/\\\/www.cope.es\\\/blogs\\\/cine-y-libertad\\\/\",\"name\":\"Cine y Libertad\",\"description\":\"Cine y Libertad un blog de COPE\",\"potentialAction\":[{\"@type\":\"SearchAction\",\"target\":{\"@type\":\"EntryPoint\",\"urlTemplate\":\"https:\\\/\\\/www.cope.es\\\/blogs\\\/cine-y-libertad\\\/?s={search_term_string}\"},\"query-input\":{\"@type\":\"PropertyValueSpecification\",\"valueRequired\":true,\"valueName\":\"search_term_string\"}}],\"inLanguage\":\"es\"},{\"@type\":\"Person\",\"@id\":\"https:\\\/\\\/www.cope.es\\\/blogs\\\/cine-y-libertad\\\/#\\\/schema\\\/person\\\/c95904a4fbf751a8d9124f8fa8bdaace\",\"name\":\"V\u00edctor Alvarado\",\"image\":{\"@type\":\"ImageObject\",\"inLanguage\":\"es\",\"@id\":\"https:\\\/\\\/secure.gravatar.com\\\/avatar\\\/db4634ae2001f7f920b8294d926f3e737ada04196e014ebacae29a4848f905f4?s=96&d=mm&r=g\",\"url\":\"https:\\\/\\\/secure.gravatar.com\\\/avatar\\\/db4634ae2001f7f920b8294d926f3e737ada04196e014ebacae29a4848f905f4?s=96&d=mm&r=g\",\"contentUrl\":\"https:\\\/\\\/secure.gravatar.com\\\/avatar\\\/db4634ae2001f7f920b8294d926f3e737ada04196e014ebacae29a4848f905f4?s=96&d=mm&r=g\",\"caption\":\"V\u00edctor Alvarado\"},\"description\":\"V\u00edctor Alvarado tiene una larga experiencia tanto en medios de comunicaci\u00f3n como en educaci\u00f3n. Dirige el programa de radio, Directo a las Estrellas, en Intereconom\u00eda (Castilla y Le\u00f3n) y Informa Radio en toda Espa\u00f1a. Ha colaborado en Radio Inter y Esradio. Cr\u00edtico de cine en Pantalla 90, Diario Ya y P\u00e1ginas Digital. Es miembro del CEC. Es el autor de libro: La fe, la \u00e9tica y los valores de los superh\u00e9roes (PPC). Esta es su web: www.cineylibertad.com y, por supuesto, lleva m\u00e1s de 5 a\u00f1os como bloguero de Cope, donde analiza el cine, los c\u00f3mics y los libros desde una \u00f3ptica antropol\u00f3gica y axiol\u00f3gica, atendiendo a todas las dimensiones del ser humano.\",\"sameAs\":[\"http:\\\/\\\/www.cineylibertad.com\",\"https:\\\/\\\/www.facebook.com\\\/victor.alvarado.56829446\",\"https:\\\/\\\/www.instagram.com\\\/cineylibertad\\\/\",\"https:\\\/\\\/x.com\\\/cineylibertad\"],\"url\":\"https:\\\/\\\/www.cope.es\\\/blogs\\\/cine-y-libertad\\\/author\\\/valvarado\\\/\"}]}<\/script>\n<!-- \/ Yoast SEO plugin. -->","yoast_head_json":{"title":"Mart\u00edn \u00c1lvarez, el camino del h\u00e9roe-Un valiente espa\u00f1ol en el Museo Naval de Londres","description":"Mart\u00edn \u00c1lvarez, el camino del h\u00e9roe- Un valiente espa\u00f1ol en el Museo Naval de Londres. \u00bfQu\u00e9 pasa cuando tus rivales reconocen tu valor?","robots":{"index":"index","follow":"follow","max-snippet":"max-snippet:-1","max-image-preview":"max-image-preview:large","max-video-preview":"max-video-preview:-1"},"canonical":"https:\/\/www.cope.es\/blogs\/cine-y-libertad\/2020\/06\/22\/martin-alvarez-el-camino-del-heroe-un-valiente-espanol-en-el-museo-naval-de-londres\/","og_locale":"es_ES","og_type":"article","og_title":"Mart\u00edn \u00c1lvarez, el camino del h\u00e9roe-Un valiente espa\u00f1ol en el Museo Naval de Londres","og_description":"Mart\u00edn \u00c1lvarez, el camino del h\u00e9roe- Un valiente espa\u00f1ol en el Museo Naval de Londres. \u00bfQu\u00e9 pasa cuando tus rivales reconocen tu valor?","og_url":"https:\/\/www.cope.es\/blogs\/cine-y-libertad\/2020\/06\/22\/martin-alvarez-el-camino-del-heroe-un-valiente-espanol-en-el-museo-naval-de-londres\/","og_site_name":"Cine y Libertad","article_publisher":"https:\/\/www.facebook.com\/cope\/","article_author":"https:\/\/www.facebook.com\/victor.alvarado.56829446","article_published_time":"2020-06-22T15:53:59+00:00","og_image":[{"width":463,"height":620,"url":"https:\/\/www.cope.es\/blogs\/cine-y-libertad\/wp-content\/uploads\/sites\/7\/2020\/06\/martin-alvarez-el-camino-del-heroe-un-valiente-espanol-en-el-museo-naval-de-londres.jpg","type":"image\/jpeg"}],"author":"V\u00edctor Alvarado","twitter_card":"summary_large_image","twitter_creator":"@cineylibertad","twitter_site":"@cope_es","twitter_misc":{"Escrito por":"V\u00edctor Alvarado","Tiempo de lectura":"1 minuto"},"schema":{"@context":"https:\/\/schema.org","@graph":[{"@type":"Article","@id":"https:\/\/www.cope.es\/blogs\/cine-y-libertad\/2020\/06\/22\/martin-alvarez-el-camino-del-heroe-un-valiente-espanol-en-el-museo-naval-de-londres\/#article","isPartOf":{"@id":"https:\/\/www.cope.es\/blogs\/cine-y-libertad\/2020\/06\/22\/martin-alvarez-el-camino-del-heroe-un-valiente-espanol-en-el-museo-naval-de-londres\/"},"author":{"name":"V\u00edctor Alvarado","@id":"https:\/\/www.cope.es\/blogs\/cine-y-libertad\/#\/schema\/person\/c95904a4fbf751a8d9124f8fa8bdaace"},"headline":"Mart\u00edn \u00c1lvarez, el camino del h\u00e9roe-Un valiente espa\u00f1ol en el Museo Naval de Londres","datePublished":"2020-06-22T15:53:59+00:00","mainEntityOfPage":{"@id":"https:\/\/www.cope.es\/blogs\/cine-y-libertad\/2020\/06\/22\/martin-alvarez-el-camino-del-heroe-un-valiente-espanol-en-el-museo-naval-de-londres\/"},"wordCount":204,"commentCount":0,"image":{"@id":"https:\/\/www.cope.es\/blogs\/cine-y-libertad\/2020\/06\/22\/martin-alvarez-el-camino-del-heroe-un-valiente-espanol-en-el-museo-naval-de-londres\/#primaryimage"},"thumbnailUrl":"https:\/\/www.cope.es\/blogs\/cine-y-libertad\/wp-content\/uploads\/sites\/7\/2020\/06\/martin-alvarez-el-camino-del-heroe-un-valiente-espanol-en-el-museo-naval-de-londres.jpg","articleSection":["c\u00f3mics","familia","historia","militares","Tebeos espa\u00f1oles"],"inLanguage":"es","potentialAction":[{"@type":"CommentAction","name":"Comment","target":["https:\/\/www.cope.es\/blogs\/cine-y-libertad\/2020\/06\/22\/martin-alvarez-el-camino-del-heroe-un-valiente-espanol-en-el-museo-naval-de-londres\/#respond"]}]},{"@type":"WebPage","@id":"https:\/\/www.cope.es\/blogs\/cine-y-libertad\/2020\/06\/22\/martin-alvarez-el-camino-del-heroe-un-valiente-espanol-en-el-museo-naval-de-londres\/","url":"https:\/\/www.cope.es\/blogs\/cine-y-libertad\/2020\/06\/22\/martin-alvarez-el-camino-del-heroe-un-valiente-espanol-en-el-museo-naval-de-londres\/","name":"Mart\u00edn \u00c1lvarez, el camino del h\u00e9roe-Un valiente espa\u00f1ol en el Museo Naval de Londres","isPartOf":{"@id":"https:\/\/www.cope.es\/blogs\/cine-y-libertad\/#website"},"primaryImageOfPage":{"@id":"https:\/\/www.cope.es\/blogs\/cine-y-libertad\/2020\/06\/22\/martin-alvarez-el-camino-del-heroe-un-valiente-espanol-en-el-museo-naval-de-londres\/#primaryimage"},"image":{"@id":"https:\/\/www.cope.es\/blogs\/cine-y-libertad\/2020\/06\/22\/martin-alvarez-el-camino-del-heroe-un-valiente-espanol-en-el-museo-naval-de-londres\/#primaryimage"},"thumbnailUrl":"https:\/\/www.cope.es\/blogs\/cine-y-libertad\/wp-content\/uploads\/sites\/7\/2020\/06\/martin-alvarez-el-camino-del-heroe-un-valiente-espanol-en-el-museo-naval-de-londres.jpg","datePublished":"2020-06-22T15:53:59+00:00","author":{"@id":"https:\/\/www.cope.es\/blogs\/cine-y-libertad\/#\/schema\/person\/c95904a4fbf751a8d9124f8fa8bdaace"},"description":"Mart\u00edn \u00c1lvarez, el camino del h\u00e9roe- Un valiente espa\u00f1ol en el Museo Naval de Londres. \u00bfQu\u00e9 pasa cuando tus rivales reconocen tu valor?","breadcrumb":{"@id":"https:\/\/www.cope.es\/blogs\/cine-y-libertad\/2020\/06\/22\/martin-alvarez-el-camino-del-heroe-un-valiente-espanol-en-el-museo-naval-de-londres\/#breadcrumb"},"inLanguage":"es","potentialAction":[{"@type":"ReadAction","target":["https:\/\/www.cope.es\/blogs\/cine-y-libertad\/2020\/06\/22\/martin-alvarez-el-camino-del-heroe-un-valiente-espanol-en-el-museo-naval-de-londres\/"]}]},{"@type":"ImageObject","inLanguage":"es","@id":"https:\/\/www.cope.es\/blogs\/cine-y-libertad\/2020\/06\/22\/martin-alvarez-el-camino-del-heroe-un-valiente-espanol-en-el-museo-naval-de-londres\/#primaryimage","url":"https:\/\/www.cope.es\/blogs\/cine-y-libertad\/wp-content\/uploads\/sites\/7\/2020\/06\/martin-alvarez-el-camino-del-heroe-un-valiente-espanol-en-el-museo-naval-de-londres.jpg","contentUrl":"https:\/\/www.cope.es\/blogs\/cine-y-libertad\/wp-content\/uploads\/sites\/7\/2020\/06\/martin-alvarez-el-camino-del-heroe-un-valiente-espanol-en-el-museo-naval-de-londres.jpg","width":463,"height":620},{"@type":"BreadcrumbList","@id":"https:\/\/www.cope.es\/blogs\/cine-y-libertad\/2020\/06\/22\/martin-alvarez-el-camino-del-heroe-un-valiente-espanol-en-el-museo-naval-de-londres\/#breadcrumb","itemListElement":[{"@type":"ListItem","position":1,"name":"Portada","item":"https:\/\/www.cope.es\/blogs\/cine-y-libertad\/"},{"@type":"ListItem","position":2,"name":"Mart\u00edn \u00c1lvarez, el camino del h\u00e9roe-Un valiente espa\u00f1ol en el Museo Naval de Londres"}]},{"@type":"WebSite","@id":"https:\/\/www.cope.es\/blogs\/cine-y-libertad\/#website","url":"https:\/\/www.cope.es\/blogs\/cine-y-libertad\/","name":"Cine y Libertad","description":"Cine y Libertad un blog de COPE","potentialAction":[{"@type":"SearchAction","target":{"@type":"EntryPoint","urlTemplate":"https:\/\/www.cope.es\/blogs\/cine-y-libertad\/?s={search_term_string}"},"query-input":{"@type":"PropertyValueSpecification","valueRequired":true,"valueName":"search_term_string"}}],"inLanguage":"es"},{"@type":"Person","@id":"https:\/\/www.cope.es\/blogs\/cine-y-libertad\/#\/schema\/person\/c95904a4fbf751a8d9124f8fa8bdaace","name":"V\u00edctor Alvarado","image":{"@type":"ImageObject","inLanguage":"es","@id":"https:\/\/secure.gravatar.com\/avatar\/db4634ae2001f7f920b8294d926f3e737ada04196e014ebacae29a4848f905f4?s=96&d=mm&r=g","url":"https:\/\/secure.gravatar.com\/avatar\/db4634ae2001f7f920b8294d926f3e737ada04196e014ebacae29a4848f905f4?s=96&d=mm&r=g","contentUrl":"https:\/\/secure.gravatar.com\/avatar\/db4634ae2001f7f920b8294d926f3e737ada04196e014ebacae29a4848f905f4?s=96&d=mm&r=g","caption":"V\u00edctor Alvarado"},"description":"V\u00edctor Alvarado tiene una larga experiencia tanto en medios de comunicaci\u00f3n como en educaci\u00f3n. Dirige el programa de radio, Directo a las Estrellas, en Intereconom\u00eda (Castilla y Le\u00f3n) y Informa Radio en toda Espa\u00f1a. Ha colaborado en Radio Inter y Esradio. Cr\u00edtico de cine en Pantalla 90, Diario Ya y P\u00e1ginas Digital. Es miembro del CEC. Es el autor de libro: La fe, la \u00e9tica y los valores de los superh\u00e9roes (PPC). Esta es su web: www.cineylibertad.com y, por supuesto, lleva m\u00e1s de 5 a\u00f1os como bloguero de Cope, donde analiza el cine, los c\u00f3mics y los libros desde una \u00f3ptica antropol\u00f3gica y axiol\u00f3gica, atendiendo a todas las dimensiones del ser humano.","sameAs":["http:\/\/www.cineylibertad.com","https:\/\/www.facebook.com\/victor.alvarado.56829446","https:\/\/www.instagram.com\/cineylibertad\/","https:\/\/x.com\/cineylibertad"],"url":"https:\/\/www.cope.es\/blogs\/cine-y-libertad\/author\/valvarado\/"}]}},"amp_enabled":true,"_links":{"self":[{"href":"https:\/\/www.cope.es\/blogs\/cine-y-libertad\/wp-json\/wp\/v2\/posts\/1926","targetHints":{"allow":["GET"]}}],"collection":[{"href":"https:\/\/www.cope.es\/blogs\/cine-y-libertad\/wp-json\/wp\/v2\/posts"}],"about":[{"href":"https:\/\/www.cope.es\/blogs\/cine-y-libertad\/wp-json\/wp\/v2\/types\/post"}],"author":[{"embeddable":true,"href":"https:\/\/www.cope.es\/blogs\/cine-y-libertad\/wp-json\/wp\/v2\/users\/7"}],"replies":[{"embeddable":true,"href":"https:\/\/www.cope.es\/blogs\/cine-y-libertad\/wp-json\/wp\/v2\/comments?post=1926"}],"version-history":[{"count":1,"href":"https:\/\/www.cope.es\/blogs\/cine-y-libertad\/wp-json\/wp\/v2\/posts\/1926\/revisions"}],"predecessor-version":[{"id":1928,"href":"https:\/\/www.cope.es\/blogs\/cine-y-libertad\/wp-json\/wp\/v2\/posts\/1926\/revisions\/1928"}],"wp:featuredmedia":[{"embeddable":true,"href":"https:\/\/www.cope.es\/blogs\/cine-y-libertad\/wp-json\/wp\/v2\/media\/1927"}],"wp:attachment":[{"href":"https:\/\/www.cope.es\/blogs\/cine-y-libertad\/wp-json\/wp\/v2\/media?parent=1926"}],"wp:term":[{"taxonomy":"category","embeddable":true,"href":"https:\/\/www.cope.es\/blogs\/cine-y-libertad\/wp-json\/wp\/v2\/categories?post=1926"},{"taxonomy":"post_tag","embeddable":true,"href":"https:\/\/www.cope.es\/blogs\/cine-y-libertad\/wp-json\/wp\/v2\/tags?post=1926"}],"curies":[{"name":"wp","href":"https:\/\/api.w.org\/{rel}","templated":true}]}}