{"id":1740,"date":"2020-04-15T19:21:34","date_gmt":"2020-04-15T17:21:34","guid":{"rendered":"http:\/\/www.cope.es\/blogs\/cine-y-libertad\/?p=1740"},"modified":"2020-04-22T22:48:56","modified_gmt":"2020-04-22T20:48:56","slug":"conan-el-barbaro-el-primitivo-heroe-que-defiende-valores-universales","status":"publish","type":"post","link":"https:\/\/www.cope.es\/blogs\/cine-y-libertad\/2020\/04\/15\/conan-el-barbaro-el-primitivo-heroe-que-defiende-valores-universales\/","title":{"rendered":"Conan, el B\u00e1rbaro-El primitivo h\u00e9roe que defiende valores universales"},"content":{"rendered":"<p>Conan, el B\u00e1rbaro-El primitivo h\u00e9roe que defiende valores universales. \u00bfQu\u00e9 nos llama la atenci\u00f3n de esta obra maestra de espada y brujer\u00eda? Aqu\u00ed puedes escuchar mi comentario:<a title=\"Conan, el B\u00e1rbaro-El primitivo h\u00e9roe que defiende valores universales\" href=\"http:\/\/www.cineylibertad.com\/conan-el-barbaro-el-primitivo-heroe-que-defiende-valores-universales\/\">Conan, el B\u00e1rbaro<\/a><\/p>\n<p><img loading=\"lazy\" decoding=\"async\" width=\"191\" height=\"300\" class=\"alignnone size-medium wp-image-1742\" src=\"http:\/\/www.cope.es\/blogs\/cine-y-libertad\/wp-content\/uploads\/sites\/7\/2020\/04\/conan-el-barbaro-el-primitivo-heroe-que-defiende-valores-universales-191x300.jpg\" alt=\"\" srcset=\"https:\/\/www.cope.es\/blogs\/cine-y-libertad\/wp-content\/uploads\/sites\/7\/2020\/04\/conan-el-barbaro-el-primitivo-heroe-que-defiende-valores-universales-191x300.jpg 191w, https:\/\/www.cope.es\/blogs\/cine-y-libertad\/wp-content\/uploads\/sites\/7\/2020\/04\/conan-el-barbaro-el-primitivo-heroe-que-defiende-valores-universales.jpg 252w\" sizes=\"auto, (max-width: 191px) 100vw, 191px\" \/><\/p>\n<p>\u00a1Lectores y amigos de Cine y Libertad!<\/p>\n<p>La editorial Planeta nos habla de su c\u00f3mic:<\/p>\n<p>Esta edici\u00f3n presenta los primeros n\u00fameros de Conan editados por Marvel con Roy Thomas y Barry Windsor-Smith como principales autores. La edici\u00f3n incluye una portada de Sergio D\u00e1vila, dibujante de CONAN EL ASESINO, coloreada por Santi Casas.<\/p>\n<p>Conan el B\u00e1baro (1985)<\/p>\n<p><img loading=\"lazy\" decoding=\"async\" width=\"179\" height=\"119\" class=\"alignnone size-full wp-image-1743\" src=\"http:\/\/www.cope.es\/blogs\/cine-y-libertad\/wp-content\/uploads\/sites\/7\/2020\/04\/zqqqqqqqqqqqqqqqqqqq.jpg\" alt=\"\" \/><\/p>\n<p>Sinopsis oficial:<\/p>\n<p>Conan es un guerreo robusto y bestial de car\u00e1cter justo y noble que sigue la disciplina del acero en un mundo m\u00e1gico y antiguo situado entre el hundimiento de la Atl\u00e1ntida y el nacimiento de los hijos de Aryus.<\/p>\n<p>En esta primera entrega se nos narra como un ejercito b\u00e1rbaro arrasa la aldea natal de Conan y como \u00e9ste es hecho prisionero. Tras su liberaci\u00f3n, y despu\u00e9s de ser gladiador y ladr\u00f3n, se vengar\u00e1 de aquellos que mataron a sus padres y destruyeron su poblado.<\/p>\n<p>Conan el Destructor<\/p>\n<p><img loading=\"lazy\" decoding=\"async\" width=\"300\" height=\"168\" class=\"alignnone size-medium wp-image-1744\" src=\"http:\/\/www.cope.es\/blogs\/cine-y-libertad\/wp-content\/uploads\/sites\/7\/2020\/04\/zq-300x168.jpg\" alt=\"\" \/><\/p>\n<p>Sinopsis oficial:<\/p>\n<p>Conan y Malak, son llevados a la corte de la reina Taramis, quien gobierna en Shadizar, donde el famoso guerrero es requerido para cumplir con dos misiones. La primera tarea consiste en obtener una gema especial que solo puede ser tocada por Jehnna, sobrina de la reina, y en la segunda debe recuperar el cuerno m\u00e1gico que tiene la capacidad de despertar al dios Dagoth. El pago que a cambio recibir\u00e1 Conan es su deseo m\u00e1s codiciado: la resurrecci\u00f3n de Valeria, su difunta amante.<\/p>\n<p>Jehnna y Bombaata se unir\u00e1 al d\u00fao aventurero y juntos partir\u00e1n de viaje a cumplir las misiones.<\/p>\n<p>Puedes escucharnos en: <a href=\"http:\/\/www.cineylibertad.com\/\">www.cineylibertad.com<\/a><\/p>\n<p>Twitter: <span class=\"x_DashboardProfileCard-screenname x_u-inlineBlock x_u-dir\"><a class=\"x_DashboardProfileCard-screennameLink x_u-linkComplex x_u-linkClean\" href=\"https:\/\/twitter.com\/cineylibertad\" target=\"_blank\">@<span class=\"x_u-linkComplex-target\">cineylibertad<\/span><\/a><\/span><\/p>\n<p>V\u00edctor Alvarado<\/p>\n<p>&nbsp;<\/p>\n<p>&nbsp;<\/p>\n","protected":false},"excerpt":{"rendered":"<p>Conan, el B\u00e1rbaro-El primitivo h\u00e9roe que defiende valores universales. \u00bfQu\u00e9 nos llama la atenci\u00f3n de esta obra maestra de espada y brujer\u00eda? Aqu\u00ed puedes escuchar mi comentario:Conan, el B\u00e1rbaro \u00a1Lectores y amigos de Cine y Libertad! La editorial Planeta nos habla de su c\u00f3mic: Esta edici\u00f3n presenta los primeros n\u00fameros de Conan editados por Marvel [&hellip;]<\/p>\n","protected":false},"author":7,"featured_media":1742,"comment_status":"open","ping_status":"open","sticky":false,"template":"","format":"standard","meta":{"footnotes":""},"categories":[131,85,3,4,14],"tags":[],"class_list":["post-1740","post","type-post","status-publish","format-standard","has-post-thumbnail","hentry","category-amistad","category-aventuras","category-cine","category-comics","category-joyas-universales"],"yoast_head":"<!-- This site is optimized with the Yoast SEO plugin v27.4 - https:\/\/yoast.com\/product\/yoast-seo-wordpress\/ -->\n<title>conan-el-barbaro-el-primitivo-heroe-que-defiende-valores-universales<\/title>\n<meta name=\"description\" content=\"conan-el-barbaro-el-primitivo-heroe-que-defiende-valores-universales conan-el-barbaro-el-primitivo-heroe-que-defiende-valores-universales\" \/>\n<meta name=\"robots\" content=\"index, follow, max-snippet:-1, max-image-preview:large, max-video-preview:-1\" \/>\n<link rel=\"canonical\" href=\"https:\/\/www.cope.es\/blogs\/cine-y-libertad\/2020\/04\/15\/conan-el-barbaro-el-primitivo-heroe-que-defiende-valores-universales\/\" \/>\n<meta property=\"og:locale\" content=\"es_ES\" \/>\n<meta property=\"og:type\" content=\"article\" \/>\n<meta property=\"og:title\" content=\"conan-el-barbaro-el-primitivo-heroe-que-defiende-valores-universales\" \/>\n<meta property=\"og:description\" content=\"conan-el-barbaro-el-primitivo-heroe-que-defiende-valores-universales conan-el-barbaro-el-primitivo-heroe-que-defiende-valores-universales\" \/>\n<meta property=\"og:url\" content=\"https:\/\/www.cope.es\/blogs\/cine-y-libertad\/2020\/04\/15\/conan-el-barbaro-el-primitivo-heroe-que-defiende-valores-universales\/\" \/>\n<meta property=\"og:site_name\" content=\"Cine y Libertad\" \/>\n<meta property=\"article:publisher\" content=\"https:\/\/www.facebook.com\/cope\/\" \/>\n<meta property=\"article:author\" content=\"https:\/\/www.facebook.com\/victor.alvarado.56829446\" \/>\n<meta property=\"article:published_time\" content=\"2020-04-15T17:21:34+00:00\" \/>\n<meta property=\"article:modified_time\" content=\"2020-04-22T20:48:56+00:00\" \/>\n<meta property=\"og:image\" content=\"https:\/\/www.cope.es\/blogs\/cine-y-libertad\/wp-content\/uploads\/sites\/7\/2020\/04\/conan-el-barbaro-el-primitivo-heroe-que-defiende-valores-universales.jpg\" \/>\n\t<meta property=\"og:image:width\" content=\"252\" \/>\n\t<meta property=\"og:image:height\" content=\"396\" \/>\n\t<meta property=\"og:image:type\" content=\"image\/jpeg\" \/>\n<meta name=\"author\" content=\"V\u00edctor Alvarado\" \/>\n<meta name=\"twitter:card\" content=\"summary_large_image\" \/>\n<meta name=\"twitter:creator\" content=\"@cineylibertad\" \/>\n<meta name=\"twitter:site\" content=\"@cope_es\" \/>\n<meta name=\"twitter:label1\" content=\"Escrito por\" \/>\n\t<meta name=\"twitter:data1\" content=\"V\u00edctor Alvarado\" \/>\n\t<meta name=\"twitter:label2\" content=\"Tiempo de lectura\" \/>\n\t<meta name=\"twitter:data2\" content=\"2 minutos\" \/>\n<script type=\"application\/ld+json\" class=\"yoast-schema-graph\">{\"@context\":\"https:\\\/\\\/schema.org\",\"@graph\":[{\"@type\":\"Article\",\"@id\":\"https:\\\/\\\/www.cope.es\\\/blogs\\\/cine-y-libertad\\\/2020\\\/04\\\/15\\\/conan-el-barbaro-el-primitivo-heroe-que-defiende-valores-universales\\\/#article\",\"isPartOf\":{\"@id\":\"https:\\\/\\\/www.cope.es\\\/blogs\\\/cine-y-libertad\\\/2020\\\/04\\\/15\\\/conan-el-barbaro-el-primitivo-heroe-que-defiende-valores-universales\\\/\"},\"author\":{\"name\":\"V\u00edctor Alvarado\",\"@id\":\"https:\\\/\\\/www.cope.es\\\/blogs\\\/cine-y-libertad\\\/#\\\/schema\\\/person\\\/c95904a4fbf751a8d9124f8fa8bdaace\"},\"headline\":\"Conan, el B\u00e1rbaro-El primitivo h\u00e9roe que defiende valores universales\",\"datePublished\":\"2020-04-15T17:21:34+00:00\",\"dateModified\":\"2020-04-22T20:48:56+00:00\",\"mainEntityOfPage\":{\"@id\":\"https:\\\/\\\/www.cope.es\\\/blogs\\\/cine-y-libertad\\\/2020\\\/04\\\/15\\\/conan-el-barbaro-el-primitivo-heroe-que-defiende-valores-universales\\\/\"},\"wordCount\":325,\"commentCount\":0,\"image\":{\"@id\":\"https:\\\/\\\/www.cope.es\\\/blogs\\\/cine-y-libertad\\\/2020\\\/04\\\/15\\\/conan-el-barbaro-el-primitivo-heroe-que-defiende-valores-universales\\\/#primaryimage\"},\"thumbnailUrl\":\"https:\\\/\\\/www.cope.es\\\/blogs\\\/cine-y-libertad\\\/wp-content\\\/uploads\\\/sites\\\/7\\\/2020\\\/04\\\/conan-el-barbaro-el-primitivo-heroe-que-defiende-valores-universales.jpg\",\"articleSection\":[\"amistad\",\"aventuras\",\"cine\",\"c\u00f3mics\",\"joyas universales\"],\"inLanguage\":\"es\",\"potentialAction\":[{\"@type\":\"CommentAction\",\"name\":\"Comment\",\"target\":[\"https:\\\/\\\/www.cope.es\\\/blogs\\\/cine-y-libertad\\\/2020\\\/04\\\/15\\\/conan-el-barbaro-el-primitivo-heroe-que-defiende-valores-universales\\\/#respond\"]}]},{\"@type\":\"WebPage\",\"@id\":\"https:\\\/\\\/www.cope.es\\\/blogs\\\/cine-y-libertad\\\/2020\\\/04\\\/15\\\/conan-el-barbaro-el-primitivo-heroe-que-defiende-valores-universales\\\/\",\"url\":\"https:\\\/\\\/www.cope.es\\\/blogs\\\/cine-y-libertad\\\/2020\\\/04\\\/15\\\/conan-el-barbaro-el-primitivo-heroe-que-defiende-valores-universales\\\/\",\"name\":\"conan-el-barbaro-el-primitivo-heroe-que-defiende-valores-universales\",\"isPartOf\":{\"@id\":\"https:\\\/\\\/www.cope.es\\\/blogs\\\/cine-y-libertad\\\/#website\"},\"primaryImageOfPage\":{\"@id\":\"https:\\\/\\\/www.cope.es\\\/blogs\\\/cine-y-libertad\\\/2020\\\/04\\\/15\\\/conan-el-barbaro-el-primitivo-heroe-que-defiende-valores-universales\\\/#primaryimage\"},\"image\":{\"@id\":\"https:\\\/\\\/www.cope.es\\\/blogs\\\/cine-y-libertad\\\/2020\\\/04\\\/15\\\/conan-el-barbaro-el-primitivo-heroe-que-defiende-valores-universales\\\/#primaryimage\"},\"thumbnailUrl\":\"https:\\\/\\\/www.cope.es\\\/blogs\\\/cine-y-libertad\\\/wp-content\\\/uploads\\\/sites\\\/7\\\/2020\\\/04\\\/conan-el-barbaro-el-primitivo-heroe-que-defiende-valores-universales.jpg\",\"datePublished\":\"2020-04-15T17:21:34+00:00\",\"dateModified\":\"2020-04-22T20:48:56+00:00\",\"author\":{\"@id\":\"https:\\\/\\\/www.cope.es\\\/blogs\\\/cine-y-libertad\\\/#\\\/schema\\\/person\\\/c95904a4fbf751a8d9124f8fa8bdaace\"},\"description\":\"conan-el-barbaro-el-primitivo-heroe-que-defiende-valores-universales conan-el-barbaro-el-primitivo-heroe-que-defiende-valores-universales\",\"breadcrumb\":{\"@id\":\"https:\\\/\\\/www.cope.es\\\/blogs\\\/cine-y-libertad\\\/2020\\\/04\\\/15\\\/conan-el-barbaro-el-primitivo-heroe-que-defiende-valores-universales\\\/#breadcrumb\"},\"inLanguage\":\"es\",\"potentialAction\":[{\"@type\":\"ReadAction\",\"target\":[\"https:\\\/\\\/www.cope.es\\\/blogs\\\/cine-y-libertad\\\/2020\\\/04\\\/15\\\/conan-el-barbaro-el-primitivo-heroe-que-defiende-valores-universales\\\/\"]}]},{\"@type\":\"ImageObject\",\"inLanguage\":\"es\",\"@id\":\"https:\\\/\\\/www.cope.es\\\/blogs\\\/cine-y-libertad\\\/2020\\\/04\\\/15\\\/conan-el-barbaro-el-primitivo-heroe-que-defiende-valores-universales\\\/#primaryimage\",\"url\":\"https:\\\/\\\/www.cope.es\\\/blogs\\\/cine-y-libertad\\\/wp-content\\\/uploads\\\/sites\\\/7\\\/2020\\\/04\\\/conan-el-barbaro-el-primitivo-heroe-que-defiende-valores-universales.jpg\",\"contentUrl\":\"https:\\\/\\\/www.cope.es\\\/blogs\\\/cine-y-libertad\\\/wp-content\\\/uploads\\\/sites\\\/7\\\/2020\\\/04\\\/conan-el-barbaro-el-primitivo-heroe-que-defiende-valores-universales.jpg\",\"width\":252,\"height\":396},{\"@type\":\"BreadcrumbList\",\"@id\":\"https:\\\/\\\/www.cope.es\\\/blogs\\\/cine-y-libertad\\\/2020\\\/04\\\/15\\\/conan-el-barbaro-el-primitivo-heroe-que-defiende-valores-universales\\\/#breadcrumb\",\"itemListElement\":[{\"@type\":\"ListItem\",\"position\":1,\"name\":\"Portada\",\"item\":\"https:\\\/\\\/www.cope.es\\\/blogs\\\/cine-y-libertad\\\/\"},{\"@type\":\"ListItem\",\"position\":2,\"name\":\"Conan, el B\u00e1rbaro-El primitivo h\u00e9roe que defiende valores universales\"}]},{\"@type\":\"WebSite\",\"@id\":\"https:\\\/\\\/www.cope.es\\\/blogs\\\/cine-y-libertad\\\/#website\",\"url\":\"https:\\\/\\\/www.cope.es\\\/blogs\\\/cine-y-libertad\\\/\",\"name\":\"Cine y Libertad\",\"description\":\"Cine y Libertad un blog de COPE\",\"potentialAction\":[{\"@type\":\"SearchAction\",\"target\":{\"@type\":\"EntryPoint\",\"urlTemplate\":\"https:\\\/\\\/www.cope.es\\\/blogs\\\/cine-y-libertad\\\/?s={search_term_string}\"},\"query-input\":{\"@type\":\"PropertyValueSpecification\",\"valueRequired\":true,\"valueName\":\"search_term_string\"}}],\"inLanguage\":\"es\"},{\"@type\":\"Person\",\"@id\":\"https:\\\/\\\/www.cope.es\\\/blogs\\\/cine-y-libertad\\\/#\\\/schema\\\/person\\\/c95904a4fbf751a8d9124f8fa8bdaace\",\"name\":\"V\u00edctor Alvarado\",\"image\":{\"@type\":\"ImageObject\",\"inLanguage\":\"es\",\"@id\":\"https:\\\/\\\/secure.gravatar.com\\\/avatar\\\/db4634ae2001f7f920b8294d926f3e737ada04196e014ebacae29a4848f905f4?s=96&d=mm&r=g\",\"url\":\"https:\\\/\\\/secure.gravatar.com\\\/avatar\\\/db4634ae2001f7f920b8294d926f3e737ada04196e014ebacae29a4848f905f4?s=96&d=mm&r=g\",\"contentUrl\":\"https:\\\/\\\/secure.gravatar.com\\\/avatar\\\/db4634ae2001f7f920b8294d926f3e737ada04196e014ebacae29a4848f905f4?s=96&d=mm&r=g\",\"caption\":\"V\u00edctor Alvarado\"},\"description\":\"V\u00edctor Alvarado tiene una larga experiencia tanto en medios de comunicaci\u00f3n como en educaci\u00f3n. Dirige el programa de radio, Directo a las Estrellas, en Intereconom\u00eda (Castilla y Le\u00f3n) y Informa Radio en toda Espa\u00f1a. Ha colaborado en Radio Inter y Esradio. Cr\u00edtico de cine en Pantalla 90, Diario Ya y P\u00e1ginas Digital. Es miembro del CEC. Es el autor de libro: La fe, la \u00e9tica y los valores de los superh\u00e9roes (PPC). Esta es su web: www.cineylibertad.com y, por supuesto, lleva m\u00e1s de 5 a\u00f1os como bloguero de Cope, donde analiza el cine, los c\u00f3mics y los libros desde una \u00f3ptica antropol\u00f3gica y axiol\u00f3gica, atendiendo a todas las dimensiones del ser humano.\",\"sameAs\":[\"http:\\\/\\\/www.cineylibertad.com\",\"https:\\\/\\\/www.facebook.com\\\/victor.alvarado.56829446\",\"https:\\\/\\\/www.instagram.com\\\/cineylibertad\\\/\",\"https:\\\/\\\/x.com\\\/cineylibertad\"],\"url\":\"https:\\\/\\\/www.cope.es\\\/blogs\\\/cine-y-libertad\\\/author\\\/valvarado\\\/\"}]}<\/script>\n<!-- \/ Yoast SEO plugin. -->","yoast_head_json":{"title":"conan-el-barbaro-el-primitivo-heroe-que-defiende-valores-universales","description":"conan-el-barbaro-el-primitivo-heroe-que-defiende-valores-universales conan-el-barbaro-el-primitivo-heroe-que-defiende-valores-universales","robots":{"index":"index","follow":"follow","max-snippet":"max-snippet:-1","max-image-preview":"max-image-preview:large","max-video-preview":"max-video-preview:-1"},"canonical":"https:\/\/www.cope.es\/blogs\/cine-y-libertad\/2020\/04\/15\/conan-el-barbaro-el-primitivo-heroe-que-defiende-valores-universales\/","og_locale":"es_ES","og_type":"article","og_title":"conan-el-barbaro-el-primitivo-heroe-que-defiende-valores-universales","og_description":"conan-el-barbaro-el-primitivo-heroe-que-defiende-valores-universales conan-el-barbaro-el-primitivo-heroe-que-defiende-valores-universales","og_url":"https:\/\/www.cope.es\/blogs\/cine-y-libertad\/2020\/04\/15\/conan-el-barbaro-el-primitivo-heroe-que-defiende-valores-universales\/","og_site_name":"Cine y Libertad","article_publisher":"https:\/\/www.facebook.com\/cope\/","article_author":"https:\/\/www.facebook.com\/victor.alvarado.56829446","article_published_time":"2020-04-15T17:21:34+00:00","article_modified_time":"2020-04-22T20:48:56+00:00","og_image":[{"width":252,"height":396,"url":"https:\/\/www.cope.es\/blogs\/cine-y-libertad\/wp-content\/uploads\/sites\/7\/2020\/04\/conan-el-barbaro-el-primitivo-heroe-que-defiende-valores-universales.jpg","type":"image\/jpeg"}],"author":"V\u00edctor Alvarado","twitter_card":"summary_large_image","twitter_creator":"@cineylibertad","twitter_site":"@cope_es","twitter_misc":{"Escrito por":"V\u00edctor Alvarado","Tiempo de lectura":"2 minutos"},"schema":{"@context":"https:\/\/schema.org","@graph":[{"@type":"Article","@id":"https:\/\/www.cope.es\/blogs\/cine-y-libertad\/2020\/04\/15\/conan-el-barbaro-el-primitivo-heroe-que-defiende-valores-universales\/#article","isPartOf":{"@id":"https:\/\/www.cope.es\/blogs\/cine-y-libertad\/2020\/04\/15\/conan-el-barbaro-el-primitivo-heroe-que-defiende-valores-universales\/"},"author":{"name":"V\u00edctor Alvarado","@id":"https:\/\/www.cope.es\/blogs\/cine-y-libertad\/#\/schema\/person\/c95904a4fbf751a8d9124f8fa8bdaace"},"headline":"Conan, el B\u00e1rbaro-El primitivo h\u00e9roe que defiende valores universales","datePublished":"2020-04-15T17:21:34+00:00","dateModified":"2020-04-22T20:48:56+00:00","mainEntityOfPage":{"@id":"https:\/\/www.cope.es\/blogs\/cine-y-libertad\/2020\/04\/15\/conan-el-barbaro-el-primitivo-heroe-que-defiende-valores-universales\/"},"wordCount":325,"commentCount":0,"image":{"@id":"https:\/\/www.cope.es\/blogs\/cine-y-libertad\/2020\/04\/15\/conan-el-barbaro-el-primitivo-heroe-que-defiende-valores-universales\/#primaryimage"},"thumbnailUrl":"https:\/\/www.cope.es\/blogs\/cine-y-libertad\/wp-content\/uploads\/sites\/7\/2020\/04\/conan-el-barbaro-el-primitivo-heroe-que-defiende-valores-universales.jpg","articleSection":["amistad","aventuras","cine","c\u00f3mics","joyas universales"],"inLanguage":"es","potentialAction":[{"@type":"CommentAction","name":"Comment","target":["https:\/\/www.cope.es\/blogs\/cine-y-libertad\/2020\/04\/15\/conan-el-barbaro-el-primitivo-heroe-que-defiende-valores-universales\/#respond"]}]},{"@type":"WebPage","@id":"https:\/\/www.cope.es\/blogs\/cine-y-libertad\/2020\/04\/15\/conan-el-barbaro-el-primitivo-heroe-que-defiende-valores-universales\/","url":"https:\/\/www.cope.es\/blogs\/cine-y-libertad\/2020\/04\/15\/conan-el-barbaro-el-primitivo-heroe-que-defiende-valores-universales\/","name":"conan-el-barbaro-el-primitivo-heroe-que-defiende-valores-universales","isPartOf":{"@id":"https:\/\/www.cope.es\/blogs\/cine-y-libertad\/#website"},"primaryImageOfPage":{"@id":"https:\/\/www.cope.es\/blogs\/cine-y-libertad\/2020\/04\/15\/conan-el-barbaro-el-primitivo-heroe-que-defiende-valores-universales\/#primaryimage"},"image":{"@id":"https:\/\/www.cope.es\/blogs\/cine-y-libertad\/2020\/04\/15\/conan-el-barbaro-el-primitivo-heroe-que-defiende-valores-universales\/#primaryimage"},"thumbnailUrl":"https:\/\/www.cope.es\/blogs\/cine-y-libertad\/wp-content\/uploads\/sites\/7\/2020\/04\/conan-el-barbaro-el-primitivo-heroe-que-defiende-valores-universales.jpg","datePublished":"2020-04-15T17:21:34+00:00","dateModified":"2020-04-22T20:48:56+00:00","author":{"@id":"https:\/\/www.cope.es\/blogs\/cine-y-libertad\/#\/schema\/person\/c95904a4fbf751a8d9124f8fa8bdaace"},"description":"conan-el-barbaro-el-primitivo-heroe-que-defiende-valores-universales conan-el-barbaro-el-primitivo-heroe-que-defiende-valores-universales","breadcrumb":{"@id":"https:\/\/www.cope.es\/blogs\/cine-y-libertad\/2020\/04\/15\/conan-el-barbaro-el-primitivo-heroe-que-defiende-valores-universales\/#breadcrumb"},"inLanguage":"es","potentialAction":[{"@type":"ReadAction","target":["https:\/\/www.cope.es\/blogs\/cine-y-libertad\/2020\/04\/15\/conan-el-barbaro-el-primitivo-heroe-que-defiende-valores-universales\/"]}]},{"@type":"ImageObject","inLanguage":"es","@id":"https:\/\/www.cope.es\/blogs\/cine-y-libertad\/2020\/04\/15\/conan-el-barbaro-el-primitivo-heroe-que-defiende-valores-universales\/#primaryimage","url":"https:\/\/www.cope.es\/blogs\/cine-y-libertad\/wp-content\/uploads\/sites\/7\/2020\/04\/conan-el-barbaro-el-primitivo-heroe-que-defiende-valores-universales.jpg","contentUrl":"https:\/\/www.cope.es\/blogs\/cine-y-libertad\/wp-content\/uploads\/sites\/7\/2020\/04\/conan-el-barbaro-el-primitivo-heroe-que-defiende-valores-universales.jpg","width":252,"height":396},{"@type":"BreadcrumbList","@id":"https:\/\/www.cope.es\/blogs\/cine-y-libertad\/2020\/04\/15\/conan-el-barbaro-el-primitivo-heroe-que-defiende-valores-universales\/#breadcrumb","itemListElement":[{"@type":"ListItem","position":1,"name":"Portada","item":"https:\/\/www.cope.es\/blogs\/cine-y-libertad\/"},{"@type":"ListItem","position":2,"name":"Conan, el B\u00e1rbaro-El primitivo h\u00e9roe que defiende valores universales"}]},{"@type":"WebSite","@id":"https:\/\/www.cope.es\/blogs\/cine-y-libertad\/#website","url":"https:\/\/www.cope.es\/blogs\/cine-y-libertad\/","name":"Cine y Libertad","description":"Cine y Libertad un blog de COPE","potentialAction":[{"@type":"SearchAction","target":{"@type":"EntryPoint","urlTemplate":"https:\/\/www.cope.es\/blogs\/cine-y-libertad\/?s={search_term_string}"},"query-input":{"@type":"PropertyValueSpecification","valueRequired":true,"valueName":"search_term_string"}}],"inLanguage":"es"},{"@type":"Person","@id":"https:\/\/www.cope.es\/blogs\/cine-y-libertad\/#\/schema\/person\/c95904a4fbf751a8d9124f8fa8bdaace","name":"V\u00edctor Alvarado","image":{"@type":"ImageObject","inLanguage":"es","@id":"https:\/\/secure.gravatar.com\/avatar\/db4634ae2001f7f920b8294d926f3e737ada04196e014ebacae29a4848f905f4?s=96&d=mm&r=g","url":"https:\/\/secure.gravatar.com\/avatar\/db4634ae2001f7f920b8294d926f3e737ada04196e014ebacae29a4848f905f4?s=96&d=mm&r=g","contentUrl":"https:\/\/secure.gravatar.com\/avatar\/db4634ae2001f7f920b8294d926f3e737ada04196e014ebacae29a4848f905f4?s=96&d=mm&r=g","caption":"V\u00edctor Alvarado"},"description":"V\u00edctor Alvarado tiene una larga experiencia tanto en medios de comunicaci\u00f3n como en educaci\u00f3n. Dirige el programa de radio, Directo a las Estrellas, en Intereconom\u00eda (Castilla y Le\u00f3n) y Informa Radio en toda Espa\u00f1a. Ha colaborado en Radio Inter y Esradio. Cr\u00edtico de cine en Pantalla 90, Diario Ya y P\u00e1ginas Digital. Es miembro del CEC. Es el autor de libro: La fe, la \u00e9tica y los valores de los superh\u00e9roes (PPC). Esta es su web: www.cineylibertad.com y, por supuesto, lleva m\u00e1s de 5 a\u00f1os como bloguero de Cope, donde analiza el cine, los c\u00f3mics y los libros desde una \u00f3ptica antropol\u00f3gica y axiol\u00f3gica, atendiendo a todas las dimensiones del ser humano.","sameAs":["http:\/\/www.cineylibertad.com","https:\/\/www.facebook.com\/victor.alvarado.56829446","https:\/\/www.instagram.com\/cineylibertad\/","https:\/\/x.com\/cineylibertad"],"url":"https:\/\/www.cope.es\/blogs\/cine-y-libertad\/author\/valvarado\/"}]}},"amp_enabled":true,"_links":{"self":[{"href":"https:\/\/www.cope.es\/blogs\/cine-y-libertad\/wp-json\/wp\/v2\/posts\/1740","targetHints":{"allow":["GET"]}}],"collection":[{"href":"https:\/\/www.cope.es\/blogs\/cine-y-libertad\/wp-json\/wp\/v2\/posts"}],"about":[{"href":"https:\/\/www.cope.es\/blogs\/cine-y-libertad\/wp-json\/wp\/v2\/types\/post"}],"author":[{"embeddable":true,"href":"https:\/\/www.cope.es\/blogs\/cine-y-libertad\/wp-json\/wp\/v2\/users\/7"}],"replies":[{"embeddable":true,"href":"https:\/\/www.cope.es\/blogs\/cine-y-libertad\/wp-json\/wp\/v2\/comments?post=1740"}],"version-history":[{"count":2,"href":"https:\/\/www.cope.es\/blogs\/cine-y-libertad\/wp-json\/wp\/v2\/posts\/1740\/revisions"}],"predecessor-version":[{"id":1758,"href":"https:\/\/www.cope.es\/blogs\/cine-y-libertad\/wp-json\/wp\/v2\/posts\/1740\/revisions\/1758"}],"wp:featuredmedia":[{"embeddable":true,"href":"https:\/\/www.cope.es\/blogs\/cine-y-libertad\/wp-json\/wp\/v2\/media\/1742"}],"wp:attachment":[{"href":"https:\/\/www.cope.es\/blogs\/cine-y-libertad\/wp-json\/wp\/v2\/media?parent=1740"}],"wp:term":[{"taxonomy":"category","embeddable":true,"href":"https:\/\/www.cope.es\/blogs\/cine-y-libertad\/wp-json\/wp\/v2\/categories?post=1740"},{"taxonomy":"post_tag","embeddable":true,"href":"https:\/\/www.cope.es\/blogs\/cine-y-libertad\/wp-json\/wp\/v2\/tags?post=1740"}],"curies":[{"name":"wp","href":"https:\/\/api.w.org\/{rel}","templated":true}]}}