{"id":1705,"date":"2020-04-03T13:37:47","date_gmt":"2020-04-03T11:37:47","guid":{"rendered":"http:\/\/www.cope.es\/blogs\/cine-y-libertad\/?p=1705"},"modified":"2020-04-03T13:40:03","modified_gmt":"2020-04-03T11:40:03","slug":"superman-ano-uno-la-defensa-de-los-mas-inocentes","status":"publish","type":"post","link":"https:\/\/www.cope.es\/blogs\/cine-y-libertad\/2020\/04\/03\/superman-ano-uno-la-defensa-de-los-mas-inocentes\/","title":{"rendered":"Superman: A\u00f1o Uno-La defensa de los m\u00e1s inocentes"},"content":{"rendered":"<p>Superman: A\u00f1o Uno-La defensa de los m\u00e1s inocentes. \u00bfQu\u00e9 peque\u00f1os gestos de amor se pueden hacer por los dem\u00e1s? Aqu\u00ed puedes escuchar mi comentario:<a title=\"Superman: A\u00f1o Uno-La defensa de los m\u00e1s inocentes\" href=\"http:\/\/www.cineylibertad.com\/superman-ano-uno-la-defensa-de-los-mas-inocentes\/\">Superman: A\u00f1o Uno<\/a><\/p>\n<p><img loading=\"lazy\" decoding=\"async\" width=\"156\" height=\"201\" class=\"alignnone size-full wp-image-1708\" src=\"http:\/\/www.cope.es\/blogs\/cine-y-libertad\/wp-content\/uploads\/sites\/7\/2020\/04\/superman-ano-uno-la-defensa-de-los-mas-inocentes.jpg\" alt=\"\" \/><\/p>\n<p>\u00a1Lectores y amigos de Cine y Libertad!<\/p>\n<p>La editorial ECC\u00a0 nos habla de su c\u00f3mic:<\/p>\n<p>Tras su estancia en la Marina, Clark Kent llega a Metropolis, donde encontrar\u00e1 un nuevo hogar y desarrollar\u00e1 todo su potencial. Son muchos los desaf\u00edos que le aguardan en la gran ciudad: el inicio de su carrera profesional en el Daily Planet, el primer encuentro de Superman con Lois Lane, el nacimiento de su rivalidad con Lex Luthor\u2026 y la irrupci\u00f3n de un imprevisible villano, que propiciar\u00e1 la alianza del Hombre de Acero con dos de los h\u00e9roes m\u00e1s grandes de todos los tiempos.<\/p>\n<p>Los legendarios<strong> Frank Miller<\/strong> (<em><strong>Batman: El regreso del Caballero Oscuro<\/strong><\/em>) y <strong>John Romita Jr.<\/strong> (<em><strong>All-Star Batman: Yo, mi peor enemigo<\/strong><\/em>) ponen punto y final a <em><strong>Superman: A\u00f1o uno<\/strong><\/em>, uno de los proyectos m\u00e1s ambiciosos y esperados de la l\u00ednea DC Black Label con el que reinterpretan el origen del ic\u00f3nico superh\u00e9roe.<\/p>\n<p>Gui\u00f1os al Superman de Richard Donner<\/p>\n<p><img loading=\"lazy\" decoding=\"async\" width=\"231\" height=\"130\" class=\"alignnone size-full wp-image-1709\" src=\"http:\/\/www.cope.es\/blogs\/cine-y-libertad\/wp-content\/uploads\/sites\/7\/2020\/04\/superman-I.jpg\" alt=\"\" \/><\/p>\n<p>Sinopsis oficial:<\/p>\n<p>Ante la inminente destrucci\u00f3n del planeta Krypton, Jor-El env\u00eda a su hijo en una c\u00e1psula hacia el planeta Tierra, donde podr\u00e1 prosperar entre los humanos como uno m\u00e1s. All\u00ed, el ni\u00f1o es recogido por los Kent, una pareja de granjeros que le cuidan como si fuera su propio hijo. Conforme crece, el joven Clark Kent va descubriendo que no es como los dem\u00e1s humanos y que tiene habilidades superpoderosas. Cuando se hace mayor, entra a formar parte de la plantilla del Daily Globe, el peri\u00f3dico m\u00e1s importante de la ciudad de Metr\u00f3polis, donde conoce a la inquieta Lois Lane e intenta por todos los medios ocultar su alter ego: Superman, un superh\u00e9roe con capa que emplea sus poderes para ayudar a la gente. Y pronto le har\u00e1n falta, ya que el villano Lex Luthor prepara un plan para dominar el mundo.<\/p>\n<p>Puedes escucharnos en: <a href=\"http:\/\/www.cineylibertad.com\/\">www.cineylibertad.com<\/a><\/p>\n<p>Twitter: <span class=\"x_DashboardProfileCard-screenname x_u-inlineBlock x_u-dir\"><a class=\"x_DashboardProfileCard-screennameLink x_u-linkComplex x_u-linkClean\" href=\"https:\/\/twitter.com\/cineylibertad\" target=\"_blank\">@<span class=\"x_u-linkComplex-target\">cineylibertad<\/span><\/a><\/span><\/p>\n","protected":false},"excerpt":{"rendered":"<p>Superman: A\u00f1o Uno-La defensa de los m\u00e1s inocentes. \u00bfQu\u00e9 peque\u00f1os gestos de amor se pueden hacer por los dem\u00e1s? Aqu\u00ed puedes escuchar mi comentario:Superman: A\u00f1o Uno \u00a1Lectores y amigos de Cine y Libertad! La editorial ECC\u00a0 nos habla de su c\u00f3mic: Tras su estancia en la Marina, Clark Kent llega a Metropolis, donde encontrar\u00e1 un [&hellip;]<\/p>\n","protected":false},"author":7,"featured_media":1708,"comment_status":"open","ping_status":"open","sticky":false,"template":"","format":"standard","meta":{"footnotes":""},"categories":[73,3,4,12,171,52,14,148,8,40,187],"tags":[220,221],"class_list":["post-1705","post","type-post","status-publish","format-standard","has-post-thumbnail","hentry","category-accion","category-cine","category-comics","category-cristianismo","category-espiritualidad","category-infancia","category-joyas-universales","category-sentido-de-la-vida","category-superheroes","category-superman","category-vocacion","tag-frank-miller","tag-john-romita-jr"],"yoast_head":"<!-- This site is optimized with the Yoast SEO plugin v27.4 - https:\/\/yoast.com\/product\/yoast-seo-wordpress\/ -->\n<title>Superman: A\u00f1o Uno-La defensa de los m\u00e1s inocentes<\/title>\n<meta name=\"description\" content=\"Superman: A\u00f1o Uno-La defensa de los m\u00e1s inocentes Superman: A\u00f1o Uno-La defensa de los m\u00e1s inocentes Superman: A\u00f1o Uno-La defensa de los m\u00e1s inocentes\" \/>\n<meta name=\"robots\" content=\"index, follow, max-snippet:-1, max-image-preview:large, max-video-preview:-1\" \/>\n<link rel=\"canonical\" href=\"https:\/\/www.cope.es\/blogs\/cine-y-libertad\/2020\/04\/03\/superman-ano-uno-la-defensa-de-los-mas-inocentes\/\" \/>\n<meta property=\"og:locale\" content=\"es_ES\" \/>\n<meta property=\"og:type\" content=\"article\" \/>\n<meta property=\"og:title\" content=\"Superman: A\u00f1o Uno-La defensa de los m\u00e1s inocentes\" \/>\n<meta property=\"og:description\" content=\"Superman: A\u00f1o Uno-La defensa de los m\u00e1s inocentes Superman: A\u00f1o Uno-La defensa de los m\u00e1s inocentes Superman: A\u00f1o Uno-La defensa de los m\u00e1s inocentes\" \/>\n<meta property=\"og:url\" content=\"https:\/\/www.cope.es\/blogs\/cine-y-libertad\/2020\/04\/03\/superman-ano-uno-la-defensa-de-los-mas-inocentes\/\" \/>\n<meta property=\"og:site_name\" content=\"Cine y Libertad\" \/>\n<meta property=\"article:publisher\" content=\"https:\/\/www.facebook.com\/cope\/\" \/>\n<meta property=\"article:author\" content=\"https:\/\/www.facebook.com\/victor.alvarado.56829446\" \/>\n<meta property=\"article:published_time\" content=\"2020-04-03T11:37:47+00:00\" \/>\n<meta property=\"article:modified_time\" content=\"2020-04-03T11:40:03+00:00\" \/>\n<meta property=\"og:image\" content=\"https:\/\/www.cope.es\/blogs\/cine-y-libertad\/wp-content\/uploads\/sites\/7\/2020\/04\/superman-ano-uno-la-defensa-de-los-mas-inocentes.jpg\" \/>\n\t<meta property=\"og:image:width\" content=\"156\" \/>\n\t<meta property=\"og:image:height\" content=\"201\" \/>\n\t<meta property=\"og:image:type\" content=\"image\/jpeg\" \/>\n<meta name=\"author\" content=\"V\u00edctor Alvarado\" \/>\n<meta name=\"twitter:card\" content=\"summary_large_image\" \/>\n<meta name=\"twitter:creator\" content=\"@cineylibertad\" \/>\n<meta name=\"twitter:site\" content=\"@cope_es\" \/>\n<meta name=\"twitter:label1\" content=\"Escrito por\" \/>\n\t<meta name=\"twitter:data1\" content=\"V\u00edctor Alvarado\" \/>\n\t<meta name=\"twitter:label2\" content=\"Tiempo de lectura\" \/>\n\t<meta name=\"twitter:data2\" content=\"2 minutos\" \/>\n<script type=\"application\/ld+json\" class=\"yoast-schema-graph\">{\"@context\":\"https:\\\/\\\/schema.org\",\"@graph\":[{\"@type\":\"Article\",\"@id\":\"https:\\\/\\\/www.cope.es\\\/blogs\\\/cine-y-libertad\\\/2020\\\/04\\\/03\\\/superman-ano-uno-la-defensa-de-los-mas-inocentes\\\/#article\",\"isPartOf\":{\"@id\":\"https:\\\/\\\/www.cope.es\\\/blogs\\\/cine-y-libertad\\\/2020\\\/04\\\/03\\\/superman-ano-uno-la-defensa-de-los-mas-inocentes\\\/\"},\"author\":{\"name\":\"V\u00edctor Alvarado\",\"@id\":\"https:\\\/\\\/www.cope.es\\\/blogs\\\/cine-y-libertad\\\/#\\\/schema\\\/person\\\/c95904a4fbf751a8d9124f8fa8bdaace\"},\"headline\":\"Superman: A\u00f1o Uno-La defensa de los m\u00e1s inocentes\",\"datePublished\":\"2020-04-03T11:37:47+00:00\",\"dateModified\":\"2020-04-03T11:40:03+00:00\",\"mainEntityOfPage\":{\"@id\":\"https:\\\/\\\/www.cope.es\\\/blogs\\\/cine-y-libertad\\\/2020\\\/04\\\/03\\\/superman-ano-uno-la-defensa-de-los-mas-inocentes\\\/\"},\"wordCount\":371,\"commentCount\":0,\"image\":{\"@id\":\"https:\\\/\\\/www.cope.es\\\/blogs\\\/cine-y-libertad\\\/2020\\\/04\\\/03\\\/superman-ano-uno-la-defensa-de-los-mas-inocentes\\\/#primaryimage\"},\"thumbnailUrl\":\"https:\\\/\\\/www.cope.es\\\/blogs\\\/cine-y-libertad\\\/wp-content\\\/uploads\\\/sites\\\/7\\\/2020\\\/04\\\/superman-ano-uno-la-defensa-de-los-mas-inocentes.jpg\",\"keywords\":[\"Frank Miller\",\"John Romita Jr.\"],\"articleSection\":[\"acci\u00f3n\",\"cine\",\"c\u00f3mics\",\"cristianismo\",\"espiritualidad\",\"infancia\",\"joyas universales\",\"sentido de la vida\",\"Superh\u00e9roes\",\"Superman\",\"vocaci\u00f3n\"],\"inLanguage\":\"es\",\"potentialAction\":[{\"@type\":\"CommentAction\",\"name\":\"Comment\",\"target\":[\"https:\\\/\\\/www.cope.es\\\/blogs\\\/cine-y-libertad\\\/2020\\\/04\\\/03\\\/superman-ano-uno-la-defensa-de-los-mas-inocentes\\\/#respond\"]}]},{\"@type\":\"WebPage\",\"@id\":\"https:\\\/\\\/www.cope.es\\\/blogs\\\/cine-y-libertad\\\/2020\\\/04\\\/03\\\/superman-ano-uno-la-defensa-de-los-mas-inocentes\\\/\",\"url\":\"https:\\\/\\\/www.cope.es\\\/blogs\\\/cine-y-libertad\\\/2020\\\/04\\\/03\\\/superman-ano-uno-la-defensa-de-los-mas-inocentes\\\/\",\"name\":\"Superman: A\u00f1o Uno-La defensa de los m\u00e1s inocentes\",\"isPartOf\":{\"@id\":\"https:\\\/\\\/www.cope.es\\\/blogs\\\/cine-y-libertad\\\/#website\"},\"primaryImageOfPage\":{\"@id\":\"https:\\\/\\\/www.cope.es\\\/blogs\\\/cine-y-libertad\\\/2020\\\/04\\\/03\\\/superman-ano-uno-la-defensa-de-los-mas-inocentes\\\/#primaryimage\"},\"image\":{\"@id\":\"https:\\\/\\\/www.cope.es\\\/blogs\\\/cine-y-libertad\\\/2020\\\/04\\\/03\\\/superman-ano-uno-la-defensa-de-los-mas-inocentes\\\/#primaryimage\"},\"thumbnailUrl\":\"https:\\\/\\\/www.cope.es\\\/blogs\\\/cine-y-libertad\\\/wp-content\\\/uploads\\\/sites\\\/7\\\/2020\\\/04\\\/superman-ano-uno-la-defensa-de-los-mas-inocentes.jpg\",\"datePublished\":\"2020-04-03T11:37:47+00:00\",\"dateModified\":\"2020-04-03T11:40:03+00:00\",\"author\":{\"@id\":\"https:\\\/\\\/www.cope.es\\\/blogs\\\/cine-y-libertad\\\/#\\\/schema\\\/person\\\/c95904a4fbf751a8d9124f8fa8bdaace\"},\"description\":\"Superman: A\u00f1o Uno-La defensa de los m\u00e1s inocentes Superman: A\u00f1o Uno-La defensa de los m\u00e1s inocentes Superman: A\u00f1o Uno-La defensa de los m\u00e1s inocentes\",\"breadcrumb\":{\"@id\":\"https:\\\/\\\/www.cope.es\\\/blogs\\\/cine-y-libertad\\\/2020\\\/04\\\/03\\\/superman-ano-uno-la-defensa-de-los-mas-inocentes\\\/#breadcrumb\"},\"inLanguage\":\"es\",\"potentialAction\":[{\"@type\":\"ReadAction\",\"target\":[\"https:\\\/\\\/www.cope.es\\\/blogs\\\/cine-y-libertad\\\/2020\\\/04\\\/03\\\/superman-ano-uno-la-defensa-de-los-mas-inocentes\\\/\"]}]},{\"@type\":\"ImageObject\",\"inLanguage\":\"es\",\"@id\":\"https:\\\/\\\/www.cope.es\\\/blogs\\\/cine-y-libertad\\\/2020\\\/04\\\/03\\\/superman-ano-uno-la-defensa-de-los-mas-inocentes\\\/#primaryimage\",\"url\":\"https:\\\/\\\/www.cope.es\\\/blogs\\\/cine-y-libertad\\\/wp-content\\\/uploads\\\/sites\\\/7\\\/2020\\\/04\\\/superman-ano-uno-la-defensa-de-los-mas-inocentes.jpg\",\"contentUrl\":\"https:\\\/\\\/www.cope.es\\\/blogs\\\/cine-y-libertad\\\/wp-content\\\/uploads\\\/sites\\\/7\\\/2020\\\/04\\\/superman-ano-uno-la-defensa-de-los-mas-inocentes.jpg\",\"width\":156,\"height\":201},{\"@type\":\"BreadcrumbList\",\"@id\":\"https:\\\/\\\/www.cope.es\\\/blogs\\\/cine-y-libertad\\\/2020\\\/04\\\/03\\\/superman-ano-uno-la-defensa-de-los-mas-inocentes\\\/#breadcrumb\",\"itemListElement\":[{\"@type\":\"ListItem\",\"position\":1,\"name\":\"Portada\",\"item\":\"https:\\\/\\\/www.cope.es\\\/blogs\\\/cine-y-libertad\\\/\"},{\"@type\":\"ListItem\",\"position\":2,\"name\":\"Superman: A\u00f1o Uno-La defensa de los m\u00e1s inocentes\"}]},{\"@type\":\"WebSite\",\"@id\":\"https:\\\/\\\/www.cope.es\\\/blogs\\\/cine-y-libertad\\\/#website\",\"url\":\"https:\\\/\\\/www.cope.es\\\/blogs\\\/cine-y-libertad\\\/\",\"name\":\"Cine y Libertad\",\"description\":\"Cine y Libertad un blog de COPE\",\"potentialAction\":[{\"@type\":\"SearchAction\",\"target\":{\"@type\":\"EntryPoint\",\"urlTemplate\":\"https:\\\/\\\/www.cope.es\\\/blogs\\\/cine-y-libertad\\\/?s={search_term_string}\"},\"query-input\":{\"@type\":\"PropertyValueSpecification\",\"valueRequired\":true,\"valueName\":\"search_term_string\"}}],\"inLanguage\":\"es\"},{\"@type\":\"Person\",\"@id\":\"https:\\\/\\\/www.cope.es\\\/blogs\\\/cine-y-libertad\\\/#\\\/schema\\\/person\\\/c95904a4fbf751a8d9124f8fa8bdaace\",\"name\":\"V\u00edctor Alvarado\",\"image\":{\"@type\":\"ImageObject\",\"inLanguage\":\"es\",\"@id\":\"https:\\\/\\\/secure.gravatar.com\\\/avatar\\\/db4634ae2001f7f920b8294d926f3e737ada04196e014ebacae29a4848f905f4?s=96&d=mm&r=g\",\"url\":\"https:\\\/\\\/secure.gravatar.com\\\/avatar\\\/db4634ae2001f7f920b8294d926f3e737ada04196e014ebacae29a4848f905f4?s=96&d=mm&r=g\",\"contentUrl\":\"https:\\\/\\\/secure.gravatar.com\\\/avatar\\\/db4634ae2001f7f920b8294d926f3e737ada04196e014ebacae29a4848f905f4?s=96&d=mm&r=g\",\"caption\":\"V\u00edctor Alvarado\"},\"description\":\"V\u00edctor Alvarado tiene una larga experiencia tanto en medios de comunicaci\u00f3n como en educaci\u00f3n. Dirige el programa de radio, Directo a las Estrellas, en Intereconom\u00eda (Castilla y Le\u00f3n) y Informa Radio en toda Espa\u00f1a. Ha colaborado en Radio Inter y Esradio. Cr\u00edtico de cine en Pantalla 90, Diario Ya y P\u00e1ginas Digital. Es miembro del CEC. Es el autor de libro: La fe, la \u00e9tica y los valores de los superh\u00e9roes (PPC). Esta es su web: www.cineylibertad.com y, por supuesto, lleva m\u00e1s de 5 a\u00f1os como bloguero de Cope, donde analiza el cine, los c\u00f3mics y los libros desde una \u00f3ptica antropol\u00f3gica y axiol\u00f3gica, atendiendo a todas las dimensiones del ser humano.\",\"sameAs\":[\"http:\\\/\\\/www.cineylibertad.com\",\"https:\\\/\\\/www.facebook.com\\\/victor.alvarado.56829446\",\"https:\\\/\\\/www.instagram.com\\\/cineylibertad\\\/\",\"https:\\\/\\\/x.com\\\/cineylibertad\"],\"url\":\"https:\\\/\\\/www.cope.es\\\/blogs\\\/cine-y-libertad\\\/author\\\/valvarado\\\/\"}]}<\/script>\n<!-- \/ Yoast SEO plugin. -->","yoast_head_json":{"title":"Superman: A\u00f1o Uno-La defensa de los m\u00e1s inocentes","description":"Superman: A\u00f1o Uno-La defensa de los m\u00e1s inocentes Superman: A\u00f1o Uno-La defensa de los m\u00e1s inocentes Superman: A\u00f1o Uno-La defensa de los m\u00e1s inocentes","robots":{"index":"index","follow":"follow","max-snippet":"max-snippet:-1","max-image-preview":"max-image-preview:large","max-video-preview":"max-video-preview:-1"},"canonical":"https:\/\/www.cope.es\/blogs\/cine-y-libertad\/2020\/04\/03\/superman-ano-uno-la-defensa-de-los-mas-inocentes\/","og_locale":"es_ES","og_type":"article","og_title":"Superman: A\u00f1o Uno-La defensa de los m\u00e1s inocentes","og_description":"Superman: A\u00f1o Uno-La defensa de los m\u00e1s inocentes Superman: A\u00f1o Uno-La defensa de los m\u00e1s inocentes Superman: A\u00f1o Uno-La defensa de los m\u00e1s inocentes","og_url":"https:\/\/www.cope.es\/blogs\/cine-y-libertad\/2020\/04\/03\/superman-ano-uno-la-defensa-de-los-mas-inocentes\/","og_site_name":"Cine y Libertad","article_publisher":"https:\/\/www.facebook.com\/cope\/","article_author":"https:\/\/www.facebook.com\/victor.alvarado.56829446","article_published_time":"2020-04-03T11:37:47+00:00","article_modified_time":"2020-04-03T11:40:03+00:00","og_image":[{"width":156,"height":201,"url":"https:\/\/www.cope.es\/blogs\/cine-y-libertad\/wp-content\/uploads\/sites\/7\/2020\/04\/superman-ano-uno-la-defensa-de-los-mas-inocentes.jpg","type":"image\/jpeg"}],"author":"V\u00edctor Alvarado","twitter_card":"summary_large_image","twitter_creator":"@cineylibertad","twitter_site":"@cope_es","twitter_misc":{"Escrito por":"V\u00edctor Alvarado","Tiempo de lectura":"2 minutos"},"schema":{"@context":"https:\/\/schema.org","@graph":[{"@type":"Article","@id":"https:\/\/www.cope.es\/blogs\/cine-y-libertad\/2020\/04\/03\/superman-ano-uno-la-defensa-de-los-mas-inocentes\/#article","isPartOf":{"@id":"https:\/\/www.cope.es\/blogs\/cine-y-libertad\/2020\/04\/03\/superman-ano-uno-la-defensa-de-los-mas-inocentes\/"},"author":{"name":"V\u00edctor Alvarado","@id":"https:\/\/www.cope.es\/blogs\/cine-y-libertad\/#\/schema\/person\/c95904a4fbf751a8d9124f8fa8bdaace"},"headline":"Superman: A\u00f1o Uno-La defensa de los m\u00e1s inocentes","datePublished":"2020-04-03T11:37:47+00:00","dateModified":"2020-04-03T11:40:03+00:00","mainEntityOfPage":{"@id":"https:\/\/www.cope.es\/blogs\/cine-y-libertad\/2020\/04\/03\/superman-ano-uno-la-defensa-de-los-mas-inocentes\/"},"wordCount":371,"commentCount":0,"image":{"@id":"https:\/\/www.cope.es\/blogs\/cine-y-libertad\/2020\/04\/03\/superman-ano-uno-la-defensa-de-los-mas-inocentes\/#primaryimage"},"thumbnailUrl":"https:\/\/www.cope.es\/blogs\/cine-y-libertad\/wp-content\/uploads\/sites\/7\/2020\/04\/superman-ano-uno-la-defensa-de-los-mas-inocentes.jpg","keywords":["Frank Miller","John Romita Jr."],"articleSection":["acci\u00f3n","cine","c\u00f3mics","cristianismo","espiritualidad","infancia","joyas universales","sentido de la vida","Superh\u00e9roes","Superman","vocaci\u00f3n"],"inLanguage":"es","potentialAction":[{"@type":"CommentAction","name":"Comment","target":["https:\/\/www.cope.es\/blogs\/cine-y-libertad\/2020\/04\/03\/superman-ano-uno-la-defensa-de-los-mas-inocentes\/#respond"]}]},{"@type":"WebPage","@id":"https:\/\/www.cope.es\/blogs\/cine-y-libertad\/2020\/04\/03\/superman-ano-uno-la-defensa-de-los-mas-inocentes\/","url":"https:\/\/www.cope.es\/blogs\/cine-y-libertad\/2020\/04\/03\/superman-ano-uno-la-defensa-de-los-mas-inocentes\/","name":"Superman: A\u00f1o Uno-La defensa de los m\u00e1s inocentes","isPartOf":{"@id":"https:\/\/www.cope.es\/blogs\/cine-y-libertad\/#website"},"primaryImageOfPage":{"@id":"https:\/\/www.cope.es\/blogs\/cine-y-libertad\/2020\/04\/03\/superman-ano-uno-la-defensa-de-los-mas-inocentes\/#primaryimage"},"image":{"@id":"https:\/\/www.cope.es\/blogs\/cine-y-libertad\/2020\/04\/03\/superman-ano-uno-la-defensa-de-los-mas-inocentes\/#primaryimage"},"thumbnailUrl":"https:\/\/www.cope.es\/blogs\/cine-y-libertad\/wp-content\/uploads\/sites\/7\/2020\/04\/superman-ano-uno-la-defensa-de-los-mas-inocentes.jpg","datePublished":"2020-04-03T11:37:47+00:00","dateModified":"2020-04-03T11:40:03+00:00","author":{"@id":"https:\/\/www.cope.es\/blogs\/cine-y-libertad\/#\/schema\/person\/c95904a4fbf751a8d9124f8fa8bdaace"},"description":"Superman: A\u00f1o Uno-La defensa de los m\u00e1s inocentes Superman: A\u00f1o Uno-La defensa de los m\u00e1s inocentes Superman: A\u00f1o Uno-La defensa de los m\u00e1s inocentes","breadcrumb":{"@id":"https:\/\/www.cope.es\/blogs\/cine-y-libertad\/2020\/04\/03\/superman-ano-uno-la-defensa-de-los-mas-inocentes\/#breadcrumb"},"inLanguage":"es","potentialAction":[{"@type":"ReadAction","target":["https:\/\/www.cope.es\/blogs\/cine-y-libertad\/2020\/04\/03\/superman-ano-uno-la-defensa-de-los-mas-inocentes\/"]}]},{"@type":"ImageObject","inLanguage":"es","@id":"https:\/\/www.cope.es\/blogs\/cine-y-libertad\/2020\/04\/03\/superman-ano-uno-la-defensa-de-los-mas-inocentes\/#primaryimage","url":"https:\/\/www.cope.es\/blogs\/cine-y-libertad\/wp-content\/uploads\/sites\/7\/2020\/04\/superman-ano-uno-la-defensa-de-los-mas-inocentes.jpg","contentUrl":"https:\/\/www.cope.es\/blogs\/cine-y-libertad\/wp-content\/uploads\/sites\/7\/2020\/04\/superman-ano-uno-la-defensa-de-los-mas-inocentes.jpg","width":156,"height":201},{"@type":"BreadcrumbList","@id":"https:\/\/www.cope.es\/blogs\/cine-y-libertad\/2020\/04\/03\/superman-ano-uno-la-defensa-de-los-mas-inocentes\/#breadcrumb","itemListElement":[{"@type":"ListItem","position":1,"name":"Portada","item":"https:\/\/www.cope.es\/blogs\/cine-y-libertad\/"},{"@type":"ListItem","position":2,"name":"Superman: A\u00f1o Uno-La defensa de los m\u00e1s inocentes"}]},{"@type":"WebSite","@id":"https:\/\/www.cope.es\/blogs\/cine-y-libertad\/#website","url":"https:\/\/www.cope.es\/blogs\/cine-y-libertad\/","name":"Cine y Libertad","description":"Cine y Libertad un blog de COPE","potentialAction":[{"@type":"SearchAction","target":{"@type":"EntryPoint","urlTemplate":"https:\/\/www.cope.es\/blogs\/cine-y-libertad\/?s={search_term_string}"},"query-input":{"@type":"PropertyValueSpecification","valueRequired":true,"valueName":"search_term_string"}}],"inLanguage":"es"},{"@type":"Person","@id":"https:\/\/www.cope.es\/blogs\/cine-y-libertad\/#\/schema\/person\/c95904a4fbf751a8d9124f8fa8bdaace","name":"V\u00edctor Alvarado","image":{"@type":"ImageObject","inLanguage":"es","@id":"https:\/\/secure.gravatar.com\/avatar\/db4634ae2001f7f920b8294d926f3e737ada04196e014ebacae29a4848f905f4?s=96&d=mm&r=g","url":"https:\/\/secure.gravatar.com\/avatar\/db4634ae2001f7f920b8294d926f3e737ada04196e014ebacae29a4848f905f4?s=96&d=mm&r=g","contentUrl":"https:\/\/secure.gravatar.com\/avatar\/db4634ae2001f7f920b8294d926f3e737ada04196e014ebacae29a4848f905f4?s=96&d=mm&r=g","caption":"V\u00edctor Alvarado"},"description":"V\u00edctor Alvarado tiene una larga experiencia tanto en medios de comunicaci\u00f3n como en educaci\u00f3n. Dirige el programa de radio, Directo a las Estrellas, en Intereconom\u00eda (Castilla y Le\u00f3n) y Informa Radio en toda Espa\u00f1a. Ha colaborado en Radio Inter y Esradio. Cr\u00edtico de cine en Pantalla 90, Diario Ya y P\u00e1ginas Digital. Es miembro del CEC. Es el autor de libro: La fe, la \u00e9tica y los valores de los superh\u00e9roes (PPC). Esta es su web: www.cineylibertad.com y, por supuesto, lleva m\u00e1s de 5 a\u00f1os como bloguero de Cope, donde analiza el cine, los c\u00f3mics y los libros desde una \u00f3ptica antropol\u00f3gica y axiol\u00f3gica, atendiendo a todas las dimensiones del ser humano.","sameAs":["http:\/\/www.cineylibertad.com","https:\/\/www.facebook.com\/victor.alvarado.56829446","https:\/\/www.instagram.com\/cineylibertad\/","https:\/\/x.com\/cineylibertad"],"url":"https:\/\/www.cope.es\/blogs\/cine-y-libertad\/author\/valvarado\/"}]}},"amp_enabled":true,"_links":{"self":[{"href":"https:\/\/www.cope.es\/blogs\/cine-y-libertad\/wp-json\/wp\/v2\/posts\/1705","targetHints":{"allow":["GET"]}}],"collection":[{"href":"https:\/\/www.cope.es\/blogs\/cine-y-libertad\/wp-json\/wp\/v2\/posts"}],"about":[{"href":"https:\/\/www.cope.es\/blogs\/cine-y-libertad\/wp-json\/wp\/v2\/types\/post"}],"author":[{"embeddable":true,"href":"https:\/\/www.cope.es\/blogs\/cine-y-libertad\/wp-json\/wp\/v2\/users\/7"}],"replies":[{"embeddable":true,"href":"https:\/\/www.cope.es\/blogs\/cine-y-libertad\/wp-json\/wp\/v2\/comments?post=1705"}],"version-history":[{"count":2,"href":"https:\/\/www.cope.es\/blogs\/cine-y-libertad\/wp-json\/wp\/v2\/posts\/1705\/revisions"}],"predecessor-version":[{"id":1712,"href":"https:\/\/www.cope.es\/blogs\/cine-y-libertad\/wp-json\/wp\/v2\/posts\/1705\/revisions\/1712"}],"wp:featuredmedia":[{"embeddable":true,"href":"https:\/\/www.cope.es\/blogs\/cine-y-libertad\/wp-json\/wp\/v2\/media\/1708"}],"wp:attachment":[{"href":"https:\/\/www.cope.es\/blogs\/cine-y-libertad\/wp-json\/wp\/v2\/media?parent=1705"}],"wp:term":[{"taxonomy":"category","embeddable":true,"href":"https:\/\/www.cope.es\/blogs\/cine-y-libertad\/wp-json\/wp\/v2\/categories?post=1705"},{"taxonomy":"post_tag","embeddable":true,"href":"https:\/\/www.cope.es\/blogs\/cine-y-libertad\/wp-json\/wp\/v2\/tags?post=1705"}],"curies":[{"name":"wp","href":"https:\/\/api.w.org\/{rel}","templated":true}]}}