{"id":1701,"date":"2020-03-31T22:50:59","date_gmt":"2020-03-31T20:50:59","guid":{"rendered":"http:\/\/www.cope.es\/blogs\/cine-y-libertad\/?p=1701"},"modified":"2020-03-31T22:50:59","modified_gmt":"2020-03-31T20:50:59","slug":"1808-bailen-el-ejercito-y-el-pueblo-unido-derrotan-a-napoleon","status":"publish","type":"post","link":"https:\/\/www.cope.es\/blogs\/cine-y-libertad\/2020\/03\/31\/1808-bailen-el-ejercito-y-el-pueblo-unido-derrotan-a-napoleon\/","title":{"rendered":"1808: Bail\u00e9n-El ej\u00e9rcito y el pueblo unido derrotan a Napole\u00f3n"},"content":{"rendered":"<p>1808: Bail\u00e9n-El ej\u00e9rcito y el pueblo unido derrotan a Napole\u00f3n. \u00bfPor qu\u00e9 es tan importante estar unidos para lograr un prop\u00f3sito?\u00a0 Aqu\u00ed puedes escuchar mi comentario:<a title=\"1808: Bail\u00e9n-El ej\u00e9rcito y el pueblo unido derrotan a Napole\u00f3n\" href=\"http:\/\/www.cineylibertad.com\/1808-bailen-el-ejercito-y-el-pueblo-unido-derrotan-a-napoleon\/\">1808: Bail\u00e9n<\/a><\/p>\n<p><img loading=\"lazy\" decoding=\"async\" width=\"225\" height=\"225\" class=\"alignnone size-full wp-image-1703\" src=\"http:\/\/www.cope.es\/blogs\/cine-y-libertad\/wp-content\/uploads\/sites\/7\/2020\/03\/1808-bailen-el-ejercito-y-el-pueblo-unido-derrotan-a-napoleon.jpg\" alt=\"\" srcset=\"https:\/\/www.cope.es\/blogs\/cine-y-libertad\/wp-content\/uploads\/sites\/7\/2020\/03\/1808-bailen-el-ejercito-y-el-pueblo-unido-derrotan-a-napoleon.jpg 225w, https:\/\/www.cope.es\/blogs\/cine-y-libertad\/wp-content\/uploads\/sites\/7\/2020\/03\/1808-bailen-el-ejercito-y-el-pueblo-unido-derrotan-a-napoleon-150x150.jpg 150w, https:\/\/www.cope.es\/blogs\/cine-y-libertad\/wp-content\/uploads\/sites\/7\/2020\/03\/1808-bailen-el-ejercito-y-el-pueblo-unido-derrotan-a-napoleon-170x170.jpg 170w, https:\/\/www.cope.es\/blogs\/cine-y-libertad\/wp-content\/uploads\/sites\/7\/2020\/03\/1808-bailen-el-ejercito-y-el-pueblo-unido-derrotan-a-napoleon-73x73.jpg 73w, https:\/\/www.cope.es\/blogs\/cine-y-libertad\/wp-content\/uploads\/sites\/7\/2020\/03\/1808-bailen-el-ejercito-y-el-pueblo-unido-derrotan-a-napoleon-108x108.jpg 108w\" sizes=\"auto, (max-width: 225px) 100vw, 225px\" \/><\/p>\n<p>\u00a1Lectores y amigos de Cine y Libertad!<\/p>\n<p>Cascaborra Ediciones\u00a0 nos habla de su c\u00f3mic:<\/p>\n<p>La ocupaci\u00f3n francesa de Espa\u00f1a parece un \u00e9xito: Jos\u00e9 I Bonaparte ha sido coronado rey y un poderoso ej\u00e9rcito franc\u00e9s se dirige desde Madrid a C\u00e1diz para acabar con la insurgencia de las juntas espa\u00f1olas. Saqueando a placer, el general franc\u00e9s Dupont poco imagina que un improvisado ej\u00e9rcito, comandado por el capit\u00e1n general Casta\u00f1os, est\u00e1 organizando una estrategia para intentar vencer por primera vez al ej\u00e9rcito napole\u00f3nico. A este ej\u00e9rcito se ha unido un grupo de civiles, que ver\u00e1n de primera mano los horrores de la batalla que cambiar\u00eda para siempre sus vidas. Seamos testigos de este episodio de la guerra de la Independencia, que se escribi\u00f3 con sangre bajo el duro sol de julio en Bail\u00e9n.<\/p>\n<p>El diario ABC dijo de esta batalla:<\/p>\n<p><em><span class=\"main\"><span class=\"cuerpo-texto \">&#8220;Adinerados, pobres, intelectuales, ganaderos\u2026 A partir de ese d\u00eda, muchos fueron los que acudieron a la llamada de la Junta para expulsar a los galos de Espa\u00f1a. Sin embargo, de entre los cientos y cientos de voluntarios que se inscribieron a las \u00f3rdenes de <strong>Casta\u00f1os<\/strong>, hubo unos cuantos andaluces que destacaron por encima del resto por su oficio y por sus curiosas vestiduras. Eran los \u00ab<strong>garrochistas<\/strong>\u00bb: ganaderos que, ataviados con un uniforme similar al que portan hoy en d\u00eda los piqueros en las corridas de toros goyescas, se dedicaban \u2013entre otras cosas- a dirigir a los toros con largas varas de tres metros llamadas garrochas y, en alg\u00fan que otro caso, <strong>tambi\u00e9n a la lidia<\/strong>.&#8221;<\/span><\/span><\/em><\/p>\n<p>Twitter:\u00a0<span class=\"x_DashboardProfileCard-screenname x_u-inlineBlock x_u-dir\"><a class=\"x_DashboardProfileCard-screennameLink x_u-linkComplex x_u-linkClean\" href=\"https:\/\/twitter.com\/cineylibertad\" target=\"_blank\">@<span class=\"x_u-linkComplex-target\">cineylibertad<\/span><\/a><\/span><\/p>\n","protected":false},"excerpt":{"rendered":"<p>1808: Bail\u00e9n-El ej\u00e9rcito y el pueblo unido derrotan a Napole\u00f3n. \u00bfPor qu\u00e9 es tan importante estar unidos para lograr un prop\u00f3sito?\u00a0 Aqu\u00ed puedes escuchar mi comentario:1808: Bail\u00e9n \u00a1Lectores y amigos de Cine y Libertad! Cascaborra Ediciones\u00a0 nos habla de su c\u00f3mic: La ocupaci\u00f3n francesa de Espa\u00f1a parece un \u00e9xito: Jos\u00e9 I Bonaparte ha sido coronado [&hellip;]<\/p>\n","protected":false},"author":7,"featured_media":1703,"comment_status":"open","ping_status":"open","sticky":false,"template":"","format":"standard","meta":{"footnotes":""},"categories":[3,4,43,133,13],"tags":[],"class_list":["post-1701","post","type-post","status-publish","format-standard","has-post-thumbnail","hentry","category-cine","category-comics","category-militares","category-mujeres","category-tebeos-espanoles"],"yoast_head":"<!-- This site is optimized with the Yoast SEO plugin v27.4 - https:\/\/yoast.com\/product\/yoast-seo-wordpress\/ -->\n<title>1808-bailen-el-ejercito-y-el-pueblo-unido-derrotan-a-napoleon<\/title>\n<meta name=\"description\" content=\"1808-bailen-el-ejercito-y-el-pueblo-unido-derrotan-a-napoleon 1808-bailen-el-ejercito-y-el-pueblo-unido-derrotan-a-napoleon\" \/>\n<meta name=\"robots\" content=\"index, follow, max-snippet:-1, max-image-preview:large, max-video-preview:-1\" \/>\n<link rel=\"canonical\" href=\"https:\/\/www.cope.es\/blogs\/cine-y-libertad\/2020\/03\/31\/1808-bailen-el-ejercito-y-el-pueblo-unido-derrotan-a-napoleon\/\" \/>\n<meta property=\"og:locale\" content=\"es_ES\" \/>\n<meta property=\"og:type\" content=\"article\" \/>\n<meta property=\"og:title\" content=\"1808-bailen-el-ejercito-y-el-pueblo-unido-derrotan-a-napoleon\" \/>\n<meta property=\"og:description\" content=\"1808-bailen-el-ejercito-y-el-pueblo-unido-derrotan-a-napoleon 1808-bailen-el-ejercito-y-el-pueblo-unido-derrotan-a-napoleon\" \/>\n<meta property=\"og:url\" content=\"https:\/\/www.cope.es\/blogs\/cine-y-libertad\/2020\/03\/31\/1808-bailen-el-ejercito-y-el-pueblo-unido-derrotan-a-napoleon\/\" \/>\n<meta property=\"og:site_name\" content=\"Cine y Libertad\" \/>\n<meta property=\"article:publisher\" content=\"https:\/\/www.facebook.com\/cope\/\" \/>\n<meta property=\"article:author\" content=\"https:\/\/www.facebook.com\/victor.alvarado.56829446\" \/>\n<meta property=\"article:published_time\" content=\"2020-03-31T20:50:59+00:00\" \/>\n<meta property=\"og:image\" content=\"https:\/\/www.cope.es\/blogs\/cine-y-libertad\/wp-content\/uploads\/sites\/7\/2020\/03\/1808-bailen-el-ejercito-y-el-pueblo-unido-derrotan-a-napoleon.jpg\" \/>\n\t<meta property=\"og:image:width\" content=\"225\" \/>\n\t<meta property=\"og:image:height\" content=\"225\" \/>\n\t<meta property=\"og:image:type\" content=\"image\/jpeg\" \/>\n<meta name=\"author\" content=\"V\u00edctor Alvarado\" \/>\n<meta name=\"twitter:card\" content=\"summary_large_image\" \/>\n<meta name=\"twitter:creator\" content=\"@cineylibertad\" \/>\n<meta name=\"twitter:site\" content=\"@cope_es\" \/>\n<meta name=\"twitter:label1\" content=\"Escrito por\" \/>\n\t<meta name=\"twitter:data1\" content=\"V\u00edctor Alvarado\" \/>\n\t<meta name=\"twitter:label2\" content=\"Tiempo de lectura\" \/>\n\t<meta name=\"twitter:data2\" content=\"2 minutos\" \/>\n<script type=\"application\/ld+json\" class=\"yoast-schema-graph\">{\"@context\":\"https:\\\/\\\/schema.org\",\"@graph\":[{\"@type\":\"Article\",\"@id\":\"https:\\\/\\\/www.cope.es\\\/blogs\\\/cine-y-libertad\\\/2020\\\/03\\\/31\\\/1808-bailen-el-ejercito-y-el-pueblo-unido-derrotan-a-napoleon\\\/#article\",\"isPartOf\":{\"@id\":\"https:\\\/\\\/www.cope.es\\\/blogs\\\/cine-y-libertad\\\/2020\\\/03\\\/31\\\/1808-bailen-el-ejercito-y-el-pueblo-unido-derrotan-a-napoleon\\\/\"},\"author\":{\"name\":\"V\u00edctor Alvarado\",\"@id\":\"https:\\\/\\\/www.cope.es\\\/blogs\\\/cine-y-libertad\\\/#\\\/schema\\\/person\\\/c95904a4fbf751a8d9124f8fa8bdaace\"},\"headline\":\"1808: Bail\u00e9n-El ej\u00e9rcito y el pueblo unido derrotan a Napole\u00f3n\",\"datePublished\":\"2020-03-31T20:50:59+00:00\",\"mainEntityOfPage\":{\"@id\":\"https:\\\/\\\/www.cope.es\\\/blogs\\\/cine-y-libertad\\\/2020\\\/03\\\/31\\\/1808-bailen-el-ejercito-y-el-pueblo-unido-derrotan-a-napoleon\\\/\"},\"wordCount\":321,\"commentCount\":0,\"image\":{\"@id\":\"https:\\\/\\\/www.cope.es\\\/blogs\\\/cine-y-libertad\\\/2020\\\/03\\\/31\\\/1808-bailen-el-ejercito-y-el-pueblo-unido-derrotan-a-napoleon\\\/#primaryimage\"},\"thumbnailUrl\":\"https:\\\/\\\/www.cope.es\\\/blogs\\\/cine-y-libertad\\\/wp-content\\\/uploads\\\/sites\\\/7\\\/2020\\\/03\\\/1808-bailen-el-ejercito-y-el-pueblo-unido-derrotan-a-napoleon.jpg\",\"articleSection\":[\"cine\",\"c\u00f3mics\",\"militares\",\"mujeres\",\"Tebeos espa\u00f1oles\"],\"inLanguage\":\"es\",\"potentialAction\":[{\"@type\":\"CommentAction\",\"name\":\"Comment\",\"target\":[\"https:\\\/\\\/www.cope.es\\\/blogs\\\/cine-y-libertad\\\/2020\\\/03\\\/31\\\/1808-bailen-el-ejercito-y-el-pueblo-unido-derrotan-a-napoleon\\\/#respond\"]}]},{\"@type\":\"WebPage\",\"@id\":\"https:\\\/\\\/www.cope.es\\\/blogs\\\/cine-y-libertad\\\/2020\\\/03\\\/31\\\/1808-bailen-el-ejercito-y-el-pueblo-unido-derrotan-a-napoleon\\\/\",\"url\":\"https:\\\/\\\/www.cope.es\\\/blogs\\\/cine-y-libertad\\\/2020\\\/03\\\/31\\\/1808-bailen-el-ejercito-y-el-pueblo-unido-derrotan-a-napoleon\\\/\",\"name\":\"1808-bailen-el-ejercito-y-el-pueblo-unido-derrotan-a-napoleon\",\"isPartOf\":{\"@id\":\"https:\\\/\\\/www.cope.es\\\/blogs\\\/cine-y-libertad\\\/#website\"},\"primaryImageOfPage\":{\"@id\":\"https:\\\/\\\/www.cope.es\\\/blogs\\\/cine-y-libertad\\\/2020\\\/03\\\/31\\\/1808-bailen-el-ejercito-y-el-pueblo-unido-derrotan-a-napoleon\\\/#primaryimage\"},\"image\":{\"@id\":\"https:\\\/\\\/www.cope.es\\\/blogs\\\/cine-y-libertad\\\/2020\\\/03\\\/31\\\/1808-bailen-el-ejercito-y-el-pueblo-unido-derrotan-a-napoleon\\\/#primaryimage\"},\"thumbnailUrl\":\"https:\\\/\\\/www.cope.es\\\/blogs\\\/cine-y-libertad\\\/wp-content\\\/uploads\\\/sites\\\/7\\\/2020\\\/03\\\/1808-bailen-el-ejercito-y-el-pueblo-unido-derrotan-a-napoleon.jpg\",\"datePublished\":\"2020-03-31T20:50:59+00:00\",\"author\":{\"@id\":\"https:\\\/\\\/www.cope.es\\\/blogs\\\/cine-y-libertad\\\/#\\\/schema\\\/person\\\/c95904a4fbf751a8d9124f8fa8bdaace\"},\"description\":\"1808-bailen-el-ejercito-y-el-pueblo-unido-derrotan-a-napoleon 1808-bailen-el-ejercito-y-el-pueblo-unido-derrotan-a-napoleon\",\"breadcrumb\":{\"@id\":\"https:\\\/\\\/www.cope.es\\\/blogs\\\/cine-y-libertad\\\/2020\\\/03\\\/31\\\/1808-bailen-el-ejercito-y-el-pueblo-unido-derrotan-a-napoleon\\\/#breadcrumb\"},\"inLanguage\":\"es\",\"potentialAction\":[{\"@type\":\"ReadAction\",\"target\":[\"https:\\\/\\\/www.cope.es\\\/blogs\\\/cine-y-libertad\\\/2020\\\/03\\\/31\\\/1808-bailen-el-ejercito-y-el-pueblo-unido-derrotan-a-napoleon\\\/\"]}]},{\"@type\":\"ImageObject\",\"inLanguage\":\"es\",\"@id\":\"https:\\\/\\\/www.cope.es\\\/blogs\\\/cine-y-libertad\\\/2020\\\/03\\\/31\\\/1808-bailen-el-ejercito-y-el-pueblo-unido-derrotan-a-napoleon\\\/#primaryimage\",\"url\":\"https:\\\/\\\/www.cope.es\\\/blogs\\\/cine-y-libertad\\\/wp-content\\\/uploads\\\/sites\\\/7\\\/2020\\\/03\\\/1808-bailen-el-ejercito-y-el-pueblo-unido-derrotan-a-napoleon.jpg\",\"contentUrl\":\"https:\\\/\\\/www.cope.es\\\/blogs\\\/cine-y-libertad\\\/wp-content\\\/uploads\\\/sites\\\/7\\\/2020\\\/03\\\/1808-bailen-el-ejercito-y-el-pueblo-unido-derrotan-a-napoleon.jpg\",\"width\":225,\"height\":225},{\"@type\":\"BreadcrumbList\",\"@id\":\"https:\\\/\\\/www.cope.es\\\/blogs\\\/cine-y-libertad\\\/2020\\\/03\\\/31\\\/1808-bailen-el-ejercito-y-el-pueblo-unido-derrotan-a-napoleon\\\/#breadcrumb\",\"itemListElement\":[{\"@type\":\"ListItem\",\"position\":1,\"name\":\"Portada\",\"item\":\"https:\\\/\\\/www.cope.es\\\/blogs\\\/cine-y-libertad\\\/\"},{\"@type\":\"ListItem\",\"position\":2,\"name\":\"1808: Bail\u00e9n-El ej\u00e9rcito y el pueblo unido derrotan a Napole\u00f3n\"}]},{\"@type\":\"WebSite\",\"@id\":\"https:\\\/\\\/www.cope.es\\\/blogs\\\/cine-y-libertad\\\/#website\",\"url\":\"https:\\\/\\\/www.cope.es\\\/blogs\\\/cine-y-libertad\\\/\",\"name\":\"Cine y Libertad\",\"description\":\"Cine y Libertad un blog de COPE\",\"potentialAction\":[{\"@type\":\"SearchAction\",\"target\":{\"@type\":\"EntryPoint\",\"urlTemplate\":\"https:\\\/\\\/www.cope.es\\\/blogs\\\/cine-y-libertad\\\/?s={search_term_string}\"},\"query-input\":{\"@type\":\"PropertyValueSpecification\",\"valueRequired\":true,\"valueName\":\"search_term_string\"}}],\"inLanguage\":\"es\"},{\"@type\":\"Person\",\"@id\":\"https:\\\/\\\/www.cope.es\\\/blogs\\\/cine-y-libertad\\\/#\\\/schema\\\/person\\\/c95904a4fbf751a8d9124f8fa8bdaace\",\"name\":\"V\u00edctor Alvarado\",\"image\":{\"@type\":\"ImageObject\",\"inLanguage\":\"es\",\"@id\":\"https:\\\/\\\/secure.gravatar.com\\\/avatar\\\/db4634ae2001f7f920b8294d926f3e737ada04196e014ebacae29a4848f905f4?s=96&d=mm&r=g\",\"url\":\"https:\\\/\\\/secure.gravatar.com\\\/avatar\\\/db4634ae2001f7f920b8294d926f3e737ada04196e014ebacae29a4848f905f4?s=96&d=mm&r=g\",\"contentUrl\":\"https:\\\/\\\/secure.gravatar.com\\\/avatar\\\/db4634ae2001f7f920b8294d926f3e737ada04196e014ebacae29a4848f905f4?s=96&d=mm&r=g\",\"caption\":\"V\u00edctor Alvarado\"},\"description\":\"V\u00edctor Alvarado tiene una larga experiencia tanto en medios de comunicaci\u00f3n como en educaci\u00f3n. Dirige el programa de radio, Directo a las Estrellas, en Intereconom\u00eda (Castilla y Le\u00f3n) y Informa Radio en toda Espa\u00f1a. Ha colaborado en Radio Inter y Esradio. Cr\u00edtico de cine en Pantalla 90, Diario Ya y P\u00e1ginas Digital. Es miembro del CEC. Es el autor de libro: La fe, la \u00e9tica y los valores de los superh\u00e9roes (PPC). Esta es su web: www.cineylibertad.com y, por supuesto, lleva m\u00e1s de 5 a\u00f1os como bloguero de Cope, donde analiza el cine, los c\u00f3mics y los libros desde una \u00f3ptica antropol\u00f3gica y axiol\u00f3gica, atendiendo a todas las dimensiones del ser humano.\",\"sameAs\":[\"http:\\\/\\\/www.cineylibertad.com\",\"https:\\\/\\\/www.facebook.com\\\/victor.alvarado.56829446\",\"https:\\\/\\\/www.instagram.com\\\/cineylibertad\\\/\",\"https:\\\/\\\/x.com\\\/cineylibertad\"],\"url\":\"https:\\\/\\\/www.cope.es\\\/blogs\\\/cine-y-libertad\\\/author\\\/valvarado\\\/\"}]}<\/script>\n<!-- \/ Yoast SEO plugin. -->","yoast_head_json":{"title":"1808-bailen-el-ejercito-y-el-pueblo-unido-derrotan-a-napoleon","description":"1808-bailen-el-ejercito-y-el-pueblo-unido-derrotan-a-napoleon 1808-bailen-el-ejercito-y-el-pueblo-unido-derrotan-a-napoleon","robots":{"index":"index","follow":"follow","max-snippet":"max-snippet:-1","max-image-preview":"max-image-preview:large","max-video-preview":"max-video-preview:-1"},"canonical":"https:\/\/www.cope.es\/blogs\/cine-y-libertad\/2020\/03\/31\/1808-bailen-el-ejercito-y-el-pueblo-unido-derrotan-a-napoleon\/","og_locale":"es_ES","og_type":"article","og_title":"1808-bailen-el-ejercito-y-el-pueblo-unido-derrotan-a-napoleon","og_description":"1808-bailen-el-ejercito-y-el-pueblo-unido-derrotan-a-napoleon 1808-bailen-el-ejercito-y-el-pueblo-unido-derrotan-a-napoleon","og_url":"https:\/\/www.cope.es\/blogs\/cine-y-libertad\/2020\/03\/31\/1808-bailen-el-ejercito-y-el-pueblo-unido-derrotan-a-napoleon\/","og_site_name":"Cine y Libertad","article_publisher":"https:\/\/www.facebook.com\/cope\/","article_author":"https:\/\/www.facebook.com\/victor.alvarado.56829446","article_published_time":"2020-03-31T20:50:59+00:00","og_image":[{"width":225,"height":225,"url":"https:\/\/www.cope.es\/blogs\/cine-y-libertad\/wp-content\/uploads\/sites\/7\/2020\/03\/1808-bailen-el-ejercito-y-el-pueblo-unido-derrotan-a-napoleon.jpg","type":"image\/jpeg"}],"author":"V\u00edctor Alvarado","twitter_card":"summary_large_image","twitter_creator":"@cineylibertad","twitter_site":"@cope_es","twitter_misc":{"Escrito por":"V\u00edctor Alvarado","Tiempo de lectura":"2 minutos"},"schema":{"@context":"https:\/\/schema.org","@graph":[{"@type":"Article","@id":"https:\/\/www.cope.es\/blogs\/cine-y-libertad\/2020\/03\/31\/1808-bailen-el-ejercito-y-el-pueblo-unido-derrotan-a-napoleon\/#article","isPartOf":{"@id":"https:\/\/www.cope.es\/blogs\/cine-y-libertad\/2020\/03\/31\/1808-bailen-el-ejercito-y-el-pueblo-unido-derrotan-a-napoleon\/"},"author":{"name":"V\u00edctor Alvarado","@id":"https:\/\/www.cope.es\/blogs\/cine-y-libertad\/#\/schema\/person\/c95904a4fbf751a8d9124f8fa8bdaace"},"headline":"1808: Bail\u00e9n-El ej\u00e9rcito y el pueblo unido derrotan a Napole\u00f3n","datePublished":"2020-03-31T20:50:59+00:00","mainEntityOfPage":{"@id":"https:\/\/www.cope.es\/blogs\/cine-y-libertad\/2020\/03\/31\/1808-bailen-el-ejercito-y-el-pueblo-unido-derrotan-a-napoleon\/"},"wordCount":321,"commentCount":0,"image":{"@id":"https:\/\/www.cope.es\/blogs\/cine-y-libertad\/2020\/03\/31\/1808-bailen-el-ejercito-y-el-pueblo-unido-derrotan-a-napoleon\/#primaryimage"},"thumbnailUrl":"https:\/\/www.cope.es\/blogs\/cine-y-libertad\/wp-content\/uploads\/sites\/7\/2020\/03\/1808-bailen-el-ejercito-y-el-pueblo-unido-derrotan-a-napoleon.jpg","articleSection":["cine","c\u00f3mics","militares","mujeres","Tebeos espa\u00f1oles"],"inLanguage":"es","potentialAction":[{"@type":"CommentAction","name":"Comment","target":["https:\/\/www.cope.es\/blogs\/cine-y-libertad\/2020\/03\/31\/1808-bailen-el-ejercito-y-el-pueblo-unido-derrotan-a-napoleon\/#respond"]}]},{"@type":"WebPage","@id":"https:\/\/www.cope.es\/blogs\/cine-y-libertad\/2020\/03\/31\/1808-bailen-el-ejercito-y-el-pueblo-unido-derrotan-a-napoleon\/","url":"https:\/\/www.cope.es\/blogs\/cine-y-libertad\/2020\/03\/31\/1808-bailen-el-ejercito-y-el-pueblo-unido-derrotan-a-napoleon\/","name":"1808-bailen-el-ejercito-y-el-pueblo-unido-derrotan-a-napoleon","isPartOf":{"@id":"https:\/\/www.cope.es\/blogs\/cine-y-libertad\/#website"},"primaryImageOfPage":{"@id":"https:\/\/www.cope.es\/blogs\/cine-y-libertad\/2020\/03\/31\/1808-bailen-el-ejercito-y-el-pueblo-unido-derrotan-a-napoleon\/#primaryimage"},"image":{"@id":"https:\/\/www.cope.es\/blogs\/cine-y-libertad\/2020\/03\/31\/1808-bailen-el-ejercito-y-el-pueblo-unido-derrotan-a-napoleon\/#primaryimage"},"thumbnailUrl":"https:\/\/www.cope.es\/blogs\/cine-y-libertad\/wp-content\/uploads\/sites\/7\/2020\/03\/1808-bailen-el-ejercito-y-el-pueblo-unido-derrotan-a-napoleon.jpg","datePublished":"2020-03-31T20:50:59+00:00","author":{"@id":"https:\/\/www.cope.es\/blogs\/cine-y-libertad\/#\/schema\/person\/c95904a4fbf751a8d9124f8fa8bdaace"},"description":"1808-bailen-el-ejercito-y-el-pueblo-unido-derrotan-a-napoleon 1808-bailen-el-ejercito-y-el-pueblo-unido-derrotan-a-napoleon","breadcrumb":{"@id":"https:\/\/www.cope.es\/blogs\/cine-y-libertad\/2020\/03\/31\/1808-bailen-el-ejercito-y-el-pueblo-unido-derrotan-a-napoleon\/#breadcrumb"},"inLanguage":"es","potentialAction":[{"@type":"ReadAction","target":["https:\/\/www.cope.es\/blogs\/cine-y-libertad\/2020\/03\/31\/1808-bailen-el-ejercito-y-el-pueblo-unido-derrotan-a-napoleon\/"]}]},{"@type":"ImageObject","inLanguage":"es","@id":"https:\/\/www.cope.es\/blogs\/cine-y-libertad\/2020\/03\/31\/1808-bailen-el-ejercito-y-el-pueblo-unido-derrotan-a-napoleon\/#primaryimage","url":"https:\/\/www.cope.es\/blogs\/cine-y-libertad\/wp-content\/uploads\/sites\/7\/2020\/03\/1808-bailen-el-ejercito-y-el-pueblo-unido-derrotan-a-napoleon.jpg","contentUrl":"https:\/\/www.cope.es\/blogs\/cine-y-libertad\/wp-content\/uploads\/sites\/7\/2020\/03\/1808-bailen-el-ejercito-y-el-pueblo-unido-derrotan-a-napoleon.jpg","width":225,"height":225},{"@type":"BreadcrumbList","@id":"https:\/\/www.cope.es\/blogs\/cine-y-libertad\/2020\/03\/31\/1808-bailen-el-ejercito-y-el-pueblo-unido-derrotan-a-napoleon\/#breadcrumb","itemListElement":[{"@type":"ListItem","position":1,"name":"Portada","item":"https:\/\/www.cope.es\/blogs\/cine-y-libertad\/"},{"@type":"ListItem","position":2,"name":"1808: Bail\u00e9n-El ej\u00e9rcito y el pueblo unido derrotan a Napole\u00f3n"}]},{"@type":"WebSite","@id":"https:\/\/www.cope.es\/blogs\/cine-y-libertad\/#website","url":"https:\/\/www.cope.es\/blogs\/cine-y-libertad\/","name":"Cine y Libertad","description":"Cine y Libertad un blog de COPE","potentialAction":[{"@type":"SearchAction","target":{"@type":"EntryPoint","urlTemplate":"https:\/\/www.cope.es\/blogs\/cine-y-libertad\/?s={search_term_string}"},"query-input":{"@type":"PropertyValueSpecification","valueRequired":true,"valueName":"search_term_string"}}],"inLanguage":"es"},{"@type":"Person","@id":"https:\/\/www.cope.es\/blogs\/cine-y-libertad\/#\/schema\/person\/c95904a4fbf751a8d9124f8fa8bdaace","name":"V\u00edctor Alvarado","image":{"@type":"ImageObject","inLanguage":"es","@id":"https:\/\/secure.gravatar.com\/avatar\/db4634ae2001f7f920b8294d926f3e737ada04196e014ebacae29a4848f905f4?s=96&d=mm&r=g","url":"https:\/\/secure.gravatar.com\/avatar\/db4634ae2001f7f920b8294d926f3e737ada04196e014ebacae29a4848f905f4?s=96&d=mm&r=g","contentUrl":"https:\/\/secure.gravatar.com\/avatar\/db4634ae2001f7f920b8294d926f3e737ada04196e014ebacae29a4848f905f4?s=96&d=mm&r=g","caption":"V\u00edctor Alvarado"},"description":"V\u00edctor Alvarado tiene una larga experiencia tanto en medios de comunicaci\u00f3n como en educaci\u00f3n. Dirige el programa de radio, Directo a las Estrellas, en Intereconom\u00eda (Castilla y Le\u00f3n) y Informa Radio en toda Espa\u00f1a. Ha colaborado en Radio Inter y Esradio. Cr\u00edtico de cine en Pantalla 90, Diario Ya y P\u00e1ginas Digital. Es miembro del CEC. Es el autor de libro: La fe, la \u00e9tica y los valores de los superh\u00e9roes (PPC). Esta es su web: www.cineylibertad.com y, por supuesto, lleva m\u00e1s de 5 a\u00f1os como bloguero de Cope, donde analiza el cine, los c\u00f3mics y los libros desde una \u00f3ptica antropol\u00f3gica y axiol\u00f3gica, atendiendo a todas las dimensiones del ser humano.","sameAs":["http:\/\/www.cineylibertad.com","https:\/\/www.facebook.com\/victor.alvarado.56829446","https:\/\/www.instagram.com\/cineylibertad\/","https:\/\/x.com\/cineylibertad"],"url":"https:\/\/www.cope.es\/blogs\/cine-y-libertad\/author\/valvarado\/"}]}},"amp_enabled":true,"_links":{"self":[{"href":"https:\/\/www.cope.es\/blogs\/cine-y-libertad\/wp-json\/wp\/v2\/posts\/1701","targetHints":{"allow":["GET"]}}],"collection":[{"href":"https:\/\/www.cope.es\/blogs\/cine-y-libertad\/wp-json\/wp\/v2\/posts"}],"about":[{"href":"https:\/\/www.cope.es\/blogs\/cine-y-libertad\/wp-json\/wp\/v2\/types\/post"}],"author":[{"embeddable":true,"href":"https:\/\/www.cope.es\/blogs\/cine-y-libertad\/wp-json\/wp\/v2\/users\/7"}],"replies":[{"embeddable":true,"href":"https:\/\/www.cope.es\/blogs\/cine-y-libertad\/wp-json\/wp\/v2\/comments?post=1701"}],"version-history":[{"count":2,"href":"https:\/\/www.cope.es\/blogs\/cine-y-libertad\/wp-json\/wp\/v2\/posts\/1701\/revisions"}],"predecessor-version":[{"id":1704,"href":"https:\/\/www.cope.es\/blogs\/cine-y-libertad\/wp-json\/wp\/v2\/posts\/1701\/revisions\/1704"}],"wp:featuredmedia":[{"embeddable":true,"href":"https:\/\/www.cope.es\/blogs\/cine-y-libertad\/wp-json\/wp\/v2\/media\/1703"}],"wp:attachment":[{"href":"https:\/\/www.cope.es\/blogs\/cine-y-libertad\/wp-json\/wp\/v2\/media?parent=1701"}],"wp:term":[{"taxonomy":"category","embeddable":true,"href":"https:\/\/www.cope.es\/blogs\/cine-y-libertad\/wp-json\/wp\/v2\/categories?post=1701"},{"taxonomy":"post_tag","embeddable":true,"href":"https:\/\/www.cope.es\/blogs\/cine-y-libertad\/wp-json\/wp\/v2\/tags?post=1701"}],"curies":[{"name":"wp","href":"https:\/\/api.w.org\/{rel}","templated":true}]}}