{"id":163,"date":"2018-03-28T11:13:28","date_gmt":"2018-03-28T09:13:28","guid":{"rendered":"http:\/\/www.cope.es\/blogs\/cine-y-libertad\/?p=163"},"modified":"2018-03-28T11:16:45","modified_gmt":"2018-03-28T09:16:45","slug":"pablo-el-apostol-de-cristo-la-vida-del-santo-desde-un-angulo-distinto","status":"publish","type":"post","link":"https:\/\/www.cope.es\/blogs\/cine-y-libertad\/2018\/03\/28\/pablo-el-apostol-de-cristo-la-vida-del-santo-desde-un-angulo-distinto\/","title":{"rendered":"Pablo, el ap\u00f3stol de Cristo-La vida del santo desde un \u00e1ngulo distinto"},"content":{"rendered":"<p><strong><img loading=\"lazy\" decoding=\"async\" width=\"134\" height=\"90\" class=\"alignnone size-full wp-image-164\" src=\"http:\/\/www.cope.es\/blogs\/cine-y-libertad\/wp-content\/uploads\/sites\/7\/2018\/03\/pablo-el-apostol-de-cristo_105380.jpg\" alt=\"\" \/><\/strong><\/p>\n<p>Seg\u00fan los grandes estudiosos, historiadores y te\u00f3logos, la figura del incansable viajero san Pablo resulta esencial en la expansi\u00f3n del cristianismo porque en su encuentro con el Resucitado entendi\u00f3 que esa buena noticia no s\u00f3lo estaba destinada a los jud\u00edos, sino que hab\u00eda que trasladarla a toda la humanidad.<\/p>\n<p>&nbsp;<\/p>\n<p>El cineasta Andrew Hyatt parece \u00a0tenerlo claro en su nuevo trabajo: <em>Pablo, el ap\u00f3stol de Cristo<\/em>. Para ello, el realizador ha contado con un buen reparto encabezado por Jim Caviezel, recordado por <em>La pasi\u00f3n de Cristo<\/em> y por su compromiso cristiano, al que acompa\u00f1an Olivier Mart\u00ednez, James Faulkner, Joanna Whalley y John Lynch.<\/p>\n<p>&nbsp;<\/p>\n<p>El director cont\u00f3 a la prensa la idea que hab\u00eda querido transmitir:<em>\u201dEs una pel\u00edcula religiosa que no reh\u00faye mostrar la realidad del miedo, el peligro y la persecuci\u00f3n que tuvieron que afrontar los primeros creyentes en tiempos de Ner\u00f3n&#8230; y sus asombrosos actos de fe, amor y servicio. Practicar la fe cristiana a menudo supon\u00eda una sentencia de muerte en la Antigua Roma, que sol\u00eda ejecutarse por medios espeluznantes. Pero, a pesar de todo ello, la iglesia de los primeros tiempos sigui\u00f3 adelante\u201d.<\/em> Sus creadores \u00a0\u00a0han hecho todo lo posible para mantenerse fieles a la Biblia en los detalles de la vida de Pablo y sus viajes. Luego crearon a una serie de personajes que interactuar\u00e1n con \u00e9l para entrelazar la trama dram\u00e1tica a lo largo de toda la pel\u00edcula.<\/p>\n<p>&nbsp;<\/p>\n<p>Para este trabajo se han unido varias productoras cat\u00f3licas y protestantes. Les resumimos brevemente el cometido de algunas de\u00a0 ellas:<\/p>\n<p>+ODB Films es un ministerio cat\u00f3lico dedicado a promover un encuentro con Cristo por medio de pel\u00edculas de gran riqueza espiritual y gran talento art\u00edstico.<\/p>\n<p>+Giving Films fue fundada por Richard L. Jackson y Fred Bernstein como filial de Astute Films, LLC para financiar y producir pel\u00edculas que susciten debates en torno a la fe.<\/p>\n<p>+AFFIRM Films, vinculada a Sony, produce, adquiere y comercializa pel\u00edculas que inspiran, alientan y entretienen a espectadores de todo el mundo. De esta productora han salido pel\u00edculas maravillosas con <em>Soul surfer, El cielo es real o Los milagros del cielo<\/em>.<\/p>\n<p>&nbsp;<\/p>\n<p>La presentaci\u00f3n de esta historia, que todos conocemos, desde otro punto de vista hace que todo lo que vemos nos parezca m\u00e1s original; es decir, desde la \u00f3ptica del m\u00e9dico y evangelista san Lucas con lo que no se hace mon\u00f3tona y, lo m\u00e1s importante, se mantiene bastante fiel, en lo esencial, a la vida de San Pablo. Las tramas secundarias enriquecen a la historia principal y sirven para que conozcamos detalles de las vivencias de los primeros cristianos que en su mayor\u00eda intentaban ser coherentes y fieles a las ense\u00f1anzas de Jes\u00fas de Nazaret.<\/p>\n<p>&nbsp;<\/p>\n<p>En contraposici\u00f3n con lo positivo, a esta producci\u00f3n le falta luz porque es demasiado oscura incluso en las escenas al aire libre. Nos parece un error grave no haber tenido en cuenta ese elemento, pues empa\u00f1a tanto el buen hacer del realizador como de los actores.<\/p>\n<p>Puedes escucharnos en: <a href=\"http:\/\/www.cineylibertad.com\/\">www.cineylibertad.com<\/a><\/p>\n<p>Twitter: <span class=\"x_DashboardProfileCard-screenname x_u-inlineBlock x_u-dir\"><a class=\"x_DashboardProfileCard-screennameLink x_u-linkComplex x_u-linkClean\" href=\"https:\/\/twitter.com\/cineylibertad\" target=\"_blank\">@<span class=\"x_u-linkComplex-target\">cineylibertad<\/span><\/a><\/span><\/p>\n<p>V\u00edctor Alvarado<\/p>\n","protected":false},"excerpt":{"rendered":"<p>Seg\u00fan los grandes estudiosos, historiadores y te\u00f3logos, la figura del incansable viajero san Pablo resulta esencial en la expansi\u00f3n del cristianismo porque en su encuentro con el Resucitado entendi\u00f3 que esa buena noticia no s\u00f3lo estaba destinada a los jud\u00edos, sino que hab\u00eda que trasladarla a toda la humanidad. &nbsp; El cineasta Andrew Hyatt parece [&hellip;]<\/p>\n","protected":false},"author":7,"featured_media":164,"comment_status":"open","ping_status":"open","sticky":false,"template":"","format":"standard","meta":{"footnotes":""},"categories":[3,4,12,5,11],"tags":[],"class_list":["post-163","post","type-post","status-publish","format-standard","has-post-thumbnail","hentry","category-cine","category-comics","category-cristianismo","category-libros","category-religion"],"yoast_head":"<!-- This site is optimized with the Yoast SEO plugin v27.4 - https:\/\/yoast.com\/product\/yoast-seo-wordpress\/ -->\n<title>Pablo, el ap\u00f3stol de Cristo-La vida del santo desde un \u00e1ngulo distinto - Cine y Libertad<\/title>\n<meta name=\"robots\" content=\"index, follow, max-snippet:-1, max-image-preview:large, max-video-preview:-1\" \/>\n<link rel=\"canonical\" href=\"https:\/\/www.cope.es\/blogs\/cine-y-libertad\/2018\/03\/28\/pablo-el-apostol-de-cristo-la-vida-del-santo-desde-un-angulo-distinto\/\" \/>\n<meta property=\"og:locale\" content=\"es_ES\" \/>\n<meta property=\"og:type\" content=\"article\" \/>\n<meta property=\"og:title\" content=\"Pablo, el ap\u00f3stol de Cristo-La vida del santo desde un \u00e1ngulo distinto - Cine y Libertad\" \/>\n<meta property=\"og:description\" content=\"Seg\u00fan los grandes estudiosos, historiadores y te\u00f3logos, la figura del incansable viajero san Pablo resulta esencial en la expansi\u00f3n del cristianismo porque en su encuentro con el Resucitado entendi\u00f3 que esa buena noticia no s\u00f3lo estaba destinada a los jud\u00edos, sino que hab\u00eda que trasladarla a toda la humanidad. &nbsp; El cineasta Andrew Hyatt parece [&hellip;]\" \/>\n<meta property=\"og:url\" content=\"https:\/\/www.cope.es\/blogs\/cine-y-libertad\/2018\/03\/28\/pablo-el-apostol-de-cristo-la-vida-del-santo-desde-un-angulo-distinto\/\" \/>\n<meta property=\"og:site_name\" content=\"Cine y Libertad\" \/>\n<meta property=\"article:publisher\" content=\"https:\/\/www.facebook.com\/cope\/\" \/>\n<meta property=\"article:author\" content=\"https:\/\/www.facebook.com\/victor.alvarado.56829446\" \/>\n<meta property=\"article:published_time\" content=\"2018-03-28T09:13:28+00:00\" \/>\n<meta property=\"article:modified_time\" content=\"2018-03-28T09:16:45+00:00\" \/>\n<meta property=\"og:image\" content=\"https:\/\/www.cope.es\/blogs\/cine-y-libertad\/wp-content\/uploads\/sites\/7\/2018\/03\/pablo-el-apostol-de-cristo_105380.jpg\" \/>\n\t<meta property=\"og:image:width\" content=\"134\" \/>\n\t<meta property=\"og:image:height\" content=\"90\" \/>\n\t<meta property=\"og:image:type\" content=\"image\/jpeg\" \/>\n<meta name=\"author\" content=\"V\u00edctor Alvarado\" \/>\n<meta name=\"twitter:card\" content=\"summary_large_image\" \/>\n<meta name=\"twitter:creator\" content=\"@cineylibertad\" \/>\n<meta name=\"twitter:site\" content=\"@cope_es\" \/>\n<meta name=\"twitter:label1\" content=\"Escrito por\" \/>\n\t<meta name=\"twitter:data1\" content=\"V\u00edctor Alvarado\" \/>\n\t<meta name=\"twitter:label2\" content=\"Tiempo de lectura\" \/>\n\t<meta name=\"twitter:data2\" content=\"3 minutos\" \/>\n<script type=\"application\/ld+json\" class=\"yoast-schema-graph\">{\"@context\":\"https:\\\/\\\/schema.org\",\"@graph\":[{\"@type\":\"Article\",\"@id\":\"https:\\\/\\\/www.cope.es\\\/blogs\\\/cine-y-libertad\\\/2018\\\/03\\\/28\\\/pablo-el-apostol-de-cristo-la-vida-del-santo-desde-un-angulo-distinto\\\/#article\",\"isPartOf\":{\"@id\":\"https:\\\/\\\/www.cope.es\\\/blogs\\\/cine-y-libertad\\\/2018\\\/03\\\/28\\\/pablo-el-apostol-de-cristo-la-vida-del-santo-desde-un-angulo-distinto\\\/\"},\"author\":{\"name\":\"V\u00edctor Alvarado\",\"@id\":\"https:\\\/\\\/www.cope.es\\\/blogs\\\/cine-y-libertad\\\/#\\\/schema\\\/person\\\/c95904a4fbf751a8d9124f8fa8bdaace\"},\"headline\":\"Pablo, el ap\u00f3stol de Cristo-La vida del santo desde un \u00e1ngulo distinto\",\"datePublished\":\"2018-03-28T09:13:28+00:00\",\"dateModified\":\"2018-03-28T09:16:45+00:00\",\"mainEntityOfPage\":{\"@id\":\"https:\\\/\\\/www.cope.es\\\/blogs\\\/cine-y-libertad\\\/2018\\\/03\\\/28\\\/pablo-el-apostol-de-cristo-la-vida-del-santo-desde-un-angulo-distinto\\\/\"},\"wordCount\":556,\"commentCount\":0,\"image\":{\"@id\":\"https:\\\/\\\/www.cope.es\\\/blogs\\\/cine-y-libertad\\\/2018\\\/03\\\/28\\\/pablo-el-apostol-de-cristo-la-vida-del-santo-desde-un-angulo-distinto\\\/#primaryimage\"},\"thumbnailUrl\":\"https:\\\/\\\/www.cope.es\\\/blogs\\\/cine-y-libertad\\\/wp-content\\\/uploads\\\/sites\\\/7\\\/2018\\\/03\\\/pablo-el-apostol-de-cristo_105380.jpg\",\"articleSection\":[\"cine\",\"c\u00f3mics\",\"cristianismo\",\"libros\",\"religi\u00f3n\"],\"inLanguage\":\"es\",\"potentialAction\":[{\"@type\":\"CommentAction\",\"name\":\"Comment\",\"target\":[\"https:\\\/\\\/www.cope.es\\\/blogs\\\/cine-y-libertad\\\/2018\\\/03\\\/28\\\/pablo-el-apostol-de-cristo-la-vida-del-santo-desde-un-angulo-distinto\\\/#respond\"]}]},{\"@type\":\"WebPage\",\"@id\":\"https:\\\/\\\/www.cope.es\\\/blogs\\\/cine-y-libertad\\\/2018\\\/03\\\/28\\\/pablo-el-apostol-de-cristo-la-vida-del-santo-desde-un-angulo-distinto\\\/\",\"url\":\"https:\\\/\\\/www.cope.es\\\/blogs\\\/cine-y-libertad\\\/2018\\\/03\\\/28\\\/pablo-el-apostol-de-cristo-la-vida-del-santo-desde-un-angulo-distinto\\\/\",\"name\":\"Pablo, el ap\u00f3stol de Cristo-La vida del santo desde un \u00e1ngulo distinto - Cine y Libertad\",\"isPartOf\":{\"@id\":\"https:\\\/\\\/www.cope.es\\\/blogs\\\/cine-y-libertad\\\/#website\"},\"primaryImageOfPage\":{\"@id\":\"https:\\\/\\\/www.cope.es\\\/blogs\\\/cine-y-libertad\\\/2018\\\/03\\\/28\\\/pablo-el-apostol-de-cristo-la-vida-del-santo-desde-un-angulo-distinto\\\/#primaryimage\"},\"image\":{\"@id\":\"https:\\\/\\\/www.cope.es\\\/blogs\\\/cine-y-libertad\\\/2018\\\/03\\\/28\\\/pablo-el-apostol-de-cristo-la-vida-del-santo-desde-un-angulo-distinto\\\/#primaryimage\"},\"thumbnailUrl\":\"https:\\\/\\\/www.cope.es\\\/blogs\\\/cine-y-libertad\\\/wp-content\\\/uploads\\\/sites\\\/7\\\/2018\\\/03\\\/pablo-el-apostol-de-cristo_105380.jpg\",\"datePublished\":\"2018-03-28T09:13:28+00:00\",\"dateModified\":\"2018-03-28T09:16:45+00:00\",\"author\":{\"@id\":\"https:\\\/\\\/www.cope.es\\\/blogs\\\/cine-y-libertad\\\/#\\\/schema\\\/person\\\/c95904a4fbf751a8d9124f8fa8bdaace\"},\"breadcrumb\":{\"@id\":\"https:\\\/\\\/www.cope.es\\\/blogs\\\/cine-y-libertad\\\/2018\\\/03\\\/28\\\/pablo-el-apostol-de-cristo-la-vida-del-santo-desde-un-angulo-distinto\\\/#breadcrumb\"},\"inLanguage\":\"es\",\"potentialAction\":[{\"@type\":\"ReadAction\",\"target\":[\"https:\\\/\\\/www.cope.es\\\/blogs\\\/cine-y-libertad\\\/2018\\\/03\\\/28\\\/pablo-el-apostol-de-cristo-la-vida-del-santo-desde-un-angulo-distinto\\\/\"]}]},{\"@type\":\"ImageObject\",\"inLanguage\":\"es\",\"@id\":\"https:\\\/\\\/www.cope.es\\\/blogs\\\/cine-y-libertad\\\/2018\\\/03\\\/28\\\/pablo-el-apostol-de-cristo-la-vida-del-santo-desde-un-angulo-distinto\\\/#primaryimage\",\"url\":\"https:\\\/\\\/www.cope.es\\\/blogs\\\/cine-y-libertad\\\/wp-content\\\/uploads\\\/sites\\\/7\\\/2018\\\/03\\\/pablo-el-apostol-de-cristo_105380.jpg\",\"contentUrl\":\"https:\\\/\\\/www.cope.es\\\/blogs\\\/cine-y-libertad\\\/wp-content\\\/uploads\\\/sites\\\/7\\\/2018\\\/03\\\/pablo-el-apostol-de-cristo_105380.jpg\",\"width\":134,\"height\":90},{\"@type\":\"BreadcrumbList\",\"@id\":\"https:\\\/\\\/www.cope.es\\\/blogs\\\/cine-y-libertad\\\/2018\\\/03\\\/28\\\/pablo-el-apostol-de-cristo-la-vida-del-santo-desde-un-angulo-distinto\\\/#breadcrumb\",\"itemListElement\":[{\"@type\":\"ListItem\",\"position\":1,\"name\":\"Portada\",\"item\":\"https:\\\/\\\/www.cope.es\\\/blogs\\\/cine-y-libertad\\\/\"},{\"@type\":\"ListItem\",\"position\":2,\"name\":\"Pablo, el ap\u00f3stol de Cristo-La vida del santo desde un \u00e1ngulo distinto\"}]},{\"@type\":\"WebSite\",\"@id\":\"https:\\\/\\\/www.cope.es\\\/blogs\\\/cine-y-libertad\\\/#website\",\"url\":\"https:\\\/\\\/www.cope.es\\\/blogs\\\/cine-y-libertad\\\/\",\"name\":\"Cine y Libertad\",\"description\":\"Cine y Libertad un blog de COPE\",\"potentialAction\":[{\"@type\":\"SearchAction\",\"target\":{\"@type\":\"EntryPoint\",\"urlTemplate\":\"https:\\\/\\\/www.cope.es\\\/blogs\\\/cine-y-libertad\\\/?s={search_term_string}\"},\"query-input\":{\"@type\":\"PropertyValueSpecification\",\"valueRequired\":true,\"valueName\":\"search_term_string\"}}],\"inLanguage\":\"es\"},{\"@type\":\"Person\",\"@id\":\"https:\\\/\\\/www.cope.es\\\/blogs\\\/cine-y-libertad\\\/#\\\/schema\\\/person\\\/c95904a4fbf751a8d9124f8fa8bdaace\",\"name\":\"V\u00edctor Alvarado\",\"image\":{\"@type\":\"ImageObject\",\"inLanguage\":\"es\",\"@id\":\"https:\\\/\\\/secure.gravatar.com\\\/avatar\\\/db4634ae2001f7f920b8294d926f3e737ada04196e014ebacae29a4848f905f4?s=96&d=mm&r=g\",\"url\":\"https:\\\/\\\/secure.gravatar.com\\\/avatar\\\/db4634ae2001f7f920b8294d926f3e737ada04196e014ebacae29a4848f905f4?s=96&d=mm&r=g\",\"contentUrl\":\"https:\\\/\\\/secure.gravatar.com\\\/avatar\\\/db4634ae2001f7f920b8294d926f3e737ada04196e014ebacae29a4848f905f4?s=96&d=mm&r=g\",\"caption\":\"V\u00edctor Alvarado\"},\"description\":\"V\u00edctor Alvarado tiene una larga experiencia tanto en medios de comunicaci\u00f3n como en educaci\u00f3n. Dirige el programa de radio, Directo a las Estrellas, en Intereconom\u00eda (Castilla y Le\u00f3n) y Informa Radio en toda Espa\u00f1a. Ha colaborado en Radio Inter y Esradio. Cr\u00edtico de cine en Pantalla 90, Diario Ya y P\u00e1ginas Digital. Es miembro del CEC. Es el autor de libro: La fe, la \u00e9tica y los valores de los superh\u00e9roes (PPC). Esta es su web: www.cineylibertad.com y, por supuesto, lleva m\u00e1s de 5 a\u00f1os como bloguero de Cope, donde analiza el cine, los c\u00f3mics y los libros desde una \u00f3ptica antropol\u00f3gica y axiol\u00f3gica, atendiendo a todas las dimensiones del ser humano.\",\"sameAs\":[\"http:\\\/\\\/www.cineylibertad.com\",\"https:\\\/\\\/www.facebook.com\\\/victor.alvarado.56829446\",\"https:\\\/\\\/www.instagram.com\\\/cineylibertad\\\/\",\"https:\\\/\\\/x.com\\\/cineylibertad\"],\"url\":\"https:\\\/\\\/www.cope.es\\\/blogs\\\/cine-y-libertad\\\/author\\\/valvarado\\\/\"}]}<\/script>\n<!-- \/ Yoast SEO plugin. -->","yoast_head_json":{"title":"Pablo, el ap\u00f3stol de Cristo-La vida del santo desde un \u00e1ngulo distinto - Cine y Libertad","robots":{"index":"index","follow":"follow","max-snippet":"max-snippet:-1","max-image-preview":"max-image-preview:large","max-video-preview":"max-video-preview:-1"},"canonical":"https:\/\/www.cope.es\/blogs\/cine-y-libertad\/2018\/03\/28\/pablo-el-apostol-de-cristo-la-vida-del-santo-desde-un-angulo-distinto\/","og_locale":"es_ES","og_type":"article","og_title":"Pablo, el ap\u00f3stol de Cristo-La vida del santo desde un \u00e1ngulo distinto - Cine y Libertad","og_description":"Seg\u00fan los grandes estudiosos, historiadores y te\u00f3logos, la figura del incansable viajero san Pablo resulta esencial en la expansi\u00f3n del cristianismo porque en su encuentro con el Resucitado entendi\u00f3 que esa buena noticia no s\u00f3lo estaba destinada a los jud\u00edos, sino que hab\u00eda que trasladarla a toda la humanidad. &nbsp; El cineasta Andrew Hyatt parece [&hellip;]","og_url":"https:\/\/www.cope.es\/blogs\/cine-y-libertad\/2018\/03\/28\/pablo-el-apostol-de-cristo-la-vida-del-santo-desde-un-angulo-distinto\/","og_site_name":"Cine y Libertad","article_publisher":"https:\/\/www.facebook.com\/cope\/","article_author":"https:\/\/www.facebook.com\/victor.alvarado.56829446","article_published_time":"2018-03-28T09:13:28+00:00","article_modified_time":"2018-03-28T09:16:45+00:00","og_image":[{"width":134,"height":90,"url":"https:\/\/www.cope.es\/blogs\/cine-y-libertad\/wp-content\/uploads\/sites\/7\/2018\/03\/pablo-el-apostol-de-cristo_105380.jpg","type":"image\/jpeg"}],"author":"V\u00edctor Alvarado","twitter_card":"summary_large_image","twitter_creator":"@cineylibertad","twitter_site":"@cope_es","twitter_misc":{"Escrito por":"V\u00edctor Alvarado","Tiempo de lectura":"3 minutos"},"schema":{"@context":"https:\/\/schema.org","@graph":[{"@type":"Article","@id":"https:\/\/www.cope.es\/blogs\/cine-y-libertad\/2018\/03\/28\/pablo-el-apostol-de-cristo-la-vida-del-santo-desde-un-angulo-distinto\/#article","isPartOf":{"@id":"https:\/\/www.cope.es\/blogs\/cine-y-libertad\/2018\/03\/28\/pablo-el-apostol-de-cristo-la-vida-del-santo-desde-un-angulo-distinto\/"},"author":{"name":"V\u00edctor Alvarado","@id":"https:\/\/www.cope.es\/blogs\/cine-y-libertad\/#\/schema\/person\/c95904a4fbf751a8d9124f8fa8bdaace"},"headline":"Pablo, el ap\u00f3stol de Cristo-La vida del santo desde un \u00e1ngulo distinto","datePublished":"2018-03-28T09:13:28+00:00","dateModified":"2018-03-28T09:16:45+00:00","mainEntityOfPage":{"@id":"https:\/\/www.cope.es\/blogs\/cine-y-libertad\/2018\/03\/28\/pablo-el-apostol-de-cristo-la-vida-del-santo-desde-un-angulo-distinto\/"},"wordCount":556,"commentCount":0,"image":{"@id":"https:\/\/www.cope.es\/blogs\/cine-y-libertad\/2018\/03\/28\/pablo-el-apostol-de-cristo-la-vida-del-santo-desde-un-angulo-distinto\/#primaryimage"},"thumbnailUrl":"https:\/\/www.cope.es\/blogs\/cine-y-libertad\/wp-content\/uploads\/sites\/7\/2018\/03\/pablo-el-apostol-de-cristo_105380.jpg","articleSection":["cine","c\u00f3mics","cristianismo","libros","religi\u00f3n"],"inLanguage":"es","potentialAction":[{"@type":"CommentAction","name":"Comment","target":["https:\/\/www.cope.es\/blogs\/cine-y-libertad\/2018\/03\/28\/pablo-el-apostol-de-cristo-la-vida-del-santo-desde-un-angulo-distinto\/#respond"]}]},{"@type":"WebPage","@id":"https:\/\/www.cope.es\/blogs\/cine-y-libertad\/2018\/03\/28\/pablo-el-apostol-de-cristo-la-vida-del-santo-desde-un-angulo-distinto\/","url":"https:\/\/www.cope.es\/blogs\/cine-y-libertad\/2018\/03\/28\/pablo-el-apostol-de-cristo-la-vida-del-santo-desde-un-angulo-distinto\/","name":"Pablo, el ap\u00f3stol de Cristo-La vida del santo desde un \u00e1ngulo distinto - Cine y Libertad","isPartOf":{"@id":"https:\/\/www.cope.es\/blogs\/cine-y-libertad\/#website"},"primaryImageOfPage":{"@id":"https:\/\/www.cope.es\/blogs\/cine-y-libertad\/2018\/03\/28\/pablo-el-apostol-de-cristo-la-vida-del-santo-desde-un-angulo-distinto\/#primaryimage"},"image":{"@id":"https:\/\/www.cope.es\/blogs\/cine-y-libertad\/2018\/03\/28\/pablo-el-apostol-de-cristo-la-vida-del-santo-desde-un-angulo-distinto\/#primaryimage"},"thumbnailUrl":"https:\/\/www.cope.es\/blogs\/cine-y-libertad\/wp-content\/uploads\/sites\/7\/2018\/03\/pablo-el-apostol-de-cristo_105380.jpg","datePublished":"2018-03-28T09:13:28+00:00","dateModified":"2018-03-28T09:16:45+00:00","author":{"@id":"https:\/\/www.cope.es\/blogs\/cine-y-libertad\/#\/schema\/person\/c95904a4fbf751a8d9124f8fa8bdaace"},"breadcrumb":{"@id":"https:\/\/www.cope.es\/blogs\/cine-y-libertad\/2018\/03\/28\/pablo-el-apostol-de-cristo-la-vida-del-santo-desde-un-angulo-distinto\/#breadcrumb"},"inLanguage":"es","potentialAction":[{"@type":"ReadAction","target":["https:\/\/www.cope.es\/blogs\/cine-y-libertad\/2018\/03\/28\/pablo-el-apostol-de-cristo-la-vida-del-santo-desde-un-angulo-distinto\/"]}]},{"@type":"ImageObject","inLanguage":"es","@id":"https:\/\/www.cope.es\/blogs\/cine-y-libertad\/2018\/03\/28\/pablo-el-apostol-de-cristo-la-vida-del-santo-desde-un-angulo-distinto\/#primaryimage","url":"https:\/\/www.cope.es\/blogs\/cine-y-libertad\/wp-content\/uploads\/sites\/7\/2018\/03\/pablo-el-apostol-de-cristo_105380.jpg","contentUrl":"https:\/\/www.cope.es\/blogs\/cine-y-libertad\/wp-content\/uploads\/sites\/7\/2018\/03\/pablo-el-apostol-de-cristo_105380.jpg","width":134,"height":90},{"@type":"BreadcrumbList","@id":"https:\/\/www.cope.es\/blogs\/cine-y-libertad\/2018\/03\/28\/pablo-el-apostol-de-cristo-la-vida-del-santo-desde-un-angulo-distinto\/#breadcrumb","itemListElement":[{"@type":"ListItem","position":1,"name":"Portada","item":"https:\/\/www.cope.es\/blogs\/cine-y-libertad\/"},{"@type":"ListItem","position":2,"name":"Pablo, el ap\u00f3stol de Cristo-La vida del santo desde un \u00e1ngulo distinto"}]},{"@type":"WebSite","@id":"https:\/\/www.cope.es\/blogs\/cine-y-libertad\/#website","url":"https:\/\/www.cope.es\/blogs\/cine-y-libertad\/","name":"Cine y Libertad","description":"Cine y Libertad un blog de COPE","potentialAction":[{"@type":"SearchAction","target":{"@type":"EntryPoint","urlTemplate":"https:\/\/www.cope.es\/blogs\/cine-y-libertad\/?s={search_term_string}"},"query-input":{"@type":"PropertyValueSpecification","valueRequired":true,"valueName":"search_term_string"}}],"inLanguage":"es"},{"@type":"Person","@id":"https:\/\/www.cope.es\/blogs\/cine-y-libertad\/#\/schema\/person\/c95904a4fbf751a8d9124f8fa8bdaace","name":"V\u00edctor Alvarado","image":{"@type":"ImageObject","inLanguage":"es","@id":"https:\/\/secure.gravatar.com\/avatar\/db4634ae2001f7f920b8294d926f3e737ada04196e014ebacae29a4848f905f4?s=96&d=mm&r=g","url":"https:\/\/secure.gravatar.com\/avatar\/db4634ae2001f7f920b8294d926f3e737ada04196e014ebacae29a4848f905f4?s=96&d=mm&r=g","contentUrl":"https:\/\/secure.gravatar.com\/avatar\/db4634ae2001f7f920b8294d926f3e737ada04196e014ebacae29a4848f905f4?s=96&d=mm&r=g","caption":"V\u00edctor Alvarado"},"description":"V\u00edctor Alvarado tiene una larga experiencia tanto en medios de comunicaci\u00f3n como en educaci\u00f3n. Dirige el programa de radio, Directo a las Estrellas, en Intereconom\u00eda (Castilla y Le\u00f3n) y Informa Radio en toda Espa\u00f1a. Ha colaborado en Radio Inter y Esradio. Cr\u00edtico de cine en Pantalla 90, Diario Ya y P\u00e1ginas Digital. Es miembro del CEC. Es el autor de libro: La fe, la \u00e9tica y los valores de los superh\u00e9roes (PPC). Esta es su web: www.cineylibertad.com y, por supuesto, lleva m\u00e1s de 5 a\u00f1os como bloguero de Cope, donde analiza el cine, los c\u00f3mics y los libros desde una \u00f3ptica antropol\u00f3gica y axiol\u00f3gica, atendiendo a todas las dimensiones del ser humano.","sameAs":["http:\/\/www.cineylibertad.com","https:\/\/www.facebook.com\/victor.alvarado.56829446","https:\/\/www.instagram.com\/cineylibertad\/","https:\/\/x.com\/cineylibertad"],"url":"https:\/\/www.cope.es\/blogs\/cine-y-libertad\/author\/valvarado\/"}]}},"amp_enabled":true,"_links":{"self":[{"href":"https:\/\/www.cope.es\/blogs\/cine-y-libertad\/wp-json\/wp\/v2\/posts\/163","targetHints":{"allow":["GET"]}}],"collection":[{"href":"https:\/\/www.cope.es\/blogs\/cine-y-libertad\/wp-json\/wp\/v2\/posts"}],"about":[{"href":"https:\/\/www.cope.es\/blogs\/cine-y-libertad\/wp-json\/wp\/v2\/types\/post"}],"author":[{"embeddable":true,"href":"https:\/\/www.cope.es\/blogs\/cine-y-libertad\/wp-json\/wp\/v2\/users\/7"}],"replies":[{"embeddable":true,"href":"https:\/\/www.cope.es\/blogs\/cine-y-libertad\/wp-json\/wp\/v2\/comments?post=163"}],"version-history":[{"count":2,"href":"https:\/\/www.cope.es\/blogs\/cine-y-libertad\/wp-json\/wp\/v2\/posts\/163\/revisions"}],"predecessor-version":[{"id":166,"href":"https:\/\/www.cope.es\/blogs\/cine-y-libertad\/wp-json\/wp\/v2\/posts\/163\/revisions\/166"}],"wp:featuredmedia":[{"embeddable":true,"href":"https:\/\/www.cope.es\/blogs\/cine-y-libertad\/wp-json\/wp\/v2\/media\/164"}],"wp:attachment":[{"href":"https:\/\/www.cope.es\/blogs\/cine-y-libertad\/wp-json\/wp\/v2\/media?parent=163"}],"wp:term":[{"taxonomy":"category","embeddable":true,"href":"https:\/\/www.cope.es\/blogs\/cine-y-libertad\/wp-json\/wp\/v2\/categories?post=163"},{"taxonomy":"post_tag","embeddable":true,"href":"https:\/\/www.cope.es\/blogs\/cine-y-libertad\/wp-json\/wp\/v2\/tags?post=163"}],"curies":[{"name":"wp","href":"https:\/\/api.w.org\/{rel}","templated":true}]}}