{"id":1616,"date":"2020-03-01T13:46:43","date_gmt":"2020-03-01T12:46:43","guid":{"rendered":"http:\/\/www.cope.es\/blogs\/cine-y-libertad\/?p=1616"},"modified":"2020-03-08T11:24:39","modified_gmt":"2020-03-08T10:24:39","slug":"cuestion-de-justicia-la-pena-de-muerte-puesta-en-cuestion","status":"publish","type":"post","link":"https:\/\/www.cope.es\/blogs\/cine-y-libertad\/2020\/03\/01\/cuestion-de-justicia-la-pena-de-muerte-puesta-en-cuestion\/","title":{"rendered":"Cuesti\u00f3n de justicia-La pena de muerte puesta en cuesti\u00f3n"},"content":{"rendered":"<p>Cuesti\u00f3n de justicia-La pena de muerte puesta en cuesti\u00f3n. \u00bfNuestra amistad con Dios puede indicarnos el camino de nuestra vocaci\u00f3n profesional? Puedes escuchar mi comentario:<a title=\"Cuesti\u00f3n de justicia-la pena de muerte puesta en cuesti\u00f3n\" href=\"http:\/\/www.cineylibertad.com\/cuestion-de-justicia-la-pena-de-muerte-puesta-en-cuestion\/\">Cuesti\u00f3n de justicia<\/a><\/p>\n<p><img loading=\"lazy\" decoding=\"async\" width=\"286\" height=\"176\" class=\"alignnone size-full wp-image-1617\" src=\"http:\/\/www.cope.es\/blogs\/cine-y-libertad\/wp-content\/uploads\/sites\/7\/2020\/03\/cuestion-de-justicia-la-pena-de-muerte-puesta-en-cuestion.jpg\" alt=\"\" \/><\/p>\n<p>Sinopsis oficial:<\/p>\n<p>Cuenta la historia del joven abogado Bryan Stevenson y de su hist\u00f3rica batalla por la justicia. Despu\u00e9s de graduarse en Harvard, Bryan recibe ofertas de trabajo muy lucrativas. Pero \u00e9l prefiere poner rumbo a Alabama para defender a personas que han sido condenadas err\u00f3neamente o que carec\u00edan de recursos para tener una representaci\u00f3n legal adecuada, y lo hace con el apoyo de la activista local Eva Ansley. Uno de sus primeros y m\u00e1s turbulentos casos es el de Walter McMillian, que en 1987 fue sentenciado a la pena muerte por el asesinato de una chica de 18 a\u00f1os, a pesar de que las pruebas demostraban ostensiblemente su inocencia. Adem\u00e1s, el \u00fanico testimonio en su contra proven\u00eda de un delincuente que ten\u00eda motivos para mentir.<\/p>\n<p>Puedes escucharnos en: <a href=\"http:\/\/www.cineylibertad.com\/\">www.cineylibertad.com<\/a><\/p>\n<p>Twitter: <span class=\"x_DashboardProfileCard-screenname x_u-inlineBlock x_u-dir\"><a class=\"x_DashboardProfileCard-screennameLink x_u-linkComplex x_u-linkClean\" href=\"https:\/\/twitter.com\/cineylibertad\" target=\"_blank\">@<span class=\"x_u-linkComplex-target\">cineylibertad<\/span><\/a><\/span><\/p>\n<p>V\u00edctor Alvarado<\/p>\n","protected":false},"excerpt":{"rendered":"<p>Cuesti\u00f3n de justicia-La pena de muerte puesta en cuesti\u00f3n. \u00bfNuestra amistad con Dios puede indicarnos el camino de nuestra vocaci\u00f3n profesional? Puedes escuchar mi comentario:Cuesti\u00f3n de justicia Sinopsis oficial: Cuenta la historia del joven abogado Bryan Stevenson y de su hist\u00f3rica batalla por la justicia. Despu\u00e9s de graduarse en Harvard, Bryan recibe ofertas de trabajo [&hellip;]<\/p>\n","protected":false},"author":7,"featured_media":1617,"comment_status":"open","ping_status":"open","sticky":false,"template":"","format":"standard","meta":{"footnotes":""},"categories":[131,3,12,25,125,17,211],"tags":[],"class_list":["post-1616","post","type-post","status-publish","format-standard","has-post-thumbnail","hentry","category-amistad","category-cine","category-cristianismo","category-dignidad","category-drama","category-hollywood","category-justicia"],"yoast_head":"<!-- This site is optimized with the Yoast SEO plugin v27.4 - https:\/\/yoast.com\/product\/yoast-seo-wordpress\/ -->\n<title>Cuesti\u00f3n de justicia-La pena de muerte puesta en cuesti\u00f3n<\/title>\n<meta name=\"description\" content=\"Cuesti\u00f3n de justicia-La pena de muerte puesta en cuesti\u00f3n Cuesti\u00f3n de justicia-La pena de muerte puesta en cuesti\u00f3n La pena de muerte puesta en cuesti\u00f3n\" \/>\n<meta name=\"robots\" content=\"index, follow, max-snippet:-1, max-image-preview:large, max-video-preview:-1\" \/>\n<link rel=\"canonical\" href=\"https:\/\/www.cope.es\/blogs\/cine-y-libertad\/2020\/03\/01\/cuestion-de-justicia-la-pena-de-muerte-puesta-en-cuestion\/\" \/>\n<meta property=\"og:locale\" content=\"es_ES\" \/>\n<meta property=\"og:type\" content=\"article\" \/>\n<meta property=\"og:title\" content=\"Cuesti\u00f3n de justicia-La pena de muerte puesta en cuesti\u00f3n\" \/>\n<meta property=\"og:description\" content=\"Cuesti\u00f3n de justicia-La pena de muerte puesta en cuesti\u00f3n Cuesti\u00f3n de justicia-La pena de muerte puesta en cuesti\u00f3n La pena de muerte puesta en cuesti\u00f3n\" \/>\n<meta property=\"og:url\" content=\"https:\/\/www.cope.es\/blogs\/cine-y-libertad\/2020\/03\/01\/cuestion-de-justicia-la-pena-de-muerte-puesta-en-cuestion\/\" \/>\n<meta property=\"og:site_name\" content=\"Cine y Libertad\" \/>\n<meta property=\"article:publisher\" content=\"https:\/\/www.facebook.com\/cope\/\" \/>\n<meta property=\"article:author\" content=\"https:\/\/www.facebook.com\/victor.alvarado.56829446\" \/>\n<meta property=\"article:published_time\" content=\"2020-03-01T12:46:43+00:00\" \/>\n<meta property=\"article:modified_time\" content=\"2020-03-08T10:24:39+00:00\" \/>\n<meta property=\"og:image\" content=\"https:\/\/www.cope.es\/blogs\/cine-y-libertad\/wp-content\/uploads\/sites\/7\/2020\/03\/cuestion-de-justicia-la-pena-de-muerte-puesta-en-cuestion.jpg\" \/>\n\t<meta property=\"og:image:width\" content=\"286\" \/>\n\t<meta property=\"og:image:height\" content=\"176\" \/>\n\t<meta property=\"og:image:type\" content=\"image\/jpeg\" \/>\n<meta name=\"author\" content=\"V\u00edctor Alvarado\" \/>\n<meta name=\"twitter:card\" content=\"summary_large_image\" \/>\n<meta name=\"twitter:creator\" content=\"@cineylibertad\" \/>\n<meta name=\"twitter:site\" content=\"@cope_es\" \/>\n<meta name=\"twitter:label1\" content=\"Escrito por\" \/>\n\t<meta name=\"twitter:data1\" content=\"V\u00edctor Alvarado\" \/>\n\t<meta name=\"twitter:label2\" content=\"Tiempo de lectura\" \/>\n\t<meta name=\"twitter:data2\" content=\"1 minuto\" \/>\n<script type=\"application\/ld+json\" class=\"yoast-schema-graph\">{\"@context\":\"https:\\\/\\\/schema.org\",\"@graph\":[{\"@type\":\"Article\",\"@id\":\"https:\\\/\\\/www.cope.es\\\/blogs\\\/cine-y-libertad\\\/2020\\\/03\\\/01\\\/cuestion-de-justicia-la-pena-de-muerte-puesta-en-cuestion\\\/#article\",\"isPartOf\":{\"@id\":\"https:\\\/\\\/www.cope.es\\\/blogs\\\/cine-y-libertad\\\/2020\\\/03\\\/01\\\/cuestion-de-justicia-la-pena-de-muerte-puesta-en-cuestion\\\/\"},\"author\":{\"name\":\"V\u00edctor Alvarado\",\"@id\":\"https:\\\/\\\/www.cope.es\\\/blogs\\\/cine-y-libertad\\\/#\\\/schema\\\/person\\\/c95904a4fbf751a8d9124f8fa8bdaace\"},\"headline\":\"Cuesti\u00f3n de justicia-La pena de muerte puesta en cuesti\u00f3n\",\"datePublished\":\"2020-03-01T12:46:43+00:00\",\"dateModified\":\"2020-03-08T10:24:39+00:00\",\"mainEntityOfPage\":{\"@id\":\"https:\\\/\\\/www.cope.es\\\/blogs\\\/cine-y-libertad\\\/2020\\\/03\\\/01\\\/cuestion-de-justicia-la-pena-de-muerte-puesta-en-cuestion\\\/\"},\"wordCount\":188,\"commentCount\":0,\"image\":{\"@id\":\"https:\\\/\\\/www.cope.es\\\/blogs\\\/cine-y-libertad\\\/2020\\\/03\\\/01\\\/cuestion-de-justicia-la-pena-de-muerte-puesta-en-cuestion\\\/#primaryimage\"},\"thumbnailUrl\":\"https:\\\/\\\/www.cope.es\\\/blogs\\\/cine-y-libertad\\\/wp-content\\\/uploads\\\/sites\\\/7\\\/2020\\\/03\\\/cuestion-de-justicia-la-pena-de-muerte-puesta-en-cuestion.jpg\",\"articleSection\":[\"amistad\",\"cine\",\"cristianismo\",\"dignidad\",\"drama\",\"Hollywood\",\"justicia\"],\"inLanguage\":\"es\",\"potentialAction\":[{\"@type\":\"CommentAction\",\"name\":\"Comment\",\"target\":[\"https:\\\/\\\/www.cope.es\\\/blogs\\\/cine-y-libertad\\\/2020\\\/03\\\/01\\\/cuestion-de-justicia-la-pena-de-muerte-puesta-en-cuestion\\\/#respond\"]}]},{\"@type\":\"WebPage\",\"@id\":\"https:\\\/\\\/www.cope.es\\\/blogs\\\/cine-y-libertad\\\/2020\\\/03\\\/01\\\/cuestion-de-justicia-la-pena-de-muerte-puesta-en-cuestion\\\/\",\"url\":\"https:\\\/\\\/www.cope.es\\\/blogs\\\/cine-y-libertad\\\/2020\\\/03\\\/01\\\/cuestion-de-justicia-la-pena-de-muerte-puesta-en-cuestion\\\/\",\"name\":\"Cuesti\u00f3n de justicia-La pena de muerte puesta en cuesti\u00f3n\",\"isPartOf\":{\"@id\":\"https:\\\/\\\/www.cope.es\\\/blogs\\\/cine-y-libertad\\\/#website\"},\"primaryImageOfPage\":{\"@id\":\"https:\\\/\\\/www.cope.es\\\/blogs\\\/cine-y-libertad\\\/2020\\\/03\\\/01\\\/cuestion-de-justicia-la-pena-de-muerte-puesta-en-cuestion\\\/#primaryimage\"},\"image\":{\"@id\":\"https:\\\/\\\/www.cope.es\\\/blogs\\\/cine-y-libertad\\\/2020\\\/03\\\/01\\\/cuestion-de-justicia-la-pena-de-muerte-puesta-en-cuestion\\\/#primaryimage\"},\"thumbnailUrl\":\"https:\\\/\\\/www.cope.es\\\/blogs\\\/cine-y-libertad\\\/wp-content\\\/uploads\\\/sites\\\/7\\\/2020\\\/03\\\/cuestion-de-justicia-la-pena-de-muerte-puesta-en-cuestion.jpg\",\"datePublished\":\"2020-03-01T12:46:43+00:00\",\"dateModified\":\"2020-03-08T10:24:39+00:00\",\"author\":{\"@id\":\"https:\\\/\\\/www.cope.es\\\/blogs\\\/cine-y-libertad\\\/#\\\/schema\\\/person\\\/c95904a4fbf751a8d9124f8fa8bdaace\"},\"description\":\"Cuesti\u00f3n de justicia-La pena de muerte puesta en cuesti\u00f3n Cuesti\u00f3n de justicia-La pena de muerte puesta en cuesti\u00f3n La pena de muerte puesta en cuesti\u00f3n\",\"breadcrumb\":{\"@id\":\"https:\\\/\\\/www.cope.es\\\/blogs\\\/cine-y-libertad\\\/2020\\\/03\\\/01\\\/cuestion-de-justicia-la-pena-de-muerte-puesta-en-cuestion\\\/#breadcrumb\"},\"inLanguage\":\"es\",\"potentialAction\":[{\"@type\":\"ReadAction\",\"target\":[\"https:\\\/\\\/www.cope.es\\\/blogs\\\/cine-y-libertad\\\/2020\\\/03\\\/01\\\/cuestion-de-justicia-la-pena-de-muerte-puesta-en-cuestion\\\/\"]}]},{\"@type\":\"ImageObject\",\"inLanguage\":\"es\",\"@id\":\"https:\\\/\\\/www.cope.es\\\/blogs\\\/cine-y-libertad\\\/2020\\\/03\\\/01\\\/cuestion-de-justicia-la-pena-de-muerte-puesta-en-cuestion\\\/#primaryimage\",\"url\":\"https:\\\/\\\/www.cope.es\\\/blogs\\\/cine-y-libertad\\\/wp-content\\\/uploads\\\/sites\\\/7\\\/2020\\\/03\\\/cuestion-de-justicia-la-pena-de-muerte-puesta-en-cuestion.jpg\",\"contentUrl\":\"https:\\\/\\\/www.cope.es\\\/blogs\\\/cine-y-libertad\\\/wp-content\\\/uploads\\\/sites\\\/7\\\/2020\\\/03\\\/cuestion-de-justicia-la-pena-de-muerte-puesta-en-cuestion.jpg\",\"width\":286,\"height\":176},{\"@type\":\"BreadcrumbList\",\"@id\":\"https:\\\/\\\/www.cope.es\\\/blogs\\\/cine-y-libertad\\\/2020\\\/03\\\/01\\\/cuestion-de-justicia-la-pena-de-muerte-puesta-en-cuestion\\\/#breadcrumb\",\"itemListElement\":[{\"@type\":\"ListItem\",\"position\":1,\"name\":\"Portada\",\"item\":\"https:\\\/\\\/www.cope.es\\\/blogs\\\/cine-y-libertad\\\/\"},{\"@type\":\"ListItem\",\"position\":2,\"name\":\"Cuesti\u00f3n de justicia-La pena de muerte puesta en cuesti\u00f3n\"}]},{\"@type\":\"WebSite\",\"@id\":\"https:\\\/\\\/www.cope.es\\\/blogs\\\/cine-y-libertad\\\/#website\",\"url\":\"https:\\\/\\\/www.cope.es\\\/blogs\\\/cine-y-libertad\\\/\",\"name\":\"Cine y Libertad\",\"description\":\"Cine y Libertad un blog de COPE\",\"potentialAction\":[{\"@type\":\"SearchAction\",\"target\":{\"@type\":\"EntryPoint\",\"urlTemplate\":\"https:\\\/\\\/www.cope.es\\\/blogs\\\/cine-y-libertad\\\/?s={search_term_string}\"},\"query-input\":{\"@type\":\"PropertyValueSpecification\",\"valueRequired\":true,\"valueName\":\"search_term_string\"}}],\"inLanguage\":\"es\"},{\"@type\":\"Person\",\"@id\":\"https:\\\/\\\/www.cope.es\\\/blogs\\\/cine-y-libertad\\\/#\\\/schema\\\/person\\\/c95904a4fbf751a8d9124f8fa8bdaace\",\"name\":\"V\u00edctor Alvarado\",\"image\":{\"@type\":\"ImageObject\",\"inLanguage\":\"es\",\"@id\":\"https:\\\/\\\/secure.gravatar.com\\\/avatar\\\/db4634ae2001f7f920b8294d926f3e737ada04196e014ebacae29a4848f905f4?s=96&d=mm&r=g\",\"url\":\"https:\\\/\\\/secure.gravatar.com\\\/avatar\\\/db4634ae2001f7f920b8294d926f3e737ada04196e014ebacae29a4848f905f4?s=96&d=mm&r=g\",\"contentUrl\":\"https:\\\/\\\/secure.gravatar.com\\\/avatar\\\/db4634ae2001f7f920b8294d926f3e737ada04196e014ebacae29a4848f905f4?s=96&d=mm&r=g\",\"caption\":\"V\u00edctor Alvarado\"},\"description\":\"V\u00edctor Alvarado tiene una larga experiencia tanto en medios de comunicaci\u00f3n como en educaci\u00f3n. Dirige el programa de radio, Directo a las Estrellas, en Intereconom\u00eda (Castilla y Le\u00f3n) y Informa Radio en toda Espa\u00f1a. Ha colaborado en Radio Inter y Esradio. Cr\u00edtico de cine en Pantalla 90, Diario Ya y P\u00e1ginas Digital. Es miembro del CEC. Es el autor de libro: La fe, la \u00e9tica y los valores de los superh\u00e9roes (PPC). Esta es su web: www.cineylibertad.com y, por supuesto, lleva m\u00e1s de 5 a\u00f1os como bloguero de Cope, donde analiza el cine, los c\u00f3mics y los libros desde una \u00f3ptica antropol\u00f3gica y axiol\u00f3gica, atendiendo a todas las dimensiones del ser humano.\",\"sameAs\":[\"http:\\\/\\\/www.cineylibertad.com\",\"https:\\\/\\\/www.facebook.com\\\/victor.alvarado.56829446\",\"https:\\\/\\\/www.instagram.com\\\/cineylibertad\\\/\",\"https:\\\/\\\/x.com\\\/cineylibertad\"],\"url\":\"https:\\\/\\\/www.cope.es\\\/blogs\\\/cine-y-libertad\\\/author\\\/valvarado\\\/\"}]}<\/script>\n<!-- \/ Yoast SEO plugin. -->","yoast_head_json":{"title":"Cuesti\u00f3n de justicia-La pena de muerte puesta en cuesti\u00f3n","description":"Cuesti\u00f3n de justicia-La pena de muerte puesta en cuesti\u00f3n Cuesti\u00f3n de justicia-La pena de muerte puesta en cuesti\u00f3n La pena de muerte puesta en cuesti\u00f3n","robots":{"index":"index","follow":"follow","max-snippet":"max-snippet:-1","max-image-preview":"max-image-preview:large","max-video-preview":"max-video-preview:-1"},"canonical":"https:\/\/www.cope.es\/blogs\/cine-y-libertad\/2020\/03\/01\/cuestion-de-justicia-la-pena-de-muerte-puesta-en-cuestion\/","og_locale":"es_ES","og_type":"article","og_title":"Cuesti\u00f3n de justicia-La pena de muerte puesta en cuesti\u00f3n","og_description":"Cuesti\u00f3n de justicia-La pena de muerte puesta en cuesti\u00f3n Cuesti\u00f3n de justicia-La pena de muerte puesta en cuesti\u00f3n La pena de muerte puesta en cuesti\u00f3n","og_url":"https:\/\/www.cope.es\/blogs\/cine-y-libertad\/2020\/03\/01\/cuestion-de-justicia-la-pena-de-muerte-puesta-en-cuestion\/","og_site_name":"Cine y Libertad","article_publisher":"https:\/\/www.facebook.com\/cope\/","article_author":"https:\/\/www.facebook.com\/victor.alvarado.56829446","article_published_time":"2020-03-01T12:46:43+00:00","article_modified_time":"2020-03-08T10:24:39+00:00","og_image":[{"width":286,"height":176,"url":"https:\/\/www.cope.es\/blogs\/cine-y-libertad\/wp-content\/uploads\/sites\/7\/2020\/03\/cuestion-de-justicia-la-pena-de-muerte-puesta-en-cuestion.jpg","type":"image\/jpeg"}],"author":"V\u00edctor Alvarado","twitter_card":"summary_large_image","twitter_creator":"@cineylibertad","twitter_site":"@cope_es","twitter_misc":{"Escrito por":"V\u00edctor Alvarado","Tiempo de lectura":"1 minuto"},"schema":{"@context":"https:\/\/schema.org","@graph":[{"@type":"Article","@id":"https:\/\/www.cope.es\/blogs\/cine-y-libertad\/2020\/03\/01\/cuestion-de-justicia-la-pena-de-muerte-puesta-en-cuestion\/#article","isPartOf":{"@id":"https:\/\/www.cope.es\/blogs\/cine-y-libertad\/2020\/03\/01\/cuestion-de-justicia-la-pena-de-muerte-puesta-en-cuestion\/"},"author":{"name":"V\u00edctor Alvarado","@id":"https:\/\/www.cope.es\/blogs\/cine-y-libertad\/#\/schema\/person\/c95904a4fbf751a8d9124f8fa8bdaace"},"headline":"Cuesti\u00f3n de justicia-La pena de muerte puesta en cuesti\u00f3n","datePublished":"2020-03-01T12:46:43+00:00","dateModified":"2020-03-08T10:24:39+00:00","mainEntityOfPage":{"@id":"https:\/\/www.cope.es\/blogs\/cine-y-libertad\/2020\/03\/01\/cuestion-de-justicia-la-pena-de-muerte-puesta-en-cuestion\/"},"wordCount":188,"commentCount":0,"image":{"@id":"https:\/\/www.cope.es\/blogs\/cine-y-libertad\/2020\/03\/01\/cuestion-de-justicia-la-pena-de-muerte-puesta-en-cuestion\/#primaryimage"},"thumbnailUrl":"https:\/\/www.cope.es\/blogs\/cine-y-libertad\/wp-content\/uploads\/sites\/7\/2020\/03\/cuestion-de-justicia-la-pena-de-muerte-puesta-en-cuestion.jpg","articleSection":["amistad","cine","cristianismo","dignidad","drama","Hollywood","justicia"],"inLanguage":"es","potentialAction":[{"@type":"CommentAction","name":"Comment","target":["https:\/\/www.cope.es\/blogs\/cine-y-libertad\/2020\/03\/01\/cuestion-de-justicia-la-pena-de-muerte-puesta-en-cuestion\/#respond"]}]},{"@type":"WebPage","@id":"https:\/\/www.cope.es\/blogs\/cine-y-libertad\/2020\/03\/01\/cuestion-de-justicia-la-pena-de-muerte-puesta-en-cuestion\/","url":"https:\/\/www.cope.es\/blogs\/cine-y-libertad\/2020\/03\/01\/cuestion-de-justicia-la-pena-de-muerte-puesta-en-cuestion\/","name":"Cuesti\u00f3n de justicia-La pena de muerte puesta en cuesti\u00f3n","isPartOf":{"@id":"https:\/\/www.cope.es\/blogs\/cine-y-libertad\/#website"},"primaryImageOfPage":{"@id":"https:\/\/www.cope.es\/blogs\/cine-y-libertad\/2020\/03\/01\/cuestion-de-justicia-la-pena-de-muerte-puesta-en-cuestion\/#primaryimage"},"image":{"@id":"https:\/\/www.cope.es\/blogs\/cine-y-libertad\/2020\/03\/01\/cuestion-de-justicia-la-pena-de-muerte-puesta-en-cuestion\/#primaryimage"},"thumbnailUrl":"https:\/\/www.cope.es\/blogs\/cine-y-libertad\/wp-content\/uploads\/sites\/7\/2020\/03\/cuestion-de-justicia-la-pena-de-muerte-puesta-en-cuestion.jpg","datePublished":"2020-03-01T12:46:43+00:00","dateModified":"2020-03-08T10:24:39+00:00","author":{"@id":"https:\/\/www.cope.es\/blogs\/cine-y-libertad\/#\/schema\/person\/c95904a4fbf751a8d9124f8fa8bdaace"},"description":"Cuesti\u00f3n de justicia-La pena de muerte puesta en cuesti\u00f3n Cuesti\u00f3n de justicia-La pena de muerte puesta en cuesti\u00f3n La pena de muerte puesta en cuesti\u00f3n","breadcrumb":{"@id":"https:\/\/www.cope.es\/blogs\/cine-y-libertad\/2020\/03\/01\/cuestion-de-justicia-la-pena-de-muerte-puesta-en-cuestion\/#breadcrumb"},"inLanguage":"es","potentialAction":[{"@type":"ReadAction","target":["https:\/\/www.cope.es\/blogs\/cine-y-libertad\/2020\/03\/01\/cuestion-de-justicia-la-pena-de-muerte-puesta-en-cuestion\/"]}]},{"@type":"ImageObject","inLanguage":"es","@id":"https:\/\/www.cope.es\/blogs\/cine-y-libertad\/2020\/03\/01\/cuestion-de-justicia-la-pena-de-muerte-puesta-en-cuestion\/#primaryimage","url":"https:\/\/www.cope.es\/blogs\/cine-y-libertad\/wp-content\/uploads\/sites\/7\/2020\/03\/cuestion-de-justicia-la-pena-de-muerte-puesta-en-cuestion.jpg","contentUrl":"https:\/\/www.cope.es\/blogs\/cine-y-libertad\/wp-content\/uploads\/sites\/7\/2020\/03\/cuestion-de-justicia-la-pena-de-muerte-puesta-en-cuestion.jpg","width":286,"height":176},{"@type":"BreadcrumbList","@id":"https:\/\/www.cope.es\/blogs\/cine-y-libertad\/2020\/03\/01\/cuestion-de-justicia-la-pena-de-muerte-puesta-en-cuestion\/#breadcrumb","itemListElement":[{"@type":"ListItem","position":1,"name":"Portada","item":"https:\/\/www.cope.es\/blogs\/cine-y-libertad\/"},{"@type":"ListItem","position":2,"name":"Cuesti\u00f3n de justicia-La pena de muerte puesta en cuesti\u00f3n"}]},{"@type":"WebSite","@id":"https:\/\/www.cope.es\/blogs\/cine-y-libertad\/#website","url":"https:\/\/www.cope.es\/blogs\/cine-y-libertad\/","name":"Cine y Libertad","description":"Cine y Libertad un blog de COPE","potentialAction":[{"@type":"SearchAction","target":{"@type":"EntryPoint","urlTemplate":"https:\/\/www.cope.es\/blogs\/cine-y-libertad\/?s={search_term_string}"},"query-input":{"@type":"PropertyValueSpecification","valueRequired":true,"valueName":"search_term_string"}}],"inLanguage":"es"},{"@type":"Person","@id":"https:\/\/www.cope.es\/blogs\/cine-y-libertad\/#\/schema\/person\/c95904a4fbf751a8d9124f8fa8bdaace","name":"V\u00edctor Alvarado","image":{"@type":"ImageObject","inLanguage":"es","@id":"https:\/\/secure.gravatar.com\/avatar\/db4634ae2001f7f920b8294d926f3e737ada04196e014ebacae29a4848f905f4?s=96&d=mm&r=g","url":"https:\/\/secure.gravatar.com\/avatar\/db4634ae2001f7f920b8294d926f3e737ada04196e014ebacae29a4848f905f4?s=96&d=mm&r=g","contentUrl":"https:\/\/secure.gravatar.com\/avatar\/db4634ae2001f7f920b8294d926f3e737ada04196e014ebacae29a4848f905f4?s=96&d=mm&r=g","caption":"V\u00edctor Alvarado"},"description":"V\u00edctor Alvarado tiene una larga experiencia tanto en medios de comunicaci\u00f3n como en educaci\u00f3n. Dirige el programa de radio, Directo a las Estrellas, en Intereconom\u00eda (Castilla y Le\u00f3n) y Informa Radio en toda Espa\u00f1a. Ha colaborado en Radio Inter y Esradio. Cr\u00edtico de cine en Pantalla 90, Diario Ya y P\u00e1ginas Digital. Es miembro del CEC. Es el autor de libro: La fe, la \u00e9tica y los valores de los superh\u00e9roes (PPC). Esta es su web: www.cineylibertad.com y, por supuesto, lleva m\u00e1s de 5 a\u00f1os como bloguero de Cope, donde analiza el cine, los c\u00f3mics y los libros desde una \u00f3ptica antropol\u00f3gica y axiol\u00f3gica, atendiendo a todas las dimensiones del ser humano.","sameAs":["http:\/\/www.cineylibertad.com","https:\/\/www.facebook.com\/victor.alvarado.56829446","https:\/\/www.instagram.com\/cineylibertad\/","https:\/\/x.com\/cineylibertad"],"url":"https:\/\/www.cope.es\/blogs\/cine-y-libertad\/author\/valvarado\/"}]}},"amp_enabled":true,"_links":{"self":[{"href":"https:\/\/www.cope.es\/blogs\/cine-y-libertad\/wp-json\/wp\/v2\/posts\/1616","targetHints":{"allow":["GET"]}}],"collection":[{"href":"https:\/\/www.cope.es\/blogs\/cine-y-libertad\/wp-json\/wp\/v2\/posts"}],"about":[{"href":"https:\/\/www.cope.es\/blogs\/cine-y-libertad\/wp-json\/wp\/v2\/types\/post"}],"author":[{"embeddable":true,"href":"https:\/\/www.cope.es\/blogs\/cine-y-libertad\/wp-json\/wp\/v2\/users\/7"}],"replies":[{"embeddable":true,"href":"https:\/\/www.cope.es\/blogs\/cine-y-libertad\/wp-json\/wp\/v2\/comments?post=1616"}],"version-history":[{"count":1,"href":"https:\/\/www.cope.es\/blogs\/cine-y-libertad\/wp-json\/wp\/v2\/posts\/1616\/revisions"}],"predecessor-version":[{"id":1618,"href":"https:\/\/www.cope.es\/blogs\/cine-y-libertad\/wp-json\/wp\/v2\/posts\/1616\/revisions\/1618"}],"wp:featuredmedia":[{"embeddable":true,"href":"https:\/\/www.cope.es\/blogs\/cine-y-libertad\/wp-json\/wp\/v2\/media\/1617"}],"wp:attachment":[{"href":"https:\/\/www.cope.es\/blogs\/cine-y-libertad\/wp-json\/wp\/v2\/media?parent=1616"}],"wp:term":[{"taxonomy":"category","embeddable":true,"href":"https:\/\/www.cope.es\/blogs\/cine-y-libertad\/wp-json\/wp\/v2\/categories?post=1616"},{"taxonomy":"post_tag","embeddable":true,"href":"https:\/\/www.cope.es\/blogs\/cine-y-libertad\/wp-json\/wp\/v2\/tags?post=1616"}],"curies":[{"name":"wp","href":"https:\/\/api.w.org\/{rel}","templated":true}]}}