{"id":1542,"date":"2020-02-01T23:25:52","date_gmt":"2020-02-01T22:25:52","guid":{"rendered":"http:\/\/www.cope.es\/blogs\/cine-y-libertad\/?p=1542"},"modified":"2020-02-01T23:25:52","modified_gmt":"2020-02-01T22:25:52","slug":"todas-estas-peliculas-se-merecen-el-oscar-2020","status":"publish","type":"post","link":"https:\/\/www.cope.es\/blogs\/cine-y-libertad\/2020\/02\/01\/todas-estas-peliculas-se-merecen-el-oscar-2020\/","title":{"rendered":"Todas estas pel\u00edculas se merecen el \u00d3scar 2020"},"content":{"rendered":"<p>Todas estas pel\u00edculas se merecen el \u00d3scar 2020. El nivel de este a\u00f1o es tan alto que todas las pel\u00edculas que hoy les presentamos hubiesen ganado el \u00d3scar en\u00a0 cualquier otra gala.<\/p>\n<p><img loading=\"lazy\" decoding=\"async\" width=\"299\" height=\"168\" class=\"alignnone size-full wp-image-1546\" src=\"http:\/\/www.cope.es\/blogs\/cine-y-libertad\/wp-content\/uploads\/sites\/7\/2020\/02\/todas-estas-peliculas-se-merecen-el-oscar-2020-2.jpg\" alt=\"\" \/><\/p>\n<p>&nbsp;<\/p>\n<p>1917. Relato antibelicista y destellos de esperanza para un oscarizable.\u00bfQu\u00e9 es lo que convierte en h\u00e9roe a una persona? Puedes escuchar mi comentario:<a title=\"1917-Cinta antibelicista y destellos de esperanza para un oscarizable Mendes\" href=\"http:\/\/www.cineylibertad.com\/1917-cinta-antibelicista-y-destellos-de-esperanza-para-un-oscarizable-mendes\/\">1917<\/a><\/p>\n<p><img loading=\"lazy\" decoding=\"async\" width=\"298\" height=\"169\" class=\"alignnone size-full wp-image-1480\" src=\"https:\/\/www.cope.es\/blogs\/cine-y-libertad\/wp-content\/uploads\/sites\/7\/2020\/01\/1917-relato-antibelicista-y-destellos-de-esperanza-para-un-oscarizable.jpg\" alt=\"\" \/><\/p>\n<p>Sinopsis oficial:<\/p>\n<p>Durante la I Guerra Mundial, Schofield y Blake, dos j\u00f3venes oficiales brit\u00e1nicos, son encomendados a cumplir una misi\u00f3n imposible: adentrarse en lo m\u00e1s profundo de las l\u00edneas enemigas para entregar un mensaje. Por si la peligrosidad de la misi\u00f3n no fuese ya suficiente, tambi\u00e9n los soldados se mostrar\u00e1n contrarios a asumir semejantes riesgos.<\/p>\n<p>&nbsp;<\/p>\n<p>Mujercitas-Los valores universales de una joya con aroma a \u00d3scar.\u00bfPor qu\u00e9 necesitamos sentirnos amados y amar?\u00bfLa fe en Dios nos invita a perdonar y a compartir? Puedes escuchar mi comentario:<a title=\"Mujercitas-Los valores universales de una joya con aroma a \u00d3scar\" href=\"http:\/\/www.cineylibertad.com\/mujercitas-los-valores-universales-de-una-joya-con-aroma-a-oscar\/\">Mujercitas<\/a><\/p>\n<p><img loading=\"lazy\" decoding=\"async\" width=\"300\" height=\"236\" class=\"alignnone size-medium wp-image-1452\" src=\"https:\/\/www.cope.es\/blogs\/cine-y-libertad\/wp-content\/uploads\/sites\/7\/2020\/01\/mujercitas-los-valores-universales-de-una-joya-con-aroma-a-oscar-300x236.jpg\" alt=\"\" srcset=\"https:\/\/www.cope.es\/blogs\/cine-y-libertad\/wp-content\/uploads\/sites\/7\/2020\/01\/mujercitas-los-valores-universales-de-una-joya-con-aroma-a-oscar-300x236.jpg 300w, https:\/\/www.cope.es\/blogs\/cine-y-libertad\/wp-content\/uploads\/sites\/7\/2020\/01\/mujercitas-los-valores-universales-de-una-joya-con-aroma-a-oscar-450x354.jpg 450w, https:\/\/www.cope.es\/blogs\/cine-y-libertad\/wp-content\/uploads\/sites\/7\/2020\/01\/mujercitas-los-valores-universales-de-una-joya-con-aroma-a-oscar.jpg 600w\" sizes=\"auto, (max-width: 300px) 100vw, 300px\" \/><\/p>\n<p>Sinopsis oficial:<\/p>\n<p>La directora y guionista Greta Gerwig (Lady Bird) ha creado una Mujercitas que se inspira tanto en la novela cl\u00e1sica como en los escritos de Louisa May Alcott, y se desarrolla mientras el alter ego de la autora, Jo March, reflexiona sobre su vida ficticia. En la versi\u00f3n de Gerwig, la querida historia de las hermanas March -cuatro j\u00f3venes mujeres decididas a vivir la vida seg\u00fan sus propias normas- es atemporal y a la vez de total actualidad. Los personajes de Jo, Meg, Amy y Beth March, est\u00e1n interpretados por Saoirse Ronan, Emma Watson, Florence Pugh y Eliza Scanlen, con Timoth\u00e9e Chalamet como su vecino Laurie, Laura Dern como Marmee, y Meryl Streep como la T\u00eda March.<\/p>\n<p>&nbsp;<\/p>\n<p>Le Mans\u00b466-\u00bfSe puede ser una estrella del deporte y a la vez buena persona? Puedes escuchar mi comentario:<a title=\"Le Mans\u00b466-La amistad y el amor en una pel\u00edcula de carreras\" href=\"http:\/\/www.cineylibertad.com\/le-mans66-la-amistad-y-el-amor-en-una-pelicula-de-carreras\/\">Le Mans\u00b466<\/a><\/p>\n<p><img loading=\"lazy\" decoding=\"async\" width=\"260\" height=\"194\" class=\"alignnone size-full wp-image-1299\" src=\"https:\/\/www.cope.es\/blogs\/cine-y-libertad\/wp-content\/uploads\/sites\/7\/2019\/11\/zzzzzz.jpg\" alt=\"\" \/><\/p>\n<p>Sinopsis oficial:<\/p>\n<p>Basada en la historia real del visionario dise\u00f1ador americano de autom\u00f3viles Carroll Shelby y el intr\u00e9pido piloto brit\u00e1nico Ken Miles, que se enfrentaron juntos a los obst\u00e1culos corporativos, las leyes de la f\u00edsica y sus demonios personales para construir un revolucionario coche de carreras para Ford Motor Company y acabaron con el dominio de los b\u00f3lidos de Enzo Ferrari en las 24 Horas de Le Mans en Francia en 1966.<\/p>\n<p>&nbsp;<\/p>\n<p>\u00c9rase una vez Hollywood-\u00bfQu\u00e9 hubiera pasado si\u2026? Puedes escuchar mi comentario:<a title=\"\u00c9rase una vez en Hollywood-Un Tarantino a contracorriente que arrasa en la taquilla (contiene spoiler)\" href=\"http:\/\/www.cineylibertad.com\/erase-una-vez-en-hollywood-un-tarantino-a-contracorriente-que-arrasa-en-la-taquilla-contiene-spoiler\/\">\u00c9rase una vez en Hollywood-Un Tarantino a contracorriente que arrasa en la taquilla (contiene spoiler)<\/a><\/p>\n<p><img loading=\"lazy\" decoding=\"async\" width=\"300\" height=\"168\" class=\"alignnone size-medium wp-image-1141\" src=\"https:\/\/www.cope.es\/blogs\/cine-y-libertad\/wp-content\/uploads\/sites\/7\/2019\/09\/er-300x168.jpg\" alt=\"\" \/><\/p>\n<p>Sin\u00f3psis oficial:<\/p>\n<p>En Los Angeles, en 1969, la industria est\u00e1 mutando otra vez y el actor Rick Dalton se nota cada vez m\u00e1s caduco y pasado de moda, debiendo conformarse con papeles de villano en westerns televisivos. La inseguridad y el alcohol son las notas predominantes en su d\u00eda a d\u00eda. Afortunadamente tiene a su amigo Cliff Booth, quien lleva a\u00f1os ejerciendo de su doble en las escenas arriesgadas, para cubrirle las espaldas y ser el amigo que necesita.<\/p>\n<p>Rick descubre por casualidad que sus nuevos vecinos en Cielo Drive son el famoso director Roman Polanski y su esposa, la actriz Sharon Tate. En esos d\u00edas por la ciudad californiana merodean numerosos hippies, detestados por Dalton, y tambi\u00e9n el inquietante Charles Manson<\/p>\n<p>&nbsp;<\/p>\n<p>Joker-La construcci\u00f3n de un psic\u00f3pata que se merece el \u00d3scar. \u00bfC\u00f3mo los traumas de la infancia afectan a nuestro comportamiento como adultos? Puedes escuchar mi comentario:<a title=\"Joker-La construcci\u00f3n de un psic\u00f3pata que se merece el \u00d3scar.\" href=\"http:\/\/www.cineylibertad.com\/joker-la-construccion-de-un-psicopata-que-se-merece-el-oscar\/\">Joker<\/a><\/p>\n<p><img loading=\"lazy\" decoding=\"async\" width=\"297\" height=\"169\" class=\"alignnone size-full wp-image-1517\" src=\"https:\/\/www.cope.es\/blogs\/cine-y-libertad\/wp-content\/uploads\/sites\/7\/2020\/01\/joker-la-construccion-de-un-psicopata-que-se-merece-el-oscar.jpg\" alt=\"\" \/><\/p>\n<p>Sinopsis oficial:<\/p>\n<p>Arthur Fleck es un humorista cuyo particular sentido del humor no es comprendido por el p\u00fablico y, en 1981, termina fracasando. Hundido en la depresi\u00f3n y el des\u00e1nimo, descubre, rondando las oscuras calles de Gotham City, que el crimen y el asesinato son una fuente de inspiraci\u00f3n y vitalidad.<\/p>\n<p>Tras esa fase psic\u00f3tica, se erigir\u00e1 como un desquiciado genio an\u00e1rquico bajo la identidad del Joker.<\/p>\n<p>&nbsp;<\/p>\n<p><a title=\"El irland\u00e9s hubiese ganado el \u00d3scar en otra \u00e9poca\" href=\"http:\/\/www.cineylibertad.com\/__trashed\/\">El irland\u00e9s hubiese ganado el \u00d3scar en otra \u00e9poca<\/a>\u00bfC\u00f3mo las mafias transforman a las personas?Puedes escuchar mi comentario:<a title=\"El irland\u00e9s hubiese ganado el \u00d3scar en otra \u00e9poca\" href=\"http:\/\/www.cineylibertad.com\/__trashed\/\">El irland\u00e9s<\/a><\/p>\n<p><img loading=\"lazy\" decoding=\"async\" width=\"267\" height=\"189\" class=\"alignnone size-full wp-image-1543\" src=\"http:\/\/www.cope.es\/blogs\/cine-y-libertad\/wp-content\/uploads\/sites\/7\/2020\/02\/irlan.jpg\" alt=\"\" \/><\/p>\n<p>Sinopsis oficial:<\/p>\n<p>Despu\u00e9s de regresar de la II Guerra Mundial, Frank Sheeran empieza a trabajar de camionero, repartiendo carne. No se conforma con esta situaci\u00f3n, de modo que propone al mafioso Felix DiTullio proveerle de carne de extraperlo para sus restaurantes.<\/p>\n<p>Su buen hacer le llevar\u00e1 frente al importante Russell Bufalino, de quien tambi\u00e9n se ganar\u00e1 la confianza gracias a su eficacia &#8216;pintando casas&#8217; y as\u00ed recibir\u00e1 el encargo de proteger al poderoso sindicalista Jimmy Hoffa, quien posee ciertas conexiones con la mafia.<\/p>\n<p>Puedes escucharnos en: <a href=\"http:\/\/www.cineylibertad.com\/\">www.cineylibertad.com<\/a><\/p>\n<p>Twitter: <span class=\"x_DashboardProfileCard-screenname x_u-inlineBlock x_u-dir\"><a class=\"x_DashboardProfileCard-screennameLink x_u-linkComplex x_u-linkClean\" href=\"https:\/\/twitter.com\/cineylibertad\" target=\"_blank\">@<span class=\"x_u-linkComplex-target\">cineylibertad<\/span><\/a><\/span><\/p>\n<p>V\u00edctor Alvarado<\/p>\n","protected":false},"excerpt":{"rendered":"<p>Todas estas pel\u00edculas se merecen el \u00d3scar 2020. El nivel de este a\u00f1o es tan alto que todas las pel\u00edculas que hoy les presentamos hubiesen ganado el \u00d3scar en\u00a0 cualquier otra gala. &nbsp; 1917. Relato antibelicista y destellos de esperanza para un oscarizable.\u00bfQu\u00e9 es lo que convierte en h\u00e9roe a una persona? Puedes escuchar mi [&hellip;]<\/p>\n","protected":false},"author":7,"featured_media":1546,"comment_status":"open","ping_status":"open","sticky":false,"template":"","format":"standard","meta":{"footnotes":""},"categories":[204,203,3,17,205],"tags":[206],"class_list":["post-1542","post","type-post","status-publish","format-standard","has-post-thumbnail","hentry","category-oscar","category-oscar2020","category-cine","category-hollywood","category-oscar-2","tag-oscar-2020"],"yoast_head":"<!-- This site is optimized with the Yoast SEO plugin v27.4 - https:\/\/yoast.com\/product\/yoast-seo-wordpress\/ -->\n<title>Todas estas pel\u00edculas se merecen el \u00d3scar 2020, pero de verdad<\/title>\n<meta name=\"description\" content=\"Todas estas pel\u00edculas se merecen el \u00d3scar 2020 Todas estas pel\u00edculas se merecen el \u00d3scar 2020 Todas estas pel\u00edculas se merecen el \u00d3scar 2020\" \/>\n<meta name=\"robots\" content=\"index, follow, max-snippet:-1, max-image-preview:large, max-video-preview:-1\" \/>\n<link rel=\"canonical\" href=\"https:\/\/www.cope.es\/blogs\/cine-y-libertad\/2020\/02\/01\/todas-estas-peliculas-se-merecen-el-oscar-2020\/\" \/>\n<meta property=\"og:locale\" content=\"es_ES\" \/>\n<meta property=\"og:type\" content=\"article\" \/>\n<meta property=\"og:title\" content=\"Todas estas pel\u00edculas se merecen el \u00d3scar 2020, pero de verdad\" \/>\n<meta property=\"og:description\" content=\"Todas estas pel\u00edculas se merecen el \u00d3scar 2020 Todas estas pel\u00edculas se merecen el \u00d3scar 2020 Todas estas pel\u00edculas se merecen el \u00d3scar 2020\" \/>\n<meta property=\"og:url\" content=\"https:\/\/www.cope.es\/blogs\/cine-y-libertad\/2020\/02\/01\/todas-estas-peliculas-se-merecen-el-oscar-2020\/\" \/>\n<meta property=\"og:site_name\" content=\"Cine y Libertad\" \/>\n<meta property=\"article:publisher\" content=\"https:\/\/www.facebook.com\/cope\/\" \/>\n<meta property=\"article:author\" content=\"https:\/\/www.facebook.com\/victor.alvarado.56829446\" \/>\n<meta property=\"article:published_time\" content=\"2020-02-01T22:25:52+00:00\" \/>\n<meta property=\"og:image\" content=\"https:\/\/www.cope.es\/blogs\/cine-y-libertad\/wp-content\/uploads\/sites\/7\/2020\/02\/todas-estas-peliculas-se-merecen-el-oscar-2020-2.jpg\" \/>\n\t<meta property=\"og:image:width\" content=\"299\" \/>\n\t<meta property=\"og:image:height\" content=\"168\" \/>\n\t<meta property=\"og:image:type\" content=\"image\/jpeg\" \/>\n<meta name=\"author\" content=\"V\u00edctor Alvarado\" \/>\n<meta name=\"twitter:card\" content=\"summary_large_image\" \/>\n<meta name=\"twitter:creator\" content=\"@cineylibertad\" \/>\n<meta name=\"twitter:site\" content=\"@cope_es\" \/>\n<meta name=\"twitter:label1\" content=\"Escrito por\" \/>\n\t<meta name=\"twitter:data1\" content=\"V\u00edctor Alvarado\" \/>\n\t<meta name=\"twitter:label2\" content=\"Tiempo de lectura\" \/>\n\t<meta name=\"twitter:data2\" content=\"4 minutos\" \/>\n<script type=\"application\/ld+json\" class=\"yoast-schema-graph\">{\"@context\":\"https:\\\/\\\/schema.org\",\"@graph\":[{\"@type\":\"Article\",\"@id\":\"https:\\\/\\\/www.cope.es\\\/blogs\\\/cine-y-libertad\\\/2020\\\/02\\\/01\\\/todas-estas-peliculas-se-merecen-el-oscar-2020\\\/#article\",\"isPartOf\":{\"@id\":\"https:\\\/\\\/www.cope.es\\\/blogs\\\/cine-y-libertad\\\/2020\\\/02\\\/01\\\/todas-estas-peliculas-se-merecen-el-oscar-2020\\\/\"},\"author\":{\"name\":\"V\u00edctor Alvarado\",\"@id\":\"https:\\\/\\\/www.cope.es\\\/blogs\\\/cine-y-libertad\\\/#\\\/schema\\\/person\\\/c95904a4fbf751a8d9124f8fa8bdaace\"},\"headline\":\"Todas estas pel\u00edculas se merecen el \u00d3scar 2020\",\"datePublished\":\"2020-02-01T22:25:52+00:00\",\"mainEntityOfPage\":{\"@id\":\"https:\\\/\\\/www.cope.es\\\/blogs\\\/cine-y-libertad\\\/2020\\\/02\\\/01\\\/todas-estas-peliculas-se-merecen-el-oscar-2020\\\/\"},\"wordCount\":772,\"commentCount\":0,\"image\":{\"@id\":\"https:\\\/\\\/www.cope.es\\\/blogs\\\/cine-y-libertad\\\/2020\\\/02\\\/01\\\/todas-estas-peliculas-se-merecen-el-oscar-2020\\\/#primaryimage\"},\"thumbnailUrl\":\"https:\\\/\\\/www.cope.es\\\/blogs\\\/cine-y-libertad\\\/wp-content\\\/uploads\\\/sites\\\/7\\\/2020\\\/02\\\/todas-estas-peliculas-se-merecen-el-oscar-2020-2.jpg\",\"keywords\":[\"\u00d3scar 2020\"],\"articleSection\":[\"#\u00d3scar\",\"#\u00d3scar2020\",\"cine\",\"Hollywood\",\"\u00d3scar\"],\"inLanguage\":\"es\",\"potentialAction\":[{\"@type\":\"CommentAction\",\"name\":\"Comment\",\"target\":[\"https:\\\/\\\/www.cope.es\\\/blogs\\\/cine-y-libertad\\\/2020\\\/02\\\/01\\\/todas-estas-peliculas-se-merecen-el-oscar-2020\\\/#respond\"]}]},{\"@type\":\"WebPage\",\"@id\":\"https:\\\/\\\/www.cope.es\\\/blogs\\\/cine-y-libertad\\\/2020\\\/02\\\/01\\\/todas-estas-peliculas-se-merecen-el-oscar-2020\\\/\",\"url\":\"https:\\\/\\\/www.cope.es\\\/blogs\\\/cine-y-libertad\\\/2020\\\/02\\\/01\\\/todas-estas-peliculas-se-merecen-el-oscar-2020\\\/\",\"name\":\"Todas estas pel\u00edculas se merecen el \u00d3scar 2020, pero de verdad\",\"isPartOf\":{\"@id\":\"https:\\\/\\\/www.cope.es\\\/blogs\\\/cine-y-libertad\\\/#website\"},\"primaryImageOfPage\":{\"@id\":\"https:\\\/\\\/www.cope.es\\\/blogs\\\/cine-y-libertad\\\/2020\\\/02\\\/01\\\/todas-estas-peliculas-se-merecen-el-oscar-2020\\\/#primaryimage\"},\"image\":{\"@id\":\"https:\\\/\\\/www.cope.es\\\/blogs\\\/cine-y-libertad\\\/2020\\\/02\\\/01\\\/todas-estas-peliculas-se-merecen-el-oscar-2020\\\/#primaryimage\"},\"thumbnailUrl\":\"https:\\\/\\\/www.cope.es\\\/blogs\\\/cine-y-libertad\\\/wp-content\\\/uploads\\\/sites\\\/7\\\/2020\\\/02\\\/todas-estas-peliculas-se-merecen-el-oscar-2020-2.jpg\",\"datePublished\":\"2020-02-01T22:25:52+00:00\",\"author\":{\"@id\":\"https:\\\/\\\/www.cope.es\\\/blogs\\\/cine-y-libertad\\\/#\\\/schema\\\/person\\\/c95904a4fbf751a8d9124f8fa8bdaace\"},\"description\":\"Todas estas pel\u00edculas se merecen el \u00d3scar 2020 Todas estas pel\u00edculas se merecen el \u00d3scar 2020 Todas estas pel\u00edculas se merecen el \u00d3scar 2020\",\"breadcrumb\":{\"@id\":\"https:\\\/\\\/www.cope.es\\\/blogs\\\/cine-y-libertad\\\/2020\\\/02\\\/01\\\/todas-estas-peliculas-se-merecen-el-oscar-2020\\\/#breadcrumb\"},\"inLanguage\":\"es\",\"potentialAction\":[{\"@type\":\"ReadAction\",\"target\":[\"https:\\\/\\\/www.cope.es\\\/blogs\\\/cine-y-libertad\\\/2020\\\/02\\\/01\\\/todas-estas-peliculas-se-merecen-el-oscar-2020\\\/\"]}]},{\"@type\":\"ImageObject\",\"inLanguage\":\"es\",\"@id\":\"https:\\\/\\\/www.cope.es\\\/blogs\\\/cine-y-libertad\\\/2020\\\/02\\\/01\\\/todas-estas-peliculas-se-merecen-el-oscar-2020\\\/#primaryimage\",\"url\":\"https:\\\/\\\/www.cope.es\\\/blogs\\\/cine-y-libertad\\\/wp-content\\\/uploads\\\/sites\\\/7\\\/2020\\\/02\\\/todas-estas-peliculas-se-merecen-el-oscar-2020-2.jpg\",\"contentUrl\":\"https:\\\/\\\/www.cope.es\\\/blogs\\\/cine-y-libertad\\\/wp-content\\\/uploads\\\/sites\\\/7\\\/2020\\\/02\\\/todas-estas-peliculas-se-merecen-el-oscar-2020-2.jpg\",\"width\":299,\"height\":168},{\"@type\":\"BreadcrumbList\",\"@id\":\"https:\\\/\\\/www.cope.es\\\/blogs\\\/cine-y-libertad\\\/2020\\\/02\\\/01\\\/todas-estas-peliculas-se-merecen-el-oscar-2020\\\/#breadcrumb\",\"itemListElement\":[{\"@type\":\"ListItem\",\"position\":1,\"name\":\"Portada\",\"item\":\"https:\\\/\\\/www.cope.es\\\/blogs\\\/cine-y-libertad\\\/\"},{\"@type\":\"ListItem\",\"position\":2,\"name\":\"Todas estas pel\u00edculas se merecen el \u00d3scar 2020\"}]},{\"@type\":\"WebSite\",\"@id\":\"https:\\\/\\\/www.cope.es\\\/blogs\\\/cine-y-libertad\\\/#website\",\"url\":\"https:\\\/\\\/www.cope.es\\\/blogs\\\/cine-y-libertad\\\/\",\"name\":\"Cine y Libertad\",\"description\":\"Cine y Libertad un blog de COPE\",\"potentialAction\":[{\"@type\":\"SearchAction\",\"target\":{\"@type\":\"EntryPoint\",\"urlTemplate\":\"https:\\\/\\\/www.cope.es\\\/blogs\\\/cine-y-libertad\\\/?s={search_term_string}\"},\"query-input\":{\"@type\":\"PropertyValueSpecification\",\"valueRequired\":true,\"valueName\":\"search_term_string\"}}],\"inLanguage\":\"es\"},{\"@type\":\"Person\",\"@id\":\"https:\\\/\\\/www.cope.es\\\/blogs\\\/cine-y-libertad\\\/#\\\/schema\\\/person\\\/c95904a4fbf751a8d9124f8fa8bdaace\",\"name\":\"V\u00edctor Alvarado\",\"image\":{\"@type\":\"ImageObject\",\"inLanguage\":\"es\",\"@id\":\"https:\\\/\\\/secure.gravatar.com\\\/avatar\\\/db4634ae2001f7f920b8294d926f3e737ada04196e014ebacae29a4848f905f4?s=96&d=mm&r=g\",\"url\":\"https:\\\/\\\/secure.gravatar.com\\\/avatar\\\/db4634ae2001f7f920b8294d926f3e737ada04196e014ebacae29a4848f905f4?s=96&d=mm&r=g\",\"contentUrl\":\"https:\\\/\\\/secure.gravatar.com\\\/avatar\\\/db4634ae2001f7f920b8294d926f3e737ada04196e014ebacae29a4848f905f4?s=96&d=mm&r=g\",\"caption\":\"V\u00edctor Alvarado\"},\"description\":\"V\u00edctor Alvarado tiene una larga experiencia tanto en medios de comunicaci\u00f3n como en educaci\u00f3n. Dirige el programa de radio, Directo a las Estrellas, en Intereconom\u00eda (Castilla y Le\u00f3n) y Informa Radio en toda Espa\u00f1a. Ha colaborado en Radio Inter y Esradio. Cr\u00edtico de cine en Pantalla 90, Diario Ya y P\u00e1ginas Digital. Es miembro del CEC. Es el autor de libro: La fe, la \u00e9tica y los valores de los superh\u00e9roes (PPC). Esta es su web: www.cineylibertad.com y, por supuesto, lleva m\u00e1s de 5 a\u00f1os como bloguero de Cope, donde analiza el cine, los c\u00f3mics y los libros desde una \u00f3ptica antropol\u00f3gica y axiol\u00f3gica, atendiendo a todas las dimensiones del ser humano.\",\"sameAs\":[\"http:\\\/\\\/www.cineylibertad.com\",\"https:\\\/\\\/www.facebook.com\\\/victor.alvarado.56829446\",\"https:\\\/\\\/www.instagram.com\\\/cineylibertad\\\/\",\"https:\\\/\\\/x.com\\\/cineylibertad\"],\"url\":\"https:\\\/\\\/www.cope.es\\\/blogs\\\/cine-y-libertad\\\/author\\\/valvarado\\\/\"}]}<\/script>\n<!-- \/ Yoast SEO plugin. -->","yoast_head_json":{"title":"Todas estas pel\u00edculas se merecen el \u00d3scar 2020, pero de verdad","description":"Todas estas pel\u00edculas se merecen el \u00d3scar 2020 Todas estas pel\u00edculas se merecen el \u00d3scar 2020 Todas estas pel\u00edculas se merecen el \u00d3scar 2020","robots":{"index":"index","follow":"follow","max-snippet":"max-snippet:-1","max-image-preview":"max-image-preview:large","max-video-preview":"max-video-preview:-1"},"canonical":"https:\/\/www.cope.es\/blogs\/cine-y-libertad\/2020\/02\/01\/todas-estas-peliculas-se-merecen-el-oscar-2020\/","og_locale":"es_ES","og_type":"article","og_title":"Todas estas pel\u00edculas se merecen el \u00d3scar 2020, pero de verdad","og_description":"Todas estas pel\u00edculas se merecen el \u00d3scar 2020 Todas estas pel\u00edculas se merecen el \u00d3scar 2020 Todas estas pel\u00edculas se merecen el \u00d3scar 2020","og_url":"https:\/\/www.cope.es\/blogs\/cine-y-libertad\/2020\/02\/01\/todas-estas-peliculas-se-merecen-el-oscar-2020\/","og_site_name":"Cine y Libertad","article_publisher":"https:\/\/www.facebook.com\/cope\/","article_author":"https:\/\/www.facebook.com\/victor.alvarado.56829446","article_published_time":"2020-02-01T22:25:52+00:00","og_image":[{"width":299,"height":168,"url":"https:\/\/www.cope.es\/blogs\/cine-y-libertad\/wp-content\/uploads\/sites\/7\/2020\/02\/todas-estas-peliculas-se-merecen-el-oscar-2020-2.jpg","type":"image\/jpeg"}],"author":"V\u00edctor Alvarado","twitter_card":"summary_large_image","twitter_creator":"@cineylibertad","twitter_site":"@cope_es","twitter_misc":{"Escrito por":"V\u00edctor Alvarado","Tiempo de lectura":"4 minutos"},"schema":{"@context":"https:\/\/schema.org","@graph":[{"@type":"Article","@id":"https:\/\/www.cope.es\/blogs\/cine-y-libertad\/2020\/02\/01\/todas-estas-peliculas-se-merecen-el-oscar-2020\/#article","isPartOf":{"@id":"https:\/\/www.cope.es\/blogs\/cine-y-libertad\/2020\/02\/01\/todas-estas-peliculas-se-merecen-el-oscar-2020\/"},"author":{"name":"V\u00edctor Alvarado","@id":"https:\/\/www.cope.es\/blogs\/cine-y-libertad\/#\/schema\/person\/c95904a4fbf751a8d9124f8fa8bdaace"},"headline":"Todas estas pel\u00edculas se merecen el \u00d3scar 2020","datePublished":"2020-02-01T22:25:52+00:00","mainEntityOfPage":{"@id":"https:\/\/www.cope.es\/blogs\/cine-y-libertad\/2020\/02\/01\/todas-estas-peliculas-se-merecen-el-oscar-2020\/"},"wordCount":772,"commentCount":0,"image":{"@id":"https:\/\/www.cope.es\/blogs\/cine-y-libertad\/2020\/02\/01\/todas-estas-peliculas-se-merecen-el-oscar-2020\/#primaryimage"},"thumbnailUrl":"https:\/\/www.cope.es\/blogs\/cine-y-libertad\/wp-content\/uploads\/sites\/7\/2020\/02\/todas-estas-peliculas-se-merecen-el-oscar-2020-2.jpg","keywords":["\u00d3scar 2020"],"articleSection":["#\u00d3scar","#\u00d3scar2020","cine","Hollywood","\u00d3scar"],"inLanguage":"es","potentialAction":[{"@type":"CommentAction","name":"Comment","target":["https:\/\/www.cope.es\/blogs\/cine-y-libertad\/2020\/02\/01\/todas-estas-peliculas-se-merecen-el-oscar-2020\/#respond"]}]},{"@type":"WebPage","@id":"https:\/\/www.cope.es\/blogs\/cine-y-libertad\/2020\/02\/01\/todas-estas-peliculas-se-merecen-el-oscar-2020\/","url":"https:\/\/www.cope.es\/blogs\/cine-y-libertad\/2020\/02\/01\/todas-estas-peliculas-se-merecen-el-oscar-2020\/","name":"Todas estas pel\u00edculas se merecen el \u00d3scar 2020, pero de verdad","isPartOf":{"@id":"https:\/\/www.cope.es\/blogs\/cine-y-libertad\/#website"},"primaryImageOfPage":{"@id":"https:\/\/www.cope.es\/blogs\/cine-y-libertad\/2020\/02\/01\/todas-estas-peliculas-se-merecen-el-oscar-2020\/#primaryimage"},"image":{"@id":"https:\/\/www.cope.es\/blogs\/cine-y-libertad\/2020\/02\/01\/todas-estas-peliculas-se-merecen-el-oscar-2020\/#primaryimage"},"thumbnailUrl":"https:\/\/www.cope.es\/blogs\/cine-y-libertad\/wp-content\/uploads\/sites\/7\/2020\/02\/todas-estas-peliculas-se-merecen-el-oscar-2020-2.jpg","datePublished":"2020-02-01T22:25:52+00:00","author":{"@id":"https:\/\/www.cope.es\/blogs\/cine-y-libertad\/#\/schema\/person\/c95904a4fbf751a8d9124f8fa8bdaace"},"description":"Todas estas pel\u00edculas se merecen el \u00d3scar 2020 Todas estas pel\u00edculas se merecen el \u00d3scar 2020 Todas estas pel\u00edculas se merecen el \u00d3scar 2020","breadcrumb":{"@id":"https:\/\/www.cope.es\/blogs\/cine-y-libertad\/2020\/02\/01\/todas-estas-peliculas-se-merecen-el-oscar-2020\/#breadcrumb"},"inLanguage":"es","potentialAction":[{"@type":"ReadAction","target":["https:\/\/www.cope.es\/blogs\/cine-y-libertad\/2020\/02\/01\/todas-estas-peliculas-se-merecen-el-oscar-2020\/"]}]},{"@type":"ImageObject","inLanguage":"es","@id":"https:\/\/www.cope.es\/blogs\/cine-y-libertad\/2020\/02\/01\/todas-estas-peliculas-se-merecen-el-oscar-2020\/#primaryimage","url":"https:\/\/www.cope.es\/blogs\/cine-y-libertad\/wp-content\/uploads\/sites\/7\/2020\/02\/todas-estas-peliculas-se-merecen-el-oscar-2020-2.jpg","contentUrl":"https:\/\/www.cope.es\/blogs\/cine-y-libertad\/wp-content\/uploads\/sites\/7\/2020\/02\/todas-estas-peliculas-se-merecen-el-oscar-2020-2.jpg","width":299,"height":168},{"@type":"BreadcrumbList","@id":"https:\/\/www.cope.es\/blogs\/cine-y-libertad\/2020\/02\/01\/todas-estas-peliculas-se-merecen-el-oscar-2020\/#breadcrumb","itemListElement":[{"@type":"ListItem","position":1,"name":"Portada","item":"https:\/\/www.cope.es\/blogs\/cine-y-libertad\/"},{"@type":"ListItem","position":2,"name":"Todas estas pel\u00edculas se merecen el \u00d3scar 2020"}]},{"@type":"WebSite","@id":"https:\/\/www.cope.es\/blogs\/cine-y-libertad\/#website","url":"https:\/\/www.cope.es\/blogs\/cine-y-libertad\/","name":"Cine y Libertad","description":"Cine y Libertad un blog de COPE","potentialAction":[{"@type":"SearchAction","target":{"@type":"EntryPoint","urlTemplate":"https:\/\/www.cope.es\/blogs\/cine-y-libertad\/?s={search_term_string}"},"query-input":{"@type":"PropertyValueSpecification","valueRequired":true,"valueName":"search_term_string"}}],"inLanguage":"es"},{"@type":"Person","@id":"https:\/\/www.cope.es\/blogs\/cine-y-libertad\/#\/schema\/person\/c95904a4fbf751a8d9124f8fa8bdaace","name":"V\u00edctor Alvarado","image":{"@type":"ImageObject","inLanguage":"es","@id":"https:\/\/secure.gravatar.com\/avatar\/db4634ae2001f7f920b8294d926f3e737ada04196e014ebacae29a4848f905f4?s=96&d=mm&r=g","url":"https:\/\/secure.gravatar.com\/avatar\/db4634ae2001f7f920b8294d926f3e737ada04196e014ebacae29a4848f905f4?s=96&d=mm&r=g","contentUrl":"https:\/\/secure.gravatar.com\/avatar\/db4634ae2001f7f920b8294d926f3e737ada04196e014ebacae29a4848f905f4?s=96&d=mm&r=g","caption":"V\u00edctor Alvarado"},"description":"V\u00edctor Alvarado tiene una larga experiencia tanto en medios de comunicaci\u00f3n como en educaci\u00f3n. Dirige el programa de radio, Directo a las Estrellas, en Intereconom\u00eda (Castilla y Le\u00f3n) y Informa Radio en toda Espa\u00f1a. Ha colaborado en Radio Inter y Esradio. Cr\u00edtico de cine en Pantalla 90, Diario Ya y P\u00e1ginas Digital. Es miembro del CEC. Es el autor de libro: La fe, la \u00e9tica y los valores de los superh\u00e9roes (PPC). Esta es su web: www.cineylibertad.com y, por supuesto, lleva m\u00e1s de 5 a\u00f1os como bloguero de Cope, donde analiza el cine, los c\u00f3mics y los libros desde una \u00f3ptica antropol\u00f3gica y axiol\u00f3gica, atendiendo a todas las dimensiones del ser humano.","sameAs":["http:\/\/www.cineylibertad.com","https:\/\/www.facebook.com\/victor.alvarado.56829446","https:\/\/www.instagram.com\/cineylibertad\/","https:\/\/x.com\/cineylibertad"],"url":"https:\/\/www.cope.es\/blogs\/cine-y-libertad\/author\/valvarado\/"}]}},"amp_enabled":true,"_links":{"self":[{"href":"https:\/\/www.cope.es\/blogs\/cine-y-libertad\/wp-json\/wp\/v2\/posts\/1542","targetHints":{"allow":["GET"]}}],"collection":[{"href":"https:\/\/www.cope.es\/blogs\/cine-y-libertad\/wp-json\/wp\/v2\/posts"}],"about":[{"href":"https:\/\/www.cope.es\/blogs\/cine-y-libertad\/wp-json\/wp\/v2\/types\/post"}],"author":[{"embeddable":true,"href":"https:\/\/www.cope.es\/blogs\/cine-y-libertad\/wp-json\/wp\/v2\/users\/7"}],"replies":[{"embeddable":true,"href":"https:\/\/www.cope.es\/blogs\/cine-y-libertad\/wp-json\/wp\/v2\/comments?post=1542"}],"version-history":[{"count":2,"href":"https:\/\/www.cope.es\/blogs\/cine-y-libertad\/wp-json\/wp\/v2\/posts\/1542\/revisions"}],"predecessor-version":[{"id":1547,"href":"https:\/\/www.cope.es\/blogs\/cine-y-libertad\/wp-json\/wp\/v2\/posts\/1542\/revisions\/1547"}],"wp:featuredmedia":[{"embeddable":true,"href":"https:\/\/www.cope.es\/blogs\/cine-y-libertad\/wp-json\/wp\/v2\/media\/1546"}],"wp:attachment":[{"href":"https:\/\/www.cope.es\/blogs\/cine-y-libertad\/wp-json\/wp\/v2\/media?parent=1542"}],"wp:term":[{"taxonomy":"category","embeddable":true,"href":"https:\/\/www.cope.es\/blogs\/cine-y-libertad\/wp-json\/wp\/v2\/categories?post=1542"},{"taxonomy":"post_tag","embeddable":true,"href":"https:\/\/www.cope.es\/blogs\/cine-y-libertad\/wp-json\/wp\/v2\/tags?post=1542"}],"curies":[{"name":"wp","href":"https:\/\/api.w.org\/{rel}","templated":true}]}}