{"id":1516,"date":"2020-01-25T18:21:27","date_gmt":"2020-01-25T17:21:27","guid":{"rendered":"http:\/\/www.cope.es\/blogs\/cine-y-libertad\/?p=1516"},"modified":"2020-01-25T18:21:27","modified_gmt":"2020-01-25T17:21:27","slug":"joker-la-construccion-de-un-psicopata-que-se-merece-el-oscar","status":"publish","type":"post","link":"https:\/\/www.cope.es\/blogs\/cine-y-libertad\/2020\/01\/25\/joker-la-construccion-de-un-psicopata-que-se-merece-el-oscar\/","title":{"rendered":"Joker-La construcci\u00f3n de un psic\u00f3pata que se merece el \u00d3scar."},"content":{"rendered":"<p>Joker-La construcci\u00f3n de un psic\u00f3pata que se merece el \u00d3scar. \u00bfC\u00f3mo los traumas de la infancia afectan a nuestro comportamiento como adultos? Puedes escuchar mi comentario:<a title=\"Joker-La construcci\u00f3n de un psic\u00f3pata que se merece el \u00d3scar.\" href=\"http:\/\/www.cineylibertad.com\/joker-la-construccion-de-un-psicopata-que-se-merece-el-oscar\/\">Joker<\/a><\/p>\n<p><img loading=\"lazy\" decoding=\"async\" width=\"297\" height=\"169\" class=\"alignnone size-full wp-image-1517\" src=\"http:\/\/www.cope.es\/blogs\/cine-y-libertad\/wp-content\/uploads\/sites\/7\/2020\/01\/joker-la-construccion-de-un-psicopata-que-se-merece-el-oscar.jpg\" alt=\"\" \/><\/p>\n<p>Sinopsis oficial:<\/p>\n<p>Arthur Fleck es un humorista cuyo particular sentido del humor no es comprendido por el p\u00fablico y, en 1981, termina fracasando. Hundido en la depresi\u00f3n y el des\u00e1nimo, descubre, rondando las oscuras calles de Gotham City, que el crimen y el asesinato son una fuente de inspiraci\u00f3n y vitalidad.<\/p>\n<p>Tras esa fase psic\u00f3tica, se erigir\u00e1 como un desquiciado genio an\u00e1rquico bajo la identidad del Joker.<\/p>\n<p>Puedes escucharnos en: <a href=\"http:\/\/www.cineylibertad.com\/\">www.cineylibertad.com<\/a><\/p>\n<p>Twitter: <span class=\"x_DashboardProfileCard-screenname x_u-inlineBlock x_u-dir\"><a class=\"x_DashboardProfileCard-screennameLink x_u-linkComplex x_u-linkClean\" href=\"https:\/\/twitter.com\/cineylibertad\" target=\"_blank\">@<span class=\"x_u-linkComplex-target\">cineylibertad<\/span><\/a><\/span><\/p>\n<p>V\u00edctor Alvarado<\/p>\n","protected":false},"excerpt":{"rendered":"<p>Joker-La construcci\u00f3n de un psic\u00f3pata que se merece el \u00d3scar. \u00bfC\u00f3mo los traumas de la infancia afectan a nuestro comportamiento como adultos? Puedes escuchar mi comentario:Joker Sinopsis oficial: Arthur Fleck es un humorista cuyo particular sentido del humor no es comprendido por el p\u00fablico y, en 1981, termina fracasando. Hundido en la depresi\u00f3n y el [&hellip;]<\/p>\n","protected":false},"author":7,"featured_media":1517,"comment_status":"open","ping_status":"open","sticky":false,"template":"","format":"standard","meta":{"footnotes":""},"categories":[3,17,52,134,148,8,34,160],"tags":[199],"class_list":["post-1516","post","type-post","status-publish","format-standard","has-post-thumbnail","hentry","category-cine","category-hollywood","category-infancia","category-racismo","category-sentido-de-la-vida","category-superheroes","category-television","category-violencia","tag-joker"],"yoast_head":"<!-- This site is optimized with the Yoast SEO plugin v27.4 - https:\/\/yoast.com\/product\/yoast-seo-wordpress\/ -->\n<title>Joker-La construcci\u00f3n de un psic\u00f3pata que se merece el \u00d3scar.<\/title>\n<meta name=\"description\" content=\"Joker-La construcci\u00f3n de un psic\u00f3pata que se merece el \u00d3scar. Joker-La construcci\u00f3n de un psic\u00f3pata que se merece el \u00d3scar.\" \/>\n<meta name=\"robots\" content=\"index, follow, max-snippet:-1, max-image-preview:large, max-video-preview:-1\" \/>\n<link rel=\"canonical\" href=\"https:\/\/www.cope.es\/blogs\/cine-y-libertad\/2020\/01\/25\/joker-la-construccion-de-un-psicopata-que-se-merece-el-oscar\/\" \/>\n<meta property=\"og:locale\" content=\"es_ES\" \/>\n<meta property=\"og:type\" content=\"article\" \/>\n<meta property=\"og:title\" content=\"Joker-La construcci\u00f3n de un psic\u00f3pata que se merece el \u00d3scar.\" \/>\n<meta property=\"og:description\" content=\"Joker-La construcci\u00f3n de un psic\u00f3pata que se merece el \u00d3scar. Joker-La construcci\u00f3n de un psic\u00f3pata que se merece el \u00d3scar.\" \/>\n<meta property=\"og:url\" content=\"https:\/\/www.cope.es\/blogs\/cine-y-libertad\/2020\/01\/25\/joker-la-construccion-de-un-psicopata-que-se-merece-el-oscar\/\" \/>\n<meta property=\"og:site_name\" content=\"Cine y Libertad\" \/>\n<meta property=\"article:publisher\" content=\"https:\/\/www.facebook.com\/cope\/\" \/>\n<meta property=\"article:author\" content=\"https:\/\/www.facebook.com\/victor.alvarado.56829446\" \/>\n<meta property=\"article:published_time\" content=\"2020-01-25T17:21:27+00:00\" \/>\n<meta property=\"og:image\" content=\"https:\/\/www.cope.es\/blogs\/cine-y-libertad\/wp-content\/uploads\/sites\/7\/2020\/01\/joker-la-construccion-de-un-psicopata-que-se-merece-el-oscar.jpg\" \/>\n\t<meta property=\"og:image:width\" content=\"297\" \/>\n\t<meta property=\"og:image:height\" content=\"169\" \/>\n\t<meta property=\"og:image:type\" content=\"image\/jpeg\" \/>\n<meta name=\"author\" content=\"V\u00edctor Alvarado\" \/>\n<meta name=\"twitter:card\" content=\"summary_large_image\" \/>\n<meta name=\"twitter:creator\" content=\"@cineylibertad\" \/>\n<meta name=\"twitter:site\" content=\"@cope_es\" \/>\n<meta name=\"twitter:label1\" content=\"Escrito por\" \/>\n\t<meta name=\"twitter:data1\" content=\"V\u00edctor Alvarado\" \/>\n\t<meta name=\"twitter:label2\" content=\"Tiempo de lectura\" \/>\n\t<meta name=\"twitter:data2\" content=\"1 minuto\" \/>\n<script type=\"application\/ld+json\" class=\"yoast-schema-graph\">{\"@context\":\"https:\\\/\\\/schema.org\",\"@graph\":[{\"@type\":\"Article\",\"@id\":\"https:\\\/\\\/www.cope.es\\\/blogs\\\/cine-y-libertad\\\/2020\\\/01\\\/25\\\/joker-la-construccion-de-un-psicopata-que-se-merece-el-oscar\\\/#article\",\"isPartOf\":{\"@id\":\"https:\\\/\\\/www.cope.es\\\/blogs\\\/cine-y-libertad\\\/2020\\\/01\\\/25\\\/joker-la-construccion-de-un-psicopata-que-se-merece-el-oscar\\\/\"},\"author\":{\"name\":\"V\u00edctor Alvarado\",\"@id\":\"https:\\\/\\\/www.cope.es\\\/blogs\\\/cine-y-libertad\\\/#\\\/schema\\\/person\\\/c95904a4fbf751a8d9124f8fa8bdaace\"},\"headline\":\"Joker-La construcci\u00f3n de un psic\u00f3pata que se merece el \u00d3scar.\",\"datePublished\":\"2020-01-25T17:21:27+00:00\",\"mainEntityOfPage\":{\"@id\":\"https:\\\/\\\/www.cope.es\\\/blogs\\\/cine-y-libertad\\\/2020\\\/01\\\/25\\\/joker-la-construccion-de-un-psicopata-que-se-merece-el-oscar\\\/\"},\"wordCount\":125,\"commentCount\":0,\"image\":{\"@id\":\"https:\\\/\\\/www.cope.es\\\/blogs\\\/cine-y-libertad\\\/2020\\\/01\\\/25\\\/joker-la-construccion-de-un-psicopata-que-se-merece-el-oscar\\\/#primaryimage\"},\"thumbnailUrl\":\"https:\\\/\\\/www.cope.es\\\/blogs\\\/cine-y-libertad\\\/wp-content\\\/uploads\\\/sites\\\/7\\\/2020\\\/01\\\/joker-la-construccion-de-un-psicopata-que-se-merece-el-oscar.jpg\",\"keywords\":[\"Joker\"],\"articleSection\":[\"cine\",\"Hollywood\",\"infancia\",\"racismo\",\"sentido de la vida\",\"Superh\u00e9roes\",\"Televisi\u00f3n\",\"violencia\"],\"inLanguage\":\"es\",\"potentialAction\":[{\"@type\":\"CommentAction\",\"name\":\"Comment\",\"target\":[\"https:\\\/\\\/www.cope.es\\\/blogs\\\/cine-y-libertad\\\/2020\\\/01\\\/25\\\/joker-la-construccion-de-un-psicopata-que-se-merece-el-oscar\\\/#respond\"]}]},{\"@type\":\"WebPage\",\"@id\":\"https:\\\/\\\/www.cope.es\\\/blogs\\\/cine-y-libertad\\\/2020\\\/01\\\/25\\\/joker-la-construccion-de-un-psicopata-que-se-merece-el-oscar\\\/\",\"url\":\"https:\\\/\\\/www.cope.es\\\/blogs\\\/cine-y-libertad\\\/2020\\\/01\\\/25\\\/joker-la-construccion-de-un-psicopata-que-se-merece-el-oscar\\\/\",\"name\":\"Joker-La construcci\u00f3n de un psic\u00f3pata que se merece el \u00d3scar.\",\"isPartOf\":{\"@id\":\"https:\\\/\\\/www.cope.es\\\/blogs\\\/cine-y-libertad\\\/#website\"},\"primaryImageOfPage\":{\"@id\":\"https:\\\/\\\/www.cope.es\\\/blogs\\\/cine-y-libertad\\\/2020\\\/01\\\/25\\\/joker-la-construccion-de-un-psicopata-que-se-merece-el-oscar\\\/#primaryimage\"},\"image\":{\"@id\":\"https:\\\/\\\/www.cope.es\\\/blogs\\\/cine-y-libertad\\\/2020\\\/01\\\/25\\\/joker-la-construccion-de-un-psicopata-que-se-merece-el-oscar\\\/#primaryimage\"},\"thumbnailUrl\":\"https:\\\/\\\/www.cope.es\\\/blogs\\\/cine-y-libertad\\\/wp-content\\\/uploads\\\/sites\\\/7\\\/2020\\\/01\\\/joker-la-construccion-de-un-psicopata-que-se-merece-el-oscar.jpg\",\"datePublished\":\"2020-01-25T17:21:27+00:00\",\"author\":{\"@id\":\"https:\\\/\\\/www.cope.es\\\/blogs\\\/cine-y-libertad\\\/#\\\/schema\\\/person\\\/c95904a4fbf751a8d9124f8fa8bdaace\"},\"description\":\"Joker-La construcci\u00f3n de un psic\u00f3pata que se merece el \u00d3scar. Joker-La construcci\u00f3n de un psic\u00f3pata que se merece el \u00d3scar.\",\"breadcrumb\":{\"@id\":\"https:\\\/\\\/www.cope.es\\\/blogs\\\/cine-y-libertad\\\/2020\\\/01\\\/25\\\/joker-la-construccion-de-un-psicopata-que-se-merece-el-oscar\\\/#breadcrumb\"},\"inLanguage\":\"es\",\"potentialAction\":[{\"@type\":\"ReadAction\",\"target\":[\"https:\\\/\\\/www.cope.es\\\/blogs\\\/cine-y-libertad\\\/2020\\\/01\\\/25\\\/joker-la-construccion-de-un-psicopata-que-se-merece-el-oscar\\\/\"]}]},{\"@type\":\"ImageObject\",\"inLanguage\":\"es\",\"@id\":\"https:\\\/\\\/www.cope.es\\\/blogs\\\/cine-y-libertad\\\/2020\\\/01\\\/25\\\/joker-la-construccion-de-un-psicopata-que-se-merece-el-oscar\\\/#primaryimage\",\"url\":\"https:\\\/\\\/www.cope.es\\\/blogs\\\/cine-y-libertad\\\/wp-content\\\/uploads\\\/sites\\\/7\\\/2020\\\/01\\\/joker-la-construccion-de-un-psicopata-que-se-merece-el-oscar.jpg\",\"contentUrl\":\"https:\\\/\\\/www.cope.es\\\/blogs\\\/cine-y-libertad\\\/wp-content\\\/uploads\\\/sites\\\/7\\\/2020\\\/01\\\/joker-la-construccion-de-un-psicopata-que-se-merece-el-oscar.jpg\",\"width\":297,\"height\":169},{\"@type\":\"BreadcrumbList\",\"@id\":\"https:\\\/\\\/www.cope.es\\\/blogs\\\/cine-y-libertad\\\/2020\\\/01\\\/25\\\/joker-la-construccion-de-un-psicopata-que-se-merece-el-oscar\\\/#breadcrumb\",\"itemListElement\":[{\"@type\":\"ListItem\",\"position\":1,\"name\":\"Portada\",\"item\":\"https:\\\/\\\/www.cope.es\\\/blogs\\\/cine-y-libertad\\\/\"},{\"@type\":\"ListItem\",\"position\":2,\"name\":\"Joker-La construcci\u00f3n de un psic\u00f3pata que se merece el \u00d3scar.\"}]},{\"@type\":\"WebSite\",\"@id\":\"https:\\\/\\\/www.cope.es\\\/blogs\\\/cine-y-libertad\\\/#website\",\"url\":\"https:\\\/\\\/www.cope.es\\\/blogs\\\/cine-y-libertad\\\/\",\"name\":\"Cine y Libertad\",\"description\":\"Cine y Libertad un blog de COPE\",\"potentialAction\":[{\"@type\":\"SearchAction\",\"target\":{\"@type\":\"EntryPoint\",\"urlTemplate\":\"https:\\\/\\\/www.cope.es\\\/blogs\\\/cine-y-libertad\\\/?s={search_term_string}\"},\"query-input\":{\"@type\":\"PropertyValueSpecification\",\"valueRequired\":true,\"valueName\":\"search_term_string\"}}],\"inLanguage\":\"es\"},{\"@type\":\"Person\",\"@id\":\"https:\\\/\\\/www.cope.es\\\/blogs\\\/cine-y-libertad\\\/#\\\/schema\\\/person\\\/c95904a4fbf751a8d9124f8fa8bdaace\",\"name\":\"V\u00edctor Alvarado\",\"image\":{\"@type\":\"ImageObject\",\"inLanguage\":\"es\",\"@id\":\"https:\\\/\\\/secure.gravatar.com\\\/avatar\\\/db4634ae2001f7f920b8294d926f3e737ada04196e014ebacae29a4848f905f4?s=96&d=mm&r=g\",\"url\":\"https:\\\/\\\/secure.gravatar.com\\\/avatar\\\/db4634ae2001f7f920b8294d926f3e737ada04196e014ebacae29a4848f905f4?s=96&d=mm&r=g\",\"contentUrl\":\"https:\\\/\\\/secure.gravatar.com\\\/avatar\\\/db4634ae2001f7f920b8294d926f3e737ada04196e014ebacae29a4848f905f4?s=96&d=mm&r=g\",\"caption\":\"V\u00edctor Alvarado\"},\"description\":\"V\u00edctor Alvarado tiene una larga experiencia tanto en medios de comunicaci\u00f3n como en educaci\u00f3n. Dirige el programa de radio, Directo a las Estrellas, en Intereconom\u00eda (Castilla y Le\u00f3n) y Informa Radio en toda Espa\u00f1a. Ha colaborado en Radio Inter y Esradio. Cr\u00edtico de cine en Pantalla 90, Diario Ya y P\u00e1ginas Digital. Es miembro del CEC. Es el autor de libro: La fe, la \u00e9tica y los valores de los superh\u00e9roes (PPC). Esta es su web: www.cineylibertad.com y, por supuesto, lleva m\u00e1s de 5 a\u00f1os como bloguero de Cope, donde analiza el cine, los c\u00f3mics y los libros desde una \u00f3ptica antropol\u00f3gica y axiol\u00f3gica, atendiendo a todas las dimensiones del ser humano.\",\"sameAs\":[\"http:\\\/\\\/www.cineylibertad.com\",\"https:\\\/\\\/www.facebook.com\\\/victor.alvarado.56829446\",\"https:\\\/\\\/www.instagram.com\\\/cineylibertad\\\/\",\"https:\\\/\\\/x.com\\\/cineylibertad\"],\"url\":\"https:\\\/\\\/www.cope.es\\\/blogs\\\/cine-y-libertad\\\/author\\\/valvarado\\\/\"}]}<\/script>\n<!-- \/ Yoast SEO plugin. -->","yoast_head_json":{"title":"Joker-La construcci\u00f3n de un psic\u00f3pata que se merece el \u00d3scar.","description":"Joker-La construcci\u00f3n de un psic\u00f3pata que se merece el \u00d3scar. Joker-La construcci\u00f3n de un psic\u00f3pata que se merece el \u00d3scar.","robots":{"index":"index","follow":"follow","max-snippet":"max-snippet:-1","max-image-preview":"max-image-preview:large","max-video-preview":"max-video-preview:-1"},"canonical":"https:\/\/www.cope.es\/blogs\/cine-y-libertad\/2020\/01\/25\/joker-la-construccion-de-un-psicopata-que-se-merece-el-oscar\/","og_locale":"es_ES","og_type":"article","og_title":"Joker-La construcci\u00f3n de un psic\u00f3pata que se merece el \u00d3scar.","og_description":"Joker-La construcci\u00f3n de un psic\u00f3pata que se merece el \u00d3scar. Joker-La construcci\u00f3n de un psic\u00f3pata que se merece el \u00d3scar.","og_url":"https:\/\/www.cope.es\/blogs\/cine-y-libertad\/2020\/01\/25\/joker-la-construccion-de-un-psicopata-que-se-merece-el-oscar\/","og_site_name":"Cine y Libertad","article_publisher":"https:\/\/www.facebook.com\/cope\/","article_author":"https:\/\/www.facebook.com\/victor.alvarado.56829446","article_published_time":"2020-01-25T17:21:27+00:00","og_image":[{"width":297,"height":169,"url":"https:\/\/www.cope.es\/blogs\/cine-y-libertad\/wp-content\/uploads\/sites\/7\/2020\/01\/joker-la-construccion-de-un-psicopata-que-se-merece-el-oscar.jpg","type":"image\/jpeg"}],"author":"V\u00edctor Alvarado","twitter_card":"summary_large_image","twitter_creator":"@cineylibertad","twitter_site":"@cope_es","twitter_misc":{"Escrito por":"V\u00edctor Alvarado","Tiempo de lectura":"1 minuto"},"schema":{"@context":"https:\/\/schema.org","@graph":[{"@type":"Article","@id":"https:\/\/www.cope.es\/blogs\/cine-y-libertad\/2020\/01\/25\/joker-la-construccion-de-un-psicopata-que-se-merece-el-oscar\/#article","isPartOf":{"@id":"https:\/\/www.cope.es\/blogs\/cine-y-libertad\/2020\/01\/25\/joker-la-construccion-de-un-psicopata-que-se-merece-el-oscar\/"},"author":{"name":"V\u00edctor Alvarado","@id":"https:\/\/www.cope.es\/blogs\/cine-y-libertad\/#\/schema\/person\/c95904a4fbf751a8d9124f8fa8bdaace"},"headline":"Joker-La construcci\u00f3n de un psic\u00f3pata que se merece el \u00d3scar.","datePublished":"2020-01-25T17:21:27+00:00","mainEntityOfPage":{"@id":"https:\/\/www.cope.es\/blogs\/cine-y-libertad\/2020\/01\/25\/joker-la-construccion-de-un-psicopata-que-se-merece-el-oscar\/"},"wordCount":125,"commentCount":0,"image":{"@id":"https:\/\/www.cope.es\/blogs\/cine-y-libertad\/2020\/01\/25\/joker-la-construccion-de-un-psicopata-que-se-merece-el-oscar\/#primaryimage"},"thumbnailUrl":"https:\/\/www.cope.es\/blogs\/cine-y-libertad\/wp-content\/uploads\/sites\/7\/2020\/01\/joker-la-construccion-de-un-psicopata-que-se-merece-el-oscar.jpg","keywords":["Joker"],"articleSection":["cine","Hollywood","infancia","racismo","sentido de la vida","Superh\u00e9roes","Televisi\u00f3n","violencia"],"inLanguage":"es","potentialAction":[{"@type":"CommentAction","name":"Comment","target":["https:\/\/www.cope.es\/blogs\/cine-y-libertad\/2020\/01\/25\/joker-la-construccion-de-un-psicopata-que-se-merece-el-oscar\/#respond"]}]},{"@type":"WebPage","@id":"https:\/\/www.cope.es\/blogs\/cine-y-libertad\/2020\/01\/25\/joker-la-construccion-de-un-psicopata-que-se-merece-el-oscar\/","url":"https:\/\/www.cope.es\/blogs\/cine-y-libertad\/2020\/01\/25\/joker-la-construccion-de-un-psicopata-que-se-merece-el-oscar\/","name":"Joker-La construcci\u00f3n de un psic\u00f3pata que se merece el \u00d3scar.","isPartOf":{"@id":"https:\/\/www.cope.es\/blogs\/cine-y-libertad\/#website"},"primaryImageOfPage":{"@id":"https:\/\/www.cope.es\/blogs\/cine-y-libertad\/2020\/01\/25\/joker-la-construccion-de-un-psicopata-que-se-merece-el-oscar\/#primaryimage"},"image":{"@id":"https:\/\/www.cope.es\/blogs\/cine-y-libertad\/2020\/01\/25\/joker-la-construccion-de-un-psicopata-que-se-merece-el-oscar\/#primaryimage"},"thumbnailUrl":"https:\/\/www.cope.es\/blogs\/cine-y-libertad\/wp-content\/uploads\/sites\/7\/2020\/01\/joker-la-construccion-de-un-psicopata-que-se-merece-el-oscar.jpg","datePublished":"2020-01-25T17:21:27+00:00","author":{"@id":"https:\/\/www.cope.es\/blogs\/cine-y-libertad\/#\/schema\/person\/c95904a4fbf751a8d9124f8fa8bdaace"},"description":"Joker-La construcci\u00f3n de un psic\u00f3pata que se merece el \u00d3scar. Joker-La construcci\u00f3n de un psic\u00f3pata que se merece el \u00d3scar.","breadcrumb":{"@id":"https:\/\/www.cope.es\/blogs\/cine-y-libertad\/2020\/01\/25\/joker-la-construccion-de-un-psicopata-que-se-merece-el-oscar\/#breadcrumb"},"inLanguage":"es","potentialAction":[{"@type":"ReadAction","target":["https:\/\/www.cope.es\/blogs\/cine-y-libertad\/2020\/01\/25\/joker-la-construccion-de-un-psicopata-que-se-merece-el-oscar\/"]}]},{"@type":"ImageObject","inLanguage":"es","@id":"https:\/\/www.cope.es\/blogs\/cine-y-libertad\/2020\/01\/25\/joker-la-construccion-de-un-psicopata-que-se-merece-el-oscar\/#primaryimage","url":"https:\/\/www.cope.es\/blogs\/cine-y-libertad\/wp-content\/uploads\/sites\/7\/2020\/01\/joker-la-construccion-de-un-psicopata-que-se-merece-el-oscar.jpg","contentUrl":"https:\/\/www.cope.es\/blogs\/cine-y-libertad\/wp-content\/uploads\/sites\/7\/2020\/01\/joker-la-construccion-de-un-psicopata-que-se-merece-el-oscar.jpg","width":297,"height":169},{"@type":"BreadcrumbList","@id":"https:\/\/www.cope.es\/blogs\/cine-y-libertad\/2020\/01\/25\/joker-la-construccion-de-un-psicopata-que-se-merece-el-oscar\/#breadcrumb","itemListElement":[{"@type":"ListItem","position":1,"name":"Portada","item":"https:\/\/www.cope.es\/blogs\/cine-y-libertad\/"},{"@type":"ListItem","position":2,"name":"Joker-La construcci\u00f3n de un psic\u00f3pata que se merece el \u00d3scar."}]},{"@type":"WebSite","@id":"https:\/\/www.cope.es\/blogs\/cine-y-libertad\/#website","url":"https:\/\/www.cope.es\/blogs\/cine-y-libertad\/","name":"Cine y Libertad","description":"Cine y Libertad un blog de COPE","potentialAction":[{"@type":"SearchAction","target":{"@type":"EntryPoint","urlTemplate":"https:\/\/www.cope.es\/blogs\/cine-y-libertad\/?s={search_term_string}"},"query-input":{"@type":"PropertyValueSpecification","valueRequired":true,"valueName":"search_term_string"}}],"inLanguage":"es"},{"@type":"Person","@id":"https:\/\/www.cope.es\/blogs\/cine-y-libertad\/#\/schema\/person\/c95904a4fbf751a8d9124f8fa8bdaace","name":"V\u00edctor Alvarado","image":{"@type":"ImageObject","inLanguage":"es","@id":"https:\/\/secure.gravatar.com\/avatar\/db4634ae2001f7f920b8294d926f3e737ada04196e014ebacae29a4848f905f4?s=96&d=mm&r=g","url":"https:\/\/secure.gravatar.com\/avatar\/db4634ae2001f7f920b8294d926f3e737ada04196e014ebacae29a4848f905f4?s=96&d=mm&r=g","contentUrl":"https:\/\/secure.gravatar.com\/avatar\/db4634ae2001f7f920b8294d926f3e737ada04196e014ebacae29a4848f905f4?s=96&d=mm&r=g","caption":"V\u00edctor Alvarado"},"description":"V\u00edctor Alvarado tiene una larga experiencia tanto en medios de comunicaci\u00f3n como en educaci\u00f3n. Dirige el programa de radio, Directo a las Estrellas, en Intereconom\u00eda (Castilla y Le\u00f3n) y Informa Radio en toda Espa\u00f1a. Ha colaborado en Radio Inter y Esradio. Cr\u00edtico de cine en Pantalla 90, Diario Ya y P\u00e1ginas Digital. Es miembro del CEC. Es el autor de libro: La fe, la \u00e9tica y los valores de los superh\u00e9roes (PPC). Esta es su web: www.cineylibertad.com y, por supuesto, lleva m\u00e1s de 5 a\u00f1os como bloguero de Cope, donde analiza el cine, los c\u00f3mics y los libros desde una \u00f3ptica antropol\u00f3gica y axiol\u00f3gica, atendiendo a todas las dimensiones del ser humano.","sameAs":["http:\/\/www.cineylibertad.com","https:\/\/www.facebook.com\/victor.alvarado.56829446","https:\/\/www.instagram.com\/cineylibertad\/","https:\/\/x.com\/cineylibertad"],"url":"https:\/\/www.cope.es\/blogs\/cine-y-libertad\/author\/valvarado\/"}]}},"amp_enabled":true,"_links":{"self":[{"href":"https:\/\/www.cope.es\/blogs\/cine-y-libertad\/wp-json\/wp\/v2\/posts\/1516","targetHints":{"allow":["GET"]}}],"collection":[{"href":"https:\/\/www.cope.es\/blogs\/cine-y-libertad\/wp-json\/wp\/v2\/posts"}],"about":[{"href":"https:\/\/www.cope.es\/blogs\/cine-y-libertad\/wp-json\/wp\/v2\/types\/post"}],"author":[{"embeddable":true,"href":"https:\/\/www.cope.es\/blogs\/cine-y-libertad\/wp-json\/wp\/v2\/users\/7"}],"replies":[{"embeddable":true,"href":"https:\/\/www.cope.es\/blogs\/cine-y-libertad\/wp-json\/wp\/v2\/comments?post=1516"}],"version-history":[{"count":1,"href":"https:\/\/www.cope.es\/blogs\/cine-y-libertad\/wp-json\/wp\/v2\/posts\/1516\/revisions"}],"predecessor-version":[{"id":1518,"href":"https:\/\/www.cope.es\/blogs\/cine-y-libertad\/wp-json\/wp\/v2\/posts\/1516\/revisions\/1518"}],"wp:featuredmedia":[{"embeddable":true,"href":"https:\/\/www.cope.es\/blogs\/cine-y-libertad\/wp-json\/wp\/v2\/media\/1517"}],"wp:attachment":[{"href":"https:\/\/www.cope.es\/blogs\/cine-y-libertad\/wp-json\/wp\/v2\/media?parent=1516"}],"wp:term":[{"taxonomy":"category","embeddable":true,"href":"https:\/\/www.cope.es\/blogs\/cine-y-libertad\/wp-json\/wp\/v2\/categories?post=1516"},{"taxonomy":"post_tag","embeddable":true,"href":"https:\/\/www.cope.es\/blogs\/cine-y-libertad\/wp-json\/wp\/v2\/tags?post=1516"}],"curies":[{"name":"wp","href":"https:\/\/api.w.org\/{rel}","templated":true}]}}