{"id":1462,"date":"2020-01-10T21:10:34","date_gmt":"2020-01-10T20:10:34","guid":{"rendered":"http:\/\/www.cope.es\/blogs\/cine-y-libertad\/?p=1462"},"modified":"2020-01-30T10:04:46","modified_gmt":"2020-01-30T09:04:46","slug":"la-narracion-grafica-principios-y-tecnicas-del-legendario-will-eisner","status":"publish","type":"post","link":"https:\/\/www.cope.es\/blogs\/cine-y-libertad\/2020\/01\/10\/la-narracion-grafica-principios-y-tecnicas-del-legendario-will-eisner\/","title":{"rendered":"La narraci\u00f3n gr\u00e1fica: principios y t\u00e9cnicas del legendario Will Eisner"},"content":{"rendered":"<p>La narraci\u00f3n gr\u00e1fica: principios y t\u00e9cnicas del legendario Will Eisner.\u00bfPor qu\u00e9 es necesario conocer la obra de un genio del arte secuencial? Aqu\u00ed puedes escuchar mi comentario:<a title=\"La narraci\u00f3n gr\u00e1fica. Principios y t\u00e9cnicas del legendario Will Eisner\" href=\"http:\/\/www.cineylibertad.com\/la-narracion-grafica-principios-y-tecnicas-del-legendario-will-eisner\/\">La narraci\u00f3n gr\u00e1fica<\/a><\/p>\n<p><img loading=\"lazy\" decoding=\"async\" width=\"240\" height=\"300\" class=\"alignnone size-medium wp-image-1463\" src=\"http:\/\/www.cope.es\/blogs\/cine-y-libertad\/wp-content\/uploads\/sites\/7\/2020\/01\/la-narracion-grafica-principios-y-tecnicas-del-legendario-will-eisner-240x300.jpg\" alt=\"\" srcset=\"https:\/\/www.cope.es\/blogs\/cine-y-libertad\/wp-content\/uploads\/sites\/7\/2020\/01\/la-narracion-grafica-principios-y-tecnicas-del-legendario-will-eisner-240x300.jpg 240w, https:\/\/www.cope.es\/blogs\/cine-y-libertad\/wp-content\/uploads\/sites\/7\/2020\/01\/la-narracion-grafica-principios-y-tecnicas-del-legendario-will-eisner.jpg 313w\" sizes=\"auto, (max-width: 240px) 100vw, 240px\" \/><\/p>\n<p>\u00a1Lectores y amigos de Cine y Libertad!<\/p>\n<p>La Norma Editorial nos habla de su c\u00f3mic:<\/p>\n<p>En La narraci\u00f3n gr\u00e1fica, Will Eisner, uno de los dibujantes de c\u00f3mics m\u00e1s influyentes del siglo XX, expone los elementos fundamentales de la narraci\u00f3n y la forma de aplicarlos en los c\u00f3mics y las novelas gr\u00e1ficas. En un trabajo de gran valor para dibujantes de c\u00f3mics y cineastas, Eisner cuenta c\u00f3mo construir una historia y ense\u00f1a los elementos b\u00e1sicos para crear una narraci\u00f3n visual. Llena de ejemplos de la obra de Eisner y otros artistas como Art Spiegelman y Robert Crumb, esta obra esencial analiza tanto los puntos clave de la narraci\u00f3n gr\u00e1fica, como el medio del c\u00f3mic en general. Incluye lecciones sobre c\u00f3mo: &#8221; Combinar palabras e im\u00e1genes de forma harm\u00f3nica &#8221; Usar im\u00e1genes como herramientas narrativas &#8221; Dominar diferentes tipos de historia en comic &#8221; Escribir y dibujar di\u00e1logos efectivos &#8221; Desarrollar ideas que puedan convertirse en historias din\u00e1micas.&#8221;<\/p>\n<p>Puedes escucharnos en: <a href=\"http:\/\/www.cineylibertad.com\/\">www.cineylibertad.com<\/a><\/p>\n<p>Twitter: <span class=\"x_DashboardProfileCard-screenname x_u-inlineBlock x_u-dir\"><a class=\"x_DashboardProfileCard-screennameLink x_u-linkComplex x_u-linkClean\" href=\"https:\/\/twitter.com\/cineylibertad\" target=\"_blank\">@<span class=\"x_u-linkComplex-target\">cineylibertad<\/span><\/a><\/span><\/p>\n<p>V\u00edctor Alvarado<\/p>\n","protected":false},"excerpt":{"rendered":"<p>La narraci\u00f3n gr\u00e1fica: principios y t\u00e9cnicas del legendario Will Eisner.\u00bfPor qu\u00e9 es necesario conocer la obra de un genio del arte secuencial? Aqu\u00ed puedes escuchar mi comentario:La narraci\u00f3n gr\u00e1fica \u00a1Lectores y amigos de Cine y Libertad! La Norma Editorial nos habla de su c\u00f3mic: En La narraci\u00f3n gr\u00e1fica, Will Eisner, uno de los dibujantes de [&hellip;]<\/p>\n","protected":false},"author":7,"featured_media":1463,"comment_status":"open","ping_status":"open","sticky":false,"template":"","format":"standard","meta":{"footnotes":""},"categories":[3,4],"tags":[],"class_list":["post-1462","post","type-post","status-publish","format-standard","has-post-thumbnail","hentry","category-cine","category-comics"],"yoast_head":"<!-- This site is optimized with the Yoast SEO plugin v27.4 - https:\/\/yoast.com\/product\/yoast-seo-wordpress\/ -->\n<title>La narraci\u00f3n gr\u00e1fica: principios y t\u00e9cnicas del legendario Will Eisner<\/title>\n<meta name=\"description\" content=\"La narraci\u00f3n gr\u00e1fica: principios y t\u00e9cnicas del legendario Will Eisner La narraci\u00f3n gr\u00e1fica: principios y t\u00e9cnicas del legendario Will Eisner\" \/>\n<meta name=\"robots\" content=\"index, follow, max-snippet:-1, max-image-preview:large, max-video-preview:-1\" \/>\n<link rel=\"canonical\" href=\"https:\/\/www.cope.es\/blogs\/cine-y-libertad\/2020\/01\/10\/la-narracion-grafica-principios-y-tecnicas-del-legendario-will-eisner\/\" \/>\n<meta property=\"og:locale\" content=\"es_ES\" \/>\n<meta property=\"og:type\" content=\"article\" \/>\n<meta property=\"og:title\" content=\"La narraci\u00f3n gr\u00e1fica: principios y t\u00e9cnicas del legendario Will Eisner\" \/>\n<meta property=\"og:description\" content=\"La narraci\u00f3n gr\u00e1fica: principios y t\u00e9cnicas del legendario Will Eisner La narraci\u00f3n gr\u00e1fica: principios y t\u00e9cnicas del legendario Will Eisner\" \/>\n<meta property=\"og:url\" content=\"https:\/\/www.cope.es\/blogs\/cine-y-libertad\/2020\/01\/10\/la-narracion-grafica-principios-y-tecnicas-del-legendario-will-eisner\/\" \/>\n<meta property=\"og:site_name\" content=\"Cine y Libertad\" \/>\n<meta property=\"article:publisher\" content=\"https:\/\/www.facebook.com\/cope\/\" \/>\n<meta property=\"article:author\" content=\"https:\/\/www.facebook.com\/victor.alvarado.56829446\" \/>\n<meta property=\"article:published_time\" content=\"2020-01-10T20:10:34+00:00\" \/>\n<meta property=\"article:modified_time\" content=\"2020-01-30T09:04:46+00:00\" \/>\n<meta property=\"og:image\" content=\"https:\/\/www.cope.es\/blogs\/cine-y-libertad\/wp-content\/uploads\/sites\/7\/2020\/01\/la-narracion-grafica-principios-y-tecnicas-del-legendario-will-eisner.jpg\" \/>\n\t<meta property=\"og:image:width\" content=\"313\" \/>\n\t<meta property=\"og:image:height\" content=\"391\" \/>\n\t<meta property=\"og:image:type\" content=\"image\/jpeg\" \/>\n<meta name=\"author\" content=\"V\u00edctor Alvarado\" \/>\n<meta name=\"twitter:card\" content=\"summary_large_image\" \/>\n<meta name=\"twitter:creator\" content=\"@cineylibertad\" \/>\n<meta name=\"twitter:site\" content=\"@cope_es\" \/>\n<meta name=\"twitter:label1\" content=\"Escrito por\" \/>\n\t<meta name=\"twitter:data1\" content=\"V\u00edctor Alvarado\" \/>\n\t<meta name=\"twitter:label2\" content=\"Tiempo de lectura\" \/>\n\t<meta name=\"twitter:data2\" content=\"1 minuto\" \/>\n<script type=\"application\/ld+json\" class=\"yoast-schema-graph\">{\"@context\":\"https:\\\/\\\/schema.org\",\"@graph\":[{\"@type\":\"Article\",\"@id\":\"https:\\\/\\\/www.cope.es\\\/blogs\\\/cine-y-libertad\\\/2020\\\/01\\\/10\\\/la-narracion-grafica-principios-y-tecnicas-del-legendario-will-eisner\\\/#article\",\"isPartOf\":{\"@id\":\"https:\\\/\\\/www.cope.es\\\/blogs\\\/cine-y-libertad\\\/2020\\\/01\\\/10\\\/la-narracion-grafica-principios-y-tecnicas-del-legendario-will-eisner\\\/\"},\"author\":{\"name\":\"V\u00edctor Alvarado\",\"@id\":\"https:\\\/\\\/www.cope.es\\\/blogs\\\/cine-y-libertad\\\/#\\\/schema\\\/person\\\/c95904a4fbf751a8d9124f8fa8bdaace\"},\"headline\":\"La narraci\u00f3n gr\u00e1fica: principios y t\u00e9cnicas del legendario Will Eisner\",\"datePublished\":\"2020-01-10T20:10:34+00:00\",\"dateModified\":\"2020-01-30T09:04:46+00:00\",\"mainEntityOfPage\":{\"@id\":\"https:\\\/\\\/www.cope.es\\\/blogs\\\/cine-y-libertad\\\/2020\\\/01\\\/10\\\/la-narracion-grafica-principios-y-tecnicas-del-legendario-will-eisner\\\/\"},\"wordCount\":233,\"commentCount\":0,\"image\":{\"@id\":\"https:\\\/\\\/www.cope.es\\\/blogs\\\/cine-y-libertad\\\/2020\\\/01\\\/10\\\/la-narracion-grafica-principios-y-tecnicas-del-legendario-will-eisner\\\/#primaryimage\"},\"thumbnailUrl\":\"https:\\\/\\\/www.cope.es\\\/blogs\\\/cine-y-libertad\\\/wp-content\\\/uploads\\\/sites\\\/7\\\/2020\\\/01\\\/la-narracion-grafica-principios-y-tecnicas-del-legendario-will-eisner.jpg\",\"articleSection\":[\"cine\",\"c\u00f3mics\"],\"inLanguage\":\"es\",\"potentialAction\":[{\"@type\":\"CommentAction\",\"name\":\"Comment\",\"target\":[\"https:\\\/\\\/www.cope.es\\\/blogs\\\/cine-y-libertad\\\/2020\\\/01\\\/10\\\/la-narracion-grafica-principios-y-tecnicas-del-legendario-will-eisner\\\/#respond\"]}]},{\"@type\":\"WebPage\",\"@id\":\"https:\\\/\\\/www.cope.es\\\/blogs\\\/cine-y-libertad\\\/2020\\\/01\\\/10\\\/la-narracion-grafica-principios-y-tecnicas-del-legendario-will-eisner\\\/\",\"url\":\"https:\\\/\\\/www.cope.es\\\/blogs\\\/cine-y-libertad\\\/2020\\\/01\\\/10\\\/la-narracion-grafica-principios-y-tecnicas-del-legendario-will-eisner\\\/\",\"name\":\"La narraci\u00f3n gr\u00e1fica: principios y t\u00e9cnicas del legendario Will Eisner\",\"isPartOf\":{\"@id\":\"https:\\\/\\\/www.cope.es\\\/blogs\\\/cine-y-libertad\\\/#website\"},\"primaryImageOfPage\":{\"@id\":\"https:\\\/\\\/www.cope.es\\\/blogs\\\/cine-y-libertad\\\/2020\\\/01\\\/10\\\/la-narracion-grafica-principios-y-tecnicas-del-legendario-will-eisner\\\/#primaryimage\"},\"image\":{\"@id\":\"https:\\\/\\\/www.cope.es\\\/blogs\\\/cine-y-libertad\\\/2020\\\/01\\\/10\\\/la-narracion-grafica-principios-y-tecnicas-del-legendario-will-eisner\\\/#primaryimage\"},\"thumbnailUrl\":\"https:\\\/\\\/www.cope.es\\\/blogs\\\/cine-y-libertad\\\/wp-content\\\/uploads\\\/sites\\\/7\\\/2020\\\/01\\\/la-narracion-grafica-principios-y-tecnicas-del-legendario-will-eisner.jpg\",\"datePublished\":\"2020-01-10T20:10:34+00:00\",\"dateModified\":\"2020-01-30T09:04:46+00:00\",\"author\":{\"@id\":\"https:\\\/\\\/www.cope.es\\\/blogs\\\/cine-y-libertad\\\/#\\\/schema\\\/person\\\/c95904a4fbf751a8d9124f8fa8bdaace\"},\"description\":\"La narraci\u00f3n gr\u00e1fica: principios y t\u00e9cnicas del legendario Will Eisner La narraci\u00f3n gr\u00e1fica: principios y t\u00e9cnicas del legendario Will Eisner\",\"breadcrumb\":{\"@id\":\"https:\\\/\\\/www.cope.es\\\/blogs\\\/cine-y-libertad\\\/2020\\\/01\\\/10\\\/la-narracion-grafica-principios-y-tecnicas-del-legendario-will-eisner\\\/#breadcrumb\"},\"inLanguage\":\"es\",\"potentialAction\":[{\"@type\":\"ReadAction\",\"target\":[\"https:\\\/\\\/www.cope.es\\\/blogs\\\/cine-y-libertad\\\/2020\\\/01\\\/10\\\/la-narracion-grafica-principios-y-tecnicas-del-legendario-will-eisner\\\/\"]}]},{\"@type\":\"ImageObject\",\"inLanguage\":\"es\",\"@id\":\"https:\\\/\\\/www.cope.es\\\/blogs\\\/cine-y-libertad\\\/2020\\\/01\\\/10\\\/la-narracion-grafica-principios-y-tecnicas-del-legendario-will-eisner\\\/#primaryimage\",\"url\":\"https:\\\/\\\/www.cope.es\\\/blogs\\\/cine-y-libertad\\\/wp-content\\\/uploads\\\/sites\\\/7\\\/2020\\\/01\\\/la-narracion-grafica-principios-y-tecnicas-del-legendario-will-eisner.jpg\",\"contentUrl\":\"https:\\\/\\\/www.cope.es\\\/blogs\\\/cine-y-libertad\\\/wp-content\\\/uploads\\\/sites\\\/7\\\/2020\\\/01\\\/la-narracion-grafica-principios-y-tecnicas-del-legendario-will-eisner.jpg\",\"width\":313,\"height\":391},{\"@type\":\"BreadcrumbList\",\"@id\":\"https:\\\/\\\/www.cope.es\\\/blogs\\\/cine-y-libertad\\\/2020\\\/01\\\/10\\\/la-narracion-grafica-principios-y-tecnicas-del-legendario-will-eisner\\\/#breadcrumb\",\"itemListElement\":[{\"@type\":\"ListItem\",\"position\":1,\"name\":\"Portada\",\"item\":\"https:\\\/\\\/www.cope.es\\\/blogs\\\/cine-y-libertad\\\/\"},{\"@type\":\"ListItem\",\"position\":2,\"name\":\"La narraci\u00f3n gr\u00e1fica: principios y t\u00e9cnicas del legendario Will Eisner\"}]},{\"@type\":\"WebSite\",\"@id\":\"https:\\\/\\\/www.cope.es\\\/blogs\\\/cine-y-libertad\\\/#website\",\"url\":\"https:\\\/\\\/www.cope.es\\\/blogs\\\/cine-y-libertad\\\/\",\"name\":\"Cine y Libertad\",\"description\":\"Cine y Libertad un blog de COPE\",\"potentialAction\":[{\"@type\":\"SearchAction\",\"target\":{\"@type\":\"EntryPoint\",\"urlTemplate\":\"https:\\\/\\\/www.cope.es\\\/blogs\\\/cine-y-libertad\\\/?s={search_term_string}\"},\"query-input\":{\"@type\":\"PropertyValueSpecification\",\"valueRequired\":true,\"valueName\":\"search_term_string\"}}],\"inLanguage\":\"es\"},{\"@type\":\"Person\",\"@id\":\"https:\\\/\\\/www.cope.es\\\/blogs\\\/cine-y-libertad\\\/#\\\/schema\\\/person\\\/c95904a4fbf751a8d9124f8fa8bdaace\",\"name\":\"V\u00edctor Alvarado\",\"image\":{\"@type\":\"ImageObject\",\"inLanguage\":\"es\",\"@id\":\"https:\\\/\\\/secure.gravatar.com\\\/avatar\\\/db4634ae2001f7f920b8294d926f3e737ada04196e014ebacae29a4848f905f4?s=96&d=mm&r=g\",\"url\":\"https:\\\/\\\/secure.gravatar.com\\\/avatar\\\/db4634ae2001f7f920b8294d926f3e737ada04196e014ebacae29a4848f905f4?s=96&d=mm&r=g\",\"contentUrl\":\"https:\\\/\\\/secure.gravatar.com\\\/avatar\\\/db4634ae2001f7f920b8294d926f3e737ada04196e014ebacae29a4848f905f4?s=96&d=mm&r=g\",\"caption\":\"V\u00edctor Alvarado\"},\"description\":\"V\u00edctor Alvarado tiene una larga experiencia tanto en medios de comunicaci\u00f3n como en educaci\u00f3n. Dirige el programa de radio, Directo a las Estrellas, en Intereconom\u00eda (Castilla y Le\u00f3n) y Informa Radio en toda Espa\u00f1a. Ha colaborado en Radio Inter y Esradio. Cr\u00edtico de cine en Pantalla 90, Diario Ya y P\u00e1ginas Digital. Es miembro del CEC. Es el autor de libro: La fe, la \u00e9tica y los valores de los superh\u00e9roes (PPC). Esta es su web: www.cineylibertad.com y, por supuesto, lleva m\u00e1s de 5 a\u00f1os como bloguero de Cope, donde analiza el cine, los c\u00f3mics y los libros desde una \u00f3ptica antropol\u00f3gica y axiol\u00f3gica, atendiendo a todas las dimensiones del ser humano.\",\"sameAs\":[\"http:\\\/\\\/www.cineylibertad.com\",\"https:\\\/\\\/www.facebook.com\\\/victor.alvarado.56829446\",\"https:\\\/\\\/www.instagram.com\\\/cineylibertad\\\/\",\"https:\\\/\\\/x.com\\\/cineylibertad\"],\"url\":\"https:\\\/\\\/www.cope.es\\\/blogs\\\/cine-y-libertad\\\/author\\\/valvarado\\\/\"}]}<\/script>\n<!-- \/ Yoast SEO plugin. -->","yoast_head_json":{"title":"La narraci\u00f3n gr\u00e1fica: principios y t\u00e9cnicas del legendario Will Eisner","description":"La narraci\u00f3n gr\u00e1fica: principios y t\u00e9cnicas del legendario Will Eisner La narraci\u00f3n gr\u00e1fica: principios y t\u00e9cnicas del legendario Will Eisner","robots":{"index":"index","follow":"follow","max-snippet":"max-snippet:-1","max-image-preview":"max-image-preview:large","max-video-preview":"max-video-preview:-1"},"canonical":"https:\/\/www.cope.es\/blogs\/cine-y-libertad\/2020\/01\/10\/la-narracion-grafica-principios-y-tecnicas-del-legendario-will-eisner\/","og_locale":"es_ES","og_type":"article","og_title":"La narraci\u00f3n gr\u00e1fica: principios y t\u00e9cnicas del legendario Will Eisner","og_description":"La narraci\u00f3n gr\u00e1fica: principios y t\u00e9cnicas del legendario Will Eisner La narraci\u00f3n gr\u00e1fica: principios y t\u00e9cnicas del legendario Will Eisner","og_url":"https:\/\/www.cope.es\/blogs\/cine-y-libertad\/2020\/01\/10\/la-narracion-grafica-principios-y-tecnicas-del-legendario-will-eisner\/","og_site_name":"Cine y Libertad","article_publisher":"https:\/\/www.facebook.com\/cope\/","article_author":"https:\/\/www.facebook.com\/victor.alvarado.56829446","article_published_time":"2020-01-10T20:10:34+00:00","article_modified_time":"2020-01-30T09:04:46+00:00","og_image":[{"width":313,"height":391,"url":"https:\/\/www.cope.es\/blogs\/cine-y-libertad\/wp-content\/uploads\/sites\/7\/2020\/01\/la-narracion-grafica-principios-y-tecnicas-del-legendario-will-eisner.jpg","type":"image\/jpeg"}],"author":"V\u00edctor Alvarado","twitter_card":"summary_large_image","twitter_creator":"@cineylibertad","twitter_site":"@cope_es","twitter_misc":{"Escrito por":"V\u00edctor Alvarado","Tiempo de lectura":"1 minuto"},"schema":{"@context":"https:\/\/schema.org","@graph":[{"@type":"Article","@id":"https:\/\/www.cope.es\/blogs\/cine-y-libertad\/2020\/01\/10\/la-narracion-grafica-principios-y-tecnicas-del-legendario-will-eisner\/#article","isPartOf":{"@id":"https:\/\/www.cope.es\/blogs\/cine-y-libertad\/2020\/01\/10\/la-narracion-grafica-principios-y-tecnicas-del-legendario-will-eisner\/"},"author":{"name":"V\u00edctor Alvarado","@id":"https:\/\/www.cope.es\/blogs\/cine-y-libertad\/#\/schema\/person\/c95904a4fbf751a8d9124f8fa8bdaace"},"headline":"La narraci\u00f3n gr\u00e1fica: principios y t\u00e9cnicas del legendario Will Eisner","datePublished":"2020-01-10T20:10:34+00:00","dateModified":"2020-01-30T09:04:46+00:00","mainEntityOfPage":{"@id":"https:\/\/www.cope.es\/blogs\/cine-y-libertad\/2020\/01\/10\/la-narracion-grafica-principios-y-tecnicas-del-legendario-will-eisner\/"},"wordCount":233,"commentCount":0,"image":{"@id":"https:\/\/www.cope.es\/blogs\/cine-y-libertad\/2020\/01\/10\/la-narracion-grafica-principios-y-tecnicas-del-legendario-will-eisner\/#primaryimage"},"thumbnailUrl":"https:\/\/www.cope.es\/blogs\/cine-y-libertad\/wp-content\/uploads\/sites\/7\/2020\/01\/la-narracion-grafica-principios-y-tecnicas-del-legendario-will-eisner.jpg","articleSection":["cine","c\u00f3mics"],"inLanguage":"es","potentialAction":[{"@type":"CommentAction","name":"Comment","target":["https:\/\/www.cope.es\/blogs\/cine-y-libertad\/2020\/01\/10\/la-narracion-grafica-principios-y-tecnicas-del-legendario-will-eisner\/#respond"]}]},{"@type":"WebPage","@id":"https:\/\/www.cope.es\/blogs\/cine-y-libertad\/2020\/01\/10\/la-narracion-grafica-principios-y-tecnicas-del-legendario-will-eisner\/","url":"https:\/\/www.cope.es\/blogs\/cine-y-libertad\/2020\/01\/10\/la-narracion-grafica-principios-y-tecnicas-del-legendario-will-eisner\/","name":"La narraci\u00f3n gr\u00e1fica: principios y t\u00e9cnicas del legendario Will Eisner","isPartOf":{"@id":"https:\/\/www.cope.es\/blogs\/cine-y-libertad\/#website"},"primaryImageOfPage":{"@id":"https:\/\/www.cope.es\/blogs\/cine-y-libertad\/2020\/01\/10\/la-narracion-grafica-principios-y-tecnicas-del-legendario-will-eisner\/#primaryimage"},"image":{"@id":"https:\/\/www.cope.es\/blogs\/cine-y-libertad\/2020\/01\/10\/la-narracion-grafica-principios-y-tecnicas-del-legendario-will-eisner\/#primaryimage"},"thumbnailUrl":"https:\/\/www.cope.es\/blogs\/cine-y-libertad\/wp-content\/uploads\/sites\/7\/2020\/01\/la-narracion-grafica-principios-y-tecnicas-del-legendario-will-eisner.jpg","datePublished":"2020-01-10T20:10:34+00:00","dateModified":"2020-01-30T09:04:46+00:00","author":{"@id":"https:\/\/www.cope.es\/blogs\/cine-y-libertad\/#\/schema\/person\/c95904a4fbf751a8d9124f8fa8bdaace"},"description":"La narraci\u00f3n gr\u00e1fica: principios y t\u00e9cnicas del legendario Will Eisner La narraci\u00f3n gr\u00e1fica: principios y t\u00e9cnicas del legendario Will Eisner","breadcrumb":{"@id":"https:\/\/www.cope.es\/blogs\/cine-y-libertad\/2020\/01\/10\/la-narracion-grafica-principios-y-tecnicas-del-legendario-will-eisner\/#breadcrumb"},"inLanguage":"es","potentialAction":[{"@type":"ReadAction","target":["https:\/\/www.cope.es\/blogs\/cine-y-libertad\/2020\/01\/10\/la-narracion-grafica-principios-y-tecnicas-del-legendario-will-eisner\/"]}]},{"@type":"ImageObject","inLanguage":"es","@id":"https:\/\/www.cope.es\/blogs\/cine-y-libertad\/2020\/01\/10\/la-narracion-grafica-principios-y-tecnicas-del-legendario-will-eisner\/#primaryimage","url":"https:\/\/www.cope.es\/blogs\/cine-y-libertad\/wp-content\/uploads\/sites\/7\/2020\/01\/la-narracion-grafica-principios-y-tecnicas-del-legendario-will-eisner.jpg","contentUrl":"https:\/\/www.cope.es\/blogs\/cine-y-libertad\/wp-content\/uploads\/sites\/7\/2020\/01\/la-narracion-grafica-principios-y-tecnicas-del-legendario-will-eisner.jpg","width":313,"height":391},{"@type":"BreadcrumbList","@id":"https:\/\/www.cope.es\/blogs\/cine-y-libertad\/2020\/01\/10\/la-narracion-grafica-principios-y-tecnicas-del-legendario-will-eisner\/#breadcrumb","itemListElement":[{"@type":"ListItem","position":1,"name":"Portada","item":"https:\/\/www.cope.es\/blogs\/cine-y-libertad\/"},{"@type":"ListItem","position":2,"name":"La narraci\u00f3n gr\u00e1fica: principios y t\u00e9cnicas del legendario Will Eisner"}]},{"@type":"WebSite","@id":"https:\/\/www.cope.es\/blogs\/cine-y-libertad\/#website","url":"https:\/\/www.cope.es\/blogs\/cine-y-libertad\/","name":"Cine y Libertad","description":"Cine y Libertad un blog de COPE","potentialAction":[{"@type":"SearchAction","target":{"@type":"EntryPoint","urlTemplate":"https:\/\/www.cope.es\/blogs\/cine-y-libertad\/?s={search_term_string}"},"query-input":{"@type":"PropertyValueSpecification","valueRequired":true,"valueName":"search_term_string"}}],"inLanguage":"es"},{"@type":"Person","@id":"https:\/\/www.cope.es\/blogs\/cine-y-libertad\/#\/schema\/person\/c95904a4fbf751a8d9124f8fa8bdaace","name":"V\u00edctor Alvarado","image":{"@type":"ImageObject","inLanguage":"es","@id":"https:\/\/secure.gravatar.com\/avatar\/db4634ae2001f7f920b8294d926f3e737ada04196e014ebacae29a4848f905f4?s=96&d=mm&r=g","url":"https:\/\/secure.gravatar.com\/avatar\/db4634ae2001f7f920b8294d926f3e737ada04196e014ebacae29a4848f905f4?s=96&d=mm&r=g","contentUrl":"https:\/\/secure.gravatar.com\/avatar\/db4634ae2001f7f920b8294d926f3e737ada04196e014ebacae29a4848f905f4?s=96&d=mm&r=g","caption":"V\u00edctor Alvarado"},"description":"V\u00edctor Alvarado tiene una larga experiencia tanto en medios de comunicaci\u00f3n como en educaci\u00f3n. Dirige el programa de radio, Directo a las Estrellas, en Intereconom\u00eda (Castilla y Le\u00f3n) y Informa Radio en toda Espa\u00f1a. Ha colaborado en Radio Inter y Esradio. Cr\u00edtico de cine en Pantalla 90, Diario Ya y P\u00e1ginas Digital. Es miembro del CEC. Es el autor de libro: La fe, la \u00e9tica y los valores de los superh\u00e9roes (PPC). Esta es su web: www.cineylibertad.com y, por supuesto, lleva m\u00e1s de 5 a\u00f1os como bloguero de Cope, donde analiza el cine, los c\u00f3mics y los libros desde una \u00f3ptica antropol\u00f3gica y axiol\u00f3gica, atendiendo a todas las dimensiones del ser humano.","sameAs":["http:\/\/www.cineylibertad.com","https:\/\/www.facebook.com\/victor.alvarado.56829446","https:\/\/www.instagram.com\/cineylibertad\/","https:\/\/x.com\/cineylibertad"],"url":"https:\/\/www.cope.es\/blogs\/cine-y-libertad\/author\/valvarado\/"}]}},"amp_enabled":true,"_links":{"self":[{"href":"https:\/\/www.cope.es\/blogs\/cine-y-libertad\/wp-json\/wp\/v2\/posts\/1462","targetHints":{"allow":["GET"]}}],"collection":[{"href":"https:\/\/www.cope.es\/blogs\/cine-y-libertad\/wp-json\/wp\/v2\/posts"}],"about":[{"href":"https:\/\/www.cope.es\/blogs\/cine-y-libertad\/wp-json\/wp\/v2\/types\/post"}],"author":[{"embeddable":true,"href":"https:\/\/www.cope.es\/blogs\/cine-y-libertad\/wp-json\/wp\/v2\/users\/7"}],"replies":[{"embeddable":true,"href":"https:\/\/www.cope.es\/blogs\/cine-y-libertad\/wp-json\/wp\/v2\/comments?post=1462"}],"version-history":[{"count":2,"href":"https:\/\/www.cope.es\/blogs\/cine-y-libertad\/wp-json\/wp\/v2\/posts\/1462\/revisions"}],"predecessor-version":[{"id":1522,"href":"https:\/\/www.cope.es\/blogs\/cine-y-libertad\/wp-json\/wp\/v2\/posts\/1462\/revisions\/1522"}],"wp:featuredmedia":[{"embeddable":true,"href":"https:\/\/www.cope.es\/blogs\/cine-y-libertad\/wp-json\/wp\/v2\/media\/1463"}],"wp:attachment":[{"href":"https:\/\/www.cope.es\/blogs\/cine-y-libertad\/wp-json\/wp\/v2\/media?parent=1462"}],"wp:term":[{"taxonomy":"category","embeddable":true,"href":"https:\/\/www.cope.es\/blogs\/cine-y-libertad\/wp-json\/wp\/v2\/categories?post=1462"},{"taxonomy":"post_tag","embeddable":true,"href":"https:\/\/www.cope.es\/blogs\/cine-y-libertad\/wp-json\/wp\/v2\/tags?post=1462"}],"curies":[{"name":"wp","href":"https:\/\/api.w.org\/{rel}","templated":true}]}}