{"id":1395,"date":"2019-12-15T21:12:15","date_gmt":"2019-12-15T20:12:15","guid":{"rendered":"http:\/\/www.cope.es\/blogs\/cine-y-libertad\/?p=1395"},"modified":"2019-12-15T21:12:15","modified_gmt":"2019-12-15T20:12:15","slug":"rob-reiner-lo-que-paso-cuando-inigo-montoya-conocio-a-harry-y-sally","status":"publish","type":"post","link":"https:\/\/www.cope.es\/blogs\/cine-y-libertad\/2019\/12\/15\/rob-reiner-lo-que-paso-cuando-inigo-montoya-conocio-a-harry-y-sally\/","title":{"rendered":"Rob Reiner-Lo que pas\u00f3 cuando I\u00f1igo Montoya conoci\u00f3 a Harry y Sally"},"content":{"rendered":"<p>Rob Reiner-Lo que pas\u00f3 cuando I\u00f1igo Montoya conoci\u00f3 a Harry y Sally. \u00bfQu\u00e9 tienen de especial sus pel\u00edculas? No puedes perderte la entrevista que hicimos a Jorge Fonte. Aqu\u00ed puedes escucharla:<a title=\"Rob Reiner-Lo que pas\u00f3 cuando I\u00f1igo Montoya conoci\u00f3 a Harry y Sally\" href=\"http:\/\/www.cineylibertad.com\/rob-reiner-lo-que-paso-cuando-inigo-montoya-conocio-a-harry-y-sally\/\">Rob Reiner<\/a><\/p>\n<p><img loading=\"lazy\" decoding=\"async\" width=\"183\" height=\"300\" class=\"alignnone size-medium wp-image-1397\" src=\"http:\/\/www.cope.es\/blogs\/cine-y-libertad\/wp-content\/uploads\/sites\/7\/2019\/12\/rob-reiner-lo-que-paso-cuando-inigo-montoya-conocio-a-harry-y-sally-183x300.jpg\" alt=\"\" srcset=\"https:\/\/www.cope.es\/blogs\/cine-y-libertad\/wp-content\/uploads\/sites\/7\/2019\/12\/rob-reiner-lo-que-paso-cuando-inigo-montoya-conocio-a-harry-y-sally-183x300.jpg 183w, https:\/\/www.cope.es\/blogs\/cine-y-libertad\/wp-content\/uploads\/sites\/7\/2019\/12\/rob-reiner-lo-que-paso-cuando-inigo-montoya-conocio-a-harry-y-sally.jpg 200w\" sizes=\"auto, (max-width: 183px) 100vw, 183px\" \/><\/p>\n<p>C\u00e1tedra nos habla de su libro:<\/p>\n<p>Rob Reiner es uno de esos directores sobre los que se podr\u00eda decir que trabajan pr\u00e1cticamente desde el anonimato. Sobre \u00e9l no se publican libros ni se encuentran grandes estudios monogr\u00e1ficos en revistas especializadas, no se hacen promo\u00adciones internacionales de sus pel\u00edculas ni se escriben amplios reportajes, no hay estrenos multitudinarios ni espectaculares campa\u00f1as publicitarias.<\/p>\n<p>Y, sin embargo, en su filmograf\u00eda hay varios t\u00edtulos que forman parte de la cultura popular y que son f\u00e1cilmente reconocibles (y recordados) por el gran p\u00fablico como, por ejemplo, &#8220;Cuenta conmigo&#8221; (1987), &#8220;La princesa prometida&#8221; (1987), &#8220;Misery&#8221; (1990), &#8220;Algunos hombres buenos&#8221; (1992) y, sobre todo, &#8220;Cuando Harry encontr\u00f3 a Sally&#8221; (1989), que est\u00e1 considerada como la comedia rom\u00e1ntica contempor\u00e1nea por excelencia.<\/p>\n<div class=\"boxTexto\">\n<p>Twitter:\u00a0<span class=\"x_DashboardProfileCard-screenname x_u-inlineBlock x_u-dir\"><a class=\"x_DashboardProfileCard-screennameLink x_u-linkComplex x_u-linkClean\" href=\"https:\/\/twitter.com\/cineylibertad\" target=\"_blank\">@<span class=\"x_u-linkComplex-target\">cineylibertad<\/span><\/a><\/span><\/p>\n<\/div>\n","protected":false},"excerpt":{"rendered":"<p>Rob Reiner-Lo que pas\u00f3 cuando I\u00f1igo Montoya conoci\u00f3 a Harry y Sally. \u00bfQu\u00e9 tienen de especial sus pel\u00edculas? No puedes perderte la entrevista que hicimos a Jorge Fonte. Aqu\u00ed puedes escucharla:Rob Reiner C\u00e1tedra nos habla de su libro: Rob Reiner es uno de esos directores sobre los que se podr\u00eda decir que trabajan pr\u00e1cticamente desde [&hellip;]<\/p>\n","protected":false},"author":7,"featured_media":1397,"comment_status":"open","ping_status":"open","sticky":false,"template":"","format":"standard","meta":{"footnotes":""},"categories":[131,158,3,95,17,5,43,42],"tags":[185,183,184],"class_list":["post-1395","post","type-post","status-publish","format-standard","has-post-thumbnail","hentry","category-amistad","category-amor","category-cine","category-comedia","category-hollywood","category-libros","category-militares","category-obra-maestra","tag-nora-ephron","tag-stephen-king","tag-william-goldman"],"yoast_head":"<!-- This site is optimized with the Yoast SEO plugin v27.4 - https:\/\/yoast.com\/product\/yoast-seo-wordpress\/ -->\n<title>Rob Reiner-Lo que pas\u00f3 cuando I\u00f1igo Montoya conoci\u00f3 a Harry y Sally<\/title>\n<meta name=\"description\" content=\"Rob Reiner-Lo que pas\u00f3 cuando I\u00f1igo Montoya conoci\u00f3 a Harry y Sally Rob Reiner-Lo que pas\u00f3 cuando I\u00f1igo Montoya conoci\u00f3 a Harry y Sally\" \/>\n<meta name=\"robots\" content=\"index, follow, max-snippet:-1, max-image-preview:large, max-video-preview:-1\" \/>\n<link rel=\"canonical\" href=\"https:\/\/www.cope.es\/blogs\/cine-y-libertad\/2019\/12\/15\/rob-reiner-lo-que-paso-cuando-inigo-montoya-conocio-a-harry-y-sally\/\" \/>\n<meta property=\"og:locale\" content=\"es_ES\" \/>\n<meta property=\"og:type\" content=\"article\" \/>\n<meta property=\"og:title\" content=\"Rob Reiner-Lo que pas\u00f3 cuando I\u00f1igo Montoya conoci\u00f3 a Harry y Sally\" \/>\n<meta property=\"og:description\" content=\"Rob Reiner-Lo que pas\u00f3 cuando I\u00f1igo Montoya conoci\u00f3 a Harry y Sally Rob Reiner-Lo que pas\u00f3 cuando I\u00f1igo Montoya conoci\u00f3 a Harry y Sally\" \/>\n<meta property=\"og:url\" content=\"https:\/\/www.cope.es\/blogs\/cine-y-libertad\/2019\/12\/15\/rob-reiner-lo-que-paso-cuando-inigo-montoya-conocio-a-harry-y-sally\/\" \/>\n<meta property=\"og:site_name\" content=\"Cine y Libertad\" \/>\n<meta property=\"article:publisher\" content=\"https:\/\/www.facebook.com\/cope\/\" \/>\n<meta property=\"article:author\" content=\"https:\/\/www.facebook.com\/victor.alvarado.56829446\" \/>\n<meta property=\"article:published_time\" content=\"2019-12-15T20:12:15+00:00\" \/>\n<meta property=\"og:image\" content=\"https:\/\/www.cope.es\/blogs\/cine-y-libertad\/wp-content\/uploads\/sites\/7\/2019\/12\/rob-reiner-lo-que-paso-cuando-inigo-montoya-conocio-a-harry-y-sally.jpg\" \/>\n\t<meta property=\"og:image:width\" content=\"200\" \/>\n\t<meta property=\"og:image:height\" content=\"327\" \/>\n\t<meta property=\"og:image:type\" content=\"image\/jpeg\" \/>\n<meta name=\"author\" content=\"V\u00edctor Alvarado\" \/>\n<meta name=\"twitter:card\" content=\"summary_large_image\" \/>\n<meta name=\"twitter:creator\" content=\"@cineylibertad\" \/>\n<meta name=\"twitter:site\" content=\"@cope_es\" \/>\n<meta name=\"twitter:label1\" content=\"Escrito por\" \/>\n\t<meta name=\"twitter:data1\" content=\"V\u00edctor Alvarado\" \/>\n\t<meta name=\"twitter:label2\" content=\"Tiempo de lectura\" \/>\n\t<meta name=\"twitter:data2\" content=\"1 minuto\" \/>\n<script type=\"application\/ld+json\" class=\"yoast-schema-graph\">{\"@context\":\"https:\\\/\\\/schema.org\",\"@graph\":[{\"@type\":\"Article\",\"@id\":\"https:\\\/\\\/www.cope.es\\\/blogs\\\/cine-y-libertad\\\/2019\\\/12\\\/15\\\/rob-reiner-lo-que-paso-cuando-inigo-montoya-conocio-a-harry-y-sally\\\/#article\",\"isPartOf\":{\"@id\":\"https:\\\/\\\/www.cope.es\\\/blogs\\\/cine-y-libertad\\\/2019\\\/12\\\/15\\\/rob-reiner-lo-que-paso-cuando-inigo-montoya-conocio-a-harry-y-sally\\\/\"},\"author\":{\"name\":\"V\u00edctor Alvarado\",\"@id\":\"https:\\\/\\\/www.cope.es\\\/blogs\\\/cine-y-libertad\\\/#\\\/schema\\\/person\\\/c95904a4fbf751a8d9124f8fa8bdaace\"},\"headline\":\"Rob Reiner-Lo que pas\u00f3 cuando I\u00f1igo Montoya conoci\u00f3 a Harry y Sally\",\"datePublished\":\"2019-12-15T20:12:15+00:00\",\"mainEntityOfPage\":{\"@id\":\"https:\\\/\\\/www.cope.es\\\/blogs\\\/cine-y-libertad\\\/2019\\\/12\\\/15\\\/rob-reiner-lo-que-paso-cuando-inigo-montoya-conocio-a-harry-y-sally\\\/\"},\"wordCount\":181,\"commentCount\":0,\"image\":{\"@id\":\"https:\\\/\\\/www.cope.es\\\/blogs\\\/cine-y-libertad\\\/2019\\\/12\\\/15\\\/rob-reiner-lo-que-paso-cuando-inigo-montoya-conocio-a-harry-y-sally\\\/#primaryimage\"},\"thumbnailUrl\":\"https:\\\/\\\/www.cope.es\\\/blogs\\\/cine-y-libertad\\\/wp-content\\\/uploads\\\/sites\\\/7\\\/2019\\\/12\\\/rob-reiner-lo-que-paso-cuando-inigo-montoya-conocio-a-harry-y-sally.jpg\",\"keywords\":[\"Nora Ephron\",\"Stephen King\",\"William Goldman\"],\"articleSection\":[\"amistad\",\"amor\",\"cine\",\"comedia\",\"Hollywood\",\"libros\",\"militares\",\"Obra maestra\"],\"inLanguage\":\"es\",\"potentialAction\":[{\"@type\":\"CommentAction\",\"name\":\"Comment\",\"target\":[\"https:\\\/\\\/www.cope.es\\\/blogs\\\/cine-y-libertad\\\/2019\\\/12\\\/15\\\/rob-reiner-lo-que-paso-cuando-inigo-montoya-conocio-a-harry-y-sally\\\/#respond\"]}]},{\"@type\":\"WebPage\",\"@id\":\"https:\\\/\\\/www.cope.es\\\/blogs\\\/cine-y-libertad\\\/2019\\\/12\\\/15\\\/rob-reiner-lo-que-paso-cuando-inigo-montoya-conocio-a-harry-y-sally\\\/\",\"url\":\"https:\\\/\\\/www.cope.es\\\/blogs\\\/cine-y-libertad\\\/2019\\\/12\\\/15\\\/rob-reiner-lo-que-paso-cuando-inigo-montoya-conocio-a-harry-y-sally\\\/\",\"name\":\"Rob Reiner-Lo que pas\u00f3 cuando I\u00f1igo Montoya conoci\u00f3 a Harry y Sally\",\"isPartOf\":{\"@id\":\"https:\\\/\\\/www.cope.es\\\/blogs\\\/cine-y-libertad\\\/#website\"},\"primaryImageOfPage\":{\"@id\":\"https:\\\/\\\/www.cope.es\\\/blogs\\\/cine-y-libertad\\\/2019\\\/12\\\/15\\\/rob-reiner-lo-que-paso-cuando-inigo-montoya-conocio-a-harry-y-sally\\\/#primaryimage\"},\"image\":{\"@id\":\"https:\\\/\\\/www.cope.es\\\/blogs\\\/cine-y-libertad\\\/2019\\\/12\\\/15\\\/rob-reiner-lo-que-paso-cuando-inigo-montoya-conocio-a-harry-y-sally\\\/#primaryimage\"},\"thumbnailUrl\":\"https:\\\/\\\/www.cope.es\\\/blogs\\\/cine-y-libertad\\\/wp-content\\\/uploads\\\/sites\\\/7\\\/2019\\\/12\\\/rob-reiner-lo-que-paso-cuando-inigo-montoya-conocio-a-harry-y-sally.jpg\",\"datePublished\":\"2019-12-15T20:12:15+00:00\",\"author\":{\"@id\":\"https:\\\/\\\/www.cope.es\\\/blogs\\\/cine-y-libertad\\\/#\\\/schema\\\/person\\\/c95904a4fbf751a8d9124f8fa8bdaace\"},\"description\":\"Rob Reiner-Lo que pas\u00f3 cuando I\u00f1igo Montoya conoci\u00f3 a Harry y Sally Rob Reiner-Lo que pas\u00f3 cuando I\u00f1igo Montoya conoci\u00f3 a Harry y Sally\",\"breadcrumb\":{\"@id\":\"https:\\\/\\\/www.cope.es\\\/blogs\\\/cine-y-libertad\\\/2019\\\/12\\\/15\\\/rob-reiner-lo-que-paso-cuando-inigo-montoya-conocio-a-harry-y-sally\\\/#breadcrumb\"},\"inLanguage\":\"es\",\"potentialAction\":[{\"@type\":\"ReadAction\",\"target\":[\"https:\\\/\\\/www.cope.es\\\/blogs\\\/cine-y-libertad\\\/2019\\\/12\\\/15\\\/rob-reiner-lo-que-paso-cuando-inigo-montoya-conocio-a-harry-y-sally\\\/\"]}]},{\"@type\":\"ImageObject\",\"inLanguage\":\"es\",\"@id\":\"https:\\\/\\\/www.cope.es\\\/blogs\\\/cine-y-libertad\\\/2019\\\/12\\\/15\\\/rob-reiner-lo-que-paso-cuando-inigo-montoya-conocio-a-harry-y-sally\\\/#primaryimage\",\"url\":\"https:\\\/\\\/www.cope.es\\\/blogs\\\/cine-y-libertad\\\/wp-content\\\/uploads\\\/sites\\\/7\\\/2019\\\/12\\\/rob-reiner-lo-que-paso-cuando-inigo-montoya-conocio-a-harry-y-sally.jpg\",\"contentUrl\":\"https:\\\/\\\/www.cope.es\\\/blogs\\\/cine-y-libertad\\\/wp-content\\\/uploads\\\/sites\\\/7\\\/2019\\\/12\\\/rob-reiner-lo-que-paso-cuando-inigo-montoya-conocio-a-harry-y-sally.jpg\",\"width\":200,\"height\":327},{\"@type\":\"BreadcrumbList\",\"@id\":\"https:\\\/\\\/www.cope.es\\\/blogs\\\/cine-y-libertad\\\/2019\\\/12\\\/15\\\/rob-reiner-lo-que-paso-cuando-inigo-montoya-conocio-a-harry-y-sally\\\/#breadcrumb\",\"itemListElement\":[{\"@type\":\"ListItem\",\"position\":1,\"name\":\"Portada\",\"item\":\"https:\\\/\\\/www.cope.es\\\/blogs\\\/cine-y-libertad\\\/\"},{\"@type\":\"ListItem\",\"position\":2,\"name\":\"Rob Reiner-Lo que pas\u00f3 cuando I\u00f1igo Montoya conoci\u00f3 a Harry y Sally\"}]},{\"@type\":\"WebSite\",\"@id\":\"https:\\\/\\\/www.cope.es\\\/blogs\\\/cine-y-libertad\\\/#website\",\"url\":\"https:\\\/\\\/www.cope.es\\\/blogs\\\/cine-y-libertad\\\/\",\"name\":\"Cine y Libertad\",\"description\":\"Cine y Libertad un blog de COPE\",\"potentialAction\":[{\"@type\":\"SearchAction\",\"target\":{\"@type\":\"EntryPoint\",\"urlTemplate\":\"https:\\\/\\\/www.cope.es\\\/blogs\\\/cine-y-libertad\\\/?s={search_term_string}\"},\"query-input\":{\"@type\":\"PropertyValueSpecification\",\"valueRequired\":true,\"valueName\":\"search_term_string\"}}],\"inLanguage\":\"es\"},{\"@type\":\"Person\",\"@id\":\"https:\\\/\\\/www.cope.es\\\/blogs\\\/cine-y-libertad\\\/#\\\/schema\\\/person\\\/c95904a4fbf751a8d9124f8fa8bdaace\",\"name\":\"V\u00edctor Alvarado\",\"image\":{\"@type\":\"ImageObject\",\"inLanguage\":\"es\",\"@id\":\"https:\\\/\\\/secure.gravatar.com\\\/avatar\\\/db4634ae2001f7f920b8294d926f3e737ada04196e014ebacae29a4848f905f4?s=96&d=mm&r=g\",\"url\":\"https:\\\/\\\/secure.gravatar.com\\\/avatar\\\/db4634ae2001f7f920b8294d926f3e737ada04196e014ebacae29a4848f905f4?s=96&d=mm&r=g\",\"contentUrl\":\"https:\\\/\\\/secure.gravatar.com\\\/avatar\\\/db4634ae2001f7f920b8294d926f3e737ada04196e014ebacae29a4848f905f4?s=96&d=mm&r=g\",\"caption\":\"V\u00edctor Alvarado\"},\"description\":\"V\u00edctor Alvarado tiene una larga experiencia tanto en medios de comunicaci\u00f3n como en educaci\u00f3n. Dirige el programa de radio, Directo a las Estrellas, en Intereconom\u00eda (Castilla y Le\u00f3n) y Informa Radio en toda Espa\u00f1a. Ha colaborado en Radio Inter y Esradio. Cr\u00edtico de cine en Pantalla 90, Diario Ya y P\u00e1ginas Digital. Es miembro del CEC. Es el autor de libro: La fe, la \u00e9tica y los valores de los superh\u00e9roes (PPC). Esta es su web: www.cineylibertad.com y, por supuesto, lleva m\u00e1s de 5 a\u00f1os como bloguero de Cope, donde analiza el cine, los c\u00f3mics y los libros desde una \u00f3ptica antropol\u00f3gica y axiol\u00f3gica, atendiendo a todas las dimensiones del ser humano.\",\"sameAs\":[\"http:\\\/\\\/www.cineylibertad.com\",\"https:\\\/\\\/www.facebook.com\\\/victor.alvarado.56829446\",\"https:\\\/\\\/www.instagram.com\\\/cineylibertad\\\/\",\"https:\\\/\\\/x.com\\\/cineylibertad\"],\"url\":\"https:\\\/\\\/www.cope.es\\\/blogs\\\/cine-y-libertad\\\/author\\\/valvarado\\\/\"}]}<\/script>\n<!-- \/ Yoast SEO plugin. -->","yoast_head_json":{"title":"Rob Reiner-Lo que pas\u00f3 cuando I\u00f1igo Montoya conoci\u00f3 a Harry y Sally","description":"Rob Reiner-Lo que pas\u00f3 cuando I\u00f1igo Montoya conoci\u00f3 a Harry y Sally Rob Reiner-Lo que pas\u00f3 cuando I\u00f1igo Montoya conoci\u00f3 a Harry y Sally","robots":{"index":"index","follow":"follow","max-snippet":"max-snippet:-1","max-image-preview":"max-image-preview:large","max-video-preview":"max-video-preview:-1"},"canonical":"https:\/\/www.cope.es\/blogs\/cine-y-libertad\/2019\/12\/15\/rob-reiner-lo-que-paso-cuando-inigo-montoya-conocio-a-harry-y-sally\/","og_locale":"es_ES","og_type":"article","og_title":"Rob Reiner-Lo que pas\u00f3 cuando I\u00f1igo Montoya conoci\u00f3 a Harry y Sally","og_description":"Rob Reiner-Lo que pas\u00f3 cuando I\u00f1igo Montoya conoci\u00f3 a Harry y Sally Rob Reiner-Lo que pas\u00f3 cuando I\u00f1igo Montoya conoci\u00f3 a Harry y Sally","og_url":"https:\/\/www.cope.es\/blogs\/cine-y-libertad\/2019\/12\/15\/rob-reiner-lo-que-paso-cuando-inigo-montoya-conocio-a-harry-y-sally\/","og_site_name":"Cine y Libertad","article_publisher":"https:\/\/www.facebook.com\/cope\/","article_author":"https:\/\/www.facebook.com\/victor.alvarado.56829446","article_published_time":"2019-12-15T20:12:15+00:00","og_image":[{"width":200,"height":327,"url":"https:\/\/www.cope.es\/blogs\/cine-y-libertad\/wp-content\/uploads\/sites\/7\/2019\/12\/rob-reiner-lo-que-paso-cuando-inigo-montoya-conocio-a-harry-y-sally.jpg","type":"image\/jpeg"}],"author":"V\u00edctor Alvarado","twitter_card":"summary_large_image","twitter_creator":"@cineylibertad","twitter_site":"@cope_es","twitter_misc":{"Escrito por":"V\u00edctor Alvarado","Tiempo de lectura":"1 minuto"},"schema":{"@context":"https:\/\/schema.org","@graph":[{"@type":"Article","@id":"https:\/\/www.cope.es\/blogs\/cine-y-libertad\/2019\/12\/15\/rob-reiner-lo-que-paso-cuando-inigo-montoya-conocio-a-harry-y-sally\/#article","isPartOf":{"@id":"https:\/\/www.cope.es\/blogs\/cine-y-libertad\/2019\/12\/15\/rob-reiner-lo-que-paso-cuando-inigo-montoya-conocio-a-harry-y-sally\/"},"author":{"name":"V\u00edctor Alvarado","@id":"https:\/\/www.cope.es\/blogs\/cine-y-libertad\/#\/schema\/person\/c95904a4fbf751a8d9124f8fa8bdaace"},"headline":"Rob Reiner-Lo que pas\u00f3 cuando I\u00f1igo Montoya conoci\u00f3 a Harry y Sally","datePublished":"2019-12-15T20:12:15+00:00","mainEntityOfPage":{"@id":"https:\/\/www.cope.es\/blogs\/cine-y-libertad\/2019\/12\/15\/rob-reiner-lo-que-paso-cuando-inigo-montoya-conocio-a-harry-y-sally\/"},"wordCount":181,"commentCount":0,"image":{"@id":"https:\/\/www.cope.es\/blogs\/cine-y-libertad\/2019\/12\/15\/rob-reiner-lo-que-paso-cuando-inigo-montoya-conocio-a-harry-y-sally\/#primaryimage"},"thumbnailUrl":"https:\/\/www.cope.es\/blogs\/cine-y-libertad\/wp-content\/uploads\/sites\/7\/2019\/12\/rob-reiner-lo-que-paso-cuando-inigo-montoya-conocio-a-harry-y-sally.jpg","keywords":["Nora Ephron","Stephen King","William Goldman"],"articleSection":["amistad","amor","cine","comedia","Hollywood","libros","militares","Obra maestra"],"inLanguage":"es","potentialAction":[{"@type":"CommentAction","name":"Comment","target":["https:\/\/www.cope.es\/blogs\/cine-y-libertad\/2019\/12\/15\/rob-reiner-lo-que-paso-cuando-inigo-montoya-conocio-a-harry-y-sally\/#respond"]}]},{"@type":"WebPage","@id":"https:\/\/www.cope.es\/blogs\/cine-y-libertad\/2019\/12\/15\/rob-reiner-lo-que-paso-cuando-inigo-montoya-conocio-a-harry-y-sally\/","url":"https:\/\/www.cope.es\/blogs\/cine-y-libertad\/2019\/12\/15\/rob-reiner-lo-que-paso-cuando-inigo-montoya-conocio-a-harry-y-sally\/","name":"Rob Reiner-Lo que pas\u00f3 cuando I\u00f1igo Montoya conoci\u00f3 a Harry y Sally","isPartOf":{"@id":"https:\/\/www.cope.es\/blogs\/cine-y-libertad\/#website"},"primaryImageOfPage":{"@id":"https:\/\/www.cope.es\/blogs\/cine-y-libertad\/2019\/12\/15\/rob-reiner-lo-que-paso-cuando-inigo-montoya-conocio-a-harry-y-sally\/#primaryimage"},"image":{"@id":"https:\/\/www.cope.es\/blogs\/cine-y-libertad\/2019\/12\/15\/rob-reiner-lo-que-paso-cuando-inigo-montoya-conocio-a-harry-y-sally\/#primaryimage"},"thumbnailUrl":"https:\/\/www.cope.es\/blogs\/cine-y-libertad\/wp-content\/uploads\/sites\/7\/2019\/12\/rob-reiner-lo-que-paso-cuando-inigo-montoya-conocio-a-harry-y-sally.jpg","datePublished":"2019-12-15T20:12:15+00:00","author":{"@id":"https:\/\/www.cope.es\/blogs\/cine-y-libertad\/#\/schema\/person\/c95904a4fbf751a8d9124f8fa8bdaace"},"description":"Rob Reiner-Lo que pas\u00f3 cuando I\u00f1igo Montoya conoci\u00f3 a Harry y Sally Rob Reiner-Lo que pas\u00f3 cuando I\u00f1igo Montoya conoci\u00f3 a Harry y Sally","breadcrumb":{"@id":"https:\/\/www.cope.es\/blogs\/cine-y-libertad\/2019\/12\/15\/rob-reiner-lo-que-paso-cuando-inigo-montoya-conocio-a-harry-y-sally\/#breadcrumb"},"inLanguage":"es","potentialAction":[{"@type":"ReadAction","target":["https:\/\/www.cope.es\/blogs\/cine-y-libertad\/2019\/12\/15\/rob-reiner-lo-que-paso-cuando-inigo-montoya-conocio-a-harry-y-sally\/"]}]},{"@type":"ImageObject","inLanguage":"es","@id":"https:\/\/www.cope.es\/blogs\/cine-y-libertad\/2019\/12\/15\/rob-reiner-lo-que-paso-cuando-inigo-montoya-conocio-a-harry-y-sally\/#primaryimage","url":"https:\/\/www.cope.es\/blogs\/cine-y-libertad\/wp-content\/uploads\/sites\/7\/2019\/12\/rob-reiner-lo-que-paso-cuando-inigo-montoya-conocio-a-harry-y-sally.jpg","contentUrl":"https:\/\/www.cope.es\/blogs\/cine-y-libertad\/wp-content\/uploads\/sites\/7\/2019\/12\/rob-reiner-lo-que-paso-cuando-inigo-montoya-conocio-a-harry-y-sally.jpg","width":200,"height":327},{"@type":"BreadcrumbList","@id":"https:\/\/www.cope.es\/blogs\/cine-y-libertad\/2019\/12\/15\/rob-reiner-lo-que-paso-cuando-inigo-montoya-conocio-a-harry-y-sally\/#breadcrumb","itemListElement":[{"@type":"ListItem","position":1,"name":"Portada","item":"https:\/\/www.cope.es\/blogs\/cine-y-libertad\/"},{"@type":"ListItem","position":2,"name":"Rob Reiner-Lo que pas\u00f3 cuando I\u00f1igo Montoya conoci\u00f3 a Harry y Sally"}]},{"@type":"WebSite","@id":"https:\/\/www.cope.es\/blogs\/cine-y-libertad\/#website","url":"https:\/\/www.cope.es\/blogs\/cine-y-libertad\/","name":"Cine y Libertad","description":"Cine y Libertad un blog de COPE","potentialAction":[{"@type":"SearchAction","target":{"@type":"EntryPoint","urlTemplate":"https:\/\/www.cope.es\/blogs\/cine-y-libertad\/?s={search_term_string}"},"query-input":{"@type":"PropertyValueSpecification","valueRequired":true,"valueName":"search_term_string"}}],"inLanguage":"es"},{"@type":"Person","@id":"https:\/\/www.cope.es\/blogs\/cine-y-libertad\/#\/schema\/person\/c95904a4fbf751a8d9124f8fa8bdaace","name":"V\u00edctor Alvarado","image":{"@type":"ImageObject","inLanguage":"es","@id":"https:\/\/secure.gravatar.com\/avatar\/db4634ae2001f7f920b8294d926f3e737ada04196e014ebacae29a4848f905f4?s=96&d=mm&r=g","url":"https:\/\/secure.gravatar.com\/avatar\/db4634ae2001f7f920b8294d926f3e737ada04196e014ebacae29a4848f905f4?s=96&d=mm&r=g","contentUrl":"https:\/\/secure.gravatar.com\/avatar\/db4634ae2001f7f920b8294d926f3e737ada04196e014ebacae29a4848f905f4?s=96&d=mm&r=g","caption":"V\u00edctor Alvarado"},"description":"V\u00edctor Alvarado tiene una larga experiencia tanto en medios de comunicaci\u00f3n como en educaci\u00f3n. Dirige el programa de radio, Directo a las Estrellas, en Intereconom\u00eda (Castilla y Le\u00f3n) y Informa Radio en toda Espa\u00f1a. Ha colaborado en Radio Inter y Esradio. Cr\u00edtico de cine en Pantalla 90, Diario Ya y P\u00e1ginas Digital. Es miembro del CEC. Es el autor de libro: La fe, la \u00e9tica y los valores de los superh\u00e9roes (PPC). Esta es su web: www.cineylibertad.com y, por supuesto, lleva m\u00e1s de 5 a\u00f1os como bloguero de Cope, donde analiza el cine, los c\u00f3mics y los libros desde una \u00f3ptica antropol\u00f3gica y axiol\u00f3gica, atendiendo a todas las dimensiones del ser humano.","sameAs":["http:\/\/www.cineylibertad.com","https:\/\/www.facebook.com\/victor.alvarado.56829446","https:\/\/www.instagram.com\/cineylibertad\/","https:\/\/x.com\/cineylibertad"],"url":"https:\/\/www.cope.es\/blogs\/cine-y-libertad\/author\/valvarado\/"}]}},"amp_enabled":true,"_links":{"self":[{"href":"https:\/\/www.cope.es\/blogs\/cine-y-libertad\/wp-json\/wp\/v2\/posts\/1395","targetHints":{"allow":["GET"]}}],"collection":[{"href":"https:\/\/www.cope.es\/blogs\/cine-y-libertad\/wp-json\/wp\/v2\/posts"}],"about":[{"href":"https:\/\/www.cope.es\/blogs\/cine-y-libertad\/wp-json\/wp\/v2\/types\/post"}],"author":[{"embeddable":true,"href":"https:\/\/www.cope.es\/blogs\/cine-y-libertad\/wp-json\/wp\/v2\/users\/7"}],"replies":[{"embeddable":true,"href":"https:\/\/www.cope.es\/blogs\/cine-y-libertad\/wp-json\/wp\/v2\/comments?post=1395"}],"version-history":[{"count":2,"href":"https:\/\/www.cope.es\/blogs\/cine-y-libertad\/wp-json\/wp\/v2\/posts\/1395\/revisions"}],"predecessor-version":[{"id":1398,"href":"https:\/\/www.cope.es\/blogs\/cine-y-libertad\/wp-json\/wp\/v2\/posts\/1395\/revisions\/1398"}],"wp:featuredmedia":[{"embeddable":true,"href":"https:\/\/www.cope.es\/blogs\/cine-y-libertad\/wp-json\/wp\/v2\/media\/1397"}],"wp:attachment":[{"href":"https:\/\/www.cope.es\/blogs\/cine-y-libertad\/wp-json\/wp\/v2\/media?parent=1395"}],"wp:term":[{"taxonomy":"category","embeddable":true,"href":"https:\/\/www.cope.es\/blogs\/cine-y-libertad\/wp-json\/wp\/v2\/categories?post=1395"},{"taxonomy":"post_tag","embeddable":true,"href":"https:\/\/www.cope.es\/blogs\/cine-y-libertad\/wp-json\/wp\/v2\/tags?post=1395"}],"curies":[{"name":"wp","href":"https:\/\/api.w.org\/{rel}","templated":true}]}}