{"id":126,"date":"2018-03-11T11:09:20","date_gmt":"2018-03-11T10:09:20","guid":{"rendered":"http:\/\/www.cope.es\/blogs\/cine-y-libertad\/?p=126"},"modified":"2018-03-15T11:31:35","modified_gmt":"2018-03-15T10:31:35","slug":"el-caso-de-cristo-el-encuentro-con-dios-mediante-el-uso-de-la-razon","status":"publish","type":"post","link":"https:\/\/www.cope.es\/blogs\/cine-y-libertad\/2018\/03\/11\/el-caso-de-cristo-el-encuentro-con-dios-mediante-el-uso-de-la-razon\/","title":{"rendered":"El caso de Cristo-El encuentro con Dios mediante el uso de la raz\u00f3n"},"content":{"rendered":"<p><img loading=\"lazy\" decoding=\"async\" width=\"101\" height=\"150\" class=\"alignnone size-full wp-image-127\" src=\"http:\/\/www.cope.es\/blogs\/cine-y-libertad\/wp-content\/uploads\/sites\/7\/2018\/03\/elcaso.jpg\" alt=\"\" \/><\/p>\n<p>En los \u00faltimos a\u00f1os, el cine de tem\u00e1tica religiosa intenta abrirse camino entre superproducciones que copan casi todas las salas. Estas pel\u00edculas tienen m\u00e1s seguidores de los que muchos podr\u00edan pensar a pesar del ninguneo que sufren por parte de muchos medios de comunicaci\u00f3n. Este largometraje estuvo dos semanas en el top 10 de los Estados Unidos.<\/p>\n<p>&nbsp;<\/p>\n<p><em>El caso de Cristo<\/em> es el nuevo trabajo de Jon Gunn, autor de <em>Deseos al viento, \u00a0El poder de la cruz y La calle del perd\u00f3n<\/em>, un cineasta especializado en pel\u00edculas espirituales y profundas. Este director, con la ayuda de la productora Pure Flix, adapta el bestseller del periodista Lee Strobel, que es el protagonista de esta historia, pues lo que se cuenta est\u00e1 basado en hechos reales. El libro en cuesti\u00f3n vendi\u00f3 millones de ejemplares.<\/p>\n<p>&nbsp;<\/p>\n<p>Lee Strobel era un periodista de prestigio de los a\u00f1os 80, un hombre muy valorado por sus trabajos de investigaci\u00f3n. Este se\u00f1or\u00a0 y su mujer se consideraban ateos convencidos hasta que ella se convierte al cristianismo porque una enfermera creyente salva la vida de su hija, situaci\u00f3n que distancia a la pareja, ya que \u00e9l quiere demostrar a su esposa que la resurrecci\u00f3n de Jesucristo nunca pudo ocurrir y que por tanto Dios no existe, para lo cual realiza una exhaustiva \u00a0investigaci\u00f3n, entrevistando a cient\u00edficos de gran altura.<\/p>\n<p>&nbsp;<\/p>\n<p>Mike Vogel da vida a este hombre, donde destacan secundarios de lujo como \u00a0el nominado \u00a0al \u00d3scar Robert Forster y una actriz como Faye Dunaway\u00a0 que no necesita carta de presentaci\u00f3n, pero que borda los pocos minutos que aparece en pantalla.<\/p>\n<p>&nbsp;<\/p>\n<p>El cineasta imprime un ritmo lento a la historia, dosificando sabiamente la informaci\u00f3n para mantener siempre la intriga, mostrando las dificultades de un matrimonio cuando cambian sus circunstancias y tienen que enfrentarse a nuevos retos.<\/p>\n<p>&nbsp;<\/p>\n<p>La pel\u00edcula presenta un claro aroma protestante, pero sin intentar desacreditar al catolicismo porque creo que el cristianismo sea de la rama que sea puede sentirse identificado con la historia que aqu\u00ed se cuenta y la cinta no defrauda \u00a0en ese sentido porque lo que promete, lo cumple.<\/p>\n<p>&nbsp;<\/p>\n<p>Este largometraje, narrado con solvencia, al estilo de esos grandes t\u00edtulos sobre periodismo de investigaci\u00f3n que a todos nos suenan, habla de la necesidad de conocer la verdad cueste lo que\u00a0 cueste. Por otra parte, E<em>l caso de Cristo <\/em>invita a pensar que se puede encontrar a Dios mediante el coraz\u00f3n o con el uso de la raz\u00f3n, aunque posteriormente sea necesario un encuentro con la Providencia a trav\u00e9s de la oraci\u00f3n. Por \u00faltimo, este largometraje refleja una realidad que demuestra que, en ocasiones, unas malas vivencias con el padre dificultan la relaci\u00f3n con la trascendencia. Hay que prestar una especial atenci\u00f3n a las escenas entre el abuelo Strobel y su hijo.<\/p>\n<p>Puedes escucharnos en: <a href=\"http:\/\/www.cineylibertad.com\/\">www.cineylibertad.com<\/a><\/p>\n<p>Twitter: <span class=\"x_DashboardProfileCard-screenname x_u-inlineBlock x_u-dir\"><a class=\"x_DashboardProfileCard-screennameLink x_u-linkComplex x_u-linkClean\" href=\"https:\/\/twitter.com\/cineylibertad\" target=\"_blank\">@<span class=\"x_u-linkComplex-target\">cineylibertad<\/span><\/a><\/span><\/p>\n<p>V\u00edctor Alvarado<\/p>\n","protected":false},"excerpt":{"rendered":"<p>En los \u00faltimos a\u00f1os, el cine de tem\u00e1tica religiosa intenta abrirse camino entre superproducciones que copan casi todas las salas. Estas pel\u00edculas tienen m\u00e1s seguidores de los que muchos podr\u00edan pensar a pesar del ninguneo que sufren por parte de muchos medios de comunicaci\u00f3n. Este largometraje estuvo dos semanas en el top 10 de los [&hellip;]<\/p>\n","protected":false},"author":7,"featured_media":127,"comment_status":"open","ping_status":"open","sticky":false,"template":"","format":"standard","meta":{"footnotes":""},"categories":[3,4,12,5,11],"tags":[],"class_list":["post-126","post","type-post","status-publish","format-standard","has-post-thumbnail","hentry","category-cine","category-comics","category-cristianismo","category-libros","category-religion"],"yoast_head":"<!-- This site is optimized with the Yoast SEO plugin v27.4 - https:\/\/yoast.com\/product\/yoast-seo-wordpress\/ -->\n<title>El caso de Cristo-El encuentro con Dios mediante el uso de la raz\u00f3n - Cine y Libertad<\/title>\n<meta name=\"robots\" content=\"index, follow, max-snippet:-1, max-image-preview:large, max-video-preview:-1\" \/>\n<link rel=\"canonical\" href=\"https:\/\/www.cope.es\/blogs\/cine-y-libertad\/2018\/03\/11\/el-caso-de-cristo-el-encuentro-con-dios-mediante-el-uso-de-la-razon\/\" \/>\n<meta property=\"og:locale\" content=\"es_ES\" \/>\n<meta property=\"og:type\" content=\"article\" \/>\n<meta property=\"og:title\" content=\"El caso de Cristo-El encuentro con Dios mediante el uso de la raz\u00f3n - Cine y Libertad\" \/>\n<meta property=\"og:description\" content=\"En los \u00faltimos a\u00f1os, el cine de tem\u00e1tica religiosa intenta abrirse camino entre superproducciones que copan casi todas las salas. Estas pel\u00edculas tienen m\u00e1s seguidores de los que muchos podr\u00edan pensar a pesar del ninguneo que sufren por parte de muchos medios de comunicaci\u00f3n. Este largometraje estuvo dos semanas en el top 10 de los [&hellip;]\" \/>\n<meta property=\"og:url\" content=\"https:\/\/www.cope.es\/blogs\/cine-y-libertad\/2018\/03\/11\/el-caso-de-cristo-el-encuentro-con-dios-mediante-el-uso-de-la-razon\/\" \/>\n<meta property=\"og:site_name\" content=\"Cine y Libertad\" \/>\n<meta property=\"article:publisher\" content=\"https:\/\/www.facebook.com\/cope\/\" \/>\n<meta property=\"article:author\" content=\"https:\/\/www.facebook.com\/victor.alvarado.56829446\" \/>\n<meta property=\"article:published_time\" content=\"2018-03-11T10:09:20+00:00\" \/>\n<meta property=\"article:modified_time\" content=\"2018-03-15T10:31:35+00:00\" \/>\n<meta property=\"og:image\" content=\"https:\/\/www.cope.es\/blogs\/cine-y-libertad\/wp-content\/uploads\/sites\/7\/2018\/03\/elcaso.jpg\" \/>\n\t<meta property=\"og:image:width\" content=\"101\" \/>\n\t<meta property=\"og:image:height\" content=\"150\" \/>\n\t<meta property=\"og:image:type\" content=\"image\/jpeg\" \/>\n<meta name=\"author\" content=\"V\u00edctor Alvarado\" \/>\n<meta name=\"twitter:card\" content=\"summary_large_image\" \/>\n<meta name=\"twitter:creator\" content=\"@cineylibertad\" \/>\n<meta name=\"twitter:site\" content=\"@cope_es\" \/>\n<meta name=\"twitter:label1\" content=\"Escrito por\" \/>\n\t<meta name=\"twitter:data1\" content=\"V\u00edctor Alvarado\" \/>\n\t<meta name=\"twitter:label2\" content=\"Tiempo de lectura\" \/>\n\t<meta name=\"twitter:data2\" content=\"2 minutos\" \/>\n<script type=\"application\/ld+json\" class=\"yoast-schema-graph\">{\"@context\":\"https:\\\/\\\/schema.org\",\"@graph\":[{\"@type\":\"Article\",\"@id\":\"https:\\\/\\\/www.cope.es\\\/blogs\\\/cine-y-libertad\\\/2018\\\/03\\\/11\\\/el-caso-de-cristo-el-encuentro-con-dios-mediante-el-uso-de-la-razon\\\/#article\",\"isPartOf\":{\"@id\":\"https:\\\/\\\/www.cope.es\\\/blogs\\\/cine-y-libertad\\\/2018\\\/03\\\/11\\\/el-caso-de-cristo-el-encuentro-con-dios-mediante-el-uso-de-la-razon\\\/\"},\"author\":{\"name\":\"V\u00edctor Alvarado\",\"@id\":\"https:\\\/\\\/www.cope.es\\\/blogs\\\/cine-y-libertad\\\/#\\\/schema\\\/person\\\/c95904a4fbf751a8d9124f8fa8bdaace\"},\"headline\":\"El caso de Cristo-El encuentro con Dios mediante el uso de la raz\u00f3n\",\"datePublished\":\"2018-03-11T10:09:20+00:00\",\"dateModified\":\"2018-03-15T10:31:35+00:00\",\"mainEntityOfPage\":{\"@id\":\"https:\\\/\\\/www.cope.es\\\/blogs\\\/cine-y-libertad\\\/2018\\\/03\\\/11\\\/el-caso-de-cristo-el-encuentro-con-dios-mediante-el-uso-de-la-razon\\\/\"},\"wordCount\":513,\"commentCount\":0,\"image\":{\"@id\":\"https:\\\/\\\/www.cope.es\\\/blogs\\\/cine-y-libertad\\\/2018\\\/03\\\/11\\\/el-caso-de-cristo-el-encuentro-con-dios-mediante-el-uso-de-la-razon\\\/#primaryimage\"},\"thumbnailUrl\":\"https:\\\/\\\/www.cope.es\\\/blogs\\\/cine-y-libertad\\\/wp-content\\\/uploads\\\/sites\\\/7\\\/2018\\\/03\\\/elcaso.jpg\",\"articleSection\":[\"cine\",\"c\u00f3mics\",\"cristianismo\",\"libros\",\"religi\u00f3n\"],\"inLanguage\":\"es\",\"potentialAction\":[{\"@type\":\"CommentAction\",\"name\":\"Comment\",\"target\":[\"https:\\\/\\\/www.cope.es\\\/blogs\\\/cine-y-libertad\\\/2018\\\/03\\\/11\\\/el-caso-de-cristo-el-encuentro-con-dios-mediante-el-uso-de-la-razon\\\/#respond\"]}]},{\"@type\":\"WebPage\",\"@id\":\"https:\\\/\\\/www.cope.es\\\/blogs\\\/cine-y-libertad\\\/2018\\\/03\\\/11\\\/el-caso-de-cristo-el-encuentro-con-dios-mediante-el-uso-de-la-razon\\\/\",\"url\":\"https:\\\/\\\/www.cope.es\\\/blogs\\\/cine-y-libertad\\\/2018\\\/03\\\/11\\\/el-caso-de-cristo-el-encuentro-con-dios-mediante-el-uso-de-la-razon\\\/\",\"name\":\"El caso de Cristo-El encuentro con Dios mediante el uso de la raz\u00f3n - Cine y Libertad\",\"isPartOf\":{\"@id\":\"https:\\\/\\\/www.cope.es\\\/blogs\\\/cine-y-libertad\\\/#website\"},\"primaryImageOfPage\":{\"@id\":\"https:\\\/\\\/www.cope.es\\\/blogs\\\/cine-y-libertad\\\/2018\\\/03\\\/11\\\/el-caso-de-cristo-el-encuentro-con-dios-mediante-el-uso-de-la-razon\\\/#primaryimage\"},\"image\":{\"@id\":\"https:\\\/\\\/www.cope.es\\\/blogs\\\/cine-y-libertad\\\/2018\\\/03\\\/11\\\/el-caso-de-cristo-el-encuentro-con-dios-mediante-el-uso-de-la-razon\\\/#primaryimage\"},\"thumbnailUrl\":\"https:\\\/\\\/www.cope.es\\\/blogs\\\/cine-y-libertad\\\/wp-content\\\/uploads\\\/sites\\\/7\\\/2018\\\/03\\\/elcaso.jpg\",\"datePublished\":\"2018-03-11T10:09:20+00:00\",\"dateModified\":\"2018-03-15T10:31:35+00:00\",\"author\":{\"@id\":\"https:\\\/\\\/www.cope.es\\\/blogs\\\/cine-y-libertad\\\/#\\\/schema\\\/person\\\/c95904a4fbf751a8d9124f8fa8bdaace\"},\"breadcrumb\":{\"@id\":\"https:\\\/\\\/www.cope.es\\\/blogs\\\/cine-y-libertad\\\/2018\\\/03\\\/11\\\/el-caso-de-cristo-el-encuentro-con-dios-mediante-el-uso-de-la-razon\\\/#breadcrumb\"},\"inLanguage\":\"es\",\"potentialAction\":[{\"@type\":\"ReadAction\",\"target\":[\"https:\\\/\\\/www.cope.es\\\/blogs\\\/cine-y-libertad\\\/2018\\\/03\\\/11\\\/el-caso-de-cristo-el-encuentro-con-dios-mediante-el-uso-de-la-razon\\\/\"]}]},{\"@type\":\"ImageObject\",\"inLanguage\":\"es\",\"@id\":\"https:\\\/\\\/www.cope.es\\\/blogs\\\/cine-y-libertad\\\/2018\\\/03\\\/11\\\/el-caso-de-cristo-el-encuentro-con-dios-mediante-el-uso-de-la-razon\\\/#primaryimage\",\"url\":\"https:\\\/\\\/www.cope.es\\\/blogs\\\/cine-y-libertad\\\/wp-content\\\/uploads\\\/sites\\\/7\\\/2018\\\/03\\\/elcaso.jpg\",\"contentUrl\":\"https:\\\/\\\/www.cope.es\\\/blogs\\\/cine-y-libertad\\\/wp-content\\\/uploads\\\/sites\\\/7\\\/2018\\\/03\\\/elcaso.jpg\",\"width\":101,\"height\":150},{\"@type\":\"BreadcrumbList\",\"@id\":\"https:\\\/\\\/www.cope.es\\\/blogs\\\/cine-y-libertad\\\/2018\\\/03\\\/11\\\/el-caso-de-cristo-el-encuentro-con-dios-mediante-el-uso-de-la-razon\\\/#breadcrumb\",\"itemListElement\":[{\"@type\":\"ListItem\",\"position\":1,\"name\":\"Portada\",\"item\":\"https:\\\/\\\/www.cope.es\\\/blogs\\\/cine-y-libertad\\\/\"},{\"@type\":\"ListItem\",\"position\":2,\"name\":\"El caso de Cristo-El encuentro con Dios mediante el uso de la raz\u00f3n\"}]},{\"@type\":\"WebSite\",\"@id\":\"https:\\\/\\\/www.cope.es\\\/blogs\\\/cine-y-libertad\\\/#website\",\"url\":\"https:\\\/\\\/www.cope.es\\\/blogs\\\/cine-y-libertad\\\/\",\"name\":\"Cine y Libertad\",\"description\":\"Cine y Libertad un blog de COPE\",\"potentialAction\":[{\"@type\":\"SearchAction\",\"target\":{\"@type\":\"EntryPoint\",\"urlTemplate\":\"https:\\\/\\\/www.cope.es\\\/blogs\\\/cine-y-libertad\\\/?s={search_term_string}\"},\"query-input\":{\"@type\":\"PropertyValueSpecification\",\"valueRequired\":true,\"valueName\":\"search_term_string\"}}],\"inLanguage\":\"es\"},{\"@type\":\"Person\",\"@id\":\"https:\\\/\\\/www.cope.es\\\/blogs\\\/cine-y-libertad\\\/#\\\/schema\\\/person\\\/c95904a4fbf751a8d9124f8fa8bdaace\",\"name\":\"V\u00edctor Alvarado\",\"image\":{\"@type\":\"ImageObject\",\"inLanguage\":\"es\",\"@id\":\"https:\\\/\\\/secure.gravatar.com\\\/avatar\\\/db4634ae2001f7f920b8294d926f3e737ada04196e014ebacae29a4848f905f4?s=96&d=mm&r=g\",\"url\":\"https:\\\/\\\/secure.gravatar.com\\\/avatar\\\/db4634ae2001f7f920b8294d926f3e737ada04196e014ebacae29a4848f905f4?s=96&d=mm&r=g\",\"contentUrl\":\"https:\\\/\\\/secure.gravatar.com\\\/avatar\\\/db4634ae2001f7f920b8294d926f3e737ada04196e014ebacae29a4848f905f4?s=96&d=mm&r=g\",\"caption\":\"V\u00edctor Alvarado\"},\"description\":\"V\u00edctor Alvarado tiene una larga experiencia tanto en medios de comunicaci\u00f3n como en educaci\u00f3n. Dirige el programa de radio, Directo a las Estrellas, en Intereconom\u00eda (Castilla y Le\u00f3n) y Informa Radio en toda Espa\u00f1a. Ha colaborado en Radio Inter y Esradio. Cr\u00edtico de cine en Pantalla 90, Diario Ya y P\u00e1ginas Digital. Es miembro del CEC. Es el autor de libro: La fe, la \u00e9tica y los valores de los superh\u00e9roes (PPC). Esta es su web: www.cineylibertad.com y, por supuesto, lleva m\u00e1s de 5 a\u00f1os como bloguero de Cope, donde analiza el cine, los c\u00f3mics y los libros desde una \u00f3ptica antropol\u00f3gica y axiol\u00f3gica, atendiendo a todas las dimensiones del ser humano.\",\"sameAs\":[\"http:\\\/\\\/www.cineylibertad.com\",\"https:\\\/\\\/www.facebook.com\\\/victor.alvarado.56829446\",\"https:\\\/\\\/www.instagram.com\\\/cineylibertad\\\/\",\"https:\\\/\\\/x.com\\\/cineylibertad\"],\"url\":\"https:\\\/\\\/www.cope.es\\\/blogs\\\/cine-y-libertad\\\/author\\\/valvarado\\\/\"}]}<\/script>\n<!-- \/ Yoast SEO plugin. -->","yoast_head_json":{"title":"El caso de Cristo-El encuentro con Dios mediante el uso de la raz\u00f3n - Cine y Libertad","robots":{"index":"index","follow":"follow","max-snippet":"max-snippet:-1","max-image-preview":"max-image-preview:large","max-video-preview":"max-video-preview:-1"},"canonical":"https:\/\/www.cope.es\/blogs\/cine-y-libertad\/2018\/03\/11\/el-caso-de-cristo-el-encuentro-con-dios-mediante-el-uso-de-la-razon\/","og_locale":"es_ES","og_type":"article","og_title":"El caso de Cristo-El encuentro con Dios mediante el uso de la raz\u00f3n - Cine y Libertad","og_description":"En los \u00faltimos a\u00f1os, el cine de tem\u00e1tica religiosa intenta abrirse camino entre superproducciones que copan casi todas las salas. Estas pel\u00edculas tienen m\u00e1s seguidores de los que muchos podr\u00edan pensar a pesar del ninguneo que sufren por parte de muchos medios de comunicaci\u00f3n. Este largometraje estuvo dos semanas en el top 10 de los [&hellip;]","og_url":"https:\/\/www.cope.es\/blogs\/cine-y-libertad\/2018\/03\/11\/el-caso-de-cristo-el-encuentro-con-dios-mediante-el-uso-de-la-razon\/","og_site_name":"Cine y Libertad","article_publisher":"https:\/\/www.facebook.com\/cope\/","article_author":"https:\/\/www.facebook.com\/victor.alvarado.56829446","article_published_time":"2018-03-11T10:09:20+00:00","article_modified_time":"2018-03-15T10:31:35+00:00","og_image":[{"width":101,"height":150,"url":"https:\/\/www.cope.es\/blogs\/cine-y-libertad\/wp-content\/uploads\/sites\/7\/2018\/03\/elcaso.jpg","type":"image\/jpeg"}],"author":"V\u00edctor Alvarado","twitter_card":"summary_large_image","twitter_creator":"@cineylibertad","twitter_site":"@cope_es","twitter_misc":{"Escrito por":"V\u00edctor Alvarado","Tiempo de lectura":"2 minutos"},"schema":{"@context":"https:\/\/schema.org","@graph":[{"@type":"Article","@id":"https:\/\/www.cope.es\/blogs\/cine-y-libertad\/2018\/03\/11\/el-caso-de-cristo-el-encuentro-con-dios-mediante-el-uso-de-la-razon\/#article","isPartOf":{"@id":"https:\/\/www.cope.es\/blogs\/cine-y-libertad\/2018\/03\/11\/el-caso-de-cristo-el-encuentro-con-dios-mediante-el-uso-de-la-razon\/"},"author":{"name":"V\u00edctor Alvarado","@id":"https:\/\/www.cope.es\/blogs\/cine-y-libertad\/#\/schema\/person\/c95904a4fbf751a8d9124f8fa8bdaace"},"headline":"El caso de Cristo-El encuentro con Dios mediante el uso de la raz\u00f3n","datePublished":"2018-03-11T10:09:20+00:00","dateModified":"2018-03-15T10:31:35+00:00","mainEntityOfPage":{"@id":"https:\/\/www.cope.es\/blogs\/cine-y-libertad\/2018\/03\/11\/el-caso-de-cristo-el-encuentro-con-dios-mediante-el-uso-de-la-razon\/"},"wordCount":513,"commentCount":0,"image":{"@id":"https:\/\/www.cope.es\/blogs\/cine-y-libertad\/2018\/03\/11\/el-caso-de-cristo-el-encuentro-con-dios-mediante-el-uso-de-la-razon\/#primaryimage"},"thumbnailUrl":"https:\/\/www.cope.es\/blogs\/cine-y-libertad\/wp-content\/uploads\/sites\/7\/2018\/03\/elcaso.jpg","articleSection":["cine","c\u00f3mics","cristianismo","libros","religi\u00f3n"],"inLanguage":"es","potentialAction":[{"@type":"CommentAction","name":"Comment","target":["https:\/\/www.cope.es\/blogs\/cine-y-libertad\/2018\/03\/11\/el-caso-de-cristo-el-encuentro-con-dios-mediante-el-uso-de-la-razon\/#respond"]}]},{"@type":"WebPage","@id":"https:\/\/www.cope.es\/blogs\/cine-y-libertad\/2018\/03\/11\/el-caso-de-cristo-el-encuentro-con-dios-mediante-el-uso-de-la-razon\/","url":"https:\/\/www.cope.es\/blogs\/cine-y-libertad\/2018\/03\/11\/el-caso-de-cristo-el-encuentro-con-dios-mediante-el-uso-de-la-razon\/","name":"El caso de Cristo-El encuentro con Dios mediante el uso de la raz\u00f3n - Cine y Libertad","isPartOf":{"@id":"https:\/\/www.cope.es\/blogs\/cine-y-libertad\/#website"},"primaryImageOfPage":{"@id":"https:\/\/www.cope.es\/blogs\/cine-y-libertad\/2018\/03\/11\/el-caso-de-cristo-el-encuentro-con-dios-mediante-el-uso-de-la-razon\/#primaryimage"},"image":{"@id":"https:\/\/www.cope.es\/blogs\/cine-y-libertad\/2018\/03\/11\/el-caso-de-cristo-el-encuentro-con-dios-mediante-el-uso-de-la-razon\/#primaryimage"},"thumbnailUrl":"https:\/\/www.cope.es\/blogs\/cine-y-libertad\/wp-content\/uploads\/sites\/7\/2018\/03\/elcaso.jpg","datePublished":"2018-03-11T10:09:20+00:00","dateModified":"2018-03-15T10:31:35+00:00","author":{"@id":"https:\/\/www.cope.es\/blogs\/cine-y-libertad\/#\/schema\/person\/c95904a4fbf751a8d9124f8fa8bdaace"},"breadcrumb":{"@id":"https:\/\/www.cope.es\/blogs\/cine-y-libertad\/2018\/03\/11\/el-caso-de-cristo-el-encuentro-con-dios-mediante-el-uso-de-la-razon\/#breadcrumb"},"inLanguage":"es","potentialAction":[{"@type":"ReadAction","target":["https:\/\/www.cope.es\/blogs\/cine-y-libertad\/2018\/03\/11\/el-caso-de-cristo-el-encuentro-con-dios-mediante-el-uso-de-la-razon\/"]}]},{"@type":"ImageObject","inLanguage":"es","@id":"https:\/\/www.cope.es\/blogs\/cine-y-libertad\/2018\/03\/11\/el-caso-de-cristo-el-encuentro-con-dios-mediante-el-uso-de-la-razon\/#primaryimage","url":"https:\/\/www.cope.es\/blogs\/cine-y-libertad\/wp-content\/uploads\/sites\/7\/2018\/03\/elcaso.jpg","contentUrl":"https:\/\/www.cope.es\/blogs\/cine-y-libertad\/wp-content\/uploads\/sites\/7\/2018\/03\/elcaso.jpg","width":101,"height":150},{"@type":"BreadcrumbList","@id":"https:\/\/www.cope.es\/blogs\/cine-y-libertad\/2018\/03\/11\/el-caso-de-cristo-el-encuentro-con-dios-mediante-el-uso-de-la-razon\/#breadcrumb","itemListElement":[{"@type":"ListItem","position":1,"name":"Portada","item":"https:\/\/www.cope.es\/blogs\/cine-y-libertad\/"},{"@type":"ListItem","position":2,"name":"El caso de Cristo-El encuentro con Dios mediante el uso de la raz\u00f3n"}]},{"@type":"WebSite","@id":"https:\/\/www.cope.es\/blogs\/cine-y-libertad\/#website","url":"https:\/\/www.cope.es\/blogs\/cine-y-libertad\/","name":"Cine y Libertad","description":"Cine y Libertad un blog de COPE","potentialAction":[{"@type":"SearchAction","target":{"@type":"EntryPoint","urlTemplate":"https:\/\/www.cope.es\/blogs\/cine-y-libertad\/?s={search_term_string}"},"query-input":{"@type":"PropertyValueSpecification","valueRequired":true,"valueName":"search_term_string"}}],"inLanguage":"es"},{"@type":"Person","@id":"https:\/\/www.cope.es\/blogs\/cine-y-libertad\/#\/schema\/person\/c95904a4fbf751a8d9124f8fa8bdaace","name":"V\u00edctor Alvarado","image":{"@type":"ImageObject","inLanguage":"es","@id":"https:\/\/secure.gravatar.com\/avatar\/db4634ae2001f7f920b8294d926f3e737ada04196e014ebacae29a4848f905f4?s=96&d=mm&r=g","url":"https:\/\/secure.gravatar.com\/avatar\/db4634ae2001f7f920b8294d926f3e737ada04196e014ebacae29a4848f905f4?s=96&d=mm&r=g","contentUrl":"https:\/\/secure.gravatar.com\/avatar\/db4634ae2001f7f920b8294d926f3e737ada04196e014ebacae29a4848f905f4?s=96&d=mm&r=g","caption":"V\u00edctor Alvarado"},"description":"V\u00edctor Alvarado tiene una larga experiencia tanto en medios de comunicaci\u00f3n como en educaci\u00f3n. Dirige el programa de radio, Directo a las Estrellas, en Intereconom\u00eda (Castilla y Le\u00f3n) y Informa Radio en toda Espa\u00f1a. Ha colaborado en Radio Inter y Esradio. Cr\u00edtico de cine en Pantalla 90, Diario Ya y P\u00e1ginas Digital. Es miembro del CEC. Es el autor de libro: La fe, la \u00e9tica y los valores de los superh\u00e9roes (PPC). Esta es su web: www.cineylibertad.com y, por supuesto, lleva m\u00e1s de 5 a\u00f1os como bloguero de Cope, donde analiza el cine, los c\u00f3mics y los libros desde una \u00f3ptica antropol\u00f3gica y axiol\u00f3gica, atendiendo a todas las dimensiones del ser humano.","sameAs":["http:\/\/www.cineylibertad.com","https:\/\/www.facebook.com\/victor.alvarado.56829446","https:\/\/www.instagram.com\/cineylibertad\/","https:\/\/x.com\/cineylibertad"],"url":"https:\/\/www.cope.es\/blogs\/cine-y-libertad\/author\/valvarado\/"}]}},"amp_enabled":true,"_links":{"self":[{"href":"https:\/\/www.cope.es\/blogs\/cine-y-libertad\/wp-json\/wp\/v2\/posts\/126","targetHints":{"allow":["GET"]}}],"collection":[{"href":"https:\/\/www.cope.es\/blogs\/cine-y-libertad\/wp-json\/wp\/v2\/posts"}],"about":[{"href":"https:\/\/www.cope.es\/blogs\/cine-y-libertad\/wp-json\/wp\/v2\/types\/post"}],"author":[{"embeddable":true,"href":"https:\/\/www.cope.es\/blogs\/cine-y-libertad\/wp-json\/wp\/v2\/users\/7"}],"replies":[{"embeddable":true,"href":"https:\/\/www.cope.es\/blogs\/cine-y-libertad\/wp-json\/wp\/v2\/comments?post=126"}],"version-history":[{"count":2,"href":"https:\/\/www.cope.es\/blogs\/cine-y-libertad\/wp-json\/wp\/v2\/posts\/126\/revisions"}],"predecessor-version":[{"id":133,"href":"https:\/\/www.cope.es\/blogs\/cine-y-libertad\/wp-json\/wp\/v2\/posts\/126\/revisions\/133"}],"wp:featuredmedia":[{"embeddable":true,"href":"https:\/\/www.cope.es\/blogs\/cine-y-libertad\/wp-json\/wp\/v2\/media\/127"}],"wp:attachment":[{"href":"https:\/\/www.cope.es\/blogs\/cine-y-libertad\/wp-json\/wp\/v2\/media?parent=126"}],"wp:term":[{"taxonomy":"category","embeddable":true,"href":"https:\/\/www.cope.es\/blogs\/cine-y-libertad\/wp-json\/wp\/v2\/categories?post=126"},{"taxonomy":"post_tag","embeddable":true,"href":"https:\/\/www.cope.es\/blogs\/cine-y-libertad\/wp-json\/wp\/v2\/tags?post=126"}],"curies":[{"name":"wp","href":"https:\/\/api.w.org\/{rel}","templated":true}]}}