{"id":1255,"date":"2019-10-31T13:01:24","date_gmt":"2019-10-31T12:01:24","guid":{"rendered":"http:\/\/www.cope.es\/blogs\/cine-y-libertad\/?p=1255"},"modified":"2019-12-26T10:47:41","modified_gmt":"2019-12-26T09:47:41","slug":"daredevil-renacimiento-un-periodista-en-busca-de-la-verdad","status":"publish","type":"post","link":"https:\/\/www.cope.es\/blogs\/cine-y-libertad\/2019\/10\/31\/daredevil-renacimiento-un-periodista-en-busca-de-la-verdad\/","title":{"rendered":"Daredevil: Renacimiento-Un periodista en busca de la verdad"},"content":{"rendered":"<p>Daredevil: Renacimiento-Un periodista en busca de la verdad. \u00bfC\u00f3mo afectan nuestros actos a\u00a0 los que nos rodean? Aqu\u00ed puedes escuchar mi comentario:<a title=\"Daredevil: Renacimiento-Un periodista en busca de la verdad\" href=\"http:\/\/www.cineylibertad.com\/daredevil-renacimiento-un-periodista-en-busca-de-la-verdad\/\">Daredevil: Renacimiento<\/a><\/p>\n<p><img loading=\"lazy\" decoding=\"async\" width=\"198\" height=\"300\" class=\"alignnone size-medium wp-image-1256\" src=\"http:\/\/www.cope.es\/blogs\/cine-y-libertad\/wp-content\/uploads\/sites\/7\/2019\/10\/Daredevil_Renacimiento_461x700-1-198x300.jpg\" alt=\"\" srcset=\"https:\/\/www.cope.es\/blogs\/cine-y-libertad\/wp-content\/uploads\/sites\/7\/2019\/10\/Daredevil_Renacimiento_461x700-1-198x300.jpg 198w, https:\/\/www.cope.es\/blogs\/cine-y-libertad\/wp-content\/uploads\/sites\/7\/2019\/10\/Daredevil_Renacimiento_461x700-1.jpg 461w\" sizes=\"auto, (max-width: 198px) 100vw, 198px\" \/><\/p>\n<p>\u00a1Lectores y amigos de Cine y Libertad!<\/p>\n<p>La editorial Panini\u00a0 nos habla de su c\u00f3mic:<\/p>\n<p>Los apocal\u00edpticos acontecimientos de &#8220;Tierra de Sombras&#8221; han dejado en ruinas el legado de Daredevil. Ahora, lejos de las calles de la Cocina del Infierno, mientras una nueva forma de maldad ha surgido, el \u00fanico hombre que puede enfrentarse a ella no tiene nada que perder. Puede que el infierno est\u00e9 empedrado de buenas intenciones, pero el largo camino hacia la redenci\u00f3n de Matt Murdock es el m\u00e1s dif\u00edcil de seguir. Andy Diggle se despide del Hombre Sin Miedo: descubre el final de su etapa, en la historia que determinar\u00e1 el futuro de Daredevil.<\/p>\n<p>Los autores de esta novela gr\u00e1fica han sido\u00a0Andy Diggle y Davide Gianfelice.<\/p>\n<p><img loading=\"lazy\" decoding=\"async\" width=\"175\" height=\"93\" class=\"alignnone size-full wp-image-1424\" src=\"http:\/\/www.cope.es\/blogs\/cine-y-libertad\/wp-content\/uploads\/sites\/7\/2019\/10\/dare.jpg\" alt=\"\" \/><\/p>\n<p>Daredevil(la serie)<\/p>\n<p>Adaptaci\u00f3n televisiva de los c\u00f3mics del abogado de d\u00eda, Matt Murdock, del barrio neoyorquino de La cocina del infierno, que qued\u00f3 ciego en un accidente y que increment\u00f3 sus cuatro sentidos restantes. Lucha todas las noches contra el crimen bajo el sobrenombre de Daredevil.<\/p>\n<p><i><b>Marvel&#8217;s Daredevil<\/b><\/i> o simplemente <i><b>Daredevil<\/b><\/i> es una <a title=\"Serie de televisi\u00f3n\" href=\"https:\/\/es.wikipedia.org\/wiki\/Serie_de_televisi%C3%B3n\">serie de televisi\u00f3n<\/a> <a title=\"Estados Unidos\" href=\"https:\/\/es.wikipedia.org\/wiki\/Estados_Unidos\">estadounidense<\/a> de g\u00e9nero <a title=\"Drama\" href=\"https:\/\/es.wikipedia.org\/wiki\/Drama\">dram\u00e1tico<\/a> y <a class=\"mw-redirect\" title=\"Cine de acci\u00f3n\" href=\"https:\/\/es.wikipedia.org\/wiki\/Cine_de_acci%C3%B3n\">acci\u00f3n<\/a>, creada por <a title=\"Drew Goddard\" href=\"https:\/\/es.wikipedia.org\/wiki\/Drew_Goddard\">Drew Goddard<\/a> y basada en la historia del <a title=\"Superh\u00e9roe\" href=\"https:\/\/es.wikipedia.org\/wiki\/Superh%C3%A9roe\">superh\u00e9roe<\/a> de <a title=\"Marvel Comics\" href=\"https:\/\/es.wikipedia.org\/wiki\/Marvel_Comics\">Marvel Comics<\/a> <a title=\"Daredevil\" href=\"https:\/\/es.wikipedia.org\/wiki\/Daredevil\">del mismo nombre<\/a>. Es producida por <a title=\"Marvel Studios\" href=\"https:\/\/es.wikipedia.org\/wiki\/Marvel_Studios\">Marvel Television<\/a>, en asociaci\u00f3n con <a title=\"ABC Studios\" href=\"https:\/\/es.wikipedia.org\/wiki\/ABC_Studios\">ABC Studios<\/a>, DeKnight Prods. y Goddard Textiles, distribuida en el servicio de <i><a title=\"Streaming\" href=\"https:\/\/es.wikipedia.org\/wiki\/Streaming\">streaming<\/a><\/i> <a title=\"Netflix\" href=\"https:\/\/es.wikipedia.org\/wiki\/Netflix\">Netflix<\/a> y ambientada en el <a title=\"Universo cinematogr\u00e1fico de Marvel\" href=\"https:\/\/es.wikipedia.org\/wiki\/Universo_cinematogr%C3%A1fico_de_Marvel\">Universo cinematogr\u00e1fico de Marvel<\/a>.<\/p>\n<p>Twitter:\u00a0<span class=\"x_DashboardProfileCard-screenname x_u-inlineBlock x_u-dir\"><a class=\"x_DashboardProfileCard-screennameLink x_u-linkComplex x_u-linkClean\" href=\"https:\/\/twitter.com\/cineylibertad\" target=\"_blank\">@<span class=\"x_u-linkComplex-target\">cineylibertad<\/span><\/a><\/span><\/p>\n","protected":false},"excerpt":{"rendered":"<p>Daredevil: Renacimiento-Un periodista en busca de la verdad. \u00bfC\u00f3mo afectan nuestros actos a\u00a0 los que nos rodean? Aqu\u00ed puedes escuchar mi comentario:Daredevil: Renacimiento \u00a1Lectores y amigos de Cine y Libertad! La editorial Panini\u00a0 nos habla de su c\u00f3mic: Los apocal\u00edpticos acontecimientos de &#8220;Tierra de Sombras&#8221; han dejado en ruinas el legado de Daredevil. Ahora, lejos [&hellip;]<\/p>\n","protected":false},"author":7,"featured_media":1256,"comment_status":"open","ping_status":"open","sticky":false,"template":"","format":"standard","meta":{"footnotes":""},"categories":[73,131,4,12,23,8],"tags":[],"class_list":["post-1255","post","type-post","status-publish","format-standard","has-post-thumbnail","hentry","category-accion","category-amistad","category-comics","category-cristianismo","category-daredevil","category-superheroes"],"yoast_head":"<!-- This site is optimized with the Yoast SEO plugin v27.4 - https:\/\/yoast.com\/product\/yoast-seo-wordpress\/ -->\n<title>Daredevil:Renacimiento-Un periodista en busca de la verdad<\/title>\n<meta name=\"description\" content=\"Daredevil:Renacimiento-Un periodista en busca de la verdad Daredevil: Renacimiento-Un periodista en busca de la verdad Daredevil:Renacimiento-Un periodista en busca de la verdad\" \/>\n<meta name=\"robots\" content=\"index, follow, max-snippet:-1, max-image-preview:large, max-video-preview:-1\" \/>\n<link rel=\"canonical\" href=\"https:\/\/www.cope.es\/blogs\/cine-y-libertad\/2019\/10\/31\/daredevil-renacimiento-un-periodista-en-busca-de-la-verdad\/\" \/>\n<meta property=\"og:locale\" content=\"es_ES\" \/>\n<meta property=\"og:type\" content=\"article\" \/>\n<meta property=\"og:title\" content=\"Daredevil:Renacimiento-Un periodista en busca de la verdad\" \/>\n<meta property=\"og:description\" content=\"Daredevil:Renacimiento-Un periodista en busca de la verdad Daredevil: Renacimiento-Un periodista en busca de la verdad Daredevil:Renacimiento-Un periodista en busca de la verdad\" \/>\n<meta property=\"og:url\" content=\"https:\/\/www.cope.es\/blogs\/cine-y-libertad\/2019\/10\/31\/daredevil-renacimiento-un-periodista-en-busca-de-la-verdad\/\" \/>\n<meta property=\"og:site_name\" content=\"Cine y Libertad\" \/>\n<meta property=\"article:publisher\" content=\"https:\/\/www.facebook.com\/cope\/\" \/>\n<meta property=\"article:author\" content=\"https:\/\/www.facebook.com\/victor.alvarado.56829446\" \/>\n<meta property=\"article:published_time\" content=\"2019-10-31T12:01:24+00:00\" \/>\n<meta property=\"article:modified_time\" content=\"2019-12-26T09:47:41+00:00\" \/>\n<meta property=\"og:image\" content=\"https:\/\/www.cope.es\/blogs\/cine-y-libertad\/wp-content\/uploads\/sites\/7\/2019\/10\/Daredevil_Renacimiento_461x700-1.jpg\" \/>\n\t<meta property=\"og:image:width\" content=\"461\" \/>\n\t<meta property=\"og:image:height\" content=\"700\" \/>\n\t<meta property=\"og:image:type\" content=\"image\/jpeg\" \/>\n<meta name=\"author\" content=\"V\u00edctor Alvarado\" \/>\n<meta name=\"twitter:card\" content=\"summary_large_image\" \/>\n<meta name=\"twitter:creator\" content=\"@cineylibertad\" \/>\n<meta name=\"twitter:site\" content=\"@cope_es\" \/>\n<meta name=\"twitter:label1\" content=\"Escrito por\" \/>\n\t<meta name=\"twitter:data1\" content=\"V\u00edctor Alvarado\" \/>\n\t<meta name=\"twitter:label2\" content=\"Tiempo de lectura\" \/>\n\t<meta name=\"twitter:data2\" content=\"1 minuto\" \/>\n<script type=\"application\/ld+json\" class=\"yoast-schema-graph\">{\"@context\":\"https:\\\/\\\/schema.org\",\"@graph\":[{\"@type\":\"Article\",\"@id\":\"https:\\\/\\\/www.cope.es\\\/blogs\\\/cine-y-libertad\\\/2019\\\/10\\\/31\\\/daredevil-renacimiento-un-periodista-en-busca-de-la-verdad\\\/#article\",\"isPartOf\":{\"@id\":\"https:\\\/\\\/www.cope.es\\\/blogs\\\/cine-y-libertad\\\/2019\\\/10\\\/31\\\/daredevil-renacimiento-un-periodista-en-busca-de-la-verdad\\\/\"},\"author\":{\"name\":\"V\u00edctor Alvarado\",\"@id\":\"https:\\\/\\\/www.cope.es\\\/blogs\\\/cine-y-libertad\\\/#\\\/schema\\\/person\\\/c95904a4fbf751a8d9124f8fa8bdaace\"},\"headline\":\"Daredevil: Renacimiento-Un periodista en busca de la verdad\",\"datePublished\":\"2019-10-31T12:01:24+00:00\",\"dateModified\":\"2019-12-26T09:47:41+00:00\",\"mainEntityOfPage\":{\"@id\":\"https:\\\/\\\/www.cope.es\\\/blogs\\\/cine-y-libertad\\\/2019\\\/10\\\/31\\\/daredevil-renacimiento-un-periodista-en-busca-de-la-verdad\\\/\"},\"wordCount\":283,\"commentCount\":0,\"image\":{\"@id\":\"https:\\\/\\\/www.cope.es\\\/blogs\\\/cine-y-libertad\\\/2019\\\/10\\\/31\\\/daredevil-renacimiento-un-periodista-en-busca-de-la-verdad\\\/#primaryimage\"},\"thumbnailUrl\":\"https:\\\/\\\/www.cope.es\\\/blogs\\\/cine-y-libertad\\\/wp-content\\\/uploads\\\/sites\\\/7\\\/2019\\\/10\\\/Daredevil_Renacimiento_461x700-1.jpg\",\"articleSection\":[\"acci\u00f3n\",\"amistad\",\"c\u00f3mics\",\"cristianismo\",\"Daredevil\",\"Superh\u00e9roes\"],\"inLanguage\":\"es\",\"potentialAction\":[{\"@type\":\"CommentAction\",\"name\":\"Comment\",\"target\":[\"https:\\\/\\\/www.cope.es\\\/blogs\\\/cine-y-libertad\\\/2019\\\/10\\\/31\\\/daredevil-renacimiento-un-periodista-en-busca-de-la-verdad\\\/#respond\"]}]},{\"@type\":\"WebPage\",\"@id\":\"https:\\\/\\\/www.cope.es\\\/blogs\\\/cine-y-libertad\\\/2019\\\/10\\\/31\\\/daredevil-renacimiento-un-periodista-en-busca-de-la-verdad\\\/\",\"url\":\"https:\\\/\\\/www.cope.es\\\/blogs\\\/cine-y-libertad\\\/2019\\\/10\\\/31\\\/daredevil-renacimiento-un-periodista-en-busca-de-la-verdad\\\/\",\"name\":\"Daredevil:Renacimiento-Un periodista en busca de la verdad\",\"isPartOf\":{\"@id\":\"https:\\\/\\\/www.cope.es\\\/blogs\\\/cine-y-libertad\\\/#website\"},\"primaryImageOfPage\":{\"@id\":\"https:\\\/\\\/www.cope.es\\\/blogs\\\/cine-y-libertad\\\/2019\\\/10\\\/31\\\/daredevil-renacimiento-un-periodista-en-busca-de-la-verdad\\\/#primaryimage\"},\"image\":{\"@id\":\"https:\\\/\\\/www.cope.es\\\/blogs\\\/cine-y-libertad\\\/2019\\\/10\\\/31\\\/daredevil-renacimiento-un-periodista-en-busca-de-la-verdad\\\/#primaryimage\"},\"thumbnailUrl\":\"https:\\\/\\\/www.cope.es\\\/blogs\\\/cine-y-libertad\\\/wp-content\\\/uploads\\\/sites\\\/7\\\/2019\\\/10\\\/Daredevil_Renacimiento_461x700-1.jpg\",\"datePublished\":\"2019-10-31T12:01:24+00:00\",\"dateModified\":\"2019-12-26T09:47:41+00:00\",\"author\":{\"@id\":\"https:\\\/\\\/www.cope.es\\\/blogs\\\/cine-y-libertad\\\/#\\\/schema\\\/person\\\/c95904a4fbf751a8d9124f8fa8bdaace\"},\"description\":\"Daredevil:Renacimiento-Un periodista en busca de la verdad Daredevil: Renacimiento-Un periodista en busca de la verdad Daredevil:Renacimiento-Un periodista en busca de la verdad\",\"breadcrumb\":{\"@id\":\"https:\\\/\\\/www.cope.es\\\/blogs\\\/cine-y-libertad\\\/2019\\\/10\\\/31\\\/daredevil-renacimiento-un-periodista-en-busca-de-la-verdad\\\/#breadcrumb\"},\"inLanguage\":\"es\",\"potentialAction\":[{\"@type\":\"ReadAction\",\"target\":[\"https:\\\/\\\/www.cope.es\\\/blogs\\\/cine-y-libertad\\\/2019\\\/10\\\/31\\\/daredevil-renacimiento-un-periodista-en-busca-de-la-verdad\\\/\"]}]},{\"@type\":\"ImageObject\",\"inLanguage\":\"es\",\"@id\":\"https:\\\/\\\/www.cope.es\\\/blogs\\\/cine-y-libertad\\\/2019\\\/10\\\/31\\\/daredevil-renacimiento-un-periodista-en-busca-de-la-verdad\\\/#primaryimage\",\"url\":\"https:\\\/\\\/www.cope.es\\\/blogs\\\/cine-y-libertad\\\/wp-content\\\/uploads\\\/sites\\\/7\\\/2019\\\/10\\\/Daredevil_Renacimiento_461x700-1.jpg\",\"contentUrl\":\"https:\\\/\\\/www.cope.es\\\/blogs\\\/cine-y-libertad\\\/wp-content\\\/uploads\\\/sites\\\/7\\\/2019\\\/10\\\/Daredevil_Renacimiento_461x700-1.jpg\",\"width\":461,\"height\":700},{\"@type\":\"BreadcrumbList\",\"@id\":\"https:\\\/\\\/www.cope.es\\\/blogs\\\/cine-y-libertad\\\/2019\\\/10\\\/31\\\/daredevil-renacimiento-un-periodista-en-busca-de-la-verdad\\\/#breadcrumb\",\"itemListElement\":[{\"@type\":\"ListItem\",\"position\":1,\"name\":\"Portada\",\"item\":\"https:\\\/\\\/www.cope.es\\\/blogs\\\/cine-y-libertad\\\/\"},{\"@type\":\"ListItem\",\"position\":2,\"name\":\"Daredevil: Renacimiento-Un periodista en busca de la verdad\"}]},{\"@type\":\"WebSite\",\"@id\":\"https:\\\/\\\/www.cope.es\\\/blogs\\\/cine-y-libertad\\\/#website\",\"url\":\"https:\\\/\\\/www.cope.es\\\/blogs\\\/cine-y-libertad\\\/\",\"name\":\"Cine y Libertad\",\"description\":\"Cine y Libertad un blog de COPE\",\"potentialAction\":[{\"@type\":\"SearchAction\",\"target\":{\"@type\":\"EntryPoint\",\"urlTemplate\":\"https:\\\/\\\/www.cope.es\\\/blogs\\\/cine-y-libertad\\\/?s={search_term_string}\"},\"query-input\":{\"@type\":\"PropertyValueSpecification\",\"valueRequired\":true,\"valueName\":\"search_term_string\"}}],\"inLanguage\":\"es\"},{\"@type\":\"Person\",\"@id\":\"https:\\\/\\\/www.cope.es\\\/blogs\\\/cine-y-libertad\\\/#\\\/schema\\\/person\\\/c95904a4fbf751a8d9124f8fa8bdaace\",\"name\":\"V\u00edctor Alvarado\",\"image\":{\"@type\":\"ImageObject\",\"inLanguage\":\"es\",\"@id\":\"https:\\\/\\\/secure.gravatar.com\\\/avatar\\\/db4634ae2001f7f920b8294d926f3e737ada04196e014ebacae29a4848f905f4?s=96&d=mm&r=g\",\"url\":\"https:\\\/\\\/secure.gravatar.com\\\/avatar\\\/db4634ae2001f7f920b8294d926f3e737ada04196e014ebacae29a4848f905f4?s=96&d=mm&r=g\",\"contentUrl\":\"https:\\\/\\\/secure.gravatar.com\\\/avatar\\\/db4634ae2001f7f920b8294d926f3e737ada04196e014ebacae29a4848f905f4?s=96&d=mm&r=g\",\"caption\":\"V\u00edctor Alvarado\"},\"description\":\"V\u00edctor Alvarado tiene una larga experiencia tanto en medios de comunicaci\u00f3n como en educaci\u00f3n. Dirige el programa de radio, Directo a las Estrellas, en Intereconom\u00eda (Castilla y Le\u00f3n) y Informa Radio en toda Espa\u00f1a. Ha colaborado en Radio Inter y Esradio. Cr\u00edtico de cine en Pantalla 90, Diario Ya y P\u00e1ginas Digital. Es miembro del CEC. Es el autor de libro: La fe, la \u00e9tica y los valores de los superh\u00e9roes (PPC). Esta es su web: www.cineylibertad.com y, por supuesto, lleva m\u00e1s de 5 a\u00f1os como bloguero de Cope, donde analiza el cine, los c\u00f3mics y los libros desde una \u00f3ptica antropol\u00f3gica y axiol\u00f3gica, atendiendo a todas las dimensiones del ser humano.\",\"sameAs\":[\"http:\\\/\\\/www.cineylibertad.com\",\"https:\\\/\\\/www.facebook.com\\\/victor.alvarado.56829446\",\"https:\\\/\\\/www.instagram.com\\\/cineylibertad\\\/\",\"https:\\\/\\\/x.com\\\/cineylibertad\"],\"url\":\"https:\\\/\\\/www.cope.es\\\/blogs\\\/cine-y-libertad\\\/author\\\/valvarado\\\/\"}]}<\/script>\n<!-- \/ Yoast SEO plugin. -->","yoast_head_json":{"title":"Daredevil:Renacimiento-Un periodista en busca de la verdad","description":"Daredevil:Renacimiento-Un periodista en busca de la verdad Daredevil: Renacimiento-Un periodista en busca de la verdad Daredevil:Renacimiento-Un periodista en busca de la verdad","robots":{"index":"index","follow":"follow","max-snippet":"max-snippet:-1","max-image-preview":"max-image-preview:large","max-video-preview":"max-video-preview:-1"},"canonical":"https:\/\/www.cope.es\/blogs\/cine-y-libertad\/2019\/10\/31\/daredevil-renacimiento-un-periodista-en-busca-de-la-verdad\/","og_locale":"es_ES","og_type":"article","og_title":"Daredevil:Renacimiento-Un periodista en busca de la verdad","og_description":"Daredevil:Renacimiento-Un periodista en busca de la verdad Daredevil: Renacimiento-Un periodista en busca de la verdad Daredevil:Renacimiento-Un periodista en busca de la verdad","og_url":"https:\/\/www.cope.es\/blogs\/cine-y-libertad\/2019\/10\/31\/daredevil-renacimiento-un-periodista-en-busca-de-la-verdad\/","og_site_name":"Cine y Libertad","article_publisher":"https:\/\/www.facebook.com\/cope\/","article_author":"https:\/\/www.facebook.com\/victor.alvarado.56829446","article_published_time":"2019-10-31T12:01:24+00:00","article_modified_time":"2019-12-26T09:47:41+00:00","og_image":[{"width":461,"height":700,"url":"https:\/\/www.cope.es\/blogs\/cine-y-libertad\/wp-content\/uploads\/sites\/7\/2019\/10\/Daredevil_Renacimiento_461x700-1.jpg","type":"image\/jpeg"}],"author":"V\u00edctor Alvarado","twitter_card":"summary_large_image","twitter_creator":"@cineylibertad","twitter_site":"@cope_es","twitter_misc":{"Escrito por":"V\u00edctor Alvarado","Tiempo de lectura":"1 minuto"},"schema":{"@context":"https:\/\/schema.org","@graph":[{"@type":"Article","@id":"https:\/\/www.cope.es\/blogs\/cine-y-libertad\/2019\/10\/31\/daredevil-renacimiento-un-periodista-en-busca-de-la-verdad\/#article","isPartOf":{"@id":"https:\/\/www.cope.es\/blogs\/cine-y-libertad\/2019\/10\/31\/daredevil-renacimiento-un-periodista-en-busca-de-la-verdad\/"},"author":{"name":"V\u00edctor Alvarado","@id":"https:\/\/www.cope.es\/blogs\/cine-y-libertad\/#\/schema\/person\/c95904a4fbf751a8d9124f8fa8bdaace"},"headline":"Daredevil: Renacimiento-Un periodista en busca de la verdad","datePublished":"2019-10-31T12:01:24+00:00","dateModified":"2019-12-26T09:47:41+00:00","mainEntityOfPage":{"@id":"https:\/\/www.cope.es\/blogs\/cine-y-libertad\/2019\/10\/31\/daredevil-renacimiento-un-periodista-en-busca-de-la-verdad\/"},"wordCount":283,"commentCount":0,"image":{"@id":"https:\/\/www.cope.es\/blogs\/cine-y-libertad\/2019\/10\/31\/daredevil-renacimiento-un-periodista-en-busca-de-la-verdad\/#primaryimage"},"thumbnailUrl":"https:\/\/www.cope.es\/blogs\/cine-y-libertad\/wp-content\/uploads\/sites\/7\/2019\/10\/Daredevil_Renacimiento_461x700-1.jpg","articleSection":["acci\u00f3n","amistad","c\u00f3mics","cristianismo","Daredevil","Superh\u00e9roes"],"inLanguage":"es","potentialAction":[{"@type":"CommentAction","name":"Comment","target":["https:\/\/www.cope.es\/blogs\/cine-y-libertad\/2019\/10\/31\/daredevil-renacimiento-un-periodista-en-busca-de-la-verdad\/#respond"]}]},{"@type":"WebPage","@id":"https:\/\/www.cope.es\/blogs\/cine-y-libertad\/2019\/10\/31\/daredevil-renacimiento-un-periodista-en-busca-de-la-verdad\/","url":"https:\/\/www.cope.es\/blogs\/cine-y-libertad\/2019\/10\/31\/daredevil-renacimiento-un-periodista-en-busca-de-la-verdad\/","name":"Daredevil:Renacimiento-Un periodista en busca de la verdad","isPartOf":{"@id":"https:\/\/www.cope.es\/blogs\/cine-y-libertad\/#website"},"primaryImageOfPage":{"@id":"https:\/\/www.cope.es\/blogs\/cine-y-libertad\/2019\/10\/31\/daredevil-renacimiento-un-periodista-en-busca-de-la-verdad\/#primaryimage"},"image":{"@id":"https:\/\/www.cope.es\/blogs\/cine-y-libertad\/2019\/10\/31\/daredevil-renacimiento-un-periodista-en-busca-de-la-verdad\/#primaryimage"},"thumbnailUrl":"https:\/\/www.cope.es\/blogs\/cine-y-libertad\/wp-content\/uploads\/sites\/7\/2019\/10\/Daredevil_Renacimiento_461x700-1.jpg","datePublished":"2019-10-31T12:01:24+00:00","dateModified":"2019-12-26T09:47:41+00:00","author":{"@id":"https:\/\/www.cope.es\/blogs\/cine-y-libertad\/#\/schema\/person\/c95904a4fbf751a8d9124f8fa8bdaace"},"description":"Daredevil:Renacimiento-Un periodista en busca de la verdad Daredevil: Renacimiento-Un periodista en busca de la verdad Daredevil:Renacimiento-Un periodista en busca de la verdad","breadcrumb":{"@id":"https:\/\/www.cope.es\/blogs\/cine-y-libertad\/2019\/10\/31\/daredevil-renacimiento-un-periodista-en-busca-de-la-verdad\/#breadcrumb"},"inLanguage":"es","potentialAction":[{"@type":"ReadAction","target":["https:\/\/www.cope.es\/blogs\/cine-y-libertad\/2019\/10\/31\/daredevil-renacimiento-un-periodista-en-busca-de-la-verdad\/"]}]},{"@type":"ImageObject","inLanguage":"es","@id":"https:\/\/www.cope.es\/blogs\/cine-y-libertad\/2019\/10\/31\/daredevil-renacimiento-un-periodista-en-busca-de-la-verdad\/#primaryimage","url":"https:\/\/www.cope.es\/blogs\/cine-y-libertad\/wp-content\/uploads\/sites\/7\/2019\/10\/Daredevil_Renacimiento_461x700-1.jpg","contentUrl":"https:\/\/www.cope.es\/blogs\/cine-y-libertad\/wp-content\/uploads\/sites\/7\/2019\/10\/Daredevil_Renacimiento_461x700-1.jpg","width":461,"height":700},{"@type":"BreadcrumbList","@id":"https:\/\/www.cope.es\/blogs\/cine-y-libertad\/2019\/10\/31\/daredevil-renacimiento-un-periodista-en-busca-de-la-verdad\/#breadcrumb","itemListElement":[{"@type":"ListItem","position":1,"name":"Portada","item":"https:\/\/www.cope.es\/blogs\/cine-y-libertad\/"},{"@type":"ListItem","position":2,"name":"Daredevil: Renacimiento-Un periodista en busca de la verdad"}]},{"@type":"WebSite","@id":"https:\/\/www.cope.es\/blogs\/cine-y-libertad\/#website","url":"https:\/\/www.cope.es\/blogs\/cine-y-libertad\/","name":"Cine y Libertad","description":"Cine y Libertad un blog de COPE","potentialAction":[{"@type":"SearchAction","target":{"@type":"EntryPoint","urlTemplate":"https:\/\/www.cope.es\/blogs\/cine-y-libertad\/?s={search_term_string}"},"query-input":{"@type":"PropertyValueSpecification","valueRequired":true,"valueName":"search_term_string"}}],"inLanguage":"es"},{"@type":"Person","@id":"https:\/\/www.cope.es\/blogs\/cine-y-libertad\/#\/schema\/person\/c95904a4fbf751a8d9124f8fa8bdaace","name":"V\u00edctor Alvarado","image":{"@type":"ImageObject","inLanguage":"es","@id":"https:\/\/secure.gravatar.com\/avatar\/db4634ae2001f7f920b8294d926f3e737ada04196e014ebacae29a4848f905f4?s=96&d=mm&r=g","url":"https:\/\/secure.gravatar.com\/avatar\/db4634ae2001f7f920b8294d926f3e737ada04196e014ebacae29a4848f905f4?s=96&d=mm&r=g","contentUrl":"https:\/\/secure.gravatar.com\/avatar\/db4634ae2001f7f920b8294d926f3e737ada04196e014ebacae29a4848f905f4?s=96&d=mm&r=g","caption":"V\u00edctor Alvarado"},"description":"V\u00edctor Alvarado tiene una larga experiencia tanto en medios de comunicaci\u00f3n como en educaci\u00f3n. Dirige el programa de radio, Directo a las Estrellas, en Intereconom\u00eda (Castilla y Le\u00f3n) y Informa Radio en toda Espa\u00f1a. Ha colaborado en Radio Inter y Esradio. Cr\u00edtico de cine en Pantalla 90, Diario Ya y P\u00e1ginas Digital. Es miembro del CEC. Es el autor de libro: La fe, la \u00e9tica y los valores de los superh\u00e9roes (PPC). Esta es su web: www.cineylibertad.com y, por supuesto, lleva m\u00e1s de 5 a\u00f1os como bloguero de Cope, donde analiza el cine, los c\u00f3mics y los libros desde una \u00f3ptica antropol\u00f3gica y axiol\u00f3gica, atendiendo a todas las dimensiones del ser humano.","sameAs":["http:\/\/www.cineylibertad.com","https:\/\/www.facebook.com\/victor.alvarado.56829446","https:\/\/www.instagram.com\/cineylibertad\/","https:\/\/x.com\/cineylibertad"],"url":"https:\/\/www.cope.es\/blogs\/cine-y-libertad\/author\/valvarado\/"}]}},"amp_enabled":true,"_links":{"self":[{"href":"https:\/\/www.cope.es\/blogs\/cine-y-libertad\/wp-json\/wp\/v2\/posts\/1255","targetHints":{"allow":["GET"]}}],"collection":[{"href":"https:\/\/www.cope.es\/blogs\/cine-y-libertad\/wp-json\/wp\/v2\/posts"}],"about":[{"href":"https:\/\/www.cope.es\/blogs\/cine-y-libertad\/wp-json\/wp\/v2\/types\/post"}],"author":[{"embeddable":true,"href":"https:\/\/www.cope.es\/blogs\/cine-y-libertad\/wp-json\/wp\/v2\/users\/7"}],"replies":[{"embeddable":true,"href":"https:\/\/www.cope.es\/blogs\/cine-y-libertad\/wp-json\/wp\/v2\/comments?post=1255"}],"version-history":[{"count":2,"href":"https:\/\/www.cope.es\/blogs\/cine-y-libertad\/wp-json\/wp\/v2\/posts\/1255\/revisions"}],"predecessor-version":[{"id":1425,"href":"https:\/\/www.cope.es\/blogs\/cine-y-libertad\/wp-json\/wp\/v2\/posts\/1255\/revisions\/1425"}],"wp:featuredmedia":[{"embeddable":true,"href":"https:\/\/www.cope.es\/blogs\/cine-y-libertad\/wp-json\/wp\/v2\/media\/1256"}],"wp:attachment":[{"href":"https:\/\/www.cope.es\/blogs\/cine-y-libertad\/wp-json\/wp\/v2\/media?parent=1255"}],"wp:term":[{"taxonomy":"category","embeddable":true,"href":"https:\/\/www.cope.es\/blogs\/cine-y-libertad\/wp-json\/wp\/v2\/categories?post=1255"},{"taxonomy":"post_tag","embeddable":true,"href":"https:\/\/www.cope.es\/blogs\/cine-y-libertad\/wp-json\/wp\/v2\/tags?post=1255"}],"curies":[{"name":"wp","href":"https:\/\/api.w.org\/{rel}","templated":true}]}}