{"id":1116,"date":"2019-07-28T11:05:53","date_gmt":"2019-07-28T09:05:53","guid":{"rendered":"http:\/\/www.cope.es\/blogs\/cine-y-libertad\/?p=1116"},"modified":"2019-07-28T11:05:53","modified_gmt":"2019-07-28T09:05:53","slug":"batman-e-hijo-paralelismos-entre-batman-y-la-biblia","status":"publish","type":"post","link":"https:\/\/www.cope.es\/blogs\/cine-y-libertad\/2019\/07\/28\/batman-e-hijo-paralelismos-entre-batman-y-la-biblia\/","title":{"rendered":"Batman e hijo-Paralelismos entre Batman y la Biblia"},"content":{"rendered":"<p><img loading=\"lazy\" decoding=\"async\" width=\"156\" height=\"240\" class=\"alignnone size-full wp-image-1117\" src=\"http:\/\/www.cope.es\/blogs\/cine-y-libertad\/wp-content\/uploads\/sites\/7\/2019\/07\/bat.jpg\" alt=\"\" \/><\/p>\n<p>\u00a1Lectores y amigos de Cine y Libertad!<\/p>\n<p>\u00bfSu autor ha\u00a0 querido establecer una relaci\u00f3n entre el Caballero Oscuro y Jes\u00fas de Nazaret? Aqu\u00ed puedes escuchar mi comentario:<a title=\"Batman e hijo-Paralelismos entre Batman y la Biblia\" href=\"http:\/\/www.cineylibertad.com\/batman-e-hijo-paralelismos-entre-batman-y-la-biblia\/\">Batman e hijo-Paralelismos entre Batman y la Biblia<\/a><\/p>\n<p>La editorial ECC\u00a0 nos habla de su c\u00f3mic:<\/p>\n<p>Una nueva era para el Hombre Murci\u00e9lago empez\u00f3 a fraguarse en<em><strong> 52<\/strong><\/em>, la c\u00e9lebre serie semanal que afect\u00f3 a todo el Universo DC, y especialmente en los dos episodios que se recopilan aqu\u00ed como pr\u00f3logo a esta etapa, una de las m\u00e1s aclamadas, pol\u00e9micas y trascendentales en la historia del Caballero Oscuro. Con el arco argumental <em>Batman e hijo<\/em> asistimos a la llegada de <strong>Grant Morrison<\/strong> a la colecci\u00f3n americana, que implicar\u00eda m\u00faltiples hitos de indiscutible repercusi\u00f3n para la trayectoria del principal h\u00e9roe de Gotham: el descubrimiento de su paternidad, la ofensiva orquestada por Talia al Ghul y su sorprendente ej\u00e9rcito de Manbats, la irrupci\u00f3n de Jezebel Jet en la vida de Bruce Wayne, un irrepetible y l\u00facido relato en prosa sobre el Joker, la introducci\u00f3n del misterioso concepto de los Archivos Negros e incluso un futuro apocal\u00edptico en el que la figura de Damian Wayne ha relevado a la de su padre con resultados tan terror\u00edficos como devastadores. Y todo esto solamente en el primer volumen&#8230;<\/p>\n<p>Un nombre imprescindible del c\u00f3mic de superh\u00e9roes actual, <strong>Grant Morrison<\/strong>, firma una etapa que cambiar\u00e1 al Caballero Oscuro para siempre. Y este tomo de <strong><a href=\"https:\/\/www.ecccomics.com\/contenidos\/un-vistazo-a-2019-batman-saga-batman-de-grant-11677.aspx\">Batman Saga<\/a><\/strong> la recopila desde el principio, con el arco argumental<em> Batman e hijo <\/em>y el debut como Robin de Damian, el v\u00e1stago de Bruce y Talia. Algo que solo es el comienzo de lo que llegar\u00e1, porque el m\u00edtico guionista, vinculado a DC Comics ya hace m\u00e1s de 30 a\u00f1os \u2014desde <em><strong>Animal Man<\/strong><\/em> hasta <em><strong>El Multiverso<\/strong><\/em>, pasando por <strong>Los Invisibles<\/strong> y su inolvidable<u> <\/u><em><strong>JLA<\/strong><\/em>\u2014, se ver\u00e1 acompa\u00f1ado aqu\u00ed por otras legendarias figuras del c\u00f3mic estadounidense, entre ellas <strong>Andy Kubert<\/strong> (<em>X-Men<\/em>), <strong>John Ostrander<\/strong> (<em><strong>Escuadr\u00f3n Suicida<\/strong><\/em>), <strong>J.H. Williams III<\/strong> (<em><strong>Promethea<\/strong><\/em>) y <strong>Paul Dini<\/strong> (<em><strong>Batman: Amor loco<\/strong><\/em>).<\/p>\n<p>Twitter:\u00a0<span class=\"x_DashboardProfileCard-screenname x_u-inlineBlock x_u-dir\"><a class=\"x_DashboardProfileCard-screennameLink x_u-linkComplex x_u-linkClean\" href=\"https:\/\/twitter.com\/cineylibertad\" target=\"_blank\">@<span class=\"x_u-linkComplex-target\">cineylibertad<\/span><\/a><\/span><\/p>\n","protected":false},"excerpt":{"rendered":"<p>\u00a1Lectores y amigos de Cine y Libertad! \u00bfSu autor ha\u00a0 querido establecer una relaci\u00f3n entre el Caballero Oscuro y Jes\u00fas de Nazaret? Aqu\u00ed puedes escuchar mi comentario:Batman e hijo-Paralelismos entre Batman y la Biblia La editorial ECC\u00a0 nos habla de su c\u00f3mic: Una nueva era para el Hombre Murci\u00e9lago empez\u00f3 a fraguarse en 52, la [&hellip;]<\/p>\n","protected":false},"author":7,"featured_media":1117,"comment_status":"open","ping_status":"open","sticky":false,"template":"","format":"standard","meta":{"footnotes":""},"categories":[85,7,12,77,8],"tags":[],"class_list":["post-1116","post","type-post","status-publish","format-standard","has-post-thumbnail","hentry","category-aventuras","category-batman","category-cristianismo","category-etica","category-superheroes"],"yoast_head":"<!-- This site is optimized with the Yoast SEO plugin v27.4 - https:\/\/yoast.com\/product\/yoast-seo-wordpress\/ -->\n<title>Batman e hijo-Paralelismos entre Batman y la Biblia - Cine y Libertad<\/title>\n<meta name=\"robots\" content=\"index, follow, max-snippet:-1, max-image-preview:large, max-video-preview:-1\" \/>\n<link rel=\"canonical\" href=\"https:\/\/www.cope.es\/blogs\/cine-y-libertad\/2019\/07\/28\/batman-e-hijo-paralelismos-entre-batman-y-la-biblia\/\" \/>\n<meta property=\"og:locale\" content=\"es_ES\" \/>\n<meta property=\"og:type\" content=\"article\" \/>\n<meta property=\"og:title\" content=\"Batman e hijo-Paralelismos entre Batman y la Biblia - Cine y Libertad\" \/>\n<meta property=\"og:description\" content=\"\u00a1Lectores y amigos de Cine y Libertad! \u00bfSu autor ha\u00a0 querido establecer una relaci\u00f3n entre el Caballero Oscuro y Jes\u00fas de Nazaret? Aqu\u00ed puedes escuchar mi comentario:Batman e hijo-Paralelismos entre Batman y la Biblia La editorial ECC\u00a0 nos habla de su c\u00f3mic: Una nueva era para el Hombre Murci\u00e9lago empez\u00f3 a fraguarse en 52, la [&hellip;]\" \/>\n<meta property=\"og:url\" content=\"https:\/\/www.cope.es\/blogs\/cine-y-libertad\/2019\/07\/28\/batman-e-hijo-paralelismos-entre-batman-y-la-biblia\/\" \/>\n<meta property=\"og:site_name\" content=\"Cine y Libertad\" \/>\n<meta property=\"article:publisher\" content=\"https:\/\/www.facebook.com\/cope\/\" \/>\n<meta property=\"article:author\" content=\"https:\/\/www.facebook.com\/victor.alvarado.56829446\" \/>\n<meta property=\"article:published_time\" content=\"2019-07-28T09:05:53+00:00\" \/>\n<meta property=\"og:image\" content=\"https:\/\/www.cope.es\/blogs\/cine-y-libertad\/wp-content\/uploads\/sites\/7\/2019\/07\/bat.jpg\" \/>\n\t<meta property=\"og:image:width\" content=\"156\" \/>\n\t<meta property=\"og:image:height\" content=\"240\" \/>\n\t<meta property=\"og:image:type\" content=\"image\/jpeg\" \/>\n<meta name=\"author\" content=\"V\u00edctor Alvarado\" \/>\n<meta name=\"twitter:card\" content=\"summary_large_image\" \/>\n<meta name=\"twitter:creator\" content=\"@cineylibertad\" \/>\n<meta name=\"twitter:site\" content=\"@cope_es\" \/>\n<meta name=\"twitter:label1\" content=\"Escrito por\" \/>\n\t<meta name=\"twitter:data1\" content=\"V\u00edctor Alvarado\" \/>\n\t<meta name=\"twitter:label2\" content=\"Tiempo de lectura\" \/>\n\t<meta name=\"twitter:data2\" content=\"2 minutos\" \/>\n<script type=\"application\/ld+json\" class=\"yoast-schema-graph\">{\"@context\":\"https:\\\/\\\/schema.org\",\"@graph\":[{\"@type\":\"Article\",\"@id\":\"https:\\\/\\\/www.cope.es\\\/blogs\\\/cine-y-libertad\\\/2019\\\/07\\\/28\\\/batman-e-hijo-paralelismos-entre-batman-y-la-biblia\\\/#article\",\"isPartOf\":{\"@id\":\"https:\\\/\\\/www.cope.es\\\/blogs\\\/cine-y-libertad\\\/2019\\\/07\\\/28\\\/batman-e-hijo-paralelismos-entre-batman-y-la-biblia\\\/\"},\"author\":{\"name\":\"V\u00edctor Alvarado\",\"@id\":\"https:\\\/\\\/www.cope.es\\\/blogs\\\/cine-y-libertad\\\/#\\\/schema\\\/person\\\/c95904a4fbf751a8d9124f8fa8bdaace\"},\"headline\":\"Batman e hijo-Paralelismos entre Batman y la Biblia\",\"datePublished\":\"2019-07-28T09:05:53+00:00\",\"mainEntityOfPage\":{\"@id\":\"https:\\\/\\\/www.cope.es\\\/blogs\\\/cine-y-libertad\\\/2019\\\/07\\\/28\\\/batman-e-hijo-paralelismos-entre-batman-y-la-biblia\\\/\"},\"wordCount\":366,\"commentCount\":0,\"image\":{\"@id\":\"https:\\\/\\\/www.cope.es\\\/blogs\\\/cine-y-libertad\\\/2019\\\/07\\\/28\\\/batman-e-hijo-paralelismos-entre-batman-y-la-biblia\\\/#primaryimage\"},\"thumbnailUrl\":\"https:\\\/\\\/www.cope.es\\\/blogs\\\/cine-y-libertad\\\/wp-content\\\/uploads\\\/sites\\\/7\\\/2019\\\/07\\\/bat.jpg\",\"articleSection\":[\"aventuras\",\"Batman\",\"cristianismo\",\"\u00e9tica\",\"Superh\u00e9roes\"],\"inLanguage\":\"es\",\"potentialAction\":[{\"@type\":\"CommentAction\",\"name\":\"Comment\",\"target\":[\"https:\\\/\\\/www.cope.es\\\/blogs\\\/cine-y-libertad\\\/2019\\\/07\\\/28\\\/batman-e-hijo-paralelismos-entre-batman-y-la-biblia\\\/#respond\"]}]},{\"@type\":\"WebPage\",\"@id\":\"https:\\\/\\\/www.cope.es\\\/blogs\\\/cine-y-libertad\\\/2019\\\/07\\\/28\\\/batman-e-hijo-paralelismos-entre-batman-y-la-biblia\\\/\",\"url\":\"https:\\\/\\\/www.cope.es\\\/blogs\\\/cine-y-libertad\\\/2019\\\/07\\\/28\\\/batman-e-hijo-paralelismos-entre-batman-y-la-biblia\\\/\",\"name\":\"Batman e hijo-Paralelismos entre Batman y la Biblia - Cine y Libertad\",\"isPartOf\":{\"@id\":\"https:\\\/\\\/www.cope.es\\\/blogs\\\/cine-y-libertad\\\/#website\"},\"primaryImageOfPage\":{\"@id\":\"https:\\\/\\\/www.cope.es\\\/blogs\\\/cine-y-libertad\\\/2019\\\/07\\\/28\\\/batman-e-hijo-paralelismos-entre-batman-y-la-biblia\\\/#primaryimage\"},\"image\":{\"@id\":\"https:\\\/\\\/www.cope.es\\\/blogs\\\/cine-y-libertad\\\/2019\\\/07\\\/28\\\/batman-e-hijo-paralelismos-entre-batman-y-la-biblia\\\/#primaryimage\"},\"thumbnailUrl\":\"https:\\\/\\\/www.cope.es\\\/blogs\\\/cine-y-libertad\\\/wp-content\\\/uploads\\\/sites\\\/7\\\/2019\\\/07\\\/bat.jpg\",\"datePublished\":\"2019-07-28T09:05:53+00:00\",\"author\":{\"@id\":\"https:\\\/\\\/www.cope.es\\\/blogs\\\/cine-y-libertad\\\/#\\\/schema\\\/person\\\/c95904a4fbf751a8d9124f8fa8bdaace\"},\"breadcrumb\":{\"@id\":\"https:\\\/\\\/www.cope.es\\\/blogs\\\/cine-y-libertad\\\/2019\\\/07\\\/28\\\/batman-e-hijo-paralelismos-entre-batman-y-la-biblia\\\/#breadcrumb\"},\"inLanguage\":\"es\",\"potentialAction\":[{\"@type\":\"ReadAction\",\"target\":[\"https:\\\/\\\/www.cope.es\\\/blogs\\\/cine-y-libertad\\\/2019\\\/07\\\/28\\\/batman-e-hijo-paralelismos-entre-batman-y-la-biblia\\\/\"]}]},{\"@type\":\"ImageObject\",\"inLanguage\":\"es\",\"@id\":\"https:\\\/\\\/www.cope.es\\\/blogs\\\/cine-y-libertad\\\/2019\\\/07\\\/28\\\/batman-e-hijo-paralelismos-entre-batman-y-la-biblia\\\/#primaryimage\",\"url\":\"https:\\\/\\\/www.cope.es\\\/blogs\\\/cine-y-libertad\\\/wp-content\\\/uploads\\\/sites\\\/7\\\/2019\\\/07\\\/bat.jpg\",\"contentUrl\":\"https:\\\/\\\/www.cope.es\\\/blogs\\\/cine-y-libertad\\\/wp-content\\\/uploads\\\/sites\\\/7\\\/2019\\\/07\\\/bat.jpg\",\"width\":156,\"height\":240},{\"@type\":\"BreadcrumbList\",\"@id\":\"https:\\\/\\\/www.cope.es\\\/blogs\\\/cine-y-libertad\\\/2019\\\/07\\\/28\\\/batman-e-hijo-paralelismos-entre-batman-y-la-biblia\\\/#breadcrumb\",\"itemListElement\":[{\"@type\":\"ListItem\",\"position\":1,\"name\":\"Portada\",\"item\":\"https:\\\/\\\/www.cope.es\\\/blogs\\\/cine-y-libertad\\\/\"},{\"@type\":\"ListItem\",\"position\":2,\"name\":\"Batman e hijo-Paralelismos entre Batman y la Biblia\"}]},{\"@type\":\"WebSite\",\"@id\":\"https:\\\/\\\/www.cope.es\\\/blogs\\\/cine-y-libertad\\\/#website\",\"url\":\"https:\\\/\\\/www.cope.es\\\/blogs\\\/cine-y-libertad\\\/\",\"name\":\"Cine y Libertad\",\"description\":\"Cine y Libertad un blog de COPE\",\"potentialAction\":[{\"@type\":\"SearchAction\",\"target\":{\"@type\":\"EntryPoint\",\"urlTemplate\":\"https:\\\/\\\/www.cope.es\\\/blogs\\\/cine-y-libertad\\\/?s={search_term_string}\"},\"query-input\":{\"@type\":\"PropertyValueSpecification\",\"valueRequired\":true,\"valueName\":\"search_term_string\"}}],\"inLanguage\":\"es\"},{\"@type\":\"Person\",\"@id\":\"https:\\\/\\\/www.cope.es\\\/blogs\\\/cine-y-libertad\\\/#\\\/schema\\\/person\\\/c95904a4fbf751a8d9124f8fa8bdaace\",\"name\":\"V\u00edctor Alvarado\",\"image\":{\"@type\":\"ImageObject\",\"inLanguage\":\"es\",\"@id\":\"https:\\\/\\\/secure.gravatar.com\\\/avatar\\\/db4634ae2001f7f920b8294d926f3e737ada04196e014ebacae29a4848f905f4?s=96&d=mm&r=g\",\"url\":\"https:\\\/\\\/secure.gravatar.com\\\/avatar\\\/db4634ae2001f7f920b8294d926f3e737ada04196e014ebacae29a4848f905f4?s=96&d=mm&r=g\",\"contentUrl\":\"https:\\\/\\\/secure.gravatar.com\\\/avatar\\\/db4634ae2001f7f920b8294d926f3e737ada04196e014ebacae29a4848f905f4?s=96&d=mm&r=g\",\"caption\":\"V\u00edctor Alvarado\"},\"description\":\"V\u00edctor Alvarado tiene una larga experiencia tanto en medios de comunicaci\u00f3n como en educaci\u00f3n. Dirige el programa de radio, Directo a las Estrellas, en Intereconom\u00eda (Castilla y Le\u00f3n) y Informa Radio en toda Espa\u00f1a. Ha colaborado en Radio Inter y Esradio. Cr\u00edtico de cine en Pantalla 90, Diario Ya y P\u00e1ginas Digital. Es miembro del CEC. Es el autor de libro: La fe, la \u00e9tica y los valores de los superh\u00e9roes (PPC). Esta es su web: www.cineylibertad.com y, por supuesto, lleva m\u00e1s de 5 a\u00f1os como bloguero de Cope, donde analiza el cine, los c\u00f3mics y los libros desde una \u00f3ptica antropol\u00f3gica y axiol\u00f3gica, atendiendo a todas las dimensiones del ser humano.\",\"sameAs\":[\"http:\\\/\\\/www.cineylibertad.com\",\"https:\\\/\\\/www.facebook.com\\\/victor.alvarado.56829446\",\"https:\\\/\\\/www.instagram.com\\\/cineylibertad\\\/\",\"https:\\\/\\\/x.com\\\/cineylibertad\"],\"url\":\"https:\\\/\\\/www.cope.es\\\/blogs\\\/cine-y-libertad\\\/author\\\/valvarado\\\/\"}]}<\/script>\n<!-- \/ Yoast SEO plugin. -->","yoast_head_json":{"title":"Batman e hijo-Paralelismos entre Batman y la Biblia - Cine y Libertad","robots":{"index":"index","follow":"follow","max-snippet":"max-snippet:-1","max-image-preview":"max-image-preview:large","max-video-preview":"max-video-preview:-1"},"canonical":"https:\/\/www.cope.es\/blogs\/cine-y-libertad\/2019\/07\/28\/batman-e-hijo-paralelismos-entre-batman-y-la-biblia\/","og_locale":"es_ES","og_type":"article","og_title":"Batman e hijo-Paralelismos entre Batman y la Biblia - Cine y Libertad","og_description":"\u00a1Lectores y amigos de Cine y Libertad! \u00bfSu autor ha\u00a0 querido establecer una relaci\u00f3n entre el Caballero Oscuro y Jes\u00fas de Nazaret? Aqu\u00ed puedes escuchar mi comentario:Batman e hijo-Paralelismos entre Batman y la Biblia La editorial ECC\u00a0 nos habla de su c\u00f3mic: Una nueva era para el Hombre Murci\u00e9lago empez\u00f3 a fraguarse en 52, la [&hellip;]","og_url":"https:\/\/www.cope.es\/blogs\/cine-y-libertad\/2019\/07\/28\/batman-e-hijo-paralelismos-entre-batman-y-la-biblia\/","og_site_name":"Cine y Libertad","article_publisher":"https:\/\/www.facebook.com\/cope\/","article_author":"https:\/\/www.facebook.com\/victor.alvarado.56829446","article_published_time":"2019-07-28T09:05:53+00:00","og_image":[{"width":156,"height":240,"url":"https:\/\/www.cope.es\/blogs\/cine-y-libertad\/wp-content\/uploads\/sites\/7\/2019\/07\/bat.jpg","type":"image\/jpeg"}],"author":"V\u00edctor Alvarado","twitter_card":"summary_large_image","twitter_creator":"@cineylibertad","twitter_site":"@cope_es","twitter_misc":{"Escrito por":"V\u00edctor Alvarado","Tiempo de lectura":"2 minutos"},"schema":{"@context":"https:\/\/schema.org","@graph":[{"@type":"Article","@id":"https:\/\/www.cope.es\/blogs\/cine-y-libertad\/2019\/07\/28\/batman-e-hijo-paralelismos-entre-batman-y-la-biblia\/#article","isPartOf":{"@id":"https:\/\/www.cope.es\/blogs\/cine-y-libertad\/2019\/07\/28\/batman-e-hijo-paralelismos-entre-batman-y-la-biblia\/"},"author":{"name":"V\u00edctor Alvarado","@id":"https:\/\/www.cope.es\/blogs\/cine-y-libertad\/#\/schema\/person\/c95904a4fbf751a8d9124f8fa8bdaace"},"headline":"Batman e hijo-Paralelismos entre Batman y la Biblia","datePublished":"2019-07-28T09:05:53+00:00","mainEntityOfPage":{"@id":"https:\/\/www.cope.es\/blogs\/cine-y-libertad\/2019\/07\/28\/batman-e-hijo-paralelismos-entre-batman-y-la-biblia\/"},"wordCount":366,"commentCount":0,"image":{"@id":"https:\/\/www.cope.es\/blogs\/cine-y-libertad\/2019\/07\/28\/batman-e-hijo-paralelismos-entre-batman-y-la-biblia\/#primaryimage"},"thumbnailUrl":"https:\/\/www.cope.es\/blogs\/cine-y-libertad\/wp-content\/uploads\/sites\/7\/2019\/07\/bat.jpg","articleSection":["aventuras","Batman","cristianismo","\u00e9tica","Superh\u00e9roes"],"inLanguage":"es","potentialAction":[{"@type":"CommentAction","name":"Comment","target":["https:\/\/www.cope.es\/blogs\/cine-y-libertad\/2019\/07\/28\/batman-e-hijo-paralelismos-entre-batman-y-la-biblia\/#respond"]}]},{"@type":"WebPage","@id":"https:\/\/www.cope.es\/blogs\/cine-y-libertad\/2019\/07\/28\/batman-e-hijo-paralelismos-entre-batman-y-la-biblia\/","url":"https:\/\/www.cope.es\/blogs\/cine-y-libertad\/2019\/07\/28\/batman-e-hijo-paralelismos-entre-batman-y-la-biblia\/","name":"Batman e hijo-Paralelismos entre Batman y la Biblia - Cine y Libertad","isPartOf":{"@id":"https:\/\/www.cope.es\/blogs\/cine-y-libertad\/#website"},"primaryImageOfPage":{"@id":"https:\/\/www.cope.es\/blogs\/cine-y-libertad\/2019\/07\/28\/batman-e-hijo-paralelismos-entre-batman-y-la-biblia\/#primaryimage"},"image":{"@id":"https:\/\/www.cope.es\/blogs\/cine-y-libertad\/2019\/07\/28\/batman-e-hijo-paralelismos-entre-batman-y-la-biblia\/#primaryimage"},"thumbnailUrl":"https:\/\/www.cope.es\/blogs\/cine-y-libertad\/wp-content\/uploads\/sites\/7\/2019\/07\/bat.jpg","datePublished":"2019-07-28T09:05:53+00:00","author":{"@id":"https:\/\/www.cope.es\/blogs\/cine-y-libertad\/#\/schema\/person\/c95904a4fbf751a8d9124f8fa8bdaace"},"breadcrumb":{"@id":"https:\/\/www.cope.es\/blogs\/cine-y-libertad\/2019\/07\/28\/batman-e-hijo-paralelismos-entre-batman-y-la-biblia\/#breadcrumb"},"inLanguage":"es","potentialAction":[{"@type":"ReadAction","target":["https:\/\/www.cope.es\/blogs\/cine-y-libertad\/2019\/07\/28\/batman-e-hijo-paralelismos-entre-batman-y-la-biblia\/"]}]},{"@type":"ImageObject","inLanguage":"es","@id":"https:\/\/www.cope.es\/blogs\/cine-y-libertad\/2019\/07\/28\/batman-e-hijo-paralelismos-entre-batman-y-la-biblia\/#primaryimage","url":"https:\/\/www.cope.es\/blogs\/cine-y-libertad\/wp-content\/uploads\/sites\/7\/2019\/07\/bat.jpg","contentUrl":"https:\/\/www.cope.es\/blogs\/cine-y-libertad\/wp-content\/uploads\/sites\/7\/2019\/07\/bat.jpg","width":156,"height":240},{"@type":"BreadcrumbList","@id":"https:\/\/www.cope.es\/blogs\/cine-y-libertad\/2019\/07\/28\/batman-e-hijo-paralelismos-entre-batman-y-la-biblia\/#breadcrumb","itemListElement":[{"@type":"ListItem","position":1,"name":"Portada","item":"https:\/\/www.cope.es\/blogs\/cine-y-libertad\/"},{"@type":"ListItem","position":2,"name":"Batman e hijo-Paralelismos entre Batman y la Biblia"}]},{"@type":"WebSite","@id":"https:\/\/www.cope.es\/blogs\/cine-y-libertad\/#website","url":"https:\/\/www.cope.es\/blogs\/cine-y-libertad\/","name":"Cine y Libertad","description":"Cine y Libertad un blog de COPE","potentialAction":[{"@type":"SearchAction","target":{"@type":"EntryPoint","urlTemplate":"https:\/\/www.cope.es\/blogs\/cine-y-libertad\/?s={search_term_string}"},"query-input":{"@type":"PropertyValueSpecification","valueRequired":true,"valueName":"search_term_string"}}],"inLanguage":"es"},{"@type":"Person","@id":"https:\/\/www.cope.es\/blogs\/cine-y-libertad\/#\/schema\/person\/c95904a4fbf751a8d9124f8fa8bdaace","name":"V\u00edctor Alvarado","image":{"@type":"ImageObject","inLanguage":"es","@id":"https:\/\/secure.gravatar.com\/avatar\/db4634ae2001f7f920b8294d926f3e737ada04196e014ebacae29a4848f905f4?s=96&d=mm&r=g","url":"https:\/\/secure.gravatar.com\/avatar\/db4634ae2001f7f920b8294d926f3e737ada04196e014ebacae29a4848f905f4?s=96&d=mm&r=g","contentUrl":"https:\/\/secure.gravatar.com\/avatar\/db4634ae2001f7f920b8294d926f3e737ada04196e014ebacae29a4848f905f4?s=96&d=mm&r=g","caption":"V\u00edctor Alvarado"},"description":"V\u00edctor Alvarado tiene una larga experiencia tanto en medios de comunicaci\u00f3n como en educaci\u00f3n. Dirige el programa de radio, Directo a las Estrellas, en Intereconom\u00eda (Castilla y Le\u00f3n) y Informa Radio en toda Espa\u00f1a. Ha colaborado en Radio Inter y Esradio. Cr\u00edtico de cine en Pantalla 90, Diario Ya y P\u00e1ginas Digital. Es miembro del CEC. Es el autor de libro: La fe, la \u00e9tica y los valores de los superh\u00e9roes (PPC). Esta es su web: www.cineylibertad.com y, por supuesto, lleva m\u00e1s de 5 a\u00f1os como bloguero de Cope, donde analiza el cine, los c\u00f3mics y los libros desde una \u00f3ptica antropol\u00f3gica y axiol\u00f3gica, atendiendo a todas las dimensiones del ser humano.","sameAs":["http:\/\/www.cineylibertad.com","https:\/\/www.facebook.com\/victor.alvarado.56829446","https:\/\/www.instagram.com\/cineylibertad\/","https:\/\/x.com\/cineylibertad"],"url":"https:\/\/www.cope.es\/blogs\/cine-y-libertad\/author\/valvarado\/"}]}},"amp_enabled":true,"_links":{"self":[{"href":"https:\/\/www.cope.es\/blogs\/cine-y-libertad\/wp-json\/wp\/v2\/posts\/1116","targetHints":{"allow":["GET"]}}],"collection":[{"href":"https:\/\/www.cope.es\/blogs\/cine-y-libertad\/wp-json\/wp\/v2\/posts"}],"about":[{"href":"https:\/\/www.cope.es\/blogs\/cine-y-libertad\/wp-json\/wp\/v2\/types\/post"}],"author":[{"embeddable":true,"href":"https:\/\/www.cope.es\/blogs\/cine-y-libertad\/wp-json\/wp\/v2\/users\/7"}],"replies":[{"embeddable":true,"href":"https:\/\/www.cope.es\/blogs\/cine-y-libertad\/wp-json\/wp\/v2\/comments?post=1116"}],"version-history":[{"count":1,"href":"https:\/\/www.cope.es\/blogs\/cine-y-libertad\/wp-json\/wp\/v2\/posts\/1116\/revisions"}],"predecessor-version":[{"id":1118,"href":"https:\/\/www.cope.es\/blogs\/cine-y-libertad\/wp-json\/wp\/v2\/posts\/1116\/revisions\/1118"}],"wp:featuredmedia":[{"embeddable":true,"href":"https:\/\/www.cope.es\/blogs\/cine-y-libertad\/wp-json\/wp\/v2\/media\/1117"}],"wp:attachment":[{"href":"https:\/\/www.cope.es\/blogs\/cine-y-libertad\/wp-json\/wp\/v2\/media?parent=1116"}],"wp:term":[{"taxonomy":"category","embeddable":true,"href":"https:\/\/www.cope.es\/blogs\/cine-y-libertad\/wp-json\/wp\/v2\/categories?post=1116"},{"taxonomy":"post_tag","embeddable":true,"href":"https:\/\/www.cope.es\/blogs\/cine-y-libertad\/wp-json\/wp\/v2\/tags?post=1116"}],"curies":[{"name":"wp","href":"https:\/\/api.w.org\/{rel}","templated":true}]}}