{"id":859,"date":"2020-07-31T19:19:09","date_gmt":"2020-07-31T17:19:09","guid":{"rendered":"http:\/\/www.cope.es\/blogs\/baloncesto\/?p=859"},"modified":"2020-07-31T19:27:57","modified_gmt":"2020-07-31T17:27:57","slug":"la-nba-y-la-protesta-mas-patriotica","status":"publish","type":"post","link":"https:\/\/www.cope.es\/blogs\/baloncesto\/2020\/07\/31\/la-nba-y-la-protesta-mas-patriotica\/","title":{"rendered":"La NBA y la protesta m\u00e1s patri\u00f3tica"},"content":{"rendered":"<div class=\"wide-content-host\">\n<div class=\"_2Tgrtrj5ACwo2I6mKHcBME\">\n<div>\n<div class=\"_2zOpJb7ZbCN0X1DoeFyiYw JWNdg1hee9_Rz6bIGvG1c allowTextSelection\">\n<div>\n<div class=\"rps_1ae9\">\n<div dir=\"ltr\">\n<div><\/div>\n<div>Ha vuelto la NBA y lo ha hecho como nunca hab\u00eda sido, en una cancha sin p\u00fablico y con los protagonistas del partido con rodilla en tierra, abrazados mientras escuchan el himno estadounidense cantado fuera del pabell\u00f3n a capela. Lo ha hecho con mensajes de protesta donde antes se le\u00edan los nombres de los jugadores, con el lema la vida de los negros importa donde antes s\u00f3lo se le\u00eda NBA o una marca publicitaria, en el mismo parqu\u00e9.<\/div>\n<div>La temporada m\u00e1s extra\u00f1a de nuestras vidas, como extra\u00f1o es todo lo que vivimos desde el pasado mes de Febrero- Marzo, ha peligrado tanto o m\u00e1s por la violencia racial y las protestas contra la violencia policial que por el virus. Ha vuelto adem\u00e1s acabando Julio cuando normalmente el campe\u00f3n se conoce hace semanas, una NBA fuera de su h\u00e1titat en una burbuja en Orlando y fuera de tiempo, sustituyendo los largos veranos de Tour de Francia o Wimbledon cuando no Juegos o Mundiales.<\/div>\n<div>La NBA es capaz de convertir una protesta en un acto de patriotismo, porque nunca una protesta contra la injusticia o la desigualdad, contra el racismo que han vivido desde peque\u00f1os, que ha generado tanta violencia y tanta ira, hab\u00eda sido un acto de patriotismo. Qu\u00e9 es sino el patriotismo sino algo ajeno a la ideolog\u00eda y concerniente a lo mejor para tu pa\u00eds y sus gentes. No quieren otro pa\u00eds, quieren un pa\u00eds mejor. Lebron James lo ha resumido diciendo que la NBA es una plataforma para el cambio, tienen una misi\u00f3n. Quiere ganar todos los partidos, quiere ganar su cuarto anillo, pero como sus compa\u00f1eros quiere ganar tambi\u00e9n este partido.<\/div>\n<div>S\u00f3lo la NBA consigue convertir un clima de protesta en un canto a su propio pa\u00eds, por incre\u00edble que parezca en la mentalidad europea lo consiguen. L\u00f3gicamente a la mayor\u00eda dominante del pa\u00eds no le parecer\u00e1 bien ni mucho ni poco, nada, esa concepci\u00f3n de su naci\u00f3n que ha hecho del lema &#8220;las vidas de los negros importa&#8221; un canto por una sociedad mejor. El himno interpretado fuera del pabell\u00f3n a capela como si una canci\u00f3n espiritual se tratara, y con todos los protagonistas de los partidos con una rodilla en el parqu\u00e9 convirti\u00f3 el arranque esta &#8220;nueva&#8221; NBA en un acto de amor a su pa\u00eds, al pa\u00eds que quieren tener y no el que algunas de sus familias, cuando no ellos mismos, as\u00ed como sus amigos sufren.<\/div>\n<div>Los lemas pactados como &#8220;igualdad&#8221; , &#8220;justicia&#8221; &#8220;di sus nombres&#8221; etc refuezan ese mensaje que en el caso del escolta estrella de los Jazz, Donovan Mitchell fue a\u00fan m\u00e1s contundente, con un chaleco antibajas que llevaba escritos los nombres v\u00edctimas de tiroteos de la polic\u00eda.<\/div>\n<div>La NBA se ha convertido en una fueza por un pa\u00eds mejor. Esta leg\u00edtima causa no tiene nada que ver ni con estatuas, ni con ideolog\u00edas populistas, tiene que ver con la vida de la gente, que es lo que quieren cambiar.<\/div>\n<div>C\u00f3mo afrontar una vuelta a la competici\u00f3n casi cinco meses despu\u00e9s, c\u00f3mo afrontar esa vuelta f\u00edsica, sin apenas partidos para jugarse algunos meterse en playoff y otros rendir al m\u00e1ximo posible dentro de nada cuando est\u00e9n ya en playoffs. C\u00f3mo evitar que se filtre el virus de alguna manera, con tantas personas involucradas, tanta comida que ha de entrar, utensilios que se tocan. Pues supone un esfuerzo log\u00edstico important\u00edsimo pero poder se puede. Lo ha conseguido hasta casi el \u00faltimo d\u00eda la LFP y lo consigui\u00f3 la ACB con una estupenda fase final en Valencia.<\/div>\n<div>La NBA ha aislado a los equipos en ese territorio exclusivo en las instalaciones de Disney en Orlando, mientras el estado de Florida acumula miles de positivos diarios. Los jugadores que se salten el r\u00e9gimen estar\u00e1n expuestos a sanciones y cuarentenas. Ha pasado con algunos casos como el jugador de los Clippers Louis Williams .<\/div>\n<div>Lebron James y Anthony Davis y sus Lakers se han impuesto en el estreno ante los Clippers de Paul George y Kawhi Leonard con un final apretado en el que Lebron adem\u00e1s de anotar ha hecho la defensa decisiva. Estos Lakers son un poco los violentos de Kelly que han rehabilitado a dos d\u00edscolos como JR Smith y Dion Waiters para que exp\u00eden sus penas ayudando a conseguir el trono a Lebron James, sin olvidarnos del ahora lesionado Rondo. Con esos dos jugadores ha incorporado fuego de per\u00edmetro , un poco m\u00e1s de puntos, de lo que iban escasos. Su presencia en los Lakers debe ser redentora para un jugador imprevisible como JR y un jugador con sus problemas psicol\u00f3gicos como Waiters, talentosos sin duda.<\/div>\n<div>Saber c\u00f3mo van a responder al aislamiento, al ritmo de entrenamientos y partidos tras tanto sin jugar, es todo una inc\u00f3gnita. Qui\u00e9nes estar\u00e1n mejor o se adaptar\u00e1n mejor al nuevo ecosistema y extraer\u00e1 fortaleza mental y f\u00edsica para ser el mejor y conseguir este extra\u00f1o anillo es toda una inc\u00f3gnita. Toronto y Milwaukee en el Este, qui\u00e9n sabe Boston, y los dos angelinos en el Oeste, son los favoritos de la mayor\u00eda.<\/div>\n<div>El caso es que la NBA ha regresado en la liga m\u00e1s extra\u00f1a de nuestras vidas dispuesta a cambiarnos un poco el \u00e1nimo.<\/div>\n<div><\/div>\n<div><\/div>\n<div><\/div>\n<div><\/div>\n<div><\/div>\n<div><\/div>\n<div><\/div>\n<div><\/div>\n<div><\/div>\n<div><\/div>\n<\/div>\n<\/div>\n<\/div>\n<\/div>\n<div class=\"_1yuNDaQBDoy0YwHOMGXFkz\"><\/div>\n<\/div>\n<\/div>\n<\/div>\n","protected":false},"excerpt":{"rendered":"<p>Ha vuelto la NBA y lo ha hecho como nunca hab\u00eda sido, en una cancha sin p\u00fablico y con los protagonistas del partido con rodilla en tierra, abrazados mientras escuchan el himno estadounidense cantado fuera del pabell\u00f3n a capela. Lo ha hecho con mensajes de protesta donde antes se le\u00edan los nombres de los jugadores, [&hellip;]<\/p>\n","protected":false},"author":25,"featured_media":862,"comment_status":"open","ping_status":"open","sticky":false,"template":"","format":"standard","meta":{"footnotes":""},"categories":[4],"tags":[127],"class_list":["post-859","post","type-post","status-publish","format-standard","has-post-thumbnail","hentry","category-nba","tag-nba-orlando"],"yoast_head":"<!-- This site is optimized with the Yoast SEO plugin v27.4 - https:\/\/yoast.com\/product\/yoast-seo-wordpress\/ -->\n<title>La NBA y la protesta m\u00e1s patri\u00f3tica - Con Basket si hay para\u00edso<\/title>\n<meta name=\"robots\" content=\"index, follow, max-snippet:-1, max-image-preview:large, max-video-preview:-1\" \/>\n<link rel=\"canonical\" href=\"https:\/\/www.cope.es\/blogs\/baloncesto\/2020\/07\/31\/la-nba-y-la-protesta-mas-patriotica\/\" \/>\n<meta property=\"og:locale\" content=\"es_ES\" \/>\n<meta property=\"og:type\" content=\"article\" \/>\n<meta property=\"og:title\" content=\"La NBA y la protesta m\u00e1s patri\u00f3tica - Con Basket si hay para\u00edso\" \/>\n<meta property=\"og:description\" content=\"Ha vuelto la NBA y lo ha hecho como nunca hab\u00eda sido, en una cancha sin p\u00fablico y con los protagonistas del partido con rodilla en tierra, abrazados mientras escuchan el himno estadounidense cantado fuera del pabell\u00f3n a capela. Lo ha hecho con mensajes de protesta donde antes se le\u00edan los nombres de los jugadores, [&hellip;]\" \/>\n<meta property=\"og:url\" content=\"https:\/\/www.cope.es\/blogs\/baloncesto\/2020\/07\/31\/la-nba-y-la-protesta-mas-patriotica\/\" \/>\n<meta property=\"og:site_name\" content=\"Con Basket si hay para\u00edso\" \/>\n<meta property=\"article:publisher\" content=\"https:\/\/www.facebook.com\/cope\/\" \/>\n<meta property=\"article:published_time\" content=\"2020-07-31T17:19:09+00:00\" \/>\n<meta property=\"article:modified_time\" content=\"2020-07-31T17:27:57+00:00\" \/>\n<meta property=\"og:image\" content=\"https:\/\/www.cope.es\/blogs\/baloncesto\/wp-content\/uploads\/sites\/21\/2020\/07\/nba-arrodillados-orlando-.jpg\" \/>\n\t<meta property=\"og:image:width\" content=\"900\" \/>\n\t<meta property=\"og:image:height\" content=\"600\" \/>\n\t<meta property=\"og:image:type\" content=\"image\/jpeg\" \/>\n<meta name=\"author\" content=\"Jordi Jim\u00e9nez\" \/>\n<meta name=\"twitter:card\" content=\"summary_large_image\" \/>\n<meta name=\"twitter:creator\" content=\"@cope_es\" \/>\n<meta name=\"twitter:site\" content=\"@cope_es\" \/>\n<meta name=\"twitter:label1\" content=\"Escrito por\" \/>\n\t<meta name=\"twitter:data1\" content=\"Jordi Jim\u00e9nez\" \/>\n\t<meta name=\"twitter:label2\" content=\"Tiempo de lectura\" \/>\n\t<meta name=\"twitter:data2\" content=\"5 minutos\" \/>\n<script type=\"application\/ld+json\" class=\"yoast-schema-graph\">{\"@context\":\"https:\\\/\\\/schema.org\",\"@graph\":[{\"@type\":\"Article\",\"@id\":\"https:\\\/\\\/www.cope.es\\\/blogs\\\/baloncesto\\\/2020\\\/07\\\/31\\\/la-nba-y-la-protesta-mas-patriotica\\\/#article\",\"isPartOf\":{\"@id\":\"https:\\\/\\\/www.cope.es\\\/blogs\\\/baloncesto\\\/2020\\\/07\\\/31\\\/la-nba-y-la-protesta-mas-patriotica\\\/\"},\"author\":{\"name\":\"Jordi Jim\u00e9nez\",\"@id\":\"https:\\\/\\\/www.cope.es\\\/blogs\\\/baloncesto\\\/#\\\/schema\\\/person\\\/a0c9121933769a49ae0761f989f29149\"},\"headline\":\"La NBA y la protesta m\u00e1s patri\u00f3tica\",\"datePublished\":\"2020-07-31T17:19:09+00:00\",\"dateModified\":\"2020-07-31T17:27:57+00:00\",\"mainEntityOfPage\":{\"@id\":\"https:\\\/\\\/www.cope.es\\\/blogs\\\/baloncesto\\\/2020\\\/07\\\/31\\\/la-nba-y-la-protesta-mas-patriotica\\\/\"},\"wordCount\":938,\"commentCount\":0,\"image\":{\"@id\":\"https:\\\/\\\/www.cope.es\\\/blogs\\\/baloncesto\\\/2020\\\/07\\\/31\\\/la-nba-y-la-protesta-mas-patriotica\\\/#primaryimage\"},\"thumbnailUrl\":\"https:\\\/\\\/www.cope.es\\\/blogs\\\/baloncesto\\\/wp-content\\\/uploads\\\/sites\\\/21\\\/2020\\\/07\\\/nba-arrodillados-orlando-.jpg\",\"keywords\":[\"NBA; Orlando;\"],\"articleSection\":[\"NBA\"],\"inLanguage\":\"es\",\"potentialAction\":[{\"@type\":\"CommentAction\",\"name\":\"Comment\",\"target\":[\"https:\\\/\\\/www.cope.es\\\/blogs\\\/baloncesto\\\/2020\\\/07\\\/31\\\/la-nba-y-la-protesta-mas-patriotica\\\/#respond\"]}]},{\"@type\":\"WebPage\",\"@id\":\"https:\\\/\\\/www.cope.es\\\/blogs\\\/baloncesto\\\/2020\\\/07\\\/31\\\/la-nba-y-la-protesta-mas-patriotica\\\/\",\"url\":\"https:\\\/\\\/www.cope.es\\\/blogs\\\/baloncesto\\\/2020\\\/07\\\/31\\\/la-nba-y-la-protesta-mas-patriotica\\\/\",\"name\":\"La NBA y la protesta m\u00e1s patri\u00f3tica - Con Basket si hay para\u00edso\",\"isPartOf\":{\"@id\":\"https:\\\/\\\/www.cope.es\\\/blogs\\\/baloncesto\\\/#website\"},\"primaryImageOfPage\":{\"@id\":\"https:\\\/\\\/www.cope.es\\\/blogs\\\/baloncesto\\\/2020\\\/07\\\/31\\\/la-nba-y-la-protesta-mas-patriotica\\\/#primaryimage\"},\"image\":{\"@id\":\"https:\\\/\\\/www.cope.es\\\/blogs\\\/baloncesto\\\/2020\\\/07\\\/31\\\/la-nba-y-la-protesta-mas-patriotica\\\/#primaryimage\"},\"thumbnailUrl\":\"https:\\\/\\\/www.cope.es\\\/blogs\\\/baloncesto\\\/wp-content\\\/uploads\\\/sites\\\/21\\\/2020\\\/07\\\/nba-arrodillados-orlando-.jpg\",\"datePublished\":\"2020-07-31T17:19:09+00:00\",\"dateModified\":\"2020-07-31T17:27:57+00:00\",\"author\":{\"@id\":\"https:\\\/\\\/www.cope.es\\\/blogs\\\/baloncesto\\\/#\\\/schema\\\/person\\\/a0c9121933769a49ae0761f989f29149\"},\"breadcrumb\":{\"@id\":\"https:\\\/\\\/www.cope.es\\\/blogs\\\/baloncesto\\\/2020\\\/07\\\/31\\\/la-nba-y-la-protesta-mas-patriotica\\\/#breadcrumb\"},\"inLanguage\":\"es\",\"potentialAction\":[{\"@type\":\"ReadAction\",\"target\":[\"https:\\\/\\\/www.cope.es\\\/blogs\\\/baloncesto\\\/2020\\\/07\\\/31\\\/la-nba-y-la-protesta-mas-patriotica\\\/\"]}]},{\"@type\":\"ImageObject\",\"inLanguage\":\"es\",\"@id\":\"https:\\\/\\\/www.cope.es\\\/blogs\\\/baloncesto\\\/2020\\\/07\\\/31\\\/la-nba-y-la-protesta-mas-patriotica\\\/#primaryimage\",\"url\":\"https:\\\/\\\/www.cope.es\\\/blogs\\\/baloncesto\\\/wp-content\\\/uploads\\\/sites\\\/21\\\/2020\\\/07\\\/nba-arrodillados-orlando-.jpg\",\"contentUrl\":\"https:\\\/\\\/www.cope.es\\\/blogs\\\/baloncesto\\\/wp-content\\\/uploads\\\/sites\\\/21\\\/2020\\\/07\\\/nba-arrodillados-orlando-.jpg\",\"width\":900,\"height\":600},{\"@type\":\"BreadcrumbList\",\"@id\":\"https:\\\/\\\/www.cope.es\\\/blogs\\\/baloncesto\\\/2020\\\/07\\\/31\\\/la-nba-y-la-protesta-mas-patriotica\\\/#breadcrumb\",\"itemListElement\":[{\"@type\":\"ListItem\",\"position\":1,\"name\":\"Portada\",\"item\":\"https:\\\/\\\/www.cope.es\\\/blogs\\\/baloncesto\\\/\"},{\"@type\":\"ListItem\",\"position\":2,\"name\":\"La NBA y la protesta m\u00e1s patri\u00f3tica\"}]},{\"@type\":\"WebSite\",\"@id\":\"https:\\\/\\\/www.cope.es\\\/blogs\\\/baloncesto\\\/#website\",\"url\":\"https:\\\/\\\/www.cope.es\\\/blogs\\\/baloncesto\\\/\",\"name\":\"Con Basket si hay para\u00edso\",\"description\":\"Blogs de baloncesto de COPE\",\"potentialAction\":[{\"@type\":\"SearchAction\",\"target\":{\"@type\":\"EntryPoint\",\"urlTemplate\":\"https:\\\/\\\/www.cope.es\\\/blogs\\\/baloncesto\\\/?s={search_term_string}\"},\"query-input\":{\"@type\":\"PropertyValueSpecification\",\"valueRequired\":true,\"valueName\":\"search_term_string\"}}],\"inLanguage\":\"es\"},{\"@type\":\"Person\",\"@id\":\"https:\\\/\\\/www.cope.es\\\/blogs\\\/baloncesto\\\/#\\\/schema\\\/person\\\/a0c9121933769a49ae0761f989f29149\",\"name\":\"Jordi Jim\u00e9nez\",\"image\":{\"@type\":\"ImageObject\",\"inLanguage\":\"es\",\"@id\":\"https:\\\/\\\/secure.gravatar.com\\\/avatar\\\/b08fcfef08ffc0a1c4afe3e465bfd1c2cb2afb1461e944e86596b9d33062f673?s=96&d=mm&r=g\",\"url\":\"https:\\\/\\\/secure.gravatar.com\\\/avatar\\\/b08fcfef08ffc0a1c4afe3e465bfd1c2cb2afb1461e944e86596b9d33062f673?s=96&d=mm&r=g\",\"contentUrl\":\"https:\\\/\\\/secure.gravatar.com\\\/avatar\\\/b08fcfef08ffc0a1c4afe3e465bfd1c2cb2afb1461e944e86596b9d33062f673?s=96&d=mm&r=g\",\"caption\":\"Jordi Jim\u00e9nez\"},\"description\":\"\\\"Un buen d\u00eda fui a la NBA y ya nunca m\u00e1s volv\u00ed a ver el baloncesto igual. Desde entonces escribo sobre la NBA y cosas de baloncesto, y aqu\u00ed en Cope.es este rinconcito: \\\"Con basket s\u00ed hay para\u00edso\\\", porque el para\u00edso siempre estuvo aqu\u00ed, s\u00f3lo hay que abrirle la puerta a la excelencia. Empec\u00e9 tan joven en Cope que ya ni me acuerdo, por ello y porque comparto esta pasi\u00f3n con la familia de deportes tengo la sensaci\u00f3n de estar en casa. Siempre haciendo deportes, en Sabadell, Barcelona, Ibiza, pero sobre todo en Mallorca. Intentar\u00e9 no hacerte perder el tiempo mientras tanto disfrutemos del para\u00edso.\",\"sameAs\":[\"http:\\\/\\\/www.cope.es\"],\"url\":\"https:\\\/\\\/www.cope.es\\\/blogs\\\/baloncesto\\\/author\\\/jjimenez\\\/\"}]}<\/script>\n<!-- \/ Yoast SEO plugin. -->","yoast_head_json":{"title":"La NBA y la protesta m\u00e1s patri\u00f3tica - Con Basket si hay para\u00edso","robots":{"index":"index","follow":"follow","max-snippet":"max-snippet:-1","max-image-preview":"max-image-preview:large","max-video-preview":"max-video-preview:-1"},"canonical":"https:\/\/www.cope.es\/blogs\/baloncesto\/2020\/07\/31\/la-nba-y-la-protesta-mas-patriotica\/","og_locale":"es_ES","og_type":"article","og_title":"La NBA y la protesta m\u00e1s patri\u00f3tica - Con Basket si hay para\u00edso","og_description":"Ha vuelto la NBA y lo ha hecho como nunca hab\u00eda sido, en una cancha sin p\u00fablico y con los protagonistas del partido con rodilla en tierra, abrazados mientras escuchan el himno estadounidense cantado fuera del pabell\u00f3n a capela. Lo ha hecho con mensajes de protesta donde antes se le\u00edan los nombres de los jugadores, [&hellip;]","og_url":"https:\/\/www.cope.es\/blogs\/baloncesto\/2020\/07\/31\/la-nba-y-la-protesta-mas-patriotica\/","og_site_name":"Con Basket si hay para\u00edso","article_publisher":"https:\/\/www.facebook.com\/cope\/","article_published_time":"2020-07-31T17:19:09+00:00","article_modified_time":"2020-07-31T17:27:57+00:00","og_image":[{"width":900,"height":600,"url":"https:\/\/www.cope.es\/blogs\/baloncesto\/wp-content\/uploads\/sites\/21\/2020\/07\/nba-arrodillados-orlando-.jpg","type":"image\/jpeg"}],"author":"Jordi Jim\u00e9nez","twitter_card":"summary_large_image","twitter_creator":"@cope_es","twitter_site":"@cope_es","twitter_misc":{"Escrito por":"Jordi Jim\u00e9nez","Tiempo de lectura":"5 minutos"},"schema":{"@context":"https:\/\/schema.org","@graph":[{"@type":"Article","@id":"https:\/\/www.cope.es\/blogs\/baloncesto\/2020\/07\/31\/la-nba-y-la-protesta-mas-patriotica\/#article","isPartOf":{"@id":"https:\/\/www.cope.es\/blogs\/baloncesto\/2020\/07\/31\/la-nba-y-la-protesta-mas-patriotica\/"},"author":{"name":"Jordi Jim\u00e9nez","@id":"https:\/\/www.cope.es\/blogs\/baloncesto\/#\/schema\/person\/a0c9121933769a49ae0761f989f29149"},"headline":"La NBA y la protesta m\u00e1s patri\u00f3tica","datePublished":"2020-07-31T17:19:09+00:00","dateModified":"2020-07-31T17:27:57+00:00","mainEntityOfPage":{"@id":"https:\/\/www.cope.es\/blogs\/baloncesto\/2020\/07\/31\/la-nba-y-la-protesta-mas-patriotica\/"},"wordCount":938,"commentCount":0,"image":{"@id":"https:\/\/www.cope.es\/blogs\/baloncesto\/2020\/07\/31\/la-nba-y-la-protesta-mas-patriotica\/#primaryimage"},"thumbnailUrl":"https:\/\/www.cope.es\/blogs\/baloncesto\/wp-content\/uploads\/sites\/21\/2020\/07\/nba-arrodillados-orlando-.jpg","keywords":["NBA; Orlando;"],"articleSection":["NBA"],"inLanguage":"es","potentialAction":[{"@type":"CommentAction","name":"Comment","target":["https:\/\/www.cope.es\/blogs\/baloncesto\/2020\/07\/31\/la-nba-y-la-protesta-mas-patriotica\/#respond"]}]},{"@type":"WebPage","@id":"https:\/\/www.cope.es\/blogs\/baloncesto\/2020\/07\/31\/la-nba-y-la-protesta-mas-patriotica\/","url":"https:\/\/www.cope.es\/blogs\/baloncesto\/2020\/07\/31\/la-nba-y-la-protesta-mas-patriotica\/","name":"La NBA y la protesta m\u00e1s patri\u00f3tica - Con Basket si hay para\u00edso","isPartOf":{"@id":"https:\/\/www.cope.es\/blogs\/baloncesto\/#website"},"primaryImageOfPage":{"@id":"https:\/\/www.cope.es\/blogs\/baloncesto\/2020\/07\/31\/la-nba-y-la-protesta-mas-patriotica\/#primaryimage"},"image":{"@id":"https:\/\/www.cope.es\/blogs\/baloncesto\/2020\/07\/31\/la-nba-y-la-protesta-mas-patriotica\/#primaryimage"},"thumbnailUrl":"https:\/\/www.cope.es\/blogs\/baloncesto\/wp-content\/uploads\/sites\/21\/2020\/07\/nba-arrodillados-orlando-.jpg","datePublished":"2020-07-31T17:19:09+00:00","dateModified":"2020-07-31T17:27:57+00:00","author":{"@id":"https:\/\/www.cope.es\/blogs\/baloncesto\/#\/schema\/person\/a0c9121933769a49ae0761f989f29149"},"breadcrumb":{"@id":"https:\/\/www.cope.es\/blogs\/baloncesto\/2020\/07\/31\/la-nba-y-la-protesta-mas-patriotica\/#breadcrumb"},"inLanguage":"es","potentialAction":[{"@type":"ReadAction","target":["https:\/\/www.cope.es\/blogs\/baloncesto\/2020\/07\/31\/la-nba-y-la-protesta-mas-patriotica\/"]}]},{"@type":"ImageObject","inLanguage":"es","@id":"https:\/\/www.cope.es\/blogs\/baloncesto\/2020\/07\/31\/la-nba-y-la-protesta-mas-patriotica\/#primaryimage","url":"https:\/\/www.cope.es\/blogs\/baloncesto\/wp-content\/uploads\/sites\/21\/2020\/07\/nba-arrodillados-orlando-.jpg","contentUrl":"https:\/\/www.cope.es\/blogs\/baloncesto\/wp-content\/uploads\/sites\/21\/2020\/07\/nba-arrodillados-orlando-.jpg","width":900,"height":600},{"@type":"BreadcrumbList","@id":"https:\/\/www.cope.es\/blogs\/baloncesto\/2020\/07\/31\/la-nba-y-la-protesta-mas-patriotica\/#breadcrumb","itemListElement":[{"@type":"ListItem","position":1,"name":"Portada","item":"https:\/\/www.cope.es\/blogs\/baloncesto\/"},{"@type":"ListItem","position":2,"name":"La NBA y la protesta m\u00e1s patri\u00f3tica"}]},{"@type":"WebSite","@id":"https:\/\/www.cope.es\/blogs\/baloncesto\/#website","url":"https:\/\/www.cope.es\/blogs\/baloncesto\/","name":"Con Basket si hay para\u00edso","description":"Blogs de baloncesto de COPE","potentialAction":[{"@type":"SearchAction","target":{"@type":"EntryPoint","urlTemplate":"https:\/\/www.cope.es\/blogs\/baloncesto\/?s={search_term_string}"},"query-input":{"@type":"PropertyValueSpecification","valueRequired":true,"valueName":"search_term_string"}}],"inLanguage":"es"},{"@type":"Person","@id":"https:\/\/www.cope.es\/blogs\/baloncesto\/#\/schema\/person\/a0c9121933769a49ae0761f989f29149","name":"Jordi Jim\u00e9nez","image":{"@type":"ImageObject","inLanguage":"es","@id":"https:\/\/secure.gravatar.com\/avatar\/b08fcfef08ffc0a1c4afe3e465bfd1c2cb2afb1461e944e86596b9d33062f673?s=96&d=mm&r=g","url":"https:\/\/secure.gravatar.com\/avatar\/b08fcfef08ffc0a1c4afe3e465bfd1c2cb2afb1461e944e86596b9d33062f673?s=96&d=mm&r=g","contentUrl":"https:\/\/secure.gravatar.com\/avatar\/b08fcfef08ffc0a1c4afe3e465bfd1c2cb2afb1461e944e86596b9d33062f673?s=96&d=mm&r=g","caption":"Jordi Jim\u00e9nez"},"description":"\"Un buen d\u00eda fui a la NBA y ya nunca m\u00e1s volv\u00ed a ver el baloncesto igual. Desde entonces escribo sobre la NBA y cosas de baloncesto, y aqu\u00ed en Cope.es este rinconcito: \"Con basket s\u00ed hay para\u00edso\", porque el para\u00edso siempre estuvo aqu\u00ed, s\u00f3lo hay que abrirle la puerta a la excelencia. Empec\u00e9 tan joven en Cope que ya ni me acuerdo, por ello y porque comparto esta pasi\u00f3n con la familia de deportes tengo la sensaci\u00f3n de estar en casa. Siempre haciendo deportes, en Sabadell, Barcelona, Ibiza, pero sobre todo en Mallorca. Intentar\u00e9 no hacerte perder el tiempo mientras tanto disfrutemos del para\u00edso.","sameAs":["http:\/\/www.cope.es"],"url":"https:\/\/www.cope.es\/blogs\/baloncesto\/author\/jjimenez\/"}]}},"amp_enabled":true,"_links":{"self":[{"href":"https:\/\/www.cope.es\/blogs\/baloncesto\/wp-json\/wp\/v2\/posts\/859","targetHints":{"allow":["GET"]}}],"collection":[{"href":"https:\/\/www.cope.es\/blogs\/baloncesto\/wp-json\/wp\/v2\/posts"}],"about":[{"href":"https:\/\/www.cope.es\/blogs\/baloncesto\/wp-json\/wp\/v2\/types\/post"}],"author":[{"embeddable":true,"href":"https:\/\/www.cope.es\/blogs\/baloncesto\/wp-json\/wp\/v2\/users\/25"}],"replies":[{"embeddable":true,"href":"https:\/\/www.cope.es\/blogs\/baloncesto\/wp-json\/wp\/v2\/comments?post=859"}],"version-history":[{"count":3,"href":"https:\/\/www.cope.es\/blogs\/baloncesto\/wp-json\/wp\/v2\/posts\/859\/revisions"}],"predecessor-version":[{"id":866,"href":"https:\/\/www.cope.es\/blogs\/baloncesto\/wp-json\/wp\/v2\/posts\/859\/revisions\/866"}],"wp:featuredmedia":[{"embeddable":true,"href":"https:\/\/www.cope.es\/blogs\/baloncesto\/wp-json\/wp\/v2\/media\/862"}],"wp:attachment":[{"href":"https:\/\/www.cope.es\/blogs\/baloncesto\/wp-json\/wp\/v2\/media?parent=859"}],"wp:term":[{"taxonomy":"category","embeddable":true,"href":"https:\/\/www.cope.es\/blogs\/baloncesto\/wp-json\/wp\/v2\/categories?post=859"},{"taxonomy":"post_tag","embeddable":true,"href":"https:\/\/www.cope.es\/blogs\/baloncesto\/wp-json\/wp\/v2\/tags?post=859"}],"curies":[{"name":"wp","href":"https:\/\/api.w.org\/{rel}","templated":true}]}}