{"id":583,"date":"2019-09-11T18:15:40","date_gmt":"2019-09-11T16:15:40","guid":{"rendered":"http:\/\/www.cope.es\/blogs\/baloncesto\/?p=583"},"modified":"2019-09-11T18:21:46","modified_gmt":"2019-09-11T16:21:46","slug":"el-mundial-de-la-palabra-equipo","status":"publish","type":"post","link":"https:\/\/www.cope.es\/blogs\/baloncesto\/2019\/09\/11\/el-mundial-de-la-palabra-equipo\/","title":{"rendered":"El Mundial de la palabra equipo"},"content":{"rendered":"<p>Las impactantes eliminaciones de Estados Unidos y Serbia lo son menos en el parqu\u00e9 que en el titular. La sorpresa evidente de ver fuera de la lucha por las medallas a las, para muchos, dos selecciones favoritas de este Mundial, no son tanto dem\u00e9rito de los que han ca\u00eddo como m\u00e9rito de los que les han ganado. Obviamente la eliminaci\u00f3n del equipo estadounidense es la noticia de este Campeonato del Mundo, porque son siempre los favoritos y porque hay un af\u00e1n por desacreditar todo lo que haga el baloncesto estadounidense, por la sencilla raz\u00f3n de que es el baloncesto dominante desde que tenemos memoria.<\/p>\n<p>Al mejor siempre le quieres ganar, al que ha dominado un deporte todos le quieren ganar. Pero si adem\u00e1s se necesita sustentar que la NBA no es la mejor liga o incluso que los estadounidenses ya no tienen a los mejores jugadores, la derrota ante Francia se convierte en el argumento perfecto. En realidad, han sido los hijos franceses de la NBA quienes han ganado a la selecci\u00f3n estadounidense, formada por jugadores en el escal\u00f3n inferior, es decir las estrellas que dominar\u00e1n la liga, pero que a\u00fan no est\u00e1n entre los mejores de su pa\u00eds. El hecho de que EEUU acudiera con un equipo D como dijimos, no descarga a los estadounidenses del fracaso que supone caer en cuartos.<\/p>\n<p>Hombre por hombre no era mejor este equipo USA que Francia, y de hecho en alguna posici\u00f3n era mejor Francia, principalmente en la pintura donde el mejor defensor de la NBA de la pasada temporada ,Rudy Gobert, ha sido el aut\u00e9ntico demonio para el equipo de Popovich (15 rebotes). \u00c9ste ha preferido evitar el cuerpo a cuerpo con el jugador de los Jazz y ha tenido sentado a Turner para oponer un quinteto peque\u00f1o. Francia, un equipo atl\u00e9tico que ha defendido y ha sabido pegarse a los estadounidenses, que ha cortado muy bien l\u00edneas de pase, incuida alguna zona, que era superior en la pintura, ha llevado al exterior a EEUU, que han tenido su momento en el tercer cuarto.\u00a0\u00a0Para entonces ya se hab\u00eda desencadenado Donovan Mitchell en individual, el mejor de su equipo con 29 puntos, tirando del carro. Sin embargo ha sido un espejismo, Francia ha sido superior f\u00edsicamente, lo cual ya es noticia ante un equipo estadounidense, y ha percutido dentro.<\/p>\n<p>Adem\u00e1s de la juventud de este equipo USA, y aun con el talento de Kemba Walker, Donovan Mitchell, tiradores como Middleton o Harris,\u00a0 no era un equipo tan fuerte defensivamente como suele ser, no se trata tan solo de una cuesti\u00f3n de calidad, porque algunos de estos jugadores seguir\u00e1n siendo estrellas en el futuro de la NBA; era un equipo nuevo que adem\u00e1s adolec\u00eda de la dureza defensiva que siempre han tenido los equipos estadounidenses, y en consecuencia tampoco han podido brillar en transici\u00f3n donde son muy buenos. No es tanto que sean malos jugadores como que han sido peor equipo que Francia, as\u00ed se sencillo a la vez que apasionante. Dec\u00edamos aqu\u00ed que a este equipo USA le faltaba bastante del esp\u00edritu Kobe, es decir, siendo jugadores de talento ofensivo, ser capaces de sacar el car\u00e1cter para apretar en defensa.<\/p>\n<p>Francia en cambio ha mostrado un gran nivel de madurez, han aparecido los grandes anotadores, Fournier y De Colo adem\u00e1s del propio Gobert han liderado a los galos. Necesitaba Popovich mucho acierto exterior para superar hoy a una Francia en la que ha sorprendido el base de los Knicks Ntilikina por su incre\u00edble nivel, anotando triples en momento cruciales y gran criterio dirigiendo.<\/p>\n<p>Serbia, otra selecci\u00f3n llena de talento, se fue a la calle ante un equipo que dio otra exhibici\u00f3n colectiva como equipo, una Argentina desencadenada en defensa y en ataque, un aut\u00e9ntico espect\u00e1culo de saber competir. Argentina ha tenido algo que Serbia no mostr\u00f3 en ning\u00fan momento, car\u00e1cter. Adem\u00e1s el genio de sus tres bases, especialmente Campazzo y Laprovittola, dos fueras de serie,\u00a0 Argentina ha sido todo coraz\u00f3n ante una fr\u00eda Serbia en la que tan solo no se puede reprochar nada a Bogdanovic.<\/p>\n<p>Frente al talento individual este Mundial ha puesto en valor el concepto equipo. Aquellos que mejor han defendido, que m\u00e1s car\u00e1cter han demostrado, que mejor han sabido pasar el bal\u00f3n, que han sabido aplicar la calidad individual al colectivo, han llegado a semifinales. Espa\u00f1a es otro ejemplo, una selecci\u00f3n de la que nos hemos hartado de escuchar y leer que no tiene el talento de los a\u00f1os pasados, porque es una realidad ante el cambio generacional y las ausencias, como si un equipo no pudiera crecer desde el esfuerzo colectivo y tambi\u00e9n la calidad de otros hombres .En Espa\u00f1a hab\u00edamos menospreciado la calidad y liderazgo de Ricky Rubio y Marc Gasol, y parec\u00eda imposible llegar lejos dec\u00edan con jugadores como los Hernang\u00f3mez, Claver, Pau Ribas, Oriola teniendo un papel importante. Ah\u00ed est\u00e1 Espa\u00f1a, y ah\u00ed est\u00e1 Scariolo. Cuanto menos talento en teor\u00eda hay en un equipo m\u00e1s importante es lo que un entrenador es capaz de hacer crecer a un equipo. No hac\u00eda falta, pero este Mundial deja muy bien parado al seleccionador espa\u00f1ol.<\/p>\n<p>Espa\u00f1a est\u00e1 ya en los Juegos Ol\u00edmpicos de Tokyo tras la eliminaci\u00f3n de Chequia y se juega con Australia un puesto en la final del Mundial. Una selecci\u00f3n aussie llena de jugadores NBA, Mills, Dellavedova, Ingles, Baynes y el mejor Bogut que recordamos desde su anillo en los Warriors hace cuatro a\u00f1os. Australia est\u00e1 llena de talento currante, van a ser unas semifinales de gran tensi\u00f3n competitiva, porque el Francia-Argentina tambi\u00e9n ser\u00e1 para verlo.<\/p>\n","protected":false},"excerpt":{"rendered":"<p>Las impactantes eliminaciones de Estados Unidos y Serbia lo son menos en el parqu\u00e9 que en el titular. La sorpresa evidente de ver fuera de la lucha por las medallas a las, para muchos, dos selecciones favoritas de este Mundial, no son tanto dem\u00e9rito de los que han ca\u00eddo como m\u00e9rito de los que les [&hellip;]<\/p>\n","protected":false},"author":25,"featured_media":584,"comment_status":"open","ping_status":"open","sticky":false,"template":"","format":"standard","meta":{"footnotes":""},"categories":[3],"tags":[88,86,87,85],"class_list":["post-583","post","type-post","status-publish","format-standard","has-post-thumbnail","hentry","category-baloncesto","tag-australia","tag-espana","tag-francia","tag-usa"],"yoast_head":"<!-- This site is optimized with the Yoast SEO plugin v27.4 - https:\/\/yoast.com\/product\/yoast-seo-wordpress\/ -->\n<title>El Mundial de la palabra equipo - Con Basket si hay para\u00edso<\/title>\n<meta name=\"robots\" content=\"index, follow, max-snippet:-1, max-image-preview:large, max-video-preview:-1\" \/>\n<link rel=\"canonical\" href=\"https:\/\/www.cope.es\/blogs\/baloncesto\/2019\/09\/11\/el-mundial-de-la-palabra-equipo\/\" \/>\n<meta property=\"og:locale\" content=\"es_ES\" \/>\n<meta property=\"og:type\" content=\"article\" \/>\n<meta property=\"og:title\" content=\"El Mundial de la palabra equipo - Con Basket si hay para\u00edso\" \/>\n<meta property=\"og:description\" content=\"Las impactantes eliminaciones de Estados Unidos y Serbia lo son menos en el parqu\u00e9 que en el titular. La sorpresa evidente de ver fuera de la lucha por las medallas a las, para muchos, dos selecciones favoritas de este Mundial, no son tanto dem\u00e9rito de los que han ca\u00eddo como m\u00e9rito de los que les [&hellip;]\" \/>\n<meta property=\"og:url\" content=\"https:\/\/www.cope.es\/blogs\/baloncesto\/2019\/09\/11\/el-mundial-de-la-palabra-equipo\/\" \/>\n<meta property=\"og:site_name\" content=\"Con Basket si hay para\u00edso\" \/>\n<meta property=\"article:publisher\" content=\"https:\/\/www.facebook.com\/cope\/\" \/>\n<meta property=\"article:published_time\" content=\"2019-09-11T16:15:40+00:00\" \/>\n<meta property=\"article:modified_time\" content=\"2019-09-11T16:21:46+00:00\" \/>\n<meta property=\"og:image\" content=\"https:\/\/www.cope.es\/blogs\/baloncesto\/wp-content\/uploads\/sites\/21\/2019\/09\/EEUU-eliminada-637038185067562986w.jpg\" \/>\n\t<meta property=\"og:image:width\" content=\"800\" \/>\n\t<meta property=\"og:image:height\" content=\"515\" \/>\n\t<meta property=\"og:image:type\" content=\"image\/jpeg\" \/>\n<meta name=\"author\" content=\"Jordi Jim\u00e9nez\" \/>\n<meta name=\"twitter:card\" content=\"summary_large_image\" \/>\n<meta name=\"twitter:creator\" content=\"@cope_es\" \/>\n<meta name=\"twitter:site\" content=\"@cope_es\" \/>\n<meta name=\"twitter:label1\" content=\"Escrito por\" \/>\n\t<meta name=\"twitter:data1\" content=\"Jordi Jim\u00e9nez\" \/>\n\t<meta name=\"twitter:label2\" content=\"Tiempo de lectura\" \/>\n\t<meta name=\"twitter:data2\" content=\"5 minutos\" \/>\n<script type=\"application\/ld+json\" class=\"yoast-schema-graph\">{\"@context\":\"https:\\\/\\\/schema.org\",\"@graph\":[{\"@type\":\"Article\",\"@id\":\"https:\\\/\\\/www.cope.es\\\/blogs\\\/baloncesto\\\/2019\\\/09\\\/11\\\/el-mundial-de-la-palabra-equipo\\\/#article\",\"isPartOf\":{\"@id\":\"https:\\\/\\\/www.cope.es\\\/blogs\\\/baloncesto\\\/2019\\\/09\\\/11\\\/el-mundial-de-la-palabra-equipo\\\/\"},\"author\":{\"name\":\"Jordi Jim\u00e9nez\",\"@id\":\"https:\\\/\\\/www.cope.es\\\/blogs\\\/baloncesto\\\/#\\\/schema\\\/person\\\/a0c9121933769a49ae0761f989f29149\"},\"headline\":\"El Mundial de la palabra equipo\",\"datePublished\":\"2019-09-11T16:15:40+00:00\",\"dateModified\":\"2019-09-11T16:21:46+00:00\",\"mainEntityOfPage\":{\"@id\":\"https:\\\/\\\/www.cope.es\\\/blogs\\\/baloncesto\\\/2019\\\/09\\\/11\\\/el-mundial-de-la-palabra-equipo\\\/\"},\"wordCount\":991,\"commentCount\":0,\"image\":{\"@id\":\"https:\\\/\\\/www.cope.es\\\/blogs\\\/baloncesto\\\/2019\\\/09\\\/11\\\/el-mundial-de-la-palabra-equipo\\\/#primaryimage\"},\"thumbnailUrl\":\"https:\\\/\\\/www.cope.es\\\/blogs\\\/baloncesto\\\/wp-content\\\/uploads\\\/sites\\\/21\\\/2019\\\/09\\\/EEUU-eliminada-637038185067562986w.jpg\",\"keywords\":[\"Australia\",\"Espa\u00f1a\",\"Francia\",\"USA\"],\"articleSection\":[\"Baloncesto\"],\"inLanguage\":\"es\",\"potentialAction\":[{\"@type\":\"CommentAction\",\"name\":\"Comment\",\"target\":[\"https:\\\/\\\/www.cope.es\\\/blogs\\\/baloncesto\\\/2019\\\/09\\\/11\\\/el-mundial-de-la-palabra-equipo\\\/#respond\"]}]},{\"@type\":\"WebPage\",\"@id\":\"https:\\\/\\\/www.cope.es\\\/blogs\\\/baloncesto\\\/2019\\\/09\\\/11\\\/el-mundial-de-la-palabra-equipo\\\/\",\"url\":\"https:\\\/\\\/www.cope.es\\\/blogs\\\/baloncesto\\\/2019\\\/09\\\/11\\\/el-mundial-de-la-palabra-equipo\\\/\",\"name\":\"El Mundial de la palabra equipo - Con Basket si hay para\u00edso\",\"isPartOf\":{\"@id\":\"https:\\\/\\\/www.cope.es\\\/blogs\\\/baloncesto\\\/#website\"},\"primaryImageOfPage\":{\"@id\":\"https:\\\/\\\/www.cope.es\\\/blogs\\\/baloncesto\\\/2019\\\/09\\\/11\\\/el-mundial-de-la-palabra-equipo\\\/#primaryimage\"},\"image\":{\"@id\":\"https:\\\/\\\/www.cope.es\\\/blogs\\\/baloncesto\\\/2019\\\/09\\\/11\\\/el-mundial-de-la-palabra-equipo\\\/#primaryimage\"},\"thumbnailUrl\":\"https:\\\/\\\/www.cope.es\\\/blogs\\\/baloncesto\\\/wp-content\\\/uploads\\\/sites\\\/21\\\/2019\\\/09\\\/EEUU-eliminada-637038185067562986w.jpg\",\"datePublished\":\"2019-09-11T16:15:40+00:00\",\"dateModified\":\"2019-09-11T16:21:46+00:00\",\"author\":{\"@id\":\"https:\\\/\\\/www.cope.es\\\/blogs\\\/baloncesto\\\/#\\\/schema\\\/person\\\/a0c9121933769a49ae0761f989f29149\"},\"breadcrumb\":{\"@id\":\"https:\\\/\\\/www.cope.es\\\/blogs\\\/baloncesto\\\/2019\\\/09\\\/11\\\/el-mundial-de-la-palabra-equipo\\\/#breadcrumb\"},\"inLanguage\":\"es\",\"potentialAction\":[{\"@type\":\"ReadAction\",\"target\":[\"https:\\\/\\\/www.cope.es\\\/blogs\\\/baloncesto\\\/2019\\\/09\\\/11\\\/el-mundial-de-la-palabra-equipo\\\/\"]}]},{\"@type\":\"ImageObject\",\"inLanguage\":\"es\",\"@id\":\"https:\\\/\\\/www.cope.es\\\/blogs\\\/baloncesto\\\/2019\\\/09\\\/11\\\/el-mundial-de-la-palabra-equipo\\\/#primaryimage\",\"url\":\"https:\\\/\\\/www.cope.es\\\/blogs\\\/baloncesto\\\/wp-content\\\/uploads\\\/sites\\\/21\\\/2019\\\/09\\\/EEUU-eliminada-637038185067562986w.jpg\",\"contentUrl\":\"https:\\\/\\\/www.cope.es\\\/blogs\\\/baloncesto\\\/wp-content\\\/uploads\\\/sites\\\/21\\\/2019\\\/09\\\/EEUU-eliminada-637038185067562986w.jpg\",\"width\":800,\"height\":515},{\"@type\":\"BreadcrumbList\",\"@id\":\"https:\\\/\\\/www.cope.es\\\/blogs\\\/baloncesto\\\/2019\\\/09\\\/11\\\/el-mundial-de-la-palabra-equipo\\\/#breadcrumb\",\"itemListElement\":[{\"@type\":\"ListItem\",\"position\":1,\"name\":\"Portada\",\"item\":\"https:\\\/\\\/www.cope.es\\\/blogs\\\/baloncesto\\\/\"},{\"@type\":\"ListItem\",\"position\":2,\"name\":\"El Mundial de la palabra equipo\"}]},{\"@type\":\"WebSite\",\"@id\":\"https:\\\/\\\/www.cope.es\\\/blogs\\\/baloncesto\\\/#website\",\"url\":\"https:\\\/\\\/www.cope.es\\\/blogs\\\/baloncesto\\\/\",\"name\":\"Con Basket si hay para\u00edso\",\"description\":\"Blogs de baloncesto de COPE\",\"potentialAction\":[{\"@type\":\"SearchAction\",\"target\":{\"@type\":\"EntryPoint\",\"urlTemplate\":\"https:\\\/\\\/www.cope.es\\\/blogs\\\/baloncesto\\\/?s={search_term_string}\"},\"query-input\":{\"@type\":\"PropertyValueSpecification\",\"valueRequired\":true,\"valueName\":\"search_term_string\"}}],\"inLanguage\":\"es\"},{\"@type\":\"Person\",\"@id\":\"https:\\\/\\\/www.cope.es\\\/blogs\\\/baloncesto\\\/#\\\/schema\\\/person\\\/a0c9121933769a49ae0761f989f29149\",\"name\":\"Jordi Jim\u00e9nez\",\"image\":{\"@type\":\"ImageObject\",\"inLanguage\":\"es\",\"@id\":\"https:\\\/\\\/secure.gravatar.com\\\/avatar\\\/b08fcfef08ffc0a1c4afe3e465bfd1c2cb2afb1461e944e86596b9d33062f673?s=96&d=mm&r=g\",\"url\":\"https:\\\/\\\/secure.gravatar.com\\\/avatar\\\/b08fcfef08ffc0a1c4afe3e465bfd1c2cb2afb1461e944e86596b9d33062f673?s=96&d=mm&r=g\",\"contentUrl\":\"https:\\\/\\\/secure.gravatar.com\\\/avatar\\\/b08fcfef08ffc0a1c4afe3e465bfd1c2cb2afb1461e944e86596b9d33062f673?s=96&d=mm&r=g\",\"caption\":\"Jordi Jim\u00e9nez\"},\"description\":\"\\\"Un buen d\u00eda fui a la NBA y ya nunca m\u00e1s volv\u00ed a ver el baloncesto igual. Desde entonces escribo sobre la NBA y cosas de baloncesto, y aqu\u00ed en Cope.es este rinconcito: \\\"Con basket s\u00ed hay para\u00edso\\\", porque el para\u00edso siempre estuvo aqu\u00ed, s\u00f3lo hay que abrirle la puerta a la excelencia. Empec\u00e9 tan joven en Cope que ya ni me acuerdo, por ello y porque comparto esta pasi\u00f3n con la familia de deportes tengo la sensaci\u00f3n de estar en casa. Siempre haciendo deportes, en Sabadell, Barcelona, Ibiza, pero sobre todo en Mallorca. Intentar\u00e9 no hacerte perder el tiempo mientras tanto disfrutemos del para\u00edso.\",\"sameAs\":[\"http:\\\/\\\/www.cope.es\"],\"url\":\"https:\\\/\\\/www.cope.es\\\/blogs\\\/baloncesto\\\/author\\\/jjimenez\\\/\"}]}<\/script>\n<!-- \/ Yoast SEO plugin. -->","yoast_head_json":{"title":"El Mundial de la palabra equipo - Con Basket si hay para\u00edso","robots":{"index":"index","follow":"follow","max-snippet":"max-snippet:-1","max-image-preview":"max-image-preview:large","max-video-preview":"max-video-preview:-1"},"canonical":"https:\/\/www.cope.es\/blogs\/baloncesto\/2019\/09\/11\/el-mundial-de-la-palabra-equipo\/","og_locale":"es_ES","og_type":"article","og_title":"El Mundial de la palabra equipo - Con Basket si hay para\u00edso","og_description":"Las impactantes eliminaciones de Estados Unidos y Serbia lo son menos en el parqu\u00e9 que en el titular. La sorpresa evidente de ver fuera de la lucha por las medallas a las, para muchos, dos selecciones favoritas de este Mundial, no son tanto dem\u00e9rito de los que han ca\u00eddo como m\u00e9rito de los que les [&hellip;]","og_url":"https:\/\/www.cope.es\/blogs\/baloncesto\/2019\/09\/11\/el-mundial-de-la-palabra-equipo\/","og_site_name":"Con Basket si hay para\u00edso","article_publisher":"https:\/\/www.facebook.com\/cope\/","article_published_time":"2019-09-11T16:15:40+00:00","article_modified_time":"2019-09-11T16:21:46+00:00","og_image":[{"width":800,"height":515,"url":"https:\/\/www.cope.es\/blogs\/baloncesto\/wp-content\/uploads\/sites\/21\/2019\/09\/EEUU-eliminada-637038185067562986w.jpg","type":"image\/jpeg"}],"author":"Jordi Jim\u00e9nez","twitter_card":"summary_large_image","twitter_creator":"@cope_es","twitter_site":"@cope_es","twitter_misc":{"Escrito por":"Jordi Jim\u00e9nez","Tiempo de lectura":"5 minutos"},"schema":{"@context":"https:\/\/schema.org","@graph":[{"@type":"Article","@id":"https:\/\/www.cope.es\/blogs\/baloncesto\/2019\/09\/11\/el-mundial-de-la-palabra-equipo\/#article","isPartOf":{"@id":"https:\/\/www.cope.es\/blogs\/baloncesto\/2019\/09\/11\/el-mundial-de-la-palabra-equipo\/"},"author":{"name":"Jordi Jim\u00e9nez","@id":"https:\/\/www.cope.es\/blogs\/baloncesto\/#\/schema\/person\/a0c9121933769a49ae0761f989f29149"},"headline":"El Mundial de la palabra equipo","datePublished":"2019-09-11T16:15:40+00:00","dateModified":"2019-09-11T16:21:46+00:00","mainEntityOfPage":{"@id":"https:\/\/www.cope.es\/blogs\/baloncesto\/2019\/09\/11\/el-mundial-de-la-palabra-equipo\/"},"wordCount":991,"commentCount":0,"image":{"@id":"https:\/\/www.cope.es\/blogs\/baloncesto\/2019\/09\/11\/el-mundial-de-la-palabra-equipo\/#primaryimage"},"thumbnailUrl":"https:\/\/www.cope.es\/blogs\/baloncesto\/wp-content\/uploads\/sites\/21\/2019\/09\/EEUU-eliminada-637038185067562986w.jpg","keywords":["Australia","Espa\u00f1a","Francia","USA"],"articleSection":["Baloncesto"],"inLanguage":"es","potentialAction":[{"@type":"CommentAction","name":"Comment","target":["https:\/\/www.cope.es\/blogs\/baloncesto\/2019\/09\/11\/el-mundial-de-la-palabra-equipo\/#respond"]}]},{"@type":"WebPage","@id":"https:\/\/www.cope.es\/blogs\/baloncesto\/2019\/09\/11\/el-mundial-de-la-palabra-equipo\/","url":"https:\/\/www.cope.es\/blogs\/baloncesto\/2019\/09\/11\/el-mundial-de-la-palabra-equipo\/","name":"El Mundial de la palabra equipo - Con Basket si hay para\u00edso","isPartOf":{"@id":"https:\/\/www.cope.es\/blogs\/baloncesto\/#website"},"primaryImageOfPage":{"@id":"https:\/\/www.cope.es\/blogs\/baloncesto\/2019\/09\/11\/el-mundial-de-la-palabra-equipo\/#primaryimage"},"image":{"@id":"https:\/\/www.cope.es\/blogs\/baloncesto\/2019\/09\/11\/el-mundial-de-la-palabra-equipo\/#primaryimage"},"thumbnailUrl":"https:\/\/www.cope.es\/blogs\/baloncesto\/wp-content\/uploads\/sites\/21\/2019\/09\/EEUU-eliminada-637038185067562986w.jpg","datePublished":"2019-09-11T16:15:40+00:00","dateModified":"2019-09-11T16:21:46+00:00","author":{"@id":"https:\/\/www.cope.es\/blogs\/baloncesto\/#\/schema\/person\/a0c9121933769a49ae0761f989f29149"},"breadcrumb":{"@id":"https:\/\/www.cope.es\/blogs\/baloncesto\/2019\/09\/11\/el-mundial-de-la-palabra-equipo\/#breadcrumb"},"inLanguage":"es","potentialAction":[{"@type":"ReadAction","target":["https:\/\/www.cope.es\/blogs\/baloncesto\/2019\/09\/11\/el-mundial-de-la-palabra-equipo\/"]}]},{"@type":"ImageObject","inLanguage":"es","@id":"https:\/\/www.cope.es\/blogs\/baloncesto\/2019\/09\/11\/el-mundial-de-la-palabra-equipo\/#primaryimage","url":"https:\/\/www.cope.es\/blogs\/baloncesto\/wp-content\/uploads\/sites\/21\/2019\/09\/EEUU-eliminada-637038185067562986w.jpg","contentUrl":"https:\/\/www.cope.es\/blogs\/baloncesto\/wp-content\/uploads\/sites\/21\/2019\/09\/EEUU-eliminada-637038185067562986w.jpg","width":800,"height":515},{"@type":"BreadcrumbList","@id":"https:\/\/www.cope.es\/blogs\/baloncesto\/2019\/09\/11\/el-mundial-de-la-palabra-equipo\/#breadcrumb","itemListElement":[{"@type":"ListItem","position":1,"name":"Portada","item":"https:\/\/www.cope.es\/blogs\/baloncesto\/"},{"@type":"ListItem","position":2,"name":"El Mundial de la palabra equipo"}]},{"@type":"WebSite","@id":"https:\/\/www.cope.es\/blogs\/baloncesto\/#website","url":"https:\/\/www.cope.es\/blogs\/baloncesto\/","name":"Con Basket si hay para\u00edso","description":"Blogs de baloncesto de COPE","potentialAction":[{"@type":"SearchAction","target":{"@type":"EntryPoint","urlTemplate":"https:\/\/www.cope.es\/blogs\/baloncesto\/?s={search_term_string}"},"query-input":{"@type":"PropertyValueSpecification","valueRequired":true,"valueName":"search_term_string"}}],"inLanguage":"es"},{"@type":"Person","@id":"https:\/\/www.cope.es\/blogs\/baloncesto\/#\/schema\/person\/a0c9121933769a49ae0761f989f29149","name":"Jordi Jim\u00e9nez","image":{"@type":"ImageObject","inLanguage":"es","@id":"https:\/\/secure.gravatar.com\/avatar\/b08fcfef08ffc0a1c4afe3e465bfd1c2cb2afb1461e944e86596b9d33062f673?s=96&d=mm&r=g","url":"https:\/\/secure.gravatar.com\/avatar\/b08fcfef08ffc0a1c4afe3e465bfd1c2cb2afb1461e944e86596b9d33062f673?s=96&d=mm&r=g","contentUrl":"https:\/\/secure.gravatar.com\/avatar\/b08fcfef08ffc0a1c4afe3e465bfd1c2cb2afb1461e944e86596b9d33062f673?s=96&d=mm&r=g","caption":"Jordi Jim\u00e9nez"},"description":"\"Un buen d\u00eda fui a la NBA y ya nunca m\u00e1s volv\u00ed a ver el baloncesto igual. Desde entonces escribo sobre la NBA y cosas de baloncesto, y aqu\u00ed en Cope.es este rinconcito: \"Con basket s\u00ed hay para\u00edso\", porque el para\u00edso siempre estuvo aqu\u00ed, s\u00f3lo hay que abrirle la puerta a la excelencia. Empec\u00e9 tan joven en Cope que ya ni me acuerdo, por ello y porque comparto esta pasi\u00f3n con la familia de deportes tengo la sensaci\u00f3n de estar en casa. Siempre haciendo deportes, en Sabadell, Barcelona, Ibiza, pero sobre todo en Mallorca. Intentar\u00e9 no hacerte perder el tiempo mientras tanto disfrutemos del para\u00edso.","sameAs":["http:\/\/www.cope.es"],"url":"https:\/\/www.cope.es\/blogs\/baloncesto\/author\/jjimenez\/"}]}},"amp_enabled":true,"_links":{"self":[{"href":"https:\/\/www.cope.es\/blogs\/baloncesto\/wp-json\/wp\/v2\/posts\/583","targetHints":{"allow":["GET"]}}],"collection":[{"href":"https:\/\/www.cope.es\/blogs\/baloncesto\/wp-json\/wp\/v2\/posts"}],"about":[{"href":"https:\/\/www.cope.es\/blogs\/baloncesto\/wp-json\/wp\/v2\/types\/post"}],"author":[{"embeddable":true,"href":"https:\/\/www.cope.es\/blogs\/baloncesto\/wp-json\/wp\/v2\/users\/25"}],"replies":[{"embeddable":true,"href":"https:\/\/www.cope.es\/blogs\/baloncesto\/wp-json\/wp\/v2\/comments?post=583"}],"version-history":[{"count":3,"href":"https:\/\/www.cope.es\/blogs\/baloncesto\/wp-json\/wp\/v2\/posts\/583\/revisions"}],"predecessor-version":[{"id":590,"href":"https:\/\/www.cope.es\/blogs\/baloncesto\/wp-json\/wp\/v2\/posts\/583\/revisions\/590"}],"wp:featuredmedia":[{"embeddable":true,"href":"https:\/\/www.cope.es\/blogs\/baloncesto\/wp-json\/wp\/v2\/media\/584"}],"wp:attachment":[{"href":"https:\/\/www.cope.es\/blogs\/baloncesto\/wp-json\/wp\/v2\/media?parent=583"}],"wp:term":[{"taxonomy":"category","embeddable":true,"href":"https:\/\/www.cope.es\/blogs\/baloncesto\/wp-json\/wp\/v2\/categories?post=583"},{"taxonomy":"post_tag","embeddable":true,"href":"https:\/\/www.cope.es\/blogs\/baloncesto\/wp-json\/wp\/v2\/tags?post=583"}],"curies":[{"name":"wp","href":"https:\/\/api.w.org\/{rel}","templated":true}]}}