{"id":588,"date":"2019-02-27T13:20:06","date_gmt":"2019-02-27T12:20:06","guid":{"rendered":"http:\/\/www.cope.es\/blogs\/a-tumba-abierta\/?p=588"},"modified":"2019-10-10T10:56:33","modified_gmt":"2019-10-10T08:56:33","slug":"pruszkow","status":"publish","type":"post","link":"https:\/\/www.cope.es\/blogs\/a-tumba-abierta\/2019\/02\/27\/pruszkow\/","title":{"rendered":"Comienza el Mundial de Ciclismo en Pista de Pruszkow"},"content":{"rendered":"<p style=\"text-align: left\"><a href=\"https:\/\/www.cope.es\/blogs\/a-tumba-abierta\/2018\/12\/03\/albert-torres\/\" target=\"_blank\"><strong>Albert Torres<\/strong><\/a> y <strong>Sebasti\u00e1n Mora<\/strong> se perfilan como las principales bazas al medallero de la selecci\u00f3n espa\u00f1ola en el <a href=\"https:\/\/www.uci.org\/\" target=\"_blank\">Campeonato del Mundo de Ciclismo en Pista<\/a> que acoge la localidad polaca de Pruszkow desde este mi\u00e9rcoles y hasta el pr\u00f3ximo domingo.<\/p>\n<p style=\"text-align: left\">El BGZ Arena albergar\u00e1 la gran cita internacional del a\u00f1o para los &#8216;pistards&#8217;, con importancia tambi\u00e9n para aquellos que quieran estar en los Juegos Ol\u00edmpicos de Tokyo 2020, y a la que Espa\u00f1a acude con nueve &#8216;pistards&#8217;, liderados por la pareja que m\u00e1s \u00e9xitos le ha dado en los \u00faltimos a\u00f1os.<\/p>\n<p style=\"text-align: left\">Torres y Mora volver\u00e1n a ser una de las parejas favoritas a conquistar el t\u00edtulo en la Madison, donde el a\u00f1o pasado en Appeldorn (Holanda) fueron subcampeones del mundo, mientras que, a nivel individual, el menorqu\u00edn tambi\u00e9n opta a ganar el oro en el Omnium y el villarrealense a estar en la pelea por el podio en la Puntuaci\u00f3n.<\/p>\n<p style=\"text-align: left\">Torres tendr\u00e1 que esperar hasta el s\u00e1bado para disputar el Omnium, una prueba donde llega con el aval de su rendimiento en la Copa del Mundo, con victoria en Par\u00eds y segunda plaza en Berl\u00edn. &#8220;El a\u00f1o pasado tambi\u00e9n ven\u00eda con buenas sensaciones y luego el \u00d3mnium no sali\u00f3 como uno esperaba, as\u00ed que tambi\u00e9n hay que ser prudentes&#8221;, advirti\u00f3 el balear, bronce de esta modalidad en 2017.<\/p>\n<p style=\"text-align: left\">El domingo afrontar\u00e1 junto a Sebasti\u00e1n Mora, que jugar\u00e1 sus opciones en la Puntuaci\u00f3n, la Madison donde suelen ser de unos de los rivales a batir, con el a\u00f1adido de que habr\u00e1 un formato diferente al de las Copas del Mundo ya que en Pruszkow se corren 200 vueltas, 80 m\u00e1s.<\/p>\n<p style=\"text-align: left\">&#8220;Ser\u00e1n 20 minutos m\u00e1s de esfuerzo y eso ser\u00e1 un factor decisivo que cuenta a favor para nosotros. Tenemos buenas sensaciones y estamos preparados para luchar por el oro&#8221;, admiti\u00f3 Torres, que se\u00f1al\u00f3 a Dinamarca, Alemania y Australia como principales oponentes en la cita de Pruszkow.<\/p>\n<p style=\"text-align: left\">Adem\u00e1s de este d\u00fao, los otros fondistas citados por el seleccionado <strong>Ra\u00fal Mena<\/strong> que estar\u00e1n en el vel\u00f3dromo polaco ser\u00e1n las hermanas Usabiaga, con <strong>Ana Usabiaga<\/strong> compitiendo en el Omnium e <strong>Irene Usabiaga<\/strong> en el Scratch y en la Puntuaci\u00f3n, ambas con el objetivo de lograr acercarse a la clasificaci\u00f3n ol\u00edmpica.<\/p>\n<p style=\"text-align: left\">En cuanto a la velocidad, acuden <strong>Tania Calvo<\/strong> (Velocidad Individual, 500 metros y equipo) y <strong>Helena Casas<\/strong> (500 metros, Keirin y equipo), las cuales aspiran a estar entre las ocho primera en la competici\u00f3n por equipos, y <strong>Juan Peralta<\/strong> (Velocidad Individual y Keirin), <strong>Pepe Moreno<\/strong> (Kil\u00f3metro) y <strong>Alejandro Mart\u00ednez<\/strong>, que compondr\u00e1n tambi\u00e9n el terceto.<\/p>\n<p style=\"text-align: right\">Crist\u00f3bal Cabezas<\/p>\n","protected":false},"excerpt":{"rendered":"<p>Albert Torres y Sebasti\u00e1n Mora se perfilan como las principales bazas al medallero de la selecci\u00f3n espa\u00f1ola en el Campeonato del Mundo de Ciclismo en Pista que acoge la localidad polaca de Pruszkow desde este mi\u00e9rcoles y hasta el pr\u00f3ximo domingo. El BGZ Arena albergar\u00e1 la gran cita internacional del a\u00f1o para los &#8216;pistards&#8217;, con [&hellip;]<\/p>\n","protected":false},"author":24,"featured_media":589,"comment_status":"open","ping_status":"open","sticky":false,"template":"","format":"standard","meta":{"footnotes":""},"categories":[140],"tags":[271,280,274,277,275,278,279,273,272,276],"class_list":["post-588","post","type-post","status-publish","format-standard","has-post-thumbnail","hentry","category-actualidad","tag-albert-torres","tag-alejandro-martinez","tag-ana-usabiaga","tag-helena-casas","tag-irene-usabiaga","tag-juan-peralta","tag-pepe-moreno","tag-raul-mena","tag-sebastian-mora","tag-tania-calvo"],"yoast_head":"<!-- This site is optimized with the Yoast SEO plugin v27.4 - https:\/\/yoast.com\/product\/yoast-seo-wordpress\/ -->\n<title>Comienza el Mundial de Ciclismo en Pista de Pruszkow<\/title>\n<meta name=\"description\" content=\"Albert Torres y Sebasti\u00e1n Mora se perfilan como las principales bazas en el Campeonato del Mundo de Ciclismo en Pista que acoge la localidad de Pruszkow.\" \/>\n<meta name=\"robots\" content=\"index, follow, max-snippet:-1, max-image-preview:large, max-video-preview:-1\" \/>\n<link rel=\"canonical\" href=\"https:\/\/www.cope.es\/blogs\/a-tumba-abierta\/2019\/02\/27\/pruszkow\/\" \/>\n<meta property=\"og:locale\" content=\"es_ES\" \/>\n<meta property=\"og:type\" content=\"article\" \/>\n<meta property=\"og:title\" content=\"Comienza el Mundial de Ciclismo en Pista de Pruszkow\" \/>\n<meta property=\"og:description\" content=\"Albert Torres y Sebasti\u00e1n Mora se perfilan como las principales bazas en el Campeonato del Mundo de Ciclismo en Pista que acoge la localidad de Pruszkow.\" \/>\n<meta property=\"og:url\" content=\"https:\/\/www.cope.es\/blogs\/a-tumba-abierta\/2019\/02\/27\/pruszkow\/\" \/>\n<meta property=\"og:site_name\" content=\"A Tumba Abierta\" \/>\n<meta property=\"article:publisher\" content=\"https:\/\/www.facebook.com\/cope\/\" \/>\n<meta property=\"article:author\" content=\"https:\/\/es-es.facebook.com\/cristobal.cabezasmartin\" \/>\n<meta property=\"article:published_time\" content=\"2019-02-27T12:20:06+00:00\" \/>\n<meta property=\"article:modified_time\" content=\"2019-10-10T08:56:33+00:00\" \/>\n<meta property=\"og:image\" content=\"https:\/\/www.cope.es\/blogs\/a-tumba-abierta\/wp-content\/uploads\/sites\/23\/2019\/02\/EuropaPress_1939791_Torres_y_Mora_lideran_una_selecci\u00f3n_espa\u00f1ola_de_nueve_pistards_para_el_Mundial_de_Pruszkow.jpg\" \/>\n\t<meta property=\"og:image:width\" content=\"855\" \/>\n\t<meta property=\"og:image:height\" content=\"481\" \/>\n\t<meta property=\"og:image:type\" content=\"image\/jpeg\" \/>\n<meta name=\"author\" content=\"Crist\u00f3bal Cabezas\" \/>\n<meta name=\"twitter:card\" content=\"summary_large_image\" \/>\n<meta name=\"twitter:creator\" content=\"@cristoblcabezas\" \/>\n<meta name=\"twitter:site\" content=\"@cope_es\" \/>\n<meta name=\"twitter:label1\" content=\"Escrito por\" \/>\n\t<meta name=\"twitter:data1\" content=\"Crist\u00f3bal Cabezas\" \/>\n\t<meta name=\"twitter:label2\" content=\"Tiempo de lectura\" \/>\n\t<meta name=\"twitter:data2\" content=\"2 minutos\" \/>\n<script type=\"application\/ld+json\" class=\"yoast-schema-graph\">{\"@context\":\"https:\\\/\\\/schema.org\",\"@graph\":[{\"@type\":\"Article\",\"@id\":\"https:\\\/\\\/www.cope.es\\\/blogs\\\/a-tumba-abierta\\\/2019\\\/02\\\/27\\\/pruszkow\\\/#article\",\"isPartOf\":{\"@id\":\"https:\\\/\\\/www.cope.es\\\/blogs\\\/a-tumba-abierta\\\/2019\\\/02\\\/27\\\/pruszkow\\\/\"},\"author\":{\"name\":\"Crist\u00f3bal Cabezas\",\"@id\":\"https:\\\/\\\/www.cope.es\\\/blogs\\\/a-tumba-abierta\\\/#\\\/schema\\\/person\\\/413f6566db421693223476f6b63a643b\"},\"headline\":\"Comienza el Mundial de Ciclismo en Pista de Pruszkow\",\"datePublished\":\"2019-02-27T12:20:06+00:00\",\"dateModified\":\"2019-10-10T08:56:33+00:00\",\"mainEntityOfPage\":{\"@id\":\"https:\\\/\\\/www.cope.es\\\/blogs\\\/a-tumba-abierta\\\/2019\\\/02\\\/27\\\/pruszkow\\\/\"},\"wordCount\":471,\"commentCount\":0,\"image\":{\"@id\":\"https:\\\/\\\/www.cope.es\\\/blogs\\\/a-tumba-abierta\\\/2019\\\/02\\\/27\\\/pruszkow\\\/#primaryimage\"},\"thumbnailUrl\":\"https:\\\/\\\/www.cope.es\\\/blogs\\\/a-tumba-abierta\\\/wp-content\\\/uploads\\\/sites\\\/23\\\/2019\\\/02\\\/EuropaPress_1939791_Torres_y_Mora_lideran_una_selecci\u00f3n_espa\u00f1ola_de_nueve_pistards_para_el_Mundial_de_Pruszkow.jpg\",\"keywords\":[\"Albert Torres\",\"Alejandro Mart\u00ednez\",\"Ana Usabiaga\",\"Helena Casas\",\"Irene Usabiaga\",\"Juan Peralta\",\"Pepe Moreno\",\"Ra\u00fal Mena\",\"Sebasti\u00e1n Mora\",\"Tania Calvo\"],\"articleSection\":[\"Actualidad\"],\"inLanguage\":\"es\",\"potentialAction\":[{\"@type\":\"CommentAction\",\"name\":\"Comment\",\"target\":[\"https:\\\/\\\/www.cope.es\\\/blogs\\\/a-tumba-abierta\\\/2019\\\/02\\\/27\\\/pruszkow\\\/#respond\"]}]},{\"@type\":\"WebPage\",\"@id\":\"https:\\\/\\\/www.cope.es\\\/blogs\\\/a-tumba-abierta\\\/2019\\\/02\\\/27\\\/pruszkow\\\/\",\"url\":\"https:\\\/\\\/www.cope.es\\\/blogs\\\/a-tumba-abierta\\\/2019\\\/02\\\/27\\\/pruszkow\\\/\",\"name\":\"Comienza el Mundial de Ciclismo en Pista de Pruszkow\",\"isPartOf\":{\"@id\":\"https:\\\/\\\/www.cope.es\\\/blogs\\\/a-tumba-abierta\\\/#website\"},\"primaryImageOfPage\":{\"@id\":\"https:\\\/\\\/www.cope.es\\\/blogs\\\/a-tumba-abierta\\\/2019\\\/02\\\/27\\\/pruszkow\\\/#primaryimage\"},\"image\":{\"@id\":\"https:\\\/\\\/www.cope.es\\\/blogs\\\/a-tumba-abierta\\\/2019\\\/02\\\/27\\\/pruszkow\\\/#primaryimage\"},\"thumbnailUrl\":\"https:\\\/\\\/www.cope.es\\\/blogs\\\/a-tumba-abierta\\\/wp-content\\\/uploads\\\/sites\\\/23\\\/2019\\\/02\\\/EuropaPress_1939791_Torres_y_Mora_lideran_una_selecci\u00f3n_espa\u00f1ola_de_nueve_pistards_para_el_Mundial_de_Pruszkow.jpg\",\"datePublished\":\"2019-02-27T12:20:06+00:00\",\"dateModified\":\"2019-10-10T08:56:33+00:00\",\"author\":{\"@id\":\"https:\\\/\\\/www.cope.es\\\/blogs\\\/a-tumba-abierta\\\/#\\\/schema\\\/person\\\/413f6566db421693223476f6b63a643b\"},\"description\":\"Albert Torres y Sebasti\u00e1n Mora se perfilan como las principales bazas en el Campeonato del Mundo de Ciclismo en Pista que acoge la localidad de Pruszkow.\",\"breadcrumb\":{\"@id\":\"https:\\\/\\\/www.cope.es\\\/blogs\\\/a-tumba-abierta\\\/2019\\\/02\\\/27\\\/pruszkow\\\/#breadcrumb\"},\"inLanguage\":\"es\",\"potentialAction\":[{\"@type\":\"ReadAction\",\"target\":[\"https:\\\/\\\/www.cope.es\\\/blogs\\\/a-tumba-abierta\\\/2019\\\/02\\\/27\\\/pruszkow\\\/\"]}]},{\"@type\":\"ImageObject\",\"inLanguage\":\"es\",\"@id\":\"https:\\\/\\\/www.cope.es\\\/blogs\\\/a-tumba-abierta\\\/2019\\\/02\\\/27\\\/pruszkow\\\/#primaryimage\",\"url\":\"https:\\\/\\\/www.cope.es\\\/blogs\\\/a-tumba-abierta\\\/wp-content\\\/uploads\\\/sites\\\/23\\\/2019\\\/02\\\/EuropaPress_1939791_Torres_y_Mora_lideran_una_selecci\u00f3n_espa\u00f1ola_de_nueve_pistards_para_el_Mundial_de_Pruszkow.jpg\",\"contentUrl\":\"https:\\\/\\\/www.cope.es\\\/blogs\\\/a-tumba-abierta\\\/wp-content\\\/uploads\\\/sites\\\/23\\\/2019\\\/02\\\/EuropaPress_1939791_Torres_y_Mora_lideran_una_selecci\u00f3n_espa\u00f1ola_de_nueve_pistards_para_el_Mundial_de_Pruszkow.jpg\",\"width\":855,\"height\":481,\"caption\":\"Albert Torres y Sebasti\u00e1n Mora se perfilan como las principales bazas al medallero de la selecci\u00f3n espa\u00f1ola en el Campeonato del Mundo de Ciclismo en Pista que acoge la localidad polaca de Pruszkow\"},{\"@type\":\"BreadcrumbList\",\"@id\":\"https:\\\/\\\/www.cope.es\\\/blogs\\\/a-tumba-abierta\\\/2019\\\/02\\\/27\\\/pruszkow\\\/#breadcrumb\",\"itemListElement\":[{\"@type\":\"ListItem\",\"position\":1,\"name\":\"Portada\",\"item\":\"https:\\\/\\\/www.cope.es\\\/blogs\\\/a-tumba-abierta\\\/\"},{\"@type\":\"ListItem\",\"position\":2,\"name\":\"Comienza el Mundial de Ciclismo en Pista de Pruszkow\"}]},{\"@type\":\"WebSite\",\"@id\":\"https:\\\/\\\/www.cope.es\\\/blogs\\\/a-tumba-abierta\\\/#website\",\"url\":\"https:\\\/\\\/www.cope.es\\\/blogs\\\/a-tumba-abierta\\\/\",\"name\":\"A Tumba Abierta\",\"description\":\"Blog de ciclismo en COPE\",\"potentialAction\":[{\"@type\":\"SearchAction\",\"target\":{\"@type\":\"EntryPoint\",\"urlTemplate\":\"https:\\\/\\\/www.cope.es\\\/blogs\\\/a-tumba-abierta\\\/?s={search_term_string}\"},\"query-input\":{\"@type\":\"PropertyValueSpecification\",\"valueRequired\":true,\"valueName\":\"search_term_string\"}}],\"inLanguage\":\"es\"},{\"@type\":\"Person\",\"@id\":\"https:\\\/\\\/www.cope.es\\\/blogs\\\/a-tumba-abierta\\\/#\\\/schema\\\/person\\\/413f6566db421693223476f6b63a643b\",\"name\":\"Crist\u00f3bal Cabezas\",\"image\":{\"@type\":\"ImageObject\",\"inLanguage\":\"es\",\"@id\":\"https:\\\/\\\/secure.gravatar.com\\\/avatar\\\/361550a2a3cac91688caa1b00f2a1fa4e89a6c4361562ca29a361ce0041974c2?s=96&d=mm&r=g\",\"url\":\"https:\\\/\\\/secure.gravatar.com\\\/avatar\\\/361550a2a3cac91688caa1b00f2a1fa4e89a6c4361562ca29a361ce0041974c2?s=96&d=mm&r=g\",\"contentUrl\":\"https:\\\/\\\/secure.gravatar.com\\\/avatar\\\/361550a2a3cac91688caa1b00f2a1fa4e89a6c4361562ca29a361ce0041974c2?s=96&d=mm&r=g\",\"caption\":\"Crist\u00f3bal Cabezas\"},\"description\":\"Crist\u00f3bal Cabezas es Licenciado en Periodismo por la Universidad Complutense de Madrid y T\u00edtulo en T\u00e9cnico en Comunicaci\u00f3n Integral por la Universidad Francisco de Vitoria. Tras desempe\u00f1ar tareas informativas en diferentes medios, recal\u00f3 en la Cadena COPE en el a\u00f1o 2005. Desde entonces, ha trabajado en las emisoras de Madrid, Granada, Jaca (Huesca) y Toledo, en donde se incorpor\u00f3 en 2013 como Jefe de Informativos de la Cadena COPE en Castilla-La Mancha. Siempre tuvo claro que quer\u00eda ser periodista y, a esa afici\u00f3n, se uni\u00f3 la del ciclismo, deporte con el que ha disfrutado mucho, tanto a trav\u00e9s de los medios de comunicaci\u00f3n como asistiendo en directo a diferentes carreras ciclistas. El inter\u00e9s que siempre mostr\u00f3 con todo lo relacionado con Internet y las redes sociales, fue reconocido con el Premio \u201cD\u00eda de Internet\u201d en la categor\u00eda de \u201cMejor Periodista Digital\u201d por sus trabajos en la Cadena COPE. Precisamente, esa pasi\u00f3n por las nuevas tecnolog\u00edas, espera que sea el \u201cveh\u00edculo\u201d para poder contar \u201cA Tumba Abierta\u201d las mejores historias del deporte de las dos ruedas.\",\"sameAs\":[\"http:\\\/\\\/www.cope.es\",\"https:\\\/\\\/es-es.facebook.com\\\/cristobal.cabezasmartin\",\"https:\\\/\\\/x.com\\\/cristoblcabezas\"],\"url\":\"https:\\\/\\\/www.cope.es\\\/blogs\\\/a-tumba-abierta\\\/author\\\/ccabezas\\\/\"}]}<\/script>\n<!-- \/ Yoast SEO plugin. -->","yoast_head_json":{"title":"Comienza el Mundial de Ciclismo en Pista de Pruszkow","description":"Albert Torres y Sebasti\u00e1n Mora se perfilan como las principales bazas en el Campeonato del Mundo de Ciclismo en Pista que acoge la localidad de Pruszkow.","robots":{"index":"index","follow":"follow","max-snippet":"max-snippet:-1","max-image-preview":"max-image-preview:large","max-video-preview":"max-video-preview:-1"},"canonical":"https:\/\/www.cope.es\/blogs\/a-tumba-abierta\/2019\/02\/27\/pruszkow\/","og_locale":"es_ES","og_type":"article","og_title":"Comienza el Mundial de Ciclismo en Pista de Pruszkow","og_description":"Albert Torres y Sebasti\u00e1n Mora se perfilan como las principales bazas en el Campeonato del Mundo de Ciclismo en Pista que acoge la localidad de Pruszkow.","og_url":"https:\/\/www.cope.es\/blogs\/a-tumba-abierta\/2019\/02\/27\/pruszkow\/","og_site_name":"A Tumba Abierta","article_publisher":"https:\/\/www.facebook.com\/cope\/","article_author":"https:\/\/es-es.facebook.com\/cristobal.cabezasmartin","article_published_time":"2019-02-27T12:20:06+00:00","article_modified_time":"2019-10-10T08:56:33+00:00","og_image":[{"width":855,"height":481,"url":"https:\/\/www.cope.es\/blogs\/a-tumba-abierta\/wp-content\/uploads\/sites\/23\/2019\/02\/EuropaPress_1939791_Torres_y_Mora_lideran_una_selecci\u00f3n_espa\u00f1ola_de_nueve_pistards_para_el_Mundial_de_Pruszkow.jpg","type":"image\/jpeg"}],"author":"Crist\u00f3bal Cabezas","twitter_card":"summary_large_image","twitter_creator":"@cristoblcabezas","twitter_site":"@cope_es","twitter_misc":{"Escrito por":"Crist\u00f3bal Cabezas","Tiempo de lectura":"2 minutos"},"schema":{"@context":"https:\/\/schema.org","@graph":[{"@type":"Article","@id":"https:\/\/www.cope.es\/blogs\/a-tumba-abierta\/2019\/02\/27\/pruszkow\/#article","isPartOf":{"@id":"https:\/\/www.cope.es\/blogs\/a-tumba-abierta\/2019\/02\/27\/pruszkow\/"},"author":{"name":"Crist\u00f3bal Cabezas","@id":"https:\/\/www.cope.es\/blogs\/a-tumba-abierta\/#\/schema\/person\/413f6566db421693223476f6b63a643b"},"headline":"Comienza el Mundial de Ciclismo en Pista de Pruszkow","datePublished":"2019-02-27T12:20:06+00:00","dateModified":"2019-10-10T08:56:33+00:00","mainEntityOfPage":{"@id":"https:\/\/www.cope.es\/blogs\/a-tumba-abierta\/2019\/02\/27\/pruszkow\/"},"wordCount":471,"commentCount":0,"image":{"@id":"https:\/\/www.cope.es\/blogs\/a-tumba-abierta\/2019\/02\/27\/pruszkow\/#primaryimage"},"thumbnailUrl":"https:\/\/www.cope.es\/blogs\/a-tumba-abierta\/wp-content\/uploads\/sites\/23\/2019\/02\/EuropaPress_1939791_Torres_y_Mora_lideran_una_selecci\u00f3n_espa\u00f1ola_de_nueve_pistards_para_el_Mundial_de_Pruszkow.jpg","keywords":["Albert Torres","Alejandro Mart\u00ednez","Ana Usabiaga","Helena Casas","Irene Usabiaga","Juan Peralta","Pepe Moreno","Ra\u00fal Mena","Sebasti\u00e1n Mora","Tania Calvo"],"articleSection":["Actualidad"],"inLanguage":"es","potentialAction":[{"@type":"CommentAction","name":"Comment","target":["https:\/\/www.cope.es\/blogs\/a-tumba-abierta\/2019\/02\/27\/pruszkow\/#respond"]}]},{"@type":"WebPage","@id":"https:\/\/www.cope.es\/blogs\/a-tumba-abierta\/2019\/02\/27\/pruszkow\/","url":"https:\/\/www.cope.es\/blogs\/a-tumba-abierta\/2019\/02\/27\/pruszkow\/","name":"Comienza el Mundial de Ciclismo en Pista de Pruszkow","isPartOf":{"@id":"https:\/\/www.cope.es\/blogs\/a-tumba-abierta\/#website"},"primaryImageOfPage":{"@id":"https:\/\/www.cope.es\/blogs\/a-tumba-abierta\/2019\/02\/27\/pruszkow\/#primaryimage"},"image":{"@id":"https:\/\/www.cope.es\/blogs\/a-tumba-abierta\/2019\/02\/27\/pruszkow\/#primaryimage"},"thumbnailUrl":"https:\/\/www.cope.es\/blogs\/a-tumba-abierta\/wp-content\/uploads\/sites\/23\/2019\/02\/EuropaPress_1939791_Torres_y_Mora_lideran_una_selecci\u00f3n_espa\u00f1ola_de_nueve_pistards_para_el_Mundial_de_Pruszkow.jpg","datePublished":"2019-02-27T12:20:06+00:00","dateModified":"2019-10-10T08:56:33+00:00","author":{"@id":"https:\/\/www.cope.es\/blogs\/a-tumba-abierta\/#\/schema\/person\/413f6566db421693223476f6b63a643b"},"description":"Albert Torres y Sebasti\u00e1n Mora se perfilan como las principales bazas en el Campeonato del Mundo de Ciclismo en Pista que acoge la localidad de Pruszkow.","breadcrumb":{"@id":"https:\/\/www.cope.es\/blogs\/a-tumba-abierta\/2019\/02\/27\/pruszkow\/#breadcrumb"},"inLanguage":"es","potentialAction":[{"@type":"ReadAction","target":["https:\/\/www.cope.es\/blogs\/a-tumba-abierta\/2019\/02\/27\/pruszkow\/"]}]},{"@type":"ImageObject","inLanguage":"es","@id":"https:\/\/www.cope.es\/blogs\/a-tumba-abierta\/2019\/02\/27\/pruszkow\/#primaryimage","url":"https:\/\/www.cope.es\/blogs\/a-tumba-abierta\/wp-content\/uploads\/sites\/23\/2019\/02\/EuropaPress_1939791_Torres_y_Mora_lideran_una_selecci\u00f3n_espa\u00f1ola_de_nueve_pistards_para_el_Mundial_de_Pruszkow.jpg","contentUrl":"https:\/\/www.cope.es\/blogs\/a-tumba-abierta\/wp-content\/uploads\/sites\/23\/2019\/02\/EuropaPress_1939791_Torres_y_Mora_lideran_una_selecci\u00f3n_espa\u00f1ola_de_nueve_pistards_para_el_Mundial_de_Pruszkow.jpg","width":855,"height":481,"caption":"Albert Torres y Sebasti\u00e1n Mora se perfilan como las principales bazas al medallero de la selecci\u00f3n espa\u00f1ola en el Campeonato del Mundo de Ciclismo en Pista que acoge la localidad polaca de Pruszkow"},{"@type":"BreadcrumbList","@id":"https:\/\/www.cope.es\/blogs\/a-tumba-abierta\/2019\/02\/27\/pruszkow\/#breadcrumb","itemListElement":[{"@type":"ListItem","position":1,"name":"Portada","item":"https:\/\/www.cope.es\/blogs\/a-tumba-abierta\/"},{"@type":"ListItem","position":2,"name":"Comienza el Mundial de Ciclismo en Pista de Pruszkow"}]},{"@type":"WebSite","@id":"https:\/\/www.cope.es\/blogs\/a-tumba-abierta\/#website","url":"https:\/\/www.cope.es\/blogs\/a-tumba-abierta\/","name":"A Tumba Abierta","description":"Blog de ciclismo en COPE","potentialAction":[{"@type":"SearchAction","target":{"@type":"EntryPoint","urlTemplate":"https:\/\/www.cope.es\/blogs\/a-tumba-abierta\/?s={search_term_string}"},"query-input":{"@type":"PropertyValueSpecification","valueRequired":true,"valueName":"search_term_string"}}],"inLanguage":"es"},{"@type":"Person","@id":"https:\/\/www.cope.es\/blogs\/a-tumba-abierta\/#\/schema\/person\/413f6566db421693223476f6b63a643b","name":"Crist\u00f3bal Cabezas","image":{"@type":"ImageObject","inLanguage":"es","@id":"https:\/\/secure.gravatar.com\/avatar\/361550a2a3cac91688caa1b00f2a1fa4e89a6c4361562ca29a361ce0041974c2?s=96&d=mm&r=g","url":"https:\/\/secure.gravatar.com\/avatar\/361550a2a3cac91688caa1b00f2a1fa4e89a6c4361562ca29a361ce0041974c2?s=96&d=mm&r=g","contentUrl":"https:\/\/secure.gravatar.com\/avatar\/361550a2a3cac91688caa1b00f2a1fa4e89a6c4361562ca29a361ce0041974c2?s=96&d=mm&r=g","caption":"Crist\u00f3bal Cabezas"},"description":"Crist\u00f3bal Cabezas es Licenciado en Periodismo por la Universidad Complutense de Madrid y T\u00edtulo en T\u00e9cnico en Comunicaci\u00f3n Integral por la Universidad Francisco de Vitoria. Tras desempe\u00f1ar tareas informativas en diferentes medios, recal\u00f3 en la Cadena COPE en el a\u00f1o 2005. Desde entonces, ha trabajado en las emisoras de Madrid, Granada, Jaca (Huesca) y Toledo, en donde se incorpor\u00f3 en 2013 como Jefe de Informativos de la Cadena COPE en Castilla-La Mancha. Siempre tuvo claro que quer\u00eda ser periodista y, a esa afici\u00f3n, se uni\u00f3 la del ciclismo, deporte con el que ha disfrutado mucho, tanto a trav\u00e9s de los medios de comunicaci\u00f3n como asistiendo en directo a diferentes carreras ciclistas. El inter\u00e9s que siempre mostr\u00f3 con todo lo relacionado con Internet y las redes sociales, fue reconocido con el Premio \u201cD\u00eda de Internet\u201d en la categor\u00eda de \u201cMejor Periodista Digital\u201d por sus trabajos en la Cadena COPE. Precisamente, esa pasi\u00f3n por las nuevas tecnolog\u00edas, espera que sea el \u201cveh\u00edculo\u201d para poder contar \u201cA Tumba Abierta\u201d las mejores historias del deporte de las dos ruedas.","sameAs":["http:\/\/www.cope.es","https:\/\/es-es.facebook.com\/cristobal.cabezasmartin","https:\/\/x.com\/cristoblcabezas"],"url":"https:\/\/www.cope.es\/blogs\/a-tumba-abierta\/author\/ccabezas\/"}]}},"amp_enabled":true,"_links":{"self":[{"href":"https:\/\/www.cope.es\/blogs\/a-tumba-abierta\/wp-json\/wp\/v2\/posts\/588","targetHints":{"allow":["GET"]}}],"collection":[{"href":"https:\/\/www.cope.es\/blogs\/a-tumba-abierta\/wp-json\/wp\/v2\/posts"}],"about":[{"href":"https:\/\/www.cope.es\/blogs\/a-tumba-abierta\/wp-json\/wp\/v2\/types\/post"}],"author":[{"embeddable":true,"href":"https:\/\/www.cope.es\/blogs\/a-tumba-abierta\/wp-json\/wp\/v2\/users\/24"}],"replies":[{"embeddable":true,"href":"https:\/\/www.cope.es\/blogs\/a-tumba-abierta\/wp-json\/wp\/v2\/comments?post=588"}],"version-history":[{"count":2,"href":"https:\/\/www.cope.es\/blogs\/a-tumba-abierta\/wp-json\/wp\/v2\/posts\/588\/revisions"}],"predecessor-version":[{"id":653,"href":"https:\/\/www.cope.es\/blogs\/a-tumba-abierta\/wp-json\/wp\/v2\/posts\/588\/revisions\/653"}],"wp:featuredmedia":[{"embeddable":true,"href":"https:\/\/www.cope.es\/blogs\/a-tumba-abierta\/wp-json\/wp\/v2\/media\/589"}],"wp:attachment":[{"href":"https:\/\/www.cope.es\/blogs\/a-tumba-abierta\/wp-json\/wp\/v2\/media?parent=588"}],"wp:term":[{"taxonomy":"category","embeddable":true,"href":"https:\/\/www.cope.es\/blogs\/a-tumba-abierta\/wp-json\/wp\/v2\/categories?post=588"},{"taxonomy":"post_tag","embeddable":true,"href":"https:\/\/www.cope.es\/blogs\/a-tumba-abierta\/wp-json\/wp\/v2\/tags?post=588"}],"curies":[{"name":"wp","href":"https:\/\/api.w.org\/{rel}","templated":true}]}}