{"id":2340,"date":"2023-03-01T22:23:12","date_gmt":"2023-03-01T21:23:12","guid":{"rendered":"http:\/\/www.cope.es\/blogs\/a-tumba-abierta\/?p=2340"},"modified":"2023-03-01T23:26:02","modified_gmt":"2023-03-01T22:26:02","slug":"indurain-y-olano-entre-los-participantes-de-la-titan-desert-morocco-2023","status":"publish","type":"post","link":"https:\/\/www.cope.es\/blogs\/a-tumba-abierta\/2023\/03\/01\/indurain-y-olano-entre-los-participantes-de-la-titan-desert-morocco-2023\/","title":{"rendered":"Indur\u00e1in y Olano, entre los participantes de la Titan Desert Morocco 2023"},"content":{"rendered":"<p>El cinco veces ganador del Tour de Francia <strong>Miguel Indur\u00e1in<\/strong> y el campe\u00f3n del mundo en ruta y contrarreloj <strong>Abraham Olano<\/strong> participar\u00e1n en la Titan Desert Morocco 2023 con el objetivo de enfrentarse al desaf\u00edo del desierto en uno de los grandes eventos de la modalidad de bicicleta de monta\u00f1a. La cita se disputar\u00e1 del 30 de abril al 5 de mayo.<\/p>\n<p>Desde su primera edici\u00f3n, la aventura marroqu\u00ed ha sido muy llamativa para excorredores, tanto del ciclismo de monta\u00f1a como del de carretera, que quieren seguir midiendo sus fuerzas tras abandonar el profesionalismo.<\/p>\n<p>Nombres como <strong>Roberto Heras<\/strong> o <strong>Tomi Misser<\/strong> son historia de la prueba y otros como <strong>Claudio Chiappucci<\/strong>, <strong>Laurent Jalabert<\/strong>, <strong>Cadel Evans<\/strong> u <strong>\u00d3scar Pereiro<\/strong> se han atrevido tambi\u00e9n con el reto.<\/p>\n<p>En 2023, el cartel de participantes est\u00e1 plagado de nombres que son leyendas del ciclismo de ruta. Ganadores de grandes vueltas, campeones del mundo o incluso participantes que ostentan r\u00e9cords de pruebas de talla mundial.<\/p>\n<p>Entre ellos sobresale el que para muchos es el mejor ciclista espa\u00f1ol de la historia, Miguel Indur\u00e1in, as\u00ed como <strong>Melcior Mauri<\/strong>, todo un Titan Legend Platinum, con 14 participaciones y m\u00e1s de 7.500 kil\u00f3metros en pruebas de Titan World Series.<\/p>\n<p>Tambi\u00e9n destaca la participaci\u00f3n del franc\u00e9s <strong>Sylvain Chavanel<\/strong>, que tiene el honor de ostentar un r\u00e9cord en el Tour de France, siendo el ciclista que acumula m\u00e1s participaciones de la Grande Boucle, 18 en total.<\/p>\n<p>Con dos participaciones menos (16), <strong>Haimar Zubeldia<\/strong> sigue siendo el corredor espa\u00f1ol con m\u00e1s ediciones disputadas en la ronda francesa, mientras que <strong>Manuel &#8216;Triki&#8217; Beltr\u00e1n<\/strong> ser\u00e1 una de las caras m\u00e1s visibles y reconocibles del pelot\u00f3n Titan.<\/p>\n<p>La participaci\u00f3n de Indur\u00e1in y Olano en la Titan Desert Morocco 2023 es el principal asunto que te contamos este mi\u00e9rcoles, 1 de marzo, en <a href=\"https:\/\/www.cope.es\/blogs\/a-tumba-abierta\/\" target=\"_blank\">\u2018A Tumba Abierta\u2019<\/a>. No te pierdas la actualidad del deporte de las dos ruedas en el <strong>blog<\/strong> de ciclismo de la <strong>Cadena COPE<\/strong> dirigido por <strong>Crist\u00f3bal Cabezas<\/strong>.<\/p>\n","protected":false},"excerpt":{"rendered":"<p>El cinco veces ganador del Tour de Francia Miguel Indur\u00e1in y el campe\u00f3n del mundo en ruta y contrarreloj Abraham Olano participar\u00e1n en la Titan Desert Morocco 2023 con el objetivo de enfrentarse al desaf\u00edo del desierto en uno de los grandes eventos de la modalidad de bicicleta de monta\u00f1a. La cita se disputar\u00e1 del [&hellip;]<\/p>\n","protected":false},"author":24,"featured_media":2341,"comment_status":"open","ping_status":"open","sticky":false,"template":"","format":"standard","meta":{"footnotes":""},"categories":[140],"tags":[263,49,310],"class_list":["post-2340","post","type-post","status-publish","format-standard","has-post-thumbnail","hentry","category-actualidad","tag-abraham-olano","tag-miguel-indurain","tag-titan-desert"],"yoast_head":"<!-- This site is optimized with the Yoast SEO plugin v27.4 - https:\/\/yoast.com\/product\/yoast-seo-wordpress\/ -->\n<title>Indur\u00e1in y Olano, entre los participantes de la Titan Desert Morocco 2023<\/title>\n<meta name=\"description\" content=\"El cinco veces ganador del Tour Miguel Indur\u00e1in y el campe\u00f3n del mundo en ruta y contrarreloj Abraham Olano participar\u00e1n en la Titan Desert Morocco 2023.\" \/>\n<meta name=\"robots\" content=\"index, follow, max-snippet:-1, max-image-preview:large, max-video-preview:-1\" \/>\n<link rel=\"canonical\" href=\"https:\/\/www.cope.es\/blogs\/a-tumba-abierta\/2023\/03\/01\/indurain-y-olano-entre-los-participantes-de-la-titan-desert-morocco-2023\/\" \/>\n<meta property=\"og:locale\" content=\"es_ES\" \/>\n<meta property=\"og:type\" content=\"article\" \/>\n<meta property=\"og:title\" content=\"Indur\u00e1in y Olano, entre los participantes de la Titan Desert Morocco 2023\" \/>\n<meta property=\"og:description\" content=\"El cinco veces ganador del Tour Miguel Indur\u00e1in y el campe\u00f3n del mundo en ruta y contrarreloj Abraham Olano participar\u00e1n en la Titan Desert Morocco 2023.\" \/>\n<meta property=\"og:url\" content=\"https:\/\/www.cope.es\/blogs\/a-tumba-abierta\/2023\/03\/01\/indurain-y-olano-entre-los-participantes-de-la-titan-desert-morocco-2023\/\" \/>\n<meta property=\"og:site_name\" content=\"A Tumba Abierta\" \/>\n<meta property=\"article:publisher\" content=\"https:\/\/www.facebook.com\/cope\/\" \/>\n<meta property=\"article:author\" content=\"https:\/\/es-es.facebook.com\/cristobal.cabezasmartin\" \/>\n<meta property=\"article:published_time\" content=\"2023-03-01T21:23:12+00:00\" \/>\n<meta property=\"article:modified_time\" content=\"2023-03-01T22:26:02+00:00\" \/>\n<meta property=\"og:image\" content=\"https:\/\/www.cope.es\/blogs\/a-tumba-abierta\/wp-content\/uploads\/sites\/23\/2023\/03\/okindurain.jpg\" \/>\n\t<meta property=\"og:image:width\" content=\"1915\" \/>\n\t<meta property=\"og:image:height\" content=\"819\" \/>\n\t<meta property=\"og:image:type\" content=\"image\/jpeg\" \/>\n<meta name=\"author\" content=\"Crist\u00f3bal Cabezas\" \/>\n<meta name=\"twitter:card\" content=\"summary_large_image\" \/>\n<meta name=\"twitter:creator\" content=\"@cristoblcabezas\" \/>\n<meta name=\"twitter:site\" content=\"@cope_es\" \/>\n<meta name=\"twitter:label1\" content=\"Escrito por\" \/>\n\t<meta name=\"twitter:data1\" content=\"Crist\u00f3bal Cabezas\" \/>\n\t<meta name=\"twitter:label2\" content=\"Tiempo de lectura\" \/>\n\t<meta name=\"twitter:data2\" content=\"2 minutos\" \/>\n<script type=\"application\/ld+json\" class=\"yoast-schema-graph\">{\"@context\":\"https:\\\/\\\/schema.org\",\"@graph\":[{\"@type\":\"Article\",\"@id\":\"https:\\\/\\\/www.cope.es\\\/blogs\\\/a-tumba-abierta\\\/2023\\\/03\\\/01\\\/indurain-y-olano-entre-los-participantes-de-la-titan-desert-morocco-2023\\\/#article\",\"isPartOf\":{\"@id\":\"https:\\\/\\\/www.cope.es\\\/blogs\\\/a-tumba-abierta\\\/2023\\\/03\\\/01\\\/indurain-y-olano-entre-los-participantes-de-la-titan-desert-morocco-2023\\\/\"},\"author\":{\"name\":\"Crist\u00f3bal Cabezas\",\"@id\":\"https:\\\/\\\/www.cope.es\\\/blogs\\\/a-tumba-abierta\\\/#\\\/schema\\\/person\\\/413f6566db421693223476f6b63a643b\"},\"headline\":\"Indur\u00e1in y Olano, entre los participantes de la Titan Desert Morocco 2023\",\"datePublished\":\"2023-03-01T21:23:12+00:00\",\"dateModified\":\"2023-03-01T22:26:02+00:00\",\"mainEntityOfPage\":{\"@id\":\"https:\\\/\\\/www.cope.es\\\/blogs\\\/a-tumba-abierta\\\/2023\\\/03\\\/01\\\/indurain-y-olano-entre-los-participantes-de-la-titan-desert-morocco-2023\\\/\"},\"wordCount\":353,\"commentCount\":0,\"image\":{\"@id\":\"https:\\\/\\\/www.cope.es\\\/blogs\\\/a-tumba-abierta\\\/2023\\\/03\\\/01\\\/indurain-y-olano-entre-los-participantes-de-la-titan-desert-morocco-2023\\\/#primaryimage\"},\"thumbnailUrl\":\"https:\\\/\\\/www.cope.es\\\/blogs\\\/a-tumba-abierta\\\/wp-content\\\/uploads\\\/sites\\\/23\\\/2023\\\/03\\\/okindurain.jpg\",\"keywords\":[\"Abraham Olano\",\"Miguel Indur\u00e1in\",\"Titan Desert\"],\"articleSection\":[\"Actualidad\"],\"inLanguage\":\"es\",\"potentialAction\":[{\"@type\":\"CommentAction\",\"name\":\"Comment\",\"target\":[\"https:\\\/\\\/www.cope.es\\\/blogs\\\/a-tumba-abierta\\\/2023\\\/03\\\/01\\\/indurain-y-olano-entre-los-participantes-de-la-titan-desert-morocco-2023\\\/#respond\"]}]},{\"@type\":\"WebPage\",\"@id\":\"https:\\\/\\\/www.cope.es\\\/blogs\\\/a-tumba-abierta\\\/2023\\\/03\\\/01\\\/indurain-y-olano-entre-los-participantes-de-la-titan-desert-morocco-2023\\\/\",\"url\":\"https:\\\/\\\/www.cope.es\\\/blogs\\\/a-tumba-abierta\\\/2023\\\/03\\\/01\\\/indurain-y-olano-entre-los-participantes-de-la-titan-desert-morocco-2023\\\/\",\"name\":\"Indur\u00e1in y Olano, entre los participantes de la Titan Desert Morocco 2023\",\"isPartOf\":{\"@id\":\"https:\\\/\\\/www.cope.es\\\/blogs\\\/a-tumba-abierta\\\/#website\"},\"primaryImageOfPage\":{\"@id\":\"https:\\\/\\\/www.cope.es\\\/blogs\\\/a-tumba-abierta\\\/2023\\\/03\\\/01\\\/indurain-y-olano-entre-los-participantes-de-la-titan-desert-morocco-2023\\\/#primaryimage\"},\"image\":{\"@id\":\"https:\\\/\\\/www.cope.es\\\/blogs\\\/a-tumba-abierta\\\/2023\\\/03\\\/01\\\/indurain-y-olano-entre-los-participantes-de-la-titan-desert-morocco-2023\\\/#primaryimage\"},\"thumbnailUrl\":\"https:\\\/\\\/www.cope.es\\\/blogs\\\/a-tumba-abierta\\\/wp-content\\\/uploads\\\/sites\\\/23\\\/2023\\\/03\\\/okindurain.jpg\",\"datePublished\":\"2023-03-01T21:23:12+00:00\",\"dateModified\":\"2023-03-01T22:26:02+00:00\",\"author\":{\"@id\":\"https:\\\/\\\/www.cope.es\\\/blogs\\\/a-tumba-abierta\\\/#\\\/schema\\\/person\\\/413f6566db421693223476f6b63a643b\"},\"description\":\"El cinco veces ganador del Tour Miguel Indur\u00e1in y el campe\u00f3n del mundo en ruta y contrarreloj Abraham Olano participar\u00e1n en la Titan Desert Morocco 2023.\",\"breadcrumb\":{\"@id\":\"https:\\\/\\\/www.cope.es\\\/blogs\\\/a-tumba-abierta\\\/2023\\\/03\\\/01\\\/indurain-y-olano-entre-los-participantes-de-la-titan-desert-morocco-2023\\\/#breadcrumb\"},\"inLanguage\":\"es\",\"potentialAction\":[{\"@type\":\"ReadAction\",\"target\":[\"https:\\\/\\\/www.cope.es\\\/blogs\\\/a-tumba-abierta\\\/2023\\\/03\\\/01\\\/indurain-y-olano-entre-los-participantes-de-la-titan-desert-morocco-2023\\\/\"]}]},{\"@type\":\"ImageObject\",\"inLanguage\":\"es\",\"@id\":\"https:\\\/\\\/www.cope.es\\\/blogs\\\/a-tumba-abierta\\\/2023\\\/03\\\/01\\\/indurain-y-olano-entre-los-participantes-de-la-titan-desert-morocco-2023\\\/#primaryimage\",\"url\":\"https:\\\/\\\/www.cope.es\\\/blogs\\\/a-tumba-abierta\\\/wp-content\\\/uploads\\\/sites\\\/23\\\/2023\\\/03\\\/okindurain.jpg\",\"contentUrl\":\"https:\\\/\\\/www.cope.es\\\/blogs\\\/a-tumba-abierta\\\/wp-content\\\/uploads\\\/sites\\\/23\\\/2023\\\/03\\\/okindurain.jpg\",\"width\":1915,\"height\":819,\"caption\":\"El cinco veces ganador del Tour de Francia Miguel Indur\u00e1in y el campe\u00f3n del mundo en ruta y contrarreloj Abraham Olano participar\u00e1n en la Skoda Titan Desert Morocco 2023.\"},{\"@type\":\"BreadcrumbList\",\"@id\":\"https:\\\/\\\/www.cope.es\\\/blogs\\\/a-tumba-abierta\\\/2023\\\/03\\\/01\\\/indurain-y-olano-entre-los-participantes-de-la-titan-desert-morocco-2023\\\/#breadcrumb\",\"itemListElement\":[{\"@type\":\"ListItem\",\"position\":1,\"name\":\"Portada\",\"item\":\"https:\\\/\\\/www.cope.es\\\/blogs\\\/a-tumba-abierta\\\/\"},{\"@type\":\"ListItem\",\"position\":2,\"name\":\"Indur\u00e1in y Olano, entre los participantes de la Titan Desert Morocco 2023\"}]},{\"@type\":\"WebSite\",\"@id\":\"https:\\\/\\\/www.cope.es\\\/blogs\\\/a-tumba-abierta\\\/#website\",\"url\":\"https:\\\/\\\/www.cope.es\\\/blogs\\\/a-tumba-abierta\\\/\",\"name\":\"A Tumba Abierta\",\"description\":\"Blog de ciclismo en COPE\",\"potentialAction\":[{\"@type\":\"SearchAction\",\"target\":{\"@type\":\"EntryPoint\",\"urlTemplate\":\"https:\\\/\\\/www.cope.es\\\/blogs\\\/a-tumba-abierta\\\/?s={search_term_string}\"},\"query-input\":{\"@type\":\"PropertyValueSpecification\",\"valueRequired\":true,\"valueName\":\"search_term_string\"}}],\"inLanguage\":\"es\"},{\"@type\":\"Person\",\"@id\":\"https:\\\/\\\/www.cope.es\\\/blogs\\\/a-tumba-abierta\\\/#\\\/schema\\\/person\\\/413f6566db421693223476f6b63a643b\",\"name\":\"Crist\u00f3bal Cabezas\",\"image\":{\"@type\":\"ImageObject\",\"inLanguage\":\"es\",\"@id\":\"https:\\\/\\\/secure.gravatar.com\\\/avatar\\\/361550a2a3cac91688caa1b00f2a1fa4e89a6c4361562ca29a361ce0041974c2?s=96&d=mm&r=g\",\"url\":\"https:\\\/\\\/secure.gravatar.com\\\/avatar\\\/361550a2a3cac91688caa1b00f2a1fa4e89a6c4361562ca29a361ce0041974c2?s=96&d=mm&r=g\",\"contentUrl\":\"https:\\\/\\\/secure.gravatar.com\\\/avatar\\\/361550a2a3cac91688caa1b00f2a1fa4e89a6c4361562ca29a361ce0041974c2?s=96&d=mm&r=g\",\"caption\":\"Crist\u00f3bal Cabezas\"},\"description\":\"Crist\u00f3bal Cabezas es Licenciado en Periodismo por la Universidad Complutense de Madrid y T\u00edtulo en T\u00e9cnico en Comunicaci\u00f3n Integral por la Universidad Francisco de Vitoria. Tras desempe\u00f1ar tareas informativas en diferentes medios, recal\u00f3 en la Cadena COPE en el a\u00f1o 2005. Desde entonces, ha trabajado en las emisoras de Madrid, Granada, Jaca (Huesca) y Toledo, en donde se incorpor\u00f3 en 2013 como Jefe de Informativos de la Cadena COPE en Castilla-La Mancha. Siempre tuvo claro que quer\u00eda ser periodista y, a esa afici\u00f3n, se uni\u00f3 la del ciclismo, deporte con el que ha disfrutado mucho, tanto a trav\u00e9s de los medios de comunicaci\u00f3n como asistiendo en directo a diferentes carreras ciclistas. El inter\u00e9s que siempre mostr\u00f3 con todo lo relacionado con Internet y las redes sociales, fue reconocido con el Premio \u201cD\u00eda de Internet\u201d en la categor\u00eda de \u201cMejor Periodista Digital\u201d por sus trabajos en la Cadena COPE. Precisamente, esa pasi\u00f3n por las nuevas tecnolog\u00edas, espera que sea el \u201cveh\u00edculo\u201d para poder contar \u201cA Tumba Abierta\u201d las mejores historias del deporte de las dos ruedas.\",\"sameAs\":[\"http:\\\/\\\/www.cope.es\",\"https:\\\/\\\/es-es.facebook.com\\\/cristobal.cabezasmartin\",\"https:\\\/\\\/x.com\\\/cristoblcabezas\"],\"url\":\"https:\\\/\\\/www.cope.es\\\/blogs\\\/a-tumba-abierta\\\/author\\\/ccabezas\\\/\"}]}<\/script>\n<!-- \/ Yoast SEO plugin. -->","yoast_head_json":{"title":"Indur\u00e1in y Olano, entre los participantes de la Titan Desert Morocco 2023","description":"El cinco veces ganador del Tour Miguel Indur\u00e1in y el campe\u00f3n del mundo en ruta y contrarreloj Abraham Olano participar\u00e1n en la Titan Desert Morocco 2023.","robots":{"index":"index","follow":"follow","max-snippet":"max-snippet:-1","max-image-preview":"max-image-preview:large","max-video-preview":"max-video-preview:-1"},"canonical":"https:\/\/www.cope.es\/blogs\/a-tumba-abierta\/2023\/03\/01\/indurain-y-olano-entre-los-participantes-de-la-titan-desert-morocco-2023\/","og_locale":"es_ES","og_type":"article","og_title":"Indur\u00e1in y Olano, entre los participantes de la Titan Desert Morocco 2023","og_description":"El cinco veces ganador del Tour Miguel Indur\u00e1in y el campe\u00f3n del mundo en ruta y contrarreloj Abraham Olano participar\u00e1n en la Titan Desert Morocco 2023.","og_url":"https:\/\/www.cope.es\/blogs\/a-tumba-abierta\/2023\/03\/01\/indurain-y-olano-entre-los-participantes-de-la-titan-desert-morocco-2023\/","og_site_name":"A Tumba Abierta","article_publisher":"https:\/\/www.facebook.com\/cope\/","article_author":"https:\/\/es-es.facebook.com\/cristobal.cabezasmartin","article_published_time":"2023-03-01T21:23:12+00:00","article_modified_time":"2023-03-01T22:26:02+00:00","og_image":[{"width":1915,"height":819,"url":"https:\/\/www.cope.es\/blogs\/a-tumba-abierta\/wp-content\/uploads\/sites\/23\/2023\/03\/okindurain.jpg","type":"image\/jpeg"}],"author":"Crist\u00f3bal Cabezas","twitter_card":"summary_large_image","twitter_creator":"@cristoblcabezas","twitter_site":"@cope_es","twitter_misc":{"Escrito por":"Crist\u00f3bal Cabezas","Tiempo de lectura":"2 minutos"},"schema":{"@context":"https:\/\/schema.org","@graph":[{"@type":"Article","@id":"https:\/\/www.cope.es\/blogs\/a-tumba-abierta\/2023\/03\/01\/indurain-y-olano-entre-los-participantes-de-la-titan-desert-morocco-2023\/#article","isPartOf":{"@id":"https:\/\/www.cope.es\/blogs\/a-tumba-abierta\/2023\/03\/01\/indurain-y-olano-entre-los-participantes-de-la-titan-desert-morocco-2023\/"},"author":{"name":"Crist\u00f3bal Cabezas","@id":"https:\/\/www.cope.es\/blogs\/a-tumba-abierta\/#\/schema\/person\/413f6566db421693223476f6b63a643b"},"headline":"Indur\u00e1in y Olano, entre los participantes de la Titan Desert Morocco 2023","datePublished":"2023-03-01T21:23:12+00:00","dateModified":"2023-03-01T22:26:02+00:00","mainEntityOfPage":{"@id":"https:\/\/www.cope.es\/blogs\/a-tumba-abierta\/2023\/03\/01\/indurain-y-olano-entre-los-participantes-de-la-titan-desert-morocco-2023\/"},"wordCount":353,"commentCount":0,"image":{"@id":"https:\/\/www.cope.es\/blogs\/a-tumba-abierta\/2023\/03\/01\/indurain-y-olano-entre-los-participantes-de-la-titan-desert-morocco-2023\/#primaryimage"},"thumbnailUrl":"https:\/\/www.cope.es\/blogs\/a-tumba-abierta\/wp-content\/uploads\/sites\/23\/2023\/03\/okindurain.jpg","keywords":["Abraham Olano","Miguel Indur\u00e1in","Titan Desert"],"articleSection":["Actualidad"],"inLanguage":"es","potentialAction":[{"@type":"CommentAction","name":"Comment","target":["https:\/\/www.cope.es\/blogs\/a-tumba-abierta\/2023\/03\/01\/indurain-y-olano-entre-los-participantes-de-la-titan-desert-morocco-2023\/#respond"]}]},{"@type":"WebPage","@id":"https:\/\/www.cope.es\/blogs\/a-tumba-abierta\/2023\/03\/01\/indurain-y-olano-entre-los-participantes-de-la-titan-desert-morocco-2023\/","url":"https:\/\/www.cope.es\/blogs\/a-tumba-abierta\/2023\/03\/01\/indurain-y-olano-entre-los-participantes-de-la-titan-desert-morocco-2023\/","name":"Indur\u00e1in y Olano, entre los participantes de la Titan Desert Morocco 2023","isPartOf":{"@id":"https:\/\/www.cope.es\/blogs\/a-tumba-abierta\/#website"},"primaryImageOfPage":{"@id":"https:\/\/www.cope.es\/blogs\/a-tumba-abierta\/2023\/03\/01\/indurain-y-olano-entre-los-participantes-de-la-titan-desert-morocco-2023\/#primaryimage"},"image":{"@id":"https:\/\/www.cope.es\/blogs\/a-tumba-abierta\/2023\/03\/01\/indurain-y-olano-entre-los-participantes-de-la-titan-desert-morocco-2023\/#primaryimage"},"thumbnailUrl":"https:\/\/www.cope.es\/blogs\/a-tumba-abierta\/wp-content\/uploads\/sites\/23\/2023\/03\/okindurain.jpg","datePublished":"2023-03-01T21:23:12+00:00","dateModified":"2023-03-01T22:26:02+00:00","author":{"@id":"https:\/\/www.cope.es\/blogs\/a-tumba-abierta\/#\/schema\/person\/413f6566db421693223476f6b63a643b"},"description":"El cinco veces ganador del Tour Miguel Indur\u00e1in y el campe\u00f3n del mundo en ruta y contrarreloj Abraham Olano participar\u00e1n en la Titan Desert Morocco 2023.","breadcrumb":{"@id":"https:\/\/www.cope.es\/blogs\/a-tumba-abierta\/2023\/03\/01\/indurain-y-olano-entre-los-participantes-de-la-titan-desert-morocco-2023\/#breadcrumb"},"inLanguage":"es","potentialAction":[{"@type":"ReadAction","target":["https:\/\/www.cope.es\/blogs\/a-tumba-abierta\/2023\/03\/01\/indurain-y-olano-entre-los-participantes-de-la-titan-desert-morocco-2023\/"]}]},{"@type":"ImageObject","inLanguage":"es","@id":"https:\/\/www.cope.es\/blogs\/a-tumba-abierta\/2023\/03\/01\/indurain-y-olano-entre-los-participantes-de-la-titan-desert-morocco-2023\/#primaryimage","url":"https:\/\/www.cope.es\/blogs\/a-tumba-abierta\/wp-content\/uploads\/sites\/23\/2023\/03\/okindurain.jpg","contentUrl":"https:\/\/www.cope.es\/blogs\/a-tumba-abierta\/wp-content\/uploads\/sites\/23\/2023\/03\/okindurain.jpg","width":1915,"height":819,"caption":"El cinco veces ganador del Tour de Francia Miguel Indur\u00e1in y el campe\u00f3n del mundo en ruta y contrarreloj Abraham Olano participar\u00e1n en la Skoda Titan Desert Morocco 2023."},{"@type":"BreadcrumbList","@id":"https:\/\/www.cope.es\/blogs\/a-tumba-abierta\/2023\/03\/01\/indurain-y-olano-entre-los-participantes-de-la-titan-desert-morocco-2023\/#breadcrumb","itemListElement":[{"@type":"ListItem","position":1,"name":"Portada","item":"https:\/\/www.cope.es\/blogs\/a-tumba-abierta\/"},{"@type":"ListItem","position":2,"name":"Indur\u00e1in y Olano, entre los participantes de la Titan Desert Morocco 2023"}]},{"@type":"WebSite","@id":"https:\/\/www.cope.es\/blogs\/a-tumba-abierta\/#website","url":"https:\/\/www.cope.es\/blogs\/a-tumba-abierta\/","name":"A Tumba Abierta","description":"Blog de ciclismo en COPE","potentialAction":[{"@type":"SearchAction","target":{"@type":"EntryPoint","urlTemplate":"https:\/\/www.cope.es\/blogs\/a-tumba-abierta\/?s={search_term_string}"},"query-input":{"@type":"PropertyValueSpecification","valueRequired":true,"valueName":"search_term_string"}}],"inLanguage":"es"},{"@type":"Person","@id":"https:\/\/www.cope.es\/blogs\/a-tumba-abierta\/#\/schema\/person\/413f6566db421693223476f6b63a643b","name":"Crist\u00f3bal Cabezas","image":{"@type":"ImageObject","inLanguage":"es","@id":"https:\/\/secure.gravatar.com\/avatar\/361550a2a3cac91688caa1b00f2a1fa4e89a6c4361562ca29a361ce0041974c2?s=96&d=mm&r=g","url":"https:\/\/secure.gravatar.com\/avatar\/361550a2a3cac91688caa1b00f2a1fa4e89a6c4361562ca29a361ce0041974c2?s=96&d=mm&r=g","contentUrl":"https:\/\/secure.gravatar.com\/avatar\/361550a2a3cac91688caa1b00f2a1fa4e89a6c4361562ca29a361ce0041974c2?s=96&d=mm&r=g","caption":"Crist\u00f3bal Cabezas"},"description":"Crist\u00f3bal Cabezas es Licenciado en Periodismo por la Universidad Complutense de Madrid y T\u00edtulo en T\u00e9cnico en Comunicaci\u00f3n Integral por la Universidad Francisco de Vitoria. Tras desempe\u00f1ar tareas informativas en diferentes medios, recal\u00f3 en la Cadena COPE en el a\u00f1o 2005. Desde entonces, ha trabajado en las emisoras de Madrid, Granada, Jaca (Huesca) y Toledo, en donde se incorpor\u00f3 en 2013 como Jefe de Informativos de la Cadena COPE en Castilla-La Mancha. Siempre tuvo claro que quer\u00eda ser periodista y, a esa afici\u00f3n, se uni\u00f3 la del ciclismo, deporte con el que ha disfrutado mucho, tanto a trav\u00e9s de los medios de comunicaci\u00f3n como asistiendo en directo a diferentes carreras ciclistas. El inter\u00e9s que siempre mostr\u00f3 con todo lo relacionado con Internet y las redes sociales, fue reconocido con el Premio \u201cD\u00eda de Internet\u201d en la categor\u00eda de \u201cMejor Periodista Digital\u201d por sus trabajos en la Cadena COPE. Precisamente, esa pasi\u00f3n por las nuevas tecnolog\u00edas, espera que sea el \u201cveh\u00edculo\u201d para poder contar \u201cA Tumba Abierta\u201d las mejores historias del deporte de las dos ruedas.","sameAs":["http:\/\/www.cope.es","https:\/\/es-es.facebook.com\/cristobal.cabezasmartin","https:\/\/x.com\/cristoblcabezas"],"url":"https:\/\/www.cope.es\/blogs\/a-tumba-abierta\/author\/ccabezas\/"}]}},"amp_enabled":true,"_links":{"self":[{"href":"https:\/\/www.cope.es\/blogs\/a-tumba-abierta\/wp-json\/wp\/v2\/posts\/2340","targetHints":{"allow":["GET"]}}],"collection":[{"href":"https:\/\/www.cope.es\/blogs\/a-tumba-abierta\/wp-json\/wp\/v2\/posts"}],"about":[{"href":"https:\/\/www.cope.es\/blogs\/a-tumba-abierta\/wp-json\/wp\/v2\/types\/post"}],"author":[{"embeddable":true,"href":"https:\/\/www.cope.es\/blogs\/a-tumba-abierta\/wp-json\/wp\/v2\/users\/24"}],"replies":[{"embeddable":true,"href":"https:\/\/www.cope.es\/blogs\/a-tumba-abierta\/wp-json\/wp\/v2\/comments?post=2340"}],"version-history":[{"count":2,"href":"https:\/\/www.cope.es\/blogs\/a-tumba-abierta\/wp-json\/wp\/v2\/posts\/2340\/revisions"}],"predecessor-version":[{"id":2346,"href":"https:\/\/www.cope.es\/blogs\/a-tumba-abierta\/wp-json\/wp\/v2\/posts\/2340\/revisions\/2346"}],"wp:featuredmedia":[{"embeddable":true,"href":"https:\/\/www.cope.es\/blogs\/a-tumba-abierta\/wp-json\/wp\/v2\/media\/2341"}],"wp:attachment":[{"href":"https:\/\/www.cope.es\/blogs\/a-tumba-abierta\/wp-json\/wp\/v2\/media?parent=2340"}],"wp:term":[{"taxonomy":"category","embeddable":true,"href":"https:\/\/www.cope.es\/blogs\/a-tumba-abierta\/wp-json\/wp\/v2\/categories?post=2340"},{"taxonomy":"post_tag","embeddable":true,"href":"https:\/\/www.cope.es\/blogs\/a-tumba-abierta\/wp-json\/wp\/v2\/tags?post=2340"}],"curies":[{"name":"wp","href":"https:\/\/api.w.org\/{rel}","templated":true}]}}